{"id":185423,"date":"2026-04-28T12:25:01","date_gmt":"2026-04-28T10:25:01","guid":{"rendered":"https:\/\/newmobility.news\/?p=185423"},"modified":"2026-04-28T11:47:02","modified_gmt":"2026-04-28T09:47:02","slug":"12-million-passengers-for-liege-tram-but-17-ride-without-paying","status":"publish","type":"post","link":"https:\/\/newmobility.news\/en\/2026\/04\/28\/12-million-passengers-for-liege-tram-but-17-ride-without-paying\/","title":{"rendered":"12 Million passengers for Li\u00e8ge tram, but 17% ride without paying"},"content":{"rendered":"After one year of tram service in Li\u00e8ge, operator LETEC. can report positive figures. This is evident from the official final balance sheet, which La Derni\u00e8re Heure, RTBF, and others reviewed. A total of 12 million riders used the tram, or about 1 million per month. The satisfaction rate stood at <div class=\"leaky_paywall_message_wrap\"><div id=\"leaky_paywall_message\"><img data-recalc-dims=\"1\" decoding=\"async\" class=\"nag_logo\" src=\"https:\/\/i0.wp.com\/newmobility.news\/wp-content\/uploads\/2022\/02\/nmn-logo-long-transparent-small-4.png?w=300&#038;ssl=1\"  alt=\"New Mobility News\" \/>\r\n\r\n<h2 class=\"text-center\">\r\n\tRead this article now for free!\r\n<\/h2>\r\nRegister a free account and gain access to this article and get more from New Mobility\r\n\n\t\t<div id=\"leaky-paywall-quick-register\" class=\"inline\">\n\t\t\t<form id=\"leaky-paywall-quick-register-form\" method=\"POST\" action=\"\">\n\n\t\t\t\t\n\t\t\t\t\n\t\t\t\t\n\t\t\t\t<p class=\"form-field email-field\">\n\t\t\t\t\t<label for=\"email\">Email<\/label>\n\t\t\t\t\t<input class=\"email\" type=\"email\" name=\"email\" placeholder=\"Enter your email address\" value=\"\" required>\n\t\t\t\t<\/p>\n\n\t\t\t\t\t\t\t\t\t<p class=\"form-field password-field\">\n\t\t\t\t\t\t<label for=\"password\">Password<\/label>\n\t\t\t\t\t\t<input class=\"password\" type=\"password\" name=\"password\" placeholder=\"Create a password\" value=\"\" required>\n\t\t\t\t\t<\/p>\n\t\t\t\t\n\t\t\t\t\n\t\t\t\t<input name=\"company_url\" type=\"text\" value=\"\" autocomplete=\"off\" tabindex=\"-1\" style=\"display:none !important; position:absolute; left:-9999px;\" \/>\n\n\t\t\t\t<input type=\"hidden\" name=\"level_id\" value=\"20\">\n\n\t\t\t\t<input type=\"submit\" value=\"Register for free\">\n\n\t\t\t\t\n\t\t\t<\/form>\n\n\t\t\t<div id=\"leaky-paywall-quick-register-errors\"><\/div>\n\t\t<\/div>\n\n\r\n\r\n<p class=\"text-center\"><strong>\u2014 OR \u2014<\/strong>\r\n\r\n<p class=\"text-center\"><strong>Subscribe now<\/strong> Get unlimited access to the original content of our publishing partners, be alerted on breaking news and get a daily business summary, composed by our specialist journalists, of the top stories about your sector you have to read.<\/p>\r\n\r\n<div class=\"nag_buttons\">\r\n\t<a class=\"button\" href=\"https:\/\/newmobility.news\/subscription\">Subscribe Now<\/a> \r\n\t<span class=\"nag_button_divider\"> or <\/span> \r\n\t<a href=\"https:\/\/newmobility.news\/en\/log-in\/\">SIGN IN<\/a>\r\n<\/div><\/div><\/div>","protected":false},"excerpt":{"rendered":"<p>After one year of tram service in Li\u00e8ge, operator LETEC. can report positive figures. This is evident from the official final balance sheet, which La Derni\u00e8re Heure, RTBF, and others reviewed. A total of 12 million riders used the tram, or about 1 million per month. The satisfaction rate stood at Read this article now [&hellip;]<\/p>\n","protected":false},"author":164,"featured_media":185448,"comment_status":"closed","ping_status":"closed","sticky":false,"template":"","format":"standard","meta":{"_acf_changed":false,"jetpack_post_was_ever_published":false,"_jetpack_newsletter_access":"","_jetpack_dont_email_post_to_subs":false,"_jetpack_newsletter_tier_id":0,"_jetpack_memberships_contains_paywalled_content":false,"_jetpack_memberships_contains_paid_content":false,"footnotes":"","jetpack_publicize_message":"","jetpack_publicize_feature_enabled":true,"jetpack_social_post_already_shared":true,"jetpack_social_options":{"image_generator_settings":{"template":"highway","default_image_id":0,"font":"","enabled":false},"version":2},"_wpas_customize_per_network":false},"categories":[77170,7,26,61],"tags":[],"class_list":["post-185423","post","type-post","status-publish","format-standard","has-post-thumbnail","hentry","category-belgium","category-mobility","category-public-transport","category-transport"],"acf":[],"featured_image_urls_v2":{"full":["https:\/\/i0.wp.com\/newmobility.news\/wp-content\/uploads\/2026\/04\/tram-18-02-25.png?fit=2560%2C1707&ssl=1",2560,1707,false],"thumbnail":["https:\/\/i0.wp.com\/newmobility.news\/wp-content\/uploads\/2026\/04\/tram-18-02-25.png?resize=150%2C150&ssl=1",150,150,true],"medium":["https:\/\/i0.wp.com\/newmobility.news\/wp-content\/uploads\/2026\/04\/tram-18-02-25.png?fit=300%2C200&ssl=1",300,200,true],"medium_large":["https:\/\/i0.wp.com\/newmobility.news\/wp-content\/uploads\/2026\/04\/tram-18-02-25.png?fit=640%2C427&ssl=1",640,427,true],"large":["https:\/\/i0.wp.com\/newmobility.news\/wp-content\/uploads\/2026\/04\/tram-18-02-25.png?fit=640%2C427&ssl=1",640,427,true],"1536x1536":["https:\/\/i0.wp.com\/newmobility.news\/wp-content\/uploads\/2026\/04\/tram-18-02-25.png?fit=1536%2C1024&ssl=1",1536,1024,true],"2048x2048":["https:\/\/i0.wp.com\/newmobility.news\/wp-content\/uploads\/2026\/04\/tram-18-02-25.png?fit=2048%2C1366&ssl=1",2048,1366,true],"trp-custom-language-flag":["https:\/\/i0.wp.com\/newmobility.news\/wp-content\/uploads\/2026\/04\/tram-18-02-25.png?fit=18%2C12&ssl=1",18,12,true],"related-thumb":["https:\/\/i0.wp.com\/newmobility.news\/wp-content\/uploads\/2026\/04\/tram-18-02-25.png?resize=640%2C480&ssl=1",640,480,true],"gform-image-choice-sm":["https:\/\/i0.wp.com\/newmobility.news\/wp-content\/uploads\/2026\/04\/tram-18-02-25.png?resize=300%2C300&ssl=1",300,300,true],"gform-image-choice-md":["https:\/\/i0.wp.com\/newmobility.news\/wp-content\/uploads\/2026\/04\/tram-18-02-25.png?resize=400%2C400&ssl=1",400,400,true],"gform-image-choice-lg":["https:\/\/i0.wp.com\/newmobility.news\/wp-content\/uploads\/2026\/04\/tram-18-02-25.png?resize=600%2C600&ssl=1",600,600,true],"mailchimp":["https:\/\/i0.wp.com\/newmobility.news\/wp-content\/uploads\/2026\/04\/tram-18-02-25.png?fit=560%2C373&ssl=1",560,373,true],"unipress-phone":["https:\/\/i0.wp.com\/newmobility.news\/wp-content\/uploads\/2026\/04\/tram-18-02-25.png?resize=640%2C100&ssl=1",640,100,true],"unipress-tablet":["https:\/\/i0.wp.com\/newmobility.news\/wp-content\/uploads\/2026\/04\/tram-18-02-25.png?resize=1536%2C240&ssl=1",1536,240,true],"unipress-tablet-portrait":["https:\/\/i0.wp.com\/newmobility.news\/wp-content\/uploads\/2026\/04\/tram-18-02-25.png?resize=1536%2C180&ssl=1",1536,180,true],"unipress-tablet-landscape":["https:\/\/i0.wp.com\/newmobility.news\/wp-content\/uploads\/2026\/04\/tram-18-02-25.png?resize=2048%2C180&ssl=1",2048,180,true],"unipress-smartphone":["https:\/\/i0.wp.com\/newmobility.news\/wp-content\/uploads\/2026\/04\/tram-18-02-25.png?resize=1080%2C168&ssl=1",1080,168,true],"unipress-wide-screen":["https:\/\/i0.wp.com\/newmobility.news\/wp-content\/uploads\/2026\/04\/tram-18-02-25.png?resize=2560%2C180&ssl=1",2560,180,true]},"post_excerpt_stackable_v2":"<p>After one year of tram service in Li\u00e8ge, operator LETEC. can report positive figures. This is evident from the official final balance sheet, which La Derni\u00e8re Heure, RTBF, and others reviewed. A total of 12 million riders used the tram, or about 1 million per month. The satisfaction rate stood at Read this article now for free! Register a free account and gain access to this article and get more from New Mobility Email Password \u2014 OR \u2014 Subscribe now Get unlimited access to the original content of our publishing partners, be alerted on breaking news and get a daily&hellip;<\/p>\n","category_list_v2":"<a href=\"https:\/\/newmobility.news\/en\/category\/belgium\/\" rel=\"category tag\">Belgium<\/a>, <a href=\"https:\/\/newmobility.news\/en\/category\/mobility\/\" rel=\"category tag\">Mobility<\/a>, <a href=\"https:\/\/newmobility.news\/en\/category\/public-transport\/\" rel=\"category tag\">Public transport<\/a>, <a href=\"https:\/\/newmobility.news\/en\/category\/transport\/\" rel=\"category tag\">Transport<\/a>","author_info_v2":{"name":"Luc Joris","url":"https:\/\/newmobility.news\/en\/author\/belga-5\/"},"comments_num_v2":"0 comments","yoast_head":"<!-- This site is optimized with the Yoast SEO plugin v27.5 - https:\/\/yoast.com\/product\/yoast-seo-wordpress\/ -->\n<title>12 Million passengers for Li\u00e8ge tram, but 17% ride without paying - newmobility.news<\/title>\n<meta name=\"robots\" content=\"index, follow, max-snippet:-1, max-image-preview:large, max-video-preview:-1\" \/>\n<link rel=\"canonical\" href=\"https:\/\/newmobility.news\/en\/2026\/04\/28\/12-million-passengers-for-liege-tram-but-17-ride-without-paying\/\" \/>\n<meta property=\"og:locale\" content=\"en_US\" \/>\n<meta property=\"og:type\" content=\"article\" \/>\n<meta property=\"og:title\" content=\"12 Million passengers for Li\u00e8ge tram, but 17% ride without paying - newmobility.news\" \/>\n<meta property=\"og:description\" content=\"After one year of tram service in Li\u00e8ge, operator LETEC. can report positive figures. This is evident from the official final balance sheet, which La Derni\u00e8re Heure, RTBF, and others reviewed. A total of 12 million riders used the tram, or about 1 million per month. The satisfaction rate stood at Read this article now [&hellip;]\" \/>\n<meta property=\"og:url\" content=\"https:\/\/newmobility.news\/en\/2026\/04\/28\/12-million-passengers-for-liege-tram-but-17-ride-without-paying\/\" \/>\n<meta property=\"og:site_name\" content=\"newmobility.news\" \/>\n<meta property=\"article:publisher\" content=\"https:\/\/www.facebook.com\/search\/top\/?q=newmobility.news\" \/>\n<meta property=\"article:published_time\" content=\"2026-04-28T10:25:01+00:00\" \/>\n<meta property=\"og:image\" content=\"https:\/\/newmobility.news\/wp-content\/uploads\/2026\/04\/tram-18-02-25-1024x683.png\" \/>\n\t<meta property=\"og:image:width\" content=\"1024\" \/>\n\t<meta property=\"og:image:height\" content=\"683\" \/>\n\t<meta property=\"og:image:type\" content=\"image\/png\" \/>\n<meta name=\"author\" content=\"Luc Joris\" \/>\n<meta name=\"twitter:card\" content=\"summary_large_image\" \/>\n<meta name=\"twitter:creator\" content=\"@jorisvry\" \/>\n<meta name=\"twitter:site\" content=\"@jorisvry\" \/>\n<meta name=\"twitter:label1\" content=\"Written by\" \/>\n\t<meta name=\"twitter:data1\" content=\"Luc Joris\" \/>\n\t<meta name=\"twitter:label2\" content=\"Est. reading time\" \/>\n\t<meta name=\"twitter:data2\" content=\"3 minutes\" \/>\n<script type=\"application\/ld+json\" class=\"yoast-schema-graph\">{\"@context\":\"https:\\\/\\\/schema.org\",\"@graph\":[{\"@type\":\"Article\",\"@id\":\"https:\\\/\\\/newmobility.news\\\/2026\\\/04\\\/28\\\/12-million-passengers-for-liege-tram-but-17-ride-without-paying\\\/#article\",\"isPartOf\":{\"@id\":\"https:\\\/\\\/newmobility.news\\\/2026\\\/04\\\/28\\\/12-million-passengers-for-liege-tram-but-17-ride-without-paying\\\/\"},\"author\":{\"name\":\"Luc Joris\",\"@id\":\"https:\\\/\\\/newmobility.news\\\/#\\\/schema\\\/person\\\/a31e684b1039b4a94985a9aae156f28b\"},\"headline\":\"12 Million passengers for Li\u00e8ge tram, but 17% ride without paying\",\"datePublished\":\"2026-04-28T10:25:01+00:00\",\"mainEntityOfPage\":{\"@id\":\"https:\\\/\\\/newmobility.news\\\/2026\\\/04\\\/28\\\/12-million-passengers-for-liege-tram-but-17-ride-without-paying\\\/\"},\"wordCount\":439,\"publisher\":{\"@id\":\"https:\\\/\\\/newmobility.news\\\/#organization\"},\"image\":{\"@id\":\"https:\\\/\\\/newmobility.news\\\/2026\\\/04\\\/28\\\/12-million-passengers-for-liege-tram-but-17-ride-without-paying\\\/#primaryimage\"},\"thumbnailUrl\":\"https:\\\/\\\/i0.wp.com\\\/newmobility.news\\\/wp-content\\\/uploads\\\/2026\\\/04\\\/tram-18-02-25.png?fit=2560%2C1707&ssl=1\",\"articleSection\":[\"Belgium\",\"Mobility\",\"Public transport\",\"Transport\"],\"inLanguage\":\"en-US\"},{\"@type\":\"WebPage\",\"@id\":\"https:\\\/\\\/newmobility.news\\\/2026\\\/04\\\/28\\\/12-million-passengers-for-liege-tram-but-17-ride-without-paying\\\/\",\"url\":\"https:\\\/\\\/newmobility.news\\\/2026\\\/04\\\/28\\\/12-million-passengers-for-liege-tram-but-17-ride-without-paying\\\/\",\"name\":\"12 Million passengers for Li\u00e8ge tram, but 17% ride without paying - newmobility.news\",\"isPartOf\":{\"@id\":\"https:\\\/\\\/newmobility.news\\\/#website\"},\"primaryImageOfPage\":{\"@id\":\"https:\\\/\\\/newmobility.news\\\/2026\\\/04\\\/28\\\/12-million-passengers-for-liege-tram-but-17-ride-without-paying\\\/#primaryimage\"},\"image\":{\"@id\":\"https:\\\/\\\/newmobility.news\\\/2026\\\/04\\\/28\\\/12-million-passengers-for-liege-tram-but-17-ride-without-paying\\\/#primaryimage\"},\"thumbnailUrl\":\"https:\\\/\\\/i0.wp.com\\\/newmobility.news\\\/wp-content\\\/uploads\\\/2026\\\/04\\\/tram-18-02-25.png?fit=2560%2C1707&ssl=1\",\"datePublished\":\"2026-04-28T10:25:01+00:00\",\"breadcrumb\":{\"@id\":\"https:\\\/\\\/newmobility.news\\\/2026\\\/04\\\/28\\\/12-million-passengers-for-liege-tram-but-17-ride-without-paying\\\/#breadcrumb\"},\"inLanguage\":\"en-US\",\"potentialAction\":[{\"@type\":\"ReadAction\",\"target\":[\"https:\\\/\\\/newmobility.news\\\/2026\\\/04\\\/28\\\/12-million-passengers-for-liege-tram-but-17-ride-without-paying\\\/\"]}]},{\"@type\":\"ImageObject\",\"inLanguage\":\"en-US\",\"@id\":\"https:\\\/\\\/newmobility.news\\\/2026\\\/04\\\/28\\\/12-million-passengers-for-liege-tram-but-17-ride-without-paying\\\/#primaryimage\",\"url\":\"https:\\\/\\\/i0.wp.com\\\/newmobility.news\\\/wp-content\\\/uploads\\\/2026\\\/04\\\/tram-18-02-25.png?fit=2560%2C1707&ssl=1\",\"contentUrl\":\"https:\\\/\\\/i0.wp.com\\\/newmobility.news\\\/wp-content\\\/uploads\\\/2026\\\/04\\\/tram-18-02-25.png?fit=2560%2C1707&ssl=1\",\"width\":2560,\"height\":1707,\"caption\":\"The Li\u00e8ge tram is celebrating its first anniversary. With 12 million passengers, the overall picture is positive, although the fare evasion rate is abnormally high \\\/LETEC.\"},{\"@type\":\"BreadcrumbList\",\"@id\":\"https:\\\/\\\/newmobility.news\\\/2026\\\/04\\\/28\\\/12-million-passengers-for-liege-tram-but-17-ride-without-paying\\\/#breadcrumb\",\"itemListElement\":[{\"@type\":\"ListItem\",\"position\":1,\"name\":\"Home\",\"item\":\"https:\\\/\\\/newmobility.news\\\/\"},{\"@type\":\"ListItem\",\"position\":2,\"name\":\"12 Million passengers for Li\u00e8ge tram, but 17% ride without paying\"}]},{\"@type\":\"WebSite\",\"@id\":\"https:\\\/\\\/newmobility.news\\\/#website\",\"url\":\"https:\\\/\\\/newmobility.news\\\/\",\"name\":\"newmobility.news\",\"description\":\"A B2BNews Agency\u00ae news service for mobility business proessional\",\"publisher\":{\"@id\":\"https:\\\/\\\/newmobility.news\\\/#organization\"},\"potentialAction\":[{\"@type\":\"SearchAction\",\"target\":{\"@type\":\"EntryPoint\",\"urlTemplate\":\"https:\\\/\\\/newmobility.news\\\/?s={search_term_string}\"},\"query-input\":{\"@type\":\"PropertyValueSpecification\",\"valueRequired\":true,\"valueName\":\"search_term_string\"}}],\"inLanguage\":\"en-US\"},{\"@type\":\"Organization\",\"@id\":\"https:\\\/\\\/newmobility.news\\\/#organization\",\"name\":\"B2BNews Agency\",\"url\":\"https:\\\/\\\/newmobility.news\\\/\",\"logo\":{\"@type\":\"ImageObject\",\"inLanguage\":\"en-US\",\"@id\":\"https:\\\/\\\/newmobility.news\\\/#\\\/schema\\\/logo\\\/image\\\/\",\"url\":\"https:\\\/\\\/newmobility.news\\\/wp-content\\\/uploads\\\/2018\\\/01\\\/b2bnews-agency-logo.png\",\"contentUrl\":\"https:\\\/\\\/newmobility.news\\\/wp-content\\\/uploads\\\/2018\\\/01\\\/b2bnews-agency-logo.png\",\"width\":\"581\",\"height\":\"117\",\"caption\":\"B2BNews Agency\"},\"image\":{\"@id\":\"https:\\\/\\\/newmobility.news\\\/#\\\/schema\\\/logo\\\/image\\\/\"},\"sameAs\":[\"https:\\\/\\\/www.facebook.com\\\/search\\\/top\\\/?q=newmobility.news\",\"https:\\\/\\\/x.com\\\/jorisvry\",\"https:\\\/\\\/www.linkedin.com\\\/in\\\/jorisvanroy\\\/\",\"https:\\\/\\\/nl.pinterest.com\\\/jorisvanroy\\\/\"]},{\"@type\":\"Person\",\"@id\":\"https:\\\/\\\/newmobility.news\\\/#\\\/schema\\\/person\\\/a31e684b1039b4a94985a9aae156f28b\",\"name\":\"Luc Joris\",\"image\":{\"@type\":\"ImageObject\",\"inLanguage\":\"en-US\",\"@id\":\"https:\\\/\\\/secure.gravatar.com\\\/avatar\\\/9e27cf9984ae903174b14c7dd33d523290f03fd71803b04bc6e486c7259b2920?s=96&d=mm&r=g\",\"url\":\"https:\\\/\\\/secure.gravatar.com\\\/avatar\\\/9e27cf9984ae903174b14c7dd33d523290f03fd71803b04bc6e486c7259b2920?s=96&d=mm&r=g\",\"contentUrl\":\"https:\\\/\\\/secure.gravatar.com\\\/avatar\\\/9e27cf9984ae903174b14c7dd33d523290f03fd71803b04bc6e486c7259b2920?s=96&d=mm&r=g\",\"caption\":\"Luc Joris\"},\"url\":\"https:\\\/\\\/newmobility.news\\\/en\\\/author\\\/belga-5\\\/\"}]}<\/script>\n<!-- \/ Yoast SEO plugin. -->","yoast_head_json":{"title":"12 Million passengers for Li\u00e8ge tram, but 17% ride without paying - newmobility.news","robots":{"index":"index","follow":"follow","max-snippet":"max-snippet:-1","max-image-preview":"max-image-preview:large","max-video-preview":"max-video-preview:-1"},"canonical":"https:\/\/newmobility.news\/en\/2026\/04\/28\/12-million-passengers-for-liege-tram-but-17-ride-without-paying\/","og_locale":"en_US","og_type":"article","og_title":"12 Million passengers for Li\u00e8ge tram, but 17% ride without paying - newmobility.news","og_description":"After one year of tram service in Li\u00e8ge, operator LETEC. can report positive figures. This is evident from the official final balance sheet, which La Derni\u00e8re Heure, RTBF, and others reviewed. A total of 12 million riders used the tram, or about 1 million per month. The satisfaction rate stood at Read this article now [&hellip;]","og_url":"https:\/\/newmobility.news\/en\/2026\/04\/28\/12-million-passengers-for-liege-tram-but-17-ride-without-paying\/","og_site_name":"newmobility.news","article_publisher":"https:\/\/www.facebook.com\/search\/top\/?q=newmobility.news","article_published_time":"2026-04-28T10:25:01+00:00","og_image":[{"width":1024,"height":683,"url":"https:\/\/newmobility.news\/wp-content\/uploads\/2026\/04\/tram-18-02-25-1024x683.png","type":"image\/png"}],"author":"Luc Joris","twitter_card":"summary_large_image","twitter_creator":"@jorisvry","twitter_site":"@jorisvry","twitter_misc":{"Written by":"Luc Joris","Est. reading time":"3 minutes"},"schema":{"@context":"https:\/\/schema.org","@graph":[{"@type":"Article","@id":"https:\/\/newmobility.news\/2026\/04\/28\/12-million-passengers-for-liege-tram-but-17-ride-without-paying\/#article","isPartOf":{"@id":"https:\/\/newmobility.news\/2026\/04\/28\/12-million-passengers-for-liege-tram-but-17-ride-without-paying\/"},"author":{"name":"Luc Joris","@id":"https:\/\/newmobility.news\/#\/schema\/person\/a31e684b1039b4a94985a9aae156f28b"},"headline":"12 Million passengers for Li\u00e8ge tram, but 17% ride without paying","datePublished":"2026-04-28T10:25:01+00:00","mainEntityOfPage":{"@id":"https:\/\/newmobility.news\/2026\/04\/28\/12-million-passengers-for-liege-tram-but-17-ride-without-paying\/"},"wordCount":439,"publisher":{"@id":"https:\/\/newmobility.news\/#organization"},"image":{"@id":"https:\/\/newmobility.news\/2026\/04\/28\/12-million-passengers-for-liege-tram-but-17-ride-without-paying\/#primaryimage"},"thumbnailUrl":"https:\/\/i0.wp.com\/newmobility.news\/wp-content\/uploads\/2026\/04\/tram-18-02-25.png?fit=2560%2C1707&ssl=1","articleSection":["Belgium","Mobility","Public transport","Transport"],"inLanguage":"en-US"},{"@type":"WebPage","@id":"https:\/\/newmobility.news\/2026\/04\/28\/12-million-passengers-for-liege-tram-but-17-ride-without-paying\/","url":"https:\/\/newmobility.news\/2026\/04\/28\/12-million-passengers-for-liege-tram-but-17-ride-without-paying\/","name":"12 Million passengers for Li\u00e8ge tram, but 17% ride without paying - newmobility.news","isPartOf":{"@id":"https:\/\/newmobility.news\/#website"},"primaryImageOfPage":{"@id":"https:\/\/newmobility.news\/2026\/04\/28\/12-million-passengers-for-liege-tram-but-17-ride-without-paying\/#primaryimage"},"image":{"@id":"https:\/\/newmobility.news\/2026\/04\/28\/12-million-passengers-for-liege-tram-but-17-ride-without-paying\/#primaryimage"},"thumbnailUrl":"https:\/\/i0.wp.com\/newmobility.news\/wp-content\/uploads\/2026\/04\/tram-18-02-25.png?fit=2560%2C1707&ssl=1","datePublished":"2026-04-28T10:25:01+00:00","breadcrumb":{"@id":"https:\/\/newmobility.news\/2026\/04\/28\/12-million-passengers-for-liege-tram-but-17-ride-without-paying\/#breadcrumb"},"inLanguage":"en-US","potentialAction":[{"@type":"ReadAction","target":["https:\/\/newmobility.news\/2026\/04\/28\/12-million-passengers-for-liege-tram-but-17-ride-without-paying\/"]}]},{"@type":"ImageObject","inLanguage":"en-US","@id":"https:\/\/newmobility.news\/2026\/04\/28\/12-million-passengers-for-liege-tram-but-17-ride-without-paying\/#primaryimage","url":"https:\/\/i0.wp.com\/newmobility.news\/wp-content\/uploads\/2026\/04\/tram-18-02-25.png?fit=2560%2C1707&ssl=1","contentUrl":"https:\/\/i0.wp.com\/newmobility.news\/wp-content\/uploads\/2026\/04\/tram-18-02-25.png?fit=2560%2C1707&ssl=1","width":2560,"height":1707,"caption":"The Li\u00e8ge tram is celebrating its first anniversary. With 12 million passengers, the overall picture is positive, although the fare evasion rate is abnormally high \/LETEC."},{"@type":"BreadcrumbList","@id":"https:\/\/newmobility.news\/2026\/04\/28\/12-million-passengers-for-liege-tram-but-17-ride-without-paying\/#breadcrumb","itemListElement":[{"@type":"ListItem","position":1,"name":"Home","item":"https:\/\/newmobility.news\/"},{"@type":"ListItem","position":2,"name":"12 Million passengers for Li\u00e8ge tram, but 17% ride without paying"}]},{"@type":"WebSite","@id":"https:\/\/newmobility.news\/#website","url":"https:\/\/newmobility.news\/","name":"newmobility.news","description":"A B2BNews Agency\u00ae news service for mobility business proessional","publisher":{"@id":"https:\/\/newmobility.news\/#organization"},"potentialAction":[{"@type":"SearchAction","target":{"@type":"EntryPoint","urlTemplate":"https:\/\/newmobility.news\/?s={search_term_string}"},"query-input":{"@type":"PropertyValueSpecification","valueRequired":true,"valueName":"search_term_string"}}],"inLanguage":"en-US"},{"@type":"Organization","@id":"https:\/\/newmobility.news\/#organization","name":"B2BNews Agency","url":"https:\/\/newmobility.news\/","logo":{"@type":"ImageObject","inLanguage":"en-US","@id":"https:\/\/newmobility.news\/#\/schema\/logo\/image\/","url":"https:\/\/newmobility.news\/wp-content\/uploads\/2018\/01\/b2bnews-agency-logo.png","contentUrl":"https:\/\/newmobility.news\/wp-content\/uploads\/2018\/01\/b2bnews-agency-logo.png","width":"581","height":"117","caption":"B2BNews Agency"},"image":{"@id":"https:\/\/newmobility.news\/#\/schema\/logo\/image\/"},"sameAs":["https:\/\/www.facebook.com\/search\/top\/?q=newmobility.news","https:\/\/x.com\/jorisvry","https:\/\/www.linkedin.com\/in\/jorisvanroy\/","https:\/\/nl.pinterest.com\/jorisvanroy\/"]},{"@type":"Person","@id":"https:\/\/newmobility.news\/#\/schema\/person\/a31e684b1039b4a94985a9aae156f28b","name":"Luc Joris","image":{"@type":"ImageObject","inLanguage":"en-US","@id":"https:\/\/secure.gravatar.com\/avatar\/9e27cf9984ae903174b14c7dd33d523290f03fd71803b04bc6e486c7259b2920?s=96&d=mm&r=g","url":"https:\/\/secure.gravatar.com\/avatar\/9e27cf9984ae903174b14c7dd33d523290f03fd71803b04bc6e486c7259b2920?s=96&d=mm&r=g","contentUrl":"https:\/\/secure.gravatar.com\/avatar\/9e27cf9984ae903174b14c7dd33d523290f03fd71803b04bc6e486c7259b2920?s=96&d=mm&r=g","caption":"Luc Joris"},"url":"https:\/\/newmobility.news\/en\/author\/belga-5\/"}]}},"jetpack_publicize_connections":[],"jetpack_featured_media_url":"https:\/\/i0.wp.com\/newmobility.news\/wp-content\/uploads\/2026\/04\/tram-18-02-25.png?fit=2560%2C1707&ssl=1","jetpack_shortlink":"https:\/\/wp.me\/p9wJdU-MeH","jetpack_sharing_enabled":true,"jetpack_likes_enabled":true,"jetpack-related-posts":[],"_links":{"self":[{"href":"https:\/\/newmobility.news\/en\/wp-json\/wp\/v2\/posts\/185423","targetHints":{"allow":["GET"]}}],"collection":[{"href":"https:\/\/newmobility.news\/en\/wp-json\/wp\/v2\/posts"}],"about":[{"href":"https:\/\/newmobility.news\/en\/wp-json\/wp\/v2\/types\/post"}],"author":[{"embeddable":true,"href":"https:\/\/newmobility.news\/en\/wp-json\/wp\/v2\/users\/164"}],"replies":[{"embeddable":true,"href":"https:\/\/newmobility.news\/en\/wp-json\/wp\/v2\/comments?post=185423"}],"version-history":[{"count":9,"href":"https:\/\/newmobility.news\/en\/wp-json\/wp\/v2\/posts\/185423\/revisions"}],"predecessor-version":[{"id":185463,"href":"https:\/\/newmobility.news\/en\/wp-json\/wp\/v2\/posts\/185423\/revisions\/185463"}],"wp:featuredmedia":[{"embeddable":true,"href":"https:\/\/newmobility.news\/en\/wp-json\/wp\/v2\/media\/185448"}],"wp:attachment":[{"href":"https:\/\/newmobility.news\/en\/wp-json\/wp\/v2\/media?parent=185423"}],"wp:term":[{"taxonomy":"category","embeddable":true,"href":"https:\/\/newmobility.news\/en\/wp-json\/wp\/v2\/categories?post=185423"},{"taxonomy":"post_tag","embeddable":true,"href":"https:\/\/newmobility.news\/en\/wp-json\/wp\/v2\/tags?post=185423"}],"curies":[{"name":"wp","href":"https:\/\/api.w.org\/{rel}","templated":true}]}}