{"id":161614,"date":"2025-01-10T12:22:58","date_gmt":"2025-01-10T11:22:58","guid":{"rendered":"https:\/\/newmobility.news\/?p=161614"},"modified":"2025-01-12T17:24:40","modified_gmt":"2025-01-12T16:24:40","slug":"the-european-car-of-the-year-2025-is-the-renault-5-electric-alpine-a290","status":"publish","type":"post","link":"https:\/\/newmobility.news\/fr\/2025\/01\/10\/the-european-car-of-the-year-2025-is-the-renault-5-electric-alpine-a290\/","title":{"rendered":"La voiture europ\u00e9enne de l'ann\u00e9e 2025 est la Renault 5 Electric\/Alpine A290."},"content":{"rendered":"Avec la disparition du Salon de l'automobile de Gen\u00e8ve, le jury du Prix de la voiture europ\u00e9enne de l'ann\u00e9e (COTY) a une nouvelle fois d\u00e9cid\u00e9 d'annoncer le gagnant au Salon de l'automobile de Bruxelles, comme il l'avait fait en 2023. Cette ann\u00e9e, ce ne sont pas sept mais huit voitures finalistes qui ont \u00e9t\u00e9 soumises au choix des 60 membres du jury, tous sp\u00e9cialistes europ\u00e9ens de l'automobile.<div class=\"leaky_paywall_message_wrap\"><div id=\"leaky_paywall_message\">Ce contenu a \u00e9t\u00e9 archiv\u00e9. <a href=\"https:\/\/newmobility.news\/fr\/subscription\/\">Connectez-vous ou inscrivez-vous<\/a> \u00e0 un niveau qui donne acc\u00e8s au contenu archiv\u00e9.<\/div><\/div>","protected":false},"excerpt":{"rendered":"<p>With the Geneva Motor Show disappearing, the jury of the European Car of the Year (COTY) has once again decided to announce the winner at the Brussels Motor Show, as it did in 2023. This year, there were not seven but eight finalist cars to choose from by the 60 jury members, all European car [&hellip;]<\/p>\n","protected":false},"author":13,"featured_media":161690,"comment_status":"open","ping_status":"closed","sticky":false,"template":"","format":"standard","meta":{"_acf_changed":false,"jetpack_post_was_ever_published":false,"_jetpack_newsletter_access":"","_jetpack_dont_email_post_to_subs":false,"_jetpack_newsletter_tier_id":0,"_jetpack_memberships_contains_paywalled_content":false,"_jetpack_memberships_contains_paid_content":false,"footnotes":"","jetpack_publicize_message":"","jetpack_publicize_feature_enabled":true,"jetpack_social_post_already_shared":true,"jetpack_social_options":{"image_generator_settings":{"template":"highway","default_image_id":0,"font":"","enabled":false},"version":2},"_wpas_customize_per_network":false},"categories":[5,16,77167,8,4],"tags":[],"class_list":["post-161614","post","type-post","status-publish","format-standard","has-post-thumbnail","hentry","category-breaking-news","category-industry","category-motor-show","category-product","category-top-stories-today"],"acf":[],"featured_image_urls_v2":{"full":["https:\/\/i0.wp.com\/newmobility.news\/wp-content\/uploads\/2025\/01\/Schermafbeelding-2025-01-10-om-12.17.50.png?fit=2344%2C1238&ssl=1",2344,1238,false],"thumbnail":["https:\/\/i0.wp.com\/newmobility.news\/wp-content\/uploads\/2025\/01\/Schermafbeelding-2025-01-10-om-12.17.50.png?resize=150%2C150&ssl=1",150,150,true],"medium":["https:\/\/i0.wp.com\/newmobility.news\/wp-content\/uploads\/2025\/01\/Schermafbeelding-2025-01-10-om-12.17.50.png?fit=300%2C158&ssl=1",300,158,true],"medium_large":["https:\/\/i0.wp.com\/newmobility.news\/wp-content\/uploads\/2025\/01\/Schermafbeelding-2025-01-10-om-12.17.50.png?fit=640%2C338&ssl=1",640,338,true],"large":["https:\/\/i0.wp.com\/newmobility.news\/wp-content\/uploads\/2025\/01\/Schermafbeelding-2025-01-10-om-12.17.50.png?fit=640%2C338&ssl=1",640,338,true],"1536x1536":["https:\/\/i0.wp.com\/newmobility.news\/wp-content\/uploads\/2025\/01\/Schermafbeelding-2025-01-10-om-12.17.50.png?fit=1536%2C811&ssl=1",1536,811,true],"2048x2048":["https:\/\/i0.wp.com\/newmobility.news\/wp-content\/uploads\/2025\/01\/Schermafbeelding-2025-01-10-om-12.17.50.png?fit=2048%2C1082&ssl=1",2048,1082,true],"trp-custom-language-flag":["https:\/\/i0.wp.com\/newmobility.news\/wp-content\/uploads\/2025\/01\/Schermafbeelding-2025-01-10-om-12.17.50.png?fit=18%2C10&ssl=1",18,10,true],"related-thumb":["https:\/\/i0.wp.com\/newmobility.news\/wp-content\/uploads\/2025\/01\/Schermafbeelding-2025-01-10-om-12.17.50.png?resize=640%2C480&ssl=1",640,480,true],"gform-image-choice-sm":["https:\/\/i0.wp.com\/newmobility.news\/wp-content\/uploads\/2025\/01\/Schermafbeelding-2025-01-10-om-12.17.50.png?resize=300%2C300&ssl=1",300,300,true],"gform-image-choice-md":["https:\/\/i0.wp.com\/newmobility.news\/wp-content\/uploads\/2025\/01\/Schermafbeelding-2025-01-10-om-12.17.50.png?resize=400%2C400&ssl=1",400,400,true],"gform-image-choice-lg":["https:\/\/i0.wp.com\/newmobility.news\/wp-content\/uploads\/2025\/01\/Schermafbeelding-2025-01-10-om-12.17.50.png?resize=600%2C600&ssl=1",600,600,true],"mailchimp":["https:\/\/i0.wp.com\/newmobility.news\/wp-content\/uploads\/2025\/01\/Schermafbeelding-2025-01-10-om-12.17.50.png?fit=560%2C296&ssl=1",560,296,true],"unipress-phone":["https:\/\/i0.wp.com\/newmobility.news\/wp-content\/uploads\/2025\/01\/Schermafbeelding-2025-01-10-om-12.17.50.png?resize=640%2C100&ssl=1",640,100,true],"unipress-tablet":["https:\/\/i0.wp.com\/newmobility.news\/wp-content\/uploads\/2025\/01\/Schermafbeelding-2025-01-10-om-12.17.50.png?resize=1536%2C240&ssl=1",1536,240,true],"unipress-tablet-portrait":["https:\/\/i0.wp.com\/newmobility.news\/wp-content\/uploads\/2025\/01\/Schermafbeelding-2025-01-10-om-12.17.50.png?resize=1536%2C180&ssl=1",1536,180,true],"unipress-tablet-landscape":["https:\/\/i0.wp.com\/newmobility.news\/wp-content\/uploads\/2025\/01\/Schermafbeelding-2025-01-10-om-12.17.50.png?resize=2048%2C180&ssl=1",2048,180,true],"unipress-smartphone":["https:\/\/i0.wp.com\/newmobility.news\/wp-content\/uploads\/2025\/01\/Schermafbeelding-2025-01-10-om-12.17.50.png?resize=1080%2C168&ssl=1",1080,168,true],"unipress-wide-screen":["https:\/\/i0.wp.com\/newmobility.news\/wp-content\/uploads\/2025\/01\/Schermafbeelding-2025-01-10-om-12.17.50.png?resize=2344%2C180&ssl=1",2344,180,true]},"post_excerpt_stackable_v2":"<p>With the Geneva Motor Show disappearing, the jury of the European Car of the Year (COTY) has once again decided to announce the winner at the Brussels Motor Show, as it did in 2023. This year, there were not seven but eight finalist cars to choose from by the 60 jury members, all European car jouThis content has been archived. Log in or Subscribe to a level that has access to archived content.<\/p>\n","category_list_v2":"<a href=\"https:\/\/newmobility.news\/fr\/category\/breaking-news\/\" rel=\"category tag\">Breaking News<\/a>, <a href=\"https:\/\/newmobility.news\/fr\/category\/industry\/\" rel=\"category tag\">Industry<\/a>, <a href=\"https:\/\/newmobility.news\/fr\/category\/motor-show\/\" rel=\"category tag\">Motor Show<\/a>, <a href=\"https:\/\/newmobility.news\/fr\/category\/product\/\" rel=\"category tag\">Product<\/a>, <a href=\"https:\/\/newmobility.news\/fr\/category\/top-stories-today\/\" rel=\"category tag\">Top Stories Today<\/a>","author_info_v2":{"name":"Tony Verhelle","url":"https:\/\/newmobility.news\/fr\/author\/toverbel\/"},"comments_num_v2":"0 comments","yoast_head":"<!-- This site is optimized with the Yoast SEO plugin v27.5 - https:\/\/yoast.com\/product\/yoast-seo-wordpress\/ -->\n<title>The European Car of the Year 2025 is the Renault 5 Electric\/Alpine A290 - newmobility.news<\/title>\n<meta name=\"robots\" content=\"index, follow, max-snippet:-1, max-image-preview:large, max-video-preview:-1\" \/>\n<link rel=\"canonical\" href=\"https:\/\/newmobility.news\/fr\/2025\/01\/10\/the-european-car-of-the-year-2025-is-the-renault-5-electric-alpine-a290\/\" \/>\n<meta property=\"og:locale\" content=\"fr_FR\" \/>\n<meta property=\"og:type\" content=\"article\" \/>\n<meta property=\"og:title\" content=\"The European Car of the Year 2025 is the Renault 5 Electric\/Alpine A290 - newmobility.news\" \/>\n<meta property=\"og:description\" content=\"With the Geneva Motor Show disappearing, the jury of the European Car of the Year (COTY) has once again decided to announce the winner at the Brussels Motor Show, as it did in 2023. This year, there were not seven but eight finalist cars to choose from by the 60 jury members, all European car [&hellip;]\" \/>\n<meta property=\"og:url\" content=\"https:\/\/newmobility.news\/fr\/2025\/01\/10\/the-european-car-of-the-year-2025-is-the-renault-5-electric-alpine-a290\/\" \/>\n<meta property=\"og:site_name\" content=\"newmobility.news\" \/>\n<meta property=\"article:publisher\" content=\"https:\/\/www.facebook.com\/search\/top\/?q=newmobility.news\" \/>\n<meta property=\"article:published_time\" content=\"2025-01-10T11:22:58+00:00\" \/>\n<meta property=\"article:modified_time\" content=\"2025-01-12T16:24:40+00:00\" \/>\n<meta property=\"og:image\" content=\"https:\/\/newmobility.news\/wp-content\/uploads\/2025\/01\/Schermafbeelding-2025-01-10-om-12.17.50-1024x541.png\" \/>\n\t<meta property=\"og:image:width\" content=\"1024\" \/>\n\t<meta property=\"og:image:height\" content=\"541\" \/>\n\t<meta property=\"og:image:type\" content=\"image\/png\" \/>\n<meta name=\"author\" content=\"Tony Verhelle\" \/>\n<meta name=\"twitter:card\" content=\"summary_large_image\" \/>\n<meta name=\"twitter:creator\" content=\"@jorisvry\" \/>\n<meta name=\"twitter:site\" content=\"@jorisvry\" \/>\n<meta name=\"twitter:label1\" content=\"\u00c9crit par\" \/>\n\t<meta name=\"twitter:data1\" content=\"Tony Verhelle\" \/>\n\t<meta name=\"twitter:label2\" content=\"Dur\u00e9e de lecture est.\" \/>\n\t<meta name=\"twitter:data2\" content=\"3 minutes\" \/>\n<script type=\"application\/ld+json\" class=\"yoast-schema-graph\">{\"@context\":\"https:\\\/\\\/schema.org\",\"@graph\":[{\"@type\":\"Article\",\"@id\":\"https:\\\/\\\/newmobility.news\\\/2025\\\/01\\\/10\\\/the-european-car-of-the-year-2025-is-the-renault-5-electric-alpine-a290\\\/#article\",\"isPartOf\":{\"@id\":\"https:\\\/\\\/newmobility.news\\\/2025\\\/01\\\/10\\\/the-european-car-of-the-year-2025-is-the-renault-5-electric-alpine-a290\\\/\"},\"author\":{\"name\":\"Tony Verhelle\",\"@id\":\"https:\\\/\\\/newmobility.news\\\/#\\\/schema\\\/person\\\/2ff3ee98a47b47a64547742d0f598008\"},\"headline\":\"The European Car of the Year 2025 is the Renault 5 Electric\\\/Alpine A290\",\"datePublished\":\"2025-01-10T11:22:58+00:00\",\"dateModified\":\"2025-01-12T16:24:40+00:00\",\"mainEntityOfPage\":{\"@id\":\"https:\\\/\\\/newmobility.news\\\/2025\\\/01\\\/10\\\/the-european-car-of-the-year-2025-is-the-renault-5-electric-alpine-a290\\\/\"},\"wordCount\":503,\"commentCount\":0,\"publisher\":{\"@id\":\"https:\\\/\\\/newmobility.news\\\/#organization\"},\"image\":{\"@id\":\"https:\\\/\\\/newmobility.news\\\/2025\\\/01\\\/10\\\/the-european-car-of-the-year-2025-is-the-renault-5-electric-alpine-a290\\\/#primaryimage\"},\"thumbnailUrl\":\"https:\\\/\\\/i0.wp.com\\\/newmobility.news\\\/wp-content\\\/uploads\\\/2025\\\/01\\\/Schermafbeelding-2025-01-10-om-12.17.50.png?fit=2344%2C1238&ssl=1\",\"articleSection\":[\"Breaking News\",\"Industry\",\"Motor Show\",\"Product\",\"Top Stories Today\"],\"inLanguage\":\"fr-BE\",\"potentialAction\":[{\"@type\":\"CommentAction\",\"name\":\"Comment\",\"target\":[\"https:\\\/\\\/newmobility.news\\\/2025\\\/01\\\/10\\\/the-european-car-of-the-year-2025-is-the-renault-5-electric-alpine-a290\\\/#respond\"]}]},{\"@type\":\"WebPage\",\"@id\":\"https:\\\/\\\/newmobility.news\\\/2025\\\/01\\\/10\\\/the-european-car-of-the-year-2025-is-the-renault-5-electric-alpine-a290\\\/\",\"url\":\"https:\\\/\\\/newmobility.news\\\/2025\\\/01\\\/10\\\/the-european-car-of-the-year-2025-is-the-renault-5-electric-alpine-a290\\\/\",\"name\":\"The European Car of the Year 2025 is the Renault 5 Electric\\\/Alpine A290 - newmobility.news\",\"isPartOf\":{\"@id\":\"https:\\\/\\\/newmobility.news\\\/#website\"},\"primaryImageOfPage\":{\"@id\":\"https:\\\/\\\/newmobility.news\\\/2025\\\/01\\\/10\\\/the-european-car-of-the-year-2025-is-the-renault-5-electric-alpine-a290\\\/#primaryimage\"},\"image\":{\"@id\":\"https:\\\/\\\/newmobility.news\\\/2025\\\/01\\\/10\\\/the-european-car-of-the-year-2025-is-the-renault-5-electric-alpine-a290\\\/#primaryimage\"},\"thumbnailUrl\":\"https:\\\/\\\/i0.wp.com\\\/newmobility.news\\\/wp-content\\\/uploads\\\/2025\\\/01\\\/Schermafbeelding-2025-01-10-om-12.17.50.png?fit=2344%2C1238&ssl=1\",\"datePublished\":\"2025-01-10T11:22:58+00:00\",\"dateModified\":\"2025-01-12T16:24:40+00:00\",\"breadcrumb\":{\"@id\":\"https:\\\/\\\/newmobility.news\\\/2025\\\/01\\\/10\\\/the-european-car-of-the-year-2025-is-the-renault-5-electric-alpine-a290\\\/#breadcrumb\"},\"inLanguage\":\"fr-BE\",\"potentialAction\":[{\"@type\":\"ReadAction\",\"target\":[\"https:\\\/\\\/newmobility.news\\\/2025\\\/01\\\/10\\\/the-european-car-of-the-year-2025-is-the-renault-5-electric-alpine-a290\\\/\"]}]},{\"@type\":\"ImageObject\",\"inLanguage\":\"fr-BE\",\"@id\":\"https:\\\/\\\/newmobility.news\\\/2025\\\/01\\\/10\\\/the-european-car-of-the-year-2025-is-the-renault-5-electric-alpine-a290\\\/#primaryimage\",\"url\":\"https:\\\/\\\/i0.wp.com\\\/newmobility.news\\\/wp-content\\\/uploads\\\/2025\\\/01\\\/Schermafbeelding-2025-01-10-om-12.17.50.png?fit=2344%2C1238&ssl=1\",\"contentUrl\":\"https:\\\/\\\/i0.wp.com\\\/newmobility.news\\\/wp-content\\\/uploads\\\/2025\\\/01\\\/Schermafbeelding-2025-01-10-om-12.17.50.png?fit=2344%2C1238&ssl=1\",\"width\":2344,\"height\":1238,\"caption\":\"The European Car of the Year 2025 is a twin: Renault 5 Eelctric and its more sporty derivative, Alpine 290 \\\/caroftheyear.org\"},{\"@type\":\"BreadcrumbList\",\"@id\":\"https:\\\/\\\/newmobility.news\\\/2025\\\/01\\\/10\\\/the-european-car-of-the-year-2025-is-the-renault-5-electric-alpine-a290\\\/#breadcrumb\",\"itemListElement\":[{\"@type\":\"ListItem\",\"position\":1,\"name\":\"Home\",\"item\":\"https:\\\/\\\/newmobility.news\\\/\"},{\"@type\":\"ListItem\",\"position\":2,\"name\":\"The European Car of the Year 2025 is the Renault 5 Electric\\\/Alpine A290\"}]},{\"@type\":\"WebSite\",\"@id\":\"https:\\\/\\\/newmobility.news\\\/#website\",\"url\":\"https:\\\/\\\/newmobility.news\\\/\",\"name\":\"newmobility.news\",\"description\":\"A B2BNews Agency\u00ae news service for mobility business proessional\",\"publisher\":{\"@id\":\"https:\\\/\\\/newmobility.news\\\/#organization\"},\"potentialAction\":[{\"@type\":\"SearchAction\",\"target\":{\"@type\":\"EntryPoint\",\"urlTemplate\":\"https:\\\/\\\/newmobility.news\\\/?s={search_term_string}\"},\"query-input\":{\"@type\":\"PropertyValueSpecification\",\"valueRequired\":true,\"valueName\":\"search_term_string\"}}],\"inLanguage\":\"fr-BE\"},{\"@type\":\"Organization\",\"@id\":\"https:\\\/\\\/newmobility.news\\\/#organization\",\"name\":\"B2BNews Agency\",\"url\":\"https:\\\/\\\/newmobility.news\\\/\",\"logo\":{\"@type\":\"ImageObject\",\"inLanguage\":\"fr-BE\",\"@id\":\"https:\\\/\\\/newmobility.news\\\/#\\\/schema\\\/logo\\\/image\\\/\",\"url\":\"https:\\\/\\\/newmobility.news\\\/wp-content\\\/uploads\\\/2018\\\/01\\\/b2bnews-agency-logo.png\",\"contentUrl\":\"https:\\\/\\\/newmobility.news\\\/wp-content\\\/uploads\\\/2018\\\/01\\\/b2bnews-agency-logo.png\",\"width\":\"581\",\"height\":\"117\",\"caption\":\"B2BNews Agency\"},\"image\":{\"@id\":\"https:\\\/\\\/newmobility.news\\\/#\\\/schema\\\/logo\\\/image\\\/\"},\"sameAs\":[\"https:\\\/\\\/www.facebook.com\\\/search\\\/top\\\/?q=newmobility.news\",\"https:\\\/\\\/x.com\\\/jorisvry\",\"https:\\\/\\\/www.linkedin.com\\\/in\\\/jorisvanroy\\\/\",\"https:\\\/\\\/nl.pinterest.com\\\/jorisvanroy\\\/\"]},{\"@type\":\"Person\",\"@id\":\"https:\\\/\\\/newmobility.news\\\/#\\\/schema\\\/person\\\/2ff3ee98a47b47a64547742d0f598008\",\"name\":\"Tony Verhelle\",\"image\":{\"@type\":\"ImageObject\",\"inLanguage\":\"fr-BE\",\"@id\":\"https:\\\/\\\/secure.gravatar.com\\\/avatar\\\/3aa7bc7e3c29543b27eddb4850cf5b080b7eed539a9cc5c8807f7fae34c56438?s=96&d=mm&r=g\",\"url\":\"https:\\\/\\\/secure.gravatar.com\\\/avatar\\\/3aa7bc7e3c29543b27eddb4850cf5b080b7eed539a9cc5c8807f7fae34c56438?s=96&d=mm&r=g\",\"contentUrl\":\"https:\\\/\\\/secure.gravatar.com\\\/avatar\\\/3aa7bc7e3c29543b27eddb4850cf5b080b7eed539a9cc5c8807f7fae34c56438?s=96&d=mm&r=g\",\"caption\":\"Tony Verhelle\"},\"url\":\"https:\\\/\\\/newmobility.news\\\/fr\\\/author\\\/toverbel\\\/\"}]}<\/script>\n<!-- \/ Yoast SEO plugin. -->","yoast_head_json":{"title":"La Renault 5 Electric\/Alpine A290 \u00e9lue \u00ab Voiture europ\u00e9enne de l'ann\u00e9e 2025 \u00bb - newmobility.news","robots":{"index":"index","follow":"follow","max-snippet":"max-snippet:-1","max-image-preview":"max-image-preview:large","max-video-preview":"max-video-preview:-1"},"canonical":"https:\/\/newmobility.news\/fr\/2025\/01\/10\/the-european-car-of-the-year-2025-is-the-renault-5-electric-alpine-a290\/","og_locale":"fr_FR","og_type":"article","og_title":"The European Car of the Year 2025 is the Renault 5 Electric\/Alpine A290 - newmobility.news","og_description":"With the Geneva Motor Show disappearing, the jury of the European Car of the Year (COTY) has once again decided to announce the winner at the Brussels Motor Show, as it did in 2023. This year, there were not seven but eight finalist cars to choose from by the 60 jury members, all European car [&hellip;]","og_url":"https:\/\/newmobility.news\/fr\/2025\/01\/10\/the-european-car-of-the-year-2025-is-the-renault-5-electric-alpine-a290\/","og_site_name":"newmobility.news","article_publisher":"https:\/\/www.facebook.com\/search\/top\/?q=newmobility.news","article_published_time":"2025-01-10T11:22:58+00:00","article_modified_time":"2025-01-12T16:24:40+00:00","og_image":[{"width":1024,"height":541,"url":"https:\/\/newmobility.news\/wp-content\/uploads\/2025\/01\/Schermafbeelding-2025-01-10-om-12.17.50-1024x541.png","type":"image\/png"}],"author":"Tony Verhelle","twitter_card":"summary_large_image","twitter_creator":"@jorisvry","twitter_site":"@jorisvry","twitter_misc":{"\u00c9crit par":"Tony Verhelle","Dur\u00e9e de lecture est.":"3 minutes"},"schema":{"@context":"https:\/\/schema.org","@graph":[{"@type":"Article","@id":"https:\/\/newmobility.news\/2025\/01\/10\/the-european-car-of-the-year-2025-is-the-renault-5-electric-alpine-a290\/#article","isPartOf":{"@id":"https:\/\/newmobility.news\/2025\/01\/10\/the-european-car-of-the-year-2025-is-the-renault-5-electric-alpine-a290\/"},"author":{"name":"Tony Verhelle","@id":"https:\/\/newmobility.news\/#\/schema\/person\/2ff3ee98a47b47a64547742d0f598008"},"headline":"The European Car of the Year 2025 is the Renault 5 Electric\/Alpine A290","datePublished":"2025-01-10T11:22:58+00:00","dateModified":"2025-01-12T16:24:40+00:00","mainEntityOfPage":{"@id":"https:\/\/newmobility.news\/2025\/01\/10\/the-european-car-of-the-year-2025-is-the-renault-5-electric-alpine-a290\/"},"wordCount":503,"commentCount":0,"publisher":{"@id":"https:\/\/newmobility.news\/#organization"},"image":{"@id":"https:\/\/newmobility.news\/2025\/01\/10\/the-european-car-of-the-year-2025-is-the-renault-5-electric-alpine-a290\/#primaryimage"},"thumbnailUrl":"https:\/\/i0.wp.com\/newmobility.news\/wp-content\/uploads\/2025\/01\/Schermafbeelding-2025-01-10-om-12.17.50.png?fit=2344%2C1238&ssl=1","articleSection":["Breaking News","Industry","Motor Show","Product","Top Stories Today"],"inLanguage":"fr-BE","potentialAction":[{"@type":"CommentAction","name":"Comment","target":["https:\/\/newmobility.news\/2025\/01\/10\/the-european-car-of-the-year-2025-is-the-renault-5-electric-alpine-a290\/#respond"]}]},{"@type":"WebPage","@id":"https:\/\/newmobility.news\/2025\/01\/10\/the-european-car-of-the-year-2025-is-the-renault-5-electric-alpine-a290\/","url":"https:\/\/newmobility.news\/2025\/01\/10\/the-european-car-of-the-year-2025-is-the-renault-5-electric-alpine-a290\/","name":"La Renault 5 Electric\/Alpine A290 \u00e9lue \u00ab Voiture europ\u00e9enne de l'ann\u00e9e 2025 \u00bb - newmobility.news","isPartOf":{"@id":"https:\/\/newmobility.news\/#website"},"primaryImageOfPage":{"@id":"https:\/\/newmobility.news\/2025\/01\/10\/the-european-car-of-the-year-2025-is-the-renault-5-electric-alpine-a290\/#primaryimage"},"image":{"@id":"https:\/\/newmobility.news\/2025\/01\/10\/the-european-car-of-the-year-2025-is-the-renault-5-electric-alpine-a290\/#primaryimage"},"thumbnailUrl":"https:\/\/i0.wp.com\/newmobility.news\/wp-content\/uploads\/2025\/01\/Schermafbeelding-2025-01-10-om-12.17.50.png?fit=2344%2C1238&ssl=1","datePublished":"2025-01-10T11:22:58+00:00","dateModified":"2025-01-12T16:24:40+00:00","breadcrumb":{"@id":"https:\/\/newmobility.news\/2025\/01\/10\/the-european-car-of-the-year-2025-is-the-renault-5-electric-alpine-a290\/#breadcrumb"},"inLanguage":"fr-BE","potentialAction":[{"@type":"ReadAction","target":["https:\/\/newmobility.news\/2025\/01\/10\/the-european-car-of-the-year-2025-is-the-renault-5-electric-alpine-a290\/"]}]},{"@type":"ImageObject","inLanguage":"fr-BE","@id":"https:\/\/newmobility.news\/2025\/01\/10\/the-european-car-of-the-year-2025-is-the-renault-5-electric-alpine-a290\/#primaryimage","url":"https:\/\/i0.wp.com\/newmobility.news\/wp-content\/uploads\/2025\/01\/Schermafbeelding-2025-01-10-om-12.17.50.png?fit=2344%2C1238&ssl=1","contentUrl":"https:\/\/i0.wp.com\/newmobility.news\/wp-content\/uploads\/2025\/01\/Schermafbeelding-2025-01-10-om-12.17.50.png?fit=2344%2C1238&ssl=1","width":2344,"height":1238,"caption":"The European Car of the Year 2025 is a twin: Renault 5 Eelctric and its more sporty derivative, Alpine 290 \/caroftheyear.org"},{"@type":"BreadcrumbList","@id":"https:\/\/newmobility.news\/2025\/01\/10\/the-european-car-of-the-year-2025-is-the-renault-5-electric-alpine-a290\/#breadcrumb","itemListElement":[{"@type":"ListItem","position":1,"name":"Home","item":"https:\/\/newmobility.news\/"},{"@type":"ListItem","position":2,"name":"The European Car of the Year 2025 is the Renault 5 Electric\/Alpine A290"}]},{"@type":"WebSite","@id":"https:\/\/newmobility.news\/#website","url":"https:\/\/newmobility.news\/","name":"nouveaumobilit\u00e9.actualit\u00e9s","description":"Un service d'information B2BNews Agency\u00ae destin\u00e9 aux professionnels de la mobilit\u00e9","publisher":{"@id":"https:\/\/newmobility.news\/#organization"},"potentialAction":[{"@type":"SearchAction","target":{"@type":"EntryPoint","urlTemplate":"https:\/\/newmobility.news\/?s={search_term_string}"},"query-input":{"@type":"PropertyValueSpecification","valueRequired":true,"valueName":"search_term_string"}}],"inLanguage":"fr-BE"},{"@type":"Organization","@id":"https:\/\/newmobility.news\/#organization","name":"Agence de presse B2BNews","url":"https:\/\/newmobility.news\/","logo":{"@type":"ImageObject","inLanguage":"fr-BE","@id":"https:\/\/newmobility.news\/#\/schema\/logo\/image\/","url":"https:\/\/newmobility.news\/wp-content\/uploads\/2018\/01\/b2bnews-agency-logo.png","contentUrl":"https:\/\/newmobility.news\/wp-content\/uploads\/2018\/01\/b2bnews-agency-logo.png","width":"581","height":"117","caption":"B2BNews Agency"},"image":{"@id":"https:\/\/newmobility.news\/#\/schema\/logo\/image\/"},"sameAs":["https:\/\/www.facebook.com\/search\/top\/?q=newmobility.news","https:\/\/x.com\/jorisvry","https:\/\/www.linkedin.com\/in\/jorisvanroy\/","https:\/\/nl.pinterest.com\/jorisvanroy\/"]},{"@type":"Person","@id":"https:\/\/newmobility.news\/#\/schema\/person\/2ff3ee98a47b47a64547742d0f598008","name":"Tony Verhelle","image":{"@type":"ImageObject","inLanguage":"fr-BE","@id":"https:\/\/secure.gravatar.com\/avatar\/3aa7bc7e3c29543b27eddb4850cf5b080b7eed539a9cc5c8807f7fae34c56438?s=96&d=mm&r=g","url":"https:\/\/secure.gravatar.com\/avatar\/3aa7bc7e3c29543b27eddb4850cf5b080b7eed539a9cc5c8807f7fae34c56438?s=96&d=mm&r=g","contentUrl":"https:\/\/secure.gravatar.com\/avatar\/3aa7bc7e3c29543b27eddb4850cf5b080b7eed539a9cc5c8807f7fae34c56438?s=96&d=mm&r=g","caption":"Tony Verhelle"},"url":"https:\/\/newmobility.news\/fr\/author\/toverbel\/"}]}},"jetpack_publicize_connections":[],"jetpack_featured_media_url":"https:\/\/i0.wp.com\/newmobility.news\/wp-content\/uploads\/2025\/01\/Schermafbeelding-2025-01-10-om-12.17.50.png?fit=2344%2C1238&ssl=1","jetpack_shortlink":"https:\/\/wp.me\/p9wJdU-G2G","jetpack_sharing_enabled":true,"jetpack_likes_enabled":true,"jetpack-related-posts":[],"_links":{"self":[{"href":"https:\/\/newmobility.news\/fr\/wp-json\/wp\/v2\/posts\/161614","targetHints":{"allow":["GET"]}}],"collection":[{"href":"https:\/\/newmobility.news\/fr\/wp-json\/wp\/v2\/posts"}],"about":[{"href":"https:\/\/newmobility.news\/fr\/wp-json\/wp\/v2\/types\/post"}],"author":[{"embeddable":true,"href":"https:\/\/newmobility.news\/fr\/wp-json\/wp\/v2\/users\/13"}],"replies":[{"embeddable":true,"href":"https:\/\/newmobility.news\/fr\/wp-json\/wp\/v2\/comments?post=161614"}],"version-history":[{"count":0,"href":"https:\/\/newmobility.news\/fr\/wp-json\/wp\/v2\/posts\/161614\/revisions"}],"wp:featuredmedia":[{"embeddable":true,"href":"https:\/\/newmobility.news\/fr\/wp-json\/wp\/v2\/media\/161690"}],"wp:attachment":[{"href":"https:\/\/newmobility.news\/fr\/wp-json\/wp\/v2\/media?parent=161614"}],"wp:term":[{"taxonomy":"category","embeddable":true,"href":"https:\/\/newmobility.news\/fr\/wp-json\/wp\/v2\/categories?post=161614"},{"taxonomy":"post_tag","embeddable":true,"href":"https:\/\/newmobility.news\/fr\/wp-json\/wp\/v2\/tags?post=161614"}],"curies":[{"name":"wp","href":"https:\/\/api.w.org\/{rel}","templated":true}]}}