{"id":161878,"date":"2025-01-16T10:27:43","date_gmt":"2025-01-16T09:27:43","guid":{"rendered":"https:\/\/newmobility.news\/?p=161878"},"modified":"2025-01-17T11:39:47","modified_gmt":"2025-01-17T10:39:47","slug":"volvo-cars-belux-sets-new-sales-record-with-82-electric","status":"publish","type":"post","link":"https:\/\/newmobility.news\/fr\/2025\/01\/16\/volvo-cars-belux-sets-new-sales-record-with-82-electric\/","title":{"rendered":"Volvo Car Belux \u00e9tablit un nouveau record de ventes avec 82% \u00e9lectrique"},"content":{"rendered":"Volvo a \u00e9tabli un nouveau record de ventes en Belgique, avec 24 221 voitures vendues, soit une croissance de 13,61 % par rapport \u00e0 2023, ce qui place la marque en sixi\u00e8me position dans le classement des dix marques les plus populaires. Cette croissance a \u00e9t\u00e9 principalement ' aliment\u00e9e ' par ses voitures \u00e9lectriques, les v\u00e9hicules enti\u00e8rement \u00e9lectriques (BEV) repr\u00e9sentant 691 unit\u00e9s. En ajoutant les v\u00e9hicules rechargeables<div class=\"leaky_paywall_message_wrap\"><div id=\"leaky_paywall_message\">Ce contenu a \u00e9t\u00e9 archiv\u00e9. <a href=\"https:\/\/newmobility.news\/fr\/subscription\/\">Connectez-vous ou inscrivez-vous<\/a> \u00e0 un niveau qui donne acc\u00e8s au contenu archiv\u00e9.<\/div><\/div>","protected":false},"excerpt":{"rendered":"<p>Volvo has set a new sales record in Belgium, selling 24.221 cars, a growth of 13.6% compared with 2023, and lifting the brand to sixth position in the top ten most popular brands. That growth was &#8216;fueled&#8217; primarily by its electric cars, with fully electric BEVs accounting for 69%. Adding the plug-inThis content has been [&hellip;]<\/p>\n","protected":false},"author":21,"featured_media":161897,"comment_status":"open","ping_status":"closed","sticky":false,"template":"","format":"standard","meta":{"_acf_changed":false,"jetpack_post_was_ever_published":false,"_jetpack_newsletter_access":"","_jetpack_dont_email_post_to_subs":false,"_jetpack_newsletter_tier_id":0,"_jetpack_memberships_contains_paywalled_content":false,"_jetpack_memberships_contains_paid_content":false,"footnotes":"","jetpack_publicize_message":"","jetpack_publicize_feature_enabled":true,"jetpack_social_post_already_shared":true,"jetpack_social_options":{"image_generator_settings":{"template":"highway","default_image_id":0,"font":"","enabled":false},"version":2},"_wpas_customize_per_network":false},"categories":[77170,16,77169,4,17],"tags":[],"class_list":["post-161878","post","type-post","status-publish","format-standard","has-post-thumbnail","hentry","category-belgium","category-industry","category-market","category-top-stories-today","category-weekly-newsletter"],"acf":[],"featured_image_urls_v2":{"full":["https:\/\/i0.wp.com\/newmobility.news\/wp-content\/uploads\/2025\/01\/Volvo-40.jpg?fit=1350%2C900&ssl=1",1350,900,false],"thumbnail":["https:\/\/i0.wp.com\/newmobility.news\/wp-content\/uploads\/2025\/01\/Volvo-40.jpg?resize=150%2C150&ssl=1",150,150,true],"medium":["https:\/\/i0.wp.com\/newmobility.news\/wp-content\/uploads\/2025\/01\/Volvo-40.jpg?fit=300%2C200&ssl=1",300,200,true],"medium_large":["https:\/\/i0.wp.com\/newmobility.news\/wp-content\/uploads\/2025\/01\/Volvo-40.jpg?fit=640%2C427&ssl=1",640,427,true],"large":["https:\/\/i0.wp.com\/newmobility.news\/wp-content\/uploads\/2025\/01\/Volvo-40.jpg?fit=640%2C427&ssl=1",640,427,true],"1536x1536":["https:\/\/i0.wp.com\/newmobility.news\/wp-content\/uploads\/2025\/01\/Volvo-40.jpg?fit=1350%2C900&ssl=1",1350,900,true],"2048x2048":["https:\/\/i0.wp.com\/newmobility.news\/wp-content\/uploads\/2025\/01\/Volvo-40.jpg?fit=1350%2C900&ssl=1",1350,900,true],"trp-custom-language-flag":["https:\/\/i0.wp.com\/newmobility.news\/wp-content\/uploads\/2025\/01\/Volvo-40.jpg?fit=18%2C12&ssl=1",18,12,true],"related-thumb":["https:\/\/i0.wp.com\/newmobility.news\/wp-content\/uploads\/2025\/01\/Volvo-40.jpg?resize=640%2C480&ssl=1",640,480,true],"gform-image-choice-sm":["https:\/\/i0.wp.com\/newmobility.news\/wp-content\/uploads\/2025\/01\/Volvo-40.jpg?resize=300%2C300&ssl=1",300,300,true],"gform-image-choice-md":["https:\/\/i0.wp.com\/newmobility.news\/wp-content\/uploads\/2025\/01\/Volvo-40.jpg?resize=400%2C400&ssl=1",400,400,true],"gform-image-choice-lg":["https:\/\/i0.wp.com\/newmobility.news\/wp-content\/uploads\/2025\/01\/Volvo-40.jpg?resize=600%2C600&ssl=1",600,600,true],"mailchimp":["https:\/\/i0.wp.com\/newmobility.news\/wp-content\/uploads\/2025\/01\/Volvo-40.jpg?fit=560%2C373&ssl=1",560,373,true],"unipress-phone":["https:\/\/i0.wp.com\/newmobility.news\/wp-content\/uploads\/2025\/01\/Volvo-40.jpg?resize=640%2C100&ssl=1",640,100,true],"unipress-tablet":["https:\/\/i0.wp.com\/newmobility.news\/wp-content\/uploads\/2025\/01\/Volvo-40.jpg?resize=1350%2C240&ssl=1",1350,240,true],"unipress-tablet-portrait":["https:\/\/i0.wp.com\/newmobility.news\/wp-content\/uploads\/2025\/01\/Volvo-40.jpg?resize=1350%2C180&ssl=1",1350,180,true],"unipress-tablet-landscape":["https:\/\/i0.wp.com\/newmobility.news\/wp-content\/uploads\/2025\/01\/Volvo-40.jpg?resize=1350%2C180&ssl=1",1350,180,true],"unipress-smartphone":["https:\/\/i0.wp.com\/newmobility.news\/wp-content\/uploads\/2025\/01\/Volvo-40.jpg?resize=1080%2C168&ssl=1",1080,168,true],"unipress-wide-screen":["https:\/\/i0.wp.com\/newmobility.news\/wp-content\/uploads\/2025\/01\/Volvo-40.jpg?resize=1350%2C180&ssl=1",1350,180,true]},"post_excerpt_stackable_v2":"<p>Volvo has set a new sales record in Belgium, selling 24.221 cars, a growth of 13.6% compared with 2023, and lifting the brand to sixth position in the top ten most popular brands. That growth was &#8216;fueled&#8217; primarily by its electric cars, with fully electric BEVs accounting for 69%. Adding the plug-inThis content has been archived. Log in or Subscribe to a level that has access to archived content.<\/p>\n","category_list_v2":"<a href=\"https:\/\/newmobility.news\/fr\/category\/belgium\/\" rel=\"category tag\">Belgium<\/a>, <a href=\"https:\/\/newmobility.news\/fr\/category\/industry\/\" rel=\"category tag\">Industry<\/a>, <a href=\"https:\/\/newmobility.news\/fr\/category\/market\/\" rel=\"category tag\">Market<\/a>, <a href=\"https:\/\/newmobility.news\/fr\/category\/top-stories-today\/\" rel=\"category tag\">Top Stories Today<\/a>, <a href=\"https:\/\/newmobility.news\/fr\/category\/weekly-newsletter\/\" rel=\"category tag\">Weekly Newsletter<\/a>","author_info_v2":{"name":"Joris Van Roy","url":"https:\/\/newmobility.news\/fr\/author\/jorisximcom-be\/"},"comments_num_v2":"0 comments","yoast_head":"<!-- This site is optimized with the Yoast SEO plugin v27.5 - https:\/\/yoast.com\/product\/yoast-seo-wordpress\/ -->\n<title>Volvo Car Belux sets new sales record with 82% electric - newmobility.news<\/title>\n<meta name=\"robots\" content=\"index, follow, max-snippet:-1, max-image-preview:large, max-video-preview:-1\" \/>\n<link rel=\"canonical\" href=\"https:\/\/newmobility.news\/fr\/2025\/01\/16\/volvo-cars-belux-sets-new-sales-record-with-82-electric\/\" \/>\n<meta property=\"og:locale\" content=\"fr_FR\" \/>\n<meta property=\"og:type\" content=\"article\" \/>\n<meta property=\"og:title\" content=\"Volvo Car Belux sets new sales record with 82% electric - newmobility.news\" \/>\n<meta property=\"og:description\" content=\"Volvo has set a new sales record in Belgium, selling 24.221 cars, a growth of 13.6% compared with 2023, and lifting the brand to sixth position in the top ten most popular brands. That growth was &#039;fueled&#039; primarily by its electric cars, with fully electric BEVs accounting for 69%. Adding the plug-inThis content has been [&hellip;]\" \/>\n<meta property=\"og:url\" content=\"https:\/\/newmobility.news\/fr\/2025\/01\/16\/volvo-cars-belux-sets-new-sales-record-with-82-electric\/\" \/>\n<meta property=\"og:site_name\" content=\"newmobility.news\" \/>\n<meta property=\"article:publisher\" content=\"https:\/\/www.facebook.com\/search\/top\/?q=newmobility.news\" \/>\n<meta property=\"article:published_time\" content=\"2025-01-16T09:27:43+00:00\" \/>\n<meta property=\"article:modified_time\" content=\"2025-01-17T10:39:47+00:00\" \/>\n<meta property=\"og:image\" content=\"https:\/\/newmobility.news\/wp-content\/uploads\/2025\/01\/Volvo-40.jpg\" \/>\n\t<meta property=\"og:image:width\" content=\"1350\" \/>\n\t<meta property=\"og:image:height\" content=\"900\" \/>\n\t<meta property=\"og:image:type\" content=\"image\/jpeg\" \/>\n<meta name=\"author\" content=\"Joris Van Roy\" \/>\n<meta name=\"twitter:card\" content=\"summary_large_image\" \/>\n<meta name=\"twitter:creator\" content=\"@jorisvry\" \/>\n<meta name=\"twitter:site\" content=\"@jorisvry\" \/>\n<meta name=\"twitter:label1\" content=\"\u00c9crit par\" \/>\n\t<meta name=\"twitter:data1\" content=\"Joris Van Roy\" \/>\n\t<meta name=\"twitter:label2\" content=\"Dur\u00e9e de lecture est.\" \/>\n\t<meta name=\"twitter:data2\" content=\"2 minutes\" \/>\n<script type=\"application\/ld+json\" class=\"yoast-schema-graph\">{\"@context\":\"https:\\\/\\\/schema.org\",\"@graph\":[{\"@type\":\"Article\",\"@id\":\"https:\\\/\\\/newmobility.news\\\/2025\\\/01\\\/16\\\/volvo-cars-belux-sets-new-sales-record-with-82-electric\\\/#article\",\"isPartOf\":{\"@id\":\"https:\\\/\\\/newmobility.news\\\/2025\\\/01\\\/16\\\/volvo-cars-belux-sets-new-sales-record-with-82-electric\\\/\"},\"author\":{\"name\":\"Joris Van Roy\",\"@id\":\"https:\\\/\\\/newmobility.news\\\/#\\\/schema\\\/person\\\/c1ae99aef99238aa6a3d2e4fae62ca0d\"},\"headline\":\"Volvo Car Belux sets new sales record with 82% electric\",\"datePublished\":\"2025-01-16T09:27:43+00:00\",\"dateModified\":\"2025-01-17T10:39:47+00:00\",\"mainEntityOfPage\":{\"@id\":\"https:\\\/\\\/newmobility.news\\\/2025\\\/01\\\/16\\\/volvo-cars-belux-sets-new-sales-record-with-82-electric\\\/\"},\"wordCount\":332,\"commentCount\":0,\"publisher\":{\"@id\":\"https:\\\/\\\/newmobility.news\\\/#organization\"},\"image\":{\"@id\":\"https:\\\/\\\/newmobility.news\\\/2025\\\/01\\\/16\\\/volvo-cars-belux-sets-new-sales-record-with-82-electric\\\/#primaryimage\"},\"thumbnailUrl\":\"https:\\\/\\\/i0.wp.com\\\/newmobility.news\\\/wp-content\\\/uploads\\\/2025\\\/01\\\/Volvo-40.jpg?fit=1350%2C900&ssl=1\",\"articleSection\":[\"Belgium\",\"Industry\",\"Market\",\"Top Stories Today\",\"Weekly Newsletter\"],\"inLanguage\":\"fr-BE\",\"potentialAction\":[{\"@type\":\"CommentAction\",\"name\":\"Comment\",\"target\":[\"https:\\\/\\\/newmobility.news\\\/2025\\\/01\\\/16\\\/volvo-cars-belux-sets-new-sales-record-with-82-electric\\\/#respond\"]}]},{\"@type\":\"WebPage\",\"@id\":\"https:\\\/\\\/newmobility.news\\\/2025\\\/01\\\/16\\\/volvo-cars-belux-sets-new-sales-record-with-82-electric\\\/\",\"url\":\"https:\\\/\\\/newmobility.news\\\/2025\\\/01\\\/16\\\/volvo-cars-belux-sets-new-sales-record-with-82-electric\\\/\",\"name\":\"Volvo Car Belux sets new sales record with 82% electric - newmobility.news\",\"isPartOf\":{\"@id\":\"https:\\\/\\\/newmobility.news\\\/#website\"},\"primaryImageOfPage\":{\"@id\":\"https:\\\/\\\/newmobility.news\\\/2025\\\/01\\\/16\\\/volvo-cars-belux-sets-new-sales-record-with-82-electric\\\/#primaryimage\"},\"image\":{\"@id\":\"https:\\\/\\\/newmobility.news\\\/2025\\\/01\\\/16\\\/volvo-cars-belux-sets-new-sales-record-with-82-electric\\\/#primaryimage\"},\"thumbnailUrl\":\"https:\\\/\\\/i0.wp.com\\\/newmobility.news\\\/wp-content\\\/uploads\\\/2025\\\/01\\\/Volvo-40.jpg?fit=1350%2C900&ssl=1\",\"datePublished\":\"2025-01-16T09:27:43+00:00\",\"dateModified\":\"2025-01-17T10:39:47+00:00\",\"breadcrumb\":{\"@id\":\"https:\\\/\\\/newmobility.news\\\/2025\\\/01\\\/16\\\/volvo-cars-belux-sets-new-sales-record-with-82-electric\\\/#breadcrumb\"},\"inLanguage\":\"fr-BE\",\"potentialAction\":[{\"@type\":\"ReadAction\",\"target\":[\"https:\\\/\\\/newmobility.news\\\/2025\\\/01\\\/16\\\/volvo-cars-belux-sets-new-sales-record-with-82-electric\\\/\"]}]},{\"@type\":\"ImageObject\",\"inLanguage\":\"fr-BE\",\"@id\":\"https:\\\/\\\/newmobility.news\\\/2025\\\/01\\\/16\\\/volvo-cars-belux-sets-new-sales-record-with-82-electric\\\/#primaryimage\",\"url\":\"https:\\\/\\\/i0.wp.com\\\/newmobility.news\\\/wp-content\\\/uploads\\\/2025\\\/01\\\/Volvo-40.jpg?fit=1350%2C900&ssl=1\",\"contentUrl\":\"https:\\\/\\\/i0.wp.com\\\/newmobility.news\\\/wp-content\\\/uploads\\\/2025\\\/01\\\/Volvo-40.jpg?fit=1350%2C900&ssl=1\",\"width\":1350,\"height\":900,\"caption\":\"The Volvo factory in Ghent (Belgium) just hit the millionth car of the 40-series produced milestone in October 2024 and is now preparing to add the popular EX30 from April 2025 \\\/Volvo\"},{\"@type\":\"BreadcrumbList\",\"@id\":\"https:\\\/\\\/newmobility.news\\\/2025\\\/01\\\/16\\\/volvo-cars-belux-sets-new-sales-record-with-82-electric\\\/#breadcrumb\",\"itemListElement\":[{\"@type\":\"ListItem\",\"position\":1,\"name\":\"Home\",\"item\":\"https:\\\/\\\/newmobility.news\\\/\"},{\"@type\":\"ListItem\",\"position\":2,\"name\":\"Volvo Car Belux sets new sales record with 82% electric\"}]},{\"@type\":\"WebSite\",\"@id\":\"https:\\\/\\\/newmobility.news\\\/#website\",\"url\":\"https:\\\/\\\/newmobility.news\\\/\",\"name\":\"newmobility.news\",\"description\":\"A B2BNews Agency\u00ae news service for mobility business proessional\",\"publisher\":{\"@id\":\"https:\\\/\\\/newmobility.news\\\/#organization\"},\"potentialAction\":[{\"@type\":\"SearchAction\",\"target\":{\"@type\":\"EntryPoint\",\"urlTemplate\":\"https:\\\/\\\/newmobility.news\\\/?s={search_term_string}\"},\"query-input\":{\"@type\":\"PropertyValueSpecification\",\"valueRequired\":true,\"valueName\":\"search_term_string\"}}],\"inLanguage\":\"fr-BE\"},{\"@type\":\"Organization\",\"@id\":\"https:\\\/\\\/newmobility.news\\\/#organization\",\"name\":\"B2BNews Agency\",\"url\":\"https:\\\/\\\/newmobility.news\\\/\",\"logo\":{\"@type\":\"ImageObject\",\"inLanguage\":\"fr-BE\",\"@id\":\"https:\\\/\\\/newmobility.news\\\/#\\\/schema\\\/logo\\\/image\\\/\",\"url\":\"https:\\\/\\\/newmobility.news\\\/wp-content\\\/uploads\\\/2018\\\/01\\\/b2bnews-agency-logo.png\",\"contentUrl\":\"https:\\\/\\\/newmobility.news\\\/wp-content\\\/uploads\\\/2018\\\/01\\\/b2bnews-agency-logo.png\",\"width\":\"581\",\"height\":\"117\",\"caption\":\"B2BNews Agency\"},\"image\":{\"@id\":\"https:\\\/\\\/newmobility.news\\\/#\\\/schema\\\/logo\\\/image\\\/\"},\"sameAs\":[\"https:\\\/\\\/www.facebook.com\\\/search\\\/top\\\/?q=newmobility.news\",\"https:\\\/\\\/x.com\\\/jorisvry\",\"https:\\\/\\\/www.linkedin.com\\\/in\\\/jorisvanroy\\\/\",\"https:\\\/\\\/nl.pinterest.com\\\/jorisvanroy\\\/\"]},{\"@type\":\"Person\",\"@id\":\"https:\\\/\\\/newmobility.news\\\/#\\\/schema\\\/person\\\/c1ae99aef99238aa6a3d2e4fae62ca0d\",\"name\":\"Joris Van Roy\",\"image\":{\"@type\":\"ImageObject\",\"inLanguage\":\"fr-BE\",\"@id\":\"https:\\\/\\\/secure.gravatar.com\\\/avatar\\\/b82919546c1cd9980bd2bc08f09d294c7cb92b3addd23cb9a4377a7b88b4349b?s=96&d=mm&r=g\",\"url\":\"https:\\\/\\\/secure.gravatar.com\\\/avatar\\\/b82919546c1cd9980bd2bc08f09d294c7cb92b3addd23cb9a4377a7b88b4349b?s=96&d=mm&r=g\",\"contentUrl\":\"https:\\\/\\\/secure.gravatar.com\\\/avatar\\\/b82919546c1cd9980bd2bc08f09d294c7cb92b3addd23cb9a4377a7b88b4349b?s=96&d=mm&r=g\",\"caption\":\"Joris Van Roy\"},\"url\":\"https:\\\/\\\/newmobility.news\\\/fr\\\/author\\\/jorisximcom-be\\\/\"}]}<\/script>\n<!-- \/ Yoast SEO plugin. -->","yoast_head_json":{"title":"Volvo Car Belux \u00e9tablit un nouveau record de ventes avec la 82% \u00e9lectrique - newmobility.news","robots":{"index":"index","follow":"follow","max-snippet":"max-snippet:-1","max-image-preview":"max-image-preview:large","max-video-preview":"max-video-preview:-1"},"canonical":"https:\/\/newmobility.news\/fr\/2025\/01\/16\/volvo-cars-belux-sets-new-sales-record-with-82-electric\/","og_locale":"fr_FR","og_type":"article","og_title":"Volvo Car Belux sets new sales record with 82% electric - newmobility.news","og_description":"Volvo has set a new sales record in Belgium, selling 24.221 cars, a growth of 13.6% compared with 2023, and lifting the brand to sixth position in the top ten most popular brands. That growth was 'fueled' primarily by its electric cars, with fully electric BEVs accounting for 69%. Adding the plug-inThis content has been [&hellip;]","og_url":"https:\/\/newmobility.news\/fr\/2025\/01\/16\/volvo-cars-belux-sets-new-sales-record-with-82-electric\/","og_site_name":"newmobility.news","article_publisher":"https:\/\/www.facebook.com\/search\/top\/?q=newmobility.news","article_published_time":"2025-01-16T09:27:43+00:00","article_modified_time":"2025-01-17T10:39:47+00:00","og_image":[{"width":1350,"height":900,"url":"https:\/\/newmobility.news\/wp-content\/uploads\/2025\/01\/Volvo-40.jpg","type":"image\/jpeg"}],"author":"Joris Van Roy","twitter_card":"summary_large_image","twitter_creator":"@jorisvry","twitter_site":"@jorisvry","twitter_misc":{"\u00c9crit par":"Joris Van Roy","Dur\u00e9e de lecture est.":"2 minutes"},"schema":{"@context":"https:\/\/schema.org","@graph":[{"@type":"Article","@id":"https:\/\/newmobility.news\/2025\/01\/16\/volvo-cars-belux-sets-new-sales-record-with-82-electric\/#article","isPartOf":{"@id":"https:\/\/newmobility.news\/2025\/01\/16\/volvo-cars-belux-sets-new-sales-record-with-82-electric\/"},"author":{"name":"Joris Van Roy","@id":"https:\/\/newmobility.news\/#\/schema\/person\/c1ae99aef99238aa6a3d2e4fae62ca0d"},"headline":"Volvo Car Belux sets new sales record with 82% electric","datePublished":"2025-01-16T09:27:43+00:00","dateModified":"2025-01-17T10:39:47+00:00","mainEntityOfPage":{"@id":"https:\/\/newmobility.news\/2025\/01\/16\/volvo-cars-belux-sets-new-sales-record-with-82-electric\/"},"wordCount":332,"commentCount":0,"publisher":{"@id":"https:\/\/newmobility.news\/#organization"},"image":{"@id":"https:\/\/newmobility.news\/2025\/01\/16\/volvo-cars-belux-sets-new-sales-record-with-82-electric\/#primaryimage"},"thumbnailUrl":"https:\/\/i0.wp.com\/newmobility.news\/wp-content\/uploads\/2025\/01\/Volvo-40.jpg?fit=1350%2C900&ssl=1","articleSection":["Belgium","Industry","Market","Top Stories Today","Weekly Newsletter"],"inLanguage":"fr-BE","potentialAction":[{"@type":"CommentAction","name":"Comment","target":["https:\/\/newmobility.news\/2025\/01\/16\/volvo-cars-belux-sets-new-sales-record-with-82-electric\/#respond"]}]},{"@type":"WebPage","@id":"https:\/\/newmobility.news\/2025\/01\/16\/volvo-cars-belux-sets-new-sales-record-with-82-electric\/","url":"https:\/\/newmobility.news\/2025\/01\/16\/volvo-cars-belux-sets-new-sales-record-with-82-electric\/","name":"Volvo Car Belux \u00e9tablit un nouveau record de ventes avec la 82% \u00e9lectrique - newmobility.news","isPartOf":{"@id":"https:\/\/newmobility.news\/#website"},"primaryImageOfPage":{"@id":"https:\/\/newmobility.news\/2025\/01\/16\/volvo-cars-belux-sets-new-sales-record-with-82-electric\/#primaryimage"},"image":{"@id":"https:\/\/newmobility.news\/2025\/01\/16\/volvo-cars-belux-sets-new-sales-record-with-82-electric\/#primaryimage"},"thumbnailUrl":"https:\/\/i0.wp.com\/newmobility.news\/wp-content\/uploads\/2025\/01\/Volvo-40.jpg?fit=1350%2C900&ssl=1","datePublished":"2025-01-16T09:27:43+00:00","dateModified":"2025-01-17T10:39:47+00:00","breadcrumb":{"@id":"https:\/\/newmobility.news\/2025\/01\/16\/volvo-cars-belux-sets-new-sales-record-with-82-electric\/#breadcrumb"},"inLanguage":"fr-BE","potentialAction":[{"@type":"ReadAction","target":["https:\/\/newmobility.news\/2025\/01\/16\/volvo-cars-belux-sets-new-sales-record-with-82-electric\/"]}]},{"@type":"ImageObject","inLanguage":"fr-BE","@id":"https:\/\/newmobility.news\/2025\/01\/16\/volvo-cars-belux-sets-new-sales-record-with-82-electric\/#primaryimage","url":"https:\/\/i0.wp.com\/newmobility.news\/wp-content\/uploads\/2025\/01\/Volvo-40.jpg?fit=1350%2C900&ssl=1","contentUrl":"https:\/\/i0.wp.com\/newmobility.news\/wp-content\/uploads\/2025\/01\/Volvo-40.jpg?fit=1350%2C900&ssl=1","width":1350,"height":900,"caption":"The Volvo factory in Ghent (Belgium) just hit the millionth car of the 40-series produced milestone in October 2024 and is now preparing to add the popular EX30 from April 2025 \/Volvo"},{"@type":"BreadcrumbList","@id":"https:\/\/newmobility.news\/2025\/01\/16\/volvo-cars-belux-sets-new-sales-record-with-82-electric\/#breadcrumb","itemListElement":[{"@type":"ListItem","position":1,"name":"Home","item":"https:\/\/newmobility.news\/"},{"@type":"ListItem","position":2,"name":"Volvo Car Belux sets new sales record with 82% electric"}]},{"@type":"WebSite","@id":"https:\/\/newmobility.news\/#website","url":"https:\/\/newmobility.news\/","name":"nouveaumobilit\u00e9.actualit\u00e9s","description":"Un service d'information B2BNews Agency\u00ae destin\u00e9 aux professionnels de la mobilit\u00e9","publisher":{"@id":"https:\/\/newmobility.news\/#organization"},"potentialAction":[{"@type":"SearchAction","target":{"@type":"EntryPoint","urlTemplate":"https:\/\/newmobility.news\/?s={search_term_string}"},"query-input":{"@type":"PropertyValueSpecification","valueRequired":true,"valueName":"search_term_string"}}],"inLanguage":"fr-BE"},{"@type":"Organization","@id":"https:\/\/newmobility.news\/#organization","name":"Agence de presse B2BNews","url":"https:\/\/newmobility.news\/","logo":{"@type":"ImageObject","inLanguage":"fr-BE","@id":"https:\/\/newmobility.news\/#\/schema\/logo\/image\/","url":"https:\/\/newmobility.news\/wp-content\/uploads\/2018\/01\/b2bnews-agency-logo.png","contentUrl":"https:\/\/newmobility.news\/wp-content\/uploads\/2018\/01\/b2bnews-agency-logo.png","width":"581","height":"117","caption":"B2BNews Agency"},"image":{"@id":"https:\/\/newmobility.news\/#\/schema\/logo\/image\/"},"sameAs":["https:\/\/www.facebook.com\/search\/top\/?q=newmobility.news","https:\/\/x.com\/jorisvry","https:\/\/www.linkedin.com\/in\/jorisvanroy\/","https:\/\/nl.pinterest.com\/jorisvanroy\/"]},{"@type":"Person","@id":"https:\/\/newmobility.news\/#\/schema\/person\/c1ae99aef99238aa6a3d2e4fae62ca0d","name":"Joris Van Roy","image":{"@type":"ImageObject","inLanguage":"fr-BE","@id":"https:\/\/secure.gravatar.com\/avatar\/b82919546c1cd9980bd2bc08f09d294c7cb92b3addd23cb9a4377a7b88b4349b?s=96&d=mm&r=g","url":"https:\/\/secure.gravatar.com\/avatar\/b82919546c1cd9980bd2bc08f09d294c7cb92b3addd23cb9a4377a7b88b4349b?s=96&d=mm&r=g","contentUrl":"https:\/\/secure.gravatar.com\/avatar\/b82919546c1cd9980bd2bc08f09d294c7cb92b3addd23cb9a4377a7b88b4349b?s=96&d=mm&r=g","caption":"Joris Van Roy"},"url":"https:\/\/newmobility.news\/fr\/author\/jorisximcom-be\/"}]}},"jetpack_publicize_connections":[],"jetpack_featured_media_url":"https:\/\/i0.wp.com\/newmobility.news\/wp-content\/uploads\/2025\/01\/Volvo-40.jpg?fit=1350%2C900&ssl=1","jetpack_shortlink":"https:\/\/wp.me\/p9wJdU-G6W","jetpack_sharing_enabled":true,"jetpack_likes_enabled":true,"jetpack-related-posts":[],"_links":{"self":[{"href":"https:\/\/newmobility.news\/fr\/wp-json\/wp\/v2\/posts\/161878","targetHints":{"allow":["GET"]}}],"collection":[{"href":"https:\/\/newmobility.news\/fr\/wp-json\/wp\/v2\/posts"}],"about":[{"href":"https:\/\/newmobility.news\/fr\/wp-json\/wp\/v2\/types\/post"}],"author":[{"embeddable":true,"href":"https:\/\/newmobility.news\/fr\/wp-json\/wp\/v2\/users\/21"}],"replies":[{"embeddable":true,"href":"https:\/\/newmobility.news\/fr\/wp-json\/wp\/v2\/comments?post=161878"}],"version-history":[{"count":0,"href":"https:\/\/newmobility.news\/fr\/wp-json\/wp\/v2\/posts\/161878\/revisions"}],"wp:featuredmedia":[{"embeddable":true,"href":"https:\/\/newmobility.news\/fr\/wp-json\/wp\/v2\/media\/161897"}],"wp:attachment":[{"href":"https:\/\/newmobility.news\/fr\/wp-json\/wp\/v2\/media?parent=161878"}],"wp:term":[{"taxonomy":"category","embeddable":true,"href":"https:\/\/newmobility.news\/fr\/wp-json\/wp\/v2\/categories?post=161878"},{"taxonomy":"post_tag","embeddable":true,"href":"https:\/\/newmobility.news\/fr\/wp-json\/wp\/v2\/tags?post=161878"}],"curies":[{"name":"wp","href":"https:\/\/api.w.org\/{rel}","templated":true}]}}