{"id":161895,"date":"2025-01-16T18:16:44","date_gmt":"2025-01-16T17:16:44","guid":{"rendered":"https:\/\/newmobility.news\/?p=161895"},"modified":"2025-01-17T11:26:45","modified_gmt":"2025-01-17T10:26:45","slug":"lufthansas-jorg-eberhart-new-top-executive-ita-airways","status":"publish","type":"post","link":"https:\/\/newmobility.news\/fr\/2025\/01\/16\/lufthansas-jorg-eberhart-new-top-executive-ita-airways\/","title":{"rendered":"J\u00f6rg Eberhart, de Lufthansa, nouveau directeur g\u00e9n\u00e9ral d'ITA Airways"},"content":{"rendered":"L'Allemand J\u00f6rg Eberhart, cadre chez Lufthansa, deviendra le nouveau PDG d'ITA Airways, la compagnie a\u00e9rienne publique issue de la faillite d'Alitalia. La d\u00e9signation de l'\u00c9tat italien officialise ainsi l'entr\u00e9e du groupe allemand dans le capital d'ITA Airways.\r\n\r\nL'Italienne Lorenza Maggio, vice-pr\u00e9sidente de sa<div class=\"leaky_paywall_message_wrap\"><div id=\"leaky_paywall_message\">Ce contenu a \u00e9t\u00e9 archiv\u00e9. <a href=\"https:\/\/newmobility.news\/fr\/subscription\/\">Connectez-vous ou inscrivez-vous<\/a> \u00e0 un niveau qui donne acc\u00e8s au contenu archiv\u00e9.<\/div><\/div>","protected":false},"excerpt":{"rendered":"<p>German J\u00f6rg Eberhart, a manager at Lufthansa, will become the new CEO of ITA Airways, the state-owned airline that emerged from bankrupt Alitalia. The Italian state&#8217;s designation thus also formalizes the German group&#8217;s entry into ITA Airways&#8217; capital. Italian Lorenza Maggio, vice president of saThis content has been archived. Log in or Subscribe to a [&hellip;]<\/p>\n","protected":false},"author":164,"featured_media":161915,"comment_status":"open","ping_status":"closed","sticky":false,"template":"","format":"standard","meta":{"_acf_changed":false,"jetpack_post_was_ever_published":false,"_jetpack_newsletter_access":"","_jetpack_dont_email_post_to_subs":false,"_jetpack_newsletter_tier_id":0,"_jetpack_memberships_contains_paywalled_content":false,"_jetpack_memberships_contains_paid_content":false,"footnotes":"","jetpack_publicize_message":"","jetpack_publicize_feature_enabled":true,"jetpack_social_post_already_shared":true,"jetpack_social_options":{"image_generator_settings":{"template":"highway","default_image_id":0,"font":"","enabled":false},"version":2},"_wpas_customize_per_network":false},"categories":[77152,7,4],"tags":[],"class_list":["post-161895","post","type-post","status-publish","format-standard","has-post-thumbnail","hentry","category-aviation","category-mobility","category-top-stories-today"],"acf":[],"featured_image_urls_v2":{"full":["https:\/\/i0.wp.com\/newmobility.news\/wp-content\/uploads\/2025\/01\/800_eberhart-maggio.png?fit=800%2C450&ssl=1",800,450,false],"thumbnail":["https:\/\/i0.wp.com\/newmobility.news\/wp-content\/uploads\/2025\/01\/800_eberhart-maggio.png?resize=150%2C150&ssl=1",150,150,true],"medium":["https:\/\/i0.wp.com\/newmobility.news\/wp-content\/uploads\/2025\/01\/800_eberhart-maggio.png?fit=300%2C169&ssl=1",300,169,true],"medium_large":["https:\/\/i0.wp.com\/newmobility.news\/wp-content\/uploads\/2025\/01\/800_eberhart-maggio.png?fit=640%2C360&ssl=1",640,360,true],"large":["https:\/\/i0.wp.com\/newmobility.news\/wp-content\/uploads\/2025\/01\/800_eberhart-maggio.png?fit=640%2C360&ssl=1",640,360,true],"1536x1536":["https:\/\/i0.wp.com\/newmobility.news\/wp-content\/uploads\/2025\/01\/800_eberhart-maggio.png?fit=800%2C450&ssl=1",800,450,true],"2048x2048":["https:\/\/i0.wp.com\/newmobility.news\/wp-content\/uploads\/2025\/01\/800_eberhart-maggio.png?fit=800%2C450&ssl=1",800,450,true],"trp-custom-language-flag":["https:\/\/i0.wp.com\/newmobility.news\/wp-content\/uploads\/2025\/01\/800_eberhart-maggio.png?fit=18%2C10&ssl=1",18,10,true],"related-thumb":["https:\/\/i0.wp.com\/newmobility.news\/wp-content\/uploads\/2025\/01\/800_eberhart-maggio.png?resize=640%2C450&ssl=1",640,450,true],"gform-image-choice-sm":["https:\/\/i0.wp.com\/newmobility.news\/wp-content\/uploads\/2025\/01\/800_eberhart-maggio.png?resize=300%2C300&ssl=1",300,300,true],"gform-image-choice-md":["https:\/\/i0.wp.com\/newmobility.news\/wp-content\/uploads\/2025\/01\/800_eberhart-maggio.png?resize=400%2C400&ssl=1",400,400,true],"gform-image-choice-lg":["https:\/\/i0.wp.com\/newmobility.news\/wp-content\/uploads\/2025\/01\/800_eberhart-maggio.png?resize=600%2C450&ssl=1",600,450,true],"mailchimp":["https:\/\/i0.wp.com\/newmobility.news\/wp-content\/uploads\/2025\/01\/800_eberhart-maggio.png?fit=560%2C315&ssl=1",560,315,true],"unipress-phone":["https:\/\/i0.wp.com\/newmobility.news\/wp-content\/uploads\/2025\/01\/800_eberhart-maggio.png?resize=640%2C100&ssl=1",640,100,true],"unipress-tablet":["https:\/\/i0.wp.com\/newmobility.news\/wp-content\/uploads\/2025\/01\/800_eberhart-maggio.png?resize=800%2C240&ssl=1",800,240,true],"unipress-tablet-portrait":["https:\/\/i0.wp.com\/newmobility.news\/wp-content\/uploads\/2025\/01\/800_eberhart-maggio.png?resize=800%2C180&ssl=1",800,180,true],"unipress-tablet-landscape":["https:\/\/i0.wp.com\/newmobility.news\/wp-content\/uploads\/2025\/01\/800_eberhart-maggio.png?resize=800%2C180&ssl=1",800,180,true],"unipress-smartphone":["https:\/\/i0.wp.com\/newmobility.news\/wp-content\/uploads\/2025\/01\/800_eberhart-maggio.png?resize=800%2C168&ssl=1",800,168,true],"unipress-wide-screen":["https:\/\/i0.wp.com\/newmobility.news\/wp-content\/uploads\/2025\/01\/800_eberhart-maggio.png?resize=800%2C180&ssl=1",800,180,true]},"post_excerpt_stackable_v2":"<p>German J\u00f6rg Eberhart, a manager at Lufthansa, will become the new CEO of ITA Airways, the state-owned airline that emerged from bankrupt Alitalia. The Italian state&#8217;s designation thus also formalizes the German group&#8217;s entry into ITA Airways&#8217; capital. Italian Lorenza Maggio, vice president of saThis content has been archived. Log in or Subscribe to a level that has access to archived content.<\/p>\n","category_list_v2":"<a href=\"https:\/\/newmobility.news\/fr\/category\/aviation\/\" rel=\"category tag\">Aviation<\/a>, <a href=\"https:\/\/newmobility.news\/fr\/category\/mobility\/\" rel=\"category tag\">Mobility<\/a>, <a href=\"https:\/\/newmobility.news\/fr\/category\/top-stories-today\/\" rel=\"category tag\">Top Stories Today<\/a>","author_info_v2":{"name":"Luc Joris","url":"https:\/\/newmobility.news\/fr\/author\/belga-5\/"},"comments_num_v2":"0 comments","yoast_head":"<!-- This site is optimized with the Yoast SEO plugin v27.5 - https:\/\/yoast.com\/product\/yoast-seo-wordpress\/ -->\n<title>Lufthansa&#039;s J\u00f6rg Eberhart new top executive ITA Airways - newmobility.news<\/title>\n<meta name=\"robots\" content=\"index, follow, max-snippet:-1, max-image-preview:large, max-video-preview:-1\" \/>\n<link rel=\"canonical\" href=\"https:\/\/newmobility.news\/fr\/2025\/01\/16\/lufthansas-jorg-eberhart-new-top-executive-ita-airways\/\" \/>\n<meta property=\"og:locale\" content=\"fr_FR\" \/>\n<meta property=\"og:type\" content=\"article\" \/>\n<meta property=\"og:title\" content=\"Lufthansa&#039;s J\u00f6rg Eberhart new top executive ITA Airways - newmobility.news\" \/>\n<meta property=\"og:description\" content=\"German J\u00f6rg Eberhart, a manager at Lufthansa, will become the new CEO of ITA Airways, the state-owned airline that emerged from bankrupt Alitalia. The Italian state&#039;s designation thus also formalizes the German group&#039;s entry into ITA Airways&#039; capital. Italian Lorenza Maggio, vice president of saThis content has been archived. Log in or Subscribe to a [&hellip;]\" \/>\n<meta property=\"og:url\" content=\"https:\/\/newmobility.news\/fr\/2025\/01\/16\/lufthansas-jorg-eberhart-new-top-executive-ita-airways\/\" \/>\n<meta property=\"og:site_name\" content=\"newmobility.news\" \/>\n<meta property=\"article:publisher\" content=\"https:\/\/www.facebook.com\/search\/top\/?q=newmobility.news\" \/>\n<meta property=\"article:published_time\" content=\"2025-01-16T17:16:44+00:00\" \/>\n<meta property=\"article:modified_time\" content=\"2025-01-17T10:26:45+00:00\" \/>\n<meta property=\"og:image\" content=\"https:\/\/newmobility.news\/wp-content\/uploads\/2025\/01\/800_eberhart-maggio.png\" \/>\n\t<meta property=\"og:image:width\" content=\"800\" \/>\n\t<meta property=\"og:image:height\" content=\"450\" \/>\n\t<meta property=\"og:image:type\" content=\"image\/png\" \/>\n<meta name=\"author\" content=\"Luc Joris\" \/>\n<meta name=\"twitter:card\" content=\"summary_large_image\" \/>\n<meta name=\"twitter:creator\" content=\"@jorisvry\" \/>\n<meta name=\"twitter:site\" content=\"@jorisvry\" \/>\n<meta name=\"twitter:label1\" content=\"\u00c9crit par\" \/>\n\t<meta name=\"twitter:data1\" content=\"Luc Joris\" \/>\n\t<meta name=\"twitter:label2\" content=\"Dur\u00e9e de lecture est.\" \/>\n\t<meta name=\"twitter:data2\" content=\"2 minutes\" \/>\n<script type=\"application\/ld+json\" class=\"yoast-schema-graph\">{\"@context\":\"https:\\\/\\\/schema.org\",\"@graph\":[{\"@type\":\"Article\",\"@id\":\"https:\\\/\\\/newmobility.news\\\/2025\\\/01\\\/16\\\/lufthansas-jorg-eberhart-new-top-executive-ita-airways\\\/#article\",\"isPartOf\":{\"@id\":\"https:\\\/\\\/newmobility.news\\\/2025\\\/01\\\/16\\\/lufthansas-jorg-eberhart-new-top-executive-ita-airways\\\/\"},\"author\":{\"name\":\"Luc Joris\",\"@id\":\"https:\\\/\\\/newmobility.news\\\/#\\\/schema\\\/person\\\/a31e684b1039b4a94985a9aae156f28b\"},\"headline\":\"Lufthansa&#8217;s J\u00f6rg Eberhart new top executive ITA Airways\",\"datePublished\":\"2025-01-16T17:16:44+00:00\",\"dateModified\":\"2025-01-17T10:26:45+00:00\",\"mainEntityOfPage\":{\"@id\":\"https:\\\/\\\/newmobility.news\\\/2025\\\/01\\\/16\\\/lufthansas-jorg-eberhart-new-top-executive-ita-airways\\\/\"},\"wordCount\":268,\"commentCount\":0,\"publisher\":{\"@id\":\"https:\\\/\\\/newmobility.news\\\/#organization\"},\"image\":{\"@id\":\"https:\\\/\\\/newmobility.news\\\/2025\\\/01\\\/16\\\/lufthansas-jorg-eberhart-new-top-executive-ita-airways\\\/#primaryimage\"},\"thumbnailUrl\":\"https:\\\/\\\/i0.wp.com\\\/newmobility.news\\\/wp-content\\\/uploads\\\/2025\\\/01\\\/800_eberhart-maggio.png?fit=800%2C450&ssl=1\",\"articleSection\":[\"Aviation\",\"Mobility\",\"Top Stories Today\"],\"inLanguage\":\"fr-BE\",\"potentialAction\":[{\"@type\":\"CommentAction\",\"name\":\"Comment\",\"target\":[\"https:\\\/\\\/newmobility.news\\\/2025\\\/01\\\/16\\\/lufthansas-jorg-eberhart-new-top-executive-ita-airways\\\/#respond\"]}]},{\"@type\":\"WebPage\",\"@id\":\"https:\\\/\\\/newmobility.news\\\/2025\\\/01\\\/16\\\/lufthansas-jorg-eberhart-new-top-executive-ita-airways\\\/\",\"url\":\"https:\\\/\\\/newmobility.news\\\/2025\\\/01\\\/16\\\/lufthansas-jorg-eberhart-new-top-executive-ita-airways\\\/\",\"name\":\"Lufthansa's J\u00f6rg Eberhart new top executive ITA Airways - newmobility.news\",\"isPartOf\":{\"@id\":\"https:\\\/\\\/newmobility.news\\\/#website\"},\"primaryImageOfPage\":{\"@id\":\"https:\\\/\\\/newmobility.news\\\/2025\\\/01\\\/16\\\/lufthansas-jorg-eberhart-new-top-executive-ita-airways\\\/#primaryimage\"},\"image\":{\"@id\":\"https:\\\/\\\/newmobility.news\\\/2025\\\/01\\\/16\\\/lufthansas-jorg-eberhart-new-top-executive-ita-airways\\\/#primaryimage\"},\"thumbnailUrl\":\"https:\\\/\\\/i0.wp.com\\\/newmobility.news\\\/wp-content\\\/uploads\\\/2025\\\/01\\\/800_eberhart-maggio.png?fit=800%2C450&ssl=1\",\"datePublished\":\"2025-01-16T17:16:44+00:00\",\"dateModified\":\"2025-01-17T10:26:45+00:00\",\"breadcrumb\":{\"@id\":\"https:\\\/\\\/newmobility.news\\\/2025\\\/01\\\/16\\\/lufthansas-jorg-eberhart-new-top-executive-ita-airways\\\/#breadcrumb\"},\"inLanguage\":\"fr-BE\",\"potentialAction\":[{\"@type\":\"ReadAction\",\"target\":[\"https:\\\/\\\/newmobility.news\\\/2025\\\/01\\\/16\\\/lufthansas-jorg-eberhart-new-top-executive-ita-airways\\\/\"]}]},{\"@type\":\"ImageObject\",\"inLanguage\":\"fr-BE\",\"@id\":\"https:\\\/\\\/newmobility.news\\\/2025\\\/01\\\/16\\\/lufthansas-jorg-eberhart-new-top-executive-ita-airways\\\/#primaryimage\",\"url\":\"https:\\\/\\\/i0.wp.com\\\/newmobility.news\\\/wp-content\\\/uploads\\\/2025\\\/01\\\/800_eberhart-maggio.png?fit=800%2C450&ssl=1\",\"contentUrl\":\"https:\\\/\\\/i0.wp.com\\\/newmobility.news\\\/wp-content\\\/uploads\\\/2025\\\/01\\\/800_eberhart-maggio.png?fit=800%2C450&ssl=1\",\"width\":800,\"height\":450,\"caption\":\"J\u00f6rg Eberhart and Lorenza Maggio have been put forward by the Lufthansa Group to lead ITA Airways as CEO and chairman of the board, respectively \\\/Lufthansa\"},{\"@type\":\"BreadcrumbList\",\"@id\":\"https:\\\/\\\/newmobility.news\\\/2025\\\/01\\\/16\\\/lufthansas-jorg-eberhart-new-top-executive-ita-airways\\\/#breadcrumb\",\"itemListElement\":[{\"@type\":\"ListItem\",\"position\":1,\"name\":\"Home\",\"item\":\"https:\\\/\\\/newmobility.news\\\/\"},{\"@type\":\"ListItem\",\"position\":2,\"name\":\"Lufthansa&#8217;s J\u00f6rg Eberhart new top executive ITA Airways\"}]},{\"@type\":\"WebSite\",\"@id\":\"https:\\\/\\\/newmobility.news\\\/#website\",\"url\":\"https:\\\/\\\/newmobility.news\\\/\",\"name\":\"newmobility.news\",\"description\":\"A B2BNews Agency\u00ae news service for mobility business proessional\",\"publisher\":{\"@id\":\"https:\\\/\\\/newmobility.news\\\/#organization\"},\"potentialAction\":[{\"@type\":\"SearchAction\",\"target\":{\"@type\":\"EntryPoint\",\"urlTemplate\":\"https:\\\/\\\/newmobility.news\\\/?s={search_term_string}\"},\"query-input\":{\"@type\":\"PropertyValueSpecification\",\"valueRequired\":true,\"valueName\":\"search_term_string\"}}],\"inLanguage\":\"fr-BE\"},{\"@type\":\"Organization\",\"@id\":\"https:\\\/\\\/newmobility.news\\\/#organization\",\"name\":\"B2BNews Agency\",\"url\":\"https:\\\/\\\/newmobility.news\\\/\",\"logo\":{\"@type\":\"ImageObject\",\"inLanguage\":\"fr-BE\",\"@id\":\"https:\\\/\\\/newmobility.news\\\/#\\\/schema\\\/logo\\\/image\\\/\",\"url\":\"https:\\\/\\\/newmobility.news\\\/wp-content\\\/uploads\\\/2018\\\/01\\\/b2bnews-agency-logo.png\",\"contentUrl\":\"https:\\\/\\\/newmobility.news\\\/wp-content\\\/uploads\\\/2018\\\/01\\\/b2bnews-agency-logo.png\",\"width\":\"581\",\"height\":\"117\",\"caption\":\"B2BNews Agency\"},\"image\":{\"@id\":\"https:\\\/\\\/newmobility.news\\\/#\\\/schema\\\/logo\\\/image\\\/\"},\"sameAs\":[\"https:\\\/\\\/www.facebook.com\\\/search\\\/top\\\/?q=newmobility.news\",\"https:\\\/\\\/x.com\\\/jorisvry\",\"https:\\\/\\\/www.linkedin.com\\\/in\\\/jorisvanroy\\\/\",\"https:\\\/\\\/nl.pinterest.com\\\/jorisvanroy\\\/\"]},{\"@type\":\"Person\",\"@id\":\"https:\\\/\\\/newmobility.news\\\/#\\\/schema\\\/person\\\/a31e684b1039b4a94985a9aae156f28b\",\"name\":\"Luc Joris\",\"image\":{\"@type\":\"ImageObject\",\"inLanguage\":\"fr-BE\",\"@id\":\"https:\\\/\\\/secure.gravatar.com\\\/avatar\\\/9e27cf9984ae903174b14c7dd33d523290f03fd71803b04bc6e486c7259b2920?s=96&d=mm&r=g\",\"url\":\"https:\\\/\\\/secure.gravatar.com\\\/avatar\\\/9e27cf9984ae903174b14c7dd33d523290f03fd71803b04bc6e486c7259b2920?s=96&d=mm&r=g\",\"contentUrl\":\"https:\\\/\\\/secure.gravatar.com\\\/avatar\\\/9e27cf9984ae903174b14c7dd33d523290f03fd71803b04bc6e486c7259b2920?s=96&d=mm&r=g\",\"caption\":\"Luc Joris\"},\"url\":\"https:\\\/\\\/newmobility.news\\\/fr\\\/author\\\/belga-5\\\/\"}]}<\/script>\n<!-- \/ Yoast SEO plugin. -->","yoast_head_json":{"title":"J\u00f6rg Eberhart de Lufthansa devient le nouveau dirigeant d'ITA Airways - newmobility.news","robots":{"index":"index","follow":"follow","max-snippet":"max-snippet:-1","max-image-preview":"max-image-preview:large","max-video-preview":"max-video-preview:-1"},"canonical":"https:\/\/newmobility.news\/fr\/2025\/01\/16\/lufthansas-jorg-eberhart-new-top-executive-ita-airways\/","og_locale":"fr_FR","og_type":"article","og_title":"Lufthansa's J\u00f6rg Eberhart new top executive ITA Airways - newmobility.news","og_description":"German J\u00f6rg Eberhart, a manager at Lufthansa, will become the new CEO of ITA Airways, the state-owned airline that emerged from bankrupt Alitalia. The Italian state's designation thus also formalizes the German group's entry into ITA Airways' capital. Italian Lorenza Maggio, vice president of saThis content has been archived. Log in or Subscribe to a [&hellip;]","og_url":"https:\/\/newmobility.news\/fr\/2025\/01\/16\/lufthansas-jorg-eberhart-new-top-executive-ita-airways\/","og_site_name":"newmobility.news","article_publisher":"https:\/\/www.facebook.com\/search\/top\/?q=newmobility.news","article_published_time":"2025-01-16T17:16:44+00:00","article_modified_time":"2025-01-17T10:26:45+00:00","og_image":[{"width":800,"height":450,"url":"https:\/\/newmobility.news\/wp-content\/uploads\/2025\/01\/800_eberhart-maggio.png","type":"image\/png"}],"author":"Luc Joris","twitter_card":"summary_large_image","twitter_creator":"@jorisvry","twitter_site":"@jorisvry","twitter_misc":{"\u00c9crit par":"Luc Joris","Dur\u00e9e de lecture est.":"2 minutes"},"schema":{"@context":"https:\/\/schema.org","@graph":[{"@type":"Article","@id":"https:\/\/newmobility.news\/2025\/01\/16\/lufthansas-jorg-eberhart-new-top-executive-ita-airways\/#article","isPartOf":{"@id":"https:\/\/newmobility.news\/2025\/01\/16\/lufthansas-jorg-eberhart-new-top-executive-ita-airways\/"},"author":{"name":"Luc Joris","@id":"https:\/\/newmobility.news\/#\/schema\/person\/a31e684b1039b4a94985a9aae156f28b"},"headline":"Lufthansa&#8217;s J\u00f6rg Eberhart new top executive ITA Airways","datePublished":"2025-01-16T17:16:44+00:00","dateModified":"2025-01-17T10:26:45+00:00","mainEntityOfPage":{"@id":"https:\/\/newmobility.news\/2025\/01\/16\/lufthansas-jorg-eberhart-new-top-executive-ita-airways\/"},"wordCount":268,"commentCount":0,"publisher":{"@id":"https:\/\/newmobility.news\/#organization"},"image":{"@id":"https:\/\/newmobility.news\/2025\/01\/16\/lufthansas-jorg-eberhart-new-top-executive-ita-airways\/#primaryimage"},"thumbnailUrl":"https:\/\/i0.wp.com\/newmobility.news\/wp-content\/uploads\/2025\/01\/800_eberhart-maggio.png?fit=800%2C450&ssl=1","articleSection":["Aviation","Mobility","Top Stories Today"],"inLanguage":"fr-BE","potentialAction":[{"@type":"CommentAction","name":"Comment","target":["https:\/\/newmobility.news\/2025\/01\/16\/lufthansas-jorg-eberhart-new-top-executive-ita-airways\/#respond"]}]},{"@type":"WebPage","@id":"https:\/\/newmobility.news\/2025\/01\/16\/lufthansas-jorg-eberhart-new-top-executive-ita-airways\/","url":"https:\/\/newmobility.news\/2025\/01\/16\/lufthansas-jorg-eberhart-new-top-executive-ita-airways\/","name":"J\u00f6rg Eberhart de Lufthansa devient le nouveau dirigeant d'ITA Airways - newmobility.news","isPartOf":{"@id":"https:\/\/newmobility.news\/#website"},"primaryImageOfPage":{"@id":"https:\/\/newmobility.news\/2025\/01\/16\/lufthansas-jorg-eberhart-new-top-executive-ita-airways\/#primaryimage"},"image":{"@id":"https:\/\/newmobility.news\/2025\/01\/16\/lufthansas-jorg-eberhart-new-top-executive-ita-airways\/#primaryimage"},"thumbnailUrl":"https:\/\/i0.wp.com\/newmobility.news\/wp-content\/uploads\/2025\/01\/800_eberhart-maggio.png?fit=800%2C450&ssl=1","datePublished":"2025-01-16T17:16:44+00:00","dateModified":"2025-01-17T10:26:45+00:00","breadcrumb":{"@id":"https:\/\/newmobility.news\/2025\/01\/16\/lufthansas-jorg-eberhart-new-top-executive-ita-airways\/#breadcrumb"},"inLanguage":"fr-BE","potentialAction":[{"@type":"ReadAction","target":["https:\/\/newmobility.news\/2025\/01\/16\/lufthansas-jorg-eberhart-new-top-executive-ita-airways\/"]}]},{"@type":"ImageObject","inLanguage":"fr-BE","@id":"https:\/\/newmobility.news\/2025\/01\/16\/lufthansas-jorg-eberhart-new-top-executive-ita-airways\/#primaryimage","url":"https:\/\/i0.wp.com\/newmobility.news\/wp-content\/uploads\/2025\/01\/800_eberhart-maggio.png?fit=800%2C450&ssl=1","contentUrl":"https:\/\/i0.wp.com\/newmobility.news\/wp-content\/uploads\/2025\/01\/800_eberhart-maggio.png?fit=800%2C450&ssl=1","width":800,"height":450,"caption":"J\u00f6rg Eberhart and Lorenza Maggio have been put forward by the Lufthansa Group to lead ITA Airways as CEO and chairman of the board, respectively \/Lufthansa"},{"@type":"BreadcrumbList","@id":"https:\/\/newmobility.news\/2025\/01\/16\/lufthansas-jorg-eberhart-new-top-executive-ita-airways\/#breadcrumb","itemListElement":[{"@type":"ListItem","position":1,"name":"Home","item":"https:\/\/newmobility.news\/"},{"@type":"ListItem","position":2,"name":"Lufthansa&#8217;s J\u00f6rg Eberhart new top executive ITA Airways"}]},{"@type":"WebSite","@id":"https:\/\/newmobility.news\/#website","url":"https:\/\/newmobility.news\/","name":"nouveaumobilit\u00e9.actualit\u00e9s","description":"Un service d'information B2BNews Agency\u00ae destin\u00e9 aux professionnels de la mobilit\u00e9","publisher":{"@id":"https:\/\/newmobility.news\/#organization"},"potentialAction":[{"@type":"SearchAction","target":{"@type":"EntryPoint","urlTemplate":"https:\/\/newmobility.news\/?s={search_term_string}"},"query-input":{"@type":"PropertyValueSpecification","valueRequired":true,"valueName":"search_term_string"}}],"inLanguage":"fr-BE"},{"@type":"Organization","@id":"https:\/\/newmobility.news\/#organization","name":"Agence de presse B2BNews","url":"https:\/\/newmobility.news\/","logo":{"@type":"ImageObject","inLanguage":"fr-BE","@id":"https:\/\/newmobility.news\/#\/schema\/logo\/image\/","url":"https:\/\/newmobility.news\/wp-content\/uploads\/2018\/01\/b2bnews-agency-logo.png","contentUrl":"https:\/\/newmobility.news\/wp-content\/uploads\/2018\/01\/b2bnews-agency-logo.png","width":"581","height":"117","caption":"B2BNews Agency"},"image":{"@id":"https:\/\/newmobility.news\/#\/schema\/logo\/image\/"},"sameAs":["https:\/\/www.facebook.com\/search\/top\/?q=newmobility.news","https:\/\/x.com\/jorisvry","https:\/\/www.linkedin.com\/in\/jorisvanroy\/","https:\/\/nl.pinterest.com\/jorisvanroy\/"]},{"@type":"Person","@id":"https:\/\/newmobility.news\/#\/schema\/person\/a31e684b1039b4a94985a9aae156f28b","name":"Luc Joris","image":{"@type":"ImageObject","inLanguage":"fr-BE","@id":"https:\/\/secure.gravatar.com\/avatar\/9e27cf9984ae903174b14c7dd33d523290f03fd71803b04bc6e486c7259b2920?s=96&d=mm&r=g","url":"https:\/\/secure.gravatar.com\/avatar\/9e27cf9984ae903174b14c7dd33d523290f03fd71803b04bc6e486c7259b2920?s=96&d=mm&r=g","contentUrl":"https:\/\/secure.gravatar.com\/avatar\/9e27cf9984ae903174b14c7dd33d523290f03fd71803b04bc6e486c7259b2920?s=96&d=mm&r=g","caption":"Luc Joris"},"url":"https:\/\/newmobility.news\/fr\/author\/belga-5\/"}]}},"jetpack_publicize_connections":[],"jetpack_featured_media_url":"https:\/\/i0.wp.com\/newmobility.news\/wp-content\/uploads\/2025\/01\/800_eberhart-maggio.png?fit=800%2C450&ssl=1","jetpack_shortlink":"https:\/\/wp.me\/p9wJdU-G7d","jetpack_sharing_enabled":true,"jetpack_likes_enabled":true,"jetpack-related-posts":[],"_links":{"self":[{"href":"https:\/\/newmobility.news\/fr\/wp-json\/wp\/v2\/posts\/161895","targetHints":{"allow":["GET"]}}],"collection":[{"href":"https:\/\/newmobility.news\/fr\/wp-json\/wp\/v2\/posts"}],"about":[{"href":"https:\/\/newmobility.news\/fr\/wp-json\/wp\/v2\/types\/post"}],"author":[{"embeddable":true,"href":"https:\/\/newmobility.news\/fr\/wp-json\/wp\/v2\/users\/164"}],"replies":[{"embeddable":true,"href":"https:\/\/newmobility.news\/fr\/wp-json\/wp\/v2\/comments?post=161895"}],"version-history":[{"count":0,"href":"https:\/\/newmobility.news\/fr\/wp-json\/wp\/v2\/posts\/161895\/revisions"}],"wp:featuredmedia":[{"embeddable":true,"href":"https:\/\/newmobility.news\/fr\/wp-json\/wp\/v2\/media\/161915"}],"wp:attachment":[{"href":"https:\/\/newmobility.news\/fr\/wp-json\/wp\/v2\/media?parent=161895"}],"wp:term":[{"taxonomy":"category","embeddable":true,"href":"https:\/\/newmobility.news\/fr\/wp-json\/wp\/v2\/categories?post=161895"},{"taxonomy":"post_tag","embeddable":true,"href":"https:\/\/newmobility.news\/fr\/wp-json\/wp\/v2\/tags?post=161895"}],"curies":[{"name":"wp","href":"https:\/\/api.w.org\/{rel}","templated":true}]}}