{"id":162095,"date":"2025-01-22T12:10:46","date_gmt":"2025-01-22T11:10:46","guid":{"rendered":"https:\/\/newmobility.news\/?p=162095"},"modified":"2025-01-22T12:06:01","modified_gmt":"2025-01-22T11:06:01","slug":"de-lijns-bus-problem-continues-300-with-more-than-1-million-km","status":"publish","type":"post","link":"https:\/\/newmobility.news\/fr\/2025\/01\/22\/de-lijns-bus-problem-continues-300-with-more-than-1-million-km\/","title":{"rendered":"Le probl\u00e8me des bus De Lijn persiste : 300 d'entre eux ont parcouru plus d'un million de kilom\u00e8tres."},"content":{"rendered":"Les chiffres demand\u00e9s par la d\u00e9put\u00e9e flamande An Christaens (CD&amp;V) montrent que la soci\u00e9t\u00e9 de transport public De Lijn poss\u00e8de plus de 300 bus ayant parcouru plus d'un million de kilom\u00e8tres. En raison de cette flotte de bus obsol\u00e8te, De Lijn est de plus en plus confront\u00e9e \u00e0 des probl\u00e8mes techniques, et<div class=\"leaky_paywall_message_wrap\"><div id=\"leaky_paywall_message\">Ce contenu a \u00e9t\u00e9 archiv\u00e9. <a href=\"https:\/\/newmobility.news\/fr\/subscription\/\">Connectez-vous ou inscrivez-vous<\/a> \u00e0 un niveau qui donne acc\u00e8s au contenu archiv\u00e9.<\/div><\/div>","protected":false},"excerpt":{"rendered":"<p>Figures requested by Flemish member of parliament An Christaens (CD&amp;V) show that the public transport company De Lijn has more than 300 buses with more than 1 million kilometers on the counter. Because of this outdated bus fleet, De Lijn is increasingly struggling with technical problems, andThis content has been archived. Log in or Subscribe [&hellip;]<\/p>\n","protected":false},"author":164,"featured_media":162098,"comment_status":"open","ping_status":"closed","sticky":false,"template":"","format":"standard","meta":{"_acf_changed":false,"jetpack_post_was_ever_published":false,"_jetpack_newsletter_access":"","_jetpack_dont_email_post_to_subs":false,"_jetpack_newsletter_tier_id":0,"_jetpack_memberships_contains_paywalled_content":false,"_jetpack_memberships_contains_paid_content":false,"footnotes":"","jetpack_publicize_message":"","jetpack_publicize_feature_enabled":true,"jetpack_social_post_already_shared":true,"jetpack_social_options":{"image_generator_settings":{"template":"highway","default_image_id":0,"font":"","enabled":false},"version":2},"_wpas_customize_per_network":false},"categories":[77170,14496,29,7,26,31,4],"tags":[],"class_list":["post-162095","post","type-post","status-publish","format-standard","has-post-thumbnail","hentry","category-belgium","category-climate","category-environment","category-mobility","category-public-transport","category-road-safety","category-top-stories-today"],"acf":[],"featured_image_urls_v2":{"full":["https:\/\/i0.wp.com\/newmobility.news\/wp-content\/uploads\/2025\/01\/De-Lijn-Halte-Station-Ieper-200125-12-scaled.jpg?fit=2560%2C1707&ssl=1",2560,1707,false],"thumbnail":["https:\/\/i0.wp.com\/newmobility.news\/wp-content\/uploads\/2025\/01\/De-Lijn-Halte-Station-Ieper-200125-12-scaled.jpg?resize=150%2C150&ssl=1",150,150,true],"medium":["https:\/\/i0.wp.com\/newmobility.news\/wp-content\/uploads\/2025\/01\/De-Lijn-Halte-Station-Ieper-200125-12-scaled.jpg?fit=300%2C200&ssl=1",300,200,true],"medium_large":["https:\/\/i0.wp.com\/newmobility.news\/wp-content\/uploads\/2025\/01\/De-Lijn-Halte-Station-Ieper-200125-12-scaled.jpg?fit=640%2C427&ssl=1",640,427,true],"large":["https:\/\/i0.wp.com\/newmobility.news\/wp-content\/uploads\/2025\/01\/De-Lijn-Halte-Station-Ieper-200125-12-scaled.jpg?fit=640%2C427&ssl=1",640,427,true],"1536x1536":["https:\/\/i0.wp.com\/newmobility.news\/wp-content\/uploads\/2025\/01\/De-Lijn-Halte-Station-Ieper-200125-12-scaled.jpg?fit=1536%2C1024&ssl=1",1536,1024,true],"2048x2048":["https:\/\/i0.wp.com\/newmobility.news\/wp-content\/uploads\/2025\/01\/De-Lijn-Halte-Station-Ieper-200125-12-scaled.jpg?fit=2048%2C1365&ssl=1",2048,1365,true],"trp-custom-language-flag":["https:\/\/i0.wp.com\/newmobility.news\/wp-content\/uploads\/2025\/01\/De-Lijn-Halte-Station-Ieper-200125-12-scaled.jpg?fit=18%2C12&ssl=1",18,12,true],"related-thumb":["https:\/\/i0.wp.com\/newmobility.news\/wp-content\/uploads\/2025\/01\/De-Lijn-Halte-Station-Ieper-200125-12-scaled.jpg?resize=640%2C480&ssl=1",640,480,true],"gform-image-choice-sm":["https:\/\/i0.wp.com\/newmobility.news\/wp-content\/uploads\/2025\/01\/De-Lijn-Halte-Station-Ieper-200125-12-scaled.jpg?resize=300%2C300&ssl=1",300,300,true],"gform-image-choice-md":["https:\/\/i0.wp.com\/newmobility.news\/wp-content\/uploads\/2025\/01\/De-Lijn-Halte-Station-Ieper-200125-12-scaled.jpg?resize=400%2C400&ssl=1",400,400,true],"gform-image-choice-lg":["https:\/\/i0.wp.com\/newmobility.news\/wp-content\/uploads\/2025\/01\/De-Lijn-Halte-Station-Ieper-200125-12-scaled.jpg?resize=600%2C600&ssl=1",600,600,true],"mailchimp":["https:\/\/i0.wp.com\/newmobility.news\/wp-content\/uploads\/2025\/01\/De-Lijn-Halte-Station-Ieper-200125-12-scaled.jpg?fit=560%2C373&ssl=1",560,373,true],"unipress-phone":["https:\/\/i0.wp.com\/newmobility.news\/wp-content\/uploads\/2025\/01\/De-Lijn-Halte-Station-Ieper-200125-12-scaled.jpg?resize=640%2C100&ssl=1",640,100,true],"unipress-tablet":["https:\/\/i0.wp.com\/newmobility.news\/wp-content\/uploads\/2025\/01\/De-Lijn-Halte-Station-Ieper-200125-12-scaled.jpg?resize=1536%2C240&ssl=1",1536,240,true],"unipress-tablet-portrait":["https:\/\/i0.wp.com\/newmobility.news\/wp-content\/uploads\/2025\/01\/De-Lijn-Halte-Station-Ieper-200125-12-scaled.jpg?resize=1536%2C180&ssl=1",1536,180,true],"unipress-tablet-landscape":["https:\/\/i0.wp.com\/newmobility.news\/wp-content\/uploads\/2025\/01\/De-Lijn-Halte-Station-Ieper-200125-12-scaled.jpg?resize=2048%2C180&ssl=1",2048,180,true],"unipress-smartphone":["https:\/\/i0.wp.com\/newmobility.news\/wp-content\/uploads\/2025\/01\/De-Lijn-Halte-Station-Ieper-200125-12-scaled.jpg?resize=1080%2C168&ssl=1",1080,168,true],"unipress-wide-screen":["https:\/\/i0.wp.com\/newmobility.news\/wp-content\/uploads\/2025\/01\/De-Lijn-Halte-Station-Ieper-200125-12-scaled.jpg?resize=2560%2C180&ssl=1",2560,180,true]},"post_excerpt_stackable_v2":"<p>Figures requested by Flemish member of parliament An Christaens (CD&amp;V) show that the public transport company De Lijn has more than 300 buses with more than 1 million kilometers on the counter. Because of this outdated bus fleet, De Lijn is increasingly struggling with technical problems, andThis content has been archived. Log in or Subscribe to a level that has access to archived content.<\/p>\n","category_list_v2":"<a href=\"https:\/\/newmobility.news\/fr\/category\/belgium\/\" rel=\"category tag\">Belgium<\/a>, <a href=\"https:\/\/newmobility.news\/fr\/category\/climate\/\" rel=\"category tag\">Climate<\/a>, <a href=\"https:\/\/newmobility.news\/fr\/category\/environment\/\" rel=\"category tag\">Environment<\/a>, <a href=\"https:\/\/newmobility.news\/fr\/category\/mobility\/\" rel=\"category tag\">Mobility<\/a>, <a href=\"https:\/\/newmobility.news\/fr\/category\/public-transport\/\" rel=\"category tag\">Public transport<\/a>, <a href=\"https:\/\/newmobility.news\/fr\/category\/road-safety\/\" rel=\"category tag\">Road safety<\/a>, <a href=\"https:\/\/newmobility.news\/fr\/category\/top-stories-today\/\" rel=\"category tag\">Top Stories Today<\/a>","author_info_v2":{"name":"Luc Joris","url":"https:\/\/newmobility.news\/fr\/author\/belga-5\/"},"comments_num_v2":"0 comments","yoast_head":"<!-- This site is optimized with the Yoast SEO plugin v27.5 - https:\/\/yoast.com\/product\/yoast-seo-wordpress\/ -->\n<title>De Lijn&#039;s bus problem continues: 300 with more than 1 million km - newmobility.news<\/title>\n<meta name=\"robots\" content=\"index, follow, max-snippet:-1, max-image-preview:large, max-video-preview:-1\" \/>\n<link rel=\"canonical\" href=\"https:\/\/newmobility.news\/fr\/2025\/01\/22\/de-lijns-bus-problem-continues-300-with-more-than-1-million-km\/\" \/>\n<meta property=\"og:locale\" content=\"fr_FR\" \/>\n<meta property=\"og:type\" content=\"article\" \/>\n<meta property=\"og:title\" content=\"De Lijn&#039;s bus problem continues: 300 with more than 1 million km - newmobility.news\" \/>\n<meta property=\"og:description\" content=\"Figures requested by Flemish member of parliament An Christaens (CD&amp;V) show that the public transport company De Lijn has more than 300 buses with more than 1 million kilometers on the counter. Because of this outdated bus fleet, De Lijn is increasingly struggling with technical problems, andThis content has been archived. Log in or Subscribe [&hellip;]\" \/>\n<meta property=\"og:url\" content=\"https:\/\/newmobility.news\/fr\/2025\/01\/22\/de-lijns-bus-problem-continues-300-with-more-than-1-million-km\/\" \/>\n<meta property=\"og:site_name\" content=\"newmobility.news\" \/>\n<meta property=\"article:publisher\" content=\"https:\/\/www.facebook.com\/search\/top\/?q=newmobility.news\" \/>\n<meta property=\"article:published_time\" content=\"2025-01-22T11:10:46+00:00\" \/>\n<meta property=\"og:image\" content=\"https:\/\/i0.wp.com\/newmobility.news\/wp-content\/uploads\/2025\/01\/De-Lijn-Halte-Station-Ieper-200125-12-scaled.jpg?fit=2560%2C1707&ssl=1\" \/>\n\t<meta property=\"og:image:width\" content=\"2560\" \/>\n\t<meta property=\"og:image:height\" content=\"1707\" \/>\n\t<meta property=\"og:image:type\" content=\"image\/jpeg\" \/>\n<meta name=\"author\" content=\"Luc Joris\" \/>\n<meta name=\"twitter:card\" content=\"summary_large_image\" \/>\n<meta name=\"twitter:creator\" content=\"@jorisvry\" \/>\n<meta name=\"twitter:site\" content=\"@jorisvry\" \/>\n<meta name=\"twitter:label1\" content=\"\u00c9crit par\" \/>\n\t<meta name=\"twitter:data1\" content=\"Luc Joris\" \/>\n\t<meta name=\"twitter:label2\" content=\"Dur\u00e9e de lecture est.\" \/>\n\t<meta name=\"twitter:data2\" content=\"4 minutes\" \/>\n<script type=\"application\/ld+json\" class=\"yoast-schema-graph\">{\"@context\":\"https:\\\/\\\/schema.org\",\"@graph\":[{\"@type\":\"Article\",\"@id\":\"https:\\\/\\\/newmobility.news\\\/2025\\\/01\\\/22\\\/de-lijns-bus-problem-continues-300-with-more-than-1-million-km\\\/#article\",\"isPartOf\":{\"@id\":\"https:\\\/\\\/newmobility.news\\\/2025\\\/01\\\/22\\\/de-lijns-bus-problem-continues-300-with-more-than-1-million-km\\\/\"},\"author\":{\"name\":\"Luc Joris\",\"@id\":\"https:\\\/\\\/newmobility.news\\\/#\\\/schema\\\/person\\\/a31e684b1039b4a94985a9aae156f28b\"},\"headline\":\"De Lijn&#8217;s bus problem continues: 300 with more than 1 million km\",\"datePublished\":\"2025-01-22T11:10:46+00:00\",\"mainEntityOfPage\":{\"@id\":\"https:\\\/\\\/newmobility.news\\\/2025\\\/01\\\/22\\\/de-lijns-bus-problem-continues-300-with-more-than-1-million-km\\\/\"},\"wordCount\":628,\"commentCount\":0,\"publisher\":{\"@id\":\"https:\\\/\\\/newmobility.news\\\/#organization\"},\"image\":{\"@id\":\"https:\\\/\\\/newmobility.news\\\/2025\\\/01\\\/22\\\/de-lijns-bus-problem-continues-300-with-more-than-1-million-km\\\/#primaryimage\"},\"thumbnailUrl\":\"https:\\\/\\\/i0.wp.com\\\/newmobility.news\\\/wp-content\\\/uploads\\\/2025\\\/01\\\/De-Lijn-Halte-Station-Ieper-200125-12-scaled.jpg?fit=2560%2C1707&ssl=1\",\"articleSection\":[\"Belgium\",\"Climate\",\"Environment\",\"Mobility\",\"Public transport\",\"Road safety\",\"Top Stories Today\"],\"inLanguage\":\"fr-BE\",\"potentialAction\":[{\"@type\":\"CommentAction\",\"name\":\"Comment\",\"target\":[\"https:\\\/\\\/newmobility.news\\\/2025\\\/01\\\/22\\\/de-lijns-bus-problem-continues-300-with-more-than-1-million-km\\\/#respond\"]}]},{\"@type\":\"WebPage\",\"@id\":\"https:\\\/\\\/newmobility.news\\\/2025\\\/01\\\/22\\\/de-lijns-bus-problem-continues-300-with-more-than-1-million-km\\\/\",\"url\":\"https:\\\/\\\/newmobility.news\\\/2025\\\/01\\\/22\\\/de-lijns-bus-problem-continues-300-with-more-than-1-million-km\\\/\",\"name\":\"De Lijn's bus problem continues: 300 with more than 1 million km - newmobility.news\",\"isPartOf\":{\"@id\":\"https:\\\/\\\/newmobility.news\\\/#website\"},\"primaryImageOfPage\":{\"@id\":\"https:\\\/\\\/newmobility.news\\\/2025\\\/01\\\/22\\\/de-lijns-bus-problem-continues-300-with-more-than-1-million-km\\\/#primaryimage\"},\"image\":{\"@id\":\"https:\\\/\\\/newmobility.news\\\/2025\\\/01\\\/22\\\/de-lijns-bus-problem-continues-300-with-more-than-1-million-km\\\/#primaryimage\"},\"thumbnailUrl\":\"https:\\\/\\\/i0.wp.com\\\/newmobility.news\\\/wp-content\\\/uploads\\\/2025\\\/01\\\/De-Lijn-Halte-Station-Ieper-200125-12-scaled.jpg?fit=2560%2C1707&ssl=1\",\"datePublished\":\"2025-01-22T11:10:46+00:00\",\"breadcrumb\":{\"@id\":\"https:\\\/\\\/newmobility.news\\\/2025\\\/01\\\/22\\\/de-lijns-bus-problem-continues-300-with-more-than-1-million-km\\\/#breadcrumb\"},\"inLanguage\":\"fr-BE\",\"potentialAction\":[{\"@type\":\"ReadAction\",\"target\":[\"https:\\\/\\\/newmobility.news\\\/2025\\\/01\\\/22\\\/de-lijns-bus-problem-continues-300-with-more-than-1-million-km\\\/\"]}]},{\"@type\":\"ImageObject\",\"inLanguage\":\"fr-BE\",\"@id\":\"https:\\\/\\\/newmobility.news\\\/2025\\\/01\\\/22\\\/de-lijns-bus-problem-continues-300-with-more-than-1-million-km\\\/#primaryimage\",\"url\":\"https:\\\/\\\/i0.wp.com\\\/newmobility.news\\\/wp-content\\\/uploads\\\/2025\\\/01\\\/De-Lijn-Halte-Station-Ieper-200125-12-scaled.jpg?fit=2560%2C1707&ssl=1\",\"contentUrl\":\"https:\\\/\\\/i0.wp.com\\\/newmobility.news\\\/wp-content\\\/uploads\\\/2025\\\/01\\\/De-Lijn-Halte-Station-Ieper-200125-12-scaled.jpg?fit=2560%2C1707&ssl=1\",\"width\":2560,\"height\":1707,\"caption\":\"Every day, a fifth of De Lijn's worn-out fleet is out of service \\\/De Lijn\"},{\"@type\":\"BreadcrumbList\",\"@id\":\"https:\\\/\\\/newmobility.news\\\/2025\\\/01\\\/22\\\/de-lijns-bus-problem-continues-300-with-more-than-1-million-km\\\/#breadcrumb\",\"itemListElement\":[{\"@type\":\"ListItem\",\"position\":1,\"name\":\"Home\",\"item\":\"https:\\\/\\\/newmobility.news\\\/\"},{\"@type\":\"ListItem\",\"position\":2,\"name\":\"De Lijn&#8217;s bus problem continues: 300 with more than 1 million km\"}]},{\"@type\":\"WebSite\",\"@id\":\"https:\\\/\\\/newmobility.news\\\/#website\",\"url\":\"https:\\\/\\\/newmobility.news\\\/\",\"name\":\"newmobility.news\",\"description\":\"A B2BNews Agency\u00ae news service for mobility business proessional\",\"publisher\":{\"@id\":\"https:\\\/\\\/newmobility.news\\\/#organization\"},\"potentialAction\":[{\"@type\":\"SearchAction\",\"target\":{\"@type\":\"EntryPoint\",\"urlTemplate\":\"https:\\\/\\\/newmobility.news\\\/?s={search_term_string}\"},\"query-input\":{\"@type\":\"PropertyValueSpecification\",\"valueRequired\":true,\"valueName\":\"search_term_string\"}}],\"inLanguage\":\"fr-BE\"},{\"@type\":\"Organization\",\"@id\":\"https:\\\/\\\/newmobility.news\\\/#organization\",\"name\":\"B2BNews Agency\",\"url\":\"https:\\\/\\\/newmobility.news\\\/\",\"logo\":{\"@type\":\"ImageObject\",\"inLanguage\":\"fr-BE\",\"@id\":\"https:\\\/\\\/newmobility.news\\\/#\\\/schema\\\/logo\\\/image\\\/\",\"url\":\"https:\\\/\\\/newmobility.news\\\/wp-content\\\/uploads\\\/2018\\\/01\\\/b2bnews-agency-logo.png\",\"contentUrl\":\"https:\\\/\\\/newmobility.news\\\/wp-content\\\/uploads\\\/2018\\\/01\\\/b2bnews-agency-logo.png\",\"width\":\"581\",\"height\":\"117\",\"caption\":\"B2BNews Agency\"},\"image\":{\"@id\":\"https:\\\/\\\/newmobility.news\\\/#\\\/schema\\\/logo\\\/image\\\/\"},\"sameAs\":[\"https:\\\/\\\/www.facebook.com\\\/search\\\/top\\\/?q=newmobility.news\",\"https:\\\/\\\/x.com\\\/jorisvry\",\"https:\\\/\\\/www.linkedin.com\\\/in\\\/jorisvanroy\\\/\",\"https:\\\/\\\/nl.pinterest.com\\\/jorisvanroy\\\/\"]},{\"@type\":\"Person\",\"@id\":\"https:\\\/\\\/newmobility.news\\\/#\\\/schema\\\/person\\\/a31e684b1039b4a94985a9aae156f28b\",\"name\":\"Luc Joris\",\"image\":{\"@type\":\"ImageObject\",\"inLanguage\":\"fr-BE\",\"@id\":\"https:\\\/\\\/secure.gravatar.com\\\/avatar\\\/9e27cf9984ae903174b14c7dd33d523290f03fd71803b04bc6e486c7259b2920?s=96&d=mm&r=g\",\"url\":\"https:\\\/\\\/secure.gravatar.com\\\/avatar\\\/9e27cf9984ae903174b14c7dd33d523290f03fd71803b04bc6e486c7259b2920?s=96&d=mm&r=g\",\"contentUrl\":\"https:\\\/\\\/secure.gravatar.com\\\/avatar\\\/9e27cf9984ae903174b14c7dd33d523290f03fd71803b04bc6e486c7259b2920?s=96&d=mm&r=g\",\"caption\":\"Luc Joris\"},\"url\":\"https:\\\/\\\/newmobility.news\\\/fr\\\/author\\\/belga-5\\\/\"}]}<\/script>\n<!-- \/ Yoast SEO plugin. -->","yoast_head_json":{"title":"Le probl\u00e8me des bus De Lijn persiste : 300 d'entre eux ont parcouru plus d'un million de kilom\u00e8tres - newmobility.news","robots":{"index":"index","follow":"follow","max-snippet":"max-snippet:-1","max-image-preview":"max-image-preview:large","max-video-preview":"max-video-preview:-1"},"canonical":"https:\/\/newmobility.news\/fr\/2025\/01\/22\/de-lijns-bus-problem-continues-300-with-more-than-1-million-km\/","og_locale":"fr_FR","og_type":"article","og_title":"De Lijn's bus problem continues: 300 with more than 1 million km - newmobility.news","og_description":"Figures requested by Flemish member of parliament An Christaens (CD&amp;V) show that the public transport company De Lijn has more than 300 buses with more than 1 million kilometers on the counter. Because of this outdated bus fleet, De Lijn is increasingly struggling with technical problems, andThis content has been archived. Log in or Subscribe [&hellip;]","og_url":"https:\/\/newmobility.news\/fr\/2025\/01\/22\/de-lijns-bus-problem-continues-300-with-more-than-1-million-km\/","og_site_name":"newmobility.news","article_publisher":"https:\/\/www.facebook.com\/search\/top\/?q=newmobility.news","article_published_time":"2025-01-22T11:10:46+00:00","og_image":[{"width":2560,"height":1707,"url":"https:\/\/i0.wp.com\/newmobility.news\/wp-content\/uploads\/2025\/01\/De-Lijn-Halte-Station-Ieper-200125-12-scaled.jpg?fit=2560%2C1707&ssl=1","type":"image\/jpeg"}],"author":"Luc Joris","twitter_card":"summary_large_image","twitter_creator":"@jorisvry","twitter_site":"@jorisvry","twitter_misc":{"\u00c9crit par":"Luc Joris","Dur\u00e9e de lecture est.":"4 minutes"},"schema":{"@context":"https:\/\/schema.org","@graph":[{"@type":"Article","@id":"https:\/\/newmobility.news\/2025\/01\/22\/de-lijns-bus-problem-continues-300-with-more-than-1-million-km\/#article","isPartOf":{"@id":"https:\/\/newmobility.news\/2025\/01\/22\/de-lijns-bus-problem-continues-300-with-more-than-1-million-km\/"},"author":{"name":"Luc Joris","@id":"https:\/\/newmobility.news\/#\/schema\/person\/a31e684b1039b4a94985a9aae156f28b"},"headline":"De Lijn&#8217;s bus problem continues: 300 with more than 1 million km","datePublished":"2025-01-22T11:10:46+00:00","mainEntityOfPage":{"@id":"https:\/\/newmobility.news\/2025\/01\/22\/de-lijns-bus-problem-continues-300-with-more-than-1-million-km\/"},"wordCount":628,"commentCount":0,"publisher":{"@id":"https:\/\/newmobility.news\/#organization"},"image":{"@id":"https:\/\/newmobility.news\/2025\/01\/22\/de-lijns-bus-problem-continues-300-with-more-than-1-million-km\/#primaryimage"},"thumbnailUrl":"https:\/\/i0.wp.com\/newmobility.news\/wp-content\/uploads\/2025\/01\/De-Lijn-Halte-Station-Ieper-200125-12-scaled.jpg?fit=2560%2C1707&ssl=1","articleSection":["Belgium","Climate","Environment","Mobility","Public transport","Road safety","Top Stories Today"],"inLanguage":"fr-BE","potentialAction":[{"@type":"CommentAction","name":"Comment","target":["https:\/\/newmobility.news\/2025\/01\/22\/de-lijns-bus-problem-continues-300-with-more-than-1-million-km\/#respond"]}]},{"@type":"WebPage","@id":"https:\/\/newmobility.news\/2025\/01\/22\/de-lijns-bus-problem-continues-300-with-more-than-1-million-km\/","url":"https:\/\/newmobility.news\/2025\/01\/22\/de-lijns-bus-problem-continues-300-with-more-than-1-million-km\/","name":"Le probl\u00e8me des bus De Lijn persiste : 300 d'entre eux ont parcouru plus d'un million de kilom\u00e8tres - newmobility.news","isPartOf":{"@id":"https:\/\/newmobility.news\/#website"},"primaryImageOfPage":{"@id":"https:\/\/newmobility.news\/2025\/01\/22\/de-lijns-bus-problem-continues-300-with-more-than-1-million-km\/#primaryimage"},"image":{"@id":"https:\/\/newmobility.news\/2025\/01\/22\/de-lijns-bus-problem-continues-300-with-more-than-1-million-km\/#primaryimage"},"thumbnailUrl":"https:\/\/i0.wp.com\/newmobility.news\/wp-content\/uploads\/2025\/01\/De-Lijn-Halte-Station-Ieper-200125-12-scaled.jpg?fit=2560%2C1707&ssl=1","datePublished":"2025-01-22T11:10:46+00:00","breadcrumb":{"@id":"https:\/\/newmobility.news\/2025\/01\/22\/de-lijns-bus-problem-continues-300-with-more-than-1-million-km\/#breadcrumb"},"inLanguage":"fr-BE","potentialAction":[{"@type":"ReadAction","target":["https:\/\/newmobility.news\/2025\/01\/22\/de-lijns-bus-problem-continues-300-with-more-than-1-million-km\/"]}]},{"@type":"ImageObject","inLanguage":"fr-BE","@id":"https:\/\/newmobility.news\/2025\/01\/22\/de-lijns-bus-problem-continues-300-with-more-than-1-million-km\/#primaryimage","url":"https:\/\/i0.wp.com\/newmobility.news\/wp-content\/uploads\/2025\/01\/De-Lijn-Halte-Station-Ieper-200125-12-scaled.jpg?fit=2560%2C1707&ssl=1","contentUrl":"https:\/\/i0.wp.com\/newmobility.news\/wp-content\/uploads\/2025\/01\/De-Lijn-Halte-Station-Ieper-200125-12-scaled.jpg?fit=2560%2C1707&ssl=1","width":2560,"height":1707,"caption":"Every day, a fifth of De Lijn's worn-out fleet is out of service \/De Lijn"},{"@type":"BreadcrumbList","@id":"https:\/\/newmobility.news\/2025\/01\/22\/de-lijns-bus-problem-continues-300-with-more-than-1-million-km\/#breadcrumb","itemListElement":[{"@type":"ListItem","position":1,"name":"Home","item":"https:\/\/newmobility.news\/"},{"@type":"ListItem","position":2,"name":"De Lijn&#8217;s bus problem continues: 300 with more than 1 million km"}]},{"@type":"WebSite","@id":"https:\/\/newmobility.news\/#website","url":"https:\/\/newmobility.news\/","name":"nouveaumobilit\u00e9.actualit\u00e9s","description":"Un service d'information B2BNews Agency\u00ae destin\u00e9 aux professionnels de la mobilit\u00e9","publisher":{"@id":"https:\/\/newmobility.news\/#organization"},"potentialAction":[{"@type":"SearchAction","target":{"@type":"EntryPoint","urlTemplate":"https:\/\/newmobility.news\/?s={search_term_string}"},"query-input":{"@type":"PropertyValueSpecification","valueRequired":true,"valueName":"search_term_string"}}],"inLanguage":"fr-BE"},{"@type":"Organization","@id":"https:\/\/newmobility.news\/#organization","name":"Agence de presse B2BNews","url":"https:\/\/newmobility.news\/","logo":{"@type":"ImageObject","inLanguage":"fr-BE","@id":"https:\/\/newmobility.news\/#\/schema\/logo\/image\/","url":"https:\/\/newmobility.news\/wp-content\/uploads\/2018\/01\/b2bnews-agency-logo.png","contentUrl":"https:\/\/newmobility.news\/wp-content\/uploads\/2018\/01\/b2bnews-agency-logo.png","width":"581","height":"117","caption":"B2BNews Agency"},"image":{"@id":"https:\/\/newmobility.news\/#\/schema\/logo\/image\/"},"sameAs":["https:\/\/www.facebook.com\/search\/top\/?q=newmobility.news","https:\/\/x.com\/jorisvry","https:\/\/www.linkedin.com\/in\/jorisvanroy\/","https:\/\/nl.pinterest.com\/jorisvanroy\/"]},{"@type":"Person","@id":"https:\/\/newmobility.news\/#\/schema\/person\/a31e684b1039b4a94985a9aae156f28b","name":"Luc Joris","image":{"@type":"ImageObject","inLanguage":"fr-BE","@id":"https:\/\/secure.gravatar.com\/avatar\/9e27cf9984ae903174b14c7dd33d523290f03fd71803b04bc6e486c7259b2920?s=96&d=mm&r=g","url":"https:\/\/secure.gravatar.com\/avatar\/9e27cf9984ae903174b14c7dd33d523290f03fd71803b04bc6e486c7259b2920?s=96&d=mm&r=g","contentUrl":"https:\/\/secure.gravatar.com\/avatar\/9e27cf9984ae903174b14c7dd33d523290f03fd71803b04bc6e486c7259b2920?s=96&d=mm&r=g","caption":"Luc Joris"},"url":"https:\/\/newmobility.news\/fr\/author\/belga-5\/"}]}},"jetpack_publicize_connections":[],"jetpack_featured_media_url":"https:\/\/i0.wp.com\/newmobility.news\/wp-content\/uploads\/2025\/01\/De-Lijn-Halte-Station-Ieper-200125-12-scaled.jpg?fit=2560%2C1707&ssl=1","jetpack_shortlink":"https:\/\/wp.me\/p9wJdU-Gar","jetpack_sharing_enabled":true,"jetpack_likes_enabled":true,"jetpack-related-posts":[],"_links":{"self":[{"href":"https:\/\/newmobility.news\/fr\/wp-json\/wp\/v2\/posts\/162095","targetHints":{"allow":["GET"]}}],"collection":[{"href":"https:\/\/newmobility.news\/fr\/wp-json\/wp\/v2\/posts"}],"about":[{"href":"https:\/\/newmobility.news\/fr\/wp-json\/wp\/v2\/types\/post"}],"author":[{"embeddable":true,"href":"https:\/\/newmobility.news\/fr\/wp-json\/wp\/v2\/users\/164"}],"replies":[{"embeddable":true,"href":"https:\/\/newmobility.news\/fr\/wp-json\/wp\/v2\/comments?post=162095"}],"version-history":[{"count":0,"href":"https:\/\/newmobility.news\/fr\/wp-json\/wp\/v2\/posts\/162095\/revisions"}],"wp:featuredmedia":[{"embeddable":true,"href":"https:\/\/newmobility.news\/fr\/wp-json\/wp\/v2\/media\/162098"}],"wp:attachment":[{"href":"https:\/\/newmobility.news\/fr\/wp-json\/wp\/v2\/media?parent=162095"}],"wp:term":[{"taxonomy":"category","embeddable":true,"href":"https:\/\/newmobility.news\/fr\/wp-json\/wp\/v2\/categories?post=162095"},{"taxonomy":"post_tag","embeddable":true,"href":"https:\/\/newmobility.news\/fr\/wp-json\/wp\/v2\/tags?post=162095"}],"curies":[{"name":"wp","href":"https:\/\/api.w.org\/{rel}","templated":true}]}}