{"id":162328,"date":"2025-01-28T12:20:57","date_gmt":"2025-01-28T11:20:57","guid":{"rendered":"https:\/\/newmobility.news\/?p=162328"},"modified":"2025-01-28T11:56:37","modified_gmt":"2025-01-28T10:56:37","slug":"paralympian-sues-belgian-rail-for-no-train-access-by-wheelchair","status":"publish","type":"post","link":"https:\/\/newmobility.news\/fr\/2025\/01\/28\/paralympian-sues-belgian-rail-for-no-train-access-by-wheelchair\/","title":{"rendered":"Un athl\u00e8te paralympique poursuit les chemins de fer belges pour avoir refus\u00e9 l'acc\u00e8s \u00e0 un train \u00e0 une personne en fauteuil roulant"},"content":{"rendered":"Le joueur paralympique belge de boccia Francis Rombouts a intent\u00e9 un proc\u00e8s contre la soci\u00e9t\u00e9 ferroviaire publique NMBS\/SNCB parce qu'il ne peut pas prendre le train dans sa ville natale de Tielen. L'affaire, qui tra\u00eene depuis des ann\u00e9es, a \u00e9t\u00e9 entendue hier devant la Cour d'appel de Bruxelles. Et pour rendre les choses encore plus douloureuses, R<div class=\"leaky_paywall_message_wrap\"><div id=\"leaky_paywall_message\">Ce contenu a \u00e9t\u00e9 archiv\u00e9. <a href=\"https:\/\/newmobility.news\/fr\/subscription\/\">Connectez-vous ou inscrivez-vous<\/a> \u00e0 un niveau qui donne acc\u00e8s au contenu archiv\u00e9.<\/div><\/div>","protected":false},"excerpt":{"rendered":"<p>Belgian Paralympic boccia player Francis Rombouts has filed a lawsuit against the public railroad company NMBS\/SNCB because he cannot take the train in his hometown of Tielen. The case, dragging on for years, was heard yesterday at the Brussels Court of Appeal. And to make it even more painful, RThis content has been archived. Log [&hellip;]<\/p>\n","protected":false},"author":164,"featured_media":162345,"comment_status":"open","ping_status":"closed","sticky":false,"template":"","format":"standard","meta":{"_acf_changed":false,"jetpack_post_was_ever_published":false,"_jetpack_newsletter_access":"","_jetpack_dont_email_post_to_subs":false,"_jetpack_newsletter_tier_id":0,"_jetpack_memberships_contains_paywalled_content":false,"_jetpack_memberships_contains_paid_content":false,"footnotes":"","jetpack_publicize_message":"","jetpack_publicize_feature_enabled":true,"jetpack_social_post_already_shared":true,"jetpack_social_options":{"image_generator_settings":{"template":"highway","default_image_id":0,"font":"","enabled":false},"version":2},"_wpas_customize_per_network":false},"categories":[77170,25,7,26,4],"tags":[],"class_list":["post-162328","post","type-post","status-publish","format-standard","has-post-thumbnail","hentry","category-belgium","category-legislation","category-mobility","category-public-transport","category-top-stories-today"],"acf":[],"featured_image_urls_v2":{"full":["https:\/\/i0.wp.com\/newmobility.news\/wp-content\/uploads\/2025\/01\/367496242_796727112453786_4609655374225890452_n.png?fit=1600%2C1066&ssl=1",1600,1066,false],"thumbnail":["https:\/\/i0.wp.com\/newmobility.news\/wp-content\/uploads\/2025\/01\/367496242_796727112453786_4609655374225890452_n.png?resize=150%2C150&ssl=1",150,150,true],"medium":["https:\/\/i0.wp.com\/newmobility.news\/wp-content\/uploads\/2025\/01\/367496242_796727112453786_4609655374225890452_n.png?fit=300%2C200&ssl=1",300,200,true],"medium_large":["https:\/\/i0.wp.com\/newmobility.news\/wp-content\/uploads\/2025\/01\/367496242_796727112453786_4609655374225890452_n.png?fit=640%2C426&ssl=1",640,426,true],"large":["https:\/\/i0.wp.com\/newmobility.news\/wp-content\/uploads\/2025\/01\/367496242_796727112453786_4609655374225890452_n.png?fit=640%2C426&ssl=1",640,426,true],"1536x1536":["https:\/\/i0.wp.com\/newmobility.news\/wp-content\/uploads\/2025\/01\/367496242_796727112453786_4609655374225890452_n.png?fit=1536%2C1023&ssl=1",1536,1023,true],"2048x2048":["https:\/\/i0.wp.com\/newmobility.news\/wp-content\/uploads\/2025\/01\/367496242_796727112453786_4609655374225890452_n.png?fit=1600%2C1066&ssl=1",1600,1066,true],"trp-custom-language-flag":["https:\/\/i0.wp.com\/newmobility.news\/wp-content\/uploads\/2025\/01\/367496242_796727112453786_4609655374225890452_n.png?fit=18%2C12&ssl=1",18,12,true],"related-thumb":["https:\/\/i0.wp.com\/newmobility.news\/wp-content\/uploads\/2025\/01\/367496242_796727112453786_4609655374225890452_n.png?resize=640%2C480&ssl=1",640,480,true],"gform-image-choice-sm":["https:\/\/i0.wp.com\/newmobility.news\/wp-content\/uploads\/2025\/01\/367496242_796727112453786_4609655374225890452_n.png?resize=300%2C300&ssl=1",300,300,true],"gform-image-choice-md":["https:\/\/i0.wp.com\/newmobility.news\/wp-content\/uploads\/2025\/01\/367496242_796727112453786_4609655374225890452_n.png?resize=400%2C400&ssl=1",400,400,true],"gform-image-choice-lg":["https:\/\/i0.wp.com\/newmobility.news\/wp-content\/uploads\/2025\/01\/367496242_796727112453786_4609655374225890452_n.png?resize=600%2C600&ssl=1",600,600,true],"mailchimp":["https:\/\/i0.wp.com\/newmobility.news\/wp-content\/uploads\/2025\/01\/367496242_796727112453786_4609655374225890452_n.png?fit=560%2C373&ssl=1",560,373,true],"unipress-phone":["https:\/\/i0.wp.com\/newmobility.news\/wp-content\/uploads\/2025\/01\/367496242_796727112453786_4609655374225890452_n.png?resize=640%2C100&ssl=1",640,100,true],"unipress-tablet":["https:\/\/i0.wp.com\/newmobility.news\/wp-content\/uploads\/2025\/01\/367496242_796727112453786_4609655374225890452_n.png?resize=1536%2C240&ssl=1",1536,240,true],"unipress-tablet-portrait":["https:\/\/i0.wp.com\/newmobility.news\/wp-content\/uploads\/2025\/01\/367496242_796727112453786_4609655374225890452_n.png?resize=1536%2C180&ssl=1",1536,180,true],"unipress-tablet-landscape":["https:\/\/i0.wp.com\/newmobility.news\/wp-content\/uploads\/2025\/01\/367496242_796727112453786_4609655374225890452_n.png?resize=1600%2C180&ssl=1",1600,180,true],"unipress-smartphone":["https:\/\/i0.wp.com\/newmobility.news\/wp-content\/uploads\/2025\/01\/367496242_796727112453786_4609655374225890452_n.png?resize=1080%2C168&ssl=1",1080,168,true],"unipress-wide-screen":["https:\/\/i0.wp.com\/newmobility.news\/wp-content\/uploads\/2025\/01\/367496242_796727112453786_4609655374225890452_n.png?resize=1600%2C180&ssl=1",1600,180,true]},"post_excerpt_stackable_v2":"<p>Belgian Paralympic boccia player Francis Rombouts has filed a lawsuit against the public railroad company NMBS\/SNCB because he cannot take the train in his hometown of Tielen. The case, dragging on for years, was heard yesterday at the Brussels Court of Appeal. And to make it even more painful, RThis content has been archived. Log in or Subscribe to a level that has access to archived content.<\/p>\n","category_list_v2":"<a href=\"https:\/\/newmobility.news\/fr\/category\/belgium\/\" rel=\"category tag\">Belgium<\/a>, <a href=\"https:\/\/newmobility.news\/fr\/category\/legislation\/\" rel=\"category tag\">Legislation<\/a>, <a href=\"https:\/\/newmobility.news\/fr\/category\/mobility\/\" rel=\"category tag\">Mobility<\/a>, <a href=\"https:\/\/newmobility.news\/fr\/category\/public-transport\/\" rel=\"category tag\">Public transport<\/a>, <a href=\"https:\/\/newmobility.news\/fr\/category\/top-stories-today\/\" rel=\"category tag\">Top Stories Today<\/a>","author_info_v2":{"name":"Luc Joris","url":"https:\/\/newmobility.news\/fr\/author\/belga-5\/"},"comments_num_v2":"0 comments","yoast_head":"<!-- This site is optimized with the Yoast SEO plugin v27.5 - https:\/\/yoast.com\/product\/yoast-seo-wordpress\/ -->\n<title>Paralympian sues Belgian rail for no train access by wheelchair - newmobility.news<\/title>\n<meta name=\"robots\" content=\"index, follow, max-snippet:-1, max-image-preview:large, max-video-preview:-1\" \/>\n<link rel=\"canonical\" href=\"https:\/\/newmobility.news\/fr\/2025\/01\/28\/paralympian-sues-belgian-rail-for-no-train-access-by-wheelchair\/\" \/>\n<meta property=\"og:locale\" content=\"fr_FR\" \/>\n<meta property=\"og:type\" content=\"article\" \/>\n<meta property=\"og:title\" content=\"Paralympian sues Belgian rail for no train access by wheelchair - newmobility.news\" \/>\n<meta property=\"og:description\" content=\"Belgian Paralympic boccia player Francis Rombouts has filed a lawsuit against the public railroad company NMBS\/SNCB because he cannot take the train in his hometown of Tielen. The case, dragging on for years, was heard yesterday at the Brussels Court of Appeal. And to make it even more painful, RThis content has been archived. Log [&hellip;]\" \/>\n<meta property=\"og:url\" content=\"https:\/\/newmobility.news\/fr\/2025\/01\/28\/paralympian-sues-belgian-rail-for-no-train-access-by-wheelchair\/\" \/>\n<meta property=\"og:site_name\" content=\"newmobility.news\" \/>\n<meta property=\"article:publisher\" content=\"https:\/\/www.facebook.com\/search\/top\/?q=newmobility.news\" \/>\n<meta property=\"article:published_time\" content=\"2025-01-28T11:20:57+00:00\" \/>\n<meta property=\"og:image\" content=\"https:\/\/i0.wp.com\/newmobility.news\/wp-content\/uploads\/2025\/01\/367496242_796727112453786_4609655374225890452_n.png?fit=1600%2C1066&ssl=1\" \/>\n\t<meta property=\"og:image:width\" content=\"1600\" \/>\n\t<meta property=\"og:image:height\" content=\"1066\" \/>\n\t<meta property=\"og:image:type\" content=\"image\/png\" \/>\n<meta name=\"author\" content=\"Luc Joris\" \/>\n<meta name=\"twitter:card\" content=\"summary_large_image\" \/>\n<meta name=\"twitter:creator\" content=\"@jorisvry\" \/>\n<meta name=\"twitter:site\" content=\"@jorisvry\" \/>\n<meta name=\"twitter:label1\" content=\"\u00c9crit par\" \/>\n\t<meta name=\"twitter:data1\" content=\"Luc Joris\" \/>\n\t<meta name=\"twitter:label2\" content=\"Dur\u00e9e de lecture est.\" \/>\n\t<meta name=\"twitter:data2\" content=\"3 minutes\" \/>\n<script type=\"application\/ld+json\" class=\"yoast-schema-graph\">{\"@context\":\"https:\\\/\\\/schema.org\",\"@graph\":[{\"@type\":\"Article\",\"@id\":\"https:\\\/\\\/newmobility.news\\\/2025\\\/01\\\/28\\\/paralympian-sues-belgian-rail-for-no-train-access-by-wheelchair\\\/#article\",\"isPartOf\":{\"@id\":\"https:\\\/\\\/newmobility.news\\\/2025\\\/01\\\/28\\\/paralympian-sues-belgian-rail-for-no-train-access-by-wheelchair\\\/\"},\"author\":{\"name\":\"Luc Joris\",\"@id\":\"https:\\\/\\\/newmobility.news\\\/#\\\/schema\\\/person\\\/a31e684b1039b4a94985a9aae156f28b\"},\"headline\":\"Paralympian sues Belgian rail for no train access by wheelchair\",\"datePublished\":\"2025-01-28T11:20:57+00:00\",\"mainEntityOfPage\":{\"@id\":\"https:\\\/\\\/newmobility.news\\\/2025\\\/01\\\/28\\\/paralympian-sues-belgian-rail-for-no-train-access-by-wheelchair\\\/\"},\"wordCount\":477,\"commentCount\":0,\"publisher\":{\"@id\":\"https:\\\/\\\/newmobility.news\\\/#organization\"},\"image\":{\"@id\":\"https:\\\/\\\/newmobility.news\\\/2025\\\/01\\\/28\\\/paralympian-sues-belgian-rail-for-no-train-access-by-wheelchair\\\/#primaryimage\"},\"thumbnailUrl\":\"https:\\\/\\\/i0.wp.com\\\/newmobility.news\\\/wp-content\\\/uploads\\\/2025\\\/01\\\/367496242_796727112453786_4609655374225890452_n.png?fit=1600%2C1066&ssl=1\",\"articleSection\":[\"Belgium\",\"Legislation\",\"Mobility\",\"Public transport\",\"Top Stories Today\"],\"inLanguage\":\"fr-BE\",\"potentialAction\":[{\"@type\":\"CommentAction\",\"name\":\"Comment\",\"target\":[\"https:\\\/\\\/newmobility.news\\\/2025\\\/01\\\/28\\\/paralympian-sues-belgian-rail-for-no-train-access-by-wheelchair\\\/#respond\"]}]},{\"@type\":\"WebPage\",\"@id\":\"https:\\\/\\\/newmobility.news\\\/2025\\\/01\\\/28\\\/paralympian-sues-belgian-rail-for-no-train-access-by-wheelchair\\\/\",\"url\":\"https:\\\/\\\/newmobility.news\\\/2025\\\/01\\\/28\\\/paralympian-sues-belgian-rail-for-no-train-access-by-wheelchair\\\/\",\"name\":\"Paralympian sues Belgian rail for no train access by wheelchair - newmobility.news\",\"isPartOf\":{\"@id\":\"https:\\\/\\\/newmobility.news\\\/#website\"},\"primaryImageOfPage\":{\"@id\":\"https:\\\/\\\/newmobility.news\\\/2025\\\/01\\\/28\\\/paralympian-sues-belgian-rail-for-no-train-access-by-wheelchair\\\/#primaryimage\"},\"image\":{\"@id\":\"https:\\\/\\\/newmobility.news\\\/2025\\\/01\\\/28\\\/paralympian-sues-belgian-rail-for-no-train-access-by-wheelchair\\\/#primaryimage\"},\"thumbnailUrl\":\"https:\\\/\\\/i0.wp.com\\\/newmobility.news\\\/wp-content\\\/uploads\\\/2025\\\/01\\\/367496242_796727112453786_4609655374225890452_n.png?fit=1600%2C1066&ssl=1\",\"datePublished\":\"2025-01-28T11:20:57+00:00\",\"breadcrumb\":{\"@id\":\"https:\\\/\\\/newmobility.news\\\/2025\\\/01\\\/28\\\/paralympian-sues-belgian-rail-for-no-train-access-by-wheelchair\\\/#breadcrumb\"},\"inLanguage\":\"fr-BE\",\"potentialAction\":[{\"@type\":\"ReadAction\",\"target\":[\"https:\\\/\\\/newmobility.news\\\/2025\\\/01\\\/28\\\/paralympian-sues-belgian-rail-for-no-train-access-by-wheelchair\\\/\"]}]},{\"@type\":\"ImageObject\",\"inLanguage\":\"fr-BE\",\"@id\":\"https:\\\/\\\/newmobility.news\\\/2025\\\/01\\\/28\\\/paralympian-sues-belgian-rail-for-no-train-access-by-wheelchair\\\/#primaryimage\",\"url\":\"https:\\\/\\\/i0.wp.com\\\/newmobility.news\\\/wp-content\\\/uploads\\\/2025\\\/01\\\/367496242_796727112453786_4609655374225890452_n.png?fit=1600%2C1066&ssl=1\",\"contentUrl\":\"https:\\\/\\\/i0.wp.com\\\/newmobility.news\\\/wp-content\\\/uploads\\\/2025\\\/01\\\/367496242_796727112453786_4609655374225890452_n.png?fit=1600%2C1066&ssl=1\",\"width\":1600,\"height\":1066,\"caption\":\"Paralympian Francis Rombouts takes NMBS\\\/SNCB to court because he cannot board the train with his wheelchair. According to NMBS\\\/SCNB, the request is inadmissible, and the case is now time-barred \\\/F. Rombouts\"},{\"@type\":\"BreadcrumbList\",\"@id\":\"https:\\\/\\\/newmobility.news\\\/2025\\\/01\\\/28\\\/paralympian-sues-belgian-rail-for-no-train-access-by-wheelchair\\\/#breadcrumb\",\"itemListElement\":[{\"@type\":\"ListItem\",\"position\":1,\"name\":\"Home\",\"item\":\"https:\\\/\\\/newmobility.news\\\/\"},{\"@type\":\"ListItem\",\"position\":2,\"name\":\"Paralympian sues Belgian rail for no train access by wheelchair\"}]},{\"@type\":\"WebSite\",\"@id\":\"https:\\\/\\\/newmobility.news\\\/#website\",\"url\":\"https:\\\/\\\/newmobility.news\\\/\",\"name\":\"newmobility.news\",\"description\":\"A B2BNews Agency\u00ae news service for mobility business proessional\",\"publisher\":{\"@id\":\"https:\\\/\\\/newmobility.news\\\/#organization\"},\"potentialAction\":[{\"@type\":\"SearchAction\",\"target\":{\"@type\":\"EntryPoint\",\"urlTemplate\":\"https:\\\/\\\/newmobility.news\\\/?s={search_term_string}\"},\"query-input\":{\"@type\":\"PropertyValueSpecification\",\"valueRequired\":true,\"valueName\":\"search_term_string\"}}],\"inLanguage\":\"fr-BE\"},{\"@type\":\"Organization\",\"@id\":\"https:\\\/\\\/newmobility.news\\\/#organization\",\"name\":\"B2BNews Agency\",\"url\":\"https:\\\/\\\/newmobility.news\\\/\",\"logo\":{\"@type\":\"ImageObject\",\"inLanguage\":\"fr-BE\",\"@id\":\"https:\\\/\\\/newmobility.news\\\/#\\\/schema\\\/logo\\\/image\\\/\",\"url\":\"https:\\\/\\\/newmobility.news\\\/wp-content\\\/uploads\\\/2018\\\/01\\\/b2bnews-agency-logo.png\",\"contentUrl\":\"https:\\\/\\\/newmobility.news\\\/wp-content\\\/uploads\\\/2018\\\/01\\\/b2bnews-agency-logo.png\",\"width\":\"581\",\"height\":\"117\",\"caption\":\"B2BNews Agency\"},\"image\":{\"@id\":\"https:\\\/\\\/newmobility.news\\\/#\\\/schema\\\/logo\\\/image\\\/\"},\"sameAs\":[\"https:\\\/\\\/www.facebook.com\\\/search\\\/top\\\/?q=newmobility.news\",\"https:\\\/\\\/x.com\\\/jorisvry\",\"https:\\\/\\\/www.linkedin.com\\\/in\\\/jorisvanroy\\\/\",\"https:\\\/\\\/nl.pinterest.com\\\/jorisvanroy\\\/\"]},{\"@type\":\"Person\",\"@id\":\"https:\\\/\\\/newmobility.news\\\/#\\\/schema\\\/person\\\/a31e684b1039b4a94985a9aae156f28b\",\"name\":\"Luc Joris\",\"image\":{\"@type\":\"ImageObject\",\"inLanguage\":\"fr-BE\",\"@id\":\"https:\\\/\\\/secure.gravatar.com\\\/avatar\\\/9e27cf9984ae903174b14c7dd33d523290f03fd71803b04bc6e486c7259b2920?s=96&d=mm&r=g\",\"url\":\"https:\\\/\\\/secure.gravatar.com\\\/avatar\\\/9e27cf9984ae903174b14c7dd33d523290f03fd71803b04bc6e486c7259b2920?s=96&d=mm&r=g\",\"contentUrl\":\"https:\\\/\\\/secure.gravatar.com\\\/avatar\\\/9e27cf9984ae903174b14c7dd33d523290f03fd71803b04bc6e486c7259b2920?s=96&d=mm&r=g\",\"caption\":\"Luc Joris\"},\"url\":\"https:\\\/\\\/newmobility.news\\\/fr\\\/author\\\/belga-5\\\/\"}]}<\/script>\n<!-- \/ Yoast SEO plugin. -->","yoast_head_json":{"title":"Un athl\u00e8te paralympique poursuit les chemins de fer belges pour avoir refus\u00e9 l'acc\u00e8s \u00e0 un train \u00e0 son fauteuil roulant - newmobility.news","robots":{"index":"index","follow":"follow","max-snippet":"max-snippet:-1","max-image-preview":"max-image-preview:large","max-video-preview":"max-video-preview:-1"},"canonical":"https:\/\/newmobility.news\/fr\/2025\/01\/28\/paralympian-sues-belgian-rail-for-no-train-access-by-wheelchair\/","og_locale":"fr_FR","og_type":"article","og_title":"Paralympian sues Belgian rail for no train access by wheelchair - newmobility.news","og_description":"Belgian Paralympic boccia player Francis Rombouts has filed a lawsuit against the public railroad company NMBS\/SNCB because he cannot take the train in his hometown of Tielen. The case, dragging on for years, was heard yesterday at the Brussels Court of Appeal. And to make it even more painful, RThis content has been archived. Log [&hellip;]","og_url":"https:\/\/newmobility.news\/fr\/2025\/01\/28\/paralympian-sues-belgian-rail-for-no-train-access-by-wheelchair\/","og_site_name":"newmobility.news","article_publisher":"https:\/\/www.facebook.com\/search\/top\/?q=newmobility.news","article_published_time":"2025-01-28T11:20:57+00:00","og_image":[{"width":1600,"height":1066,"url":"https:\/\/i0.wp.com\/newmobility.news\/wp-content\/uploads\/2025\/01\/367496242_796727112453786_4609655374225890452_n.png?fit=1600%2C1066&ssl=1","type":"image\/png"}],"author":"Luc Joris","twitter_card":"summary_large_image","twitter_creator":"@jorisvry","twitter_site":"@jorisvry","twitter_misc":{"\u00c9crit par":"Luc Joris","Dur\u00e9e de lecture est.":"3 minutes"},"schema":{"@context":"https:\/\/schema.org","@graph":[{"@type":"Article","@id":"https:\/\/newmobility.news\/2025\/01\/28\/paralympian-sues-belgian-rail-for-no-train-access-by-wheelchair\/#article","isPartOf":{"@id":"https:\/\/newmobility.news\/2025\/01\/28\/paralympian-sues-belgian-rail-for-no-train-access-by-wheelchair\/"},"author":{"name":"Luc Joris","@id":"https:\/\/newmobility.news\/#\/schema\/person\/a31e684b1039b4a94985a9aae156f28b"},"headline":"Paralympian sues Belgian rail for no train access by wheelchair","datePublished":"2025-01-28T11:20:57+00:00","mainEntityOfPage":{"@id":"https:\/\/newmobility.news\/2025\/01\/28\/paralympian-sues-belgian-rail-for-no-train-access-by-wheelchair\/"},"wordCount":477,"commentCount":0,"publisher":{"@id":"https:\/\/newmobility.news\/#organization"},"image":{"@id":"https:\/\/newmobility.news\/2025\/01\/28\/paralympian-sues-belgian-rail-for-no-train-access-by-wheelchair\/#primaryimage"},"thumbnailUrl":"https:\/\/i0.wp.com\/newmobility.news\/wp-content\/uploads\/2025\/01\/367496242_796727112453786_4609655374225890452_n.png?fit=1600%2C1066&ssl=1","articleSection":["Belgium","Legislation","Mobility","Public transport","Top Stories Today"],"inLanguage":"fr-BE","potentialAction":[{"@type":"CommentAction","name":"Comment","target":["https:\/\/newmobility.news\/2025\/01\/28\/paralympian-sues-belgian-rail-for-no-train-access-by-wheelchair\/#respond"]}]},{"@type":"WebPage","@id":"https:\/\/newmobility.news\/2025\/01\/28\/paralympian-sues-belgian-rail-for-no-train-access-by-wheelchair\/","url":"https:\/\/newmobility.news\/2025\/01\/28\/paralympian-sues-belgian-rail-for-no-train-access-by-wheelchair\/","name":"Un athl\u00e8te paralympique poursuit les chemins de fer belges pour avoir refus\u00e9 l'acc\u00e8s \u00e0 un train \u00e0 son fauteuil roulant - newmobility.news","isPartOf":{"@id":"https:\/\/newmobility.news\/#website"},"primaryImageOfPage":{"@id":"https:\/\/newmobility.news\/2025\/01\/28\/paralympian-sues-belgian-rail-for-no-train-access-by-wheelchair\/#primaryimage"},"image":{"@id":"https:\/\/newmobility.news\/2025\/01\/28\/paralympian-sues-belgian-rail-for-no-train-access-by-wheelchair\/#primaryimage"},"thumbnailUrl":"https:\/\/i0.wp.com\/newmobility.news\/wp-content\/uploads\/2025\/01\/367496242_796727112453786_4609655374225890452_n.png?fit=1600%2C1066&ssl=1","datePublished":"2025-01-28T11:20:57+00:00","breadcrumb":{"@id":"https:\/\/newmobility.news\/2025\/01\/28\/paralympian-sues-belgian-rail-for-no-train-access-by-wheelchair\/#breadcrumb"},"inLanguage":"fr-BE","potentialAction":[{"@type":"ReadAction","target":["https:\/\/newmobility.news\/2025\/01\/28\/paralympian-sues-belgian-rail-for-no-train-access-by-wheelchair\/"]}]},{"@type":"ImageObject","inLanguage":"fr-BE","@id":"https:\/\/newmobility.news\/2025\/01\/28\/paralympian-sues-belgian-rail-for-no-train-access-by-wheelchair\/#primaryimage","url":"https:\/\/i0.wp.com\/newmobility.news\/wp-content\/uploads\/2025\/01\/367496242_796727112453786_4609655374225890452_n.png?fit=1600%2C1066&ssl=1","contentUrl":"https:\/\/i0.wp.com\/newmobility.news\/wp-content\/uploads\/2025\/01\/367496242_796727112453786_4609655374225890452_n.png?fit=1600%2C1066&ssl=1","width":1600,"height":1066,"caption":"Paralympian Francis Rombouts takes NMBS\/SNCB to court because he cannot board the train with his wheelchair. According to NMBS\/SCNB, the request is inadmissible, and the case is now time-barred \/F. Rombouts"},{"@type":"BreadcrumbList","@id":"https:\/\/newmobility.news\/2025\/01\/28\/paralympian-sues-belgian-rail-for-no-train-access-by-wheelchair\/#breadcrumb","itemListElement":[{"@type":"ListItem","position":1,"name":"Home","item":"https:\/\/newmobility.news\/"},{"@type":"ListItem","position":2,"name":"Paralympian sues Belgian rail for no train access by wheelchair"}]},{"@type":"WebSite","@id":"https:\/\/newmobility.news\/#website","url":"https:\/\/newmobility.news\/","name":"nouveaumobilit\u00e9.actualit\u00e9s","description":"Un service d'information B2BNews Agency\u00ae destin\u00e9 aux professionnels de la mobilit\u00e9","publisher":{"@id":"https:\/\/newmobility.news\/#organization"},"potentialAction":[{"@type":"SearchAction","target":{"@type":"EntryPoint","urlTemplate":"https:\/\/newmobility.news\/?s={search_term_string}"},"query-input":{"@type":"PropertyValueSpecification","valueRequired":true,"valueName":"search_term_string"}}],"inLanguage":"fr-BE"},{"@type":"Organization","@id":"https:\/\/newmobility.news\/#organization","name":"Agence de presse B2BNews","url":"https:\/\/newmobility.news\/","logo":{"@type":"ImageObject","inLanguage":"fr-BE","@id":"https:\/\/newmobility.news\/#\/schema\/logo\/image\/","url":"https:\/\/newmobility.news\/wp-content\/uploads\/2018\/01\/b2bnews-agency-logo.png","contentUrl":"https:\/\/newmobility.news\/wp-content\/uploads\/2018\/01\/b2bnews-agency-logo.png","width":"581","height":"117","caption":"B2BNews Agency"},"image":{"@id":"https:\/\/newmobility.news\/#\/schema\/logo\/image\/"},"sameAs":["https:\/\/www.facebook.com\/search\/top\/?q=newmobility.news","https:\/\/x.com\/jorisvry","https:\/\/www.linkedin.com\/in\/jorisvanroy\/","https:\/\/nl.pinterest.com\/jorisvanroy\/"]},{"@type":"Person","@id":"https:\/\/newmobility.news\/#\/schema\/person\/a31e684b1039b4a94985a9aae156f28b","name":"Luc Joris","image":{"@type":"ImageObject","inLanguage":"fr-BE","@id":"https:\/\/secure.gravatar.com\/avatar\/9e27cf9984ae903174b14c7dd33d523290f03fd71803b04bc6e486c7259b2920?s=96&d=mm&r=g","url":"https:\/\/secure.gravatar.com\/avatar\/9e27cf9984ae903174b14c7dd33d523290f03fd71803b04bc6e486c7259b2920?s=96&d=mm&r=g","contentUrl":"https:\/\/secure.gravatar.com\/avatar\/9e27cf9984ae903174b14c7dd33d523290f03fd71803b04bc6e486c7259b2920?s=96&d=mm&r=g","caption":"Luc Joris"},"url":"https:\/\/newmobility.news\/fr\/author\/belga-5\/"}]}},"jetpack_publicize_connections":[],"jetpack_featured_media_url":"https:\/\/i0.wp.com\/newmobility.news\/wp-content\/uploads\/2025\/01\/367496242_796727112453786_4609655374225890452_n.png?fit=1600%2C1066&ssl=1","jetpack_shortlink":"https:\/\/wp.me\/p9wJdU-Gec","jetpack_sharing_enabled":true,"jetpack_likes_enabled":true,"jetpack-related-posts":[],"_links":{"self":[{"href":"https:\/\/newmobility.news\/fr\/wp-json\/wp\/v2\/posts\/162328","targetHints":{"allow":["GET"]}}],"collection":[{"href":"https:\/\/newmobility.news\/fr\/wp-json\/wp\/v2\/posts"}],"about":[{"href":"https:\/\/newmobility.news\/fr\/wp-json\/wp\/v2\/types\/post"}],"author":[{"embeddable":true,"href":"https:\/\/newmobility.news\/fr\/wp-json\/wp\/v2\/users\/164"}],"replies":[{"embeddable":true,"href":"https:\/\/newmobility.news\/fr\/wp-json\/wp\/v2\/comments?post=162328"}],"version-history":[{"count":0,"href":"https:\/\/newmobility.news\/fr\/wp-json\/wp\/v2\/posts\/162328\/revisions"}],"wp:featuredmedia":[{"embeddable":true,"href":"https:\/\/newmobility.news\/fr\/wp-json\/wp\/v2\/media\/162345"}],"wp:attachment":[{"href":"https:\/\/newmobility.news\/fr\/wp-json\/wp\/v2\/media?parent=162328"}],"wp:term":[{"taxonomy":"category","embeddable":true,"href":"https:\/\/newmobility.news\/fr\/wp-json\/wp\/v2\/categories?post=162328"},{"taxonomy":"post_tag","embeddable":true,"href":"https:\/\/newmobility.news\/fr\/wp-json\/wp\/v2\/tags?post=162328"}],"curies":[{"name":"wp","href":"https:\/\/api.w.org\/{rel}","templated":true}]}}