{"id":163435,"date":"2025-02-21T12:20:34","date_gmt":"2025-02-21T11:20:34","guid":{"rendered":"https:\/\/newmobility.news\/?p=163435"},"modified":"2025-02-21T11:46:21","modified_gmt":"2025-02-21T10:46:21","slug":"belgian-second-hand-lease-platform-lizy-expands-to-the-netherlands","status":"publish","type":"post","link":"https:\/\/newmobility.news\/fr\/2025\/02\/21\/belgian-second-hand-lease-platform-lizy-expands-to-the-netherlands\/","title":{"rendered":"La plateforme belge de location d'occasion Lizy s'\u00e9tend aux Pays-Bas"},"content":{"rendered":"Lizy, la plateforme bruxelloise de location de voitures d'occasion, \u00e9tend ses activit\u00e9s aux Pays-Bas. L'entreprise vise \u00e0 rendre la location de voitures plus accessible, plus durable et moins ch\u00e8re. Et la formule fonctionne. En cinq ans, Lizy a convaincu plus de 4 000 clients d'opter pour une voiture r\u00e9cente.<div class=\"leaky_paywall_message_wrap\"><div id=\"leaky_paywall_message\">Ce contenu a \u00e9t\u00e9 archiv\u00e9. <a href=\"https:\/\/newmobility.news\/fr\/subscription\/\">Connectez-vous ou inscrivez-vous<\/a> \u00e0 un niveau qui donne acc\u00e8s au contenu archiv\u00e9.<\/div><\/div>","protected":false},"excerpt":{"rendered":"<p>Lizy, the Brussels-based second-hand car lease platform, is expanding its activities to the Netherlands. The company aims to make car leasing more accessible, sustainable, and cheaper. And the formula is working. In five years, Lizy has convinced more than 4,000 customers to opt for a young secoThis content has been archived. Log in or Subscribe [&hellip;]<\/p>\n","protected":false},"author":175,"featured_media":163448,"comment_status":"open","ping_status":"closed","sticky":false,"template":"","format":"standard","meta":{"_acf_changed":false,"jetpack_post_was_ever_published":false,"_jetpack_newsletter_access":"","_jetpack_dont_email_post_to_subs":false,"_jetpack_newsletter_tier_id":0,"_jetpack_memberships_contains_paywalled_content":false,"_jetpack_memberships_contains_paid_content":false,"footnotes":"","jetpack_publicize_message":"","jetpack_publicize_feature_enabled":true,"jetpack_social_post_already_shared":true,"jetpack_social_options":{"image_generator_settings":{"template":"highway","default_image_id":0,"font":"","enabled":false},"version":2},"_wpas_customize_per_network":false},"categories":[77158,7,4],"tags":[],"class_list":["post-163435","post","type-post","status-publish","format-standard","has-post-thumbnail","hentry","category-leasing","category-mobility","category-top-stories-today"],"acf":[],"featured_image_urls_v2":{"full":["https:\/\/i0.wp.com\/newmobility.news\/wp-content\/uploads\/2025\/02\/Lizy.jpg?fit=1089%2C678&ssl=1",1089,678,false],"thumbnail":["https:\/\/i0.wp.com\/newmobility.news\/wp-content\/uploads\/2025\/02\/Lizy.jpg?resize=150%2C150&ssl=1",150,150,true],"medium":["https:\/\/i0.wp.com\/newmobility.news\/wp-content\/uploads\/2025\/02\/Lizy.jpg?fit=300%2C187&ssl=1",300,187,true],"medium_large":["https:\/\/i0.wp.com\/newmobility.news\/wp-content\/uploads\/2025\/02\/Lizy.jpg?fit=640%2C398&ssl=1",640,398,true],"large":["https:\/\/i0.wp.com\/newmobility.news\/wp-content\/uploads\/2025\/02\/Lizy.jpg?fit=640%2C399&ssl=1",640,399,true],"1536x1536":["https:\/\/i0.wp.com\/newmobility.news\/wp-content\/uploads\/2025\/02\/Lizy.jpg?fit=1089%2C678&ssl=1",1089,678,true],"2048x2048":["https:\/\/i0.wp.com\/newmobility.news\/wp-content\/uploads\/2025\/02\/Lizy.jpg?fit=1089%2C678&ssl=1",1089,678,true],"trp-custom-language-flag":["https:\/\/i0.wp.com\/newmobility.news\/wp-content\/uploads\/2025\/02\/Lizy.jpg?fit=18%2C12&ssl=1",18,12,true],"related-thumb":["https:\/\/i0.wp.com\/newmobility.news\/wp-content\/uploads\/2025\/02\/Lizy.jpg?resize=640%2C480&ssl=1",640,480,true],"gform-image-choice-sm":["https:\/\/i0.wp.com\/newmobility.news\/wp-content\/uploads\/2025\/02\/Lizy.jpg?resize=300%2C300&ssl=1",300,300,true],"gform-image-choice-md":["https:\/\/i0.wp.com\/newmobility.news\/wp-content\/uploads\/2025\/02\/Lizy.jpg?resize=400%2C400&ssl=1",400,400,true],"gform-image-choice-lg":["https:\/\/i0.wp.com\/newmobility.news\/wp-content\/uploads\/2025\/02\/Lizy.jpg?resize=600%2C600&ssl=1",600,600,true],"mailchimp":["https:\/\/i0.wp.com\/newmobility.news\/wp-content\/uploads\/2025\/02\/Lizy.jpg?fit=560%2C349&ssl=1",560,349,true],"unipress-phone":["https:\/\/i0.wp.com\/newmobility.news\/wp-content\/uploads\/2025\/02\/Lizy.jpg?resize=640%2C100&ssl=1",640,100,true],"unipress-tablet":["https:\/\/i0.wp.com\/newmobility.news\/wp-content\/uploads\/2025\/02\/Lizy.jpg?resize=1089%2C240&ssl=1",1089,240,true],"unipress-tablet-portrait":["https:\/\/i0.wp.com\/newmobility.news\/wp-content\/uploads\/2025\/02\/Lizy.jpg?resize=1089%2C180&ssl=1",1089,180,true],"unipress-tablet-landscape":["https:\/\/i0.wp.com\/newmobility.news\/wp-content\/uploads\/2025\/02\/Lizy.jpg?resize=1089%2C180&ssl=1",1089,180,true],"unipress-smartphone":["https:\/\/i0.wp.com\/newmobility.news\/wp-content\/uploads\/2025\/02\/Lizy.jpg?resize=1080%2C168&ssl=1",1080,168,true],"unipress-wide-screen":["https:\/\/i0.wp.com\/newmobility.news\/wp-content\/uploads\/2025\/02\/Lizy.jpg?resize=1089%2C180&ssl=1",1089,180,true]},"post_excerpt_stackable_v2":"<p>Lizy, the Brussels-based second-hand car lease platform, is expanding its activities to the Netherlands. The company aims to make car leasing more accessible, sustainable, and cheaper. And the formula is working. In five years, Lizy has convinced more than 4,000 customers to opt for a young secoThis content has been archived. Log in or Subscribe to a level that has access to archived content.<\/p>\n","category_list_v2":"<a href=\"https:\/\/newmobility.news\/fr\/category\/leasing\/\" rel=\"category tag\">Leasing<\/a>, <a href=\"https:\/\/newmobility.news\/fr\/category\/mobility\/\" rel=\"category tag\">Mobility<\/a>, <a href=\"https:\/\/newmobility.news\/fr\/category\/top-stories-today\/\" rel=\"category tag\">Top Stories Today<\/a>","author_info_v2":{"name":"Hilde Van Raemdonck","url":"https:\/\/newmobility.news\/fr\/author\/hilde-van-raemdonck\/"},"comments_num_v2":"0 comments","yoast_head":"<!-- This site is optimized with the Yoast SEO plugin v27.5 - https:\/\/yoast.com\/product\/yoast-seo-wordpress\/ -->\n<title>Belgian second-hand lease platform Lizy expands to the Netherlands - newmobility.news<\/title>\n<meta name=\"robots\" content=\"index, follow, max-snippet:-1, max-image-preview:large, max-video-preview:-1\" \/>\n<link rel=\"canonical\" href=\"https:\/\/newmobility.news\/fr\/2025\/02\/21\/belgian-second-hand-lease-platform-lizy-expands-to-the-netherlands\/\" \/>\n<meta property=\"og:locale\" content=\"fr_FR\" \/>\n<meta property=\"og:type\" content=\"article\" \/>\n<meta property=\"og:title\" content=\"Belgian second-hand lease platform Lizy expands to the Netherlands - newmobility.news\" \/>\n<meta property=\"og:description\" content=\"Lizy, the Brussels-based second-hand car lease platform, is expanding its activities to the Netherlands. The company aims to make car leasing more accessible, sustainable, and cheaper. And the formula is working. In five years, Lizy has convinced more than 4,000 customers to opt for a young secoThis content has been archived. Log in or Subscribe [&hellip;]\" \/>\n<meta property=\"og:url\" content=\"https:\/\/newmobility.news\/fr\/2025\/02\/21\/belgian-second-hand-lease-platform-lizy-expands-to-the-netherlands\/\" \/>\n<meta property=\"og:site_name\" content=\"newmobility.news\" \/>\n<meta property=\"article:publisher\" content=\"https:\/\/www.facebook.com\/search\/top\/?q=newmobility.news\" \/>\n<meta property=\"article:published_time\" content=\"2025-02-21T11:20:34+00:00\" \/>\n<meta property=\"og:image\" content=\"https:\/\/i0.wp.com\/newmobility.news\/wp-content\/uploads\/2025\/02\/Lizy.jpg?fit=1089%2C678&ssl=1\" \/>\n\t<meta property=\"og:image:width\" content=\"1089\" \/>\n\t<meta property=\"og:image:height\" content=\"678\" \/>\n\t<meta property=\"og:image:type\" content=\"image\/jpeg\" \/>\n<meta name=\"author\" content=\"Hilde Van Raemdonck\" \/>\n<meta name=\"twitter:card\" content=\"summary_large_image\" \/>\n<meta name=\"twitter:creator\" content=\"@jorisvry\" \/>\n<meta name=\"twitter:site\" content=\"@jorisvry\" \/>\n<meta name=\"twitter:label1\" content=\"\u00c9crit par\" \/>\n\t<meta name=\"twitter:data1\" content=\"Hilde Van Raemdonck\" \/>\n\t<meta name=\"twitter:label2\" content=\"Dur\u00e9e de lecture est.\" \/>\n\t<meta name=\"twitter:data2\" content=\"2 minutes\" \/>\n<script type=\"application\/ld+json\" class=\"yoast-schema-graph\">{\"@context\":\"https:\\\/\\\/schema.org\",\"@graph\":[{\"@type\":\"Article\",\"@id\":\"https:\\\/\\\/newmobility.news\\\/2025\\\/02\\\/21\\\/belgian-second-hand-lease-platform-lizy-expands-to-the-netherlands\\\/#article\",\"isPartOf\":{\"@id\":\"https:\\\/\\\/newmobility.news\\\/2025\\\/02\\\/21\\\/belgian-second-hand-lease-platform-lizy-expands-to-the-netherlands\\\/\"},\"author\":{\"name\":\"Hilde Van Raemdonck\",\"@id\":\"https:\\\/\\\/newmobility.news\\\/#\\\/schema\\\/person\\\/e57c278780b041b8d42f2ce28dd9ec82\"},\"headline\":\"Belgian second-hand lease platform Lizy expands to the Netherlands\",\"datePublished\":\"2025-02-21T11:20:34+00:00\",\"mainEntityOfPage\":{\"@id\":\"https:\\\/\\\/newmobility.news\\\/2025\\\/02\\\/21\\\/belgian-second-hand-lease-platform-lizy-expands-to-the-netherlands\\\/\"},\"wordCount\":345,\"commentCount\":0,\"publisher\":{\"@id\":\"https:\\\/\\\/newmobility.news\\\/#organization\"},\"image\":{\"@id\":\"https:\\\/\\\/newmobility.news\\\/2025\\\/02\\\/21\\\/belgian-second-hand-lease-platform-lizy-expands-to-the-netherlands\\\/#primaryimage\"},\"thumbnailUrl\":\"https:\\\/\\\/i0.wp.com\\\/newmobility.news\\\/wp-content\\\/uploads\\\/2025\\\/02\\\/Lizy.jpg?fit=1089%2C678&ssl=1\",\"articleSection\":[\"Leasing\",\"Mobility\",\"Top Stories Today\"],\"inLanguage\":\"fr-BE\",\"potentialAction\":[{\"@type\":\"CommentAction\",\"name\":\"Comment\",\"target\":[\"https:\\\/\\\/newmobility.news\\\/2025\\\/02\\\/21\\\/belgian-second-hand-lease-platform-lizy-expands-to-the-netherlands\\\/#respond\"]}]},{\"@type\":\"WebPage\",\"@id\":\"https:\\\/\\\/newmobility.news\\\/2025\\\/02\\\/21\\\/belgian-second-hand-lease-platform-lizy-expands-to-the-netherlands\\\/\",\"url\":\"https:\\\/\\\/newmobility.news\\\/2025\\\/02\\\/21\\\/belgian-second-hand-lease-platform-lizy-expands-to-the-netherlands\\\/\",\"name\":\"Belgian second-hand lease platform Lizy expands to the Netherlands - newmobility.news\",\"isPartOf\":{\"@id\":\"https:\\\/\\\/newmobility.news\\\/#website\"},\"primaryImageOfPage\":{\"@id\":\"https:\\\/\\\/newmobility.news\\\/2025\\\/02\\\/21\\\/belgian-second-hand-lease-platform-lizy-expands-to-the-netherlands\\\/#primaryimage\"},\"image\":{\"@id\":\"https:\\\/\\\/newmobility.news\\\/2025\\\/02\\\/21\\\/belgian-second-hand-lease-platform-lizy-expands-to-the-netherlands\\\/#primaryimage\"},\"thumbnailUrl\":\"https:\\\/\\\/i0.wp.com\\\/newmobility.news\\\/wp-content\\\/uploads\\\/2025\\\/02\\\/Lizy.jpg?fit=1089%2C678&ssl=1\",\"datePublished\":\"2025-02-21T11:20:34+00:00\",\"breadcrumb\":{\"@id\":\"https:\\\/\\\/newmobility.news\\\/2025\\\/02\\\/21\\\/belgian-second-hand-lease-platform-lizy-expands-to-the-netherlands\\\/#breadcrumb\"},\"inLanguage\":\"fr-BE\",\"potentialAction\":[{\"@type\":\"ReadAction\",\"target\":[\"https:\\\/\\\/newmobility.news\\\/2025\\\/02\\\/21\\\/belgian-second-hand-lease-platform-lizy-expands-to-the-netherlands\\\/\"]}]},{\"@type\":\"ImageObject\",\"inLanguage\":\"fr-BE\",\"@id\":\"https:\\\/\\\/newmobility.news\\\/2025\\\/02\\\/21\\\/belgian-second-hand-lease-platform-lizy-expands-to-the-netherlands\\\/#primaryimage\",\"url\":\"https:\\\/\\\/i0.wp.com\\\/newmobility.news\\\/wp-content\\\/uploads\\\/2025\\\/02\\\/Lizy.jpg?fit=1089%2C678&ssl=1\",\"contentUrl\":\"https:\\\/\\\/i0.wp.com\\\/newmobility.news\\\/wp-content\\\/uploads\\\/2025\\\/02\\\/Lizy.jpg?fit=1089%2C678&ssl=1\",\"width\":1089,\"height\":678,\"caption\":\"Lizy mainly buys second-hand electric cars that are, on average, one year old. This way, the company can offer young second-hand cars at much lower rates \\\/lizy.be\"},{\"@type\":\"BreadcrumbList\",\"@id\":\"https:\\\/\\\/newmobility.news\\\/2025\\\/02\\\/21\\\/belgian-second-hand-lease-platform-lizy-expands-to-the-netherlands\\\/#breadcrumb\",\"itemListElement\":[{\"@type\":\"ListItem\",\"position\":1,\"name\":\"Home\",\"item\":\"https:\\\/\\\/newmobility.news\\\/\"},{\"@type\":\"ListItem\",\"position\":2,\"name\":\"Belgian second-hand lease platform Lizy expands to the Netherlands\"}]},{\"@type\":\"WebSite\",\"@id\":\"https:\\\/\\\/newmobility.news\\\/#website\",\"url\":\"https:\\\/\\\/newmobility.news\\\/\",\"name\":\"newmobility.news\",\"description\":\"A B2BNews Agency\u00ae news service for mobility business proessional\",\"publisher\":{\"@id\":\"https:\\\/\\\/newmobility.news\\\/#organization\"},\"potentialAction\":[{\"@type\":\"SearchAction\",\"target\":{\"@type\":\"EntryPoint\",\"urlTemplate\":\"https:\\\/\\\/newmobility.news\\\/?s={search_term_string}\"},\"query-input\":{\"@type\":\"PropertyValueSpecification\",\"valueRequired\":true,\"valueName\":\"search_term_string\"}}],\"inLanguage\":\"fr-BE\"},{\"@type\":\"Organization\",\"@id\":\"https:\\\/\\\/newmobility.news\\\/#organization\",\"name\":\"B2BNews Agency\",\"url\":\"https:\\\/\\\/newmobility.news\\\/\",\"logo\":{\"@type\":\"ImageObject\",\"inLanguage\":\"fr-BE\",\"@id\":\"https:\\\/\\\/newmobility.news\\\/#\\\/schema\\\/logo\\\/image\\\/\",\"url\":\"https:\\\/\\\/newmobility.news\\\/wp-content\\\/uploads\\\/2018\\\/01\\\/b2bnews-agency-logo.png\",\"contentUrl\":\"https:\\\/\\\/newmobility.news\\\/wp-content\\\/uploads\\\/2018\\\/01\\\/b2bnews-agency-logo.png\",\"width\":\"581\",\"height\":\"117\",\"caption\":\"B2BNews Agency\"},\"image\":{\"@id\":\"https:\\\/\\\/newmobility.news\\\/#\\\/schema\\\/logo\\\/image\\\/\"},\"sameAs\":[\"https:\\\/\\\/www.facebook.com\\\/search\\\/top\\\/?q=newmobility.news\",\"https:\\\/\\\/x.com\\\/jorisvry\",\"https:\\\/\\\/www.linkedin.com\\\/in\\\/jorisvanroy\\\/\",\"https:\\\/\\\/nl.pinterest.com\\\/jorisvanroy\\\/\"]},{\"@type\":\"Person\",\"@id\":\"https:\\\/\\\/newmobility.news\\\/#\\\/schema\\\/person\\\/e57c278780b041b8d42f2ce28dd9ec82\",\"name\":\"Hilde Van Raemdonck\",\"image\":{\"@type\":\"ImageObject\",\"inLanguage\":\"fr-BE\",\"@id\":\"https:\\\/\\\/secure.gravatar.com\\\/avatar\\\/df873a81c6773757375a21da8c2465de0552095dede94d299763768ab1b36cef?s=96&d=mm&r=g\",\"url\":\"https:\\\/\\\/secure.gravatar.com\\\/avatar\\\/df873a81c6773757375a21da8c2465de0552095dede94d299763768ab1b36cef?s=96&d=mm&r=g\",\"contentUrl\":\"https:\\\/\\\/secure.gravatar.com\\\/avatar\\\/df873a81c6773757375a21da8c2465de0552095dede94d299763768ab1b36cef?s=96&d=mm&r=g\",\"caption\":\"Hilde Van Raemdonck\"},\"url\":\"https:\\\/\\\/newmobility.news\\\/fr\\\/author\\\/hilde-van-raemdonck\\\/\"}]}<\/script>\n<!-- \/ Yoast SEO plugin. -->","yoast_head_json":{"title":"La plateforme belge de location de v\u00e9hicules d'occasion Lizy s'\u00e9tend aux Pays-Bas - newmobility.news","robots":{"index":"index","follow":"follow","max-snippet":"max-snippet:-1","max-image-preview":"max-image-preview:large","max-video-preview":"max-video-preview:-1"},"canonical":"https:\/\/newmobility.news\/fr\/2025\/02\/21\/belgian-second-hand-lease-platform-lizy-expands-to-the-netherlands\/","og_locale":"fr_FR","og_type":"article","og_title":"Belgian second-hand lease platform Lizy expands to the Netherlands - newmobility.news","og_description":"Lizy, the Brussels-based second-hand car lease platform, is expanding its activities to the Netherlands. The company aims to make car leasing more accessible, sustainable, and cheaper. And the formula is working. In five years, Lizy has convinced more than 4,000 customers to opt for a young secoThis content has been archived. Log in or Subscribe [&hellip;]","og_url":"https:\/\/newmobility.news\/fr\/2025\/02\/21\/belgian-second-hand-lease-platform-lizy-expands-to-the-netherlands\/","og_site_name":"newmobility.news","article_publisher":"https:\/\/www.facebook.com\/search\/top\/?q=newmobility.news","article_published_time":"2025-02-21T11:20:34+00:00","og_image":[{"width":1089,"height":678,"url":"https:\/\/i0.wp.com\/newmobility.news\/wp-content\/uploads\/2025\/02\/Lizy.jpg?fit=1089%2C678&ssl=1","type":"image\/jpeg"}],"author":"Hilde Van Raemdonck","twitter_card":"summary_large_image","twitter_creator":"@jorisvry","twitter_site":"@jorisvry","twitter_misc":{"\u00c9crit par":"Hilde Van Raemdonck","Dur\u00e9e de lecture est.":"2 minutes"},"schema":{"@context":"https:\/\/schema.org","@graph":[{"@type":"Article","@id":"https:\/\/newmobility.news\/2025\/02\/21\/belgian-second-hand-lease-platform-lizy-expands-to-the-netherlands\/#article","isPartOf":{"@id":"https:\/\/newmobility.news\/2025\/02\/21\/belgian-second-hand-lease-platform-lizy-expands-to-the-netherlands\/"},"author":{"name":"Hilde Van Raemdonck","@id":"https:\/\/newmobility.news\/#\/schema\/person\/e57c278780b041b8d42f2ce28dd9ec82"},"headline":"Belgian second-hand lease platform Lizy expands to the Netherlands","datePublished":"2025-02-21T11:20:34+00:00","mainEntityOfPage":{"@id":"https:\/\/newmobility.news\/2025\/02\/21\/belgian-second-hand-lease-platform-lizy-expands-to-the-netherlands\/"},"wordCount":345,"commentCount":0,"publisher":{"@id":"https:\/\/newmobility.news\/#organization"},"image":{"@id":"https:\/\/newmobility.news\/2025\/02\/21\/belgian-second-hand-lease-platform-lizy-expands-to-the-netherlands\/#primaryimage"},"thumbnailUrl":"https:\/\/i0.wp.com\/newmobility.news\/wp-content\/uploads\/2025\/02\/Lizy.jpg?fit=1089%2C678&ssl=1","articleSection":["Leasing","Mobility","Top Stories Today"],"inLanguage":"fr-BE","potentialAction":[{"@type":"CommentAction","name":"Comment","target":["https:\/\/newmobility.news\/2025\/02\/21\/belgian-second-hand-lease-platform-lizy-expands-to-the-netherlands\/#respond"]}]},{"@type":"WebPage","@id":"https:\/\/newmobility.news\/2025\/02\/21\/belgian-second-hand-lease-platform-lizy-expands-to-the-netherlands\/","url":"https:\/\/newmobility.news\/2025\/02\/21\/belgian-second-hand-lease-platform-lizy-expands-to-the-netherlands\/","name":"La plateforme belge de location de v\u00e9hicules d'occasion Lizy s'\u00e9tend aux Pays-Bas - newmobility.news","isPartOf":{"@id":"https:\/\/newmobility.news\/#website"},"primaryImageOfPage":{"@id":"https:\/\/newmobility.news\/2025\/02\/21\/belgian-second-hand-lease-platform-lizy-expands-to-the-netherlands\/#primaryimage"},"image":{"@id":"https:\/\/newmobility.news\/2025\/02\/21\/belgian-second-hand-lease-platform-lizy-expands-to-the-netherlands\/#primaryimage"},"thumbnailUrl":"https:\/\/i0.wp.com\/newmobility.news\/wp-content\/uploads\/2025\/02\/Lizy.jpg?fit=1089%2C678&ssl=1","datePublished":"2025-02-21T11:20:34+00:00","breadcrumb":{"@id":"https:\/\/newmobility.news\/2025\/02\/21\/belgian-second-hand-lease-platform-lizy-expands-to-the-netherlands\/#breadcrumb"},"inLanguage":"fr-BE","potentialAction":[{"@type":"ReadAction","target":["https:\/\/newmobility.news\/2025\/02\/21\/belgian-second-hand-lease-platform-lizy-expands-to-the-netherlands\/"]}]},{"@type":"ImageObject","inLanguage":"fr-BE","@id":"https:\/\/newmobility.news\/2025\/02\/21\/belgian-second-hand-lease-platform-lizy-expands-to-the-netherlands\/#primaryimage","url":"https:\/\/i0.wp.com\/newmobility.news\/wp-content\/uploads\/2025\/02\/Lizy.jpg?fit=1089%2C678&ssl=1","contentUrl":"https:\/\/i0.wp.com\/newmobility.news\/wp-content\/uploads\/2025\/02\/Lizy.jpg?fit=1089%2C678&ssl=1","width":1089,"height":678,"caption":"Lizy mainly buys second-hand electric cars that are, on average, one year old. This way, the company can offer young second-hand cars at much lower rates \/lizy.be"},{"@type":"BreadcrumbList","@id":"https:\/\/newmobility.news\/2025\/02\/21\/belgian-second-hand-lease-platform-lizy-expands-to-the-netherlands\/#breadcrumb","itemListElement":[{"@type":"ListItem","position":1,"name":"Home","item":"https:\/\/newmobility.news\/"},{"@type":"ListItem","position":2,"name":"Belgian second-hand lease platform Lizy expands to the Netherlands"}]},{"@type":"WebSite","@id":"https:\/\/newmobility.news\/#website","url":"https:\/\/newmobility.news\/","name":"nouveaumobilit\u00e9.actualit\u00e9s","description":"Un service d'information B2BNews Agency\u00ae destin\u00e9 aux professionnels de la mobilit\u00e9","publisher":{"@id":"https:\/\/newmobility.news\/#organization"},"potentialAction":[{"@type":"SearchAction","target":{"@type":"EntryPoint","urlTemplate":"https:\/\/newmobility.news\/?s={search_term_string}"},"query-input":{"@type":"PropertyValueSpecification","valueRequired":true,"valueName":"search_term_string"}}],"inLanguage":"fr-BE"},{"@type":"Organization","@id":"https:\/\/newmobility.news\/#organization","name":"Agence de presse B2BNews","url":"https:\/\/newmobility.news\/","logo":{"@type":"ImageObject","inLanguage":"fr-BE","@id":"https:\/\/newmobility.news\/#\/schema\/logo\/image\/","url":"https:\/\/newmobility.news\/wp-content\/uploads\/2018\/01\/b2bnews-agency-logo.png","contentUrl":"https:\/\/newmobility.news\/wp-content\/uploads\/2018\/01\/b2bnews-agency-logo.png","width":"581","height":"117","caption":"B2BNews Agency"},"image":{"@id":"https:\/\/newmobility.news\/#\/schema\/logo\/image\/"},"sameAs":["https:\/\/www.facebook.com\/search\/top\/?q=newmobility.news","https:\/\/x.com\/jorisvry","https:\/\/www.linkedin.com\/in\/jorisvanroy\/","https:\/\/nl.pinterest.com\/jorisvanroy\/"]},{"@type":"Person","@id":"https:\/\/newmobility.news\/#\/schema\/person\/e57c278780b041b8d42f2ce28dd9ec82","name":"Hilde Van Raemdonck","image":{"@type":"ImageObject","inLanguage":"fr-BE","@id":"https:\/\/secure.gravatar.com\/avatar\/df873a81c6773757375a21da8c2465de0552095dede94d299763768ab1b36cef?s=96&d=mm&r=g","url":"https:\/\/secure.gravatar.com\/avatar\/df873a81c6773757375a21da8c2465de0552095dede94d299763768ab1b36cef?s=96&d=mm&r=g","contentUrl":"https:\/\/secure.gravatar.com\/avatar\/df873a81c6773757375a21da8c2465de0552095dede94d299763768ab1b36cef?s=96&d=mm&r=g","caption":"Hilde Van Raemdonck"},"url":"https:\/\/newmobility.news\/fr\/author\/hilde-van-raemdonck\/"}]}},"jetpack_publicize_connections":[],"jetpack_featured_media_url":"https:\/\/i0.wp.com\/newmobility.news\/wp-content\/uploads\/2025\/02\/Lizy.jpg?fit=1089%2C678&ssl=1","jetpack_shortlink":"https:\/\/wp.me\/p9wJdU-Gw3","jetpack_sharing_enabled":true,"jetpack_likes_enabled":true,"jetpack-related-posts":[],"_links":{"self":[{"href":"https:\/\/newmobility.news\/fr\/wp-json\/wp\/v2\/posts\/163435","targetHints":{"allow":["GET"]}}],"collection":[{"href":"https:\/\/newmobility.news\/fr\/wp-json\/wp\/v2\/posts"}],"about":[{"href":"https:\/\/newmobility.news\/fr\/wp-json\/wp\/v2\/types\/post"}],"author":[{"embeddable":true,"href":"https:\/\/newmobility.news\/fr\/wp-json\/wp\/v2\/users\/175"}],"replies":[{"embeddable":true,"href":"https:\/\/newmobility.news\/fr\/wp-json\/wp\/v2\/comments?post=163435"}],"version-history":[{"count":0,"href":"https:\/\/newmobility.news\/fr\/wp-json\/wp\/v2\/posts\/163435\/revisions"}],"wp:featuredmedia":[{"embeddable":true,"href":"https:\/\/newmobility.news\/fr\/wp-json\/wp\/v2\/media\/163448"}],"wp:attachment":[{"href":"https:\/\/newmobility.news\/fr\/wp-json\/wp\/v2\/media?parent=163435"}],"wp:term":[{"taxonomy":"category","embeddable":true,"href":"https:\/\/newmobility.news\/fr\/wp-json\/wp\/v2\/categories?post=163435"},{"taxonomy":"post_tag","embeddable":true,"href":"https:\/\/newmobility.news\/fr\/wp-json\/wp\/v2\/tags?post=163435"}],"curies":[{"name":"wp","href":"https:\/\/api.w.org\/{rel}","templated":true}]}}