{"id":163606,"date":"2025-02-26T10:53:59","date_gmt":"2025-02-26T09:53:59","guid":{"rendered":"https:\/\/newmobility.news\/?p=163606"},"modified":"2025-02-28T12:24:59","modified_gmt":"2025-02-28T11:24:59","slug":"tesla-faces-45-2-decline-in-eu-due-to-competition-and-musks-escapades","status":"publish","type":"post","link":"https:\/\/newmobility.news\/fr\/2025\/02\/26\/tesla-faces-45-2-decline-in-eu-due-to-competition-and-musks-escapades\/","title":{"rendered":"Tesla fait face \u00e0 une baisse de 45,21 % dans l'UE en raison de la concurrence et des frasques de Musk"},"content":{"rendered":"La domination de Tesla sur le march\u00e9 europ\u00e9en des v\u00e9hicules \u00e9lectriques a subi un coup dur en janvier 2025, la soci\u00e9t\u00e9 ayant enregistr\u00e9 une chute vertigineuse de 45,21 % de ses ventes par rapport \u00e0 la m\u00eame p\u00e9riode en 2024. De nouvelles donn\u00e9es de l'Association des constructeurs europ\u00e9ens d'automobiles (ACEA) r\u00e9v\u00e8lent que Tesla a vendu un peu moins de 10 000 v\u00e9hicules.<div class=\"leaky_paywall_message_wrap\"><div id=\"leaky_paywall_message\">Ce contenu a \u00e9t\u00e9 archiv\u00e9. <a href=\"https:\/\/newmobility.news\/fr\/subscription\/\">Connectez-vous ou inscrivez-vous<\/a> \u00e0 un niveau qui donne acc\u00e8s au contenu archiv\u00e9.<\/div><\/div>","protected":false},"excerpt":{"rendered":"<p>Tesla&#8217;s dominance in the European electric vehicle market took a significant hit in January 2025, as the company saw a staggering 45.2% drop in sales compared to the same period in 2024. New data from the European Automobile Manufacturers Association (ACEA) reveal that Tesla sold just under 10,00This content has been archived. Log in or [&hellip;]<\/p>\n","protected":false},"author":715,"featured_media":163608,"comment_status":"open","ping_status":"closed","sticky":false,"template":"","format":"standard","meta":{"_acf_changed":false,"jetpack_post_was_ever_published":false,"_jetpack_newsletter_access":"","_jetpack_dont_email_post_to_subs":false,"_jetpack_newsletter_tier_id":0,"_jetpack_memberships_contains_paywalled_content":false,"_jetpack_memberships_contains_paid_content":false,"footnotes":"","jetpack_publicize_message":"","jetpack_publicize_feature_enabled":true,"jetpack_social_post_already_shared":true,"jetpack_social_options":{"image_generator_settings":{"template":"highway","default_image_id":0,"font":"","enabled":false},"version":2},"_wpas_customize_per_network":false},"categories":[63,28,16,77169,4,17],"tags":[],"class_list":["post-163606","post","type-post","status-publish","format-standard","has-post-thumbnail","hentry","category-autonomous-driving","category-europe","category-industry","category-market","category-top-stories-today","category-weekly-newsletter"],"acf":[],"featured_image_urls_v2":{"full":["https:\/\/i0.wp.com\/newmobility.news\/wp-content\/uploads\/2025\/02\/aum_photo_20250124_246278.jpg?fit=2393%2C1752&ssl=1",2393,1752,false],"thumbnail":["https:\/\/i0.wp.com\/newmobility.news\/wp-content\/uploads\/2025\/02\/aum_photo_20250124_246278.jpg?resize=150%2C150&ssl=1",150,150,true],"medium":["https:\/\/i0.wp.com\/newmobility.news\/wp-content\/uploads\/2025\/02\/aum_photo_20250124_246278.jpg?fit=300%2C220&ssl=1",300,220,true],"medium_large":["https:\/\/i0.wp.com\/newmobility.news\/wp-content\/uploads\/2025\/02\/aum_photo_20250124_246278.jpg?fit=640%2C469&ssl=1",640,469,true],"large":["https:\/\/i0.wp.com\/newmobility.news\/wp-content\/uploads\/2025\/02\/aum_photo_20250124_246278.jpg?fit=640%2C469&ssl=1",640,469,true],"1536x1536":["https:\/\/i0.wp.com\/newmobility.news\/wp-content\/uploads\/2025\/02\/aum_photo_20250124_246278.jpg?fit=1536%2C1125&ssl=1",1536,1125,true],"2048x2048":["https:\/\/i0.wp.com\/newmobility.news\/wp-content\/uploads\/2025\/02\/aum_photo_20250124_246278.jpg?fit=2048%2C1499&ssl=1",2048,1499,true],"trp-custom-language-flag":["https:\/\/i0.wp.com\/newmobility.news\/wp-content\/uploads\/2025\/02\/aum_photo_20250124_246278.jpg?fit=16%2C12&ssl=1",16,12,true],"related-thumb":["https:\/\/i0.wp.com\/newmobility.news\/wp-content\/uploads\/2025\/02\/aum_photo_20250124_246278.jpg?resize=640%2C480&ssl=1",640,480,true],"gform-image-choice-sm":["https:\/\/i0.wp.com\/newmobility.news\/wp-content\/uploads\/2025\/02\/aum_photo_20250124_246278.jpg?resize=300%2C300&ssl=1",300,300,true],"gform-image-choice-md":["https:\/\/i0.wp.com\/newmobility.news\/wp-content\/uploads\/2025\/02\/aum_photo_20250124_246278.jpg?resize=400%2C400&ssl=1",400,400,true],"gform-image-choice-lg":["https:\/\/i0.wp.com\/newmobility.news\/wp-content\/uploads\/2025\/02\/aum_photo_20250124_246278.jpg?resize=600%2C600&ssl=1",600,600,true],"mailchimp":["https:\/\/i0.wp.com\/newmobility.news\/wp-content\/uploads\/2025\/02\/aum_photo_20250124_246278.jpg?fit=560%2C410&ssl=1",560,410,true],"unipress-phone":["https:\/\/i0.wp.com\/newmobility.news\/wp-content\/uploads\/2025\/02\/aum_photo_20250124_246278.jpg?resize=640%2C100&ssl=1",640,100,true],"unipress-tablet":["https:\/\/i0.wp.com\/newmobility.news\/wp-content\/uploads\/2025\/02\/aum_photo_20250124_246278.jpg?resize=1536%2C240&ssl=1",1536,240,true],"unipress-tablet-portrait":["https:\/\/i0.wp.com\/newmobility.news\/wp-content\/uploads\/2025\/02\/aum_photo_20250124_246278.jpg?resize=1536%2C180&ssl=1",1536,180,true],"unipress-tablet-landscape":["https:\/\/i0.wp.com\/newmobility.news\/wp-content\/uploads\/2025\/02\/aum_photo_20250124_246278.jpg?resize=2048%2C180&ssl=1",2048,180,true],"unipress-smartphone":["https:\/\/i0.wp.com\/newmobility.news\/wp-content\/uploads\/2025\/02\/aum_photo_20250124_246278.jpg?resize=1080%2C168&ssl=1",1080,168,true],"unipress-wide-screen":["https:\/\/i0.wp.com\/newmobility.news\/wp-content\/uploads\/2025\/02\/aum_photo_20250124_246278.jpg?resize=2393%2C180&ssl=1",2393,180,true]},"post_excerpt_stackable_v2":"<p>Tesla&#8217;s dominance in the European electric vehicle market took a significant hit in January 2025, as the company saw a staggering 45.2% drop in sales compared to the same period in 2024. New data from the European Automobile Manufacturers Association (ACEA) reveal that Tesla sold just under 10,00This content has been archived. Log in or Subscribe to a level that has access to archived content.<\/p>\n","category_list_v2":"<a href=\"https:\/\/newmobility.news\/fr\/category\/autonomous-driving\/\" rel=\"category tag\">Autonomous driving<\/a>, <a href=\"https:\/\/newmobility.news\/fr\/category\/europe\/\" rel=\"category tag\">Europe<\/a>, <a href=\"https:\/\/newmobility.news\/fr\/category\/industry\/\" rel=\"category tag\">Industry<\/a>, <a href=\"https:\/\/newmobility.news\/fr\/category\/market\/\" rel=\"category tag\">Market<\/a>, <a href=\"https:\/\/newmobility.news\/fr\/category\/top-stories-today\/\" rel=\"category tag\">Top Stories Today<\/a>, <a href=\"https:\/\/newmobility.news\/fr\/category\/weekly-newsletter\/\" rel=\"category tag\">Weekly Newsletter<\/a>","author_info_v2":{"name":"Piet Andries","url":"https:\/\/newmobility.news\/fr\/author\/piet-andriesgmail-com\/"},"comments_num_v2":"0 comments","yoast_head":"<!-- This site is optimized with the Yoast SEO plugin v27.5 - https:\/\/yoast.com\/product\/yoast-seo-wordpress\/ -->\n<title>Tesla faces 45.2% decline in EU due to competition and Musk&#039;s escapades - newmobility.news<\/title>\n<meta name=\"robots\" content=\"index, follow, max-snippet:-1, max-image-preview:large, max-video-preview:-1\" \/>\n<link rel=\"canonical\" href=\"https:\/\/newmobility.news\/fr\/2025\/02\/26\/tesla-faces-45-2-decline-in-eu-due-to-competition-and-musks-escapades\/\" \/>\n<meta property=\"og:locale\" content=\"fr_FR\" \/>\n<meta property=\"og:type\" content=\"article\" \/>\n<meta property=\"og:title\" content=\"Tesla faces 45.2% decline in EU due to competition and Musk&#039;s escapades - newmobility.news\" \/>\n<meta property=\"og:description\" content=\"Tesla&#039;s dominance in the European electric vehicle market took a significant hit in January 2025, as the company saw a staggering 45.2% drop in sales compared to the same period in 2024. New data from the European Automobile Manufacturers Association (ACEA) reveal that Tesla sold just under 10,00This content has been archived. Log in or [&hellip;]\" \/>\n<meta property=\"og:url\" content=\"https:\/\/newmobility.news\/fr\/2025\/02\/26\/tesla-faces-45-2-decline-in-eu-due-to-competition-and-musks-escapades\/\" \/>\n<meta property=\"og:site_name\" content=\"newmobility.news\" \/>\n<meta property=\"article:publisher\" content=\"https:\/\/www.facebook.com\/search\/top\/?q=newmobility.news\" \/>\n<meta property=\"article:published_time\" content=\"2025-02-26T09:53:59+00:00\" \/>\n<meta property=\"article:modified_time\" content=\"2025-02-28T11:24:59+00:00\" \/>\n<meta property=\"og:image\" content=\"https:\/\/newmobility.news\/wp-content\/uploads\/2025\/02\/aum_photo_20250124_246278-1024x750.jpg\" \/>\n\t<meta property=\"og:image:width\" content=\"1024\" \/>\n\t<meta property=\"og:image:height\" content=\"750\" \/>\n\t<meta property=\"og:image:type\" content=\"image\/jpeg\" \/>\n<meta name=\"author\" content=\"Piet Andries\" \/>\n<meta name=\"twitter:card\" content=\"summary_large_image\" \/>\n<meta name=\"twitter:creator\" content=\"@jorisvry\" \/>\n<meta name=\"twitter:site\" content=\"@jorisvry\" \/>\n<meta name=\"twitter:label1\" content=\"\u00c9crit par\" \/>\n\t<meta name=\"twitter:data1\" content=\"Piet Andries\" \/>\n\t<meta name=\"twitter:label2\" content=\"Dur\u00e9e de lecture est.\" \/>\n\t<meta name=\"twitter:data2\" content=\"3 minutes\" \/>\n<script type=\"application\/ld+json\" class=\"yoast-schema-graph\">{\"@context\":\"https:\\\/\\\/schema.org\",\"@graph\":[{\"@type\":\"Article\",\"@id\":\"https:\\\/\\\/newmobility.news\\\/2025\\\/02\\\/26\\\/tesla-faces-45-2-decline-in-eu-due-to-competition-and-musks-escapades\\\/#article\",\"isPartOf\":{\"@id\":\"https:\\\/\\\/newmobility.news\\\/2025\\\/02\\\/26\\\/tesla-faces-45-2-decline-in-eu-due-to-competition-and-musks-escapades\\\/\"},\"author\":{\"name\":\"Piet Andries\",\"@id\":\"https:\\\/\\\/newmobility.news\\\/#\\\/schema\\\/person\\\/4f0a0e407f0ee24ec763e67b0a5840a5\"},\"headline\":\"Tesla faces 45.2% decline in EU due to competition and Musk&#8217;s escapades\",\"datePublished\":\"2025-02-26T09:53:59+00:00\",\"dateModified\":\"2025-02-28T11:24:59+00:00\",\"mainEntityOfPage\":{\"@id\":\"https:\\\/\\\/newmobility.news\\\/2025\\\/02\\\/26\\\/tesla-faces-45-2-decline-in-eu-due-to-competition-and-musks-escapades\\\/\"},\"wordCount\":640,\"commentCount\":0,\"publisher\":{\"@id\":\"https:\\\/\\\/newmobility.news\\\/#organization\"},\"image\":{\"@id\":\"https:\\\/\\\/newmobility.news\\\/2025\\\/02\\\/26\\\/tesla-faces-45-2-decline-in-eu-due-to-competition-and-musks-escapades\\\/#primaryimage\"},\"thumbnailUrl\":\"https:\\\/\\\/i0.wp.com\\\/newmobility.news\\\/wp-content\\\/uploads\\\/2025\\\/02\\\/aum_photo_20250124_246278.jpg?fit=2393%2C1752&ssl=1\",\"articleSection\":[\"Autonomous driving\",\"Europe\",\"Industry\",\"Market\",\"Top Stories Today\",\"Weekly Newsletter\"],\"inLanguage\":\"fr-BE\",\"potentialAction\":[{\"@type\":\"CommentAction\",\"name\":\"Comment\",\"target\":[\"https:\\\/\\\/newmobility.news\\\/2025\\\/02\\\/26\\\/tesla-faces-45-2-decline-in-eu-due-to-competition-and-musks-escapades\\\/#respond\"]}]},{\"@type\":\"WebPage\",\"@id\":\"https:\\\/\\\/newmobility.news\\\/2025\\\/02\\\/26\\\/tesla-faces-45-2-decline-in-eu-due-to-competition-and-musks-escapades\\\/\",\"url\":\"https:\\\/\\\/newmobility.news\\\/2025\\\/02\\\/26\\\/tesla-faces-45-2-decline-in-eu-due-to-competition-and-musks-escapades\\\/\",\"name\":\"Tesla faces 45.2% decline in EU due to competition and Musk's escapades - newmobility.news\",\"isPartOf\":{\"@id\":\"https:\\\/\\\/newmobility.news\\\/#website\"},\"primaryImageOfPage\":{\"@id\":\"https:\\\/\\\/newmobility.news\\\/2025\\\/02\\\/26\\\/tesla-faces-45-2-decline-in-eu-due-to-competition-and-musks-escapades\\\/#primaryimage\"},\"image\":{\"@id\":\"https:\\\/\\\/newmobility.news\\\/2025\\\/02\\\/26\\\/tesla-faces-45-2-decline-in-eu-due-to-competition-and-musks-escapades\\\/#primaryimage\"},\"thumbnailUrl\":\"https:\\\/\\\/i0.wp.com\\\/newmobility.news\\\/wp-content\\\/uploads\\\/2025\\\/02\\\/aum_photo_20250124_246278.jpg?fit=2393%2C1752&ssl=1\",\"datePublished\":\"2025-02-26T09:53:59+00:00\",\"dateModified\":\"2025-02-28T11:24:59+00:00\",\"breadcrumb\":{\"@id\":\"https:\\\/\\\/newmobility.news\\\/2025\\\/02\\\/26\\\/tesla-faces-45-2-decline-in-eu-due-to-competition-and-musks-escapades\\\/#breadcrumb\"},\"inLanguage\":\"fr-BE\",\"potentialAction\":[{\"@type\":\"ReadAction\",\"target\":[\"https:\\\/\\\/newmobility.news\\\/2025\\\/02\\\/26\\\/tesla-faces-45-2-decline-in-eu-due-to-competition-and-musks-escapades\\\/\"]}]},{\"@type\":\"ImageObject\",\"inLanguage\":\"fr-BE\",\"@id\":\"https:\\\/\\\/newmobility.news\\\/2025\\\/02\\\/26\\\/tesla-faces-45-2-decline-in-eu-due-to-competition-and-musks-escapades\\\/#primaryimage\",\"url\":\"https:\\\/\\\/i0.wp.com\\\/newmobility.news\\\/wp-content\\\/uploads\\\/2025\\\/02\\\/aum_photo_20250124_246278.jpg?fit=2393%2C1752&ssl=1\",\"contentUrl\":\"https:\\\/\\\/i0.wp.com\\\/newmobility.news\\\/wp-content\\\/uploads\\\/2025\\\/02\\\/aum_photo_20250124_246278.jpg?fit=2393%2C1752&ssl=1\",\"width\":2393,\"height\":1752,\"caption\":\"Tesla bets on the facelifted Model Y to cut through its negative sales spiral \\\/Tesla\"},{\"@type\":\"BreadcrumbList\",\"@id\":\"https:\\\/\\\/newmobility.news\\\/2025\\\/02\\\/26\\\/tesla-faces-45-2-decline-in-eu-due-to-competition-and-musks-escapades\\\/#breadcrumb\",\"itemListElement\":[{\"@type\":\"ListItem\",\"position\":1,\"name\":\"Home\",\"item\":\"https:\\\/\\\/newmobility.news\\\/\"},{\"@type\":\"ListItem\",\"position\":2,\"name\":\"Tesla faces 45.2% decline in EU due to competition and Musk&#8217;s escapades\"}]},{\"@type\":\"WebSite\",\"@id\":\"https:\\\/\\\/newmobility.news\\\/#website\",\"url\":\"https:\\\/\\\/newmobility.news\\\/\",\"name\":\"newmobility.news\",\"description\":\"A B2BNews Agency\u00ae news service for mobility business proessional\",\"publisher\":{\"@id\":\"https:\\\/\\\/newmobility.news\\\/#organization\"},\"potentialAction\":[{\"@type\":\"SearchAction\",\"target\":{\"@type\":\"EntryPoint\",\"urlTemplate\":\"https:\\\/\\\/newmobility.news\\\/?s={search_term_string}\"},\"query-input\":{\"@type\":\"PropertyValueSpecification\",\"valueRequired\":true,\"valueName\":\"search_term_string\"}}],\"inLanguage\":\"fr-BE\"},{\"@type\":\"Organization\",\"@id\":\"https:\\\/\\\/newmobility.news\\\/#organization\",\"name\":\"B2BNews Agency\",\"url\":\"https:\\\/\\\/newmobility.news\\\/\",\"logo\":{\"@type\":\"ImageObject\",\"inLanguage\":\"fr-BE\",\"@id\":\"https:\\\/\\\/newmobility.news\\\/#\\\/schema\\\/logo\\\/image\\\/\",\"url\":\"https:\\\/\\\/newmobility.news\\\/wp-content\\\/uploads\\\/2018\\\/01\\\/b2bnews-agency-logo.png\",\"contentUrl\":\"https:\\\/\\\/newmobility.news\\\/wp-content\\\/uploads\\\/2018\\\/01\\\/b2bnews-agency-logo.png\",\"width\":\"581\",\"height\":\"117\",\"caption\":\"B2BNews Agency\"},\"image\":{\"@id\":\"https:\\\/\\\/newmobility.news\\\/#\\\/schema\\\/logo\\\/image\\\/\"},\"sameAs\":[\"https:\\\/\\\/www.facebook.com\\\/search\\\/top\\\/?q=newmobility.news\",\"https:\\\/\\\/x.com\\\/jorisvry\",\"https:\\\/\\\/www.linkedin.com\\\/in\\\/jorisvanroy\\\/\",\"https:\\\/\\\/nl.pinterest.com\\\/jorisvanroy\\\/\"]},{\"@type\":\"Person\",\"@id\":\"https:\\\/\\\/newmobility.news\\\/#\\\/schema\\\/person\\\/4f0a0e407f0ee24ec763e67b0a5840a5\",\"name\":\"Piet Andries\",\"image\":{\"@type\":\"ImageObject\",\"inLanguage\":\"fr-BE\",\"@id\":\"https:\\\/\\\/secure.gravatar.com\\\/avatar\\\/c7ec64b5aa2f5a96b3ea5ca5b828a30d1b3e6e74b21e2f3e71ba86eea80553d4?s=96&d=mm&r=g\",\"url\":\"https:\\\/\\\/secure.gravatar.com\\\/avatar\\\/c7ec64b5aa2f5a96b3ea5ca5b828a30d1b3e6e74b21e2f3e71ba86eea80553d4?s=96&d=mm&r=g\",\"contentUrl\":\"https:\\\/\\\/secure.gravatar.com\\\/avatar\\\/c7ec64b5aa2f5a96b3ea5ca5b828a30d1b3e6e74b21e2f3e71ba86eea80553d4?s=96&d=mm&r=g\",\"caption\":\"Piet Andries\"},\"url\":\"https:\\\/\\\/newmobility.news\\\/fr\\\/author\\\/piet-andriesgmail-com\\\/\"}]}<\/script>\n<!-- \/ Yoast SEO plugin. -->","yoast_head_json":{"title":"Tesla confront\u00e9 \u00e0 une baisse de 45,21 % de ses ventes dans l'UE en raison de la concurrence et des frasques de Musk - newmobility.news","robots":{"index":"index","follow":"follow","max-snippet":"max-snippet:-1","max-image-preview":"max-image-preview:large","max-video-preview":"max-video-preview:-1"},"canonical":"https:\/\/newmobility.news\/fr\/2025\/02\/26\/tesla-faces-45-2-decline-in-eu-due-to-competition-and-musks-escapades\/","og_locale":"fr_FR","og_type":"article","og_title":"Tesla faces 45.2% decline in EU due to competition and Musk's escapades - newmobility.news","og_description":"Tesla's dominance in the European electric vehicle market took a significant hit in January 2025, as the company saw a staggering 45.2% drop in sales compared to the same period in 2024. New data from the European Automobile Manufacturers Association (ACEA) reveal that Tesla sold just under 10,00This content has been archived. Log in or [&hellip;]","og_url":"https:\/\/newmobility.news\/fr\/2025\/02\/26\/tesla-faces-45-2-decline-in-eu-due-to-competition-and-musks-escapades\/","og_site_name":"newmobility.news","article_publisher":"https:\/\/www.facebook.com\/search\/top\/?q=newmobility.news","article_published_time":"2025-02-26T09:53:59+00:00","article_modified_time":"2025-02-28T11:24:59+00:00","og_image":[{"width":1024,"height":750,"url":"https:\/\/newmobility.news\/wp-content\/uploads\/2025\/02\/aum_photo_20250124_246278-1024x750.jpg","type":"image\/jpeg"}],"author":"Piet Andries","twitter_card":"summary_large_image","twitter_creator":"@jorisvry","twitter_site":"@jorisvry","twitter_misc":{"\u00c9crit par":"Piet Andries","Dur\u00e9e de lecture est.":"3 minutes"},"schema":{"@context":"https:\/\/schema.org","@graph":[{"@type":"Article","@id":"https:\/\/newmobility.news\/2025\/02\/26\/tesla-faces-45-2-decline-in-eu-due-to-competition-and-musks-escapades\/#article","isPartOf":{"@id":"https:\/\/newmobility.news\/2025\/02\/26\/tesla-faces-45-2-decline-in-eu-due-to-competition-and-musks-escapades\/"},"author":{"name":"Piet Andries","@id":"https:\/\/newmobility.news\/#\/schema\/person\/4f0a0e407f0ee24ec763e67b0a5840a5"},"headline":"Tesla faces 45.2% decline in EU due to competition and Musk&#8217;s escapades","datePublished":"2025-02-26T09:53:59+00:00","dateModified":"2025-02-28T11:24:59+00:00","mainEntityOfPage":{"@id":"https:\/\/newmobility.news\/2025\/02\/26\/tesla-faces-45-2-decline-in-eu-due-to-competition-and-musks-escapades\/"},"wordCount":640,"commentCount":0,"publisher":{"@id":"https:\/\/newmobility.news\/#organization"},"image":{"@id":"https:\/\/newmobility.news\/2025\/02\/26\/tesla-faces-45-2-decline-in-eu-due-to-competition-and-musks-escapades\/#primaryimage"},"thumbnailUrl":"https:\/\/i0.wp.com\/newmobility.news\/wp-content\/uploads\/2025\/02\/aum_photo_20250124_246278.jpg?fit=2393%2C1752&ssl=1","articleSection":["Autonomous driving","Europe","Industry","Market","Top Stories Today","Weekly Newsletter"],"inLanguage":"fr-BE","potentialAction":[{"@type":"CommentAction","name":"Comment","target":["https:\/\/newmobility.news\/2025\/02\/26\/tesla-faces-45-2-decline-in-eu-due-to-competition-and-musks-escapades\/#respond"]}]},{"@type":"WebPage","@id":"https:\/\/newmobility.news\/2025\/02\/26\/tesla-faces-45-2-decline-in-eu-due-to-competition-and-musks-escapades\/","url":"https:\/\/newmobility.news\/2025\/02\/26\/tesla-faces-45-2-decline-in-eu-due-to-competition-and-musks-escapades\/","name":"Tesla confront\u00e9 \u00e0 une baisse de 45,21 % de ses ventes dans l'UE en raison de la concurrence et des frasques de Musk - newmobility.news","isPartOf":{"@id":"https:\/\/newmobility.news\/#website"},"primaryImageOfPage":{"@id":"https:\/\/newmobility.news\/2025\/02\/26\/tesla-faces-45-2-decline-in-eu-due-to-competition-and-musks-escapades\/#primaryimage"},"image":{"@id":"https:\/\/newmobility.news\/2025\/02\/26\/tesla-faces-45-2-decline-in-eu-due-to-competition-and-musks-escapades\/#primaryimage"},"thumbnailUrl":"https:\/\/i0.wp.com\/newmobility.news\/wp-content\/uploads\/2025\/02\/aum_photo_20250124_246278.jpg?fit=2393%2C1752&ssl=1","datePublished":"2025-02-26T09:53:59+00:00","dateModified":"2025-02-28T11:24:59+00:00","breadcrumb":{"@id":"https:\/\/newmobility.news\/2025\/02\/26\/tesla-faces-45-2-decline-in-eu-due-to-competition-and-musks-escapades\/#breadcrumb"},"inLanguage":"fr-BE","potentialAction":[{"@type":"ReadAction","target":["https:\/\/newmobility.news\/2025\/02\/26\/tesla-faces-45-2-decline-in-eu-due-to-competition-and-musks-escapades\/"]}]},{"@type":"ImageObject","inLanguage":"fr-BE","@id":"https:\/\/newmobility.news\/2025\/02\/26\/tesla-faces-45-2-decline-in-eu-due-to-competition-and-musks-escapades\/#primaryimage","url":"https:\/\/i0.wp.com\/newmobility.news\/wp-content\/uploads\/2025\/02\/aum_photo_20250124_246278.jpg?fit=2393%2C1752&ssl=1","contentUrl":"https:\/\/i0.wp.com\/newmobility.news\/wp-content\/uploads\/2025\/02\/aum_photo_20250124_246278.jpg?fit=2393%2C1752&ssl=1","width":2393,"height":1752,"caption":"Tesla bets on the facelifted Model Y to cut through its negative sales spiral \/Tesla"},{"@type":"BreadcrumbList","@id":"https:\/\/newmobility.news\/2025\/02\/26\/tesla-faces-45-2-decline-in-eu-due-to-competition-and-musks-escapades\/#breadcrumb","itemListElement":[{"@type":"ListItem","position":1,"name":"Home","item":"https:\/\/newmobility.news\/"},{"@type":"ListItem","position":2,"name":"Tesla faces 45.2% decline in EU due to competition and Musk&#8217;s escapades"}]},{"@type":"WebSite","@id":"https:\/\/newmobility.news\/#website","url":"https:\/\/newmobility.news\/","name":"nouveaumobilit\u00e9.actualit\u00e9s","description":"Un service d'information B2BNews Agency\u00ae destin\u00e9 aux professionnels de la mobilit\u00e9","publisher":{"@id":"https:\/\/newmobility.news\/#organization"},"potentialAction":[{"@type":"SearchAction","target":{"@type":"EntryPoint","urlTemplate":"https:\/\/newmobility.news\/?s={search_term_string}"},"query-input":{"@type":"PropertyValueSpecification","valueRequired":true,"valueName":"search_term_string"}}],"inLanguage":"fr-BE"},{"@type":"Organization","@id":"https:\/\/newmobility.news\/#organization","name":"Agence de presse B2BNews","url":"https:\/\/newmobility.news\/","logo":{"@type":"ImageObject","inLanguage":"fr-BE","@id":"https:\/\/newmobility.news\/#\/schema\/logo\/image\/","url":"https:\/\/newmobility.news\/wp-content\/uploads\/2018\/01\/b2bnews-agency-logo.png","contentUrl":"https:\/\/newmobility.news\/wp-content\/uploads\/2018\/01\/b2bnews-agency-logo.png","width":"581","height":"117","caption":"B2BNews Agency"},"image":{"@id":"https:\/\/newmobility.news\/#\/schema\/logo\/image\/"},"sameAs":["https:\/\/www.facebook.com\/search\/top\/?q=newmobility.news","https:\/\/x.com\/jorisvry","https:\/\/www.linkedin.com\/in\/jorisvanroy\/","https:\/\/nl.pinterest.com\/jorisvanroy\/"]},{"@type":"Person","@id":"https:\/\/newmobility.news\/#\/schema\/person\/4f0a0e407f0ee24ec763e67b0a5840a5","name":"Piet Andries","image":{"@type":"ImageObject","inLanguage":"fr-BE","@id":"https:\/\/secure.gravatar.com\/avatar\/c7ec64b5aa2f5a96b3ea5ca5b828a30d1b3e6e74b21e2f3e71ba86eea80553d4?s=96&d=mm&r=g","url":"https:\/\/secure.gravatar.com\/avatar\/c7ec64b5aa2f5a96b3ea5ca5b828a30d1b3e6e74b21e2f3e71ba86eea80553d4?s=96&d=mm&r=g","contentUrl":"https:\/\/secure.gravatar.com\/avatar\/c7ec64b5aa2f5a96b3ea5ca5b828a30d1b3e6e74b21e2f3e71ba86eea80553d4?s=96&d=mm&r=g","caption":"Piet Andries"},"url":"https:\/\/newmobility.news\/fr\/author\/piet-andriesgmail-com\/"}]}},"jetpack_publicize_connections":[],"jetpack_featured_media_url":"https:\/\/i0.wp.com\/newmobility.news\/wp-content\/uploads\/2025\/02\/aum_photo_20250124_246278.jpg?fit=2393%2C1752&ssl=1","jetpack_shortlink":"https:\/\/wp.me\/p9wJdU-GyO","jetpack_sharing_enabled":true,"jetpack_likes_enabled":true,"jetpack-related-posts":[],"_links":{"self":[{"href":"https:\/\/newmobility.news\/fr\/wp-json\/wp\/v2\/posts\/163606","targetHints":{"allow":["GET"]}}],"collection":[{"href":"https:\/\/newmobility.news\/fr\/wp-json\/wp\/v2\/posts"}],"about":[{"href":"https:\/\/newmobility.news\/fr\/wp-json\/wp\/v2\/types\/post"}],"author":[{"embeddable":true,"href":"https:\/\/newmobility.news\/fr\/wp-json\/wp\/v2\/users\/715"}],"replies":[{"embeddable":true,"href":"https:\/\/newmobility.news\/fr\/wp-json\/wp\/v2\/comments?post=163606"}],"version-history":[{"count":0,"href":"https:\/\/newmobility.news\/fr\/wp-json\/wp\/v2\/posts\/163606\/revisions"}],"wp:featuredmedia":[{"embeddable":true,"href":"https:\/\/newmobility.news\/fr\/wp-json\/wp\/v2\/media\/163608"}],"wp:attachment":[{"href":"https:\/\/newmobility.news\/fr\/wp-json\/wp\/v2\/media?parent=163606"}],"wp:term":[{"taxonomy":"category","embeddable":true,"href":"https:\/\/newmobility.news\/fr\/wp-json\/wp\/v2\/categories?post=163606"},{"taxonomy":"post_tag","embeddable":true,"href":"https:\/\/newmobility.news\/fr\/wp-json\/wp\/v2\/tags?post=163606"}],"curies":[{"name":"wp","href":"https:\/\/api.w.org\/{rel}","templated":true}]}}