{"id":163665,"date":"2025-02-27T12:10:04","date_gmt":"2025-02-27T11:10:04","guid":{"rendered":"https:\/\/newmobility.news\/?p=163665"},"modified":"2025-02-28T12:24:27","modified_gmt":"2025-02-28T11:24:27","slug":"e400-billion-clean-deal-must-start-eus-green-industrial-rebirth","status":"publish","type":"post","link":"https:\/\/newmobility.news\/fr\/2025\/02\/27\/e400-billion-clean-deal-must-start-eus-green-industrial-rebirth\/","title":{"rendered":"Le \u2018 Clean Deal \u2019 de 400 milliards d'euros doit marquer le d\u00e9but de la renaissance industrielle verte de l'UE"},"content":{"rendered":"La Commission europ\u00e9enne a propos\u00e9 mercredi un plan d'action ambitieux visant \u00e0 acc\u00e9l\u00e9rer la d\u00e9carbonisation de l'industrie europ\u00e9enne. La Commission estime que les pays de l'UE doivent agir d\u00e8s maintenant. La crise climatique, la faiblesse de la croissance \u00e9conomique, le d\u00e9clin de la comp\u00e9titivit\u00e9 des entreprises et les tensions g\u00e9opolitiques importantes<div class=\"leaky_paywall_message_wrap\"><div id=\"leaky_paywall_message\">Ce contenu a \u00e9t\u00e9 archiv\u00e9. <a href=\"https:\/\/newmobility.news\/fr\/subscription\/\">Connectez-vous ou inscrivez-vous<\/a> \u00e0 un niveau qui donne acc\u00e8s au contenu archiv\u00e9.<\/div><\/div>","protected":false},"excerpt":{"rendered":"<p>The European Commission proposed a significant action plan on Wednesday to accelerate the decarbonization of European industry. The Commission believes that EU countries must act now. The climate crisis, weak economic growth, declining business competitiveness, and significant geopolitical tensiThis content has been archived. Log in or Subscribe to a level that has access to archived [&hellip;]<\/p>\n","protected":false},"author":175,"featured_media":163675,"comment_status":"open","ping_status":"closed","sticky":false,"template":"","format":"standard","meta":{"_acf_changed":false,"jetpack_post_was_ever_published":false,"_jetpack_newsletter_access":"","_jetpack_dont_email_post_to_subs":false,"_jetpack_newsletter_tier_id":0,"_jetpack_memberships_contains_paywalled_content":false,"_jetpack_memberships_contains_paid_content":false,"footnotes":"","jetpack_publicize_message":"","jetpack_publicize_feature_enabled":true,"jetpack_social_post_already_shared":true,"jetpack_social_options":{"image_generator_settings":{"template":"highway","default_image_id":0,"font":"","enabled":false},"version":2},"_wpas_customize_per_network":false},"categories":[14496,2043,29,28,16,4,17],"tags":[],"class_list":["post-163665","post","type-post","status-publish","format-standard","has-post-thumbnail","hentry","category-climate","category-energy","category-environment","category-europe","category-industry","category-top-stories-today","category-weekly-newsletter"],"acf":[],"featured_image_urls_v2":{"full":["https:\/\/i0.wp.com\/newmobility.news\/wp-content\/uploads\/2025\/02\/Europe.EU_.jpg?fit=797%2C528&ssl=1",797,528,false],"thumbnail":["https:\/\/i0.wp.com\/newmobility.news\/wp-content\/uploads\/2025\/02\/Europe.EU_.jpg?resize=150%2C150&ssl=1",150,150,true],"medium":["https:\/\/i0.wp.com\/newmobility.news\/wp-content\/uploads\/2025\/02\/Europe.EU_.jpg?fit=300%2C199&ssl=1",300,199,true],"medium_large":["https:\/\/i0.wp.com\/newmobility.news\/wp-content\/uploads\/2025\/02\/Europe.EU_.jpg?fit=640%2C424&ssl=1",640,424,true],"large":["https:\/\/i0.wp.com\/newmobility.news\/wp-content\/uploads\/2025\/02\/Europe.EU_.jpg?fit=640%2C424&ssl=1",640,424,true],"1536x1536":["https:\/\/i0.wp.com\/newmobility.news\/wp-content\/uploads\/2025\/02\/Europe.EU_.jpg?fit=797%2C528&ssl=1",797,528,true],"2048x2048":["https:\/\/i0.wp.com\/newmobility.news\/wp-content\/uploads\/2025\/02\/Europe.EU_.jpg?fit=797%2C528&ssl=1",797,528,true],"trp-custom-language-flag":["https:\/\/i0.wp.com\/newmobility.news\/wp-content\/uploads\/2025\/02\/Europe.EU_.jpg?fit=18%2C12&ssl=1",18,12,true],"related-thumb":["https:\/\/i0.wp.com\/newmobility.news\/wp-content\/uploads\/2025\/02\/Europe.EU_.jpg?resize=640%2C480&ssl=1",640,480,true],"gform-image-choice-sm":["https:\/\/i0.wp.com\/newmobility.news\/wp-content\/uploads\/2025\/02\/Europe.EU_.jpg?resize=300%2C300&ssl=1",300,300,true],"gform-image-choice-md":["https:\/\/i0.wp.com\/newmobility.news\/wp-content\/uploads\/2025\/02\/Europe.EU_.jpg?resize=400%2C400&ssl=1",400,400,true],"gform-image-choice-lg":["https:\/\/i0.wp.com\/newmobility.news\/wp-content\/uploads\/2025\/02\/Europe.EU_.jpg?resize=600%2C528&ssl=1",600,528,true],"mailchimp":["https:\/\/i0.wp.com\/newmobility.news\/wp-content\/uploads\/2025\/02\/Europe.EU_.jpg?fit=560%2C371&ssl=1",560,371,true],"unipress-phone":["https:\/\/i0.wp.com\/newmobility.news\/wp-content\/uploads\/2025\/02\/Europe.EU_.jpg?resize=640%2C100&ssl=1",640,100,true],"unipress-tablet":["https:\/\/i0.wp.com\/newmobility.news\/wp-content\/uploads\/2025\/02\/Europe.EU_.jpg?resize=797%2C240&ssl=1",797,240,true],"unipress-tablet-portrait":["https:\/\/i0.wp.com\/newmobility.news\/wp-content\/uploads\/2025\/02\/Europe.EU_.jpg?resize=797%2C180&ssl=1",797,180,true],"unipress-tablet-landscape":["https:\/\/i0.wp.com\/newmobility.news\/wp-content\/uploads\/2025\/02\/Europe.EU_.jpg?resize=797%2C180&ssl=1",797,180,true],"unipress-smartphone":["https:\/\/i0.wp.com\/newmobility.news\/wp-content\/uploads\/2025\/02\/Europe.EU_.jpg?resize=797%2C168&ssl=1",797,168,true],"unipress-wide-screen":["https:\/\/i0.wp.com\/newmobility.news\/wp-content\/uploads\/2025\/02\/Europe.EU_.jpg?resize=797%2C180&ssl=1",797,180,true]},"post_excerpt_stackable_v2":"<p>The European Commission proposed a significant action plan on Wednesday to accelerate the decarbonization of European industry. The Commission believes that EU countries must act now. The climate crisis, weak economic growth, declining business competitiveness, and significant geopolitical tensiThis content has been archived. Log in or Subscribe to a level that has access to archived content.<\/p>\n","category_list_v2":"<a href=\"https:\/\/newmobility.news\/fr\/category\/climate\/\" rel=\"category tag\">Climate<\/a>, <a href=\"https:\/\/newmobility.news\/fr\/category\/energy\/\" rel=\"category tag\">Energy<\/a>, <a href=\"https:\/\/newmobility.news\/fr\/category\/environment\/\" rel=\"category tag\">Environment<\/a>, <a href=\"https:\/\/newmobility.news\/fr\/category\/europe\/\" rel=\"category tag\">Europe<\/a>, <a href=\"https:\/\/newmobility.news\/fr\/category\/industry\/\" rel=\"category tag\">Industry<\/a>, <a href=\"https:\/\/newmobility.news\/fr\/category\/top-stories-today\/\" rel=\"category tag\">Top Stories Today<\/a>, <a href=\"https:\/\/newmobility.news\/fr\/category\/weekly-newsletter\/\" rel=\"category tag\">Weekly Newsletter<\/a>","author_info_v2":{"name":"Hilde Van Raemdonck","url":"https:\/\/newmobility.news\/fr\/author\/hilde-van-raemdonck\/"},"comments_num_v2":"0 comments","yoast_head":"<!-- This site is optimized with the Yoast SEO plugin v27.5 - https:\/\/yoast.com\/product\/yoast-seo-wordpress\/ -->\n<title>\u20ac400 billion &#039;Clean Deal&#039; must start EU&#039;s green industrial rebirth - newmobility.news<\/title>\n<meta name=\"robots\" content=\"index, follow, max-snippet:-1, max-image-preview:large, max-video-preview:-1\" \/>\n<link rel=\"canonical\" href=\"https:\/\/newmobility.news\/fr\/2025\/02\/27\/e400-billion-clean-deal-must-start-eus-green-industrial-rebirth\/\" \/>\n<meta property=\"og:locale\" content=\"fr_FR\" \/>\n<meta property=\"og:type\" content=\"article\" \/>\n<meta property=\"og:title\" content=\"\u20ac400 billion &#039;Clean Deal&#039; must start EU&#039;s green industrial rebirth - newmobility.news\" \/>\n<meta property=\"og:description\" content=\"The European Commission proposed a significant action plan on Wednesday to accelerate the decarbonization of European industry. The Commission believes that EU countries must act now. The climate crisis, weak economic growth, declining business competitiveness, and significant geopolitical tensiThis content has been archived. Log in or Subscribe to a level that has access to archived [&hellip;]\" \/>\n<meta property=\"og:url\" content=\"https:\/\/newmobility.news\/fr\/2025\/02\/27\/e400-billion-clean-deal-must-start-eus-green-industrial-rebirth\/\" \/>\n<meta property=\"og:site_name\" content=\"newmobility.news\" \/>\n<meta property=\"article:publisher\" content=\"https:\/\/www.facebook.com\/search\/top\/?q=newmobility.news\" \/>\n<meta property=\"article:published_time\" content=\"2025-02-27T11:10:04+00:00\" \/>\n<meta property=\"article:modified_time\" content=\"2025-02-28T11:24:27+00:00\" \/>\n<meta property=\"og:image\" content=\"https:\/\/newmobility.news\/wp-content\/uploads\/2025\/02\/Europe.EU_.jpg\" \/>\n\t<meta property=\"og:image:width\" content=\"797\" \/>\n\t<meta property=\"og:image:height\" content=\"528\" \/>\n\t<meta property=\"og:image:type\" content=\"image\/jpeg\" \/>\n<meta name=\"author\" content=\"Hilde Van Raemdonck\" \/>\n<meta name=\"twitter:card\" content=\"summary_large_image\" \/>\n<meta name=\"twitter:creator\" content=\"@jorisvry\" \/>\n<meta name=\"twitter:site\" content=\"@jorisvry\" \/>\n<meta name=\"twitter:label1\" content=\"\u00c9crit par\" \/>\n\t<meta name=\"twitter:data1\" content=\"Hilde Van Raemdonck\" \/>\n\t<meta name=\"twitter:label2\" content=\"Dur\u00e9e de lecture est.\" \/>\n\t<meta name=\"twitter:data2\" content=\"2 minutes\" \/>\n<script type=\"application\/ld+json\" class=\"yoast-schema-graph\">{\"@context\":\"https:\\\/\\\/schema.org\",\"@graph\":[{\"@type\":\"Article\",\"@id\":\"https:\\\/\\\/newmobility.news\\\/2025\\\/02\\\/27\\\/e400-billion-clean-deal-must-start-eus-green-industrial-rebirth\\\/#article\",\"isPartOf\":{\"@id\":\"https:\\\/\\\/newmobility.news\\\/2025\\\/02\\\/27\\\/e400-billion-clean-deal-must-start-eus-green-industrial-rebirth\\\/\"},\"author\":{\"name\":\"Hilde Van Raemdonck\",\"@id\":\"https:\\\/\\\/newmobility.news\\\/#\\\/schema\\\/person\\\/e57c278780b041b8d42f2ce28dd9ec82\"},\"headline\":\"\u20ac400 billion &#8216;Clean Deal&#8217; must start EU&#8217;s green industrial rebirth\",\"datePublished\":\"2025-02-27T11:10:04+00:00\",\"dateModified\":\"2025-02-28T11:24:27+00:00\",\"mainEntityOfPage\":{\"@id\":\"https:\\\/\\\/newmobility.news\\\/2025\\\/02\\\/27\\\/e400-billion-clean-deal-must-start-eus-green-industrial-rebirth\\\/\"},\"wordCount\":411,\"commentCount\":0,\"publisher\":{\"@id\":\"https:\\\/\\\/newmobility.news\\\/#organization\"},\"image\":{\"@id\":\"https:\\\/\\\/newmobility.news\\\/2025\\\/02\\\/27\\\/e400-billion-clean-deal-must-start-eus-green-industrial-rebirth\\\/#primaryimage\"},\"thumbnailUrl\":\"https:\\\/\\\/i0.wp.com\\\/newmobility.news\\\/wp-content\\\/uploads\\\/2025\\\/02\\\/Europe.EU_.jpg?fit=797%2C528&ssl=1\",\"articleSection\":[\"Climate\",\"Energy\",\"Environment\",\"Europe\",\"Industry\",\"Top Stories Today\",\"Weekly Newsletter\"],\"inLanguage\":\"fr-BE\",\"potentialAction\":[{\"@type\":\"CommentAction\",\"name\":\"Comment\",\"target\":[\"https:\\\/\\\/newmobility.news\\\/2025\\\/02\\\/27\\\/e400-billion-clean-deal-must-start-eus-green-industrial-rebirth\\\/#respond\"]}]},{\"@type\":\"WebPage\",\"@id\":\"https:\\\/\\\/newmobility.news\\\/2025\\\/02\\\/27\\\/e400-billion-clean-deal-must-start-eus-green-industrial-rebirth\\\/\",\"url\":\"https:\\\/\\\/newmobility.news\\\/2025\\\/02\\\/27\\\/e400-billion-clean-deal-must-start-eus-green-industrial-rebirth\\\/\",\"name\":\"\u20ac400 billion 'Clean Deal' must start EU's green industrial rebirth - newmobility.news\",\"isPartOf\":{\"@id\":\"https:\\\/\\\/newmobility.news\\\/#website\"},\"primaryImageOfPage\":{\"@id\":\"https:\\\/\\\/newmobility.news\\\/2025\\\/02\\\/27\\\/e400-billion-clean-deal-must-start-eus-green-industrial-rebirth\\\/#primaryimage\"},\"image\":{\"@id\":\"https:\\\/\\\/newmobility.news\\\/2025\\\/02\\\/27\\\/e400-billion-clean-deal-must-start-eus-green-industrial-rebirth\\\/#primaryimage\"},\"thumbnailUrl\":\"https:\\\/\\\/i0.wp.com\\\/newmobility.news\\\/wp-content\\\/uploads\\\/2025\\\/02\\\/Europe.EU_.jpg?fit=797%2C528&ssl=1\",\"datePublished\":\"2025-02-27T11:10:04+00:00\",\"dateModified\":\"2025-02-28T11:24:27+00:00\",\"breadcrumb\":{\"@id\":\"https:\\\/\\\/newmobility.news\\\/2025\\\/02\\\/27\\\/e400-billion-clean-deal-must-start-eus-green-industrial-rebirth\\\/#breadcrumb\"},\"inLanguage\":\"fr-BE\",\"potentialAction\":[{\"@type\":\"ReadAction\",\"target\":[\"https:\\\/\\\/newmobility.news\\\/2025\\\/02\\\/27\\\/e400-billion-clean-deal-must-start-eus-green-industrial-rebirth\\\/\"]}]},{\"@type\":\"ImageObject\",\"inLanguage\":\"fr-BE\",\"@id\":\"https:\\\/\\\/newmobility.news\\\/2025\\\/02\\\/27\\\/e400-billion-clean-deal-must-start-eus-green-industrial-rebirth\\\/#primaryimage\",\"url\":\"https:\\\/\\\/i0.wp.com\\\/newmobility.news\\\/wp-content\\\/uploads\\\/2025\\\/02\\\/Europe.EU_.jpg?fit=797%2C528&ssl=1\",\"contentUrl\":\"https:\\\/\\\/i0.wp.com\\\/newmobility.news\\\/wp-content\\\/uploads\\\/2025\\\/02\\\/Europe.EU_.jpg?fit=797%2C528&ssl=1\",\"width\":797,\"height\":528,\"caption\":\"\\\"We will reinvest the money that comes from the industry back into the industry,\u201d explained Ursula von der Leyen in Brussels \\\/Europe.EU\"},{\"@type\":\"BreadcrumbList\",\"@id\":\"https:\\\/\\\/newmobility.news\\\/2025\\\/02\\\/27\\\/e400-billion-clean-deal-must-start-eus-green-industrial-rebirth\\\/#breadcrumb\",\"itemListElement\":[{\"@type\":\"ListItem\",\"position\":1,\"name\":\"Home\",\"item\":\"https:\\\/\\\/newmobility.news\\\/\"},{\"@type\":\"ListItem\",\"position\":2,\"name\":\"\u20ac400 billion &#8216;Clean Deal&#8217; must start EU&#8217;s green industrial rebirth\"}]},{\"@type\":\"WebSite\",\"@id\":\"https:\\\/\\\/newmobility.news\\\/#website\",\"url\":\"https:\\\/\\\/newmobility.news\\\/\",\"name\":\"newmobility.news\",\"description\":\"A B2BNews Agency\u00ae news service for mobility business proessional\",\"publisher\":{\"@id\":\"https:\\\/\\\/newmobility.news\\\/#organization\"},\"potentialAction\":[{\"@type\":\"SearchAction\",\"target\":{\"@type\":\"EntryPoint\",\"urlTemplate\":\"https:\\\/\\\/newmobility.news\\\/?s={search_term_string}\"},\"query-input\":{\"@type\":\"PropertyValueSpecification\",\"valueRequired\":true,\"valueName\":\"search_term_string\"}}],\"inLanguage\":\"fr-BE\"},{\"@type\":\"Organization\",\"@id\":\"https:\\\/\\\/newmobility.news\\\/#organization\",\"name\":\"B2BNews Agency\",\"url\":\"https:\\\/\\\/newmobility.news\\\/\",\"logo\":{\"@type\":\"ImageObject\",\"inLanguage\":\"fr-BE\",\"@id\":\"https:\\\/\\\/newmobility.news\\\/#\\\/schema\\\/logo\\\/image\\\/\",\"url\":\"https:\\\/\\\/newmobility.news\\\/wp-content\\\/uploads\\\/2018\\\/01\\\/b2bnews-agency-logo.png\",\"contentUrl\":\"https:\\\/\\\/newmobility.news\\\/wp-content\\\/uploads\\\/2018\\\/01\\\/b2bnews-agency-logo.png\",\"width\":\"581\",\"height\":\"117\",\"caption\":\"B2BNews Agency\"},\"image\":{\"@id\":\"https:\\\/\\\/newmobility.news\\\/#\\\/schema\\\/logo\\\/image\\\/\"},\"sameAs\":[\"https:\\\/\\\/www.facebook.com\\\/search\\\/top\\\/?q=newmobility.news\",\"https:\\\/\\\/x.com\\\/jorisvry\",\"https:\\\/\\\/www.linkedin.com\\\/in\\\/jorisvanroy\\\/\",\"https:\\\/\\\/nl.pinterest.com\\\/jorisvanroy\\\/\"]},{\"@type\":\"Person\",\"@id\":\"https:\\\/\\\/newmobility.news\\\/#\\\/schema\\\/person\\\/e57c278780b041b8d42f2ce28dd9ec82\",\"name\":\"Hilde Van Raemdonck\",\"image\":{\"@type\":\"ImageObject\",\"inLanguage\":\"fr-BE\",\"@id\":\"https:\\\/\\\/secure.gravatar.com\\\/avatar\\\/df873a81c6773757375a21da8c2465de0552095dede94d299763768ab1b36cef?s=96&d=mm&r=g\",\"url\":\"https:\\\/\\\/secure.gravatar.com\\\/avatar\\\/df873a81c6773757375a21da8c2465de0552095dede94d299763768ab1b36cef?s=96&d=mm&r=g\",\"contentUrl\":\"https:\\\/\\\/secure.gravatar.com\\\/avatar\\\/df873a81c6773757375a21da8c2465de0552095dede94d299763768ab1b36cef?s=96&d=mm&r=g\",\"caption\":\"Hilde Van Raemdonck\"},\"url\":\"https:\\\/\\\/newmobility.news\\\/fr\\\/author\\\/hilde-van-raemdonck\\\/\"}]}<\/script>\n<!-- \/ Yoast SEO plugin. -->","yoast_head_json":{"title":"Le ' Clean Deal ' de 400 milliards d'euros doit marquer le d\u00e9but de la renaissance industrielle verte de l'UE - newmobility.news","robots":{"index":"index","follow":"follow","max-snippet":"max-snippet:-1","max-image-preview":"max-image-preview:large","max-video-preview":"max-video-preview:-1"},"canonical":"https:\/\/newmobility.news\/fr\/2025\/02\/27\/e400-billion-clean-deal-must-start-eus-green-industrial-rebirth\/","og_locale":"fr_FR","og_type":"article","og_title":"\u20ac400 billion 'Clean Deal' must start EU's green industrial rebirth - newmobility.news","og_description":"The European Commission proposed a significant action plan on Wednesday to accelerate the decarbonization of European industry. The Commission believes that EU countries must act now. The climate crisis, weak economic growth, declining business competitiveness, and significant geopolitical tensiThis content has been archived. Log in or Subscribe to a level that has access to archived [&hellip;]","og_url":"https:\/\/newmobility.news\/fr\/2025\/02\/27\/e400-billion-clean-deal-must-start-eus-green-industrial-rebirth\/","og_site_name":"newmobility.news","article_publisher":"https:\/\/www.facebook.com\/search\/top\/?q=newmobility.news","article_published_time":"2025-02-27T11:10:04+00:00","article_modified_time":"2025-02-28T11:24:27+00:00","og_image":[{"width":797,"height":528,"url":"https:\/\/newmobility.news\/wp-content\/uploads\/2025\/02\/Europe.EU_.jpg","type":"image\/jpeg"}],"author":"Hilde Van Raemdonck","twitter_card":"summary_large_image","twitter_creator":"@jorisvry","twitter_site":"@jorisvry","twitter_misc":{"\u00c9crit par":"Hilde Van Raemdonck","Dur\u00e9e de lecture est.":"2 minutes"},"schema":{"@context":"https:\/\/schema.org","@graph":[{"@type":"Article","@id":"https:\/\/newmobility.news\/2025\/02\/27\/e400-billion-clean-deal-must-start-eus-green-industrial-rebirth\/#article","isPartOf":{"@id":"https:\/\/newmobility.news\/2025\/02\/27\/e400-billion-clean-deal-must-start-eus-green-industrial-rebirth\/"},"author":{"name":"Hilde Van Raemdonck","@id":"https:\/\/newmobility.news\/#\/schema\/person\/e57c278780b041b8d42f2ce28dd9ec82"},"headline":"\u20ac400 billion &#8216;Clean Deal&#8217; must start EU&#8217;s green industrial rebirth","datePublished":"2025-02-27T11:10:04+00:00","dateModified":"2025-02-28T11:24:27+00:00","mainEntityOfPage":{"@id":"https:\/\/newmobility.news\/2025\/02\/27\/e400-billion-clean-deal-must-start-eus-green-industrial-rebirth\/"},"wordCount":411,"commentCount":0,"publisher":{"@id":"https:\/\/newmobility.news\/#organization"},"image":{"@id":"https:\/\/newmobility.news\/2025\/02\/27\/e400-billion-clean-deal-must-start-eus-green-industrial-rebirth\/#primaryimage"},"thumbnailUrl":"https:\/\/i0.wp.com\/newmobility.news\/wp-content\/uploads\/2025\/02\/Europe.EU_.jpg?fit=797%2C528&ssl=1","articleSection":["Climate","Energy","Environment","Europe","Industry","Top Stories Today","Weekly Newsletter"],"inLanguage":"fr-BE","potentialAction":[{"@type":"CommentAction","name":"Comment","target":["https:\/\/newmobility.news\/2025\/02\/27\/e400-billion-clean-deal-must-start-eus-green-industrial-rebirth\/#respond"]}]},{"@type":"WebPage","@id":"https:\/\/newmobility.news\/2025\/02\/27\/e400-billion-clean-deal-must-start-eus-green-industrial-rebirth\/","url":"https:\/\/newmobility.news\/2025\/02\/27\/e400-billion-clean-deal-must-start-eus-green-industrial-rebirth\/","name":"Le ' Clean Deal ' de 400 milliards d'euros doit marquer le d\u00e9but de la renaissance industrielle verte de l'UE - newmobility.news","isPartOf":{"@id":"https:\/\/newmobility.news\/#website"},"primaryImageOfPage":{"@id":"https:\/\/newmobility.news\/2025\/02\/27\/e400-billion-clean-deal-must-start-eus-green-industrial-rebirth\/#primaryimage"},"image":{"@id":"https:\/\/newmobility.news\/2025\/02\/27\/e400-billion-clean-deal-must-start-eus-green-industrial-rebirth\/#primaryimage"},"thumbnailUrl":"https:\/\/i0.wp.com\/newmobility.news\/wp-content\/uploads\/2025\/02\/Europe.EU_.jpg?fit=797%2C528&ssl=1","datePublished":"2025-02-27T11:10:04+00:00","dateModified":"2025-02-28T11:24:27+00:00","breadcrumb":{"@id":"https:\/\/newmobility.news\/2025\/02\/27\/e400-billion-clean-deal-must-start-eus-green-industrial-rebirth\/#breadcrumb"},"inLanguage":"fr-BE","potentialAction":[{"@type":"ReadAction","target":["https:\/\/newmobility.news\/2025\/02\/27\/e400-billion-clean-deal-must-start-eus-green-industrial-rebirth\/"]}]},{"@type":"ImageObject","inLanguage":"fr-BE","@id":"https:\/\/newmobility.news\/2025\/02\/27\/e400-billion-clean-deal-must-start-eus-green-industrial-rebirth\/#primaryimage","url":"https:\/\/i0.wp.com\/newmobility.news\/wp-content\/uploads\/2025\/02\/Europe.EU_.jpg?fit=797%2C528&ssl=1","contentUrl":"https:\/\/i0.wp.com\/newmobility.news\/wp-content\/uploads\/2025\/02\/Europe.EU_.jpg?fit=797%2C528&ssl=1","width":797,"height":528,"caption":"\"We will reinvest the money that comes from the industry back into the industry,\u201d explained Ursula von der Leyen in Brussels \/Europe.EU"},{"@type":"BreadcrumbList","@id":"https:\/\/newmobility.news\/2025\/02\/27\/e400-billion-clean-deal-must-start-eus-green-industrial-rebirth\/#breadcrumb","itemListElement":[{"@type":"ListItem","position":1,"name":"Home","item":"https:\/\/newmobility.news\/"},{"@type":"ListItem","position":2,"name":"\u20ac400 billion &#8216;Clean Deal&#8217; must start EU&#8217;s green industrial rebirth"}]},{"@type":"WebSite","@id":"https:\/\/newmobility.news\/#website","url":"https:\/\/newmobility.news\/","name":"nouveaumobilit\u00e9.actualit\u00e9s","description":"Un service d'information B2BNews Agency\u00ae destin\u00e9 aux professionnels de la mobilit\u00e9","publisher":{"@id":"https:\/\/newmobility.news\/#organization"},"potentialAction":[{"@type":"SearchAction","target":{"@type":"EntryPoint","urlTemplate":"https:\/\/newmobility.news\/?s={search_term_string}"},"query-input":{"@type":"PropertyValueSpecification","valueRequired":true,"valueName":"search_term_string"}}],"inLanguage":"fr-BE"},{"@type":"Organization","@id":"https:\/\/newmobility.news\/#organization","name":"Agence de presse B2BNews","url":"https:\/\/newmobility.news\/","logo":{"@type":"ImageObject","inLanguage":"fr-BE","@id":"https:\/\/newmobility.news\/#\/schema\/logo\/image\/","url":"https:\/\/newmobility.news\/wp-content\/uploads\/2018\/01\/b2bnews-agency-logo.png","contentUrl":"https:\/\/newmobility.news\/wp-content\/uploads\/2018\/01\/b2bnews-agency-logo.png","width":"581","height":"117","caption":"B2BNews Agency"},"image":{"@id":"https:\/\/newmobility.news\/#\/schema\/logo\/image\/"},"sameAs":["https:\/\/www.facebook.com\/search\/top\/?q=newmobility.news","https:\/\/x.com\/jorisvry","https:\/\/www.linkedin.com\/in\/jorisvanroy\/","https:\/\/nl.pinterest.com\/jorisvanroy\/"]},{"@type":"Person","@id":"https:\/\/newmobility.news\/#\/schema\/person\/e57c278780b041b8d42f2ce28dd9ec82","name":"Hilde Van Raemdonck","image":{"@type":"ImageObject","inLanguage":"fr-BE","@id":"https:\/\/secure.gravatar.com\/avatar\/df873a81c6773757375a21da8c2465de0552095dede94d299763768ab1b36cef?s=96&d=mm&r=g","url":"https:\/\/secure.gravatar.com\/avatar\/df873a81c6773757375a21da8c2465de0552095dede94d299763768ab1b36cef?s=96&d=mm&r=g","contentUrl":"https:\/\/secure.gravatar.com\/avatar\/df873a81c6773757375a21da8c2465de0552095dede94d299763768ab1b36cef?s=96&d=mm&r=g","caption":"Hilde Van Raemdonck"},"url":"https:\/\/newmobility.news\/fr\/author\/hilde-van-raemdonck\/"}]}},"jetpack_publicize_connections":[],"jetpack_featured_media_url":"https:\/\/i0.wp.com\/newmobility.news\/wp-content\/uploads\/2025\/02\/Europe.EU_.jpg?fit=797%2C528&ssl=1","jetpack_shortlink":"https:\/\/wp.me\/p9wJdU-GzL","jetpack_sharing_enabled":true,"jetpack_likes_enabled":true,"jetpack-related-posts":[],"_links":{"self":[{"href":"https:\/\/newmobility.news\/fr\/wp-json\/wp\/v2\/posts\/163665","targetHints":{"allow":["GET"]}}],"collection":[{"href":"https:\/\/newmobility.news\/fr\/wp-json\/wp\/v2\/posts"}],"about":[{"href":"https:\/\/newmobility.news\/fr\/wp-json\/wp\/v2\/types\/post"}],"author":[{"embeddable":true,"href":"https:\/\/newmobility.news\/fr\/wp-json\/wp\/v2\/users\/175"}],"replies":[{"embeddable":true,"href":"https:\/\/newmobility.news\/fr\/wp-json\/wp\/v2\/comments?post=163665"}],"version-history":[{"count":0,"href":"https:\/\/newmobility.news\/fr\/wp-json\/wp\/v2\/posts\/163665\/revisions"}],"wp:featuredmedia":[{"embeddable":true,"href":"https:\/\/newmobility.news\/fr\/wp-json\/wp\/v2\/media\/163675"}],"wp:attachment":[{"href":"https:\/\/newmobility.news\/fr\/wp-json\/wp\/v2\/media?parent=163665"}],"wp:term":[{"taxonomy":"category","embeddable":true,"href":"https:\/\/newmobility.news\/fr\/wp-json\/wp\/v2\/categories?post=163665"},{"taxonomy":"post_tag","embeddable":true,"href":"https:\/\/newmobility.news\/fr\/wp-json\/wp\/v2\/tags?post=163665"}],"curies":[{"name":"wp","href":"https:\/\/api.w.org\/{rel}","templated":true}]}}