{"id":164669,"date":"2025-03-22T09:02:08","date_gmt":"2025-03-22T08:02:08","guid":{"rendered":"https:\/\/newmobility.news\/?p=164669"},"modified":"2025-03-24T11:06:21","modified_gmt":"2025-03-24T10:06:21","slug":"traxio-velo-bicycle-sales-declining-but-industry-remains-optimistic","status":"publish","type":"post","link":"https:\/\/newmobility.news\/fr\/2025\/03\/22\/traxio-velo-bicycle-sales-declining-but-industry-remains-optimistic\/","title":{"rendered":"Traxio Velo : \u2018 Les ventes de v\u00e9los sont en baisse, mais le secteur reste optimiste \u2019"},"content":{"rendered":"Avec 540 356 v\u00e9los vendus, les ventes de v\u00e9los en Belgique ont baiss\u00e9 pour la deuxi\u00e8me ann\u00e9e cons\u00e9cutive. C'est ce qu'a annonc\u00e9 la f\u00e9d\u00e9ration de mobilit\u00e9 Traxio Velo lors de l'ouverture du salon Bike Brussels \u00e0 Tour &amp; Taxis, qui se tient jusqu'\u00e0 dimanche. Cependant, cette l\u00e9g\u00e8re baisse de 4,75% n'est pas n\u00e9cessairement une cause de pr\u00e9occupation.<div class=\"leaky_paywall_message_wrap\"><div id=\"leaky_paywall_message\">Ce contenu a \u00e9t\u00e9 archiv\u00e9. <a href=\"https:\/\/newmobility.news\/fr\/subscription\/\">Connectez-vous ou inscrivez-vous<\/a> \u00e0 un niveau qui donne acc\u00e8s au contenu archiv\u00e9.<\/div><\/div>","protected":false},"excerpt":{"rendered":"<p>With 540,356 bikes sold, bicycle sales in Belgium have declined for the second consecutive year. Mobility federation Traxio Velo announced this at the Bike Brussels trade fair opening at Tour &amp; Taxis, which runs until Sunday. However, this slight 4.75% drop isn\u2019t necessarily a cause for conceThis content has been archived. Log in or Subscribe [&hellip;]<\/p>\n","protected":false},"author":164,"featured_media":164671,"comment_status":"open","ping_status":"closed","sticky":false,"template":"","format":"standard","meta":{"_acf_changed":false,"jetpack_post_was_ever_published":false,"_jetpack_newsletter_access":"","_jetpack_dont_email_post_to_subs":false,"_jetpack_newsletter_tier_id":0,"_jetpack_memberships_contains_paywalled_content":false,"_jetpack_memberships_contains_paid_content":false,"footnotes":"","jetpack_publicize_message":"","jetpack_publicize_feature_enabled":true,"jetpack_social_post_already_shared":true,"jetpack_social_options":{"image_generator_settings":{"template":"highway","default_image_id":0,"font":"","enabled":false},"version":2},"_wpas_customize_per_network":false},"categories":[77170,52082,77169,7,4],"tags":[],"class_list":["post-164669","post","type-post","status-publish","format-standard","has-post-thumbnail","hentry","category-belgium","category-ebikes","category-market","category-mobility","category-top-stories-today"],"acf":[],"featured_image_urls_v2":{"full":["https:\/\/i0.wp.com\/newmobility.news\/wp-content\/uploads\/2025\/03\/Untitled-2.png?fit=2216%2C1308&ssl=1",2216,1308,false],"thumbnail":["https:\/\/i0.wp.com\/newmobility.news\/wp-content\/uploads\/2025\/03\/Untitled-2.png?resize=150%2C150&ssl=1",150,150,true],"medium":["https:\/\/i0.wp.com\/newmobility.news\/wp-content\/uploads\/2025\/03\/Untitled-2.png?fit=300%2C177&ssl=1",300,177,true],"medium_large":["https:\/\/i0.wp.com\/newmobility.news\/wp-content\/uploads\/2025\/03\/Untitled-2.png?fit=640%2C378&ssl=1",640,378,true],"large":["https:\/\/i0.wp.com\/newmobility.news\/wp-content\/uploads\/2025\/03\/Untitled-2.png?fit=640%2C378&ssl=1",640,378,true],"1536x1536":["https:\/\/i0.wp.com\/newmobility.news\/wp-content\/uploads\/2025\/03\/Untitled-2.png?fit=1536%2C907&ssl=1",1536,907,true],"2048x2048":["https:\/\/i0.wp.com\/newmobility.news\/wp-content\/uploads\/2025\/03\/Untitled-2.png?fit=2048%2C1209&ssl=1",2048,1209,true],"trp-custom-language-flag":["https:\/\/i0.wp.com\/newmobility.news\/wp-content\/uploads\/2025\/03\/Untitled-2.png?fit=18%2C12&ssl=1",18,12,true],"related-thumb":["https:\/\/i0.wp.com\/newmobility.news\/wp-content\/uploads\/2025\/03\/Untitled-2.png?resize=640%2C480&ssl=1",640,480,true],"gform-image-choice-sm":["https:\/\/i0.wp.com\/newmobility.news\/wp-content\/uploads\/2025\/03\/Untitled-2.png?resize=300%2C300&ssl=1",300,300,true],"gform-image-choice-md":["https:\/\/i0.wp.com\/newmobility.news\/wp-content\/uploads\/2025\/03\/Untitled-2.png?resize=400%2C400&ssl=1",400,400,true],"gform-image-choice-lg":["https:\/\/i0.wp.com\/newmobility.news\/wp-content\/uploads\/2025\/03\/Untitled-2.png?resize=600%2C600&ssl=1",600,600,true],"mailchimp":["https:\/\/i0.wp.com\/newmobility.news\/wp-content\/uploads\/2025\/03\/Untitled-2.png?fit=560%2C331&ssl=1",560,331,true],"unipress-phone":["https:\/\/i0.wp.com\/newmobility.news\/wp-content\/uploads\/2025\/03\/Untitled-2.png?resize=640%2C100&ssl=1",640,100,true],"unipress-tablet":["https:\/\/i0.wp.com\/newmobility.news\/wp-content\/uploads\/2025\/03\/Untitled-2.png?resize=1536%2C240&ssl=1",1536,240,true],"unipress-tablet-portrait":["https:\/\/i0.wp.com\/newmobility.news\/wp-content\/uploads\/2025\/03\/Untitled-2.png?resize=1536%2C180&ssl=1",1536,180,true],"unipress-tablet-landscape":["https:\/\/i0.wp.com\/newmobility.news\/wp-content\/uploads\/2025\/03\/Untitled-2.png?resize=2048%2C180&ssl=1",2048,180,true],"unipress-smartphone":["https:\/\/i0.wp.com\/newmobility.news\/wp-content\/uploads\/2025\/03\/Untitled-2.png?resize=1080%2C168&ssl=1",1080,168,true],"unipress-wide-screen":["https:\/\/i0.wp.com\/newmobility.news\/wp-content\/uploads\/2025\/03\/Untitled-2.png?resize=2216%2C180&ssl=1",2216,180,true]},"post_excerpt_stackable_v2":"<p>With 540,356 bikes sold, bicycle sales in Belgium have declined for the second consecutive year. Mobility federation Traxio Velo announced this at the Bike Brussels trade fair opening at Tour &amp; Taxis, which runs until Sunday. However, this slight 4.75% drop isn\u2019t necessarily a cause for conceThis content has been archived. Log in or Subscribe to a level that has access to archived content.<\/p>\n","category_list_v2":"<a href=\"https:\/\/newmobility.news\/fr\/category\/belgium\/\" rel=\"category tag\">Belgium<\/a>, <a href=\"https:\/\/newmobility.news\/fr\/category\/ebikes\/\" rel=\"category tag\">eBikes<\/a>, <a href=\"https:\/\/newmobility.news\/fr\/category\/market\/\" rel=\"category tag\">Market<\/a>, <a href=\"https:\/\/newmobility.news\/fr\/category\/mobility\/\" rel=\"category tag\">Mobility<\/a>, <a href=\"https:\/\/newmobility.news\/fr\/category\/top-stories-today\/\" rel=\"category tag\">Top Stories Today<\/a>","author_info_v2":{"name":"Luc Joris","url":"https:\/\/newmobility.news\/fr\/author\/belga-5\/"},"comments_num_v2":"0 comments","yoast_head":"<!-- This site is optimized with the Yoast SEO plugin v27.5 - https:\/\/yoast.com\/product\/yoast-seo-wordpress\/ -->\n<title>Traxio Velo: &#039;Bicycle sales declining, but industry remains optimistic&#039; - newmobility.news<\/title>\n<meta name=\"robots\" content=\"index, follow, max-snippet:-1, max-image-preview:large, max-video-preview:-1\" \/>\n<link rel=\"canonical\" href=\"https:\/\/newmobility.news\/fr\/2025\/03\/22\/traxio-velo-bicycle-sales-declining-but-industry-remains-optimistic\/\" \/>\n<meta property=\"og:locale\" content=\"fr_FR\" \/>\n<meta property=\"og:type\" content=\"article\" \/>\n<meta property=\"og:title\" content=\"Traxio Velo: &#039;Bicycle sales declining, but industry remains optimistic&#039; - newmobility.news\" \/>\n<meta property=\"og:description\" content=\"With 540,356 bikes sold, bicycle sales in Belgium have declined for the second consecutive year. Mobility federation Traxio Velo announced this at the Bike Brussels trade fair opening at Tour &amp; Taxis, which runs until Sunday. However, this slight 4.75% drop isn\u2019t necessarily a cause for conceThis content has been archived. Log in or Subscribe [&hellip;]\" \/>\n<meta property=\"og:url\" content=\"https:\/\/newmobility.news\/fr\/2025\/03\/22\/traxio-velo-bicycle-sales-declining-but-industry-remains-optimistic\/\" \/>\n<meta property=\"og:site_name\" content=\"newmobility.news\" \/>\n<meta property=\"article:publisher\" content=\"https:\/\/www.facebook.com\/search\/top\/?q=newmobility.news\" \/>\n<meta property=\"article:published_time\" content=\"2025-03-22T08:02:08+00:00\" \/>\n<meta property=\"article:modified_time\" content=\"2025-03-24T10:06:21+00:00\" \/>\n<meta property=\"og:image\" content=\"https:\/\/newmobility.news\/wp-content\/uploads\/2025\/03\/Untitled-2-1024x604.png\" \/>\n\t<meta property=\"og:image:width\" content=\"1024\" \/>\n\t<meta property=\"og:image:height\" content=\"604\" \/>\n\t<meta property=\"og:image:type\" content=\"image\/png\" \/>\n<meta name=\"author\" content=\"Luc Joris\" \/>\n<meta name=\"twitter:card\" content=\"summary_large_image\" \/>\n<meta name=\"twitter:creator\" content=\"@jorisvry\" \/>\n<meta name=\"twitter:site\" content=\"@jorisvry\" \/>\n<meta name=\"twitter:label1\" content=\"\u00c9crit par\" \/>\n\t<meta name=\"twitter:data1\" content=\"Luc Joris\" \/>\n\t<meta name=\"twitter:label2\" content=\"Dur\u00e9e de lecture est.\" \/>\n\t<meta name=\"twitter:data2\" content=\"5 minutes\" \/>\n<script type=\"application\/ld+json\" class=\"yoast-schema-graph\">{\"@context\":\"https:\\\/\\\/schema.org\",\"@graph\":[{\"@type\":\"Article\",\"@id\":\"https:\\\/\\\/newmobility.news\\\/2025\\\/03\\\/22\\\/traxio-velo-bicycle-sales-declining-but-industry-remains-optimistic\\\/#article\",\"isPartOf\":{\"@id\":\"https:\\\/\\\/newmobility.news\\\/2025\\\/03\\\/22\\\/traxio-velo-bicycle-sales-declining-but-industry-remains-optimistic\\\/\"},\"author\":{\"name\":\"Luc Joris\",\"@id\":\"https:\\\/\\\/newmobility.news\\\/#\\\/schema\\\/person\\\/a31e684b1039b4a94985a9aae156f28b\"},\"headline\":\"Traxio Velo: &#8216;Bicycle sales declining, but industry remains optimistic&#8217;\",\"datePublished\":\"2025-03-22T08:02:08+00:00\",\"dateModified\":\"2025-03-24T10:06:21+00:00\",\"mainEntityOfPage\":{\"@id\":\"https:\\\/\\\/newmobility.news\\\/2025\\\/03\\\/22\\\/traxio-velo-bicycle-sales-declining-but-industry-remains-optimistic\\\/\"},\"wordCount\":844,\"commentCount\":0,\"publisher\":{\"@id\":\"https:\\\/\\\/newmobility.news\\\/#organization\"},\"image\":{\"@id\":\"https:\\\/\\\/newmobility.news\\\/2025\\\/03\\\/22\\\/traxio-velo-bicycle-sales-declining-but-industry-remains-optimistic\\\/#primaryimage\"},\"thumbnailUrl\":\"https:\\\/\\\/i0.wp.com\\\/newmobility.news\\\/wp-content\\\/uploads\\\/2025\\\/03\\\/Untitled-2.png?fit=2216%2C1308&ssl=1\",\"articleSection\":[\"Belgium\",\"eBikes\",\"Market\",\"Mobility\",\"Top Stories Today\"],\"inLanguage\":\"fr-BE\",\"potentialAction\":[{\"@type\":\"CommentAction\",\"name\":\"Comment\",\"target\":[\"https:\\\/\\\/newmobility.news\\\/2025\\\/03\\\/22\\\/traxio-velo-bicycle-sales-declining-but-industry-remains-optimistic\\\/#respond\"]}]},{\"@type\":\"WebPage\",\"@id\":\"https:\\\/\\\/newmobility.news\\\/2025\\\/03\\\/22\\\/traxio-velo-bicycle-sales-declining-but-industry-remains-optimistic\\\/\",\"url\":\"https:\\\/\\\/newmobility.news\\\/2025\\\/03\\\/22\\\/traxio-velo-bicycle-sales-declining-but-industry-remains-optimistic\\\/\",\"name\":\"Traxio Velo: 'Bicycle sales declining, but industry remains optimistic' - newmobility.news\",\"isPartOf\":{\"@id\":\"https:\\\/\\\/newmobility.news\\\/#website\"},\"primaryImageOfPage\":{\"@id\":\"https:\\\/\\\/newmobility.news\\\/2025\\\/03\\\/22\\\/traxio-velo-bicycle-sales-declining-but-industry-remains-optimistic\\\/#primaryimage\"},\"image\":{\"@id\":\"https:\\\/\\\/newmobility.news\\\/2025\\\/03\\\/22\\\/traxio-velo-bicycle-sales-declining-but-industry-remains-optimistic\\\/#primaryimage\"},\"thumbnailUrl\":\"https:\\\/\\\/i0.wp.com\\\/newmobility.news\\\/wp-content\\\/uploads\\\/2025\\\/03\\\/Untitled-2.png?fit=2216%2C1308&ssl=1\",\"datePublished\":\"2025-03-22T08:02:08+00:00\",\"dateModified\":\"2025-03-24T10:06:21+00:00\",\"breadcrumb\":{\"@id\":\"https:\\\/\\\/newmobility.news\\\/2025\\\/03\\\/22\\\/traxio-velo-bicycle-sales-declining-but-industry-remains-optimistic\\\/#breadcrumb\"},\"inLanguage\":\"fr-BE\",\"potentialAction\":[{\"@type\":\"ReadAction\",\"target\":[\"https:\\\/\\\/newmobility.news\\\/2025\\\/03\\\/22\\\/traxio-velo-bicycle-sales-declining-but-industry-remains-optimistic\\\/\"]}]},{\"@type\":\"ImageObject\",\"inLanguage\":\"fr-BE\",\"@id\":\"https:\\\/\\\/newmobility.news\\\/2025\\\/03\\\/22\\\/traxio-velo-bicycle-sales-declining-but-industry-remains-optimistic\\\/#primaryimage\",\"url\":\"https:\\\/\\\/i0.wp.com\\\/newmobility.news\\\/wp-content\\\/uploads\\\/2025\\\/03\\\/Untitled-2.png?fit=2216%2C1308&ssl=1\",\"contentUrl\":\"https:\\\/\\\/i0.wp.com\\\/newmobility.news\\\/wp-content\\\/uploads\\\/2025\\\/03\\\/Untitled-2.png?fit=2216%2C1308&ssl=1\",\"width\":2216,\"height\":1308,\"caption\":\"Bicycle sales are down for the second year in a row in Belgium, but for now the trend does not lead to too much pessimism, as there are nice risers especially in some niche segments \\\/Bike Brussels\"},{\"@type\":\"BreadcrumbList\",\"@id\":\"https:\\\/\\\/newmobility.news\\\/2025\\\/03\\\/22\\\/traxio-velo-bicycle-sales-declining-but-industry-remains-optimistic\\\/#breadcrumb\",\"itemListElement\":[{\"@type\":\"ListItem\",\"position\":1,\"name\":\"Home\",\"item\":\"https:\\\/\\\/newmobility.news\\\/\"},{\"@type\":\"ListItem\",\"position\":2,\"name\":\"Traxio Velo: &#8216;Bicycle sales declining, but industry remains optimistic&#8217;\"}]},{\"@type\":\"WebSite\",\"@id\":\"https:\\\/\\\/newmobility.news\\\/#website\",\"url\":\"https:\\\/\\\/newmobility.news\\\/\",\"name\":\"newmobility.news\",\"description\":\"A B2BNews Agency\u00ae news service for mobility business proessional\",\"publisher\":{\"@id\":\"https:\\\/\\\/newmobility.news\\\/#organization\"},\"potentialAction\":[{\"@type\":\"SearchAction\",\"target\":{\"@type\":\"EntryPoint\",\"urlTemplate\":\"https:\\\/\\\/newmobility.news\\\/?s={search_term_string}\"},\"query-input\":{\"@type\":\"PropertyValueSpecification\",\"valueRequired\":true,\"valueName\":\"search_term_string\"}}],\"inLanguage\":\"fr-BE\"},{\"@type\":\"Organization\",\"@id\":\"https:\\\/\\\/newmobility.news\\\/#organization\",\"name\":\"B2BNews Agency\",\"url\":\"https:\\\/\\\/newmobility.news\\\/\",\"logo\":{\"@type\":\"ImageObject\",\"inLanguage\":\"fr-BE\",\"@id\":\"https:\\\/\\\/newmobility.news\\\/#\\\/schema\\\/logo\\\/image\\\/\",\"url\":\"https:\\\/\\\/newmobility.news\\\/wp-content\\\/uploads\\\/2018\\\/01\\\/b2bnews-agency-logo.png\",\"contentUrl\":\"https:\\\/\\\/newmobility.news\\\/wp-content\\\/uploads\\\/2018\\\/01\\\/b2bnews-agency-logo.png\",\"width\":\"581\",\"height\":\"117\",\"caption\":\"B2BNews Agency\"},\"image\":{\"@id\":\"https:\\\/\\\/newmobility.news\\\/#\\\/schema\\\/logo\\\/image\\\/\"},\"sameAs\":[\"https:\\\/\\\/www.facebook.com\\\/search\\\/top\\\/?q=newmobility.news\",\"https:\\\/\\\/x.com\\\/jorisvry\",\"https:\\\/\\\/www.linkedin.com\\\/in\\\/jorisvanroy\\\/\",\"https:\\\/\\\/nl.pinterest.com\\\/jorisvanroy\\\/\"]},{\"@type\":\"Person\",\"@id\":\"https:\\\/\\\/newmobility.news\\\/#\\\/schema\\\/person\\\/a31e684b1039b4a94985a9aae156f28b\",\"name\":\"Luc Joris\",\"image\":{\"@type\":\"ImageObject\",\"inLanguage\":\"fr-BE\",\"@id\":\"https:\\\/\\\/secure.gravatar.com\\\/avatar\\\/9e27cf9984ae903174b14c7dd33d523290f03fd71803b04bc6e486c7259b2920?s=96&d=mm&r=g\",\"url\":\"https:\\\/\\\/secure.gravatar.com\\\/avatar\\\/9e27cf9984ae903174b14c7dd33d523290f03fd71803b04bc6e486c7259b2920?s=96&d=mm&r=g\",\"contentUrl\":\"https:\\\/\\\/secure.gravatar.com\\\/avatar\\\/9e27cf9984ae903174b14c7dd33d523290f03fd71803b04bc6e486c7259b2920?s=96&d=mm&r=g\",\"caption\":\"Luc Joris\"},\"url\":\"https:\\\/\\\/newmobility.news\\\/fr\\\/author\\\/belga-5\\\/\"}]}<\/script>\n<!-- \/ Yoast SEO plugin. -->","yoast_head_json":{"title":"Traxio Velo : ' Les ventes de v\u00e9los sont en baisse, mais le secteur reste optimiste ' - newmobility.news","robots":{"index":"index","follow":"follow","max-snippet":"max-snippet:-1","max-image-preview":"max-image-preview:large","max-video-preview":"max-video-preview:-1"},"canonical":"https:\/\/newmobility.news\/fr\/2025\/03\/22\/traxio-velo-bicycle-sales-declining-but-industry-remains-optimistic\/","og_locale":"fr_FR","og_type":"article","og_title":"Traxio Velo: 'Bicycle sales declining, but industry remains optimistic' - newmobility.news","og_description":"With 540,356 bikes sold, bicycle sales in Belgium have declined for the second consecutive year. Mobility federation Traxio Velo announced this at the Bike Brussels trade fair opening at Tour &amp; Taxis, which runs until Sunday. However, this slight 4.75% drop isn\u2019t necessarily a cause for conceThis content has been archived. Log in or Subscribe [&hellip;]","og_url":"https:\/\/newmobility.news\/fr\/2025\/03\/22\/traxio-velo-bicycle-sales-declining-but-industry-remains-optimistic\/","og_site_name":"newmobility.news","article_publisher":"https:\/\/www.facebook.com\/search\/top\/?q=newmobility.news","article_published_time":"2025-03-22T08:02:08+00:00","article_modified_time":"2025-03-24T10:06:21+00:00","og_image":[{"width":1024,"height":604,"url":"https:\/\/newmobility.news\/wp-content\/uploads\/2025\/03\/Untitled-2-1024x604.png","type":"image\/png"}],"author":"Luc Joris","twitter_card":"summary_large_image","twitter_creator":"@jorisvry","twitter_site":"@jorisvry","twitter_misc":{"\u00c9crit par":"Luc Joris","Dur\u00e9e de lecture est.":"5 minutes"},"schema":{"@context":"https:\/\/schema.org","@graph":[{"@type":"Article","@id":"https:\/\/newmobility.news\/2025\/03\/22\/traxio-velo-bicycle-sales-declining-but-industry-remains-optimistic\/#article","isPartOf":{"@id":"https:\/\/newmobility.news\/2025\/03\/22\/traxio-velo-bicycle-sales-declining-but-industry-remains-optimistic\/"},"author":{"name":"Luc Joris","@id":"https:\/\/newmobility.news\/#\/schema\/person\/a31e684b1039b4a94985a9aae156f28b"},"headline":"Traxio Velo: &#8216;Bicycle sales declining, but industry remains optimistic&#8217;","datePublished":"2025-03-22T08:02:08+00:00","dateModified":"2025-03-24T10:06:21+00:00","mainEntityOfPage":{"@id":"https:\/\/newmobility.news\/2025\/03\/22\/traxio-velo-bicycle-sales-declining-but-industry-remains-optimistic\/"},"wordCount":844,"commentCount":0,"publisher":{"@id":"https:\/\/newmobility.news\/#organization"},"image":{"@id":"https:\/\/newmobility.news\/2025\/03\/22\/traxio-velo-bicycle-sales-declining-but-industry-remains-optimistic\/#primaryimage"},"thumbnailUrl":"https:\/\/i0.wp.com\/newmobility.news\/wp-content\/uploads\/2025\/03\/Untitled-2.png?fit=2216%2C1308&ssl=1","articleSection":["Belgium","eBikes","Market","Mobility","Top Stories Today"],"inLanguage":"fr-BE","potentialAction":[{"@type":"CommentAction","name":"Comment","target":["https:\/\/newmobility.news\/2025\/03\/22\/traxio-velo-bicycle-sales-declining-but-industry-remains-optimistic\/#respond"]}]},{"@type":"WebPage","@id":"https:\/\/newmobility.news\/2025\/03\/22\/traxio-velo-bicycle-sales-declining-but-industry-remains-optimistic\/","url":"https:\/\/newmobility.news\/2025\/03\/22\/traxio-velo-bicycle-sales-declining-but-industry-remains-optimistic\/","name":"Traxio Velo : ' Les ventes de v\u00e9los sont en baisse, mais le secteur reste optimiste ' - newmobility.news","isPartOf":{"@id":"https:\/\/newmobility.news\/#website"},"primaryImageOfPage":{"@id":"https:\/\/newmobility.news\/2025\/03\/22\/traxio-velo-bicycle-sales-declining-but-industry-remains-optimistic\/#primaryimage"},"image":{"@id":"https:\/\/newmobility.news\/2025\/03\/22\/traxio-velo-bicycle-sales-declining-but-industry-remains-optimistic\/#primaryimage"},"thumbnailUrl":"https:\/\/i0.wp.com\/newmobility.news\/wp-content\/uploads\/2025\/03\/Untitled-2.png?fit=2216%2C1308&ssl=1","datePublished":"2025-03-22T08:02:08+00:00","dateModified":"2025-03-24T10:06:21+00:00","breadcrumb":{"@id":"https:\/\/newmobility.news\/2025\/03\/22\/traxio-velo-bicycle-sales-declining-but-industry-remains-optimistic\/#breadcrumb"},"inLanguage":"fr-BE","potentialAction":[{"@type":"ReadAction","target":["https:\/\/newmobility.news\/2025\/03\/22\/traxio-velo-bicycle-sales-declining-but-industry-remains-optimistic\/"]}]},{"@type":"ImageObject","inLanguage":"fr-BE","@id":"https:\/\/newmobility.news\/2025\/03\/22\/traxio-velo-bicycle-sales-declining-but-industry-remains-optimistic\/#primaryimage","url":"https:\/\/i0.wp.com\/newmobility.news\/wp-content\/uploads\/2025\/03\/Untitled-2.png?fit=2216%2C1308&ssl=1","contentUrl":"https:\/\/i0.wp.com\/newmobility.news\/wp-content\/uploads\/2025\/03\/Untitled-2.png?fit=2216%2C1308&ssl=1","width":2216,"height":1308,"caption":"Bicycle sales are down for the second year in a row in Belgium, but for now the trend does not lead to too much pessimism, as there are nice risers especially in some niche segments \/Bike Brussels"},{"@type":"BreadcrumbList","@id":"https:\/\/newmobility.news\/2025\/03\/22\/traxio-velo-bicycle-sales-declining-but-industry-remains-optimistic\/#breadcrumb","itemListElement":[{"@type":"ListItem","position":1,"name":"Home","item":"https:\/\/newmobility.news\/"},{"@type":"ListItem","position":2,"name":"Traxio Velo: &#8216;Bicycle sales declining, but industry remains optimistic&#8217;"}]},{"@type":"WebSite","@id":"https:\/\/newmobility.news\/#website","url":"https:\/\/newmobility.news\/","name":"nouveaumobilit\u00e9.actualit\u00e9s","description":"Un service d'information B2BNews Agency\u00ae destin\u00e9 aux professionnels de la mobilit\u00e9","publisher":{"@id":"https:\/\/newmobility.news\/#organization"},"potentialAction":[{"@type":"SearchAction","target":{"@type":"EntryPoint","urlTemplate":"https:\/\/newmobility.news\/?s={search_term_string}"},"query-input":{"@type":"PropertyValueSpecification","valueRequired":true,"valueName":"search_term_string"}}],"inLanguage":"fr-BE"},{"@type":"Organization","@id":"https:\/\/newmobility.news\/#organization","name":"Agence de presse B2BNews","url":"https:\/\/newmobility.news\/","logo":{"@type":"ImageObject","inLanguage":"fr-BE","@id":"https:\/\/newmobility.news\/#\/schema\/logo\/image\/","url":"https:\/\/newmobility.news\/wp-content\/uploads\/2018\/01\/b2bnews-agency-logo.png","contentUrl":"https:\/\/newmobility.news\/wp-content\/uploads\/2018\/01\/b2bnews-agency-logo.png","width":"581","height":"117","caption":"B2BNews Agency"},"image":{"@id":"https:\/\/newmobility.news\/#\/schema\/logo\/image\/"},"sameAs":["https:\/\/www.facebook.com\/search\/top\/?q=newmobility.news","https:\/\/x.com\/jorisvry","https:\/\/www.linkedin.com\/in\/jorisvanroy\/","https:\/\/nl.pinterest.com\/jorisvanroy\/"]},{"@type":"Person","@id":"https:\/\/newmobility.news\/#\/schema\/person\/a31e684b1039b4a94985a9aae156f28b","name":"Luc Joris","image":{"@type":"ImageObject","inLanguage":"fr-BE","@id":"https:\/\/secure.gravatar.com\/avatar\/9e27cf9984ae903174b14c7dd33d523290f03fd71803b04bc6e486c7259b2920?s=96&d=mm&r=g","url":"https:\/\/secure.gravatar.com\/avatar\/9e27cf9984ae903174b14c7dd33d523290f03fd71803b04bc6e486c7259b2920?s=96&d=mm&r=g","contentUrl":"https:\/\/secure.gravatar.com\/avatar\/9e27cf9984ae903174b14c7dd33d523290f03fd71803b04bc6e486c7259b2920?s=96&d=mm&r=g","caption":"Luc Joris"},"url":"https:\/\/newmobility.news\/fr\/author\/belga-5\/"}]}},"jetpack_publicize_connections":[],"jetpack_featured_media_url":"https:\/\/i0.wp.com\/newmobility.news\/wp-content\/uploads\/2025\/03\/Untitled-2.png?fit=2216%2C1308&ssl=1","jetpack_shortlink":"https:\/\/wp.me\/p9wJdU-GPX","jetpack_sharing_enabled":true,"jetpack_likes_enabled":true,"jetpack-related-posts":[],"_links":{"self":[{"href":"https:\/\/newmobility.news\/fr\/wp-json\/wp\/v2\/posts\/164669","targetHints":{"allow":["GET"]}}],"collection":[{"href":"https:\/\/newmobility.news\/fr\/wp-json\/wp\/v2\/posts"}],"about":[{"href":"https:\/\/newmobility.news\/fr\/wp-json\/wp\/v2\/types\/post"}],"author":[{"embeddable":true,"href":"https:\/\/newmobility.news\/fr\/wp-json\/wp\/v2\/users\/164"}],"replies":[{"embeddable":true,"href":"https:\/\/newmobility.news\/fr\/wp-json\/wp\/v2\/comments?post=164669"}],"version-history":[{"count":0,"href":"https:\/\/newmobility.news\/fr\/wp-json\/wp\/v2\/posts\/164669\/revisions"}],"wp:featuredmedia":[{"embeddable":true,"href":"https:\/\/newmobility.news\/fr\/wp-json\/wp\/v2\/media\/164671"}],"wp:attachment":[{"href":"https:\/\/newmobility.news\/fr\/wp-json\/wp\/v2\/media?parent=164669"}],"wp:term":[{"taxonomy":"category","embeddable":true,"href":"https:\/\/newmobility.news\/fr\/wp-json\/wp\/v2\/categories?post=164669"},{"taxonomy":"post_tag","embeddable":true,"href":"https:\/\/newmobility.news\/fr\/wp-json\/wp\/v2\/tags?post=164669"}],"curies":[{"name":"wp","href":"https:\/\/api.w.org\/{rel}","templated":true}]}}