{"id":164868,"date":"2025-03-26T12:20:08","date_gmt":"2025-03-26T11:20:08","guid":{"rendered":"https:\/\/newmobility.news\/?p=164868"},"modified":"2025-03-27T10:38:12","modified_gmt":"2025-03-27T09:38:12","slug":"byd-expands-ocean-series-in-china-with-budget-friendly-sealion-05-ev","status":"publish","type":"post","link":"https:\/\/newmobility.news\/fr\/2025\/03\/26\/byd-expands-ocean-series-in-china-with-budget-friendly-sealion-05-ev\/","title":{"rendered":"BYD \u00e9largit sa gamme Ocean en Chine avec le Sealion 05 EV, un mod\u00e8le \u00e9conomique"},"content":{"rendered":"BYD a officiellement d\u00e9voil\u00e9 le Sealion 05 EV, un SUV compact enti\u00e8rement \u00e9lectrique destin\u00e9 au grand public, renfor\u00e7ant ainsi sa gamme Ocean en pleine expansion et sa strat\u00e9gie tarifaire agressive dans la course mondiale aux v\u00e9hicules \u00e9lectriques. La commercialisation de ce mod\u00e8le en Belgique reste toutefois incertaine. Lancement officiel<div class=\"leaky_paywall_message_wrap\"><div id=\"leaky_paywall_message\">Ce contenu a \u00e9t\u00e9 archiv\u00e9. <a href=\"https:\/\/newmobility.news\/fr\/subscription\/\">Connectez-vous ou inscrivez-vous<\/a> \u00e0 un niveau qui donne acc\u00e8s au contenu archiv\u00e9.<\/div><\/div>","protected":false},"excerpt":{"rendered":"<p>BYD has officially unveiled the Sealion 05 EV, a compact all-electric SUV aimed squarely at the mass market, strengthening its growing Ocean lineup and reinforcing its aggressive pricing strategy in the global EV race. Whether the model comes to Belgium remains a question mark. Officially launcheThis content has been archived. Log in or Subscribe to [&hellip;]<\/p>\n","protected":false},"author":715,"featured_media":164869,"comment_status":"open","ping_status":"closed","sticky":false,"template":"","format":"standard","meta":{"_acf_changed":false,"jetpack_post_was_ever_published":false,"_jetpack_newsletter_access":"","_jetpack_dont_email_post_to_subs":false,"_jetpack_newsletter_tier_id":0,"_jetpack_memberships_contains_paywalled_content":false,"_jetpack_memberships_contains_paid_content":false,"footnotes":"","jetpack_publicize_message":"","jetpack_publicize_feature_enabled":true,"jetpack_social_post_already_shared":true,"jetpack_social_options":{"image_generator_settings":{"template":"highway","default_image_id":0,"font":"","enabled":false},"version":2},"_wpas_customize_per_network":false},"categories":[77160,8,4],"tags":[],"class_list":["post-164868","post","type-post","status-publish","format-standard","has-post-thumbnail","hentry","category-china","category-product","category-top-stories-today"],"acf":[],"featured_image_urls_v2":{"full":["https:\/\/i0.wp.com\/newmobility.news\/wp-content\/uploads\/2025\/03\/BYD-Sealion-05-EV-3.jpg?fit=1024%2C512&ssl=1",1024,512,false],"thumbnail":["https:\/\/i0.wp.com\/newmobility.news\/wp-content\/uploads\/2025\/03\/BYD-Sealion-05-EV-3.jpg?resize=150%2C150&ssl=1",150,150,true],"medium":["https:\/\/i0.wp.com\/newmobility.news\/wp-content\/uploads\/2025\/03\/BYD-Sealion-05-EV-3.jpg?fit=300%2C150&ssl=1",300,150,true],"medium_large":["https:\/\/i0.wp.com\/newmobility.news\/wp-content\/uploads\/2025\/03\/BYD-Sealion-05-EV-3.jpg?fit=640%2C320&ssl=1",640,320,true],"large":["https:\/\/i0.wp.com\/newmobility.news\/wp-content\/uploads\/2025\/03\/BYD-Sealion-05-EV-3.jpg?fit=640%2C320&ssl=1",640,320,true],"1536x1536":["https:\/\/i0.wp.com\/newmobility.news\/wp-content\/uploads\/2025\/03\/BYD-Sealion-05-EV-3.jpg?fit=1024%2C512&ssl=1",1024,512,true],"2048x2048":["https:\/\/i0.wp.com\/newmobility.news\/wp-content\/uploads\/2025\/03\/BYD-Sealion-05-EV-3.jpg?fit=1024%2C512&ssl=1",1024,512,true],"trp-custom-language-flag":["https:\/\/i0.wp.com\/newmobility.news\/wp-content\/uploads\/2025\/03\/BYD-Sealion-05-EV-3.jpg?fit=18%2C9&ssl=1",18,9,true],"related-thumb":["https:\/\/i0.wp.com\/newmobility.news\/wp-content\/uploads\/2025\/03\/BYD-Sealion-05-EV-3.jpg?resize=640%2C480&ssl=1",640,480,true],"gform-image-choice-sm":["https:\/\/i0.wp.com\/newmobility.news\/wp-content\/uploads\/2025\/03\/BYD-Sealion-05-EV-3.jpg?resize=300%2C300&ssl=1",300,300,true],"gform-image-choice-md":["https:\/\/i0.wp.com\/newmobility.news\/wp-content\/uploads\/2025\/03\/BYD-Sealion-05-EV-3.jpg?resize=400%2C400&ssl=1",400,400,true],"gform-image-choice-lg":["https:\/\/i0.wp.com\/newmobility.news\/wp-content\/uploads\/2025\/03\/BYD-Sealion-05-EV-3.jpg?resize=600%2C512&ssl=1",600,512,true],"mailchimp":["https:\/\/i0.wp.com\/newmobility.news\/wp-content\/uploads\/2025\/03\/BYD-Sealion-05-EV-3.jpg?fit=560%2C280&ssl=1",560,280,true],"unipress-phone":["https:\/\/i0.wp.com\/newmobility.news\/wp-content\/uploads\/2025\/03\/BYD-Sealion-05-EV-3.jpg?resize=640%2C100&ssl=1",640,100,true],"unipress-tablet":["https:\/\/i0.wp.com\/newmobility.news\/wp-content\/uploads\/2025\/03\/BYD-Sealion-05-EV-3.jpg?resize=1024%2C240&ssl=1",1024,240,true],"unipress-tablet-portrait":["https:\/\/i0.wp.com\/newmobility.news\/wp-content\/uploads\/2025\/03\/BYD-Sealion-05-EV-3.jpg?resize=1024%2C180&ssl=1",1024,180,true],"unipress-tablet-landscape":["https:\/\/i0.wp.com\/newmobility.news\/wp-content\/uploads\/2025\/03\/BYD-Sealion-05-EV-3.jpg?resize=1024%2C180&ssl=1",1024,180,true],"unipress-smartphone":["https:\/\/i0.wp.com\/newmobility.news\/wp-content\/uploads\/2025\/03\/BYD-Sealion-05-EV-3.jpg?resize=1024%2C168&ssl=1",1024,168,true],"unipress-wide-screen":["https:\/\/i0.wp.com\/newmobility.news\/wp-content\/uploads\/2025\/03\/BYD-Sealion-05-EV-3.jpg?resize=1024%2C180&ssl=1",1024,180,true]},"post_excerpt_stackable_v2":"<p>BYD has officially unveiled the Sealion 05 EV, a compact all-electric SUV aimed squarely at the mass market, strengthening its growing Ocean lineup and reinforcing its aggressive pricing strategy in the global EV race. Whether the model comes to Belgium remains a question mark. Officially launcheThis content has been archived. Log in or Subscribe to a level that has access to archived content.<\/p>\n","category_list_v2":"<a href=\"https:\/\/newmobility.news\/fr\/category\/china\/\" rel=\"category tag\">China<\/a>, <a href=\"https:\/\/newmobility.news\/fr\/category\/product\/\" rel=\"category tag\">Product<\/a>, <a href=\"https:\/\/newmobility.news\/fr\/category\/top-stories-today\/\" rel=\"category tag\">Top Stories Today<\/a>","author_info_v2":{"name":"Piet Andries","url":"https:\/\/newmobility.news\/fr\/author\/piet-andriesgmail-com\/"},"comments_num_v2":"0 comments","yoast_head":"<!-- This site is optimized with the Yoast SEO plugin v27.5 - https:\/\/yoast.com\/product\/yoast-seo-wordpress\/ -->\n<title>BYD expands Ocean series in China with budget-friendly Sealion 05 EV - newmobility.news<\/title>\n<meta name=\"robots\" content=\"index, follow, max-snippet:-1, max-image-preview:large, max-video-preview:-1\" \/>\n<link rel=\"canonical\" href=\"https:\/\/newmobility.news\/fr\/2025\/03\/26\/byd-expands-ocean-series-in-china-with-budget-friendly-sealion-05-ev\/\" \/>\n<meta property=\"og:locale\" content=\"fr_FR\" \/>\n<meta property=\"og:type\" content=\"article\" \/>\n<meta property=\"og:title\" content=\"BYD expands Ocean series in China with budget-friendly Sealion 05 EV - newmobility.news\" \/>\n<meta property=\"og:description\" content=\"BYD has officially unveiled the Sealion 05 EV, a compact all-electric SUV aimed squarely at the mass market, strengthening its growing Ocean lineup and reinforcing its aggressive pricing strategy in the global EV race. Whether the model comes to Belgium remains a question mark. Officially launcheThis content has been archived. Log in or Subscribe to [&hellip;]\" \/>\n<meta property=\"og:url\" content=\"https:\/\/newmobility.news\/fr\/2025\/03\/26\/byd-expands-ocean-series-in-china-with-budget-friendly-sealion-05-ev\/\" \/>\n<meta property=\"og:site_name\" content=\"newmobility.news\" \/>\n<meta property=\"article:publisher\" content=\"https:\/\/www.facebook.com\/search\/top\/?q=newmobility.news\" \/>\n<meta property=\"article:published_time\" content=\"2025-03-26T11:20:08+00:00\" \/>\n<meta property=\"article:modified_time\" content=\"2025-03-27T09:38:12+00:00\" \/>\n<meta property=\"og:image\" content=\"https:\/\/newmobility.news\/wp-content\/uploads\/2025\/03\/BYD-Sealion-05-EV-3.jpg\" \/>\n\t<meta property=\"og:image:width\" content=\"1024\" \/>\n\t<meta property=\"og:image:height\" content=\"512\" \/>\n\t<meta property=\"og:image:type\" content=\"image\/jpeg\" \/>\n<meta name=\"author\" content=\"Piet Andries\" \/>\n<meta name=\"twitter:card\" content=\"summary_large_image\" \/>\n<meta name=\"twitter:creator\" content=\"@jorisvry\" \/>\n<meta name=\"twitter:site\" content=\"@jorisvry\" \/>\n<meta name=\"twitter:label1\" content=\"\u00c9crit par\" \/>\n\t<meta name=\"twitter:data1\" content=\"Piet Andries\" \/>\n\t<meta name=\"twitter:label2\" content=\"Dur\u00e9e de lecture est.\" \/>\n\t<meta name=\"twitter:data2\" content=\"3 minutes\" \/>\n<script type=\"application\/ld+json\" class=\"yoast-schema-graph\">{\"@context\":\"https:\\\/\\\/schema.org\",\"@graph\":[{\"@type\":\"Article\",\"@id\":\"https:\\\/\\\/newmobility.news\\\/2025\\\/03\\\/26\\\/byd-expands-ocean-series-in-china-with-budget-friendly-sealion-05-ev\\\/#article\",\"isPartOf\":{\"@id\":\"https:\\\/\\\/newmobility.news\\\/2025\\\/03\\\/26\\\/byd-expands-ocean-series-in-china-with-budget-friendly-sealion-05-ev\\\/\"},\"author\":{\"name\":\"Piet Andries\",\"@id\":\"https:\\\/\\\/newmobility.news\\\/#\\\/schema\\\/person\\\/4f0a0e407f0ee24ec763e67b0a5840a5\"},\"headline\":\"BYD expands Ocean series in China with budget-friendly Sealion 05 EV\",\"datePublished\":\"2025-03-26T11:20:08+00:00\",\"dateModified\":\"2025-03-27T09:38:12+00:00\",\"mainEntityOfPage\":{\"@id\":\"https:\\\/\\\/newmobility.news\\\/2025\\\/03\\\/26\\\/byd-expands-ocean-series-in-china-with-budget-friendly-sealion-05-ev\\\/\"},\"wordCount\":492,\"commentCount\":0,\"publisher\":{\"@id\":\"https:\\\/\\\/newmobility.news\\\/#organization\"},\"image\":{\"@id\":\"https:\\\/\\\/newmobility.news\\\/2025\\\/03\\\/26\\\/byd-expands-ocean-series-in-china-with-budget-friendly-sealion-05-ev\\\/#primaryimage\"},\"thumbnailUrl\":\"https:\\\/\\\/i0.wp.com\\\/newmobility.news\\\/wp-content\\\/uploads\\\/2025\\\/03\\\/BYD-Sealion-05-EV-3.jpg?fit=1024%2C512&ssl=1\",\"articleSection\":[\"China\",\"Product\",\"Top Stories Today\"],\"inLanguage\":\"fr-BE\",\"potentialAction\":[{\"@type\":\"CommentAction\",\"name\":\"Comment\",\"target\":[\"https:\\\/\\\/newmobility.news\\\/2025\\\/03\\\/26\\\/byd-expands-ocean-series-in-china-with-budget-friendly-sealion-05-ev\\\/#respond\"]}]},{\"@type\":\"WebPage\",\"@id\":\"https:\\\/\\\/newmobility.news\\\/2025\\\/03\\\/26\\\/byd-expands-ocean-series-in-china-with-budget-friendly-sealion-05-ev\\\/\",\"url\":\"https:\\\/\\\/newmobility.news\\\/2025\\\/03\\\/26\\\/byd-expands-ocean-series-in-china-with-budget-friendly-sealion-05-ev\\\/\",\"name\":\"BYD expands Ocean series in China with budget-friendly Sealion 05 EV - newmobility.news\",\"isPartOf\":{\"@id\":\"https:\\\/\\\/newmobility.news\\\/#website\"},\"primaryImageOfPage\":{\"@id\":\"https:\\\/\\\/newmobility.news\\\/2025\\\/03\\\/26\\\/byd-expands-ocean-series-in-china-with-budget-friendly-sealion-05-ev\\\/#primaryimage\"},\"image\":{\"@id\":\"https:\\\/\\\/newmobility.news\\\/2025\\\/03\\\/26\\\/byd-expands-ocean-series-in-china-with-budget-friendly-sealion-05-ev\\\/#primaryimage\"},\"thumbnailUrl\":\"https:\\\/\\\/i0.wp.com\\\/newmobility.news\\\/wp-content\\\/uploads\\\/2025\\\/03\\\/BYD-Sealion-05-EV-3.jpg?fit=1024%2C512&ssl=1\",\"datePublished\":\"2025-03-26T11:20:08+00:00\",\"dateModified\":\"2025-03-27T09:38:12+00:00\",\"breadcrumb\":{\"@id\":\"https:\\\/\\\/newmobility.news\\\/2025\\\/03\\\/26\\\/byd-expands-ocean-series-in-china-with-budget-friendly-sealion-05-ev\\\/#breadcrumb\"},\"inLanguage\":\"fr-BE\",\"potentialAction\":[{\"@type\":\"ReadAction\",\"target\":[\"https:\\\/\\\/newmobility.news\\\/2025\\\/03\\\/26\\\/byd-expands-ocean-series-in-china-with-budget-friendly-sealion-05-ev\\\/\"]}]},{\"@type\":\"ImageObject\",\"inLanguage\":\"fr-BE\",\"@id\":\"https:\\\/\\\/newmobility.news\\\/2025\\\/03\\\/26\\\/byd-expands-ocean-series-in-china-with-budget-friendly-sealion-05-ev\\\/#primaryimage\",\"url\":\"https:\\\/\\\/i0.wp.com\\\/newmobility.news\\\/wp-content\\\/uploads\\\/2025\\\/03\\\/BYD-Sealion-05-EV-3.jpg?fit=1024%2C512&ssl=1\",\"contentUrl\":\"https:\\\/\\\/i0.wp.com\\\/newmobility.news\\\/wp-content\\\/uploads\\\/2025\\\/03\\\/BYD-Sealion-05-EV-3.jpg?fit=1024%2C512&ssl=1\",\"width\":1024,\"height\":512,\"caption\":\"The Sealion 05 EV joins the plug-in hybrid version and is about the size of the Atto 3 \\\/BYD\"},{\"@type\":\"BreadcrumbList\",\"@id\":\"https:\\\/\\\/newmobility.news\\\/2025\\\/03\\\/26\\\/byd-expands-ocean-series-in-china-with-budget-friendly-sealion-05-ev\\\/#breadcrumb\",\"itemListElement\":[{\"@type\":\"ListItem\",\"position\":1,\"name\":\"Home\",\"item\":\"https:\\\/\\\/newmobility.news\\\/\"},{\"@type\":\"ListItem\",\"position\":2,\"name\":\"BYD expands Ocean series in China with budget-friendly Sealion 05 EV\"}]},{\"@type\":\"WebSite\",\"@id\":\"https:\\\/\\\/newmobility.news\\\/#website\",\"url\":\"https:\\\/\\\/newmobility.news\\\/\",\"name\":\"newmobility.news\",\"description\":\"A B2BNews Agency\u00ae news service for mobility business proessional\",\"publisher\":{\"@id\":\"https:\\\/\\\/newmobility.news\\\/#organization\"},\"potentialAction\":[{\"@type\":\"SearchAction\",\"target\":{\"@type\":\"EntryPoint\",\"urlTemplate\":\"https:\\\/\\\/newmobility.news\\\/?s={search_term_string}\"},\"query-input\":{\"@type\":\"PropertyValueSpecification\",\"valueRequired\":true,\"valueName\":\"search_term_string\"}}],\"inLanguage\":\"fr-BE\"},{\"@type\":\"Organization\",\"@id\":\"https:\\\/\\\/newmobility.news\\\/#organization\",\"name\":\"B2BNews Agency\",\"url\":\"https:\\\/\\\/newmobility.news\\\/\",\"logo\":{\"@type\":\"ImageObject\",\"inLanguage\":\"fr-BE\",\"@id\":\"https:\\\/\\\/newmobility.news\\\/#\\\/schema\\\/logo\\\/image\\\/\",\"url\":\"https:\\\/\\\/newmobility.news\\\/wp-content\\\/uploads\\\/2018\\\/01\\\/b2bnews-agency-logo.png\",\"contentUrl\":\"https:\\\/\\\/newmobility.news\\\/wp-content\\\/uploads\\\/2018\\\/01\\\/b2bnews-agency-logo.png\",\"width\":\"581\",\"height\":\"117\",\"caption\":\"B2BNews Agency\"},\"image\":{\"@id\":\"https:\\\/\\\/newmobility.news\\\/#\\\/schema\\\/logo\\\/image\\\/\"},\"sameAs\":[\"https:\\\/\\\/www.facebook.com\\\/search\\\/top\\\/?q=newmobility.news\",\"https:\\\/\\\/x.com\\\/jorisvry\",\"https:\\\/\\\/www.linkedin.com\\\/in\\\/jorisvanroy\\\/\",\"https:\\\/\\\/nl.pinterest.com\\\/jorisvanroy\\\/\"]},{\"@type\":\"Person\",\"@id\":\"https:\\\/\\\/newmobility.news\\\/#\\\/schema\\\/person\\\/4f0a0e407f0ee24ec763e67b0a5840a5\",\"name\":\"Piet Andries\",\"image\":{\"@type\":\"ImageObject\",\"inLanguage\":\"fr-BE\",\"@id\":\"https:\\\/\\\/secure.gravatar.com\\\/avatar\\\/c7ec64b5aa2f5a96b3ea5ca5b828a30d1b3e6e74b21e2f3e71ba86eea80553d4?s=96&d=mm&r=g\",\"url\":\"https:\\\/\\\/secure.gravatar.com\\\/avatar\\\/c7ec64b5aa2f5a96b3ea5ca5b828a30d1b3e6e74b21e2f3e71ba86eea80553d4?s=96&d=mm&r=g\",\"contentUrl\":\"https:\\\/\\\/secure.gravatar.com\\\/avatar\\\/c7ec64b5aa2f5a96b3ea5ca5b828a30d1b3e6e74b21e2f3e71ba86eea80553d4?s=96&d=mm&r=g\",\"caption\":\"Piet Andries\"},\"url\":\"https:\\\/\\\/newmobility.news\\\/fr\\\/author\\\/piet-andriesgmail-com\\\/\"}]}<\/script>\n<!-- \/ Yoast SEO plugin. -->","yoast_head_json":{"title":"BYD \u00e9largit sa gamme Ocean en Chine avec le Sealion 05 EV, un mod\u00e8le \u00e9lectrique abordable - newmobility.news","robots":{"index":"index","follow":"follow","max-snippet":"max-snippet:-1","max-image-preview":"max-image-preview:large","max-video-preview":"max-video-preview:-1"},"canonical":"https:\/\/newmobility.news\/fr\/2025\/03\/26\/byd-expands-ocean-series-in-china-with-budget-friendly-sealion-05-ev\/","og_locale":"fr_FR","og_type":"article","og_title":"BYD expands Ocean series in China with budget-friendly Sealion 05 EV - newmobility.news","og_description":"BYD has officially unveiled the Sealion 05 EV, a compact all-electric SUV aimed squarely at the mass market, strengthening its growing Ocean lineup and reinforcing its aggressive pricing strategy in the global EV race. Whether the model comes to Belgium remains a question mark. Officially launcheThis content has been archived. Log in or Subscribe to [&hellip;]","og_url":"https:\/\/newmobility.news\/fr\/2025\/03\/26\/byd-expands-ocean-series-in-china-with-budget-friendly-sealion-05-ev\/","og_site_name":"newmobility.news","article_publisher":"https:\/\/www.facebook.com\/search\/top\/?q=newmobility.news","article_published_time":"2025-03-26T11:20:08+00:00","article_modified_time":"2025-03-27T09:38:12+00:00","og_image":[{"width":1024,"height":512,"url":"https:\/\/newmobility.news\/wp-content\/uploads\/2025\/03\/BYD-Sealion-05-EV-3.jpg","type":"image\/jpeg"}],"author":"Piet Andries","twitter_card":"summary_large_image","twitter_creator":"@jorisvry","twitter_site":"@jorisvry","twitter_misc":{"\u00c9crit par":"Piet Andries","Dur\u00e9e de lecture est.":"3 minutes"},"schema":{"@context":"https:\/\/schema.org","@graph":[{"@type":"Article","@id":"https:\/\/newmobility.news\/2025\/03\/26\/byd-expands-ocean-series-in-china-with-budget-friendly-sealion-05-ev\/#article","isPartOf":{"@id":"https:\/\/newmobility.news\/2025\/03\/26\/byd-expands-ocean-series-in-china-with-budget-friendly-sealion-05-ev\/"},"author":{"name":"Piet Andries","@id":"https:\/\/newmobility.news\/#\/schema\/person\/4f0a0e407f0ee24ec763e67b0a5840a5"},"headline":"BYD expands Ocean series in China with budget-friendly Sealion 05 EV","datePublished":"2025-03-26T11:20:08+00:00","dateModified":"2025-03-27T09:38:12+00:00","mainEntityOfPage":{"@id":"https:\/\/newmobility.news\/2025\/03\/26\/byd-expands-ocean-series-in-china-with-budget-friendly-sealion-05-ev\/"},"wordCount":492,"commentCount":0,"publisher":{"@id":"https:\/\/newmobility.news\/#organization"},"image":{"@id":"https:\/\/newmobility.news\/2025\/03\/26\/byd-expands-ocean-series-in-china-with-budget-friendly-sealion-05-ev\/#primaryimage"},"thumbnailUrl":"https:\/\/i0.wp.com\/newmobility.news\/wp-content\/uploads\/2025\/03\/BYD-Sealion-05-EV-3.jpg?fit=1024%2C512&ssl=1","articleSection":["China","Product","Top Stories Today"],"inLanguage":"fr-BE","potentialAction":[{"@type":"CommentAction","name":"Comment","target":["https:\/\/newmobility.news\/2025\/03\/26\/byd-expands-ocean-series-in-china-with-budget-friendly-sealion-05-ev\/#respond"]}]},{"@type":"WebPage","@id":"https:\/\/newmobility.news\/2025\/03\/26\/byd-expands-ocean-series-in-china-with-budget-friendly-sealion-05-ev\/","url":"https:\/\/newmobility.news\/2025\/03\/26\/byd-expands-ocean-series-in-china-with-budget-friendly-sealion-05-ev\/","name":"BYD \u00e9largit sa gamme Ocean en Chine avec le Sealion 05 EV, un mod\u00e8le \u00e9lectrique abordable - newmobility.news","isPartOf":{"@id":"https:\/\/newmobility.news\/#website"},"primaryImageOfPage":{"@id":"https:\/\/newmobility.news\/2025\/03\/26\/byd-expands-ocean-series-in-china-with-budget-friendly-sealion-05-ev\/#primaryimage"},"image":{"@id":"https:\/\/newmobility.news\/2025\/03\/26\/byd-expands-ocean-series-in-china-with-budget-friendly-sealion-05-ev\/#primaryimage"},"thumbnailUrl":"https:\/\/i0.wp.com\/newmobility.news\/wp-content\/uploads\/2025\/03\/BYD-Sealion-05-EV-3.jpg?fit=1024%2C512&ssl=1","datePublished":"2025-03-26T11:20:08+00:00","dateModified":"2025-03-27T09:38:12+00:00","breadcrumb":{"@id":"https:\/\/newmobility.news\/2025\/03\/26\/byd-expands-ocean-series-in-china-with-budget-friendly-sealion-05-ev\/#breadcrumb"},"inLanguage":"fr-BE","potentialAction":[{"@type":"ReadAction","target":["https:\/\/newmobility.news\/2025\/03\/26\/byd-expands-ocean-series-in-china-with-budget-friendly-sealion-05-ev\/"]}]},{"@type":"ImageObject","inLanguage":"fr-BE","@id":"https:\/\/newmobility.news\/2025\/03\/26\/byd-expands-ocean-series-in-china-with-budget-friendly-sealion-05-ev\/#primaryimage","url":"https:\/\/i0.wp.com\/newmobility.news\/wp-content\/uploads\/2025\/03\/BYD-Sealion-05-EV-3.jpg?fit=1024%2C512&ssl=1","contentUrl":"https:\/\/i0.wp.com\/newmobility.news\/wp-content\/uploads\/2025\/03\/BYD-Sealion-05-EV-3.jpg?fit=1024%2C512&ssl=1","width":1024,"height":512,"caption":"The Sealion 05 EV joins the plug-in hybrid version and is about the size of the Atto 3 \/BYD"},{"@type":"BreadcrumbList","@id":"https:\/\/newmobility.news\/2025\/03\/26\/byd-expands-ocean-series-in-china-with-budget-friendly-sealion-05-ev\/#breadcrumb","itemListElement":[{"@type":"ListItem","position":1,"name":"Home","item":"https:\/\/newmobility.news\/"},{"@type":"ListItem","position":2,"name":"BYD expands Ocean series in China with budget-friendly Sealion 05 EV"}]},{"@type":"WebSite","@id":"https:\/\/newmobility.news\/#website","url":"https:\/\/newmobility.news\/","name":"nouveaumobilit\u00e9.actualit\u00e9s","description":"Un service d'information B2BNews Agency\u00ae destin\u00e9 aux professionnels de la mobilit\u00e9","publisher":{"@id":"https:\/\/newmobility.news\/#organization"},"potentialAction":[{"@type":"SearchAction","target":{"@type":"EntryPoint","urlTemplate":"https:\/\/newmobility.news\/?s={search_term_string}"},"query-input":{"@type":"PropertyValueSpecification","valueRequired":true,"valueName":"search_term_string"}}],"inLanguage":"fr-BE"},{"@type":"Organization","@id":"https:\/\/newmobility.news\/#organization","name":"Agence de presse B2BNews","url":"https:\/\/newmobility.news\/","logo":{"@type":"ImageObject","inLanguage":"fr-BE","@id":"https:\/\/newmobility.news\/#\/schema\/logo\/image\/","url":"https:\/\/newmobility.news\/wp-content\/uploads\/2018\/01\/b2bnews-agency-logo.png","contentUrl":"https:\/\/newmobility.news\/wp-content\/uploads\/2018\/01\/b2bnews-agency-logo.png","width":"581","height":"117","caption":"B2BNews Agency"},"image":{"@id":"https:\/\/newmobility.news\/#\/schema\/logo\/image\/"},"sameAs":["https:\/\/www.facebook.com\/search\/top\/?q=newmobility.news","https:\/\/x.com\/jorisvry","https:\/\/www.linkedin.com\/in\/jorisvanroy\/","https:\/\/nl.pinterest.com\/jorisvanroy\/"]},{"@type":"Person","@id":"https:\/\/newmobility.news\/#\/schema\/person\/4f0a0e407f0ee24ec763e67b0a5840a5","name":"Piet Andries","image":{"@type":"ImageObject","inLanguage":"fr-BE","@id":"https:\/\/secure.gravatar.com\/avatar\/c7ec64b5aa2f5a96b3ea5ca5b828a30d1b3e6e74b21e2f3e71ba86eea80553d4?s=96&d=mm&r=g","url":"https:\/\/secure.gravatar.com\/avatar\/c7ec64b5aa2f5a96b3ea5ca5b828a30d1b3e6e74b21e2f3e71ba86eea80553d4?s=96&d=mm&r=g","contentUrl":"https:\/\/secure.gravatar.com\/avatar\/c7ec64b5aa2f5a96b3ea5ca5b828a30d1b3e6e74b21e2f3e71ba86eea80553d4?s=96&d=mm&r=g","caption":"Piet Andries"},"url":"https:\/\/newmobility.news\/fr\/author\/piet-andriesgmail-com\/"}]}},"jetpack_publicize_connections":[],"jetpack_featured_media_url":"https:\/\/i0.wp.com\/newmobility.news\/wp-content\/uploads\/2025\/03\/BYD-Sealion-05-EV-3.jpg?fit=1024%2C512&ssl=1","jetpack_shortlink":"https:\/\/wp.me\/p9wJdU-GTa","jetpack_sharing_enabled":true,"jetpack_likes_enabled":true,"jetpack-related-posts":[],"_links":{"self":[{"href":"https:\/\/newmobility.news\/fr\/wp-json\/wp\/v2\/posts\/164868","targetHints":{"allow":["GET"]}}],"collection":[{"href":"https:\/\/newmobility.news\/fr\/wp-json\/wp\/v2\/posts"}],"about":[{"href":"https:\/\/newmobility.news\/fr\/wp-json\/wp\/v2\/types\/post"}],"author":[{"embeddable":true,"href":"https:\/\/newmobility.news\/fr\/wp-json\/wp\/v2\/users\/715"}],"replies":[{"embeddable":true,"href":"https:\/\/newmobility.news\/fr\/wp-json\/wp\/v2\/comments?post=164868"}],"version-history":[{"count":0,"href":"https:\/\/newmobility.news\/fr\/wp-json\/wp\/v2\/posts\/164868\/revisions"}],"wp:featuredmedia":[{"embeddable":true,"href":"https:\/\/newmobility.news\/fr\/wp-json\/wp\/v2\/media\/164869"}],"wp:attachment":[{"href":"https:\/\/newmobility.news\/fr\/wp-json\/wp\/v2\/media?parent=164868"}],"wp:term":[{"taxonomy":"category","embeddable":true,"href":"https:\/\/newmobility.news\/fr\/wp-json\/wp\/v2\/categories?post=164868"},{"taxonomy":"post_tag","embeddable":true,"href":"https:\/\/newmobility.news\/fr\/wp-json\/wp\/v2\/tags?post=164868"}],"curies":[{"name":"wp","href":"https:\/\/api.w.org\/{rel}","templated":true}]}}