{"id":165302,"date":"2025-04-07T10:30:52","date_gmt":"2025-04-07T08:30:52","guid":{"rendered":"https:\/\/newmobility.news\/?p=165302"},"modified":"2025-04-07T12:02:47","modified_gmt":"2025-04-07T10:02:47","slug":"there-will-be-a-brussels-motor-show-in-january-2026","status":"publish","type":"post","link":"https:\/\/newmobility.news\/fr\/2025\/04\/07\/there-will-be-a-brussels-motor-show-in-january-2026\/","title":{"rendered":"Il y aura un Salon de l'automobile de Bruxelles en janvier 2026."},"content":{"rendered":"La f\u00e9d\u00e9ration sectorielle Febiac, organisatrice du Salon de l'Auto de Bruxelles (BMS), a officiellement annonc\u00e9 que l'\u00e9dition 2026 (la 102e) se tiendra en janvier prochain, du 9 au 18, dans les locaux de Brussels Expo. \" Nous sommes heureux d'annoncer aujourd'hui que Febiac organisera le 102e Salon de l'Auto \", s<div class=\"leaky_paywall_message_wrap\"><div id=\"leaky_paywall_message\">Ce contenu a \u00e9t\u00e9 archiv\u00e9. <a href=\"https:\/\/newmobility.news\/fr\/subscription\/\">Connectez-vous ou inscrivez-vous<\/a> \u00e0 un niveau qui donne acc\u00e8s au contenu archiv\u00e9.<\/div><\/div>","protected":false},"excerpt":{"rendered":"<p>Sector federation Febiac, the organizer of the Brussels Motor Show (BMS), has officially announced that the 2026 edition (the 102nd) will be held next January from the 9th to the 18th at the Brussels Expo premises. &#8220;We are happy to announce today that Febiac will organize the 102nd Motor Show,&#8221; sThis content has been archived. [&hellip;]<\/p>\n","protected":false},"author":13,"featured_media":165308,"comment_status":"open","ping_status":"closed","sticky":false,"template":"","format":"standard","meta":{"_acf_changed":false,"jetpack_post_was_ever_published":false,"_jetpack_newsletter_access":"","_jetpack_dont_email_post_to_subs":false,"_jetpack_newsletter_tier_id":0,"_jetpack_memberships_contains_paywalled_content":false,"_jetpack_memberships_contains_paid_content":false,"footnotes":"","jetpack_publicize_message":"","jetpack_publicize_feature_enabled":true,"jetpack_social_post_already_shared":true,"jetpack_social_options":{"image_generator_settings":{"template":"highway","default_image_id":0,"font":"","enabled":false},"version":2},"_wpas_customize_per_network":false},"categories":[16,77169,77167,4],"tags":[],"class_list":["post-165302","post","type-post","status-publish","format-standard","has-post-thumbnail","hentry","category-industry","category-market","category-motor-show","category-top-stories-today"],"acf":[],"featured_image_urls_v2":{"full":["https:\/\/i0.wp.com\/newmobility.news\/wp-content\/uploads\/2025\/04\/Schermafbeelding-2025-04-07-om-10.27.58.png?fit=1202%2C782&ssl=1",1202,782,false],"thumbnail":["https:\/\/i0.wp.com\/newmobility.news\/wp-content\/uploads\/2025\/04\/Schermafbeelding-2025-04-07-om-10.27.58.png?resize=150%2C150&ssl=1",150,150,true],"medium":["https:\/\/i0.wp.com\/newmobility.news\/wp-content\/uploads\/2025\/04\/Schermafbeelding-2025-04-07-om-10.27.58.png?fit=300%2C195&ssl=1",300,195,true],"medium_large":["https:\/\/i0.wp.com\/newmobility.news\/wp-content\/uploads\/2025\/04\/Schermafbeelding-2025-04-07-om-10.27.58.png?fit=640%2C416&ssl=1",640,416,true],"large":["https:\/\/i0.wp.com\/newmobility.news\/wp-content\/uploads\/2025\/04\/Schermafbeelding-2025-04-07-om-10.27.58.png?fit=640%2C416&ssl=1",640,416,true],"1536x1536":["https:\/\/i0.wp.com\/newmobility.news\/wp-content\/uploads\/2025\/04\/Schermafbeelding-2025-04-07-om-10.27.58.png?fit=1202%2C782&ssl=1",1202,782,true],"2048x2048":["https:\/\/i0.wp.com\/newmobility.news\/wp-content\/uploads\/2025\/04\/Schermafbeelding-2025-04-07-om-10.27.58.png?fit=1202%2C782&ssl=1",1202,782,true],"trp-custom-language-flag":["https:\/\/i0.wp.com\/newmobility.news\/wp-content\/uploads\/2025\/04\/Schermafbeelding-2025-04-07-om-10.27.58.png?fit=18%2C12&ssl=1",18,12,true],"related-thumb":["https:\/\/i0.wp.com\/newmobility.news\/wp-content\/uploads\/2025\/04\/Schermafbeelding-2025-04-07-om-10.27.58.png?resize=640%2C480&ssl=1",640,480,true],"gform-image-choice-sm":["https:\/\/i0.wp.com\/newmobility.news\/wp-content\/uploads\/2025\/04\/Schermafbeelding-2025-04-07-om-10.27.58.png?resize=300%2C300&ssl=1",300,300,true],"gform-image-choice-md":["https:\/\/i0.wp.com\/newmobility.news\/wp-content\/uploads\/2025\/04\/Schermafbeelding-2025-04-07-om-10.27.58.png?resize=400%2C400&ssl=1",400,400,true],"gform-image-choice-lg":["https:\/\/i0.wp.com\/newmobility.news\/wp-content\/uploads\/2025\/04\/Schermafbeelding-2025-04-07-om-10.27.58.png?resize=600%2C600&ssl=1",600,600,true],"mailchimp":["https:\/\/i0.wp.com\/newmobility.news\/wp-content\/uploads\/2025\/04\/Schermafbeelding-2025-04-07-om-10.27.58.png?fit=560%2C364&ssl=1",560,364,true],"unipress-phone":["https:\/\/i0.wp.com\/newmobility.news\/wp-content\/uploads\/2025\/04\/Schermafbeelding-2025-04-07-om-10.27.58.png?resize=640%2C100&ssl=1",640,100,true],"unipress-tablet":["https:\/\/i0.wp.com\/newmobility.news\/wp-content\/uploads\/2025\/04\/Schermafbeelding-2025-04-07-om-10.27.58.png?resize=1202%2C240&ssl=1",1202,240,true],"unipress-tablet-portrait":["https:\/\/i0.wp.com\/newmobility.news\/wp-content\/uploads\/2025\/04\/Schermafbeelding-2025-04-07-om-10.27.58.png?resize=1202%2C180&ssl=1",1202,180,true],"unipress-tablet-landscape":["https:\/\/i0.wp.com\/newmobility.news\/wp-content\/uploads\/2025\/04\/Schermafbeelding-2025-04-07-om-10.27.58.png?resize=1202%2C180&ssl=1",1202,180,true],"unipress-smartphone":["https:\/\/i0.wp.com\/newmobility.news\/wp-content\/uploads\/2025\/04\/Schermafbeelding-2025-04-07-om-10.27.58.png?resize=1080%2C168&ssl=1",1080,168,true],"unipress-wide-screen":["https:\/\/i0.wp.com\/newmobility.news\/wp-content\/uploads\/2025\/04\/Schermafbeelding-2025-04-07-om-10.27.58.png?resize=1202%2C180&ssl=1",1202,180,true]},"post_excerpt_stackable_v2":"<p>Sector federation Febiac, the organizer of the Brussels Motor Show (BMS), has officially announced that the 2026 edition (the 102nd) will be held next January from the 9th to the 18th at the Brussels Expo premises. &#8220;We are happy to announce today that Febiac will organize the 102nd Motor Show,&#8221; sThis content has been archived. Log in or Subscribe to a level that has access to archived content.<\/p>\n","category_list_v2":"<a href=\"https:\/\/newmobility.news\/fr\/category\/industry\/\" rel=\"category tag\">Industry<\/a>, <a href=\"https:\/\/newmobility.news\/fr\/category\/market\/\" rel=\"category tag\">Market<\/a>, <a href=\"https:\/\/newmobility.news\/fr\/category\/motor-show\/\" rel=\"category tag\">Motor Show<\/a>, <a href=\"https:\/\/newmobility.news\/fr\/category\/top-stories-today\/\" rel=\"category tag\">Top Stories Today<\/a>","author_info_v2":{"name":"Tony Verhelle","url":"https:\/\/newmobility.news\/fr\/author\/toverbel\/"},"comments_num_v2":"0 comments","yoast_head":"<!-- This site is optimized with the Yoast SEO plugin v27.5 - https:\/\/yoast.com\/product\/yoast-seo-wordpress\/ -->\n<title>There will be a Brussels Motor Show in January 2026 - newmobility.news<\/title>\n<meta name=\"robots\" content=\"index, follow, max-snippet:-1, max-image-preview:large, max-video-preview:-1\" \/>\n<link rel=\"canonical\" href=\"https:\/\/newmobility.news\/fr\/2025\/04\/07\/there-will-be-a-brussels-motor-show-in-january-2026\/\" \/>\n<meta property=\"og:locale\" content=\"fr_FR\" \/>\n<meta property=\"og:type\" content=\"article\" \/>\n<meta property=\"og:title\" content=\"There will be a Brussels Motor Show in January 2026 - newmobility.news\" \/>\n<meta property=\"og:description\" content=\"Sector federation Febiac, the organizer of the Brussels Motor Show (BMS), has officially announced that the 2026 edition (the 102nd) will be held next January from the 9th to the 18th at the Brussels Expo premises. &quot;We are happy to announce today that Febiac will organize the 102nd Motor Show,&quot; sThis content has been archived. [&hellip;]\" \/>\n<meta property=\"og:url\" content=\"https:\/\/newmobility.news\/fr\/2025\/04\/07\/there-will-be-a-brussels-motor-show-in-january-2026\/\" \/>\n<meta property=\"og:site_name\" content=\"newmobility.news\" \/>\n<meta property=\"article:publisher\" content=\"https:\/\/www.facebook.com\/search\/top\/?q=newmobility.news\" \/>\n<meta property=\"article:published_time\" content=\"2025-04-07T08:30:52+00:00\" \/>\n<meta property=\"article:modified_time\" content=\"2025-04-07T10:02:47+00:00\" \/>\n<meta property=\"og:image\" content=\"https:\/\/newmobility.news\/wp-content\/uploads\/2025\/04\/Schermafbeelding-2025-04-07-om-10.27.58.png\" \/>\n\t<meta property=\"og:image:width\" content=\"1202\" \/>\n\t<meta property=\"og:image:height\" content=\"782\" \/>\n\t<meta property=\"og:image:type\" content=\"image\/png\" \/>\n<meta name=\"author\" content=\"Tony Verhelle\" \/>\n<meta name=\"twitter:card\" content=\"summary_large_image\" \/>\n<meta name=\"twitter:creator\" content=\"@jorisvry\" \/>\n<meta name=\"twitter:site\" content=\"@jorisvry\" \/>\n<meta name=\"twitter:label1\" content=\"\u00c9crit par\" \/>\n\t<meta name=\"twitter:data1\" content=\"Tony Verhelle\" \/>\n\t<meta name=\"twitter:label2\" content=\"Dur\u00e9e de lecture est.\" \/>\n\t<meta name=\"twitter:data2\" content=\"3 minutes\" \/>\n<script type=\"application\/ld+json\" class=\"yoast-schema-graph\">{\"@context\":\"https:\\\/\\\/schema.org\",\"@graph\":[{\"@type\":\"Article\",\"@id\":\"https:\\\/\\\/newmobility.news\\\/2025\\\/04\\\/07\\\/there-will-be-a-brussels-motor-show-in-january-2026\\\/#article\",\"isPartOf\":{\"@id\":\"https:\\\/\\\/newmobility.news\\\/2025\\\/04\\\/07\\\/there-will-be-a-brussels-motor-show-in-january-2026\\\/\"},\"author\":{\"name\":\"Tony Verhelle\",\"@id\":\"https:\\\/\\\/newmobility.news\\\/#\\\/schema\\\/person\\\/2ff3ee98a47b47a64547742d0f598008\"},\"headline\":\"There will be a Brussels Motor Show in January 2026\",\"datePublished\":\"2025-04-07T08:30:52+00:00\",\"dateModified\":\"2025-04-07T10:02:47+00:00\",\"mainEntityOfPage\":{\"@id\":\"https:\\\/\\\/newmobility.news\\\/2025\\\/04\\\/07\\\/there-will-be-a-brussels-motor-show-in-january-2026\\\/\"},\"wordCount\":476,\"commentCount\":0,\"publisher\":{\"@id\":\"https:\\\/\\\/newmobility.news\\\/#organization\"},\"image\":{\"@id\":\"https:\\\/\\\/newmobility.news\\\/2025\\\/04\\\/07\\\/there-will-be-a-brussels-motor-show-in-january-2026\\\/#primaryimage\"},\"thumbnailUrl\":\"https:\\\/\\\/i0.wp.com\\\/newmobility.news\\\/wp-content\\\/uploads\\\/2025\\\/04\\\/Schermafbeelding-2025-04-07-om-10.27.58.png?fit=1202%2C782&ssl=1\",\"articleSection\":[\"Industry\",\"Market\",\"Motor Show\",\"Top Stories Today\"],\"inLanguage\":\"fr-BE\",\"potentialAction\":[{\"@type\":\"CommentAction\",\"name\":\"Comment\",\"target\":[\"https:\\\/\\\/newmobility.news\\\/2025\\\/04\\\/07\\\/there-will-be-a-brussels-motor-show-in-january-2026\\\/#respond\"]}]},{\"@type\":\"WebPage\",\"@id\":\"https:\\\/\\\/newmobility.news\\\/2025\\\/04\\\/07\\\/there-will-be-a-brussels-motor-show-in-january-2026\\\/\",\"url\":\"https:\\\/\\\/newmobility.news\\\/2025\\\/04\\\/07\\\/there-will-be-a-brussels-motor-show-in-january-2026\\\/\",\"name\":\"There will be a Brussels Motor Show in January 2026 - newmobility.news\",\"isPartOf\":{\"@id\":\"https:\\\/\\\/newmobility.news\\\/#website\"},\"primaryImageOfPage\":{\"@id\":\"https:\\\/\\\/newmobility.news\\\/2025\\\/04\\\/07\\\/there-will-be-a-brussels-motor-show-in-january-2026\\\/#primaryimage\"},\"image\":{\"@id\":\"https:\\\/\\\/newmobility.news\\\/2025\\\/04\\\/07\\\/there-will-be-a-brussels-motor-show-in-january-2026\\\/#primaryimage\"},\"thumbnailUrl\":\"https:\\\/\\\/i0.wp.com\\\/newmobility.news\\\/wp-content\\\/uploads\\\/2025\\\/04\\\/Schermafbeelding-2025-04-07-om-10.27.58.png?fit=1202%2C782&ssl=1\",\"datePublished\":\"2025-04-07T08:30:52+00:00\",\"dateModified\":\"2025-04-07T10:02:47+00:00\",\"breadcrumb\":{\"@id\":\"https:\\\/\\\/newmobility.news\\\/2025\\\/04\\\/07\\\/there-will-be-a-brussels-motor-show-in-january-2026\\\/#breadcrumb\"},\"inLanguage\":\"fr-BE\",\"potentialAction\":[{\"@type\":\"ReadAction\",\"target\":[\"https:\\\/\\\/newmobility.news\\\/2025\\\/04\\\/07\\\/there-will-be-a-brussels-motor-show-in-january-2026\\\/\"]}]},{\"@type\":\"ImageObject\",\"inLanguage\":\"fr-BE\",\"@id\":\"https:\\\/\\\/newmobility.news\\\/2025\\\/04\\\/07\\\/there-will-be-a-brussels-motor-show-in-january-2026\\\/#primaryimage\",\"url\":\"https:\\\/\\\/i0.wp.com\\\/newmobility.news\\\/wp-content\\\/uploads\\\/2025\\\/04\\\/Schermafbeelding-2025-04-07-om-10.27.58.png?fit=1202%2C782&ssl=1\",\"contentUrl\":\"https:\\\/\\\/i0.wp.com\\\/newmobility.news\\\/wp-content\\\/uploads\\\/2025\\\/04\\\/Schermafbeelding-2025-04-07-om-10.27.58.png?fit=1202%2C782&ssl=1\",\"width\":1202,\"height\":782,\"caption\":\"According to organizer Febiac, there will be a Brussels Motor Show again in January 2026 \\\/Febiac\"},{\"@type\":\"BreadcrumbList\",\"@id\":\"https:\\\/\\\/newmobility.news\\\/2025\\\/04\\\/07\\\/there-will-be-a-brussels-motor-show-in-january-2026\\\/#breadcrumb\",\"itemListElement\":[{\"@type\":\"ListItem\",\"position\":1,\"name\":\"Home\",\"item\":\"https:\\\/\\\/newmobility.news\\\/\"},{\"@type\":\"ListItem\",\"position\":2,\"name\":\"There will be a Brussels Motor Show in January 2026\"}]},{\"@type\":\"WebSite\",\"@id\":\"https:\\\/\\\/newmobility.news\\\/#website\",\"url\":\"https:\\\/\\\/newmobility.news\\\/\",\"name\":\"newmobility.news\",\"description\":\"A B2BNews Agency\u00ae news service for mobility business proessional\",\"publisher\":{\"@id\":\"https:\\\/\\\/newmobility.news\\\/#organization\"},\"potentialAction\":[{\"@type\":\"SearchAction\",\"target\":{\"@type\":\"EntryPoint\",\"urlTemplate\":\"https:\\\/\\\/newmobility.news\\\/?s={search_term_string}\"},\"query-input\":{\"@type\":\"PropertyValueSpecification\",\"valueRequired\":true,\"valueName\":\"search_term_string\"}}],\"inLanguage\":\"fr-BE\"},{\"@type\":\"Organization\",\"@id\":\"https:\\\/\\\/newmobility.news\\\/#organization\",\"name\":\"B2BNews Agency\",\"url\":\"https:\\\/\\\/newmobility.news\\\/\",\"logo\":{\"@type\":\"ImageObject\",\"inLanguage\":\"fr-BE\",\"@id\":\"https:\\\/\\\/newmobility.news\\\/#\\\/schema\\\/logo\\\/image\\\/\",\"url\":\"https:\\\/\\\/newmobility.news\\\/wp-content\\\/uploads\\\/2018\\\/01\\\/b2bnews-agency-logo.png\",\"contentUrl\":\"https:\\\/\\\/newmobility.news\\\/wp-content\\\/uploads\\\/2018\\\/01\\\/b2bnews-agency-logo.png\",\"width\":\"581\",\"height\":\"117\",\"caption\":\"B2BNews Agency\"},\"image\":{\"@id\":\"https:\\\/\\\/newmobility.news\\\/#\\\/schema\\\/logo\\\/image\\\/\"},\"sameAs\":[\"https:\\\/\\\/www.facebook.com\\\/search\\\/top\\\/?q=newmobility.news\",\"https:\\\/\\\/x.com\\\/jorisvry\",\"https:\\\/\\\/www.linkedin.com\\\/in\\\/jorisvanroy\\\/\",\"https:\\\/\\\/nl.pinterest.com\\\/jorisvanroy\\\/\"]},{\"@type\":\"Person\",\"@id\":\"https:\\\/\\\/newmobility.news\\\/#\\\/schema\\\/person\\\/2ff3ee98a47b47a64547742d0f598008\",\"name\":\"Tony Verhelle\",\"image\":{\"@type\":\"ImageObject\",\"inLanguage\":\"fr-BE\",\"@id\":\"https:\\\/\\\/secure.gravatar.com\\\/avatar\\\/3aa7bc7e3c29543b27eddb4850cf5b080b7eed539a9cc5c8807f7fae34c56438?s=96&d=mm&r=g\",\"url\":\"https:\\\/\\\/secure.gravatar.com\\\/avatar\\\/3aa7bc7e3c29543b27eddb4850cf5b080b7eed539a9cc5c8807f7fae34c56438?s=96&d=mm&r=g\",\"contentUrl\":\"https:\\\/\\\/secure.gravatar.com\\\/avatar\\\/3aa7bc7e3c29543b27eddb4850cf5b080b7eed539a9cc5c8807f7fae34c56438?s=96&d=mm&r=g\",\"caption\":\"Tony Verhelle\"},\"url\":\"https:\\\/\\\/newmobility.news\\\/fr\\\/author\\\/toverbel\\\/\"}]}<\/script>\n<!-- \/ Yoast SEO plugin. -->","yoast_head_json":{"title":"Le Salon de l'automobile de Bruxelles aura lieu en janvier 2026 - newmobility.news","robots":{"index":"index","follow":"follow","max-snippet":"max-snippet:-1","max-image-preview":"max-image-preview:large","max-video-preview":"max-video-preview:-1"},"canonical":"https:\/\/newmobility.news\/fr\/2025\/04\/07\/there-will-be-a-brussels-motor-show-in-january-2026\/","og_locale":"fr_FR","og_type":"article","og_title":"There will be a Brussels Motor Show in January 2026 - newmobility.news","og_description":"Sector federation Febiac, the organizer of the Brussels Motor Show (BMS), has officially announced that the 2026 edition (the 102nd) will be held next January from the 9th to the 18th at the Brussels Expo premises. \"We are happy to announce today that Febiac will organize the 102nd Motor Show,\" sThis content has been archived. [&hellip;]","og_url":"https:\/\/newmobility.news\/fr\/2025\/04\/07\/there-will-be-a-brussels-motor-show-in-january-2026\/","og_site_name":"newmobility.news","article_publisher":"https:\/\/www.facebook.com\/search\/top\/?q=newmobility.news","article_published_time":"2025-04-07T08:30:52+00:00","article_modified_time":"2025-04-07T10:02:47+00:00","og_image":[{"width":1202,"height":782,"url":"https:\/\/newmobility.news\/wp-content\/uploads\/2025\/04\/Schermafbeelding-2025-04-07-om-10.27.58.png","type":"image\/png"}],"author":"Tony Verhelle","twitter_card":"summary_large_image","twitter_creator":"@jorisvry","twitter_site":"@jorisvry","twitter_misc":{"\u00c9crit par":"Tony Verhelle","Dur\u00e9e de lecture est.":"3 minutes"},"schema":{"@context":"https:\/\/schema.org","@graph":[{"@type":"Article","@id":"https:\/\/newmobility.news\/2025\/04\/07\/there-will-be-a-brussels-motor-show-in-january-2026\/#article","isPartOf":{"@id":"https:\/\/newmobility.news\/2025\/04\/07\/there-will-be-a-brussels-motor-show-in-january-2026\/"},"author":{"name":"Tony Verhelle","@id":"https:\/\/newmobility.news\/#\/schema\/person\/2ff3ee98a47b47a64547742d0f598008"},"headline":"There will be a Brussels Motor Show in January 2026","datePublished":"2025-04-07T08:30:52+00:00","dateModified":"2025-04-07T10:02:47+00:00","mainEntityOfPage":{"@id":"https:\/\/newmobility.news\/2025\/04\/07\/there-will-be-a-brussels-motor-show-in-january-2026\/"},"wordCount":476,"commentCount":0,"publisher":{"@id":"https:\/\/newmobility.news\/#organization"},"image":{"@id":"https:\/\/newmobility.news\/2025\/04\/07\/there-will-be-a-brussels-motor-show-in-january-2026\/#primaryimage"},"thumbnailUrl":"https:\/\/i0.wp.com\/newmobility.news\/wp-content\/uploads\/2025\/04\/Schermafbeelding-2025-04-07-om-10.27.58.png?fit=1202%2C782&ssl=1","articleSection":["Industry","Market","Motor Show","Top Stories Today"],"inLanguage":"fr-BE","potentialAction":[{"@type":"CommentAction","name":"Comment","target":["https:\/\/newmobility.news\/2025\/04\/07\/there-will-be-a-brussels-motor-show-in-january-2026\/#respond"]}]},{"@type":"WebPage","@id":"https:\/\/newmobility.news\/2025\/04\/07\/there-will-be-a-brussels-motor-show-in-january-2026\/","url":"https:\/\/newmobility.news\/2025\/04\/07\/there-will-be-a-brussels-motor-show-in-january-2026\/","name":"Le Salon de l'automobile de Bruxelles aura lieu en janvier 2026 - newmobility.news","isPartOf":{"@id":"https:\/\/newmobility.news\/#website"},"primaryImageOfPage":{"@id":"https:\/\/newmobility.news\/2025\/04\/07\/there-will-be-a-brussels-motor-show-in-january-2026\/#primaryimage"},"image":{"@id":"https:\/\/newmobility.news\/2025\/04\/07\/there-will-be-a-brussels-motor-show-in-january-2026\/#primaryimage"},"thumbnailUrl":"https:\/\/i0.wp.com\/newmobility.news\/wp-content\/uploads\/2025\/04\/Schermafbeelding-2025-04-07-om-10.27.58.png?fit=1202%2C782&ssl=1","datePublished":"2025-04-07T08:30:52+00:00","dateModified":"2025-04-07T10:02:47+00:00","breadcrumb":{"@id":"https:\/\/newmobility.news\/2025\/04\/07\/there-will-be-a-brussels-motor-show-in-january-2026\/#breadcrumb"},"inLanguage":"fr-BE","potentialAction":[{"@type":"ReadAction","target":["https:\/\/newmobility.news\/2025\/04\/07\/there-will-be-a-brussels-motor-show-in-january-2026\/"]}]},{"@type":"ImageObject","inLanguage":"fr-BE","@id":"https:\/\/newmobility.news\/2025\/04\/07\/there-will-be-a-brussels-motor-show-in-january-2026\/#primaryimage","url":"https:\/\/i0.wp.com\/newmobility.news\/wp-content\/uploads\/2025\/04\/Schermafbeelding-2025-04-07-om-10.27.58.png?fit=1202%2C782&ssl=1","contentUrl":"https:\/\/i0.wp.com\/newmobility.news\/wp-content\/uploads\/2025\/04\/Schermafbeelding-2025-04-07-om-10.27.58.png?fit=1202%2C782&ssl=1","width":1202,"height":782,"caption":"According to organizer Febiac, there will be a Brussels Motor Show again in January 2026 \/Febiac"},{"@type":"BreadcrumbList","@id":"https:\/\/newmobility.news\/2025\/04\/07\/there-will-be-a-brussels-motor-show-in-january-2026\/#breadcrumb","itemListElement":[{"@type":"ListItem","position":1,"name":"Home","item":"https:\/\/newmobility.news\/"},{"@type":"ListItem","position":2,"name":"There will be a Brussels Motor Show in January 2026"}]},{"@type":"WebSite","@id":"https:\/\/newmobility.news\/#website","url":"https:\/\/newmobility.news\/","name":"nouveaumobilit\u00e9.actualit\u00e9s","description":"Un service d'information B2BNews Agency\u00ae destin\u00e9 aux professionnels de la mobilit\u00e9","publisher":{"@id":"https:\/\/newmobility.news\/#organization"},"potentialAction":[{"@type":"SearchAction","target":{"@type":"EntryPoint","urlTemplate":"https:\/\/newmobility.news\/?s={search_term_string}"},"query-input":{"@type":"PropertyValueSpecification","valueRequired":true,"valueName":"search_term_string"}}],"inLanguage":"fr-BE"},{"@type":"Organization","@id":"https:\/\/newmobility.news\/#organization","name":"Agence de presse B2BNews","url":"https:\/\/newmobility.news\/","logo":{"@type":"ImageObject","inLanguage":"fr-BE","@id":"https:\/\/newmobility.news\/#\/schema\/logo\/image\/","url":"https:\/\/newmobility.news\/wp-content\/uploads\/2018\/01\/b2bnews-agency-logo.png","contentUrl":"https:\/\/newmobility.news\/wp-content\/uploads\/2018\/01\/b2bnews-agency-logo.png","width":"581","height":"117","caption":"B2BNews Agency"},"image":{"@id":"https:\/\/newmobility.news\/#\/schema\/logo\/image\/"},"sameAs":["https:\/\/www.facebook.com\/search\/top\/?q=newmobility.news","https:\/\/x.com\/jorisvry","https:\/\/www.linkedin.com\/in\/jorisvanroy\/","https:\/\/nl.pinterest.com\/jorisvanroy\/"]},{"@type":"Person","@id":"https:\/\/newmobility.news\/#\/schema\/person\/2ff3ee98a47b47a64547742d0f598008","name":"Tony Verhelle","image":{"@type":"ImageObject","inLanguage":"fr-BE","@id":"https:\/\/secure.gravatar.com\/avatar\/3aa7bc7e3c29543b27eddb4850cf5b080b7eed539a9cc5c8807f7fae34c56438?s=96&d=mm&r=g","url":"https:\/\/secure.gravatar.com\/avatar\/3aa7bc7e3c29543b27eddb4850cf5b080b7eed539a9cc5c8807f7fae34c56438?s=96&d=mm&r=g","contentUrl":"https:\/\/secure.gravatar.com\/avatar\/3aa7bc7e3c29543b27eddb4850cf5b080b7eed539a9cc5c8807f7fae34c56438?s=96&d=mm&r=g","caption":"Tony Verhelle"},"url":"https:\/\/newmobility.news\/fr\/author\/toverbel\/"}]}},"jetpack_publicize_connections":[],"jetpack_featured_media_url":"https:\/\/i0.wp.com\/newmobility.news\/wp-content\/uploads\/2025\/04\/Schermafbeelding-2025-04-07-om-10.27.58.png?fit=1202%2C782&ssl=1","jetpack_shortlink":"https:\/\/wp.me\/p9wJdU-H0a","jetpack_sharing_enabled":true,"jetpack_likes_enabled":true,"jetpack-related-posts":[],"_links":{"self":[{"href":"https:\/\/newmobility.news\/fr\/wp-json\/wp\/v2\/posts\/165302","targetHints":{"allow":["GET"]}}],"collection":[{"href":"https:\/\/newmobility.news\/fr\/wp-json\/wp\/v2\/posts"}],"about":[{"href":"https:\/\/newmobility.news\/fr\/wp-json\/wp\/v2\/types\/post"}],"author":[{"embeddable":true,"href":"https:\/\/newmobility.news\/fr\/wp-json\/wp\/v2\/users\/13"}],"replies":[{"embeddable":true,"href":"https:\/\/newmobility.news\/fr\/wp-json\/wp\/v2\/comments?post=165302"}],"version-history":[{"count":0,"href":"https:\/\/newmobility.news\/fr\/wp-json\/wp\/v2\/posts\/165302\/revisions"}],"wp:featuredmedia":[{"embeddable":true,"href":"https:\/\/newmobility.news\/fr\/wp-json\/wp\/v2\/media\/165308"}],"wp:attachment":[{"href":"https:\/\/newmobility.news\/fr\/wp-json\/wp\/v2\/media?parent=165302"}],"wp:term":[{"taxonomy":"category","embeddable":true,"href":"https:\/\/newmobility.news\/fr\/wp-json\/wp\/v2\/categories?post=165302"},{"taxonomy":"post_tag","embeddable":true,"href":"https:\/\/newmobility.news\/fr\/wp-json\/wp\/v2\/tags?post=165302"}],"curies":[{"name":"wp","href":"https:\/\/api.w.org\/{rel}","templated":true}]}}