{"id":165303,"date":"2025-04-07T11:24:47","date_gmt":"2025-04-07T09:24:47","guid":{"rendered":"https:\/\/newmobility.news\/?p=165303"},"modified":"2025-04-07T11:55:26","modified_gmt":"2025-04-07T09:55:26","slug":"belgium-next-on-wishlist-geelys-premium-brand-zeekr","status":"publish","type":"post","link":"https:\/\/newmobility.news\/fr\/2025\/04\/07\/belgium-next-on-wishlist-geelys-premium-brand-zeekr\/","title":{"rendered":"La Belgique est la prochaine destination sur la liste des souhaits de Zeekr, la marque haut de gamme de Geely."},"content":{"rendered":"Deux ans apr\u00e8s avoir lanc\u00e9 la marque dans son pays d'origine, la Su\u00e8de, et aux Pays-Bas, pr\u00e9curseurs en mati\u00e8re de v\u00e9hicules \u00e9lectriques, puis un an plus tard en Norv\u00e8ge, la soci\u00e9t\u00e9 sino-su\u00e9doise Zeekr vise d\u00e9sormais la Belgique comme prochain pays europ\u00e9en pour son expansion. Cet \u00e9t\u00e9, parall\u00e8lement au lancement officiel de son SUV de luxe 7X en Europe, t<div class=\"leaky_paywall_message_wrap\"><div id=\"leaky_paywall_message\">Ce contenu a \u00e9t\u00e9 archiv\u00e9. <a href=\"https:\/\/newmobility.news\/fr\/subscription\/\">Connectez-vous ou inscrivez-vous<\/a> \u00e0 un niveau qui donne acc\u00e8s au contenu archiv\u00e9.<\/div><\/div>","protected":false},"excerpt":{"rendered":"<p>Two years after introducing the brand in its homeland, Sweden, and EV forerunner The Netherlands, and one year later in Norway, Chinese-Swedish Zeekr is targeting Belgium as the next European country for its expansion. In summer, together with the official launch of its luxury SUV 7X in Europe, tThis content has been archived. Log in [&hellip;]<\/p>\n","protected":false},"author":21,"featured_media":165328,"comment_status":"open","ping_status":"closed","sticky":false,"template":"","format":"standard","meta":{"_acf_changed":false,"jetpack_post_was_ever_published":false,"_jetpack_newsletter_access":"","_jetpack_dont_email_post_to_subs":false,"_jetpack_newsletter_tier_id":0,"_jetpack_memberships_contains_paywalled_content":false,"_jetpack_memberships_contains_paid_content":false,"footnotes":"","jetpack_publicize_message":"","jetpack_publicize_feature_enabled":true,"jetpack_social_post_already_shared":true,"jetpack_social_options":{"image_generator_settings":{"template":"highway","default_image_id":0,"font":"","enabled":false},"version":2},"_wpas_customize_per_network":false},"categories":[77170,28,77169,8,4],"tags":[],"class_list":["post-165303","post","type-post","status-publish","format-standard","has-post-thumbnail","hentry","category-belgium","category-europe","category-market","category-product","category-top-stories-today"],"acf":[],"featured_image_urls_v2":{"full":["https:\/\/i0.wp.com\/newmobility.news\/wp-content\/uploads\/2025\/04\/Scherm%C2%ADafbeelding-2025-04-07-om-11.12.38.png?fit=1049%2C641&ssl=1",1049,641,false],"thumbnail":["https:\/\/i0.wp.com\/newmobility.news\/wp-content\/uploads\/2025\/04\/Scherm%C2%ADafbeelding-2025-04-07-om-11.12.38.png?resize=150%2C150&ssl=1",150,150,true],"medium":["https:\/\/i0.wp.com\/newmobility.news\/wp-content\/uploads\/2025\/04\/Scherm%C2%ADafbeelding-2025-04-07-om-11.12.38.png?fit=300%2C183&ssl=1",300,183,true],"medium_large":["https:\/\/i0.wp.com\/newmobility.news\/wp-content\/uploads\/2025\/04\/Scherm%C2%ADafbeelding-2025-04-07-om-11.12.38.png?fit=640%2C391&ssl=1",640,391,true],"large":["https:\/\/i0.wp.com\/newmobility.news\/wp-content\/uploads\/2025\/04\/Scherm%C2%ADafbeelding-2025-04-07-om-11.12.38.png?fit=640%2C391&ssl=1",640,391,true],"1536x1536":["https:\/\/i0.wp.com\/newmobility.news\/wp-content\/uploads\/2025\/04\/Scherm%C2%ADafbeelding-2025-04-07-om-11.12.38.png?fit=1049%2C641&ssl=1",1049,641,true],"2048x2048":["https:\/\/i0.wp.com\/newmobility.news\/wp-content\/uploads\/2025\/04\/Scherm%C2%ADafbeelding-2025-04-07-om-11.12.38.png?fit=1049%2C641&ssl=1",1049,641,true],"trp-custom-language-flag":["https:\/\/i0.wp.com\/newmobility.news\/wp-content\/uploads\/2025\/04\/Scherm%C2%ADafbeelding-2025-04-07-om-11.12.38.png?fit=18%2C12&ssl=1",18,12,true],"related-thumb":["https:\/\/i0.wp.com\/newmobility.news\/wp-content\/uploads\/2025\/04\/Scherm%C2%ADafbeelding-2025-04-07-om-11.12.38.png?resize=640%2C480&ssl=1",640,480,true],"gform-image-choice-sm":["https:\/\/i0.wp.com\/newmobility.news\/wp-content\/uploads\/2025\/04\/Scherm%C2%ADafbeelding-2025-04-07-om-11.12.38.png?resize=300%2C300&ssl=1",300,300,true],"gform-image-choice-md":["https:\/\/i0.wp.com\/newmobility.news\/wp-content\/uploads\/2025\/04\/Scherm%C2%ADafbeelding-2025-04-07-om-11.12.38.png?resize=400%2C400&ssl=1",400,400,true],"gform-image-choice-lg":["https:\/\/i0.wp.com\/newmobility.news\/wp-content\/uploads\/2025\/04\/Scherm%C2%ADafbeelding-2025-04-07-om-11.12.38.png?resize=600%2C600&ssl=1",600,600,true],"mailchimp":["https:\/\/i0.wp.com\/newmobility.news\/wp-content\/uploads\/2025\/04\/Scherm%C2%ADafbeelding-2025-04-07-om-11.12.38.png?fit=560%2C342&ssl=1",560,342,true],"unipress-phone":["https:\/\/i0.wp.com\/newmobility.news\/wp-content\/uploads\/2025\/04\/Scherm%C2%ADafbeelding-2025-04-07-om-11.12.38.png?resize=640%2C100&ssl=1",640,100,true],"unipress-tablet":["https:\/\/i0.wp.com\/newmobility.news\/wp-content\/uploads\/2025\/04\/Scherm%C2%ADafbeelding-2025-04-07-om-11.12.38.png?resize=1049%2C240&ssl=1",1049,240,true],"unipress-tablet-portrait":["https:\/\/i0.wp.com\/newmobility.news\/wp-content\/uploads\/2025\/04\/Scherm%C2%ADafbeelding-2025-04-07-om-11.12.38.png?resize=1049%2C180&ssl=1",1049,180,true],"unipress-tablet-landscape":["https:\/\/i0.wp.com\/newmobility.news\/wp-content\/uploads\/2025\/04\/Scherm%C2%ADafbeelding-2025-04-07-om-11.12.38.png?resize=1049%2C180&ssl=1",1049,180,true],"unipress-smartphone":["https:\/\/i0.wp.com\/newmobility.news\/wp-content\/uploads\/2025\/04\/Scherm%C2%ADafbeelding-2025-04-07-om-11.12.38.png?resize=1049%2C168&ssl=1",1049,168,true],"unipress-wide-screen":["https:\/\/i0.wp.com\/newmobility.news\/wp-content\/uploads\/2025\/04\/Scherm%C2%ADafbeelding-2025-04-07-om-11.12.38.png?resize=1049%2C180&ssl=1",1049,180,true]},"post_excerpt_stackable_v2":"<p>Two years after introducing the brand in its homeland, Sweden, and EV forerunner The Netherlands, and one year later in Norway, Chinese-Swedish Zeekr is targeting Belgium as the next European country for its expansion. In summer, together with the official launch of its luxury SUV 7X in Europe, tThis content has been archived. Log in or Subscribe to a level that has access to archived content.<\/p>\n","category_list_v2":"<a href=\"https:\/\/newmobility.news\/fr\/category\/belgium\/\" rel=\"category tag\">Belgium<\/a>, <a href=\"https:\/\/newmobility.news\/fr\/category\/europe\/\" rel=\"category tag\">Europe<\/a>, <a href=\"https:\/\/newmobility.news\/fr\/category\/market\/\" rel=\"category tag\">Market<\/a>, <a href=\"https:\/\/newmobility.news\/fr\/category\/product\/\" rel=\"category tag\">Product<\/a>, <a href=\"https:\/\/newmobility.news\/fr\/category\/top-stories-today\/\" rel=\"category tag\">Top Stories Today<\/a>","author_info_v2":{"name":"Joris Van Roy","url":"https:\/\/newmobility.news\/fr\/author\/jorisximcom-be\/"},"comments_num_v2":"0 comments","yoast_head":"<!-- This site is optimized with the Yoast SEO plugin v27.5 - https:\/\/yoast.com\/product\/yoast-seo-wordpress\/ -->\n<title>Belgium next on wish list Geely&#039;s premium brand Zeekr - newmobility.news<\/title>\n<meta name=\"robots\" content=\"index, follow, max-snippet:-1, max-image-preview:large, max-video-preview:-1\" \/>\n<link rel=\"canonical\" href=\"https:\/\/newmobility.news\/fr\/2025\/04\/07\/belgium-next-on-wishlist-geelys-premium-brand-zeekr\/\" \/>\n<meta property=\"og:locale\" content=\"fr_FR\" \/>\n<meta property=\"og:type\" content=\"article\" \/>\n<meta property=\"og:title\" content=\"Belgium next on wish list Geely&#039;s premium brand Zeekr - newmobility.news\" \/>\n<meta property=\"og:description\" content=\"Two years after introducing the brand in its homeland, Sweden, and EV forerunner The Netherlands, and one year later in Norway, Chinese-Swedish Zeekr is targeting Belgium as the next European country for its expansion. In summer, together with the official launch of its luxury SUV 7X in Europe, tThis content has been archived. Log in [&hellip;]\" \/>\n<meta property=\"og:url\" content=\"https:\/\/newmobility.news\/fr\/2025\/04\/07\/belgium-next-on-wishlist-geelys-premium-brand-zeekr\/\" \/>\n<meta property=\"og:site_name\" content=\"newmobility.news\" \/>\n<meta property=\"article:publisher\" content=\"https:\/\/www.facebook.com\/search\/top\/?q=newmobility.news\" \/>\n<meta property=\"article:published_time\" content=\"2025-04-07T09:24:47+00:00\" \/>\n<meta property=\"article:modified_time\" content=\"2025-04-07T09:55:26+00:00\" \/>\n<meta property=\"og:image\" content=\"https:\/\/newmobility.news\/wp-content\/uploads\/2025\/04\/Scherm\u00adafbeelding-2025-04-07-om-11.12.38.png\" \/>\n\t<meta property=\"og:image:width\" content=\"1049\" \/>\n\t<meta property=\"og:image:height\" content=\"641\" \/>\n\t<meta property=\"og:image:type\" content=\"image\/png\" \/>\n<meta name=\"author\" content=\"Joris Van Roy\" \/>\n<meta name=\"twitter:card\" content=\"summary_large_image\" \/>\n<meta name=\"twitter:creator\" content=\"@jorisvry\" \/>\n<meta name=\"twitter:site\" content=\"@jorisvry\" \/>\n<meta name=\"twitter:label1\" content=\"\u00c9crit par\" \/>\n\t<meta name=\"twitter:data1\" content=\"Joris Van Roy\" \/>\n\t<meta name=\"twitter:label2\" content=\"Dur\u00e9e de lecture est.\" \/>\n\t<meta name=\"twitter:data2\" content=\"4 minutes\" \/>\n<script type=\"application\/ld+json\" class=\"yoast-schema-graph\">{\"@context\":\"https:\\\/\\\/schema.org\",\"@graph\":[{\"@type\":\"Article\",\"@id\":\"https:\\\/\\\/newmobility.news\\\/2025\\\/04\\\/07\\\/belgium-next-on-wishlist-geelys-premium-brand-zeekr\\\/#article\",\"isPartOf\":{\"@id\":\"https:\\\/\\\/newmobility.news\\\/2025\\\/04\\\/07\\\/belgium-next-on-wishlist-geelys-premium-brand-zeekr\\\/\"},\"author\":{\"name\":\"Joris Van Roy\",\"@id\":\"https:\\\/\\\/newmobility.news\\\/#\\\/schema\\\/person\\\/c1ae99aef99238aa6a3d2e4fae62ca0d\"},\"headline\":\"Belgium next on wish list Geely&#8217;s premium brand Zeekr\",\"datePublished\":\"2025-04-07T09:24:47+00:00\",\"dateModified\":\"2025-04-07T09:55:26+00:00\",\"mainEntityOfPage\":{\"@id\":\"https:\\\/\\\/newmobility.news\\\/2025\\\/04\\\/07\\\/belgium-next-on-wishlist-geelys-premium-brand-zeekr\\\/\"},\"wordCount\":830,\"commentCount\":0,\"publisher\":{\"@id\":\"https:\\\/\\\/newmobility.news\\\/#organization\"},\"image\":{\"@id\":\"https:\\\/\\\/newmobility.news\\\/2025\\\/04\\\/07\\\/belgium-next-on-wishlist-geelys-premium-brand-zeekr\\\/#primaryimage\"},\"thumbnailUrl\":\"https:\\\/\\\/i0.wp.com\\\/newmobility.news\\\/wp-content\\\/uploads\\\/2025\\\/04\\\/Scherm%C2%ADafbeelding-2025-04-07-om-11.12.38.png?fit=1049%2C641&ssl=1\",\"articleSection\":[\"Belgium\",\"Europe\",\"Market\",\"Product\",\"Top Stories Today\"],\"inLanguage\":\"fr-BE\",\"potentialAction\":[{\"@type\":\"CommentAction\",\"name\":\"Comment\",\"target\":[\"https:\\\/\\\/newmobility.news\\\/2025\\\/04\\\/07\\\/belgium-next-on-wishlist-geelys-premium-brand-zeekr\\\/#respond\"]}]},{\"@type\":\"WebPage\",\"@id\":\"https:\\\/\\\/newmobility.news\\\/2025\\\/04\\\/07\\\/belgium-next-on-wishlist-geelys-premium-brand-zeekr\\\/\",\"url\":\"https:\\\/\\\/newmobility.news\\\/2025\\\/04\\\/07\\\/belgium-next-on-wishlist-geelys-premium-brand-zeekr\\\/\",\"name\":\"Belgium next on wish list Geely's premium brand Zeekr - newmobility.news\",\"isPartOf\":{\"@id\":\"https:\\\/\\\/newmobility.news\\\/#website\"},\"primaryImageOfPage\":{\"@id\":\"https:\\\/\\\/newmobility.news\\\/2025\\\/04\\\/07\\\/belgium-next-on-wishlist-geelys-premium-brand-zeekr\\\/#primaryimage\"},\"image\":{\"@id\":\"https:\\\/\\\/newmobility.news\\\/2025\\\/04\\\/07\\\/belgium-next-on-wishlist-geelys-premium-brand-zeekr\\\/#primaryimage\"},\"thumbnailUrl\":\"https:\\\/\\\/i0.wp.com\\\/newmobility.news\\\/wp-content\\\/uploads\\\/2025\\\/04\\\/Scherm%C2%ADafbeelding-2025-04-07-om-11.12.38.png?fit=1049%2C641&ssl=1\",\"datePublished\":\"2025-04-07T09:24:47+00:00\",\"dateModified\":\"2025-04-07T09:55:26+00:00\",\"breadcrumb\":{\"@id\":\"https:\\\/\\\/newmobility.news\\\/2025\\\/04\\\/07\\\/belgium-next-on-wishlist-geelys-premium-brand-zeekr\\\/#breadcrumb\"},\"inLanguage\":\"fr-BE\",\"potentialAction\":[{\"@type\":\"ReadAction\",\"target\":[\"https:\\\/\\\/newmobility.news\\\/2025\\\/04\\\/07\\\/belgium-next-on-wishlist-geelys-premium-brand-zeekr\\\/\"]}]},{\"@type\":\"ImageObject\",\"inLanguage\":\"fr-BE\",\"@id\":\"https:\\\/\\\/newmobility.news\\\/2025\\\/04\\\/07\\\/belgium-next-on-wishlist-geelys-premium-brand-zeekr\\\/#primaryimage\",\"url\":\"https:\\\/\\\/i0.wp.com\\\/newmobility.news\\\/wp-content\\\/uploads\\\/2025\\\/04\\\/Scherm%C2%ADafbeelding-2025-04-07-om-11.12.38.png?fit=1049%2C641&ssl=1\",\"contentUrl\":\"https:\\\/\\\/i0.wp.com\\\/newmobility.news\\\/wp-content\\\/uploads\\\/2025\\\/04\\\/Scherm%C2%ADafbeelding-2025-04-07-om-11.12.38.png?fit=1049%2C641&ssl=1\",\"width\":1049,\"height\":641,\"caption\":\"The Zeekr 7X is a large SUV in the premium D-segment, a segment that accounts for 15% of the market in Europe and will be important for the introduction in Belgium this summer \\\/Zeekr\"},{\"@type\":\"BreadcrumbList\",\"@id\":\"https:\\\/\\\/newmobility.news\\\/2025\\\/04\\\/07\\\/belgium-next-on-wishlist-geelys-premium-brand-zeekr\\\/#breadcrumb\",\"itemListElement\":[{\"@type\":\"ListItem\",\"position\":1,\"name\":\"Home\",\"item\":\"https:\\\/\\\/newmobility.news\\\/\"},{\"@type\":\"ListItem\",\"position\":2,\"name\":\"Belgium next on wish list Geely&#8217;s premium brand Zeekr\"}]},{\"@type\":\"WebSite\",\"@id\":\"https:\\\/\\\/newmobility.news\\\/#website\",\"url\":\"https:\\\/\\\/newmobility.news\\\/\",\"name\":\"newmobility.news\",\"description\":\"A B2BNews Agency\u00ae news service for mobility business proessional\",\"publisher\":{\"@id\":\"https:\\\/\\\/newmobility.news\\\/#organization\"},\"potentialAction\":[{\"@type\":\"SearchAction\",\"target\":{\"@type\":\"EntryPoint\",\"urlTemplate\":\"https:\\\/\\\/newmobility.news\\\/?s={search_term_string}\"},\"query-input\":{\"@type\":\"PropertyValueSpecification\",\"valueRequired\":true,\"valueName\":\"search_term_string\"}}],\"inLanguage\":\"fr-BE\"},{\"@type\":\"Organization\",\"@id\":\"https:\\\/\\\/newmobility.news\\\/#organization\",\"name\":\"B2BNews Agency\",\"url\":\"https:\\\/\\\/newmobility.news\\\/\",\"logo\":{\"@type\":\"ImageObject\",\"inLanguage\":\"fr-BE\",\"@id\":\"https:\\\/\\\/newmobility.news\\\/#\\\/schema\\\/logo\\\/image\\\/\",\"url\":\"https:\\\/\\\/newmobility.news\\\/wp-content\\\/uploads\\\/2018\\\/01\\\/b2bnews-agency-logo.png\",\"contentUrl\":\"https:\\\/\\\/newmobility.news\\\/wp-content\\\/uploads\\\/2018\\\/01\\\/b2bnews-agency-logo.png\",\"width\":\"581\",\"height\":\"117\",\"caption\":\"B2BNews Agency\"},\"image\":{\"@id\":\"https:\\\/\\\/newmobility.news\\\/#\\\/schema\\\/logo\\\/image\\\/\"},\"sameAs\":[\"https:\\\/\\\/www.facebook.com\\\/search\\\/top\\\/?q=newmobility.news\",\"https:\\\/\\\/x.com\\\/jorisvry\",\"https:\\\/\\\/www.linkedin.com\\\/in\\\/jorisvanroy\\\/\",\"https:\\\/\\\/nl.pinterest.com\\\/jorisvanroy\\\/\"]},{\"@type\":\"Person\",\"@id\":\"https:\\\/\\\/newmobility.news\\\/#\\\/schema\\\/person\\\/c1ae99aef99238aa6a3d2e4fae62ca0d\",\"name\":\"Joris Van Roy\",\"image\":{\"@type\":\"ImageObject\",\"inLanguage\":\"fr-BE\",\"@id\":\"https:\\\/\\\/secure.gravatar.com\\\/avatar\\\/b82919546c1cd9980bd2bc08f09d294c7cb92b3addd23cb9a4377a7b88b4349b?s=96&d=mm&r=g\",\"url\":\"https:\\\/\\\/secure.gravatar.com\\\/avatar\\\/b82919546c1cd9980bd2bc08f09d294c7cb92b3addd23cb9a4377a7b88b4349b?s=96&d=mm&r=g\",\"contentUrl\":\"https:\\\/\\\/secure.gravatar.com\\\/avatar\\\/b82919546c1cd9980bd2bc08f09d294c7cb92b3addd23cb9a4377a7b88b4349b?s=96&d=mm&r=g\",\"caption\":\"Joris Van Roy\"},\"url\":\"https:\\\/\\\/newmobility.news\\\/fr\\\/author\\\/jorisximcom-be\\\/\"}]}<\/script>\n<!-- \/ Yoast SEO plugin. -->","yoast_head_json":{"title":"La Belgique est la prochaine \u00e9tape sur la liste des souhaits de Zeekr, la marque haut de gamme de Geely - newmobility.news","robots":{"index":"index","follow":"follow","max-snippet":"max-snippet:-1","max-image-preview":"max-image-preview:large","max-video-preview":"max-video-preview:-1"},"canonical":"https:\/\/newmobility.news\/fr\/2025\/04\/07\/belgium-next-on-wishlist-geelys-premium-brand-zeekr\/","og_locale":"fr_FR","og_type":"article","og_title":"Belgium next on wish list Geely's premium brand Zeekr - newmobility.news","og_description":"Two years after introducing the brand in its homeland, Sweden, and EV forerunner The Netherlands, and one year later in Norway, Chinese-Swedish Zeekr is targeting Belgium as the next European country for its expansion. In summer, together with the official launch of its luxury SUV 7X in Europe, tThis content has been archived. Log in [&hellip;]","og_url":"https:\/\/newmobility.news\/fr\/2025\/04\/07\/belgium-next-on-wishlist-geelys-premium-brand-zeekr\/","og_site_name":"newmobility.news","article_publisher":"https:\/\/www.facebook.com\/search\/top\/?q=newmobility.news","article_published_time":"2025-04-07T09:24:47+00:00","article_modified_time":"2025-04-07T09:55:26+00:00","og_image":[{"width":1049,"height":641,"url":"https:\/\/newmobility.news\/wp-content\/uploads\/2025\/04\/Scherm\u00adafbeelding-2025-04-07-om-11.12.38.png","type":"image\/png"}],"author":"Joris Van Roy","twitter_card":"summary_large_image","twitter_creator":"@jorisvry","twitter_site":"@jorisvry","twitter_misc":{"\u00c9crit par":"Joris Van Roy","Dur\u00e9e de lecture est.":"4 minutes"},"schema":{"@context":"https:\/\/schema.org","@graph":[{"@type":"Article","@id":"https:\/\/newmobility.news\/2025\/04\/07\/belgium-next-on-wishlist-geelys-premium-brand-zeekr\/#article","isPartOf":{"@id":"https:\/\/newmobility.news\/2025\/04\/07\/belgium-next-on-wishlist-geelys-premium-brand-zeekr\/"},"author":{"name":"Joris Van Roy","@id":"https:\/\/newmobility.news\/#\/schema\/person\/c1ae99aef99238aa6a3d2e4fae62ca0d"},"headline":"Belgium next on wish list Geely&#8217;s premium brand Zeekr","datePublished":"2025-04-07T09:24:47+00:00","dateModified":"2025-04-07T09:55:26+00:00","mainEntityOfPage":{"@id":"https:\/\/newmobility.news\/2025\/04\/07\/belgium-next-on-wishlist-geelys-premium-brand-zeekr\/"},"wordCount":830,"commentCount":0,"publisher":{"@id":"https:\/\/newmobility.news\/#organization"},"image":{"@id":"https:\/\/newmobility.news\/2025\/04\/07\/belgium-next-on-wishlist-geelys-premium-brand-zeekr\/#primaryimage"},"thumbnailUrl":"https:\/\/i0.wp.com\/newmobility.news\/wp-content\/uploads\/2025\/04\/Scherm%C2%ADafbeelding-2025-04-07-om-11.12.38.png?fit=1049%2C641&ssl=1","articleSection":["Belgium","Europe","Market","Product","Top Stories Today"],"inLanguage":"fr-BE","potentialAction":[{"@type":"CommentAction","name":"Comment","target":["https:\/\/newmobility.news\/2025\/04\/07\/belgium-next-on-wishlist-geelys-premium-brand-zeekr\/#respond"]}]},{"@type":"WebPage","@id":"https:\/\/newmobility.news\/2025\/04\/07\/belgium-next-on-wishlist-geelys-premium-brand-zeekr\/","url":"https:\/\/newmobility.news\/2025\/04\/07\/belgium-next-on-wishlist-geelys-premium-brand-zeekr\/","name":"La Belgique est la prochaine \u00e9tape sur la liste des souhaits de Zeekr, la marque haut de gamme de Geely - newmobility.news","isPartOf":{"@id":"https:\/\/newmobility.news\/#website"},"primaryImageOfPage":{"@id":"https:\/\/newmobility.news\/2025\/04\/07\/belgium-next-on-wishlist-geelys-premium-brand-zeekr\/#primaryimage"},"image":{"@id":"https:\/\/newmobility.news\/2025\/04\/07\/belgium-next-on-wishlist-geelys-premium-brand-zeekr\/#primaryimage"},"thumbnailUrl":"https:\/\/i0.wp.com\/newmobility.news\/wp-content\/uploads\/2025\/04\/Scherm%C2%ADafbeelding-2025-04-07-om-11.12.38.png?fit=1049%2C641&ssl=1","datePublished":"2025-04-07T09:24:47+00:00","dateModified":"2025-04-07T09:55:26+00:00","breadcrumb":{"@id":"https:\/\/newmobility.news\/2025\/04\/07\/belgium-next-on-wishlist-geelys-premium-brand-zeekr\/#breadcrumb"},"inLanguage":"fr-BE","potentialAction":[{"@type":"ReadAction","target":["https:\/\/newmobility.news\/2025\/04\/07\/belgium-next-on-wishlist-geelys-premium-brand-zeekr\/"]}]},{"@type":"ImageObject","inLanguage":"fr-BE","@id":"https:\/\/newmobility.news\/2025\/04\/07\/belgium-next-on-wishlist-geelys-premium-brand-zeekr\/#primaryimage","url":"https:\/\/i0.wp.com\/newmobility.news\/wp-content\/uploads\/2025\/04\/Scherm%C2%ADafbeelding-2025-04-07-om-11.12.38.png?fit=1049%2C641&ssl=1","contentUrl":"https:\/\/i0.wp.com\/newmobility.news\/wp-content\/uploads\/2025\/04\/Scherm%C2%ADafbeelding-2025-04-07-om-11.12.38.png?fit=1049%2C641&ssl=1","width":1049,"height":641,"caption":"The Zeekr 7X is a large SUV in the premium D-segment, a segment that accounts for 15% of the market in Europe and will be important for the introduction in Belgium this summer \/Zeekr"},{"@type":"BreadcrumbList","@id":"https:\/\/newmobility.news\/2025\/04\/07\/belgium-next-on-wishlist-geelys-premium-brand-zeekr\/#breadcrumb","itemListElement":[{"@type":"ListItem","position":1,"name":"Home","item":"https:\/\/newmobility.news\/"},{"@type":"ListItem","position":2,"name":"Belgium next on wish list Geely&#8217;s premium brand Zeekr"}]},{"@type":"WebSite","@id":"https:\/\/newmobility.news\/#website","url":"https:\/\/newmobility.news\/","name":"nouveaumobilit\u00e9.actualit\u00e9s","description":"Un service d'information B2BNews Agency\u00ae destin\u00e9 aux professionnels de la mobilit\u00e9","publisher":{"@id":"https:\/\/newmobility.news\/#organization"},"potentialAction":[{"@type":"SearchAction","target":{"@type":"EntryPoint","urlTemplate":"https:\/\/newmobility.news\/?s={search_term_string}"},"query-input":{"@type":"PropertyValueSpecification","valueRequired":true,"valueName":"search_term_string"}}],"inLanguage":"fr-BE"},{"@type":"Organization","@id":"https:\/\/newmobility.news\/#organization","name":"Agence de presse B2BNews","url":"https:\/\/newmobility.news\/","logo":{"@type":"ImageObject","inLanguage":"fr-BE","@id":"https:\/\/newmobility.news\/#\/schema\/logo\/image\/","url":"https:\/\/newmobility.news\/wp-content\/uploads\/2018\/01\/b2bnews-agency-logo.png","contentUrl":"https:\/\/newmobility.news\/wp-content\/uploads\/2018\/01\/b2bnews-agency-logo.png","width":"581","height":"117","caption":"B2BNews Agency"},"image":{"@id":"https:\/\/newmobility.news\/#\/schema\/logo\/image\/"},"sameAs":["https:\/\/www.facebook.com\/search\/top\/?q=newmobility.news","https:\/\/x.com\/jorisvry","https:\/\/www.linkedin.com\/in\/jorisvanroy\/","https:\/\/nl.pinterest.com\/jorisvanroy\/"]},{"@type":"Person","@id":"https:\/\/newmobility.news\/#\/schema\/person\/c1ae99aef99238aa6a3d2e4fae62ca0d","name":"Joris Van Roy","image":{"@type":"ImageObject","inLanguage":"fr-BE","@id":"https:\/\/secure.gravatar.com\/avatar\/b82919546c1cd9980bd2bc08f09d294c7cb92b3addd23cb9a4377a7b88b4349b?s=96&d=mm&r=g","url":"https:\/\/secure.gravatar.com\/avatar\/b82919546c1cd9980bd2bc08f09d294c7cb92b3addd23cb9a4377a7b88b4349b?s=96&d=mm&r=g","contentUrl":"https:\/\/secure.gravatar.com\/avatar\/b82919546c1cd9980bd2bc08f09d294c7cb92b3addd23cb9a4377a7b88b4349b?s=96&d=mm&r=g","caption":"Joris Van Roy"},"url":"https:\/\/newmobility.news\/fr\/author\/jorisximcom-be\/"}]}},"jetpack_publicize_connections":[],"jetpack_featured_media_url":"https:\/\/i0.wp.com\/newmobility.news\/wp-content\/uploads\/2025\/04\/Scherm%C2%ADafbeelding-2025-04-07-om-11.12.38.png?fit=1049%2C641&ssl=1","jetpack_shortlink":"https:\/\/wp.me\/p9wJdU-H0b","jetpack_sharing_enabled":true,"jetpack_likes_enabled":true,"jetpack-related-posts":[],"_links":{"self":[{"href":"https:\/\/newmobility.news\/fr\/wp-json\/wp\/v2\/posts\/165303","targetHints":{"allow":["GET"]}}],"collection":[{"href":"https:\/\/newmobility.news\/fr\/wp-json\/wp\/v2\/posts"}],"about":[{"href":"https:\/\/newmobility.news\/fr\/wp-json\/wp\/v2\/types\/post"}],"author":[{"embeddable":true,"href":"https:\/\/newmobility.news\/fr\/wp-json\/wp\/v2\/users\/21"}],"replies":[{"embeddable":true,"href":"https:\/\/newmobility.news\/fr\/wp-json\/wp\/v2\/comments?post=165303"}],"version-history":[{"count":0,"href":"https:\/\/newmobility.news\/fr\/wp-json\/wp\/v2\/posts\/165303\/revisions"}],"wp:featuredmedia":[{"embeddable":true,"href":"https:\/\/newmobility.news\/fr\/wp-json\/wp\/v2\/media\/165328"}],"wp:attachment":[{"href":"https:\/\/newmobility.news\/fr\/wp-json\/wp\/v2\/media?parent=165303"}],"wp:term":[{"taxonomy":"category","embeddable":true,"href":"https:\/\/newmobility.news\/fr\/wp-json\/wp\/v2\/categories?post=165303"},{"taxonomy":"post_tag","embeddable":true,"href":"https:\/\/newmobility.news\/fr\/wp-json\/wp\/v2\/tags?post=165303"}],"curies":[{"name":"wp","href":"https:\/\/api.w.org\/{rel}","templated":true}]}}