{"id":165684,"date":"2025-04-15T12:23:26","date_gmt":"2025-04-15T10:23:26","guid":{"rendered":"https:\/\/newmobility.news\/?p=165684"},"modified":"2025-04-15T12:23:26","modified_gmt":"2025-04-15T10:23:26","slug":"man-starts-battery-production-in-nuremberg-invests-e150-million-extra","status":"publish","type":"post","link":"https:\/\/newmobility.news\/fr\/2025\/04\/15\/man-starts-battery-production-in-nuremberg-invests-e150-million-extra\/","title":{"rendered":"MAN d\u00e9marre la production de batteries \u00e0 Nuremberg et investit 150 millions d'euros suppl\u00e9mentaires"},"content":{"rendered":"MAN a lanc\u00e9 la production de batteries sur son site de Nuremberg (Allemagne) le vendredi 11 avril. L'entreprise a \u00e9galement annonc\u00e9 un investissement suppl\u00e9mentaire dans la production de batteries et de moteurs diesel afin d'assurer l'avenir \u00e0 long terme de l'usine et de pr\u00e9parer le lancement de la production en s\u00e9rie de ses camions en juin. Apr\u00e8s i<div class=\"leaky_paywall_message_wrap\"><div id=\"leaky_paywall_message\">Ce contenu a \u00e9t\u00e9 archiv\u00e9. <a href=\"https:\/\/newmobility.news\/fr\/subscription\/\">Connectez-vous ou inscrivez-vous<\/a> \u00e0 un niveau qui donne acc\u00e8s au contenu archiv\u00e9.<\/div><\/div>","protected":false},"excerpt":{"rendered":"<p>MAN launched battery production at its Nuremberg (Germany) site on Friday, April 11th. The company also announced an extra investment in battery and diesel engine production to secure the factory&#8217;s long-term future and prepare for the launch of the series production of its trucks in June. After iThis content has been archived. Log in or [&hellip;]<\/p>\n","protected":false},"author":876,"featured_media":165687,"comment_status":"open","ping_status":"closed","sticky":false,"template":"","format":"standard","meta":{"_acf_changed":false,"jetpack_post_was_ever_published":false,"_jetpack_newsletter_access":"","_jetpack_dont_email_post_to_subs":false,"_jetpack_newsletter_tier_id":0,"_jetpack_memberships_contains_paywalled_content":false,"_jetpack_memberships_contains_paid_content":false,"footnotes":"","jetpack_publicize_message":"","jetpack_publicize_feature_enabled":true,"jetpack_social_post_already_shared":true,"jetpack_social_options":{"image_generator_settings":{"template":"highway","default_image_id":0,"font":"","enabled":false},"version":2},"_wpas_customize_per_network":false},"categories":[77162,16,4,61],"tags":[],"class_list":["post-165684","post","type-post","status-publish","format-standard","has-post-thumbnail","hentry","category-batteries","category-industry","category-top-stories-today","category-transport"],"acf":[],"featured_image_urls_v2":{"full":["https:\/\/i0.wp.com\/newmobility.news\/wp-content\/uploads\/2025\/04\/e-p-sop-battery-nbg-20250411-scaled.jpg?fit=2560%2C1709&ssl=1",2560,1709,false],"thumbnail":["https:\/\/i0.wp.com\/newmobility.news\/wp-content\/uploads\/2025\/04\/e-p-sop-battery-nbg-20250411-scaled.jpg?resize=150%2C150&ssl=1",150,150,true],"medium":["https:\/\/i0.wp.com\/newmobility.news\/wp-content\/uploads\/2025\/04\/e-p-sop-battery-nbg-20250411-scaled.jpg?fit=300%2C200&ssl=1",300,200,true],"medium_large":["https:\/\/i0.wp.com\/newmobility.news\/wp-content\/uploads\/2025\/04\/e-p-sop-battery-nbg-20250411-scaled.jpg?fit=640%2C427&ssl=1",640,427,true],"large":["https:\/\/i0.wp.com\/newmobility.news\/wp-content\/uploads\/2025\/04\/e-p-sop-battery-nbg-20250411-scaled.jpg?fit=640%2C428&ssl=1",640,428,true],"1536x1536":["https:\/\/i0.wp.com\/newmobility.news\/wp-content\/uploads\/2025\/04\/e-p-sop-battery-nbg-20250411-scaled.jpg?fit=1536%2C1025&ssl=1",1536,1025,true],"2048x2048":["https:\/\/i0.wp.com\/newmobility.news\/wp-content\/uploads\/2025\/04\/e-p-sop-battery-nbg-20250411-scaled.jpg?fit=2048%2C1367&ssl=1",2048,1367,true],"trp-custom-language-flag":["https:\/\/i0.wp.com\/newmobility.news\/wp-content\/uploads\/2025\/04\/e-p-sop-battery-nbg-20250411-scaled.jpg?fit=18%2C12&ssl=1",18,12,true],"related-thumb":["https:\/\/i0.wp.com\/newmobility.news\/wp-content\/uploads\/2025\/04\/e-p-sop-battery-nbg-20250411-scaled.jpg?resize=640%2C480&ssl=1",640,480,true],"gform-image-choice-sm":["https:\/\/i0.wp.com\/newmobility.news\/wp-content\/uploads\/2025\/04\/e-p-sop-battery-nbg-20250411-scaled.jpg?resize=300%2C300&ssl=1",300,300,true],"gform-image-choice-md":["https:\/\/i0.wp.com\/newmobility.news\/wp-content\/uploads\/2025\/04\/e-p-sop-battery-nbg-20250411-scaled.jpg?resize=400%2C400&ssl=1",400,400,true],"gform-image-choice-lg":["https:\/\/i0.wp.com\/newmobility.news\/wp-content\/uploads\/2025\/04\/e-p-sop-battery-nbg-20250411-scaled.jpg?resize=600%2C600&ssl=1",600,600,true],"mailchimp":["https:\/\/i0.wp.com\/newmobility.news\/wp-content\/uploads\/2025\/04\/e-p-sop-battery-nbg-20250411-scaled.jpg?fit=560%2C374&ssl=1",560,374,true],"unipress-phone":["https:\/\/i0.wp.com\/newmobility.news\/wp-content\/uploads\/2025\/04\/e-p-sop-battery-nbg-20250411-scaled.jpg?resize=640%2C100&ssl=1",640,100,true],"unipress-tablet":["https:\/\/i0.wp.com\/newmobility.news\/wp-content\/uploads\/2025\/04\/e-p-sop-battery-nbg-20250411-scaled.jpg?resize=1536%2C240&ssl=1",1536,240,true],"unipress-tablet-portrait":["https:\/\/i0.wp.com\/newmobility.news\/wp-content\/uploads\/2025\/04\/e-p-sop-battery-nbg-20250411-scaled.jpg?resize=1536%2C180&ssl=1",1536,180,true],"unipress-tablet-landscape":["https:\/\/i0.wp.com\/newmobility.news\/wp-content\/uploads\/2025\/04\/e-p-sop-battery-nbg-20250411-scaled.jpg?resize=2048%2C180&ssl=1",2048,180,true],"unipress-smartphone":["https:\/\/i0.wp.com\/newmobility.news\/wp-content\/uploads\/2025\/04\/e-p-sop-battery-nbg-20250411-scaled.jpg?resize=1080%2C168&ssl=1",1080,168,true],"unipress-wide-screen":["https:\/\/i0.wp.com\/newmobility.news\/wp-content\/uploads\/2025\/04\/e-p-sop-battery-nbg-20250411-scaled.jpg?resize=2560%2C180&ssl=1",2560,180,true]},"post_excerpt_stackable_v2":"<p>MAN launched battery production at its Nuremberg (Germany) site on Friday, April 11th. The company also announced an extra investment in battery and diesel engine production to secure the factory&#8217;s long-term future and prepare for the launch of the series production of its trucks in June. After iThis content has been archived. Log in or Subscribe to a level that has access to archived content.<\/p>\n","category_list_v2":"<a href=\"https:\/\/newmobility.news\/fr\/category\/batteries\/\" rel=\"category tag\">Batteries<\/a>, <a href=\"https:\/\/newmobility.news\/fr\/category\/industry\/\" rel=\"category tag\">Industry<\/a>, <a href=\"https:\/\/newmobility.news\/fr\/category\/top-stories-today\/\" rel=\"category tag\">Top Stories Today<\/a>, <a href=\"https:\/\/newmobility.news\/fr\/category\/transport\/\" rel=\"category tag\">Transport<\/a>","author_info_v2":{"name":"Yeelen M\u00f6ller","url":"https:\/\/newmobility.news\/fr\/author\/yeelenmhotmail-com\/"},"comments_num_v2":"0 comments","yoast_head":"<!-- This site is optimized with the Yoast SEO plugin v27.5 - https:\/\/yoast.com\/product\/yoast-seo-wordpress\/ -->\n<title>MAN starts battery production in Nuremberg, invests \u20ac150 million extra - newmobility.news<\/title>\n<meta name=\"robots\" content=\"index, follow, max-snippet:-1, max-image-preview:large, max-video-preview:-1\" \/>\n<link rel=\"canonical\" href=\"https:\/\/newmobility.news\/fr\/2025\/04\/15\/man-starts-battery-production-in-nuremberg-invests-e150-million-extra\/\" \/>\n<meta property=\"og:locale\" content=\"fr_FR\" \/>\n<meta property=\"og:type\" content=\"article\" \/>\n<meta property=\"og:title\" content=\"MAN starts battery production in Nuremberg, invests \u20ac150 million extra - newmobility.news\" \/>\n<meta property=\"og:description\" content=\"MAN launched battery production at its Nuremberg (Germany) site on Friday, April 11th. The company also announced an extra investment in battery and diesel engine production to secure the factory&#039;s long-term future and prepare for the launch of the series production of its trucks in June. After iThis content has been archived. Log in or [&hellip;]\" \/>\n<meta property=\"og:url\" content=\"https:\/\/newmobility.news\/fr\/2025\/04\/15\/man-starts-battery-production-in-nuremberg-invests-e150-million-extra\/\" \/>\n<meta property=\"og:site_name\" content=\"newmobility.news\" \/>\n<meta property=\"article:publisher\" content=\"https:\/\/www.facebook.com\/search\/top\/?q=newmobility.news\" \/>\n<meta property=\"article:published_time\" content=\"2025-04-15T10:23:26+00:00\" \/>\n<meta property=\"og:image\" content=\"https:\/\/newmobility.news\/wp-content\/uploads\/2025\/04\/e-p-sop-battery-nbg-20250411-scaled.jpg\" \/>\n\t<meta property=\"og:image:width\" content=\"2560\" \/>\n\t<meta property=\"og:image:height\" content=\"1709\" \/>\n\t<meta property=\"og:image:type\" content=\"image\/jpeg\" \/>\n<meta name=\"author\" content=\"Yeelen M\u00f6ller\" \/>\n<meta name=\"twitter:card\" content=\"summary_large_image\" \/>\n<meta name=\"twitter:creator\" content=\"@jorisvry\" \/>\n<meta name=\"twitter:site\" content=\"@jorisvry\" \/>\n<meta name=\"twitter:label1\" content=\"\u00c9crit par\" \/>\n\t<meta name=\"twitter:data1\" content=\"Yeelen M\u00f6ller\" \/>\n\t<meta name=\"twitter:label2\" content=\"Dur\u00e9e de lecture est.\" \/>\n\t<meta name=\"twitter:data2\" content=\"3 minutes\" \/>\n<script type=\"application\/ld+json\" class=\"yoast-schema-graph\">{\"@context\":\"https:\\\/\\\/schema.org\",\"@graph\":[{\"@type\":\"Article\",\"@id\":\"https:\\\/\\\/newmobility.news\\\/2025\\\/04\\\/15\\\/man-starts-battery-production-in-nuremberg-invests-e150-million-extra\\\/#article\",\"isPartOf\":{\"@id\":\"https:\\\/\\\/newmobility.news\\\/2025\\\/04\\\/15\\\/man-starts-battery-production-in-nuremberg-invests-e150-million-extra\\\/\"},\"author\":{\"name\":\"Yeelen M\u00f6ller\",\"@id\":\"https:\\\/\\\/newmobility.news\\\/#\\\/schema\\\/person\\\/3eeadfd7f121788397dc8c80516604ee\"},\"headline\":\"MAN starts battery production in Nuremberg, invests \u20ac150 million extra\",\"datePublished\":\"2025-04-15T10:23:26+00:00\",\"mainEntityOfPage\":{\"@id\":\"https:\\\/\\\/newmobility.news\\\/2025\\\/04\\\/15\\\/man-starts-battery-production-in-nuremberg-invests-e150-million-extra\\\/\"},\"wordCount\":435,\"commentCount\":0,\"publisher\":{\"@id\":\"https:\\\/\\\/newmobility.news\\\/#organization\"},\"image\":{\"@id\":\"https:\\\/\\\/newmobility.news\\\/2025\\\/04\\\/15\\\/man-starts-battery-production-in-nuremberg-invests-e150-million-extra\\\/#primaryimage\"},\"thumbnailUrl\":\"https:\\\/\\\/i0.wp.com\\\/newmobility.news\\\/wp-content\\\/uploads\\\/2025\\\/04\\\/e-p-sop-battery-nbg-20250411-scaled.jpg?fit=2560%2C1709&ssl=1\",\"articleSection\":[\"Batteries\",\"Industry\",\"Top Stories Today\",\"Transport\"],\"inLanguage\":\"fr-BE\",\"potentialAction\":[{\"@type\":\"CommentAction\",\"name\":\"Comment\",\"target\":[\"https:\\\/\\\/newmobility.news\\\/2025\\\/04\\\/15\\\/man-starts-battery-production-in-nuremberg-invests-e150-million-extra\\\/#respond\"]}]},{\"@type\":\"WebPage\",\"@id\":\"https:\\\/\\\/newmobility.news\\\/2025\\\/04\\\/15\\\/man-starts-battery-production-in-nuremberg-invests-e150-million-extra\\\/\",\"url\":\"https:\\\/\\\/newmobility.news\\\/2025\\\/04\\\/15\\\/man-starts-battery-production-in-nuremberg-invests-e150-million-extra\\\/\",\"name\":\"MAN starts battery production in Nuremberg, invests \u20ac150 million extra - newmobility.news\",\"isPartOf\":{\"@id\":\"https:\\\/\\\/newmobility.news\\\/#website\"},\"primaryImageOfPage\":{\"@id\":\"https:\\\/\\\/newmobility.news\\\/2025\\\/04\\\/15\\\/man-starts-battery-production-in-nuremberg-invests-e150-million-extra\\\/#primaryimage\"},\"image\":{\"@id\":\"https:\\\/\\\/newmobility.news\\\/2025\\\/04\\\/15\\\/man-starts-battery-production-in-nuremberg-invests-e150-million-extra\\\/#primaryimage\"},\"thumbnailUrl\":\"https:\\\/\\\/i0.wp.com\\\/newmobility.news\\\/wp-content\\\/uploads\\\/2025\\\/04\\\/e-p-sop-battery-nbg-20250411-scaled.jpg?fit=2560%2C1709&ssl=1\",\"datePublished\":\"2025-04-15T10:23:26+00:00\",\"breadcrumb\":{\"@id\":\"https:\\\/\\\/newmobility.news\\\/2025\\\/04\\\/15\\\/man-starts-battery-production-in-nuremberg-invests-e150-million-extra\\\/#breadcrumb\"},\"inLanguage\":\"fr-BE\",\"potentialAction\":[{\"@type\":\"ReadAction\",\"target\":[\"https:\\\/\\\/newmobility.news\\\/2025\\\/04\\\/15\\\/man-starts-battery-production-in-nuremberg-invests-e150-million-extra\\\/\"]}]},{\"@type\":\"ImageObject\",\"inLanguage\":\"fr-BE\",\"@id\":\"https:\\\/\\\/newmobility.news\\\/2025\\\/04\\\/15\\\/man-starts-battery-production-in-nuremberg-invests-e150-million-extra\\\/#primaryimage\",\"url\":\"https:\\\/\\\/i0.wp.com\\\/newmobility.news\\\/wp-content\\\/uploads\\\/2025\\\/04\\\/e-p-sop-battery-nbg-20250411-scaled.jpg?fit=2560%2C1709&ssl=1\",\"contentUrl\":\"https:\\\/\\\/i0.wp.com\\\/newmobility.news\\\/wp-content\\\/uploads\\\/2025\\\/04\\\/e-p-sop-battery-nbg-20250411-scaled.jpg?fit=2560%2C1709&ssl=1\",\"width\":2560,\"height\":1709,\"caption\":\"At the start of battery series production at MAN's Nuremberg site: Minister of State Hubert Aiwanger, Michael Kobriger, MAN Executive Board Member for Production and Logistics, MAN CEO Alexander Vlaskamp, Bavarian Minister President Dr. Markus S\u00f6der, Markus Wansch, Chairman of the Works Council at the Nuremberg site and Dr. Frederik Zohm, MAN Executive Board Member for Research and Development \\\/MAN Truck & Bus\"},{\"@type\":\"BreadcrumbList\",\"@id\":\"https:\\\/\\\/newmobility.news\\\/2025\\\/04\\\/15\\\/man-starts-battery-production-in-nuremberg-invests-e150-million-extra\\\/#breadcrumb\",\"itemListElement\":[{\"@type\":\"ListItem\",\"position\":1,\"name\":\"Home\",\"item\":\"https:\\\/\\\/newmobility.news\\\/\"},{\"@type\":\"ListItem\",\"position\":2,\"name\":\"MAN starts battery production in Nuremberg, invests \u20ac150 million extra\"}]},{\"@type\":\"WebSite\",\"@id\":\"https:\\\/\\\/newmobility.news\\\/#website\",\"url\":\"https:\\\/\\\/newmobility.news\\\/\",\"name\":\"newmobility.news\",\"description\":\"A B2BNews Agency\u00ae news service for mobility business proessional\",\"publisher\":{\"@id\":\"https:\\\/\\\/newmobility.news\\\/#organization\"},\"potentialAction\":[{\"@type\":\"SearchAction\",\"target\":{\"@type\":\"EntryPoint\",\"urlTemplate\":\"https:\\\/\\\/newmobility.news\\\/?s={search_term_string}\"},\"query-input\":{\"@type\":\"PropertyValueSpecification\",\"valueRequired\":true,\"valueName\":\"search_term_string\"}}],\"inLanguage\":\"fr-BE\"},{\"@type\":\"Organization\",\"@id\":\"https:\\\/\\\/newmobility.news\\\/#organization\",\"name\":\"B2BNews Agency\",\"url\":\"https:\\\/\\\/newmobility.news\\\/\",\"logo\":{\"@type\":\"ImageObject\",\"inLanguage\":\"fr-BE\",\"@id\":\"https:\\\/\\\/newmobility.news\\\/#\\\/schema\\\/logo\\\/image\\\/\",\"url\":\"https:\\\/\\\/newmobility.news\\\/wp-content\\\/uploads\\\/2018\\\/01\\\/b2bnews-agency-logo.png\",\"contentUrl\":\"https:\\\/\\\/newmobility.news\\\/wp-content\\\/uploads\\\/2018\\\/01\\\/b2bnews-agency-logo.png\",\"width\":\"581\",\"height\":\"117\",\"caption\":\"B2BNews Agency\"},\"image\":{\"@id\":\"https:\\\/\\\/newmobility.news\\\/#\\\/schema\\\/logo\\\/image\\\/\"},\"sameAs\":[\"https:\\\/\\\/www.facebook.com\\\/search\\\/top\\\/?q=newmobility.news\",\"https:\\\/\\\/x.com\\\/jorisvry\",\"https:\\\/\\\/www.linkedin.com\\\/in\\\/jorisvanroy\\\/\",\"https:\\\/\\\/nl.pinterest.com\\\/jorisvanroy\\\/\"]},{\"@type\":\"Person\",\"@id\":\"https:\\\/\\\/newmobility.news\\\/#\\\/schema\\\/person\\\/3eeadfd7f121788397dc8c80516604ee\",\"name\":\"Yeelen M\u00f6ller\",\"image\":{\"@type\":\"ImageObject\",\"inLanguage\":\"fr-BE\",\"@id\":\"https:\\\/\\\/secure.gravatar.com\\\/avatar\\\/dcc7b7a3333f503cecd070ec7fa547bc999b9caea01fdd878a8c137081466f4a?s=96&d=mm&r=g\",\"url\":\"https:\\\/\\\/secure.gravatar.com\\\/avatar\\\/dcc7b7a3333f503cecd070ec7fa547bc999b9caea01fdd878a8c137081466f4a?s=96&d=mm&r=g\",\"contentUrl\":\"https:\\\/\\\/secure.gravatar.com\\\/avatar\\\/dcc7b7a3333f503cecd070ec7fa547bc999b9caea01fdd878a8c137081466f4a?s=96&d=mm&r=g\",\"caption\":\"Yeelen M\u00f6ller\"},\"url\":\"https:\\\/\\\/newmobility.news\\\/fr\\\/author\\\/yeelenmhotmail-com\\\/\"}]}<\/script>\n<!-- \/ Yoast SEO plugin. -->","yoast_head_json":{"title":"MAN d\u00e9marre la production de batteries \u00e0 Nuremberg et investit 150 millions d'euros suppl\u00e9mentaires - newmobility.news","robots":{"index":"index","follow":"follow","max-snippet":"max-snippet:-1","max-image-preview":"max-image-preview:large","max-video-preview":"max-video-preview:-1"},"canonical":"https:\/\/newmobility.news\/fr\/2025\/04\/15\/man-starts-battery-production-in-nuremberg-invests-e150-million-extra\/","og_locale":"fr_FR","og_type":"article","og_title":"MAN starts battery production in Nuremberg, invests \u20ac150 million extra - newmobility.news","og_description":"MAN launched battery production at its Nuremberg (Germany) site on Friday, April 11th. The company also announced an extra investment in battery and diesel engine production to secure the factory's long-term future and prepare for the launch of the series production of its trucks in June. After iThis content has been archived. Log in or [&hellip;]","og_url":"https:\/\/newmobility.news\/fr\/2025\/04\/15\/man-starts-battery-production-in-nuremberg-invests-e150-million-extra\/","og_site_name":"newmobility.news","article_publisher":"https:\/\/www.facebook.com\/search\/top\/?q=newmobility.news","article_published_time":"2025-04-15T10:23:26+00:00","og_image":[{"width":2560,"height":1709,"url":"https:\/\/newmobility.news\/wp-content\/uploads\/2025\/04\/e-p-sop-battery-nbg-20250411-scaled.jpg","type":"image\/jpeg"}],"author":"Yeelen M\u00f6ller","twitter_card":"summary_large_image","twitter_creator":"@jorisvry","twitter_site":"@jorisvry","twitter_misc":{"\u00c9crit par":"Yeelen M\u00f6ller","Dur\u00e9e de lecture est.":"3 minutes"},"schema":{"@context":"https:\/\/schema.org","@graph":[{"@type":"Article","@id":"https:\/\/newmobility.news\/2025\/04\/15\/man-starts-battery-production-in-nuremberg-invests-e150-million-extra\/#article","isPartOf":{"@id":"https:\/\/newmobility.news\/2025\/04\/15\/man-starts-battery-production-in-nuremberg-invests-e150-million-extra\/"},"author":{"name":"Yeelen M\u00f6ller","@id":"https:\/\/newmobility.news\/#\/schema\/person\/3eeadfd7f121788397dc8c80516604ee"},"headline":"MAN starts battery production in Nuremberg, invests \u20ac150 million extra","datePublished":"2025-04-15T10:23:26+00:00","mainEntityOfPage":{"@id":"https:\/\/newmobility.news\/2025\/04\/15\/man-starts-battery-production-in-nuremberg-invests-e150-million-extra\/"},"wordCount":435,"commentCount":0,"publisher":{"@id":"https:\/\/newmobility.news\/#organization"},"image":{"@id":"https:\/\/newmobility.news\/2025\/04\/15\/man-starts-battery-production-in-nuremberg-invests-e150-million-extra\/#primaryimage"},"thumbnailUrl":"https:\/\/i0.wp.com\/newmobility.news\/wp-content\/uploads\/2025\/04\/e-p-sop-battery-nbg-20250411-scaled.jpg?fit=2560%2C1709&ssl=1","articleSection":["Batteries","Industry","Top Stories Today","Transport"],"inLanguage":"fr-BE","potentialAction":[{"@type":"CommentAction","name":"Comment","target":["https:\/\/newmobility.news\/2025\/04\/15\/man-starts-battery-production-in-nuremberg-invests-e150-million-extra\/#respond"]}]},{"@type":"WebPage","@id":"https:\/\/newmobility.news\/2025\/04\/15\/man-starts-battery-production-in-nuremberg-invests-e150-million-extra\/","url":"https:\/\/newmobility.news\/2025\/04\/15\/man-starts-battery-production-in-nuremberg-invests-e150-million-extra\/","name":"MAN d\u00e9marre la production de batteries \u00e0 Nuremberg et investit 150 millions d'euros suppl\u00e9mentaires - newmobility.news","isPartOf":{"@id":"https:\/\/newmobility.news\/#website"},"primaryImageOfPage":{"@id":"https:\/\/newmobility.news\/2025\/04\/15\/man-starts-battery-production-in-nuremberg-invests-e150-million-extra\/#primaryimage"},"image":{"@id":"https:\/\/newmobility.news\/2025\/04\/15\/man-starts-battery-production-in-nuremberg-invests-e150-million-extra\/#primaryimage"},"thumbnailUrl":"https:\/\/i0.wp.com\/newmobility.news\/wp-content\/uploads\/2025\/04\/e-p-sop-battery-nbg-20250411-scaled.jpg?fit=2560%2C1709&ssl=1","datePublished":"2025-04-15T10:23:26+00:00","breadcrumb":{"@id":"https:\/\/newmobility.news\/2025\/04\/15\/man-starts-battery-production-in-nuremberg-invests-e150-million-extra\/#breadcrumb"},"inLanguage":"fr-BE","potentialAction":[{"@type":"ReadAction","target":["https:\/\/newmobility.news\/2025\/04\/15\/man-starts-battery-production-in-nuremberg-invests-e150-million-extra\/"]}]},{"@type":"ImageObject","inLanguage":"fr-BE","@id":"https:\/\/newmobility.news\/2025\/04\/15\/man-starts-battery-production-in-nuremberg-invests-e150-million-extra\/#primaryimage","url":"https:\/\/i0.wp.com\/newmobility.news\/wp-content\/uploads\/2025\/04\/e-p-sop-battery-nbg-20250411-scaled.jpg?fit=2560%2C1709&ssl=1","contentUrl":"https:\/\/i0.wp.com\/newmobility.news\/wp-content\/uploads\/2025\/04\/e-p-sop-battery-nbg-20250411-scaled.jpg?fit=2560%2C1709&ssl=1","width":2560,"height":1709,"caption":"At the start of battery series production at MAN's Nuremberg site: Minister of State Hubert Aiwanger, Michael Kobriger, MAN Executive Board Member for Production and Logistics, MAN CEO Alexander Vlaskamp, Bavarian Minister President Dr. Markus S\u00f6der, Markus Wansch, Chairman of the Works Council at the Nuremberg site and Dr. Frederik Zohm, MAN Executive Board Member for Research and Development \/MAN Truck & Bus"},{"@type":"BreadcrumbList","@id":"https:\/\/newmobility.news\/2025\/04\/15\/man-starts-battery-production-in-nuremberg-invests-e150-million-extra\/#breadcrumb","itemListElement":[{"@type":"ListItem","position":1,"name":"Home","item":"https:\/\/newmobility.news\/"},{"@type":"ListItem","position":2,"name":"MAN starts battery production in Nuremberg, invests \u20ac150 million extra"}]},{"@type":"WebSite","@id":"https:\/\/newmobility.news\/#website","url":"https:\/\/newmobility.news\/","name":"nouveaumobilit\u00e9.actualit\u00e9s","description":"Un service d'information B2BNews Agency\u00ae destin\u00e9 aux professionnels de la mobilit\u00e9","publisher":{"@id":"https:\/\/newmobility.news\/#organization"},"potentialAction":[{"@type":"SearchAction","target":{"@type":"EntryPoint","urlTemplate":"https:\/\/newmobility.news\/?s={search_term_string}"},"query-input":{"@type":"PropertyValueSpecification","valueRequired":true,"valueName":"search_term_string"}}],"inLanguage":"fr-BE"},{"@type":"Organization","@id":"https:\/\/newmobility.news\/#organization","name":"Agence de presse B2BNews","url":"https:\/\/newmobility.news\/","logo":{"@type":"ImageObject","inLanguage":"fr-BE","@id":"https:\/\/newmobility.news\/#\/schema\/logo\/image\/","url":"https:\/\/newmobility.news\/wp-content\/uploads\/2018\/01\/b2bnews-agency-logo.png","contentUrl":"https:\/\/newmobility.news\/wp-content\/uploads\/2018\/01\/b2bnews-agency-logo.png","width":"581","height":"117","caption":"B2BNews Agency"},"image":{"@id":"https:\/\/newmobility.news\/#\/schema\/logo\/image\/"},"sameAs":["https:\/\/www.facebook.com\/search\/top\/?q=newmobility.news","https:\/\/x.com\/jorisvry","https:\/\/www.linkedin.com\/in\/jorisvanroy\/","https:\/\/nl.pinterest.com\/jorisvanroy\/"]},{"@type":"Person","@id":"https:\/\/newmobility.news\/#\/schema\/person\/3eeadfd7f121788397dc8c80516604ee","name":"Yeelen M\u00f6ller","image":{"@type":"ImageObject","inLanguage":"fr-BE","@id":"https:\/\/secure.gravatar.com\/avatar\/dcc7b7a3333f503cecd070ec7fa547bc999b9caea01fdd878a8c137081466f4a?s=96&d=mm&r=g","url":"https:\/\/secure.gravatar.com\/avatar\/dcc7b7a3333f503cecd070ec7fa547bc999b9caea01fdd878a8c137081466f4a?s=96&d=mm&r=g","contentUrl":"https:\/\/secure.gravatar.com\/avatar\/dcc7b7a3333f503cecd070ec7fa547bc999b9caea01fdd878a8c137081466f4a?s=96&d=mm&r=g","caption":"Yeelen M\u00f6ller"},"url":"https:\/\/newmobility.news\/fr\/author\/yeelenmhotmail-com\/"}]}},"jetpack_publicize_connections":[],"jetpack_featured_media_url":"https:\/\/i0.wp.com\/newmobility.news\/wp-content\/uploads\/2025\/04\/e-p-sop-battery-nbg-20250411-scaled.jpg?fit=2560%2C1709&ssl=1","jetpack_shortlink":"https:\/\/wp.me\/p9wJdU-H6k","jetpack_sharing_enabled":true,"jetpack_likes_enabled":true,"jetpack-related-posts":[],"_links":{"self":[{"href":"https:\/\/newmobility.news\/fr\/wp-json\/wp\/v2\/posts\/165684","targetHints":{"allow":["GET"]}}],"collection":[{"href":"https:\/\/newmobility.news\/fr\/wp-json\/wp\/v2\/posts"}],"about":[{"href":"https:\/\/newmobility.news\/fr\/wp-json\/wp\/v2\/types\/post"}],"author":[{"embeddable":true,"href":"https:\/\/newmobility.news\/fr\/wp-json\/wp\/v2\/users\/876"}],"replies":[{"embeddable":true,"href":"https:\/\/newmobility.news\/fr\/wp-json\/wp\/v2\/comments?post=165684"}],"version-history":[{"count":0,"href":"https:\/\/newmobility.news\/fr\/wp-json\/wp\/v2\/posts\/165684\/revisions"}],"wp:featuredmedia":[{"embeddable":true,"href":"https:\/\/newmobility.news\/fr\/wp-json\/wp\/v2\/media\/165687"}],"wp:attachment":[{"href":"https:\/\/newmobility.news\/fr\/wp-json\/wp\/v2\/media?parent=165684"}],"wp:term":[{"taxonomy":"category","embeddable":true,"href":"https:\/\/newmobility.news\/fr\/wp-json\/wp\/v2\/categories?post=165684"},{"taxonomy":"post_tag","embeddable":true,"href":"https:\/\/newmobility.news\/fr\/wp-json\/wp\/v2\/tags?post=165684"}],"curies":[{"name":"wp","href":"https:\/\/api.w.org\/{rel}","templated":true}]}}