{"id":165901,"date":"2025-04-22T11:26:47","date_gmt":"2025-04-22T09:26:47","guid":{"rendered":"https:\/\/newmobility.news\/?p=165901"},"modified":"2025-04-25T11:57:13","modified_gmt":"2025-04-25T09:57:13","slug":"brussels-airports-e500-million-expansion-overlooking-environment","status":"publish","type":"post","link":"https:\/\/newmobility.news\/fr\/2025\/04\/22\/brussels-airports-e500-million-expansion-overlooking-environment\/","title":{"rendered":"L'extension de 500 millions d'euros de l'a\u00e9roport de Bruxelles au d\u00e9triment de l'environnement ?"},"content":{"rendered":"L'a\u00e9roport de Bruxelles va investir un demi-milliard d'euros dans ses infrastructures afin de faire face \u00e0 l'augmentation du nombre de passagers pr\u00e9vue dans les ann\u00e9es \u00e0 venir. Le projet comprend la construction d'un nouveau hub intermodal, l'agrandissement du hall des d\u00e9parts et des arriv\u00e9es, un nouvel h\u00f4tel, une nouvelle zone de d\u00e9pose-minute et un boulevard vert.<div class=\"leaky_paywall_message_wrap\"><div id=\"leaky_paywall_message\">Ce contenu a \u00e9t\u00e9 archiv\u00e9. <a href=\"https:\/\/newmobility.news\/fr\/subscription\/\">Connectez-vous ou inscrivez-vous<\/a> \u00e0 un niveau qui donne acc\u00e8s au contenu archiv\u00e9.<\/div><\/div>","protected":false},"excerpt":{"rendered":"<p>Brussels Airport will invest half a billion euros in infrastructure to accommodate the passenger growth expected in the coming years. The project involves the construction of a new intermodal hub, an expansion of the departure and arrival hall, a new hotel, a new drop-off zone, and a green boulevardThis content has been archived. Log in [&hellip;]<\/p>\n","protected":false},"author":164,"featured_media":165927,"comment_status":"open","ping_status":"closed","sticky":false,"template":"","format":"standard","meta":{"_acf_changed":false,"jetpack_post_was_ever_published":false,"_jetpack_newsletter_access":"","_jetpack_dont_email_post_to_subs":false,"_jetpack_newsletter_tier_id":0,"_jetpack_memberships_contains_paywalled_content":false,"_jetpack_memberships_contains_paid_content":false,"footnotes":"","jetpack_publicize_message":"","jetpack_publicize_feature_enabled":true,"jetpack_social_post_already_shared":true,"jetpack_social_options":{"image_generator_settings":{"template":"highway","default_image_id":0,"font":"","enabled":false},"version":2},"_wpas_customize_per_network":false},"categories":[77152,77170,29,51851,7,4,17],"tags":[],"class_list":["post-165901","post","type-post","status-publish","format-standard","has-post-thumbnail","hentry","category-aviation","category-belgium","category-environment","category-health","category-mobility","category-top-stories-today","category-weekly-newsletter"],"acf":[],"featured_image_urls_v2":{"full":["https:\/\/i0.wp.com\/newmobility.news\/wp-content\/uploads\/2025\/04\/2025affb686e8ad715d45ff41539d13d468b9d89.png?fit=2560%2C1096&ssl=1",2560,1096,false],"thumbnail":["https:\/\/i0.wp.com\/newmobility.news\/wp-content\/uploads\/2025\/04\/2025affb686e8ad715d45ff41539d13d468b9d89.png?resize=150%2C150&ssl=1",150,150,true],"medium":["https:\/\/i0.wp.com\/newmobility.news\/wp-content\/uploads\/2025\/04\/2025affb686e8ad715d45ff41539d13d468b9d89.png?fit=300%2C128&ssl=1",300,128,true],"medium_large":["https:\/\/i0.wp.com\/newmobility.news\/wp-content\/uploads\/2025\/04\/2025affb686e8ad715d45ff41539d13d468b9d89.png?fit=640%2C274&ssl=1",640,274,true],"large":["https:\/\/i0.wp.com\/newmobility.news\/wp-content\/uploads\/2025\/04\/2025affb686e8ad715d45ff41539d13d468b9d89.png?fit=640%2C274&ssl=1",640,274,true],"1536x1536":["https:\/\/i0.wp.com\/newmobility.news\/wp-content\/uploads\/2025\/04\/2025affb686e8ad715d45ff41539d13d468b9d89.png?fit=1536%2C658&ssl=1",1536,658,true],"2048x2048":["https:\/\/i0.wp.com\/newmobility.news\/wp-content\/uploads\/2025\/04\/2025affb686e8ad715d45ff41539d13d468b9d89.png?fit=2048%2C877&ssl=1",2048,877,true],"trp-custom-language-flag":["https:\/\/i0.wp.com\/newmobility.news\/wp-content\/uploads\/2025\/04\/2025affb686e8ad715d45ff41539d13d468b9d89.png?fit=18%2C8&ssl=1",18,8,true],"related-thumb":["https:\/\/i0.wp.com\/newmobility.news\/wp-content\/uploads\/2025\/04\/2025affb686e8ad715d45ff41539d13d468b9d89.png?resize=640%2C480&ssl=1",640,480,true],"gform-image-choice-sm":["https:\/\/i0.wp.com\/newmobility.news\/wp-content\/uploads\/2025\/04\/2025affb686e8ad715d45ff41539d13d468b9d89.png?resize=300%2C300&ssl=1",300,300,true],"gform-image-choice-md":["https:\/\/i0.wp.com\/newmobility.news\/wp-content\/uploads\/2025\/04\/2025affb686e8ad715d45ff41539d13d468b9d89.png?resize=400%2C400&ssl=1",400,400,true],"gform-image-choice-lg":["https:\/\/i0.wp.com\/newmobility.news\/wp-content\/uploads\/2025\/04\/2025affb686e8ad715d45ff41539d13d468b9d89.png?resize=600%2C600&ssl=1",600,600,true],"mailchimp":["https:\/\/i0.wp.com\/newmobility.news\/wp-content\/uploads\/2025\/04\/2025affb686e8ad715d45ff41539d13d468b9d89.png?fit=560%2C240&ssl=1",560,240,true],"unipress-phone":["https:\/\/i0.wp.com\/newmobility.news\/wp-content\/uploads\/2025\/04\/2025affb686e8ad715d45ff41539d13d468b9d89.png?resize=640%2C100&ssl=1",640,100,true],"unipress-tablet":["https:\/\/i0.wp.com\/newmobility.news\/wp-content\/uploads\/2025\/04\/2025affb686e8ad715d45ff41539d13d468b9d89.png?resize=1536%2C240&ssl=1",1536,240,true],"unipress-tablet-portrait":["https:\/\/i0.wp.com\/newmobility.news\/wp-content\/uploads\/2025\/04\/2025affb686e8ad715d45ff41539d13d468b9d89.png?resize=1536%2C180&ssl=1",1536,180,true],"unipress-tablet-landscape":["https:\/\/i0.wp.com\/newmobility.news\/wp-content\/uploads\/2025\/04\/2025affb686e8ad715d45ff41539d13d468b9d89.png?resize=2048%2C180&ssl=1",2048,180,true],"unipress-smartphone":["https:\/\/i0.wp.com\/newmobility.news\/wp-content\/uploads\/2025\/04\/2025affb686e8ad715d45ff41539d13d468b9d89.png?resize=1080%2C168&ssl=1",1080,168,true],"unipress-wide-screen":["https:\/\/i0.wp.com\/newmobility.news\/wp-content\/uploads\/2025\/04\/2025affb686e8ad715d45ff41539d13d468b9d89.png?resize=2560%2C180&ssl=1",2560,180,true]},"post_excerpt_stackable_v2":"<p>Brussels Airport will invest half a billion euros in infrastructure to accommodate the passenger growth expected in the coming years. The project involves the construction of a new intermodal hub, an expansion of the departure and arrival hall, a new hotel, a new drop-off zone, and a green boulevardThis content has been archived. Log in or Subscribe to a level that has access to archived content.<\/p>\n","category_list_v2":"<a href=\"https:\/\/newmobility.news\/fr\/category\/aviation\/\" rel=\"category tag\">Aviation<\/a>, <a href=\"https:\/\/newmobility.news\/fr\/category\/belgium\/\" rel=\"category tag\">Belgium<\/a>, <a href=\"https:\/\/newmobility.news\/fr\/category\/environment\/\" rel=\"category tag\">Environment<\/a>, <a href=\"https:\/\/newmobility.news\/fr\/category\/health\/\" rel=\"category tag\">Health<\/a>, <a href=\"https:\/\/newmobility.news\/fr\/category\/mobility\/\" rel=\"category tag\">Mobility<\/a>, <a href=\"https:\/\/newmobility.news\/fr\/category\/top-stories-today\/\" rel=\"category tag\">Top Stories Today<\/a>, <a href=\"https:\/\/newmobility.news\/fr\/category\/weekly-newsletter\/\" rel=\"category tag\">Weekly Newsletter<\/a>","author_info_v2":{"name":"Luc Joris","url":"https:\/\/newmobility.news\/fr\/author\/belga-5\/"},"comments_num_v2":"0 comments","yoast_head":"<!-- This site is optimized with the Yoast SEO plugin v27.5 - https:\/\/yoast.com\/product\/yoast-seo-wordpress\/ -->\n<title>Brussels Airport&#039;s \u20ac500 million expansion overlooking environment? - newmobility.news<\/title>\n<meta name=\"robots\" content=\"index, follow, max-snippet:-1, max-image-preview:large, max-video-preview:-1\" \/>\n<link rel=\"canonical\" href=\"https:\/\/newmobility.news\/fr\/2025\/04\/22\/brussels-airports-e500-million-expansion-overlooking-environment\/\" \/>\n<meta property=\"og:locale\" content=\"fr_FR\" \/>\n<meta property=\"og:type\" content=\"article\" \/>\n<meta property=\"og:title\" content=\"Brussels Airport&#039;s \u20ac500 million expansion overlooking environment? - newmobility.news\" \/>\n<meta property=\"og:description\" content=\"Brussels Airport will invest half a billion euros in infrastructure to accommodate the passenger growth expected in the coming years. The project involves the construction of a new intermodal hub, an expansion of the departure and arrival hall, a new hotel, a new drop-off zone, and a green boulevardThis content has been archived. Log in [&hellip;]\" \/>\n<meta property=\"og:url\" content=\"https:\/\/newmobility.news\/fr\/2025\/04\/22\/brussels-airports-e500-million-expansion-overlooking-environment\/\" \/>\n<meta property=\"og:site_name\" content=\"newmobility.news\" \/>\n<meta property=\"article:publisher\" content=\"https:\/\/www.facebook.com\/search\/top\/?q=newmobility.news\" \/>\n<meta property=\"article:published_time\" content=\"2025-04-22T09:26:47+00:00\" \/>\n<meta property=\"article:modified_time\" content=\"2025-04-25T09:57:13+00:00\" \/>\n<meta property=\"og:image\" content=\"https:\/\/newmobility.news\/wp-content\/uploads\/2025\/04\/2025affb686e8ad715d45ff41539d13d468b9d89-1024x438.png\" \/>\n\t<meta property=\"og:image:width\" content=\"1024\" \/>\n\t<meta property=\"og:image:height\" content=\"438\" \/>\n\t<meta property=\"og:image:type\" content=\"image\/png\" \/>\n<meta name=\"author\" content=\"Luc Joris\" \/>\n<meta name=\"twitter:card\" content=\"summary_large_image\" \/>\n<meta name=\"twitter:creator\" content=\"@jorisvry\" \/>\n<meta name=\"twitter:site\" content=\"@jorisvry\" \/>\n<meta name=\"twitter:label1\" content=\"\u00c9crit par\" \/>\n\t<meta name=\"twitter:data1\" content=\"Luc Joris\" \/>\n\t<meta name=\"twitter:label2\" content=\"Dur\u00e9e de lecture est.\" \/>\n\t<meta name=\"twitter:data2\" content=\"4 minutes\" \/>\n<script type=\"application\/ld+json\" class=\"yoast-schema-graph\">{\"@context\":\"https:\\\/\\\/schema.org\",\"@graph\":[{\"@type\":\"Article\",\"@id\":\"https:\\\/\\\/newmobility.news\\\/2025\\\/04\\\/22\\\/brussels-airports-e500-million-expansion-overlooking-environment\\\/#article\",\"isPartOf\":{\"@id\":\"https:\\\/\\\/newmobility.news\\\/2025\\\/04\\\/22\\\/brussels-airports-e500-million-expansion-overlooking-environment\\\/\"},\"author\":{\"name\":\"Luc Joris\",\"@id\":\"https:\\\/\\\/newmobility.news\\\/#\\\/schema\\\/person\\\/a31e684b1039b4a94985a9aae156f28b\"},\"headline\":\"Brussels Airport&#8217;s \u20ac500 million expansion overlooking environment?\",\"datePublished\":\"2025-04-22T09:26:47+00:00\",\"dateModified\":\"2025-04-25T09:57:13+00:00\",\"mainEntityOfPage\":{\"@id\":\"https:\\\/\\\/newmobility.news\\\/2025\\\/04\\\/22\\\/brussels-airports-e500-million-expansion-overlooking-environment\\\/\"},\"wordCount\":719,\"commentCount\":0,\"publisher\":{\"@id\":\"https:\\\/\\\/newmobility.news\\\/#organization\"},\"image\":{\"@id\":\"https:\\\/\\\/newmobility.news\\\/2025\\\/04\\\/22\\\/brussels-airports-e500-million-expansion-overlooking-environment\\\/#primaryimage\"},\"thumbnailUrl\":\"https:\\\/\\\/i0.wp.com\\\/newmobility.news\\\/wp-content\\\/uploads\\\/2025\\\/04\\\/2025affb686e8ad715d45ff41539d13d468b9d89.png?fit=2560%2C1096&ssl=1\",\"articleSection\":[\"Aviation\",\"Belgium\",\"Environment\",\"Health\",\"Mobility\",\"Top Stories Today\",\"Weekly Newsletter\"],\"inLanguage\":\"fr-BE\",\"potentialAction\":[{\"@type\":\"CommentAction\",\"name\":\"Comment\",\"target\":[\"https:\\\/\\\/newmobility.news\\\/2025\\\/04\\\/22\\\/brussels-airports-e500-million-expansion-overlooking-environment\\\/#respond\"]}]},{\"@type\":\"WebPage\",\"@id\":\"https:\\\/\\\/newmobility.news\\\/2025\\\/04\\\/22\\\/brussels-airports-e500-million-expansion-overlooking-environment\\\/\",\"url\":\"https:\\\/\\\/newmobility.news\\\/2025\\\/04\\\/22\\\/brussels-airports-e500-million-expansion-overlooking-environment\\\/\",\"name\":\"Brussels Airport's \u20ac500 million expansion overlooking environment? - newmobility.news\",\"isPartOf\":{\"@id\":\"https:\\\/\\\/newmobility.news\\\/#website\"},\"primaryImageOfPage\":{\"@id\":\"https:\\\/\\\/newmobility.news\\\/2025\\\/04\\\/22\\\/brussels-airports-e500-million-expansion-overlooking-environment\\\/#primaryimage\"},\"image\":{\"@id\":\"https:\\\/\\\/newmobility.news\\\/2025\\\/04\\\/22\\\/brussels-airports-e500-million-expansion-overlooking-environment\\\/#primaryimage\"},\"thumbnailUrl\":\"https:\\\/\\\/i0.wp.com\\\/newmobility.news\\\/wp-content\\\/uploads\\\/2025\\\/04\\\/2025affb686e8ad715d45ff41539d13d468b9d89.png?fit=2560%2C1096&ssl=1\",\"datePublished\":\"2025-04-22T09:26:47+00:00\",\"dateModified\":\"2025-04-25T09:57:13+00:00\",\"breadcrumb\":{\"@id\":\"https:\\\/\\\/newmobility.news\\\/2025\\\/04\\\/22\\\/brussels-airports-e500-million-expansion-overlooking-environment\\\/#breadcrumb\"},\"inLanguage\":\"fr-BE\",\"potentialAction\":[{\"@type\":\"ReadAction\",\"target\":[\"https:\\\/\\\/newmobility.news\\\/2025\\\/04\\\/22\\\/brussels-airports-e500-million-expansion-overlooking-environment\\\/\"]}]},{\"@type\":\"ImageObject\",\"inLanguage\":\"fr-BE\",\"@id\":\"https:\\\/\\\/newmobility.news\\\/2025\\\/04\\\/22\\\/brussels-airports-e500-million-expansion-overlooking-environment\\\/#primaryimage\",\"url\":\"https:\\\/\\\/i0.wp.com\\\/newmobility.news\\\/wp-content\\\/uploads\\\/2025\\\/04\\\/2025affb686e8ad715d45ff41539d13d468b9d89.png?fit=2560%2C1096&ssl=1\",\"contentUrl\":\"https:\\\/\\\/i0.wp.com\\\/newmobility.news\\\/wp-content\\\/uploads\\\/2025\\\/04\\\/2025affb686e8ad715d45ff41539d13d468b9d89.png?fit=2560%2C1096&ssl=1\",\"width\":2560,\"height\":1096,\"caption\":\"Brussels Airport will invest half a billion euros to accommodate passenger growth, including the expansion of the departure and arrival hall \\\/Brussels Airport\"},{\"@type\":\"BreadcrumbList\",\"@id\":\"https:\\\/\\\/newmobility.news\\\/2025\\\/04\\\/22\\\/brussels-airports-e500-million-expansion-overlooking-environment\\\/#breadcrumb\",\"itemListElement\":[{\"@type\":\"ListItem\",\"position\":1,\"name\":\"Home\",\"item\":\"https:\\\/\\\/newmobility.news\\\/\"},{\"@type\":\"ListItem\",\"position\":2,\"name\":\"Brussels Airport&#8217;s \u20ac500 million expansion overlooking environment?\"}]},{\"@type\":\"WebSite\",\"@id\":\"https:\\\/\\\/newmobility.news\\\/#website\",\"url\":\"https:\\\/\\\/newmobility.news\\\/\",\"name\":\"newmobility.news\",\"description\":\"A B2BNews Agency\u00ae news service for mobility business proessional\",\"publisher\":{\"@id\":\"https:\\\/\\\/newmobility.news\\\/#organization\"},\"potentialAction\":[{\"@type\":\"SearchAction\",\"target\":{\"@type\":\"EntryPoint\",\"urlTemplate\":\"https:\\\/\\\/newmobility.news\\\/?s={search_term_string}\"},\"query-input\":{\"@type\":\"PropertyValueSpecification\",\"valueRequired\":true,\"valueName\":\"search_term_string\"}}],\"inLanguage\":\"fr-BE\"},{\"@type\":\"Organization\",\"@id\":\"https:\\\/\\\/newmobility.news\\\/#organization\",\"name\":\"B2BNews Agency\",\"url\":\"https:\\\/\\\/newmobility.news\\\/\",\"logo\":{\"@type\":\"ImageObject\",\"inLanguage\":\"fr-BE\",\"@id\":\"https:\\\/\\\/newmobility.news\\\/#\\\/schema\\\/logo\\\/image\\\/\",\"url\":\"https:\\\/\\\/newmobility.news\\\/wp-content\\\/uploads\\\/2018\\\/01\\\/b2bnews-agency-logo.png\",\"contentUrl\":\"https:\\\/\\\/newmobility.news\\\/wp-content\\\/uploads\\\/2018\\\/01\\\/b2bnews-agency-logo.png\",\"width\":\"581\",\"height\":\"117\",\"caption\":\"B2BNews Agency\"},\"image\":{\"@id\":\"https:\\\/\\\/newmobility.news\\\/#\\\/schema\\\/logo\\\/image\\\/\"},\"sameAs\":[\"https:\\\/\\\/www.facebook.com\\\/search\\\/top\\\/?q=newmobility.news\",\"https:\\\/\\\/x.com\\\/jorisvry\",\"https:\\\/\\\/www.linkedin.com\\\/in\\\/jorisvanroy\\\/\",\"https:\\\/\\\/nl.pinterest.com\\\/jorisvanroy\\\/\"]},{\"@type\":\"Person\",\"@id\":\"https:\\\/\\\/newmobility.news\\\/#\\\/schema\\\/person\\\/a31e684b1039b4a94985a9aae156f28b\",\"name\":\"Luc Joris\",\"image\":{\"@type\":\"ImageObject\",\"inLanguage\":\"fr-BE\",\"@id\":\"https:\\\/\\\/secure.gravatar.com\\\/avatar\\\/9e27cf9984ae903174b14c7dd33d523290f03fd71803b04bc6e486c7259b2920?s=96&d=mm&r=g\",\"url\":\"https:\\\/\\\/secure.gravatar.com\\\/avatar\\\/9e27cf9984ae903174b14c7dd33d523290f03fd71803b04bc6e486c7259b2920?s=96&d=mm&r=g\",\"contentUrl\":\"https:\\\/\\\/secure.gravatar.com\\\/avatar\\\/9e27cf9984ae903174b14c7dd33d523290f03fd71803b04bc6e486c7259b2920?s=96&d=mm&r=g\",\"caption\":\"Luc Joris\"},\"url\":\"https:\\\/\\\/newmobility.news\\\/fr\\\/author\\\/belga-5\\\/\"}]}<\/script>\n<!-- \/ Yoast SEO plugin. -->","yoast_head_json":{"title":"L'extension de 500 millions d'euros de l'a\u00e9roport de Bruxelles au d\u00e9triment de l'environnement ? - newmobility.news","robots":{"index":"index","follow":"follow","max-snippet":"max-snippet:-1","max-image-preview":"max-image-preview:large","max-video-preview":"max-video-preview:-1"},"canonical":"https:\/\/newmobility.news\/fr\/2025\/04\/22\/brussels-airports-e500-million-expansion-overlooking-environment\/","og_locale":"fr_FR","og_type":"article","og_title":"Brussels Airport's \u20ac500 million expansion overlooking environment? - newmobility.news","og_description":"Brussels Airport will invest half a billion euros in infrastructure to accommodate the passenger growth expected in the coming years. The project involves the construction of a new intermodal hub, an expansion of the departure and arrival hall, a new hotel, a new drop-off zone, and a green boulevardThis content has been archived. Log in [&hellip;]","og_url":"https:\/\/newmobility.news\/fr\/2025\/04\/22\/brussels-airports-e500-million-expansion-overlooking-environment\/","og_site_name":"newmobility.news","article_publisher":"https:\/\/www.facebook.com\/search\/top\/?q=newmobility.news","article_published_time":"2025-04-22T09:26:47+00:00","article_modified_time":"2025-04-25T09:57:13+00:00","og_image":[{"width":1024,"height":438,"url":"https:\/\/newmobility.news\/wp-content\/uploads\/2025\/04\/2025affb686e8ad715d45ff41539d13d468b9d89-1024x438.png","type":"image\/png"}],"author":"Luc Joris","twitter_card":"summary_large_image","twitter_creator":"@jorisvry","twitter_site":"@jorisvry","twitter_misc":{"\u00c9crit par":"Luc Joris","Dur\u00e9e de lecture est.":"4 minutes"},"schema":{"@context":"https:\/\/schema.org","@graph":[{"@type":"Article","@id":"https:\/\/newmobility.news\/2025\/04\/22\/brussels-airports-e500-million-expansion-overlooking-environment\/#article","isPartOf":{"@id":"https:\/\/newmobility.news\/2025\/04\/22\/brussels-airports-e500-million-expansion-overlooking-environment\/"},"author":{"name":"Luc Joris","@id":"https:\/\/newmobility.news\/#\/schema\/person\/a31e684b1039b4a94985a9aae156f28b"},"headline":"Brussels Airport&#8217;s \u20ac500 million expansion overlooking environment?","datePublished":"2025-04-22T09:26:47+00:00","dateModified":"2025-04-25T09:57:13+00:00","mainEntityOfPage":{"@id":"https:\/\/newmobility.news\/2025\/04\/22\/brussels-airports-e500-million-expansion-overlooking-environment\/"},"wordCount":719,"commentCount":0,"publisher":{"@id":"https:\/\/newmobility.news\/#organization"},"image":{"@id":"https:\/\/newmobility.news\/2025\/04\/22\/brussels-airports-e500-million-expansion-overlooking-environment\/#primaryimage"},"thumbnailUrl":"https:\/\/i0.wp.com\/newmobility.news\/wp-content\/uploads\/2025\/04\/2025affb686e8ad715d45ff41539d13d468b9d89.png?fit=2560%2C1096&ssl=1","articleSection":["Aviation","Belgium","Environment","Health","Mobility","Top Stories Today","Weekly Newsletter"],"inLanguage":"fr-BE","potentialAction":[{"@type":"CommentAction","name":"Comment","target":["https:\/\/newmobility.news\/2025\/04\/22\/brussels-airports-e500-million-expansion-overlooking-environment\/#respond"]}]},{"@type":"WebPage","@id":"https:\/\/newmobility.news\/2025\/04\/22\/brussels-airports-e500-million-expansion-overlooking-environment\/","url":"https:\/\/newmobility.news\/2025\/04\/22\/brussels-airports-e500-million-expansion-overlooking-environment\/","name":"L'extension de 500 millions d'euros de l'a\u00e9roport de Bruxelles au d\u00e9triment de l'environnement ? - newmobility.news","isPartOf":{"@id":"https:\/\/newmobility.news\/#website"},"primaryImageOfPage":{"@id":"https:\/\/newmobility.news\/2025\/04\/22\/brussels-airports-e500-million-expansion-overlooking-environment\/#primaryimage"},"image":{"@id":"https:\/\/newmobility.news\/2025\/04\/22\/brussels-airports-e500-million-expansion-overlooking-environment\/#primaryimage"},"thumbnailUrl":"https:\/\/i0.wp.com\/newmobility.news\/wp-content\/uploads\/2025\/04\/2025affb686e8ad715d45ff41539d13d468b9d89.png?fit=2560%2C1096&ssl=1","datePublished":"2025-04-22T09:26:47+00:00","dateModified":"2025-04-25T09:57:13+00:00","breadcrumb":{"@id":"https:\/\/newmobility.news\/2025\/04\/22\/brussels-airports-e500-million-expansion-overlooking-environment\/#breadcrumb"},"inLanguage":"fr-BE","potentialAction":[{"@type":"ReadAction","target":["https:\/\/newmobility.news\/2025\/04\/22\/brussels-airports-e500-million-expansion-overlooking-environment\/"]}]},{"@type":"ImageObject","inLanguage":"fr-BE","@id":"https:\/\/newmobility.news\/2025\/04\/22\/brussels-airports-e500-million-expansion-overlooking-environment\/#primaryimage","url":"https:\/\/i0.wp.com\/newmobility.news\/wp-content\/uploads\/2025\/04\/2025affb686e8ad715d45ff41539d13d468b9d89.png?fit=2560%2C1096&ssl=1","contentUrl":"https:\/\/i0.wp.com\/newmobility.news\/wp-content\/uploads\/2025\/04\/2025affb686e8ad715d45ff41539d13d468b9d89.png?fit=2560%2C1096&ssl=1","width":2560,"height":1096,"caption":"Brussels Airport will invest half a billion euros to accommodate passenger growth, including the expansion of the departure and arrival hall \/Brussels Airport"},{"@type":"BreadcrumbList","@id":"https:\/\/newmobility.news\/2025\/04\/22\/brussels-airports-e500-million-expansion-overlooking-environment\/#breadcrumb","itemListElement":[{"@type":"ListItem","position":1,"name":"Home","item":"https:\/\/newmobility.news\/"},{"@type":"ListItem","position":2,"name":"Brussels Airport&#8217;s \u20ac500 million expansion overlooking environment?"}]},{"@type":"WebSite","@id":"https:\/\/newmobility.news\/#website","url":"https:\/\/newmobility.news\/","name":"nouveaumobilit\u00e9.actualit\u00e9s","description":"Un service d'information B2BNews Agency\u00ae destin\u00e9 aux professionnels de la mobilit\u00e9","publisher":{"@id":"https:\/\/newmobility.news\/#organization"},"potentialAction":[{"@type":"SearchAction","target":{"@type":"EntryPoint","urlTemplate":"https:\/\/newmobility.news\/?s={search_term_string}"},"query-input":{"@type":"PropertyValueSpecification","valueRequired":true,"valueName":"search_term_string"}}],"inLanguage":"fr-BE"},{"@type":"Organization","@id":"https:\/\/newmobility.news\/#organization","name":"Agence de presse B2BNews","url":"https:\/\/newmobility.news\/","logo":{"@type":"ImageObject","inLanguage":"fr-BE","@id":"https:\/\/newmobility.news\/#\/schema\/logo\/image\/","url":"https:\/\/newmobility.news\/wp-content\/uploads\/2018\/01\/b2bnews-agency-logo.png","contentUrl":"https:\/\/newmobility.news\/wp-content\/uploads\/2018\/01\/b2bnews-agency-logo.png","width":"581","height":"117","caption":"B2BNews Agency"},"image":{"@id":"https:\/\/newmobility.news\/#\/schema\/logo\/image\/"},"sameAs":["https:\/\/www.facebook.com\/search\/top\/?q=newmobility.news","https:\/\/x.com\/jorisvry","https:\/\/www.linkedin.com\/in\/jorisvanroy\/","https:\/\/nl.pinterest.com\/jorisvanroy\/"]},{"@type":"Person","@id":"https:\/\/newmobility.news\/#\/schema\/person\/a31e684b1039b4a94985a9aae156f28b","name":"Luc Joris","image":{"@type":"ImageObject","inLanguage":"fr-BE","@id":"https:\/\/secure.gravatar.com\/avatar\/9e27cf9984ae903174b14c7dd33d523290f03fd71803b04bc6e486c7259b2920?s=96&d=mm&r=g","url":"https:\/\/secure.gravatar.com\/avatar\/9e27cf9984ae903174b14c7dd33d523290f03fd71803b04bc6e486c7259b2920?s=96&d=mm&r=g","contentUrl":"https:\/\/secure.gravatar.com\/avatar\/9e27cf9984ae903174b14c7dd33d523290f03fd71803b04bc6e486c7259b2920?s=96&d=mm&r=g","caption":"Luc Joris"},"url":"https:\/\/newmobility.news\/fr\/author\/belga-5\/"}]}},"jetpack_publicize_connections":[],"jetpack_featured_media_url":"https:\/\/i0.wp.com\/newmobility.news\/wp-content\/uploads\/2025\/04\/2025affb686e8ad715d45ff41539d13d468b9d89.png?fit=2560%2C1096&ssl=1","jetpack_shortlink":"https:\/\/wp.me\/p9wJdU-H9P","jetpack_sharing_enabled":true,"jetpack_likes_enabled":true,"jetpack-related-posts":[],"_links":{"self":[{"href":"https:\/\/newmobility.news\/fr\/wp-json\/wp\/v2\/posts\/165901","targetHints":{"allow":["GET"]}}],"collection":[{"href":"https:\/\/newmobility.news\/fr\/wp-json\/wp\/v2\/posts"}],"about":[{"href":"https:\/\/newmobility.news\/fr\/wp-json\/wp\/v2\/types\/post"}],"author":[{"embeddable":true,"href":"https:\/\/newmobility.news\/fr\/wp-json\/wp\/v2\/users\/164"}],"replies":[{"embeddable":true,"href":"https:\/\/newmobility.news\/fr\/wp-json\/wp\/v2\/comments?post=165901"}],"version-history":[{"count":0,"href":"https:\/\/newmobility.news\/fr\/wp-json\/wp\/v2\/posts\/165901\/revisions"}],"wp:featuredmedia":[{"embeddable":true,"href":"https:\/\/newmobility.news\/fr\/wp-json\/wp\/v2\/media\/165927"}],"wp:attachment":[{"href":"https:\/\/newmobility.news\/fr\/wp-json\/wp\/v2\/media?parent=165901"}],"wp:term":[{"taxonomy":"category","embeddable":true,"href":"https:\/\/newmobility.news\/fr\/wp-json\/wp\/v2\/categories?post=165901"},{"taxonomy":"post_tag","embeddable":true,"href":"https:\/\/newmobility.news\/fr\/wp-json\/wp\/v2\/tags?post=165901"}],"curies":[{"name":"wp","href":"https:\/\/api.w.org\/{rel}","templated":true}]}}