{"id":166305,"date":"2025-05-03T12:25:27","date_gmt":"2025-05-03T10:25:27","guid":{"rendered":"https:\/\/newmobility.news\/?p=166305"},"modified":"2025-05-02T12:20:56","modified_gmt":"2025-05-02T10:20:56","slug":"lufthansas-difficult-summer-brussels-airlines-in-red-due-to-strikes","status":"publish","type":"post","link":"https:\/\/newmobility.news\/fr\/2025\/05\/03\/lufthansas-difficult-summer-brussels-airlines-in-red-due-to-strikes\/","title":{"rendered":"\u2018 Un \u00e9t\u00e9 difficile \u2019 pour Lufthansa, Brussels Airlines dans le rouge en raison des gr\u00e8ves"},"content":{"rendered":"Les tensions commerciales entre les \u00c9tats-Unis et l'Europe pourraient assombrir l'importante saison estivale des compagnies a\u00e9riennes. C'est ce qu'affirme Lufthansa, qui souligne le changement de comportement des consommateurs d\u00fb \u00e0 l'incertitude \u00e9conomique. Brussels Airlines, une filiale du groupe a\u00e9rien allemand, a subi une perte d'exploitation ajust\u00e9e (EBIT) de 53 millions d'euros.<div class=\"leaky_paywall_message_wrap\"><div id=\"leaky_paywall_message\">Ce contenu a \u00e9t\u00e9 archiv\u00e9. <a href=\"https:\/\/newmobility.news\/fr\/subscription\/\">Connectez-vous ou inscrivez-vous<\/a> \u00e0 un niveau qui donne acc\u00e8s au contenu archiv\u00e9.<\/div><\/div>","protected":false},"excerpt":{"rendered":"<p>Trade tensions between the United States and Europe may cloud the important summer airline season. So says Lufthansa, pointing to changed consumer behavior due to economic uncertainty. Brussels Airlines, a subsidiary of the German airline group, suffered an adjusted operating loss (EBIT) of 53 miThis content has been archived. Log in or Subscribe to a [&hellip;]<\/p>\n","protected":false},"author":164,"featured_media":166325,"comment_status":"closed","ping_status":"closed","sticky":false,"template":"","format":"standard","meta":{"_acf_changed":false,"jetpack_post_was_ever_published":false,"_jetpack_newsletter_access":"","_jetpack_dont_email_post_to_subs":false,"_jetpack_newsletter_tier_id":0,"_jetpack_memberships_contains_paywalled_content":false,"_jetpack_memberships_contains_paid_content":false,"footnotes":"","jetpack_publicize_message":"","jetpack_publicize_feature_enabled":true,"jetpack_social_post_already_shared":true,"jetpack_social_options":{"image_generator_settings":{"template":"highway","default_image_id":0,"font":"","enabled":false},"version":2},"_wpas_customize_per_network":false},"categories":[77152,77170,7,4],"tags":[],"class_list":["post-166305","post","type-post","status-publish","format-standard","has-post-thumbnail","hentry","category-aviation","category-belgium","category-mobility","category-top-stories-today"],"acf":[],"featured_image_urls_v2":{"full":["https:\/\/i0.wp.com\/newmobility.news\/wp-content\/uploads\/2025\/04\/csm_Lufthansa_A380_2_4772d42469-258396.png?fit=1200%2C675&ssl=1",1200,675,false],"thumbnail":["https:\/\/i0.wp.com\/newmobility.news\/wp-content\/uploads\/2025\/04\/csm_Lufthansa_A380_2_4772d42469-258396.png?resize=150%2C150&ssl=1",150,150,true],"medium":["https:\/\/i0.wp.com\/newmobility.news\/wp-content\/uploads\/2025\/04\/csm_Lufthansa_A380_2_4772d42469-258396.png?fit=300%2C169&ssl=1",300,169,true],"medium_large":["https:\/\/i0.wp.com\/newmobility.news\/wp-content\/uploads\/2025\/04\/csm_Lufthansa_A380_2_4772d42469-258396.png?fit=640%2C360&ssl=1",640,360,true],"large":["https:\/\/i0.wp.com\/newmobility.news\/wp-content\/uploads\/2025\/04\/csm_Lufthansa_A380_2_4772d42469-258396.png?fit=640%2C360&ssl=1",640,360,true],"1536x1536":["https:\/\/i0.wp.com\/newmobility.news\/wp-content\/uploads\/2025\/04\/csm_Lufthansa_A380_2_4772d42469-258396.png?fit=1200%2C675&ssl=1",1200,675,true],"2048x2048":["https:\/\/i0.wp.com\/newmobility.news\/wp-content\/uploads\/2025\/04\/csm_Lufthansa_A380_2_4772d42469-258396.png?fit=1200%2C675&ssl=1",1200,675,true],"trp-custom-language-flag":["https:\/\/i0.wp.com\/newmobility.news\/wp-content\/uploads\/2025\/04\/csm_Lufthansa_A380_2_4772d42469-258396.png?fit=18%2C10&ssl=1",18,10,true],"related-thumb":["https:\/\/i0.wp.com\/newmobility.news\/wp-content\/uploads\/2025\/04\/csm_Lufthansa_A380_2_4772d42469-258396.png?resize=640%2C480&ssl=1",640,480,true],"gform-image-choice-sm":["https:\/\/i0.wp.com\/newmobility.news\/wp-content\/uploads\/2025\/04\/csm_Lufthansa_A380_2_4772d42469-258396.png?resize=300%2C300&ssl=1",300,300,true],"gform-image-choice-md":["https:\/\/i0.wp.com\/newmobility.news\/wp-content\/uploads\/2025\/04\/csm_Lufthansa_A380_2_4772d42469-258396.png?resize=400%2C400&ssl=1",400,400,true],"gform-image-choice-lg":["https:\/\/i0.wp.com\/newmobility.news\/wp-content\/uploads\/2025\/04\/csm_Lufthansa_A380_2_4772d42469-258396.png?resize=600%2C600&ssl=1",600,600,true],"mailchimp":["https:\/\/i0.wp.com\/newmobility.news\/wp-content\/uploads\/2025\/04\/csm_Lufthansa_A380_2_4772d42469-258396.png?fit=560%2C315&ssl=1",560,315,true],"unipress-phone":["https:\/\/i0.wp.com\/newmobility.news\/wp-content\/uploads\/2025\/04\/csm_Lufthansa_A380_2_4772d42469-258396.png?resize=640%2C100&ssl=1",640,100,true],"unipress-tablet":["https:\/\/i0.wp.com\/newmobility.news\/wp-content\/uploads\/2025\/04\/csm_Lufthansa_A380_2_4772d42469-258396.png?resize=1200%2C240&ssl=1",1200,240,true],"unipress-tablet-portrait":["https:\/\/i0.wp.com\/newmobility.news\/wp-content\/uploads\/2025\/04\/csm_Lufthansa_A380_2_4772d42469-258396.png?resize=1200%2C180&ssl=1",1200,180,true],"unipress-tablet-landscape":["https:\/\/i0.wp.com\/newmobility.news\/wp-content\/uploads\/2025\/04\/csm_Lufthansa_A380_2_4772d42469-258396.png?resize=1200%2C180&ssl=1",1200,180,true],"unipress-smartphone":["https:\/\/i0.wp.com\/newmobility.news\/wp-content\/uploads\/2025\/04\/csm_Lufthansa_A380_2_4772d42469-258396.png?resize=1080%2C168&ssl=1",1080,168,true],"unipress-wide-screen":["https:\/\/i0.wp.com\/newmobility.news\/wp-content\/uploads\/2025\/04\/csm_Lufthansa_A380_2_4772d42469-258396.png?resize=1200%2C180&ssl=1",1200,180,true]},"post_excerpt_stackable_v2":"<p>Trade tensions between the United States and Europe may cloud the important summer airline season. So says Lufthansa, pointing to changed consumer behavior due to economic uncertainty. Brussels Airlines, a subsidiary of the German airline group, suffered an adjusted operating loss (EBIT) of 53 miThis content has been archived. Log in or Subscribe to a level that has access to archived content.<\/p>\n","category_list_v2":"<a href=\"https:\/\/newmobility.news\/fr\/category\/aviation\/\" rel=\"category tag\">Aviation<\/a>, <a href=\"https:\/\/newmobility.news\/fr\/category\/belgium\/\" rel=\"category tag\">Belgium<\/a>, <a href=\"https:\/\/newmobility.news\/fr\/category\/mobility\/\" rel=\"category tag\">Mobility<\/a>, <a href=\"https:\/\/newmobility.news\/fr\/category\/top-stories-today\/\" rel=\"category tag\">Top Stories Today<\/a>","author_info_v2":{"name":"Luc Joris","url":"https:\/\/newmobility.news\/fr\/author\/belga-5\/"},"comments_num_v2":"0 comments","yoast_head":"<!-- This site is optimized with the Yoast SEO plugin v27.5 - https:\/\/yoast.com\/product\/yoast-seo-wordpress\/ -->\n<title>Lufthansa&#039;s &#039;difficult summer&#039;, Brussels Airlines in red due to strikes - newmobility.news<\/title>\n<meta name=\"robots\" content=\"index, follow, max-snippet:-1, max-image-preview:large, max-video-preview:-1\" \/>\n<link rel=\"canonical\" href=\"https:\/\/newmobility.news\/fr\/2025\/05\/03\/lufthansas-difficult-summer-brussels-airlines-in-red-due-to-strikes\/\" \/>\n<meta property=\"og:locale\" content=\"fr_FR\" \/>\n<meta property=\"og:type\" content=\"article\" \/>\n<meta property=\"og:title\" content=\"Lufthansa&#039;s &#039;difficult summer&#039;, Brussels Airlines in red due to strikes - newmobility.news\" \/>\n<meta property=\"og:description\" content=\"Trade tensions between the United States and Europe may cloud the important summer airline season. So says Lufthansa, pointing to changed consumer behavior due to economic uncertainty. Brussels Airlines, a subsidiary of the German airline group, suffered an adjusted operating loss (EBIT) of 53 miThis content has been archived. Log in or Subscribe to a [&hellip;]\" \/>\n<meta property=\"og:url\" content=\"https:\/\/newmobility.news\/fr\/2025\/05\/03\/lufthansas-difficult-summer-brussels-airlines-in-red-due-to-strikes\/\" \/>\n<meta property=\"og:site_name\" content=\"newmobility.news\" \/>\n<meta property=\"article:publisher\" content=\"https:\/\/www.facebook.com\/search\/top\/?q=newmobility.news\" \/>\n<meta property=\"article:published_time\" content=\"2025-05-03T10:25:27+00:00\" \/>\n<meta property=\"og:image\" content=\"https:\/\/i0.wp.com\/newmobility.news\/wp-content\/uploads\/2025\/04\/csm_Lufthansa_A380_2_4772d42469-258396.png?fit=1200%2C675&ssl=1\" \/>\n\t<meta property=\"og:image:width\" content=\"1200\" \/>\n\t<meta property=\"og:image:height\" content=\"675\" \/>\n\t<meta property=\"og:image:type\" content=\"image\/png\" \/>\n<meta name=\"author\" content=\"Luc Joris\" \/>\n<meta name=\"twitter:card\" content=\"summary_large_image\" \/>\n<meta name=\"twitter:creator\" content=\"@jorisvry\" \/>\n<meta name=\"twitter:site\" content=\"@jorisvry\" \/>\n<meta name=\"twitter:label1\" content=\"\u00c9crit par\" \/>\n\t<meta name=\"twitter:data1\" content=\"Luc Joris\" \/>\n\t<meta name=\"twitter:label2\" content=\"Dur\u00e9e de lecture est.\" \/>\n\t<meta name=\"twitter:data2\" content=\"3 minutes\" \/>\n<script type=\"application\/ld+json\" class=\"yoast-schema-graph\">{\"@context\":\"https:\\\/\\\/schema.org\",\"@graph\":[{\"@type\":\"Article\",\"@id\":\"https:\\\/\\\/newmobility.news\\\/2025\\\/05\\\/03\\\/lufthansas-difficult-summer-brussels-airlines-in-red-due-to-strikes\\\/#article\",\"isPartOf\":{\"@id\":\"https:\\\/\\\/newmobility.news\\\/2025\\\/05\\\/03\\\/lufthansas-difficult-summer-brussels-airlines-in-red-due-to-strikes\\\/\"},\"author\":{\"name\":\"Luc Joris\",\"@id\":\"https:\\\/\\\/newmobility.news\\\/#\\\/schema\\\/person\\\/a31e684b1039b4a94985a9aae156f28b\"},\"headline\":\"Lufthansa&#8217;s &#8216;difficult summer&#8217;, Brussels Airlines in red due to strikes\",\"datePublished\":\"2025-05-03T10:25:27+00:00\",\"mainEntityOfPage\":{\"@id\":\"https:\\\/\\\/newmobility.news\\\/2025\\\/05\\\/03\\\/lufthansas-difficult-summer-brussels-airlines-in-red-due-to-strikes\\\/\"},\"wordCount\":563,\"publisher\":{\"@id\":\"https:\\\/\\\/newmobility.news\\\/#organization\"},\"image\":{\"@id\":\"https:\\\/\\\/newmobility.news\\\/2025\\\/05\\\/03\\\/lufthansas-difficult-summer-brussels-airlines-in-red-due-to-strikes\\\/#primaryimage\"},\"thumbnailUrl\":\"https:\\\/\\\/i0.wp.com\\\/newmobility.news\\\/wp-content\\\/uploads\\\/2025\\\/04\\\/csm_Lufthansa_A380_2_4772d42469-258396.png?fit=1200%2C675&ssl=1\",\"articleSection\":[\"Aviation\",\"Belgium\",\"Mobility\",\"Top Stories Today\"],\"inLanguage\":\"fr-BE\"},{\"@type\":\"WebPage\",\"@id\":\"https:\\\/\\\/newmobility.news\\\/2025\\\/05\\\/03\\\/lufthansas-difficult-summer-brussels-airlines-in-red-due-to-strikes\\\/\",\"url\":\"https:\\\/\\\/newmobility.news\\\/2025\\\/05\\\/03\\\/lufthansas-difficult-summer-brussels-airlines-in-red-due-to-strikes\\\/\",\"name\":\"Lufthansa's 'difficult summer', Brussels Airlines in red due to strikes - newmobility.news\",\"isPartOf\":{\"@id\":\"https:\\\/\\\/newmobility.news\\\/#website\"},\"primaryImageOfPage\":{\"@id\":\"https:\\\/\\\/newmobility.news\\\/2025\\\/05\\\/03\\\/lufthansas-difficult-summer-brussels-airlines-in-red-due-to-strikes\\\/#primaryimage\"},\"image\":{\"@id\":\"https:\\\/\\\/newmobility.news\\\/2025\\\/05\\\/03\\\/lufthansas-difficult-summer-brussels-airlines-in-red-due-to-strikes\\\/#primaryimage\"},\"thumbnailUrl\":\"https:\\\/\\\/i0.wp.com\\\/newmobility.news\\\/wp-content\\\/uploads\\\/2025\\\/04\\\/csm_Lufthansa_A380_2_4772d42469-258396.png?fit=1200%2C675&ssl=1\",\"datePublished\":\"2025-05-03T10:25:27+00:00\",\"breadcrumb\":{\"@id\":\"https:\\\/\\\/newmobility.news\\\/2025\\\/05\\\/03\\\/lufthansas-difficult-summer-brussels-airlines-in-red-due-to-strikes\\\/#breadcrumb\"},\"inLanguage\":\"fr-BE\",\"potentialAction\":[{\"@type\":\"ReadAction\",\"target\":[\"https:\\\/\\\/newmobility.news\\\/2025\\\/05\\\/03\\\/lufthansas-difficult-summer-brussels-airlines-in-red-due-to-strikes\\\/\"]}]},{\"@type\":\"ImageObject\",\"inLanguage\":\"fr-BE\",\"@id\":\"https:\\\/\\\/newmobility.news\\\/2025\\\/05\\\/03\\\/lufthansas-difficult-summer-brussels-airlines-in-red-due-to-strikes\\\/#primaryimage\",\"url\":\"https:\\\/\\\/i0.wp.com\\\/newmobility.news\\\/wp-content\\\/uploads\\\/2025\\\/04\\\/csm_Lufthansa_A380_2_4772d42469-258396.png?fit=1200%2C675&ssl=1\",\"contentUrl\":\"https:\\\/\\\/i0.wp.com\\\/newmobility.news\\\/wp-content\\\/uploads\\\/2025\\\/04\\\/csm_Lufthansa_A380_2_4772d42469-258396.png?fit=1200%2C675&ssl=1\",\"width\":1200,\"height\":675,\"caption\":\"Lufthansa has once again started the year in the red but it is still aiming to \\\"significantly\\\" exceed the 2024 result of approximately \u20ac1.65 billion\\\/Lufthansa\"},{\"@type\":\"BreadcrumbList\",\"@id\":\"https:\\\/\\\/newmobility.news\\\/2025\\\/05\\\/03\\\/lufthansas-difficult-summer-brussels-airlines-in-red-due-to-strikes\\\/#breadcrumb\",\"itemListElement\":[{\"@type\":\"ListItem\",\"position\":1,\"name\":\"Home\",\"item\":\"https:\\\/\\\/newmobility.news\\\/\"},{\"@type\":\"ListItem\",\"position\":2,\"name\":\"Lufthansa&#8217;s &#8216;difficult summer&#8217;, Brussels Airlines in red due to strikes\"}]},{\"@type\":\"WebSite\",\"@id\":\"https:\\\/\\\/newmobility.news\\\/#website\",\"url\":\"https:\\\/\\\/newmobility.news\\\/\",\"name\":\"newmobility.news\",\"description\":\"A B2BNews Agency\u00ae news service for mobility business proessional\",\"publisher\":{\"@id\":\"https:\\\/\\\/newmobility.news\\\/#organization\"},\"potentialAction\":[{\"@type\":\"SearchAction\",\"target\":{\"@type\":\"EntryPoint\",\"urlTemplate\":\"https:\\\/\\\/newmobility.news\\\/?s={search_term_string}\"},\"query-input\":{\"@type\":\"PropertyValueSpecification\",\"valueRequired\":true,\"valueName\":\"search_term_string\"}}],\"inLanguage\":\"fr-BE\"},{\"@type\":\"Organization\",\"@id\":\"https:\\\/\\\/newmobility.news\\\/#organization\",\"name\":\"B2BNews Agency\",\"url\":\"https:\\\/\\\/newmobility.news\\\/\",\"logo\":{\"@type\":\"ImageObject\",\"inLanguage\":\"fr-BE\",\"@id\":\"https:\\\/\\\/newmobility.news\\\/#\\\/schema\\\/logo\\\/image\\\/\",\"url\":\"https:\\\/\\\/newmobility.news\\\/wp-content\\\/uploads\\\/2018\\\/01\\\/b2bnews-agency-logo.png\",\"contentUrl\":\"https:\\\/\\\/newmobility.news\\\/wp-content\\\/uploads\\\/2018\\\/01\\\/b2bnews-agency-logo.png\",\"width\":\"581\",\"height\":\"117\",\"caption\":\"B2BNews Agency\"},\"image\":{\"@id\":\"https:\\\/\\\/newmobility.news\\\/#\\\/schema\\\/logo\\\/image\\\/\"},\"sameAs\":[\"https:\\\/\\\/www.facebook.com\\\/search\\\/top\\\/?q=newmobility.news\",\"https:\\\/\\\/x.com\\\/jorisvry\",\"https:\\\/\\\/www.linkedin.com\\\/in\\\/jorisvanroy\\\/\",\"https:\\\/\\\/nl.pinterest.com\\\/jorisvanroy\\\/\"]},{\"@type\":\"Person\",\"@id\":\"https:\\\/\\\/newmobility.news\\\/#\\\/schema\\\/person\\\/a31e684b1039b4a94985a9aae156f28b\",\"name\":\"Luc Joris\",\"image\":{\"@type\":\"ImageObject\",\"inLanguage\":\"fr-BE\",\"@id\":\"https:\\\/\\\/secure.gravatar.com\\\/avatar\\\/9e27cf9984ae903174b14c7dd33d523290f03fd71803b04bc6e486c7259b2920?s=96&d=mm&r=g\",\"url\":\"https:\\\/\\\/secure.gravatar.com\\\/avatar\\\/9e27cf9984ae903174b14c7dd33d523290f03fd71803b04bc6e486c7259b2920?s=96&d=mm&r=g\",\"contentUrl\":\"https:\\\/\\\/secure.gravatar.com\\\/avatar\\\/9e27cf9984ae903174b14c7dd33d523290f03fd71803b04bc6e486c7259b2920?s=96&d=mm&r=g\",\"caption\":\"Luc Joris\"},\"url\":\"https:\\\/\\\/newmobility.news\\\/fr\\\/author\\\/belga-5\\\/\"}]}<\/script>\n<!-- \/ Yoast SEO plugin. -->","yoast_head_json":{"title":"' Un \u00e9t\u00e9 difficile ' pour Lufthansa, Brussels Airlines dans le rouge \u00e0 cause des gr\u00e8ves - newmobility.news","robots":{"index":"index","follow":"follow","max-snippet":"max-snippet:-1","max-image-preview":"max-image-preview:large","max-video-preview":"max-video-preview:-1"},"canonical":"https:\/\/newmobility.news\/fr\/2025\/05\/03\/lufthansas-difficult-summer-brussels-airlines-in-red-due-to-strikes\/","og_locale":"fr_FR","og_type":"article","og_title":"Lufthansa's 'difficult summer', Brussels Airlines in red due to strikes - newmobility.news","og_description":"Trade tensions between the United States and Europe may cloud the important summer airline season. So says Lufthansa, pointing to changed consumer behavior due to economic uncertainty. Brussels Airlines, a subsidiary of the German airline group, suffered an adjusted operating loss (EBIT) of 53 miThis content has been archived. Log in or Subscribe to a [&hellip;]","og_url":"https:\/\/newmobility.news\/fr\/2025\/05\/03\/lufthansas-difficult-summer-brussels-airlines-in-red-due-to-strikes\/","og_site_name":"newmobility.news","article_publisher":"https:\/\/www.facebook.com\/search\/top\/?q=newmobility.news","article_published_time":"2025-05-03T10:25:27+00:00","og_image":[{"width":1200,"height":675,"url":"https:\/\/i0.wp.com\/newmobility.news\/wp-content\/uploads\/2025\/04\/csm_Lufthansa_A380_2_4772d42469-258396.png?fit=1200%2C675&ssl=1","type":"image\/png"}],"author":"Luc Joris","twitter_card":"summary_large_image","twitter_creator":"@jorisvry","twitter_site":"@jorisvry","twitter_misc":{"\u00c9crit par":"Luc Joris","Dur\u00e9e de lecture est.":"3 minutes"},"schema":{"@context":"https:\/\/schema.org","@graph":[{"@type":"Article","@id":"https:\/\/newmobility.news\/2025\/05\/03\/lufthansas-difficult-summer-brussels-airlines-in-red-due-to-strikes\/#article","isPartOf":{"@id":"https:\/\/newmobility.news\/2025\/05\/03\/lufthansas-difficult-summer-brussels-airlines-in-red-due-to-strikes\/"},"author":{"name":"Luc Joris","@id":"https:\/\/newmobility.news\/#\/schema\/person\/a31e684b1039b4a94985a9aae156f28b"},"headline":"Lufthansa&#8217;s &#8216;difficult summer&#8217;, Brussels Airlines in red due to strikes","datePublished":"2025-05-03T10:25:27+00:00","mainEntityOfPage":{"@id":"https:\/\/newmobility.news\/2025\/05\/03\/lufthansas-difficult-summer-brussels-airlines-in-red-due-to-strikes\/"},"wordCount":563,"publisher":{"@id":"https:\/\/newmobility.news\/#organization"},"image":{"@id":"https:\/\/newmobility.news\/2025\/05\/03\/lufthansas-difficult-summer-brussels-airlines-in-red-due-to-strikes\/#primaryimage"},"thumbnailUrl":"https:\/\/i0.wp.com\/newmobility.news\/wp-content\/uploads\/2025\/04\/csm_Lufthansa_A380_2_4772d42469-258396.png?fit=1200%2C675&ssl=1","articleSection":["Aviation","Belgium","Mobility","Top Stories Today"],"inLanguage":"fr-BE"},{"@type":"WebPage","@id":"https:\/\/newmobility.news\/2025\/05\/03\/lufthansas-difficult-summer-brussels-airlines-in-red-due-to-strikes\/","url":"https:\/\/newmobility.news\/2025\/05\/03\/lufthansas-difficult-summer-brussels-airlines-in-red-due-to-strikes\/","name":"' Un \u00e9t\u00e9 difficile ' pour Lufthansa, Brussels Airlines dans le rouge \u00e0 cause des gr\u00e8ves - newmobility.news","isPartOf":{"@id":"https:\/\/newmobility.news\/#website"},"primaryImageOfPage":{"@id":"https:\/\/newmobility.news\/2025\/05\/03\/lufthansas-difficult-summer-brussels-airlines-in-red-due-to-strikes\/#primaryimage"},"image":{"@id":"https:\/\/newmobility.news\/2025\/05\/03\/lufthansas-difficult-summer-brussels-airlines-in-red-due-to-strikes\/#primaryimage"},"thumbnailUrl":"https:\/\/i0.wp.com\/newmobility.news\/wp-content\/uploads\/2025\/04\/csm_Lufthansa_A380_2_4772d42469-258396.png?fit=1200%2C675&ssl=1","datePublished":"2025-05-03T10:25:27+00:00","breadcrumb":{"@id":"https:\/\/newmobility.news\/2025\/05\/03\/lufthansas-difficult-summer-brussels-airlines-in-red-due-to-strikes\/#breadcrumb"},"inLanguage":"fr-BE","potentialAction":[{"@type":"ReadAction","target":["https:\/\/newmobility.news\/2025\/05\/03\/lufthansas-difficult-summer-brussels-airlines-in-red-due-to-strikes\/"]}]},{"@type":"ImageObject","inLanguage":"fr-BE","@id":"https:\/\/newmobility.news\/2025\/05\/03\/lufthansas-difficult-summer-brussels-airlines-in-red-due-to-strikes\/#primaryimage","url":"https:\/\/i0.wp.com\/newmobility.news\/wp-content\/uploads\/2025\/04\/csm_Lufthansa_A380_2_4772d42469-258396.png?fit=1200%2C675&ssl=1","contentUrl":"https:\/\/i0.wp.com\/newmobility.news\/wp-content\/uploads\/2025\/04\/csm_Lufthansa_A380_2_4772d42469-258396.png?fit=1200%2C675&ssl=1","width":1200,"height":675,"caption":"Lufthansa has once again started the year in the red but it is still aiming to \"significantly\" exceed the 2024 result of approximately \u20ac1.65 billion\/Lufthansa"},{"@type":"BreadcrumbList","@id":"https:\/\/newmobility.news\/2025\/05\/03\/lufthansas-difficult-summer-brussels-airlines-in-red-due-to-strikes\/#breadcrumb","itemListElement":[{"@type":"ListItem","position":1,"name":"Home","item":"https:\/\/newmobility.news\/"},{"@type":"ListItem","position":2,"name":"Lufthansa&#8217;s &#8216;difficult summer&#8217;, Brussels Airlines in red due to strikes"}]},{"@type":"WebSite","@id":"https:\/\/newmobility.news\/#website","url":"https:\/\/newmobility.news\/","name":"nouveaumobilit\u00e9.actualit\u00e9s","description":"Un service d'information B2BNews Agency\u00ae destin\u00e9 aux professionnels de la mobilit\u00e9","publisher":{"@id":"https:\/\/newmobility.news\/#organization"},"potentialAction":[{"@type":"SearchAction","target":{"@type":"EntryPoint","urlTemplate":"https:\/\/newmobility.news\/?s={search_term_string}"},"query-input":{"@type":"PropertyValueSpecification","valueRequired":true,"valueName":"search_term_string"}}],"inLanguage":"fr-BE"},{"@type":"Organization","@id":"https:\/\/newmobility.news\/#organization","name":"Agence de presse B2BNews","url":"https:\/\/newmobility.news\/","logo":{"@type":"ImageObject","inLanguage":"fr-BE","@id":"https:\/\/newmobility.news\/#\/schema\/logo\/image\/","url":"https:\/\/newmobility.news\/wp-content\/uploads\/2018\/01\/b2bnews-agency-logo.png","contentUrl":"https:\/\/newmobility.news\/wp-content\/uploads\/2018\/01\/b2bnews-agency-logo.png","width":"581","height":"117","caption":"B2BNews Agency"},"image":{"@id":"https:\/\/newmobility.news\/#\/schema\/logo\/image\/"},"sameAs":["https:\/\/www.facebook.com\/search\/top\/?q=newmobility.news","https:\/\/x.com\/jorisvry","https:\/\/www.linkedin.com\/in\/jorisvanroy\/","https:\/\/nl.pinterest.com\/jorisvanroy\/"]},{"@type":"Person","@id":"https:\/\/newmobility.news\/#\/schema\/person\/a31e684b1039b4a94985a9aae156f28b","name":"Luc Joris","image":{"@type":"ImageObject","inLanguage":"fr-BE","@id":"https:\/\/secure.gravatar.com\/avatar\/9e27cf9984ae903174b14c7dd33d523290f03fd71803b04bc6e486c7259b2920?s=96&d=mm&r=g","url":"https:\/\/secure.gravatar.com\/avatar\/9e27cf9984ae903174b14c7dd33d523290f03fd71803b04bc6e486c7259b2920?s=96&d=mm&r=g","contentUrl":"https:\/\/secure.gravatar.com\/avatar\/9e27cf9984ae903174b14c7dd33d523290f03fd71803b04bc6e486c7259b2920?s=96&d=mm&r=g","caption":"Luc Joris"},"url":"https:\/\/newmobility.news\/fr\/author\/belga-5\/"}]}},"jetpack_publicize_connections":[],"jetpack_featured_media_url":"https:\/\/i0.wp.com\/newmobility.news\/wp-content\/uploads\/2025\/04\/csm_Lufthansa_A380_2_4772d42469-258396.png?fit=1200%2C675&ssl=1","jetpack_shortlink":"https:\/\/wp.me\/p9wJdU-Hgl","jetpack_sharing_enabled":true,"jetpack_likes_enabled":true,"jetpack-related-posts":[],"_links":{"self":[{"href":"https:\/\/newmobility.news\/fr\/wp-json\/wp\/v2\/posts\/166305","targetHints":{"allow":["GET"]}}],"collection":[{"href":"https:\/\/newmobility.news\/fr\/wp-json\/wp\/v2\/posts"}],"about":[{"href":"https:\/\/newmobility.news\/fr\/wp-json\/wp\/v2\/types\/post"}],"author":[{"embeddable":true,"href":"https:\/\/newmobility.news\/fr\/wp-json\/wp\/v2\/users\/164"}],"replies":[{"embeddable":true,"href":"https:\/\/newmobility.news\/fr\/wp-json\/wp\/v2\/comments?post=166305"}],"version-history":[{"count":0,"href":"https:\/\/newmobility.news\/fr\/wp-json\/wp\/v2\/posts\/166305\/revisions"}],"wp:featuredmedia":[{"embeddable":true,"href":"https:\/\/newmobility.news\/fr\/wp-json\/wp\/v2\/media\/166325"}],"wp:attachment":[{"href":"https:\/\/newmobility.news\/fr\/wp-json\/wp\/v2\/media?parent=166305"}],"wp:term":[{"taxonomy":"category","embeddable":true,"href":"https:\/\/newmobility.news\/fr\/wp-json\/wp\/v2\/categories?post=166305"},{"taxonomy":"post_tag","embeddable":true,"href":"https:\/\/newmobility.news\/fr\/wp-json\/wp\/v2\/tags?post=166305"}],"curies":[{"name":"wp","href":"https:\/\/api.w.org\/{rel}","templated":true}]}}