{"id":166389,"date":"2025-05-06T11:23:36","date_gmt":"2025-05-06T09:23:36","guid":{"rendered":"https:\/\/newmobility.news\/?p=166389"},"modified":"2025-05-09T12:25:43","modified_gmt":"2025-05-09T10:25:43","slug":"luca-de-meo-john-elkann-the-fate-of-the-european-automotive-industry-is-at-stake","status":"publish","type":"post","link":"https:\/\/newmobility.news\/fr\/2025\/05\/06\/luca-de-meo-john-elkann-the-fate-of-the-european-automotive-industry-is-at-stake\/","title":{"rendered":"Luca de Meo\/John Elkann : \u2018 L'avenir de l'industrie automobile europ\u00e9enne est en jeu \u2019"},"content":{"rendered":"Le pr\u00e9sident de Stellantis, John Elkann, et le PDG de Renault, Luca De Meo, ont d\u00e9clar\u00e9 lundi dans une interview accord\u00e9e au Figaro que l'avenir de l'industrie automobile europ\u00e9enne se jouait cette ann\u00e9e. Tous deux plaident pour que l'Europe red\u00e9couvre ses origines : la voiture populaire et abordable. Ils affirment qu'un changement radical <div class=\"leaky_paywall_message_wrap\"><div id=\"leaky_paywall_message\">Ce contenu a \u00e9t\u00e9 archiv\u00e9. <a href=\"https:\/\/newmobility.news\/fr\/subscription\/\">Connectez-vous ou inscrivez-vous<\/a> \u00e0 un niveau qui donne acc\u00e8s au contenu archiv\u00e9.<\/div><\/div>","protected":false},"excerpt":{"rendered":"<p>Stellantis President John Elkann and Renault CEO Luca De Meo said in an interview with Le Figaro on Monday that the fate of the European automotive industry is being played out this year. Both are pleading for Europe to rediscover its origins: the popular and affordable car. They say that a radical This content has [&hellip;]<\/p>\n","protected":false},"author":13,"featured_media":166429,"comment_status":"closed","ping_status":"closed","sticky":false,"template":"","format":"standard","meta":{"_acf_changed":false,"jetpack_post_was_ever_published":false,"_jetpack_newsletter_access":"","_jetpack_dont_email_post_to_subs":false,"_jetpack_newsletter_tier_id":0,"_jetpack_memberships_contains_paywalled_content":false,"_jetpack_memberships_contains_paid_content":false,"footnotes":"","jetpack_publicize_message":"","jetpack_publicize_feature_enabled":true,"jetpack_social_post_already_shared":true,"jetpack_social_options":{"image_generator_settings":{"template":"highway","default_image_id":0,"font":"","enabled":false},"version":2},"_wpas_customize_per_network":false},"categories":[29,28,16,25,4,17],"tags":[],"class_list":["post-166389","post","type-post","status-publish","format-standard","has-post-thumbnail","hentry","category-environment","category-europe","category-industry","category-legislation","category-top-stories-today","category-weekly-newsletter"],"acf":[],"featured_image_urls_v2":{"full":["https:\/\/i0.wp.com\/newmobility.news\/wp-content\/uploads\/2025\/05\/Scherm%C2%ADafbeelding-2025-05-06-om-11.19.27.png?fit=2130%2C806&ssl=1",2130,806,false],"thumbnail":["https:\/\/i0.wp.com\/newmobility.news\/wp-content\/uploads\/2025\/05\/Scherm%C2%ADafbeelding-2025-05-06-om-11.19.27.png?resize=150%2C150&ssl=1",150,150,true],"medium":["https:\/\/i0.wp.com\/newmobility.news\/wp-content\/uploads\/2025\/05\/Scherm%C2%ADafbeelding-2025-05-06-om-11.19.27.png?fit=300%2C114&ssl=1",300,114,true],"medium_large":["https:\/\/i0.wp.com\/newmobility.news\/wp-content\/uploads\/2025\/05\/Scherm%C2%ADafbeelding-2025-05-06-om-11.19.27.png?fit=640%2C242&ssl=1",640,242,true],"large":["https:\/\/i0.wp.com\/newmobility.news\/wp-content\/uploads\/2025\/05\/Scherm%C2%ADafbeelding-2025-05-06-om-11.19.27.png?fit=640%2C242&ssl=1",640,242,true],"1536x1536":["https:\/\/i0.wp.com\/newmobility.news\/wp-content\/uploads\/2025\/05\/Scherm%C2%ADafbeelding-2025-05-06-om-11.19.27.png?fit=1536%2C581&ssl=1",1536,581,true],"2048x2048":["https:\/\/i0.wp.com\/newmobility.news\/wp-content\/uploads\/2025\/05\/Scherm%C2%ADafbeelding-2025-05-06-om-11.19.27.png?fit=2048%2C775&ssl=1",2048,775,true],"trp-custom-language-flag":["https:\/\/i0.wp.com\/newmobility.news\/wp-content\/uploads\/2025\/05\/Scherm%C2%ADafbeelding-2025-05-06-om-11.19.27.png?fit=18%2C7&ssl=1",18,7,true],"related-thumb":["https:\/\/i0.wp.com\/newmobility.news\/wp-content\/uploads\/2025\/05\/Scherm%C2%ADafbeelding-2025-05-06-om-11.19.27.png?resize=640%2C480&ssl=1",640,480,true],"gform-image-choice-sm":["https:\/\/i0.wp.com\/newmobility.news\/wp-content\/uploads\/2025\/05\/Scherm%C2%ADafbeelding-2025-05-06-om-11.19.27.png?resize=300%2C300&ssl=1",300,300,true],"gform-image-choice-md":["https:\/\/i0.wp.com\/newmobility.news\/wp-content\/uploads\/2025\/05\/Scherm%C2%ADafbeelding-2025-05-06-om-11.19.27.png?resize=400%2C400&ssl=1",400,400,true],"gform-image-choice-lg":["https:\/\/i0.wp.com\/newmobility.news\/wp-content\/uploads\/2025\/05\/Scherm%C2%ADafbeelding-2025-05-06-om-11.19.27.png?resize=600%2C600&ssl=1",600,600,true],"mailchimp":["https:\/\/i0.wp.com\/newmobility.news\/wp-content\/uploads\/2025\/05\/Scherm%C2%ADafbeelding-2025-05-06-om-11.19.27.png?fit=560%2C212&ssl=1",560,212,true],"unipress-phone":["https:\/\/i0.wp.com\/newmobility.news\/wp-content\/uploads\/2025\/05\/Scherm%C2%ADafbeelding-2025-05-06-om-11.19.27.png?resize=640%2C100&ssl=1",640,100,true],"unipress-tablet":["https:\/\/i0.wp.com\/newmobility.news\/wp-content\/uploads\/2025\/05\/Scherm%C2%ADafbeelding-2025-05-06-om-11.19.27.png?resize=1536%2C240&ssl=1",1536,240,true],"unipress-tablet-portrait":["https:\/\/i0.wp.com\/newmobility.news\/wp-content\/uploads\/2025\/05\/Scherm%C2%ADafbeelding-2025-05-06-om-11.19.27.png?resize=1536%2C180&ssl=1",1536,180,true],"unipress-tablet-landscape":["https:\/\/i0.wp.com\/newmobility.news\/wp-content\/uploads\/2025\/05\/Scherm%C2%ADafbeelding-2025-05-06-om-11.19.27.png?resize=2048%2C180&ssl=1",2048,180,true],"unipress-smartphone":["https:\/\/i0.wp.com\/newmobility.news\/wp-content\/uploads\/2025\/05\/Scherm%C2%ADafbeelding-2025-05-06-om-11.19.27.png?resize=1080%2C168&ssl=1",1080,168,true],"unipress-wide-screen":["https:\/\/i0.wp.com\/newmobility.news\/wp-content\/uploads\/2025\/05\/Scherm%C2%ADafbeelding-2025-05-06-om-11.19.27.png?resize=2130%2C180&ssl=1",2130,180,true]},"post_excerpt_stackable_v2":"<p>Stellantis President John Elkann and Renault CEO Luca De Meo said in an interview with Le Figaro on Monday that the fate of the European automotive industry is being played out this year. Both are pleading for Europe to rediscover its origins: the popular and affordable car. They say that a radical This content has been archived. Log in or Subscribe to a level that has access to archived content.<\/p>\n","category_list_v2":"<a href=\"https:\/\/newmobility.news\/fr\/category\/environment\/\" rel=\"category tag\">Environment<\/a>, <a href=\"https:\/\/newmobility.news\/fr\/category\/europe\/\" rel=\"category tag\">Europe<\/a>, <a href=\"https:\/\/newmobility.news\/fr\/category\/industry\/\" rel=\"category tag\">Industry<\/a>, <a href=\"https:\/\/newmobility.news\/fr\/category\/legislation\/\" rel=\"category tag\">Legislation<\/a>, <a href=\"https:\/\/newmobility.news\/fr\/category\/top-stories-today\/\" rel=\"category tag\">Top Stories Today<\/a>, <a href=\"https:\/\/newmobility.news\/fr\/category\/weekly-newsletter\/\" rel=\"category tag\">Weekly Newsletter<\/a>","author_info_v2":{"name":"Tony Verhelle","url":"https:\/\/newmobility.news\/fr\/author\/toverbel\/"},"comments_num_v2":"0 comments","yoast_head":"<!-- This site is optimized with the Yoast SEO plugin v27.5 - https:\/\/yoast.com\/product\/yoast-seo-wordpress\/ -->\n<title>Luca de Meo\/John Elkann: &#039;The fate of the European automotive industry is at stake&#039; - newmobility.news<\/title>\n<meta name=\"robots\" content=\"index, follow, max-snippet:-1, max-image-preview:large, max-video-preview:-1\" \/>\n<link rel=\"canonical\" href=\"https:\/\/newmobility.news\/fr\/2025\/05\/06\/luca-de-meo-john-elkann-the-fate-of-the-european-automotive-industry-is-at-stake\/\" \/>\n<meta property=\"og:locale\" content=\"fr_FR\" \/>\n<meta property=\"og:type\" content=\"article\" \/>\n<meta property=\"og:title\" content=\"Luca de Meo\/John Elkann: &#039;The fate of the European automotive industry is at stake&#039; - newmobility.news\" \/>\n<meta property=\"og:description\" content=\"Stellantis President John Elkann and Renault CEO Luca De Meo said in an interview with Le Figaro on Monday that the fate of the European automotive industry is being played out this year. Both are pleading for Europe to rediscover its origins: the popular and affordable car. They say that a radical This content has [&hellip;]\" \/>\n<meta property=\"og:url\" content=\"https:\/\/newmobility.news\/fr\/2025\/05\/06\/luca-de-meo-john-elkann-the-fate-of-the-european-automotive-industry-is-at-stake\/\" \/>\n<meta property=\"og:site_name\" content=\"newmobility.news\" \/>\n<meta property=\"article:publisher\" content=\"https:\/\/www.facebook.com\/search\/top\/?q=newmobility.news\" \/>\n<meta property=\"article:published_time\" content=\"2025-05-06T09:23:36+00:00\" \/>\n<meta property=\"article:modified_time\" content=\"2025-05-09T10:25:43+00:00\" \/>\n<meta property=\"og:image\" content=\"https:\/\/newmobility.news\/wp-content\/uploads\/2025\/05\/Scherm\u00adafbeelding-2025-05-06-om-11.19.27.png\" \/>\n\t<meta property=\"og:image:width\" content=\"2130\" \/>\n\t<meta property=\"og:image:height\" content=\"806\" \/>\n\t<meta property=\"og:image:type\" content=\"image\/png\" \/>\n<meta name=\"author\" content=\"Tony Verhelle\" \/>\n<meta name=\"twitter:card\" content=\"summary_large_image\" \/>\n<meta name=\"twitter:creator\" content=\"@jorisvry\" \/>\n<meta name=\"twitter:site\" content=\"@jorisvry\" \/>\n<meta name=\"twitter:label1\" content=\"\u00c9crit par\" \/>\n\t<meta name=\"twitter:data1\" content=\"Tony Verhelle\" \/>\n\t<meta name=\"twitter:label2\" content=\"Dur\u00e9e de lecture est.\" \/>\n\t<meta name=\"twitter:data2\" content=\"4 minutes\" \/>\n<script type=\"application\/ld+json\" class=\"yoast-schema-graph\">{\"@context\":\"https:\\\/\\\/schema.org\",\"@graph\":[{\"@type\":\"Article\",\"@id\":\"https:\\\/\\\/newmobility.news\\\/2025\\\/05\\\/06\\\/luca-de-meo-john-elkann-the-fate-of-the-european-automotive-industry-is-at-stake\\\/#article\",\"isPartOf\":{\"@id\":\"https:\\\/\\\/newmobility.news\\\/2025\\\/05\\\/06\\\/luca-de-meo-john-elkann-the-fate-of-the-european-automotive-industry-is-at-stake\\\/\"},\"author\":{\"name\":\"Tony Verhelle\",\"@id\":\"https:\\\/\\\/newmobility.news\\\/#\\\/schema\\\/person\\\/2ff3ee98a47b47a64547742d0f598008\"},\"headline\":\"Luca de Meo\\\/John Elkann: &#8216;The fate of the European automotive industry is at stake&#8217;\",\"datePublished\":\"2025-05-06T09:23:36+00:00\",\"dateModified\":\"2025-05-09T10:25:43+00:00\",\"mainEntityOfPage\":{\"@id\":\"https:\\\/\\\/newmobility.news\\\/2025\\\/05\\\/06\\\/luca-de-meo-john-elkann-the-fate-of-the-european-automotive-industry-is-at-stake\\\/\"},\"wordCount\":867,\"publisher\":{\"@id\":\"https:\\\/\\\/newmobility.news\\\/#organization\"},\"image\":{\"@id\":\"https:\\\/\\\/newmobility.news\\\/2025\\\/05\\\/06\\\/luca-de-meo-john-elkann-the-fate-of-the-european-automotive-industry-is-at-stake\\\/#primaryimage\"},\"thumbnailUrl\":\"https:\\\/\\\/i0.wp.com\\\/newmobility.news\\\/wp-content\\\/uploads\\\/2025\\\/05\\\/Scherm%C2%ADafbeelding-2025-05-06-om-11.19.27.png?fit=2130%2C806&ssl=1\",\"articleSection\":[\"Environment\",\"Europe\",\"Industry\",\"Legislation\",\"Top Stories Today\",\"Weekly Newsletter\"],\"inLanguage\":\"fr-BE\"},{\"@type\":\"WebPage\",\"@id\":\"https:\\\/\\\/newmobility.news\\\/2025\\\/05\\\/06\\\/luca-de-meo-john-elkann-the-fate-of-the-european-automotive-industry-is-at-stake\\\/\",\"url\":\"https:\\\/\\\/newmobility.news\\\/2025\\\/05\\\/06\\\/luca-de-meo-john-elkann-the-fate-of-the-european-automotive-industry-is-at-stake\\\/\",\"name\":\"Luca de Meo\\\/John Elkann: 'The fate of the European automotive industry is at stake' - newmobility.news\",\"isPartOf\":{\"@id\":\"https:\\\/\\\/newmobility.news\\\/#website\"},\"primaryImageOfPage\":{\"@id\":\"https:\\\/\\\/newmobility.news\\\/2025\\\/05\\\/06\\\/luca-de-meo-john-elkann-the-fate-of-the-european-automotive-industry-is-at-stake\\\/#primaryimage\"},\"image\":{\"@id\":\"https:\\\/\\\/newmobility.news\\\/2025\\\/05\\\/06\\\/luca-de-meo-john-elkann-the-fate-of-the-european-automotive-industry-is-at-stake\\\/#primaryimage\"},\"thumbnailUrl\":\"https:\\\/\\\/i0.wp.com\\\/newmobility.news\\\/wp-content\\\/uploads\\\/2025\\\/05\\\/Scherm%C2%ADafbeelding-2025-05-06-om-11.19.27.png?fit=2130%2C806&ssl=1\",\"datePublished\":\"2025-05-06T09:23:36+00:00\",\"dateModified\":\"2025-05-09T10:25:43+00:00\",\"breadcrumb\":{\"@id\":\"https:\\\/\\\/newmobility.news\\\/2025\\\/05\\\/06\\\/luca-de-meo-john-elkann-the-fate-of-the-european-automotive-industry-is-at-stake\\\/#breadcrumb\"},\"inLanguage\":\"fr-BE\",\"potentialAction\":[{\"@type\":\"ReadAction\",\"target\":[\"https:\\\/\\\/newmobility.news\\\/2025\\\/05\\\/06\\\/luca-de-meo-john-elkann-the-fate-of-the-european-automotive-industry-is-at-stake\\\/\"]}]},{\"@type\":\"ImageObject\",\"inLanguage\":\"fr-BE\",\"@id\":\"https:\\\/\\\/newmobility.news\\\/2025\\\/05\\\/06\\\/luca-de-meo-john-elkann-the-fate-of-the-european-automotive-industry-is-at-stake\\\/#primaryimage\",\"url\":\"https:\\\/\\\/i0.wp.com\\\/newmobility.news\\\/wp-content\\\/uploads\\\/2025\\\/05\\\/Scherm%C2%ADafbeelding-2025-05-06-om-11.19.27.png?fit=2130%2C806&ssl=1\",\"contentUrl\":\"https:\\\/\\\/i0.wp.com\\\/newmobility.news\\\/wp-content\\\/uploads\\\/2025\\\/05\\\/Scherm%C2%ADafbeelding-2025-05-06-om-11.19.27.png?fit=2130%2C806&ssl=1\",\"width\":2130,\"height\":806,\"caption\":\"Luca de Meo (Renault CEO) and John Elkann (Stellantis President) sound the alarm clock on Europe's automotive indistry \\\/Renault and Stellantis\"},{\"@type\":\"BreadcrumbList\",\"@id\":\"https:\\\/\\\/newmobility.news\\\/2025\\\/05\\\/06\\\/luca-de-meo-john-elkann-the-fate-of-the-european-automotive-industry-is-at-stake\\\/#breadcrumb\",\"itemListElement\":[{\"@type\":\"ListItem\",\"position\":1,\"name\":\"Home\",\"item\":\"https:\\\/\\\/newmobility.news\\\/\"},{\"@type\":\"ListItem\",\"position\":2,\"name\":\"Luca de Meo\\\/John Elkann: &#8216;The fate of the European automotive industry is at stake&#8217;\"}]},{\"@type\":\"WebSite\",\"@id\":\"https:\\\/\\\/newmobility.news\\\/#website\",\"url\":\"https:\\\/\\\/newmobility.news\\\/\",\"name\":\"newmobility.news\",\"description\":\"A B2BNews Agency\u00ae news service for mobility business proessional\",\"publisher\":{\"@id\":\"https:\\\/\\\/newmobility.news\\\/#organization\"},\"potentialAction\":[{\"@type\":\"SearchAction\",\"target\":{\"@type\":\"EntryPoint\",\"urlTemplate\":\"https:\\\/\\\/newmobility.news\\\/?s={search_term_string}\"},\"query-input\":{\"@type\":\"PropertyValueSpecification\",\"valueRequired\":true,\"valueName\":\"search_term_string\"}}],\"inLanguage\":\"fr-BE\"},{\"@type\":\"Organization\",\"@id\":\"https:\\\/\\\/newmobility.news\\\/#organization\",\"name\":\"B2BNews Agency\",\"url\":\"https:\\\/\\\/newmobility.news\\\/\",\"logo\":{\"@type\":\"ImageObject\",\"inLanguage\":\"fr-BE\",\"@id\":\"https:\\\/\\\/newmobility.news\\\/#\\\/schema\\\/logo\\\/image\\\/\",\"url\":\"https:\\\/\\\/newmobility.news\\\/wp-content\\\/uploads\\\/2018\\\/01\\\/b2bnews-agency-logo.png\",\"contentUrl\":\"https:\\\/\\\/newmobility.news\\\/wp-content\\\/uploads\\\/2018\\\/01\\\/b2bnews-agency-logo.png\",\"width\":\"581\",\"height\":\"117\",\"caption\":\"B2BNews Agency\"},\"image\":{\"@id\":\"https:\\\/\\\/newmobility.news\\\/#\\\/schema\\\/logo\\\/image\\\/\"},\"sameAs\":[\"https:\\\/\\\/www.facebook.com\\\/search\\\/top\\\/?q=newmobility.news\",\"https:\\\/\\\/x.com\\\/jorisvry\",\"https:\\\/\\\/www.linkedin.com\\\/in\\\/jorisvanroy\\\/\",\"https:\\\/\\\/nl.pinterest.com\\\/jorisvanroy\\\/\"]},{\"@type\":\"Person\",\"@id\":\"https:\\\/\\\/newmobility.news\\\/#\\\/schema\\\/person\\\/2ff3ee98a47b47a64547742d0f598008\",\"name\":\"Tony Verhelle\",\"image\":{\"@type\":\"ImageObject\",\"inLanguage\":\"fr-BE\",\"@id\":\"https:\\\/\\\/secure.gravatar.com\\\/avatar\\\/3aa7bc7e3c29543b27eddb4850cf5b080b7eed539a9cc5c8807f7fae34c56438?s=96&d=mm&r=g\",\"url\":\"https:\\\/\\\/secure.gravatar.com\\\/avatar\\\/3aa7bc7e3c29543b27eddb4850cf5b080b7eed539a9cc5c8807f7fae34c56438?s=96&d=mm&r=g\",\"contentUrl\":\"https:\\\/\\\/secure.gravatar.com\\\/avatar\\\/3aa7bc7e3c29543b27eddb4850cf5b080b7eed539a9cc5c8807f7fae34c56438?s=96&d=mm&r=g\",\"caption\":\"Tony Verhelle\"},\"url\":\"https:\\\/\\\/newmobility.news\\\/fr\\\/author\\\/toverbel\\\/\"}]}<\/script>\n<!-- \/ Yoast SEO plugin. -->","yoast_head_json":{"title":"Luca de Meo\/John Elkann : ' L'avenir de l'industrie automobile europ\u00e9enne est en jeu ' - newmobility.news","robots":{"index":"index","follow":"follow","max-snippet":"max-snippet:-1","max-image-preview":"max-image-preview:large","max-video-preview":"max-video-preview:-1"},"canonical":"https:\/\/newmobility.news\/fr\/2025\/05\/06\/luca-de-meo-john-elkann-the-fate-of-the-european-automotive-industry-is-at-stake\/","og_locale":"fr_FR","og_type":"article","og_title":"Luca de Meo\/John Elkann: 'The fate of the European automotive industry is at stake' - newmobility.news","og_description":"Stellantis President John Elkann and Renault CEO Luca De Meo said in an interview with Le Figaro on Monday that the fate of the European automotive industry is being played out this year. Both are pleading for Europe to rediscover its origins: the popular and affordable car. They say that a radical This content has [&hellip;]","og_url":"https:\/\/newmobility.news\/fr\/2025\/05\/06\/luca-de-meo-john-elkann-the-fate-of-the-european-automotive-industry-is-at-stake\/","og_site_name":"newmobility.news","article_publisher":"https:\/\/www.facebook.com\/search\/top\/?q=newmobility.news","article_published_time":"2025-05-06T09:23:36+00:00","article_modified_time":"2025-05-09T10:25:43+00:00","og_image":[{"width":2130,"height":806,"url":"https:\/\/newmobility.news\/wp-content\/uploads\/2025\/05\/Scherm\u00adafbeelding-2025-05-06-om-11.19.27.png","type":"image\/png"}],"author":"Tony Verhelle","twitter_card":"summary_large_image","twitter_creator":"@jorisvry","twitter_site":"@jorisvry","twitter_misc":{"\u00c9crit par":"Tony Verhelle","Dur\u00e9e de lecture est.":"4 minutes"},"schema":{"@context":"https:\/\/schema.org","@graph":[{"@type":"Article","@id":"https:\/\/newmobility.news\/2025\/05\/06\/luca-de-meo-john-elkann-the-fate-of-the-european-automotive-industry-is-at-stake\/#article","isPartOf":{"@id":"https:\/\/newmobility.news\/2025\/05\/06\/luca-de-meo-john-elkann-the-fate-of-the-european-automotive-industry-is-at-stake\/"},"author":{"name":"Tony Verhelle","@id":"https:\/\/newmobility.news\/#\/schema\/person\/2ff3ee98a47b47a64547742d0f598008"},"headline":"Luca de Meo\/John Elkann: &#8216;The fate of the European automotive industry is at stake&#8217;","datePublished":"2025-05-06T09:23:36+00:00","dateModified":"2025-05-09T10:25:43+00:00","mainEntityOfPage":{"@id":"https:\/\/newmobility.news\/2025\/05\/06\/luca-de-meo-john-elkann-the-fate-of-the-european-automotive-industry-is-at-stake\/"},"wordCount":867,"publisher":{"@id":"https:\/\/newmobility.news\/#organization"},"image":{"@id":"https:\/\/newmobility.news\/2025\/05\/06\/luca-de-meo-john-elkann-the-fate-of-the-european-automotive-industry-is-at-stake\/#primaryimage"},"thumbnailUrl":"https:\/\/i0.wp.com\/newmobility.news\/wp-content\/uploads\/2025\/05\/Scherm%C2%ADafbeelding-2025-05-06-om-11.19.27.png?fit=2130%2C806&ssl=1","articleSection":["Environment","Europe","Industry","Legislation","Top Stories Today","Weekly Newsletter"],"inLanguage":"fr-BE"},{"@type":"WebPage","@id":"https:\/\/newmobility.news\/2025\/05\/06\/luca-de-meo-john-elkann-the-fate-of-the-european-automotive-industry-is-at-stake\/","url":"https:\/\/newmobility.news\/2025\/05\/06\/luca-de-meo-john-elkann-the-fate-of-the-european-automotive-industry-is-at-stake\/","name":"Luca de Meo\/John Elkann : ' L'avenir de l'industrie automobile europ\u00e9enne est en jeu ' - newmobility.news","isPartOf":{"@id":"https:\/\/newmobility.news\/#website"},"primaryImageOfPage":{"@id":"https:\/\/newmobility.news\/2025\/05\/06\/luca-de-meo-john-elkann-the-fate-of-the-european-automotive-industry-is-at-stake\/#primaryimage"},"image":{"@id":"https:\/\/newmobility.news\/2025\/05\/06\/luca-de-meo-john-elkann-the-fate-of-the-european-automotive-industry-is-at-stake\/#primaryimage"},"thumbnailUrl":"https:\/\/i0.wp.com\/newmobility.news\/wp-content\/uploads\/2025\/05\/Scherm%C2%ADafbeelding-2025-05-06-om-11.19.27.png?fit=2130%2C806&ssl=1","datePublished":"2025-05-06T09:23:36+00:00","dateModified":"2025-05-09T10:25:43+00:00","breadcrumb":{"@id":"https:\/\/newmobility.news\/2025\/05\/06\/luca-de-meo-john-elkann-the-fate-of-the-european-automotive-industry-is-at-stake\/#breadcrumb"},"inLanguage":"fr-BE","potentialAction":[{"@type":"ReadAction","target":["https:\/\/newmobility.news\/2025\/05\/06\/luca-de-meo-john-elkann-the-fate-of-the-european-automotive-industry-is-at-stake\/"]}]},{"@type":"ImageObject","inLanguage":"fr-BE","@id":"https:\/\/newmobility.news\/2025\/05\/06\/luca-de-meo-john-elkann-the-fate-of-the-european-automotive-industry-is-at-stake\/#primaryimage","url":"https:\/\/i0.wp.com\/newmobility.news\/wp-content\/uploads\/2025\/05\/Scherm%C2%ADafbeelding-2025-05-06-om-11.19.27.png?fit=2130%2C806&ssl=1","contentUrl":"https:\/\/i0.wp.com\/newmobility.news\/wp-content\/uploads\/2025\/05\/Scherm%C2%ADafbeelding-2025-05-06-om-11.19.27.png?fit=2130%2C806&ssl=1","width":2130,"height":806,"caption":"Luca de Meo (Renault CEO) and John Elkann (Stellantis President) sound the alarm clock on Europe's automotive indistry \/Renault and Stellantis"},{"@type":"BreadcrumbList","@id":"https:\/\/newmobility.news\/2025\/05\/06\/luca-de-meo-john-elkann-the-fate-of-the-european-automotive-industry-is-at-stake\/#breadcrumb","itemListElement":[{"@type":"ListItem","position":1,"name":"Home","item":"https:\/\/newmobility.news\/"},{"@type":"ListItem","position":2,"name":"Luca de Meo\/John Elkann: &#8216;The fate of the European automotive industry is at stake&#8217;"}]},{"@type":"WebSite","@id":"https:\/\/newmobility.news\/#website","url":"https:\/\/newmobility.news\/","name":"nouveaumobilit\u00e9.actualit\u00e9s","description":"Un service d'information B2BNews Agency\u00ae destin\u00e9 aux professionnels de la mobilit\u00e9","publisher":{"@id":"https:\/\/newmobility.news\/#organization"},"potentialAction":[{"@type":"SearchAction","target":{"@type":"EntryPoint","urlTemplate":"https:\/\/newmobility.news\/?s={search_term_string}"},"query-input":{"@type":"PropertyValueSpecification","valueRequired":true,"valueName":"search_term_string"}}],"inLanguage":"fr-BE"},{"@type":"Organization","@id":"https:\/\/newmobility.news\/#organization","name":"Agence de presse B2BNews","url":"https:\/\/newmobility.news\/","logo":{"@type":"ImageObject","inLanguage":"fr-BE","@id":"https:\/\/newmobility.news\/#\/schema\/logo\/image\/","url":"https:\/\/newmobility.news\/wp-content\/uploads\/2018\/01\/b2bnews-agency-logo.png","contentUrl":"https:\/\/newmobility.news\/wp-content\/uploads\/2018\/01\/b2bnews-agency-logo.png","width":"581","height":"117","caption":"B2BNews Agency"},"image":{"@id":"https:\/\/newmobility.news\/#\/schema\/logo\/image\/"},"sameAs":["https:\/\/www.facebook.com\/search\/top\/?q=newmobility.news","https:\/\/x.com\/jorisvry","https:\/\/www.linkedin.com\/in\/jorisvanroy\/","https:\/\/nl.pinterest.com\/jorisvanroy\/"]},{"@type":"Person","@id":"https:\/\/newmobility.news\/#\/schema\/person\/2ff3ee98a47b47a64547742d0f598008","name":"Tony Verhelle","image":{"@type":"ImageObject","inLanguage":"fr-BE","@id":"https:\/\/secure.gravatar.com\/avatar\/3aa7bc7e3c29543b27eddb4850cf5b080b7eed539a9cc5c8807f7fae34c56438?s=96&d=mm&r=g","url":"https:\/\/secure.gravatar.com\/avatar\/3aa7bc7e3c29543b27eddb4850cf5b080b7eed539a9cc5c8807f7fae34c56438?s=96&d=mm&r=g","contentUrl":"https:\/\/secure.gravatar.com\/avatar\/3aa7bc7e3c29543b27eddb4850cf5b080b7eed539a9cc5c8807f7fae34c56438?s=96&d=mm&r=g","caption":"Tony Verhelle"},"url":"https:\/\/newmobility.news\/fr\/author\/toverbel\/"}]}},"jetpack_publicize_connections":[],"jetpack_featured_media_url":"https:\/\/i0.wp.com\/newmobility.news\/wp-content\/uploads\/2025\/05\/Scherm%C2%ADafbeelding-2025-05-06-om-11.19.27.png?fit=2130%2C806&ssl=1","jetpack_shortlink":"https:\/\/wp.me\/p9wJdU-HhH","jetpack_sharing_enabled":true,"jetpack_likes_enabled":true,"jetpack-related-posts":[],"_links":{"self":[{"href":"https:\/\/newmobility.news\/fr\/wp-json\/wp\/v2\/posts\/166389","targetHints":{"allow":["GET"]}}],"collection":[{"href":"https:\/\/newmobility.news\/fr\/wp-json\/wp\/v2\/posts"}],"about":[{"href":"https:\/\/newmobility.news\/fr\/wp-json\/wp\/v2\/types\/post"}],"author":[{"embeddable":true,"href":"https:\/\/newmobility.news\/fr\/wp-json\/wp\/v2\/users\/13"}],"replies":[{"embeddable":true,"href":"https:\/\/newmobility.news\/fr\/wp-json\/wp\/v2\/comments?post=166389"}],"version-history":[{"count":0,"href":"https:\/\/newmobility.news\/fr\/wp-json\/wp\/v2\/posts\/166389\/revisions"}],"wp:featuredmedia":[{"embeddable":true,"href":"https:\/\/newmobility.news\/fr\/wp-json\/wp\/v2\/media\/166429"}],"wp:attachment":[{"href":"https:\/\/newmobility.news\/fr\/wp-json\/wp\/v2\/media?parent=166389"}],"wp:term":[{"taxonomy":"category","embeddable":true,"href":"https:\/\/newmobility.news\/fr\/wp-json\/wp\/v2\/categories?post=166389"},{"taxonomy":"post_tag","embeddable":true,"href":"https:\/\/newmobility.news\/fr\/wp-json\/wp\/v2\/tags?post=166389"}],"curies":[{"name":"wp","href":"https:\/\/api.w.org\/{rel}","templated":true}]}}