{"id":166461,"date":"2025-05-07T12:20:15","date_gmt":"2025-05-07T10:20:15","guid":{"rendered":"https:\/\/newmobility.news\/?p=166461"},"modified":"2025-05-07T11:05:07","modified_gmt":"2025-05-07T09:05:07","slug":"kim-dutch-fly-and-drive-100-billion-kilometers-per-year","status":"publish","type":"post","link":"https:\/\/newmobility.news\/fr\/2025\/05\/07\/kim-dutch-fly-and-drive-100-billion-kilometers-per-year\/","title":{"rendered":"KiM : \u2018 Les N\u00e9erlandais parcourent 100 milliards de kilom\u00e8tres par an en voiture \u2019"},"content":{"rendered":"L'ann\u00e9e derni\u00e8re, les N\u00e9erlandais ont parcouru 100 milliards de kilom\u00e8tres en avion, soit 2,5 millions de fois le tour du monde. Ce chiffre a \u00e9t\u00e9 calcul\u00e9 par l'Institut n\u00e9erlandais pour la politique de mobilit\u00e9 (KiM). Cela correspond au nombre de kilom\u00e8tres parcourus chaque ann\u00e9e en voiture par les N\u00e9erlandais, \u00e0 la diff\u00e9rence pr\u00e8s que la moiti\u00e9 de ces kilom\u00e8tres ont \u00e9t\u00e9 parcourus par 9% de t<div class=\"leaky_paywall_message_wrap\"><div id=\"leaky_paywall_message\">Ce contenu a \u00e9t\u00e9 archiv\u00e9. <a href=\"https:\/\/newmobility.news\/fr\/subscription\/\">Connectez-vous ou inscrivez-vous<\/a> \u00e0 un niveau qui donne acc\u00e8s au contenu archiv\u00e9.<\/div><\/div>","protected":false},"excerpt":{"rendered":"<p>Last year, the Dutch flew 100 billion km, or 2.5 million times around the world. This was calculated by the Knowledge Institute for Mobility Policy (KiM). It&#8217;s as many kilometers as the Dutch drive by car annually, but with the difference that half of all the kilometers flown are traveled by 9% of tThis content [&hellip;]<\/p>\n","protected":false},"author":164,"featured_media":166474,"comment_status":"closed","ping_status":"closed","sticky":false,"template":"","format":"standard","meta":{"_acf_changed":false,"jetpack_post_was_ever_published":false,"_jetpack_newsletter_access":"","_jetpack_dont_email_post_to_subs":false,"_jetpack_newsletter_tier_id":0,"_jetpack_memberships_contains_paywalled_content":false,"_jetpack_memberships_contains_paid_content":false,"footnotes":"","jetpack_publicize_message":"","jetpack_publicize_feature_enabled":true,"jetpack_social_post_already_shared":true,"jetpack_social_options":{"image_generator_settings":{"template":"highway","default_image_id":0,"font":"","enabled":false},"version":2},"_wpas_customize_per_network":false},"categories":[77152,14496,7,4],"tags":[],"class_list":["post-166461","post","type-post","status-publish","format-standard","has-post-thumbnail","hentry","category-aviation","category-climate","category-mobility","category-top-stories-today"],"acf":[],"featured_image_urls_v2":{"full":["https:\/\/i0.wp.com\/newmobility.news\/wp-content\/uploads\/2025\/05\/Schiphol-scaled.png?fit=2560%2C1228&ssl=1",2560,1228,false],"thumbnail":["https:\/\/i0.wp.com\/newmobility.news\/wp-content\/uploads\/2025\/05\/Schiphol-scaled.png?resize=150%2C150&ssl=1",150,150,true],"medium":["https:\/\/i0.wp.com\/newmobility.news\/wp-content\/uploads\/2025\/05\/Schiphol-scaled.png?fit=300%2C144&ssl=1",300,144,true],"medium_large":["https:\/\/i0.wp.com\/newmobility.news\/wp-content\/uploads\/2025\/05\/Schiphol-scaled.png?fit=640%2C307&ssl=1",640,307,true],"large":["https:\/\/i0.wp.com\/newmobility.news\/wp-content\/uploads\/2025\/05\/Schiphol-scaled.png?fit=640%2C307&ssl=1",640,307,true],"1536x1536":["https:\/\/i0.wp.com\/newmobility.news\/wp-content\/uploads\/2025\/05\/Schiphol-scaled.png?fit=1536%2C737&ssl=1",1536,737,true],"2048x2048":["https:\/\/i0.wp.com\/newmobility.news\/wp-content\/uploads\/2025\/05\/Schiphol-scaled.png?fit=2048%2C982&ssl=1",2048,982,true],"trp-custom-language-flag":["https:\/\/i0.wp.com\/newmobility.news\/wp-content\/uploads\/2025\/05\/Schiphol-scaled.png?fit=18%2C9&ssl=1",18,9,true],"related-thumb":["https:\/\/i0.wp.com\/newmobility.news\/wp-content\/uploads\/2025\/05\/Schiphol-scaled.png?resize=640%2C480&ssl=1",640,480,true],"gform-image-choice-sm":["https:\/\/i0.wp.com\/newmobility.news\/wp-content\/uploads\/2025\/05\/Schiphol-scaled.png?resize=300%2C300&ssl=1",300,300,true],"gform-image-choice-md":["https:\/\/i0.wp.com\/newmobility.news\/wp-content\/uploads\/2025\/05\/Schiphol-scaled.png?resize=400%2C400&ssl=1",400,400,true],"gform-image-choice-lg":["https:\/\/i0.wp.com\/newmobility.news\/wp-content\/uploads\/2025\/05\/Schiphol-scaled.png?resize=600%2C600&ssl=1",600,600,true],"mailchimp":["https:\/\/i0.wp.com\/newmobility.news\/wp-content\/uploads\/2025\/05\/Schiphol-scaled.png?fit=560%2C269&ssl=1",560,269,true],"unipress-phone":["https:\/\/i0.wp.com\/newmobility.news\/wp-content\/uploads\/2025\/05\/Schiphol-scaled.png?resize=640%2C100&ssl=1",640,100,true],"unipress-tablet":["https:\/\/i0.wp.com\/newmobility.news\/wp-content\/uploads\/2025\/05\/Schiphol-scaled.png?resize=1536%2C240&ssl=1",1536,240,true],"unipress-tablet-portrait":["https:\/\/i0.wp.com\/newmobility.news\/wp-content\/uploads\/2025\/05\/Schiphol-scaled.png?resize=1536%2C180&ssl=1",1536,180,true],"unipress-tablet-landscape":["https:\/\/i0.wp.com\/newmobility.news\/wp-content\/uploads\/2025\/05\/Schiphol-scaled.png?resize=2048%2C180&ssl=1",2048,180,true],"unipress-smartphone":["https:\/\/i0.wp.com\/newmobility.news\/wp-content\/uploads\/2025\/05\/Schiphol-scaled.png?resize=1080%2C168&ssl=1",1080,168,true],"unipress-wide-screen":["https:\/\/i0.wp.com\/newmobility.news\/wp-content\/uploads\/2025\/05\/Schiphol-scaled.png?resize=2560%2C180&ssl=1",2560,180,true]},"post_excerpt_stackable_v2":"<p>Last year, the Dutch flew 100 billion km, or 2.5 million times around the world. This was calculated by the Knowledge Institute for Mobility Policy (KiM). It&#8217;s as many kilometers as the Dutch drive by car annually, but with the difference that half of all the kilometers flown are traveled by 9% of tThis content has been archived. Log in or Subscribe to a level that has access to archived content.<\/p>\n","category_list_v2":"<a href=\"https:\/\/newmobility.news\/fr\/category\/aviation\/\" rel=\"category tag\">Aviation<\/a>, <a href=\"https:\/\/newmobility.news\/fr\/category\/climate\/\" rel=\"category tag\">Climate<\/a>, <a href=\"https:\/\/newmobility.news\/fr\/category\/mobility\/\" rel=\"category tag\">Mobility<\/a>, <a href=\"https:\/\/newmobility.news\/fr\/category\/top-stories-today\/\" rel=\"category tag\">Top Stories Today<\/a>","author_info_v2":{"name":"Luc Joris","url":"https:\/\/newmobility.news\/fr\/author\/belga-5\/"},"comments_num_v2":"0 comments","yoast_head":"<!-- This site is optimized with the Yoast SEO plugin v27.5 - https:\/\/yoast.com\/product\/yoast-seo-wordpress\/ -->\n<title>KiM: &#039;Dutch fly and drive 100 billion kilometers per year&#039; - newmobility.news<\/title>\n<meta name=\"robots\" content=\"index, follow, max-snippet:-1, max-image-preview:large, max-video-preview:-1\" \/>\n<link rel=\"canonical\" href=\"https:\/\/newmobility.news\/fr\/2025\/05\/07\/kim-dutch-fly-and-drive-100-billion-kilometers-per-year\/\" \/>\n<meta property=\"og:locale\" content=\"fr_FR\" \/>\n<meta property=\"og:type\" content=\"article\" \/>\n<meta property=\"og:title\" content=\"KiM: &#039;Dutch fly and drive 100 billion kilometers per year&#039; - newmobility.news\" \/>\n<meta property=\"og:description\" content=\"Last year, the Dutch flew 100 billion km, or 2.5 million times around the world. This was calculated by the Knowledge Institute for Mobility Policy (KiM). It&#039;s as many kilometers as the Dutch drive by car annually, but with the difference that half of all the kilometers flown are traveled by 9% of tThis content [&hellip;]\" \/>\n<meta property=\"og:url\" content=\"https:\/\/newmobility.news\/fr\/2025\/05\/07\/kim-dutch-fly-and-drive-100-billion-kilometers-per-year\/\" \/>\n<meta property=\"og:site_name\" content=\"newmobility.news\" \/>\n<meta property=\"article:publisher\" content=\"https:\/\/www.facebook.com\/search\/top\/?q=newmobility.news\" \/>\n<meta property=\"article:published_time\" content=\"2025-05-07T10:20:15+00:00\" \/>\n<meta property=\"og:image\" content=\"https:\/\/i0.wp.com\/newmobility.news\/wp-content\/uploads\/2025\/05\/Schiphol-scaled.png?fit=2560%2C1228&ssl=1\" \/>\n\t<meta property=\"og:image:width\" content=\"2560\" \/>\n\t<meta property=\"og:image:height\" content=\"1228\" \/>\n\t<meta property=\"og:image:type\" content=\"image\/png\" \/>\n<meta name=\"author\" content=\"Luc Joris\" \/>\n<meta name=\"twitter:card\" content=\"summary_large_image\" \/>\n<meta name=\"twitter:creator\" content=\"@jorisvry\" \/>\n<meta name=\"twitter:site\" content=\"@jorisvry\" \/>\n<meta name=\"twitter:label1\" content=\"\u00c9crit par\" \/>\n\t<meta name=\"twitter:data1\" content=\"Luc Joris\" \/>\n\t<meta name=\"twitter:label2\" content=\"Dur\u00e9e de lecture est.\" \/>\n\t<meta name=\"twitter:data2\" content=\"4 minutes\" \/>\n<script type=\"application\/ld+json\" class=\"yoast-schema-graph\">{\"@context\":\"https:\\\/\\\/schema.org\",\"@graph\":[{\"@type\":\"Article\",\"@id\":\"https:\\\/\\\/newmobility.news\\\/2025\\\/05\\\/07\\\/kim-dutch-fly-and-drive-100-billion-kilometers-per-year\\\/#article\",\"isPartOf\":{\"@id\":\"https:\\\/\\\/newmobility.news\\\/2025\\\/05\\\/07\\\/kim-dutch-fly-and-drive-100-billion-kilometers-per-year\\\/\"},\"author\":{\"name\":\"Luc Joris\",\"@id\":\"https:\\\/\\\/newmobility.news\\\/#\\\/schema\\\/person\\\/a31e684b1039b4a94985a9aae156f28b\"},\"headline\":\"KiM: &#8216;Dutch fly and drive 100 billion kilometers per year&#8217;\",\"datePublished\":\"2025-05-07T10:20:15+00:00\",\"mainEntityOfPage\":{\"@id\":\"https:\\\/\\\/newmobility.news\\\/2025\\\/05\\\/07\\\/kim-dutch-fly-and-drive-100-billion-kilometers-per-year\\\/\"},\"wordCount\":567,\"publisher\":{\"@id\":\"https:\\\/\\\/newmobility.news\\\/#organization\"},\"image\":{\"@id\":\"https:\\\/\\\/newmobility.news\\\/2025\\\/05\\\/07\\\/kim-dutch-fly-and-drive-100-billion-kilometers-per-year\\\/#primaryimage\"},\"thumbnailUrl\":\"https:\\\/\\\/i0.wp.com\\\/newmobility.news\\\/wp-content\\\/uploads\\\/2025\\\/05\\\/Schiphol-scaled.png?fit=2560%2C1228&ssl=1\",\"articleSection\":[\"Aviation\",\"Climate\",\"Mobility\",\"Top Stories Today\"],\"inLanguage\":\"fr-BE\"},{\"@type\":\"WebPage\",\"@id\":\"https:\\\/\\\/newmobility.news\\\/2025\\\/05\\\/07\\\/kim-dutch-fly-and-drive-100-billion-kilometers-per-year\\\/\",\"url\":\"https:\\\/\\\/newmobility.news\\\/2025\\\/05\\\/07\\\/kim-dutch-fly-and-drive-100-billion-kilometers-per-year\\\/\",\"name\":\"KiM: 'Dutch fly and drive 100 billion kilometers per year' - newmobility.news\",\"isPartOf\":{\"@id\":\"https:\\\/\\\/newmobility.news\\\/#website\"},\"primaryImageOfPage\":{\"@id\":\"https:\\\/\\\/newmobility.news\\\/2025\\\/05\\\/07\\\/kim-dutch-fly-and-drive-100-billion-kilometers-per-year\\\/#primaryimage\"},\"image\":{\"@id\":\"https:\\\/\\\/newmobility.news\\\/2025\\\/05\\\/07\\\/kim-dutch-fly-and-drive-100-billion-kilometers-per-year\\\/#primaryimage\"},\"thumbnailUrl\":\"https:\\\/\\\/i0.wp.com\\\/newmobility.news\\\/wp-content\\\/uploads\\\/2025\\\/05\\\/Schiphol-scaled.png?fit=2560%2C1228&ssl=1\",\"datePublished\":\"2025-05-07T10:20:15+00:00\",\"breadcrumb\":{\"@id\":\"https:\\\/\\\/newmobility.news\\\/2025\\\/05\\\/07\\\/kim-dutch-fly-and-drive-100-billion-kilometers-per-year\\\/#breadcrumb\"},\"inLanguage\":\"fr-BE\",\"potentialAction\":[{\"@type\":\"ReadAction\",\"target\":[\"https:\\\/\\\/newmobility.news\\\/2025\\\/05\\\/07\\\/kim-dutch-fly-and-drive-100-billion-kilometers-per-year\\\/\"]}]},{\"@type\":\"ImageObject\",\"inLanguage\":\"fr-BE\",\"@id\":\"https:\\\/\\\/newmobility.news\\\/2025\\\/05\\\/07\\\/kim-dutch-fly-and-drive-100-billion-kilometers-per-year\\\/#primaryimage\",\"url\":\"https:\\\/\\\/i0.wp.com\\\/newmobility.news\\\/wp-content\\\/uploads\\\/2025\\\/05\\\/Schiphol-scaled.png?fit=2560%2C1228&ssl=1\",\"contentUrl\":\"https:\\\/\\\/i0.wp.com\\\/newmobility.news\\\/wp-content\\\/uploads\\\/2025\\\/05\\\/Schiphol-scaled.png?fit=2560%2C1228&ssl=1\",\"width\":2560,\"height\":1228,\"caption\":\"Most air travel by residents of the Netherlands is over relatively short distances and stays within Europe. About 50% of residents do not fly in a year \\\/Schiphol\"},{\"@type\":\"BreadcrumbList\",\"@id\":\"https:\\\/\\\/newmobility.news\\\/2025\\\/05\\\/07\\\/kim-dutch-fly-and-drive-100-billion-kilometers-per-year\\\/#breadcrumb\",\"itemListElement\":[{\"@type\":\"ListItem\",\"position\":1,\"name\":\"Home\",\"item\":\"https:\\\/\\\/newmobility.news\\\/\"},{\"@type\":\"ListItem\",\"position\":2,\"name\":\"KiM: &#8216;Dutch fly and drive 100 billion kilometers per year&#8217;\"}]},{\"@type\":\"WebSite\",\"@id\":\"https:\\\/\\\/newmobility.news\\\/#website\",\"url\":\"https:\\\/\\\/newmobility.news\\\/\",\"name\":\"newmobility.news\",\"description\":\"A B2BNews Agency\u00ae news service for mobility business proessional\",\"publisher\":{\"@id\":\"https:\\\/\\\/newmobility.news\\\/#organization\"},\"potentialAction\":[{\"@type\":\"SearchAction\",\"target\":{\"@type\":\"EntryPoint\",\"urlTemplate\":\"https:\\\/\\\/newmobility.news\\\/?s={search_term_string}\"},\"query-input\":{\"@type\":\"PropertyValueSpecification\",\"valueRequired\":true,\"valueName\":\"search_term_string\"}}],\"inLanguage\":\"fr-BE\"},{\"@type\":\"Organization\",\"@id\":\"https:\\\/\\\/newmobility.news\\\/#organization\",\"name\":\"B2BNews Agency\",\"url\":\"https:\\\/\\\/newmobility.news\\\/\",\"logo\":{\"@type\":\"ImageObject\",\"inLanguage\":\"fr-BE\",\"@id\":\"https:\\\/\\\/newmobility.news\\\/#\\\/schema\\\/logo\\\/image\\\/\",\"url\":\"https:\\\/\\\/newmobility.news\\\/wp-content\\\/uploads\\\/2018\\\/01\\\/b2bnews-agency-logo.png\",\"contentUrl\":\"https:\\\/\\\/newmobility.news\\\/wp-content\\\/uploads\\\/2018\\\/01\\\/b2bnews-agency-logo.png\",\"width\":\"581\",\"height\":\"117\",\"caption\":\"B2BNews Agency\"},\"image\":{\"@id\":\"https:\\\/\\\/newmobility.news\\\/#\\\/schema\\\/logo\\\/image\\\/\"},\"sameAs\":[\"https:\\\/\\\/www.facebook.com\\\/search\\\/top\\\/?q=newmobility.news\",\"https:\\\/\\\/x.com\\\/jorisvry\",\"https:\\\/\\\/www.linkedin.com\\\/in\\\/jorisvanroy\\\/\",\"https:\\\/\\\/nl.pinterest.com\\\/jorisvanroy\\\/\"]},{\"@type\":\"Person\",\"@id\":\"https:\\\/\\\/newmobility.news\\\/#\\\/schema\\\/person\\\/a31e684b1039b4a94985a9aae156f28b\",\"name\":\"Luc Joris\",\"image\":{\"@type\":\"ImageObject\",\"inLanguage\":\"fr-BE\",\"@id\":\"https:\\\/\\\/secure.gravatar.com\\\/avatar\\\/9e27cf9984ae903174b14c7dd33d523290f03fd71803b04bc6e486c7259b2920?s=96&d=mm&r=g\",\"url\":\"https:\\\/\\\/secure.gravatar.com\\\/avatar\\\/9e27cf9984ae903174b14c7dd33d523290f03fd71803b04bc6e486c7259b2920?s=96&d=mm&r=g\",\"contentUrl\":\"https:\\\/\\\/secure.gravatar.com\\\/avatar\\\/9e27cf9984ae903174b14c7dd33d523290f03fd71803b04bc6e486c7259b2920?s=96&d=mm&r=g\",\"caption\":\"Luc Joris\"},\"url\":\"https:\\\/\\\/newmobility.news\\\/fr\\\/author\\\/belga-5\\\/\"}]}<\/script>\n<!-- \/ Yoast SEO plugin. -->","yoast_head_json":{"title":"KiM : ' Les N\u00e9erlandais parcourent 100 milliards de kilom\u00e8tres par an en voiture ' - newmobility.news","robots":{"index":"index","follow":"follow","max-snippet":"max-snippet:-1","max-image-preview":"max-image-preview:large","max-video-preview":"max-video-preview:-1"},"canonical":"https:\/\/newmobility.news\/fr\/2025\/05\/07\/kim-dutch-fly-and-drive-100-billion-kilometers-per-year\/","og_locale":"fr_FR","og_type":"article","og_title":"KiM: 'Dutch fly and drive 100 billion kilometers per year' - newmobility.news","og_description":"Last year, the Dutch flew 100 billion km, or 2.5 million times around the world. This was calculated by the Knowledge Institute for Mobility Policy (KiM). It's as many kilometers as the Dutch drive by car annually, but with the difference that half of all the kilometers flown are traveled by 9% of tThis content [&hellip;]","og_url":"https:\/\/newmobility.news\/fr\/2025\/05\/07\/kim-dutch-fly-and-drive-100-billion-kilometers-per-year\/","og_site_name":"newmobility.news","article_publisher":"https:\/\/www.facebook.com\/search\/top\/?q=newmobility.news","article_published_time":"2025-05-07T10:20:15+00:00","og_image":[{"width":2560,"height":1228,"url":"https:\/\/i0.wp.com\/newmobility.news\/wp-content\/uploads\/2025\/05\/Schiphol-scaled.png?fit=2560%2C1228&ssl=1","type":"image\/png"}],"author":"Luc Joris","twitter_card":"summary_large_image","twitter_creator":"@jorisvry","twitter_site":"@jorisvry","twitter_misc":{"\u00c9crit par":"Luc Joris","Dur\u00e9e de lecture est.":"4 minutes"},"schema":{"@context":"https:\/\/schema.org","@graph":[{"@type":"Article","@id":"https:\/\/newmobility.news\/2025\/05\/07\/kim-dutch-fly-and-drive-100-billion-kilometers-per-year\/#article","isPartOf":{"@id":"https:\/\/newmobility.news\/2025\/05\/07\/kim-dutch-fly-and-drive-100-billion-kilometers-per-year\/"},"author":{"name":"Luc Joris","@id":"https:\/\/newmobility.news\/#\/schema\/person\/a31e684b1039b4a94985a9aae156f28b"},"headline":"KiM: &#8216;Dutch fly and drive 100 billion kilometers per year&#8217;","datePublished":"2025-05-07T10:20:15+00:00","mainEntityOfPage":{"@id":"https:\/\/newmobility.news\/2025\/05\/07\/kim-dutch-fly-and-drive-100-billion-kilometers-per-year\/"},"wordCount":567,"publisher":{"@id":"https:\/\/newmobility.news\/#organization"},"image":{"@id":"https:\/\/newmobility.news\/2025\/05\/07\/kim-dutch-fly-and-drive-100-billion-kilometers-per-year\/#primaryimage"},"thumbnailUrl":"https:\/\/i0.wp.com\/newmobility.news\/wp-content\/uploads\/2025\/05\/Schiphol-scaled.png?fit=2560%2C1228&ssl=1","articleSection":["Aviation","Climate","Mobility","Top Stories Today"],"inLanguage":"fr-BE"},{"@type":"WebPage","@id":"https:\/\/newmobility.news\/2025\/05\/07\/kim-dutch-fly-and-drive-100-billion-kilometers-per-year\/","url":"https:\/\/newmobility.news\/2025\/05\/07\/kim-dutch-fly-and-drive-100-billion-kilometers-per-year\/","name":"KiM : ' Les N\u00e9erlandais parcourent 100 milliards de kilom\u00e8tres par an en voiture ' - newmobility.news","isPartOf":{"@id":"https:\/\/newmobility.news\/#website"},"primaryImageOfPage":{"@id":"https:\/\/newmobility.news\/2025\/05\/07\/kim-dutch-fly-and-drive-100-billion-kilometers-per-year\/#primaryimage"},"image":{"@id":"https:\/\/newmobility.news\/2025\/05\/07\/kim-dutch-fly-and-drive-100-billion-kilometers-per-year\/#primaryimage"},"thumbnailUrl":"https:\/\/i0.wp.com\/newmobility.news\/wp-content\/uploads\/2025\/05\/Schiphol-scaled.png?fit=2560%2C1228&ssl=1","datePublished":"2025-05-07T10:20:15+00:00","breadcrumb":{"@id":"https:\/\/newmobility.news\/2025\/05\/07\/kim-dutch-fly-and-drive-100-billion-kilometers-per-year\/#breadcrumb"},"inLanguage":"fr-BE","potentialAction":[{"@type":"ReadAction","target":["https:\/\/newmobility.news\/2025\/05\/07\/kim-dutch-fly-and-drive-100-billion-kilometers-per-year\/"]}]},{"@type":"ImageObject","inLanguage":"fr-BE","@id":"https:\/\/newmobility.news\/2025\/05\/07\/kim-dutch-fly-and-drive-100-billion-kilometers-per-year\/#primaryimage","url":"https:\/\/i0.wp.com\/newmobility.news\/wp-content\/uploads\/2025\/05\/Schiphol-scaled.png?fit=2560%2C1228&ssl=1","contentUrl":"https:\/\/i0.wp.com\/newmobility.news\/wp-content\/uploads\/2025\/05\/Schiphol-scaled.png?fit=2560%2C1228&ssl=1","width":2560,"height":1228,"caption":"Most air travel by residents of the Netherlands is over relatively short distances and stays within Europe. About 50% of residents do not fly in a year \/Schiphol"},{"@type":"BreadcrumbList","@id":"https:\/\/newmobility.news\/2025\/05\/07\/kim-dutch-fly-and-drive-100-billion-kilometers-per-year\/#breadcrumb","itemListElement":[{"@type":"ListItem","position":1,"name":"Home","item":"https:\/\/newmobility.news\/"},{"@type":"ListItem","position":2,"name":"KiM: &#8216;Dutch fly and drive 100 billion kilometers per year&#8217;"}]},{"@type":"WebSite","@id":"https:\/\/newmobility.news\/#website","url":"https:\/\/newmobility.news\/","name":"nouveaumobilit\u00e9.actualit\u00e9s","description":"Un service d'information B2BNews Agency\u00ae destin\u00e9 aux professionnels de la mobilit\u00e9","publisher":{"@id":"https:\/\/newmobility.news\/#organization"},"potentialAction":[{"@type":"SearchAction","target":{"@type":"EntryPoint","urlTemplate":"https:\/\/newmobility.news\/?s={search_term_string}"},"query-input":{"@type":"PropertyValueSpecification","valueRequired":true,"valueName":"search_term_string"}}],"inLanguage":"fr-BE"},{"@type":"Organization","@id":"https:\/\/newmobility.news\/#organization","name":"Agence de presse B2BNews","url":"https:\/\/newmobility.news\/","logo":{"@type":"ImageObject","inLanguage":"fr-BE","@id":"https:\/\/newmobility.news\/#\/schema\/logo\/image\/","url":"https:\/\/newmobility.news\/wp-content\/uploads\/2018\/01\/b2bnews-agency-logo.png","contentUrl":"https:\/\/newmobility.news\/wp-content\/uploads\/2018\/01\/b2bnews-agency-logo.png","width":"581","height":"117","caption":"B2BNews Agency"},"image":{"@id":"https:\/\/newmobility.news\/#\/schema\/logo\/image\/"},"sameAs":["https:\/\/www.facebook.com\/search\/top\/?q=newmobility.news","https:\/\/x.com\/jorisvry","https:\/\/www.linkedin.com\/in\/jorisvanroy\/","https:\/\/nl.pinterest.com\/jorisvanroy\/"]},{"@type":"Person","@id":"https:\/\/newmobility.news\/#\/schema\/person\/a31e684b1039b4a94985a9aae156f28b","name":"Luc Joris","image":{"@type":"ImageObject","inLanguage":"fr-BE","@id":"https:\/\/secure.gravatar.com\/avatar\/9e27cf9984ae903174b14c7dd33d523290f03fd71803b04bc6e486c7259b2920?s=96&d=mm&r=g","url":"https:\/\/secure.gravatar.com\/avatar\/9e27cf9984ae903174b14c7dd33d523290f03fd71803b04bc6e486c7259b2920?s=96&d=mm&r=g","contentUrl":"https:\/\/secure.gravatar.com\/avatar\/9e27cf9984ae903174b14c7dd33d523290f03fd71803b04bc6e486c7259b2920?s=96&d=mm&r=g","caption":"Luc Joris"},"url":"https:\/\/newmobility.news\/fr\/author\/belga-5\/"}]}},"jetpack_publicize_connections":[],"jetpack_featured_media_url":"https:\/\/i0.wp.com\/newmobility.news\/wp-content\/uploads\/2025\/05\/Schiphol-scaled.png?fit=2560%2C1228&ssl=1","jetpack_shortlink":"https:\/\/wp.me\/p9wJdU-HiR","jetpack_sharing_enabled":true,"jetpack_likes_enabled":true,"jetpack-related-posts":[],"_links":{"self":[{"href":"https:\/\/newmobility.news\/fr\/wp-json\/wp\/v2\/posts\/166461","targetHints":{"allow":["GET"]}}],"collection":[{"href":"https:\/\/newmobility.news\/fr\/wp-json\/wp\/v2\/posts"}],"about":[{"href":"https:\/\/newmobility.news\/fr\/wp-json\/wp\/v2\/types\/post"}],"author":[{"embeddable":true,"href":"https:\/\/newmobility.news\/fr\/wp-json\/wp\/v2\/users\/164"}],"replies":[{"embeddable":true,"href":"https:\/\/newmobility.news\/fr\/wp-json\/wp\/v2\/comments?post=166461"}],"version-history":[{"count":0,"href":"https:\/\/newmobility.news\/fr\/wp-json\/wp\/v2\/posts\/166461\/revisions"}],"wp:featuredmedia":[{"embeddable":true,"href":"https:\/\/newmobility.news\/fr\/wp-json\/wp\/v2\/media\/166474"}],"wp:attachment":[{"href":"https:\/\/newmobility.news\/fr\/wp-json\/wp\/v2\/media?parent=166461"}],"wp:term":[{"taxonomy":"category","embeddable":true,"href":"https:\/\/newmobility.news\/fr\/wp-json\/wp\/v2\/categories?post=166461"},{"taxonomy":"post_tag","embeddable":true,"href":"https:\/\/newmobility.news\/fr\/wp-json\/wp\/v2\/tags?post=166461"}],"curies":[{"name":"wp","href":"https:\/\/api.w.org\/{rel}","templated":true}]}}