{"id":166462,"date":"2025-05-07T12:15:35","date_gmt":"2025-05-07T10:15:35","guid":{"rendered":"https:\/\/newmobility.news\/?p=166462"},"modified":"2025-05-07T10:54:46","modified_gmt":"2025-05-07T08:54:46","slug":"traxio-18-8-used-speed-pedelecs-registered-in-april","status":"publish","type":"post","link":"https:\/\/newmobility.news\/fr\/2025\/05\/07\/traxio-18-8-used-speed-pedelecs-registered-in-april\/","title":{"rendered":"Traxio : \u2018 +18,81 TP3T de v\u00e9los \u00e9lectriques rapides d'occasion immatricul\u00e9s en avril \u2019"},"content":{"rendered":"En avril, le nombre d'immatriculations de nouveaux v\u00e9los \u00e9lectriques rapides a l\u00e9g\u00e8rement augment\u00e9 (+0,31 TP3T) pour atteindre 1 150 unit\u00e9s, et une nouvelle croissance se profile gr\u00e2ce aux immatriculations suppl\u00e9mentaires des fonctionnaires f\u00e9d\u00e9raux et du personnel \u00e9ducatif. \" L'acc\u00e8s \u00e9largi au leasing de v\u00e9los pour les fonctionnaires aura un impact encore plus important.<div class=\"leaky_paywall_message_wrap\"><div id=\"leaky_paywall_message\">Ce contenu a \u00e9t\u00e9 archiv\u00e9. <a href=\"https:\/\/newmobility.news\/fr\/subscription\/\">Connectez-vous ou inscrivez-vous<\/a> \u00e0 un niveau qui donne acc\u00e8s au contenu archiv\u00e9.<\/div><\/div>","protected":false},"excerpt":{"rendered":"<p>In April, the number of registrations of new speed pedelecs increased slightly by +0.3% to 1,150 units, and more growth is emerging thanks to additional registrations by federal civil servants and education staff. &#8220;The wider access to bicycle leasing for government staff will have an even more pThis content has been archived. Log in or [&hellip;]<\/p>\n","protected":false},"author":175,"featured_media":166470,"comment_status":"closed","ping_status":"closed","sticky":false,"template":"","format":"standard","meta":{"_acf_changed":false,"jetpack_post_was_ever_published":false,"_jetpack_newsletter_access":"","_jetpack_dont_email_post_to_subs":false,"_jetpack_newsletter_tier_id":0,"_jetpack_memberships_contains_paywalled_content":false,"_jetpack_memberships_contains_paid_content":false,"footnotes":"","jetpack_publicize_message":"","jetpack_publicize_feature_enabled":true,"jetpack_social_post_already_shared":true,"jetpack_social_options":{"image_generator_settings":{"template":"highway","default_image_id":0,"font":"","enabled":false},"version":2},"_wpas_customize_per_network":false},"categories":[77170,29,77169,7,8,4],"tags":[],"class_list":["post-166462","post","type-post","status-publish","format-standard","has-post-thumbnail","hentry","category-belgium","category-environment","category-market","category-mobility","category-product","category-top-stories-today"],"acf":[],"featured_image_urls_v2":{"full":["https:\/\/i0.wp.com\/newmobility.news\/wp-content\/uploads\/2025\/05\/Traxio-1.jpg?fit=1336%2C691&ssl=1",1336,691,false],"thumbnail":["https:\/\/i0.wp.com\/newmobility.news\/wp-content\/uploads\/2025\/05\/Traxio-1.jpg?resize=150%2C150&ssl=1",150,150,true],"medium":["https:\/\/i0.wp.com\/newmobility.news\/wp-content\/uploads\/2025\/05\/Traxio-1.jpg?fit=300%2C155&ssl=1",300,155,true],"medium_large":["https:\/\/i0.wp.com\/newmobility.news\/wp-content\/uploads\/2025\/05\/Traxio-1.jpg?fit=640%2C331&ssl=1",640,331,true],"large":["https:\/\/i0.wp.com\/newmobility.news\/wp-content\/uploads\/2025\/05\/Traxio-1.jpg?fit=640%2C331&ssl=1",640,331,true],"1536x1536":["https:\/\/i0.wp.com\/newmobility.news\/wp-content\/uploads\/2025\/05\/Traxio-1.jpg?fit=1336%2C691&ssl=1",1336,691,true],"2048x2048":["https:\/\/i0.wp.com\/newmobility.news\/wp-content\/uploads\/2025\/05\/Traxio-1.jpg?fit=1336%2C691&ssl=1",1336,691,true],"trp-custom-language-flag":["https:\/\/i0.wp.com\/newmobility.news\/wp-content\/uploads\/2025\/05\/Traxio-1.jpg?fit=18%2C9&ssl=1",18,9,true],"related-thumb":["https:\/\/i0.wp.com\/newmobility.news\/wp-content\/uploads\/2025\/05\/Traxio-1.jpg?resize=640%2C480&ssl=1",640,480,true],"gform-image-choice-sm":["https:\/\/i0.wp.com\/newmobility.news\/wp-content\/uploads\/2025\/05\/Traxio-1.jpg?resize=300%2C300&ssl=1",300,300,true],"gform-image-choice-md":["https:\/\/i0.wp.com\/newmobility.news\/wp-content\/uploads\/2025\/05\/Traxio-1.jpg?resize=400%2C400&ssl=1",400,400,true],"gform-image-choice-lg":["https:\/\/i0.wp.com\/newmobility.news\/wp-content\/uploads\/2025\/05\/Traxio-1.jpg?resize=600%2C600&ssl=1",600,600,true],"mailchimp":["https:\/\/i0.wp.com\/newmobility.news\/wp-content\/uploads\/2025\/05\/Traxio-1.jpg?fit=560%2C290&ssl=1",560,290,true],"unipress-phone":["https:\/\/i0.wp.com\/newmobility.news\/wp-content\/uploads\/2025\/05\/Traxio-1.jpg?resize=640%2C100&ssl=1",640,100,true],"unipress-tablet":["https:\/\/i0.wp.com\/newmobility.news\/wp-content\/uploads\/2025\/05\/Traxio-1.jpg?resize=1336%2C240&ssl=1",1336,240,true],"unipress-tablet-portrait":["https:\/\/i0.wp.com\/newmobility.news\/wp-content\/uploads\/2025\/05\/Traxio-1.jpg?resize=1336%2C180&ssl=1",1336,180,true],"unipress-tablet-landscape":["https:\/\/i0.wp.com\/newmobility.news\/wp-content\/uploads\/2025\/05\/Traxio-1.jpg?resize=1336%2C180&ssl=1",1336,180,true],"unipress-smartphone":["https:\/\/i0.wp.com\/newmobility.news\/wp-content\/uploads\/2025\/05\/Traxio-1.jpg?resize=1080%2C168&ssl=1",1080,168,true],"unipress-wide-screen":["https:\/\/i0.wp.com\/newmobility.news\/wp-content\/uploads\/2025\/05\/Traxio-1.jpg?resize=1336%2C180&ssl=1",1336,180,true]},"post_excerpt_stackable_v2":"<p>In April, the number of registrations of new speed pedelecs increased slightly by +0.3% to 1,150 units, and more growth is emerging thanks to additional registrations by federal civil servants and education staff. &#8220;The wider access to bicycle leasing for government staff will have an even more pThis content has been archived. Log in or Subscribe to a level that has access to archived content.<\/p>\n","category_list_v2":"<a href=\"https:\/\/newmobility.news\/fr\/category\/belgium\/\" rel=\"category tag\">Belgium<\/a>, <a href=\"https:\/\/newmobility.news\/fr\/category\/environment\/\" rel=\"category tag\">Environment<\/a>, <a href=\"https:\/\/newmobility.news\/fr\/category\/market\/\" rel=\"category tag\">Market<\/a>, <a href=\"https:\/\/newmobility.news\/fr\/category\/mobility\/\" rel=\"category tag\">Mobility<\/a>, <a href=\"https:\/\/newmobility.news\/fr\/category\/product\/\" rel=\"category tag\">Product<\/a>, <a href=\"https:\/\/newmobility.news\/fr\/category\/top-stories-today\/\" rel=\"category tag\">Top Stories Today<\/a>","author_info_v2":{"name":"Hilde Van Raemdonck","url":"https:\/\/newmobility.news\/fr\/author\/hilde-van-raemdonck\/"},"comments_num_v2":"0 comments","yoast_head":"<!-- This site is optimized with the Yoast SEO plugin v27.5 - https:\/\/yoast.com\/product\/yoast-seo-wordpress\/ -->\n<title>Traxio: &#039;+18.8% used speed pedelecs registered in April&#039; - newmobility.news<\/title>\n<meta name=\"robots\" content=\"index, follow, max-snippet:-1, max-image-preview:large, max-video-preview:-1\" \/>\n<link rel=\"canonical\" href=\"https:\/\/newmobility.news\/fr\/2025\/05\/07\/traxio-18-8-used-speed-pedelecs-registered-in-april\/\" \/>\n<meta property=\"og:locale\" content=\"fr_FR\" \/>\n<meta property=\"og:type\" content=\"article\" \/>\n<meta property=\"og:title\" content=\"Traxio: &#039;+18.8% used speed pedelecs registered in April&#039; - newmobility.news\" \/>\n<meta property=\"og:description\" content=\"In April, the number of registrations of new speed pedelecs increased slightly by +0.3% to 1,150 units, and more growth is emerging thanks to additional registrations by federal civil servants and education staff. &quot;The wider access to bicycle leasing for government staff will have an even more pThis content has been archived. Log in or [&hellip;]\" \/>\n<meta property=\"og:url\" content=\"https:\/\/newmobility.news\/fr\/2025\/05\/07\/traxio-18-8-used-speed-pedelecs-registered-in-april\/\" \/>\n<meta property=\"og:site_name\" content=\"newmobility.news\" \/>\n<meta property=\"article:publisher\" content=\"https:\/\/www.facebook.com\/search\/top\/?q=newmobility.news\" \/>\n<meta property=\"article:published_time\" content=\"2025-05-07T10:15:35+00:00\" \/>\n<meta property=\"og:image\" content=\"https:\/\/i0.wp.com\/newmobility.news\/wp-content\/uploads\/2025\/05\/Traxio-1.jpg?fit=1336%2C691&ssl=1\" \/>\n\t<meta property=\"og:image:width\" content=\"1336\" \/>\n\t<meta property=\"og:image:height\" content=\"691\" \/>\n\t<meta property=\"og:image:type\" content=\"image\/jpeg\" \/>\n<meta name=\"author\" content=\"Hilde Van Raemdonck\" \/>\n<meta name=\"twitter:card\" content=\"summary_large_image\" \/>\n<meta name=\"twitter:creator\" content=\"@jorisvry\" \/>\n<meta name=\"twitter:site\" content=\"@jorisvry\" \/>\n<meta name=\"twitter:label1\" content=\"\u00c9crit par\" \/>\n\t<meta name=\"twitter:data1\" content=\"Hilde Van Raemdonck\" \/>\n\t<meta name=\"twitter:label2\" content=\"Dur\u00e9e de lecture est.\" \/>\n\t<meta name=\"twitter:data2\" content=\"2 minutes\" \/>\n<script type=\"application\/ld+json\" class=\"yoast-schema-graph\">{\"@context\":\"https:\\\/\\\/schema.org\",\"@graph\":[{\"@type\":\"Article\",\"@id\":\"https:\\\/\\\/newmobility.news\\\/2025\\\/05\\\/07\\\/traxio-18-8-used-speed-pedelecs-registered-in-april\\\/#article\",\"isPartOf\":{\"@id\":\"https:\\\/\\\/newmobility.news\\\/2025\\\/05\\\/07\\\/traxio-18-8-used-speed-pedelecs-registered-in-april\\\/\"},\"author\":{\"name\":\"Hilde Van Raemdonck\",\"@id\":\"https:\\\/\\\/newmobility.news\\\/#\\\/schema\\\/person\\\/e57c278780b041b8d42f2ce28dd9ec82\"},\"headline\":\"Traxio: &#8216;+18.8% used speed pedelecs registered in April&#8217;\",\"datePublished\":\"2025-05-07T10:15:35+00:00\",\"mainEntityOfPage\":{\"@id\":\"https:\\\/\\\/newmobility.news\\\/2025\\\/05\\\/07\\\/traxio-18-8-used-speed-pedelecs-registered-in-april\\\/\"},\"wordCount\":279,\"publisher\":{\"@id\":\"https:\\\/\\\/newmobility.news\\\/#organization\"},\"image\":{\"@id\":\"https:\\\/\\\/newmobility.news\\\/2025\\\/05\\\/07\\\/traxio-18-8-used-speed-pedelecs-registered-in-april\\\/#primaryimage\"},\"thumbnailUrl\":\"https:\\\/\\\/i0.wp.com\\\/newmobility.news\\\/wp-content\\\/uploads\\\/2025\\\/05\\\/Traxio-1.jpg?fit=1336%2C691&ssl=1\",\"articleSection\":[\"Belgium\",\"Environment\",\"Market\",\"Mobility\",\"Product\",\"Top Stories Today\"],\"inLanguage\":\"fr-BE\"},{\"@type\":\"WebPage\",\"@id\":\"https:\\\/\\\/newmobility.news\\\/2025\\\/05\\\/07\\\/traxio-18-8-used-speed-pedelecs-registered-in-april\\\/\",\"url\":\"https:\\\/\\\/newmobility.news\\\/2025\\\/05\\\/07\\\/traxio-18-8-used-speed-pedelecs-registered-in-april\\\/\",\"name\":\"Traxio: '+18.8% used speed pedelecs registered in April' - newmobility.news\",\"isPartOf\":{\"@id\":\"https:\\\/\\\/newmobility.news\\\/#website\"},\"primaryImageOfPage\":{\"@id\":\"https:\\\/\\\/newmobility.news\\\/2025\\\/05\\\/07\\\/traxio-18-8-used-speed-pedelecs-registered-in-april\\\/#primaryimage\"},\"image\":{\"@id\":\"https:\\\/\\\/newmobility.news\\\/2025\\\/05\\\/07\\\/traxio-18-8-used-speed-pedelecs-registered-in-april\\\/#primaryimage\"},\"thumbnailUrl\":\"https:\\\/\\\/i0.wp.com\\\/newmobility.news\\\/wp-content\\\/uploads\\\/2025\\\/05\\\/Traxio-1.jpg?fit=1336%2C691&ssl=1\",\"datePublished\":\"2025-05-07T10:15:35+00:00\",\"breadcrumb\":{\"@id\":\"https:\\\/\\\/newmobility.news\\\/2025\\\/05\\\/07\\\/traxio-18-8-used-speed-pedelecs-registered-in-april\\\/#breadcrumb\"},\"inLanguage\":\"fr-BE\",\"potentialAction\":[{\"@type\":\"ReadAction\",\"target\":[\"https:\\\/\\\/newmobility.news\\\/2025\\\/05\\\/07\\\/traxio-18-8-used-speed-pedelecs-registered-in-april\\\/\"]}]},{\"@type\":\"ImageObject\",\"inLanguage\":\"fr-BE\",\"@id\":\"https:\\\/\\\/newmobility.news\\\/2025\\\/05\\\/07\\\/traxio-18-8-used-speed-pedelecs-registered-in-april\\\/#primaryimage\",\"url\":\"https:\\\/\\\/i0.wp.com\\\/newmobility.news\\\/wp-content\\\/uploads\\\/2025\\\/05\\\/Traxio-1.jpg?fit=1336%2C691&ssl=1\",\"contentUrl\":\"https:\\\/\\\/i0.wp.com\\\/newmobility.news\\\/wp-content\\\/uploads\\\/2025\\\/05\\\/Traxio-1.jpg?fit=1336%2C691&ssl=1\",\"width\":1336,\"height\":691,\"caption\":\"In April, the number of registrations of new speed pedelecs increased slightly by +0.3% to 1,150 units. The second-hand market, on the other hand, continued to grow strongly \\\/traxio.be\"},{\"@type\":\"BreadcrumbList\",\"@id\":\"https:\\\/\\\/newmobility.news\\\/2025\\\/05\\\/07\\\/traxio-18-8-used-speed-pedelecs-registered-in-april\\\/#breadcrumb\",\"itemListElement\":[{\"@type\":\"ListItem\",\"position\":1,\"name\":\"Home\",\"item\":\"https:\\\/\\\/newmobility.news\\\/\"},{\"@type\":\"ListItem\",\"position\":2,\"name\":\"Traxio: &#8216;+18.8% used speed pedelecs registered in April&#8217;\"}]},{\"@type\":\"WebSite\",\"@id\":\"https:\\\/\\\/newmobility.news\\\/#website\",\"url\":\"https:\\\/\\\/newmobility.news\\\/\",\"name\":\"newmobility.news\",\"description\":\"A B2BNews Agency\u00ae news service for mobility business proessional\",\"publisher\":{\"@id\":\"https:\\\/\\\/newmobility.news\\\/#organization\"},\"potentialAction\":[{\"@type\":\"SearchAction\",\"target\":{\"@type\":\"EntryPoint\",\"urlTemplate\":\"https:\\\/\\\/newmobility.news\\\/?s={search_term_string}\"},\"query-input\":{\"@type\":\"PropertyValueSpecification\",\"valueRequired\":true,\"valueName\":\"search_term_string\"}}],\"inLanguage\":\"fr-BE\"},{\"@type\":\"Organization\",\"@id\":\"https:\\\/\\\/newmobility.news\\\/#organization\",\"name\":\"B2BNews Agency\",\"url\":\"https:\\\/\\\/newmobility.news\\\/\",\"logo\":{\"@type\":\"ImageObject\",\"inLanguage\":\"fr-BE\",\"@id\":\"https:\\\/\\\/newmobility.news\\\/#\\\/schema\\\/logo\\\/image\\\/\",\"url\":\"https:\\\/\\\/newmobility.news\\\/wp-content\\\/uploads\\\/2018\\\/01\\\/b2bnews-agency-logo.png\",\"contentUrl\":\"https:\\\/\\\/newmobility.news\\\/wp-content\\\/uploads\\\/2018\\\/01\\\/b2bnews-agency-logo.png\",\"width\":\"581\",\"height\":\"117\",\"caption\":\"B2BNews Agency\"},\"image\":{\"@id\":\"https:\\\/\\\/newmobility.news\\\/#\\\/schema\\\/logo\\\/image\\\/\"},\"sameAs\":[\"https:\\\/\\\/www.facebook.com\\\/search\\\/top\\\/?q=newmobility.news\",\"https:\\\/\\\/x.com\\\/jorisvry\",\"https:\\\/\\\/www.linkedin.com\\\/in\\\/jorisvanroy\\\/\",\"https:\\\/\\\/nl.pinterest.com\\\/jorisvanroy\\\/\"]},{\"@type\":\"Person\",\"@id\":\"https:\\\/\\\/newmobility.news\\\/#\\\/schema\\\/person\\\/e57c278780b041b8d42f2ce28dd9ec82\",\"name\":\"Hilde Van Raemdonck\",\"image\":{\"@type\":\"ImageObject\",\"inLanguage\":\"fr-BE\",\"@id\":\"https:\\\/\\\/secure.gravatar.com\\\/avatar\\\/df873a81c6773757375a21da8c2465de0552095dede94d299763768ab1b36cef?s=96&d=mm&r=g\",\"url\":\"https:\\\/\\\/secure.gravatar.com\\\/avatar\\\/df873a81c6773757375a21da8c2465de0552095dede94d299763768ab1b36cef?s=96&d=mm&r=g\",\"contentUrl\":\"https:\\\/\\\/secure.gravatar.com\\\/avatar\\\/df873a81c6773757375a21da8c2465de0552095dede94d299763768ab1b36cef?s=96&d=mm&r=g\",\"caption\":\"Hilde Van Raemdonck\"},\"url\":\"https:\\\/\\\/newmobility.news\\\/fr\\\/author\\\/hilde-van-raemdonck\\\/\"}]}<\/script>\n<!-- \/ Yoast SEO plugin. -->","yoast_head_json":{"title":"Traxio : ' +18,81 TP3T de v\u00e9los \u00e9lectriques rapides d'occasion immatricul\u00e9s en avril ' - newmobility.news","robots":{"index":"index","follow":"follow","max-snippet":"max-snippet:-1","max-image-preview":"max-image-preview:large","max-video-preview":"max-video-preview:-1"},"canonical":"https:\/\/newmobility.news\/fr\/2025\/05\/07\/traxio-18-8-used-speed-pedelecs-registered-in-april\/","og_locale":"fr_FR","og_type":"article","og_title":"Traxio: '+18.8% used speed pedelecs registered in April' - newmobility.news","og_description":"In April, the number of registrations of new speed pedelecs increased slightly by +0.3% to 1,150 units, and more growth is emerging thanks to additional registrations by federal civil servants and education staff. \"The wider access to bicycle leasing for government staff will have an even more pThis content has been archived. Log in or [&hellip;]","og_url":"https:\/\/newmobility.news\/fr\/2025\/05\/07\/traxio-18-8-used-speed-pedelecs-registered-in-april\/","og_site_name":"newmobility.news","article_publisher":"https:\/\/www.facebook.com\/search\/top\/?q=newmobility.news","article_published_time":"2025-05-07T10:15:35+00:00","og_image":[{"width":1336,"height":691,"url":"https:\/\/i0.wp.com\/newmobility.news\/wp-content\/uploads\/2025\/05\/Traxio-1.jpg?fit=1336%2C691&ssl=1","type":"image\/jpeg"}],"author":"Hilde Van Raemdonck","twitter_card":"summary_large_image","twitter_creator":"@jorisvry","twitter_site":"@jorisvry","twitter_misc":{"\u00c9crit par":"Hilde Van Raemdonck","Dur\u00e9e de lecture est.":"2 minutes"},"schema":{"@context":"https:\/\/schema.org","@graph":[{"@type":"Article","@id":"https:\/\/newmobility.news\/2025\/05\/07\/traxio-18-8-used-speed-pedelecs-registered-in-april\/#article","isPartOf":{"@id":"https:\/\/newmobility.news\/2025\/05\/07\/traxio-18-8-used-speed-pedelecs-registered-in-april\/"},"author":{"name":"Hilde Van Raemdonck","@id":"https:\/\/newmobility.news\/#\/schema\/person\/e57c278780b041b8d42f2ce28dd9ec82"},"headline":"Traxio: &#8216;+18.8% used speed pedelecs registered in April&#8217;","datePublished":"2025-05-07T10:15:35+00:00","mainEntityOfPage":{"@id":"https:\/\/newmobility.news\/2025\/05\/07\/traxio-18-8-used-speed-pedelecs-registered-in-april\/"},"wordCount":279,"publisher":{"@id":"https:\/\/newmobility.news\/#organization"},"image":{"@id":"https:\/\/newmobility.news\/2025\/05\/07\/traxio-18-8-used-speed-pedelecs-registered-in-april\/#primaryimage"},"thumbnailUrl":"https:\/\/i0.wp.com\/newmobility.news\/wp-content\/uploads\/2025\/05\/Traxio-1.jpg?fit=1336%2C691&ssl=1","articleSection":["Belgium","Environment","Market","Mobility","Product","Top Stories Today"],"inLanguage":"fr-BE"},{"@type":"WebPage","@id":"https:\/\/newmobility.news\/2025\/05\/07\/traxio-18-8-used-speed-pedelecs-registered-in-april\/","url":"https:\/\/newmobility.news\/2025\/05\/07\/traxio-18-8-used-speed-pedelecs-registered-in-april\/","name":"Traxio : ' +18,81 TP3T de v\u00e9los \u00e9lectriques rapides d'occasion immatricul\u00e9s en avril ' - newmobility.news","isPartOf":{"@id":"https:\/\/newmobility.news\/#website"},"primaryImageOfPage":{"@id":"https:\/\/newmobility.news\/2025\/05\/07\/traxio-18-8-used-speed-pedelecs-registered-in-april\/#primaryimage"},"image":{"@id":"https:\/\/newmobility.news\/2025\/05\/07\/traxio-18-8-used-speed-pedelecs-registered-in-april\/#primaryimage"},"thumbnailUrl":"https:\/\/i0.wp.com\/newmobility.news\/wp-content\/uploads\/2025\/05\/Traxio-1.jpg?fit=1336%2C691&ssl=1","datePublished":"2025-05-07T10:15:35+00:00","breadcrumb":{"@id":"https:\/\/newmobility.news\/2025\/05\/07\/traxio-18-8-used-speed-pedelecs-registered-in-april\/#breadcrumb"},"inLanguage":"fr-BE","potentialAction":[{"@type":"ReadAction","target":["https:\/\/newmobility.news\/2025\/05\/07\/traxio-18-8-used-speed-pedelecs-registered-in-april\/"]}]},{"@type":"ImageObject","inLanguage":"fr-BE","@id":"https:\/\/newmobility.news\/2025\/05\/07\/traxio-18-8-used-speed-pedelecs-registered-in-april\/#primaryimage","url":"https:\/\/i0.wp.com\/newmobility.news\/wp-content\/uploads\/2025\/05\/Traxio-1.jpg?fit=1336%2C691&ssl=1","contentUrl":"https:\/\/i0.wp.com\/newmobility.news\/wp-content\/uploads\/2025\/05\/Traxio-1.jpg?fit=1336%2C691&ssl=1","width":1336,"height":691,"caption":"In April, the number of registrations of new speed pedelecs increased slightly by +0.3% to 1,150 units. The second-hand market, on the other hand, continued to grow strongly \/traxio.be"},{"@type":"BreadcrumbList","@id":"https:\/\/newmobility.news\/2025\/05\/07\/traxio-18-8-used-speed-pedelecs-registered-in-april\/#breadcrumb","itemListElement":[{"@type":"ListItem","position":1,"name":"Home","item":"https:\/\/newmobility.news\/"},{"@type":"ListItem","position":2,"name":"Traxio: &#8216;+18.8% used speed pedelecs registered in April&#8217;"}]},{"@type":"WebSite","@id":"https:\/\/newmobility.news\/#website","url":"https:\/\/newmobility.news\/","name":"nouveaumobilit\u00e9.actualit\u00e9s","description":"Un service d'information B2BNews Agency\u00ae destin\u00e9 aux professionnels de la mobilit\u00e9","publisher":{"@id":"https:\/\/newmobility.news\/#organization"},"potentialAction":[{"@type":"SearchAction","target":{"@type":"EntryPoint","urlTemplate":"https:\/\/newmobility.news\/?s={search_term_string}"},"query-input":{"@type":"PropertyValueSpecification","valueRequired":true,"valueName":"search_term_string"}}],"inLanguage":"fr-BE"},{"@type":"Organization","@id":"https:\/\/newmobility.news\/#organization","name":"Agence de presse B2BNews","url":"https:\/\/newmobility.news\/","logo":{"@type":"ImageObject","inLanguage":"fr-BE","@id":"https:\/\/newmobility.news\/#\/schema\/logo\/image\/","url":"https:\/\/newmobility.news\/wp-content\/uploads\/2018\/01\/b2bnews-agency-logo.png","contentUrl":"https:\/\/newmobility.news\/wp-content\/uploads\/2018\/01\/b2bnews-agency-logo.png","width":"581","height":"117","caption":"B2BNews Agency"},"image":{"@id":"https:\/\/newmobility.news\/#\/schema\/logo\/image\/"},"sameAs":["https:\/\/www.facebook.com\/search\/top\/?q=newmobility.news","https:\/\/x.com\/jorisvry","https:\/\/www.linkedin.com\/in\/jorisvanroy\/","https:\/\/nl.pinterest.com\/jorisvanroy\/"]},{"@type":"Person","@id":"https:\/\/newmobility.news\/#\/schema\/person\/e57c278780b041b8d42f2ce28dd9ec82","name":"Hilde Van Raemdonck","image":{"@type":"ImageObject","inLanguage":"fr-BE","@id":"https:\/\/secure.gravatar.com\/avatar\/df873a81c6773757375a21da8c2465de0552095dede94d299763768ab1b36cef?s=96&d=mm&r=g","url":"https:\/\/secure.gravatar.com\/avatar\/df873a81c6773757375a21da8c2465de0552095dede94d299763768ab1b36cef?s=96&d=mm&r=g","contentUrl":"https:\/\/secure.gravatar.com\/avatar\/df873a81c6773757375a21da8c2465de0552095dede94d299763768ab1b36cef?s=96&d=mm&r=g","caption":"Hilde Van Raemdonck"},"url":"https:\/\/newmobility.news\/fr\/author\/hilde-van-raemdonck\/"}]}},"jetpack_publicize_connections":[],"jetpack_featured_media_url":"https:\/\/i0.wp.com\/newmobility.news\/wp-content\/uploads\/2025\/05\/Traxio-1.jpg?fit=1336%2C691&ssl=1","jetpack_shortlink":"https:\/\/wp.me\/p9wJdU-HiS","jetpack_sharing_enabled":true,"jetpack_likes_enabled":true,"jetpack-related-posts":[],"_links":{"self":[{"href":"https:\/\/newmobility.news\/fr\/wp-json\/wp\/v2\/posts\/166462","targetHints":{"allow":["GET"]}}],"collection":[{"href":"https:\/\/newmobility.news\/fr\/wp-json\/wp\/v2\/posts"}],"about":[{"href":"https:\/\/newmobility.news\/fr\/wp-json\/wp\/v2\/types\/post"}],"author":[{"embeddable":true,"href":"https:\/\/newmobility.news\/fr\/wp-json\/wp\/v2\/users\/175"}],"replies":[{"embeddable":true,"href":"https:\/\/newmobility.news\/fr\/wp-json\/wp\/v2\/comments?post=166462"}],"version-history":[{"count":0,"href":"https:\/\/newmobility.news\/fr\/wp-json\/wp\/v2\/posts\/166462\/revisions"}],"wp:featuredmedia":[{"embeddable":true,"href":"https:\/\/newmobility.news\/fr\/wp-json\/wp\/v2\/media\/166470"}],"wp:attachment":[{"href":"https:\/\/newmobility.news\/fr\/wp-json\/wp\/v2\/media?parent=166462"}],"wp:term":[{"taxonomy":"category","embeddable":true,"href":"https:\/\/newmobility.news\/fr\/wp-json\/wp\/v2\/categories?post=166462"},{"taxonomy":"post_tag","embeddable":true,"href":"https:\/\/newmobility.news\/fr\/wp-json\/wp\/v2\/tags?post=166462"}],"curies":[{"name":"wp","href":"https:\/\/api.w.org\/{rel}","templated":true}]}}