{"id":166623,"date":"2025-05-09T10:59:08","date_gmt":"2025-05-09T08:59:08","guid":{"rendered":"https:\/\/newmobility.news\/?p=166623"},"modified":"2025-05-09T10:59:08","modified_gmt":"2025-05-09T08:59:08","slug":"sharp-redesign-for-toyota-corolla-cross-and-first-ever-gr-sport","status":"publish","type":"post","link":"https:\/\/newmobility.news\/fr\/2025\/05\/09\/sharp-redesign-for-toyota-corolla-cross-and-first-ever-gr-sport\/","title":{"rendered":"Nouveau design \u00e9pur\u00e9 pour la Toyota Corolla Cross et toute premi\u00e8re GR Sport"},"content":{"rendered":"Toyota a rafra\u00eechi le style de sa Corolla Cross, \u00e2g\u00e9e de cinq ans, am\u00e9lior\u00e9 le confort de l'habitacle et introduit pour la premi\u00e8re fois dans la gamme europ\u00e9enne une variante GR Sport. Le mod\u00e8le actualis\u00e9 arrivera \u00e0 l'\u00e9t\u00e9 2025, suivi de la GR Sport \u00e0 l'automne. Positionn\u00e9e entre la C-HR et la RAV4, la <div class=\"leaky_paywall_message_wrap\"><div id=\"leaky_paywall_message\">Ce contenu a \u00e9t\u00e9 archiv\u00e9. <a href=\"https:\/\/newmobility.news\/fr\/subscription\/\">Connectez-vous ou inscrivez-vous<\/a> \u00e0 un niveau qui donne acc\u00e8s au contenu archiv\u00e9.<\/div><\/div>","protected":false},"excerpt":{"rendered":"<p>Toyota has refreshed the styling of its five-year-old Corolla Cross, enhanced cabin comfort, and introduced a GR Sport variant for the first time in the European lineup. The updated model will arrive in summer 2025, with the GR Sport following in the fall. Positioned between the C-HR and RAV4, the This content has been archived. [&hellip;]<\/p>\n","protected":false},"author":715,"featured_media":166633,"comment_status":"closed","ping_status":"closed","sticky":false,"template":"","format":"standard","meta":{"_acf_changed":false,"jetpack_post_was_ever_published":false,"_jetpack_newsletter_access":"","_jetpack_dont_email_post_to_subs":false,"_jetpack_newsletter_tier_id":0,"_jetpack_memberships_contains_paywalled_content":false,"_jetpack_memberships_contains_paid_content":false,"footnotes":"","jetpack_publicize_message":"","jetpack_publicize_feature_enabled":true,"jetpack_social_post_already_shared":true,"jetpack_social_options":{"image_generator_settings":{"template":"highway","default_image_id":0,"font":"","enabled":false},"version":2},"_wpas_customize_per_network":false},"categories":[77170,16,77169,8,4],"tags":[],"class_list":["post-166623","post","type-post","status-publish","format-standard","has-post-thumbnail","hentry","category-belgium","category-industry","category-market","category-product","category-top-stories-today"],"acf":[],"featured_image_urls_v2":{"full":["https:\/\/i0.wp.com\/newmobility.news\/wp-content\/uploads\/2025\/05\/2025_Corolla-Cross-GR-Sport_005-scaled.jpg?fit=2560%2C1919&ssl=1",2560,1919,false],"thumbnail":["https:\/\/i0.wp.com\/newmobility.news\/wp-content\/uploads\/2025\/05\/2025_Corolla-Cross-GR-Sport_005-scaled.jpg?resize=150%2C150&ssl=1",150,150,true],"medium":["https:\/\/i0.wp.com\/newmobility.news\/wp-content\/uploads\/2025\/05\/2025_Corolla-Cross-GR-Sport_005-scaled.jpg?fit=300%2C225&ssl=1",300,225,true],"medium_large":["https:\/\/i0.wp.com\/newmobility.news\/wp-content\/uploads\/2025\/05\/2025_Corolla-Cross-GR-Sport_005-scaled.jpg?fit=640%2C480&ssl=1",640,480,true],"large":["https:\/\/i0.wp.com\/newmobility.news\/wp-content\/uploads\/2025\/05\/2025_Corolla-Cross-GR-Sport_005-scaled.jpg?fit=640%2C480&ssl=1",640,480,true],"1536x1536":["https:\/\/i0.wp.com\/newmobility.news\/wp-content\/uploads\/2025\/05\/2025_Corolla-Cross-GR-Sport_005-scaled.jpg?fit=1536%2C1152&ssl=1",1536,1152,true],"2048x2048":["https:\/\/i0.wp.com\/newmobility.news\/wp-content\/uploads\/2025\/05\/2025_Corolla-Cross-GR-Sport_005-scaled.jpg?fit=2048%2C1536&ssl=1",2048,1536,true],"trp-custom-language-flag":["https:\/\/i0.wp.com\/newmobility.news\/wp-content\/uploads\/2025\/05\/2025_Corolla-Cross-GR-Sport_005-scaled.jpg?fit=16%2C12&ssl=1",16,12,true],"related-thumb":["https:\/\/i0.wp.com\/newmobility.news\/wp-content\/uploads\/2025\/05\/2025_Corolla-Cross-GR-Sport_005-scaled.jpg?resize=640%2C480&ssl=1",640,480,true],"gform-image-choice-sm":["https:\/\/i0.wp.com\/newmobility.news\/wp-content\/uploads\/2025\/05\/2025_Corolla-Cross-GR-Sport_005-scaled.jpg?resize=300%2C300&ssl=1",300,300,true],"gform-image-choice-md":["https:\/\/i0.wp.com\/newmobility.news\/wp-content\/uploads\/2025\/05\/2025_Corolla-Cross-GR-Sport_005-scaled.jpg?resize=400%2C400&ssl=1",400,400,true],"gform-image-choice-lg":["https:\/\/i0.wp.com\/newmobility.news\/wp-content\/uploads\/2025\/05\/2025_Corolla-Cross-GR-Sport_005-scaled.jpg?resize=600%2C600&ssl=1",600,600,true],"mailchimp":["https:\/\/i0.wp.com\/newmobility.news\/wp-content\/uploads\/2025\/05\/2025_Corolla-Cross-GR-Sport_005-scaled.jpg?fit=560%2C420&ssl=1",560,420,true],"unipress-phone":["https:\/\/i0.wp.com\/newmobility.news\/wp-content\/uploads\/2025\/05\/2025_Corolla-Cross-GR-Sport_005-scaled.jpg?resize=640%2C100&ssl=1",640,100,true],"unipress-tablet":["https:\/\/i0.wp.com\/newmobility.news\/wp-content\/uploads\/2025\/05\/2025_Corolla-Cross-GR-Sport_005-scaled.jpg?resize=1536%2C240&ssl=1",1536,240,true],"unipress-tablet-portrait":["https:\/\/i0.wp.com\/newmobility.news\/wp-content\/uploads\/2025\/05\/2025_Corolla-Cross-GR-Sport_005-scaled.jpg?resize=1536%2C180&ssl=1",1536,180,true],"unipress-tablet-landscape":["https:\/\/i0.wp.com\/newmobility.news\/wp-content\/uploads\/2025\/05\/2025_Corolla-Cross-GR-Sport_005-scaled.jpg?resize=2048%2C180&ssl=1",2048,180,true],"unipress-smartphone":["https:\/\/i0.wp.com\/newmobility.news\/wp-content\/uploads\/2025\/05\/2025_Corolla-Cross-GR-Sport_005-scaled.jpg?resize=1080%2C168&ssl=1",1080,168,true],"unipress-wide-screen":["https:\/\/i0.wp.com\/newmobility.news\/wp-content\/uploads\/2025\/05\/2025_Corolla-Cross-GR-Sport_005-scaled.jpg?resize=2560%2C180&ssl=1",2560,180,true]},"post_excerpt_stackable_v2":"<p>Toyota has refreshed the styling of its five-year-old Corolla Cross, enhanced cabin comfort, and introduced a GR Sport variant for the first time in the European lineup. The updated model will arrive in summer 2025, with the GR Sport following in the fall. Positioned between the C-HR and RAV4, the This content has been archived. Log in or Subscribe to a level that has access to archived content.<\/p>\n","category_list_v2":"<a href=\"https:\/\/newmobility.news\/fr\/category\/belgium\/\" rel=\"category tag\">Belgium<\/a>, <a href=\"https:\/\/newmobility.news\/fr\/category\/industry\/\" rel=\"category tag\">Industry<\/a>, <a href=\"https:\/\/newmobility.news\/fr\/category\/market\/\" rel=\"category tag\">Market<\/a>, <a href=\"https:\/\/newmobility.news\/fr\/category\/product\/\" rel=\"category tag\">Product<\/a>, <a href=\"https:\/\/newmobility.news\/fr\/category\/top-stories-today\/\" rel=\"category tag\">Top Stories Today<\/a>","author_info_v2":{"name":"Piet Andries","url":"https:\/\/newmobility.news\/fr\/author\/piet-andriesgmail-com\/"},"comments_num_v2":"0 comments","yoast_head":"<!-- This site is optimized with the Yoast SEO plugin v27.5 - https:\/\/yoast.com\/product\/yoast-seo-wordpress\/ -->\n<title>Sharp redesign for Toyota Corolla Cross and first-ever GR Sport - newmobility.news<\/title>\n<meta name=\"robots\" content=\"index, follow, max-snippet:-1, max-image-preview:large, max-video-preview:-1\" \/>\n<link rel=\"canonical\" href=\"https:\/\/newmobility.news\/fr\/2025\/05\/09\/sharp-redesign-for-toyota-corolla-cross-and-first-ever-gr-sport\/\" \/>\n<meta property=\"og:locale\" content=\"fr_FR\" \/>\n<meta property=\"og:type\" content=\"article\" \/>\n<meta property=\"og:title\" content=\"Sharp redesign for Toyota Corolla Cross and first-ever GR Sport - newmobility.news\" \/>\n<meta property=\"og:description\" content=\"Toyota has refreshed the styling of its five-year-old Corolla Cross, enhanced cabin comfort, and introduced a GR Sport variant for the first time in the European lineup. The updated model will arrive in summer 2025, with the GR Sport following in the fall. Positioned between the C-HR and RAV4, the This content has been archived. [&hellip;]\" \/>\n<meta property=\"og:url\" content=\"https:\/\/newmobility.news\/fr\/2025\/05\/09\/sharp-redesign-for-toyota-corolla-cross-and-first-ever-gr-sport\/\" \/>\n<meta property=\"og:site_name\" content=\"newmobility.news\" \/>\n<meta property=\"article:publisher\" content=\"https:\/\/www.facebook.com\/search\/top\/?q=newmobility.news\" \/>\n<meta property=\"article:published_time\" content=\"2025-05-09T08:59:08+00:00\" \/>\n<meta property=\"og:image\" content=\"https:\/\/newmobility.news\/wp-content\/uploads\/2025\/05\/2025_Corolla-Cross-GR-Sport_005-scaled.jpg\" \/>\n\t<meta property=\"og:image:width\" content=\"2560\" \/>\n\t<meta property=\"og:image:height\" content=\"1919\" \/>\n\t<meta property=\"og:image:type\" content=\"image\/jpeg\" \/>\n<meta name=\"author\" content=\"Piet Andries\" \/>\n<meta name=\"twitter:card\" content=\"summary_large_image\" \/>\n<meta name=\"twitter:creator\" content=\"@jorisvry\" \/>\n<meta name=\"twitter:site\" content=\"@jorisvry\" \/>\n<meta name=\"twitter:label1\" content=\"\u00c9crit par\" \/>\n\t<meta name=\"twitter:data1\" content=\"Piet Andries\" \/>\n\t<meta name=\"twitter:label2\" content=\"Dur\u00e9e de lecture est.\" \/>\n\t<meta name=\"twitter:data2\" content=\"3 minutes\" \/>\n<script type=\"application\/ld+json\" class=\"yoast-schema-graph\">{\"@context\":\"https:\\\/\\\/schema.org\",\"@graph\":[{\"@type\":\"Article\",\"@id\":\"https:\\\/\\\/newmobility.news\\\/2025\\\/05\\\/09\\\/sharp-redesign-for-toyota-corolla-cross-and-first-ever-gr-sport\\\/#article\",\"isPartOf\":{\"@id\":\"https:\\\/\\\/newmobility.news\\\/2025\\\/05\\\/09\\\/sharp-redesign-for-toyota-corolla-cross-and-first-ever-gr-sport\\\/\"},\"author\":{\"name\":\"Piet Andries\",\"@id\":\"https:\\\/\\\/newmobility.news\\\/#\\\/schema\\\/person\\\/4f0a0e407f0ee24ec763e67b0a5840a5\"},\"headline\":\"Sharp redesign for Toyota Corolla Cross and first-ever GR Sport\",\"datePublished\":\"2025-05-09T08:59:08+00:00\",\"mainEntityOfPage\":{\"@id\":\"https:\\\/\\\/newmobility.news\\\/2025\\\/05\\\/09\\\/sharp-redesign-for-toyota-corolla-cross-and-first-ever-gr-sport\\\/\"},\"wordCount\":436,\"publisher\":{\"@id\":\"https:\\\/\\\/newmobility.news\\\/#organization\"},\"image\":{\"@id\":\"https:\\\/\\\/newmobility.news\\\/2025\\\/05\\\/09\\\/sharp-redesign-for-toyota-corolla-cross-and-first-ever-gr-sport\\\/#primaryimage\"},\"thumbnailUrl\":\"https:\\\/\\\/i0.wp.com\\\/newmobility.news\\\/wp-content\\\/uploads\\\/2025\\\/05\\\/2025_Corolla-Cross-GR-Sport_005-scaled.jpg?fit=2560%2C1919&ssl=1\",\"articleSection\":[\"Belgium\",\"Industry\",\"Market\",\"Product\",\"Top Stories Today\"],\"inLanguage\":\"fr-BE\"},{\"@type\":\"WebPage\",\"@id\":\"https:\\\/\\\/newmobility.news\\\/2025\\\/05\\\/09\\\/sharp-redesign-for-toyota-corolla-cross-and-first-ever-gr-sport\\\/\",\"url\":\"https:\\\/\\\/newmobility.news\\\/2025\\\/05\\\/09\\\/sharp-redesign-for-toyota-corolla-cross-and-first-ever-gr-sport\\\/\",\"name\":\"Sharp redesign for Toyota Corolla Cross and first-ever GR Sport - newmobility.news\",\"isPartOf\":{\"@id\":\"https:\\\/\\\/newmobility.news\\\/#website\"},\"primaryImageOfPage\":{\"@id\":\"https:\\\/\\\/newmobility.news\\\/2025\\\/05\\\/09\\\/sharp-redesign-for-toyota-corolla-cross-and-first-ever-gr-sport\\\/#primaryimage\"},\"image\":{\"@id\":\"https:\\\/\\\/newmobility.news\\\/2025\\\/05\\\/09\\\/sharp-redesign-for-toyota-corolla-cross-and-first-ever-gr-sport\\\/#primaryimage\"},\"thumbnailUrl\":\"https:\\\/\\\/i0.wp.com\\\/newmobility.news\\\/wp-content\\\/uploads\\\/2025\\\/05\\\/2025_Corolla-Cross-GR-Sport_005-scaled.jpg?fit=2560%2C1919&ssl=1\",\"datePublished\":\"2025-05-09T08:59:08+00:00\",\"breadcrumb\":{\"@id\":\"https:\\\/\\\/newmobility.news\\\/2025\\\/05\\\/09\\\/sharp-redesign-for-toyota-corolla-cross-and-first-ever-gr-sport\\\/#breadcrumb\"},\"inLanguage\":\"fr-BE\",\"potentialAction\":[{\"@type\":\"ReadAction\",\"target\":[\"https:\\\/\\\/newmobility.news\\\/2025\\\/05\\\/09\\\/sharp-redesign-for-toyota-corolla-cross-and-first-ever-gr-sport\\\/\"]}]},{\"@type\":\"ImageObject\",\"inLanguage\":\"fr-BE\",\"@id\":\"https:\\\/\\\/newmobility.news\\\/2025\\\/05\\\/09\\\/sharp-redesign-for-toyota-corolla-cross-and-first-ever-gr-sport\\\/#primaryimage\",\"url\":\"https:\\\/\\\/i0.wp.com\\\/newmobility.news\\\/wp-content\\\/uploads\\\/2025\\\/05\\\/2025_Corolla-Cross-GR-Sport_005-scaled.jpg?fit=2560%2C1919&ssl=1\",\"contentUrl\":\"https:\\\/\\\/i0.wp.com\\\/newmobility.news\\\/wp-content\\\/uploads\\\/2025\\\/05\\\/2025_Corolla-Cross-GR-Sport_005-scaled.jpg?fit=2560%2C1919&ssl=1\",\"width\":2560,\"height\":1919,\"caption\":\"In Belgium, the Corolla Cross is the third best-selling Toyota \\\/Toyota\"},{\"@type\":\"BreadcrumbList\",\"@id\":\"https:\\\/\\\/newmobility.news\\\/2025\\\/05\\\/09\\\/sharp-redesign-for-toyota-corolla-cross-and-first-ever-gr-sport\\\/#breadcrumb\",\"itemListElement\":[{\"@type\":\"ListItem\",\"position\":1,\"name\":\"Home\",\"item\":\"https:\\\/\\\/newmobility.news\\\/\"},{\"@type\":\"ListItem\",\"position\":2,\"name\":\"Sharp redesign for Toyota Corolla Cross and first-ever GR Sport\"}]},{\"@type\":\"WebSite\",\"@id\":\"https:\\\/\\\/newmobility.news\\\/#website\",\"url\":\"https:\\\/\\\/newmobility.news\\\/\",\"name\":\"newmobility.news\",\"description\":\"A B2BNews Agency\u00ae news service for mobility business proessional\",\"publisher\":{\"@id\":\"https:\\\/\\\/newmobility.news\\\/#organization\"},\"potentialAction\":[{\"@type\":\"SearchAction\",\"target\":{\"@type\":\"EntryPoint\",\"urlTemplate\":\"https:\\\/\\\/newmobility.news\\\/?s={search_term_string}\"},\"query-input\":{\"@type\":\"PropertyValueSpecification\",\"valueRequired\":true,\"valueName\":\"search_term_string\"}}],\"inLanguage\":\"fr-BE\"},{\"@type\":\"Organization\",\"@id\":\"https:\\\/\\\/newmobility.news\\\/#organization\",\"name\":\"B2BNews Agency\",\"url\":\"https:\\\/\\\/newmobility.news\\\/\",\"logo\":{\"@type\":\"ImageObject\",\"inLanguage\":\"fr-BE\",\"@id\":\"https:\\\/\\\/newmobility.news\\\/#\\\/schema\\\/logo\\\/image\\\/\",\"url\":\"https:\\\/\\\/newmobility.news\\\/wp-content\\\/uploads\\\/2018\\\/01\\\/b2bnews-agency-logo.png\",\"contentUrl\":\"https:\\\/\\\/newmobility.news\\\/wp-content\\\/uploads\\\/2018\\\/01\\\/b2bnews-agency-logo.png\",\"width\":\"581\",\"height\":\"117\",\"caption\":\"B2BNews Agency\"},\"image\":{\"@id\":\"https:\\\/\\\/newmobility.news\\\/#\\\/schema\\\/logo\\\/image\\\/\"},\"sameAs\":[\"https:\\\/\\\/www.facebook.com\\\/search\\\/top\\\/?q=newmobility.news\",\"https:\\\/\\\/x.com\\\/jorisvry\",\"https:\\\/\\\/www.linkedin.com\\\/in\\\/jorisvanroy\\\/\",\"https:\\\/\\\/nl.pinterest.com\\\/jorisvanroy\\\/\"]},{\"@type\":\"Person\",\"@id\":\"https:\\\/\\\/newmobility.news\\\/#\\\/schema\\\/person\\\/4f0a0e407f0ee24ec763e67b0a5840a5\",\"name\":\"Piet Andries\",\"image\":{\"@type\":\"ImageObject\",\"inLanguage\":\"fr-BE\",\"@id\":\"https:\\\/\\\/secure.gravatar.com\\\/avatar\\\/c7ec64b5aa2f5a96b3ea5ca5b828a30d1b3e6e74b21e2f3e71ba86eea80553d4?s=96&d=mm&r=g\",\"url\":\"https:\\\/\\\/secure.gravatar.com\\\/avatar\\\/c7ec64b5aa2f5a96b3ea5ca5b828a30d1b3e6e74b21e2f3e71ba86eea80553d4?s=96&d=mm&r=g\",\"contentUrl\":\"https:\\\/\\\/secure.gravatar.com\\\/avatar\\\/c7ec64b5aa2f5a96b3ea5ca5b828a30d1b3e6e74b21e2f3e71ba86eea80553d4?s=96&d=mm&r=g\",\"caption\":\"Piet Andries\"},\"url\":\"https:\\\/\\\/newmobility.news\\\/fr\\\/author\\\/piet-andriesgmail-com\\\/\"}]}<\/script>\n<!-- \/ Yoast SEO plugin. -->","yoast_head_json":{"title":"Une refonte radicale pour la Toyota Corolla Cross et la toute premi\u00e8re GR Sport - newmobility.news","robots":{"index":"index","follow":"follow","max-snippet":"max-snippet:-1","max-image-preview":"max-image-preview:large","max-video-preview":"max-video-preview:-1"},"canonical":"https:\/\/newmobility.news\/fr\/2025\/05\/09\/sharp-redesign-for-toyota-corolla-cross-and-first-ever-gr-sport\/","og_locale":"fr_FR","og_type":"article","og_title":"Sharp redesign for Toyota Corolla Cross and first-ever GR Sport - newmobility.news","og_description":"Toyota has refreshed the styling of its five-year-old Corolla Cross, enhanced cabin comfort, and introduced a GR Sport variant for the first time in the European lineup. The updated model will arrive in summer 2025, with the GR Sport following in the fall. Positioned between the C-HR and RAV4, the This content has been archived. [&hellip;]","og_url":"https:\/\/newmobility.news\/fr\/2025\/05\/09\/sharp-redesign-for-toyota-corolla-cross-and-first-ever-gr-sport\/","og_site_name":"newmobility.news","article_publisher":"https:\/\/www.facebook.com\/search\/top\/?q=newmobility.news","article_published_time":"2025-05-09T08:59:08+00:00","og_image":[{"width":2560,"height":1919,"url":"https:\/\/newmobility.news\/wp-content\/uploads\/2025\/05\/2025_Corolla-Cross-GR-Sport_005-scaled.jpg","type":"image\/jpeg"}],"author":"Piet Andries","twitter_card":"summary_large_image","twitter_creator":"@jorisvry","twitter_site":"@jorisvry","twitter_misc":{"\u00c9crit par":"Piet Andries","Dur\u00e9e de lecture est.":"3 minutes"},"schema":{"@context":"https:\/\/schema.org","@graph":[{"@type":"Article","@id":"https:\/\/newmobility.news\/2025\/05\/09\/sharp-redesign-for-toyota-corolla-cross-and-first-ever-gr-sport\/#article","isPartOf":{"@id":"https:\/\/newmobility.news\/2025\/05\/09\/sharp-redesign-for-toyota-corolla-cross-and-first-ever-gr-sport\/"},"author":{"name":"Piet Andries","@id":"https:\/\/newmobility.news\/#\/schema\/person\/4f0a0e407f0ee24ec763e67b0a5840a5"},"headline":"Sharp redesign for Toyota Corolla Cross and first-ever GR Sport","datePublished":"2025-05-09T08:59:08+00:00","mainEntityOfPage":{"@id":"https:\/\/newmobility.news\/2025\/05\/09\/sharp-redesign-for-toyota-corolla-cross-and-first-ever-gr-sport\/"},"wordCount":436,"publisher":{"@id":"https:\/\/newmobility.news\/#organization"},"image":{"@id":"https:\/\/newmobility.news\/2025\/05\/09\/sharp-redesign-for-toyota-corolla-cross-and-first-ever-gr-sport\/#primaryimage"},"thumbnailUrl":"https:\/\/i0.wp.com\/newmobility.news\/wp-content\/uploads\/2025\/05\/2025_Corolla-Cross-GR-Sport_005-scaled.jpg?fit=2560%2C1919&ssl=1","articleSection":["Belgium","Industry","Market","Product","Top Stories Today"],"inLanguage":"fr-BE"},{"@type":"WebPage","@id":"https:\/\/newmobility.news\/2025\/05\/09\/sharp-redesign-for-toyota-corolla-cross-and-first-ever-gr-sport\/","url":"https:\/\/newmobility.news\/2025\/05\/09\/sharp-redesign-for-toyota-corolla-cross-and-first-ever-gr-sport\/","name":"Une refonte radicale pour la Toyota Corolla Cross et la toute premi\u00e8re GR Sport - newmobility.news","isPartOf":{"@id":"https:\/\/newmobility.news\/#website"},"primaryImageOfPage":{"@id":"https:\/\/newmobility.news\/2025\/05\/09\/sharp-redesign-for-toyota-corolla-cross-and-first-ever-gr-sport\/#primaryimage"},"image":{"@id":"https:\/\/newmobility.news\/2025\/05\/09\/sharp-redesign-for-toyota-corolla-cross-and-first-ever-gr-sport\/#primaryimage"},"thumbnailUrl":"https:\/\/i0.wp.com\/newmobility.news\/wp-content\/uploads\/2025\/05\/2025_Corolla-Cross-GR-Sport_005-scaled.jpg?fit=2560%2C1919&ssl=1","datePublished":"2025-05-09T08:59:08+00:00","breadcrumb":{"@id":"https:\/\/newmobility.news\/2025\/05\/09\/sharp-redesign-for-toyota-corolla-cross-and-first-ever-gr-sport\/#breadcrumb"},"inLanguage":"fr-BE","potentialAction":[{"@type":"ReadAction","target":["https:\/\/newmobility.news\/2025\/05\/09\/sharp-redesign-for-toyota-corolla-cross-and-first-ever-gr-sport\/"]}]},{"@type":"ImageObject","inLanguage":"fr-BE","@id":"https:\/\/newmobility.news\/2025\/05\/09\/sharp-redesign-for-toyota-corolla-cross-and-first-ever-gr-sport\/#primaryimage","url":"https:\/\/i0.wp.com\/newmobility.news\/wp-content\/uploads\/2025\/05\/2025_Corolla-Cross-GR-Sport_005-scaled.jpg?fit=2560%2C1919&ssl=1","contentUrl":"https:\/\/i0.wp.com\/newmobility.news\/wp-content\/uploads\/2025\/05\/2025_Corolla-Cross-GR-Sport_005-scaled.jpg?fit=2560%2C1919&ssl=1","width":2560,"height":1919,"caption":"In Belgium, the Corolla Cross is the third best-selling Toyota \/Toyota"},{"@type":"BreadcrumbList","@id":"https:\/\/newmobility.news\/2025\/05\/09\/sharp-redesign-for-toyota-corolla-cross-and-first-ever-gr-sport\/#breadcrumb","itemListElement":[{"@type":"ListItem","position":1,"name":"Home","item":"https:\/\/newmobility.news\/"},{"@type":"ListItem","position":2,"name":"Sharp redesign for Toyota Corolla Cross and first-ever GR Sport"}]},{"@type":"WebSite","@id":"https:\/\/newmobility.news\/#website","url":"https:\/\/newmobility.news\/","name":"nouveaumobilit\u00e9.actualit\u00e9s","description":"Un service d'information B2BNews Agency\u00ae destin\u00e9 aux professionnels de la mobilit\u00e9","publisher":{"@id":"https:\/\/newmobility.news\/#organization"},"potentialAction":[{"@type":"SearchAction","target":{"@type":"EntryPoint","urlTemplate":"https:\/\/newmobility.news\/?s={search_term_string}"},"query-input":{"@type":"PropertyValueSpecification","valueRequired":true,"valueName":"search_term_string"}}],"inLanguage":"fr-BE"},{"@type":"Organization","@id":"https:\/\/newmobility.news\/#organization","name":"Agence de presse B2BNews","url":"https:\/\/newmobility.news\/","logo":{"@type":"ImageObject","inLanguage":"fr-BE","@id":"https:\/\/newmobility.news\/#\/schema\/logo\/image\/","url":"https:\/\/newmobility.news\/wp-content\/uploads\/2018\/01\/b2bnews-agency-logo.png","contentUrl":"https:\/\/newmobility.news\/wp-content\/uploads\/2018\/01\/b2bnews-agency-logo.png","width":"581","height":"117","caption":"B2BNews Agency"},"image":{"@id":"https:\/\/newmobility.news\/#\/schema\/logo\/image\/"},"sameAs":["https:\/\/www.facebook.com\/search\/top\/?q=newmobility.news","https:\/\/x.com\/jorisvry","https:\/\/www.linkedin.com\/in\/jorisvanroy\/","https:\/\/nl.pinterest.com\/jorisvanroy\/"]},{"@type":"Person","@id":"https:\/\/newmobility.news\/#\/schema\/person\/4f0a0e407f0ee24ec763e67b0a5840a5","name":"Piet Andries","image":{"@type":"ImageObject","inLanguage":"fr-BE","@id":"https:\/\/secure.gravatar.com\/avatar\/c7ec64b5aa2f5a96b3ea5ca5b828a30d1b3e6e74b21e2f3e71ba86eea80553d4?s=96&d=mm&r=g","url":"https:\/\/secure.gravatar.com\/avatar\/c7ec64b5aa2f5a96b3ea5ca5b828a30d1b3e6e74b21e2f3e71ba86eea80553d4?s=96&d=mm&r=g","contentUrl":"https:\/\/secure.gravatar.com\/avatar\/c7ec64b5aa2f5a96b3ea5ca5b828a30d1b3e6e74b21e2f3e71ba86eea80553d4?s=96&d=mm&r=g","caption":"Piet Andries"},"url":"https:\/\/newmobility.news\/fr\/author\/piet-andriesgmail-com\/"}]}},"jetpack_publicize_connections":[],"jetpack_featured_media_url":"https:\/\/i0.wp.com\/newmobility.news\/wp-content\/uploads\/2025\/05\/2025_Corolla-Cross-GR-Sport_005-scaled.jpg?fit=2560%2C1919&ssl=1","jetpack_shortlink":"https:\/\/wp.me\/p9wJdU-Hlt","jetpack_sharing_enabled":true,"jetpack_likes_enabled":true,"jetpack-related-posts":[],"_links":{"self":[{"href":"https:\/\/newmobility.news\/fr\/wp-json\/wp\/v2\/posts\/166623","targetHints":{"allow":["GET"]}}],"collection":[{"href":"https:\/\/newmobility.news\/fr\/wp-json\/wp\/v2\/posts"}],"about":[{"href":"https:\/\/newmobility.news\/fr\/wp-json\/wp\/v2\/types\/post"}],"author":[{"embeddable":true,"href":"https:\/\/newmobility.news\/fr\/wp-json\/wp\/v2\/users\/715"}],"replies":[{"embeddable":true,"href":"https:\/\/newmobility.news\/fr\/wp-json\/wp\/v2\/comments?post=166623"}],"version-history":[{"count":0,"href":"https:\/\/newmobility.news\/fr\/wp-json\/wp\/v2\/posts\/166623\/revisions"}],"wp:featuredmedia":[{"embeddable":true,"href":"https:\/\/newmobility.news\/fr\/wp-json\/wp\/v2\/media\/166633"}],"wp:attachment":[{"href":"https:\/\/newmobility.news\/fr\/wp-json\/wp\/v2\/media?parent=166623"}],"wp:term":[{"taxonomy":"category","embeddable":true,"href":"https:\/\/newmobility.news\/fr\/wp-json\/wp\/v2\/categories?post=166623"},{"taxonomy":"post_tag","embeddable":true,"href":"https:\/\/newmobility.news\/fr\/wp-json\/wp\/v2\/tags?post=166623"}],"curies":[{"name":"wp","href":"https:\/\/api.w.org\/{rel}","templated":true}]}}