{"id":166649,"date":"2025-05-09T12:19:19","date_gmt":"2025-05-09T10:19:19","guid":{"rendered":"https:\/\/newmobility.news\/?p=166649"},"modified":"2025-05-09T12:19:19","modified_gmt":"2025-05-09T10:19:19","slug":"cadillacs-e300000-celestiq-the-most-exclusive-car-no-one-asked-for","status":"publish","type":"post","link":"https:\/\/newmobility.news\/fr\/2025\/05\/09\/cadillacs-e300000-celestiq-the-most-exclusive-car-no-one-asked-for\/","title":{"rendered":"La Celestiq de Cadillac \u00e0 300 000 \u20ac : la voiture la plus exclusive dont personne n'avait besoin"},"content":{"rendered":"Le mod\u00e8le \u00e9lectrique phare de Cadillac, le Celestiq, fabriqu\u00e9 \u00e0 la main, \u00e9tait cens\u00e9 marquer le retour de la grandeur automobile am\u00e9ricaine. Au lieu de cela, il risque de devenir un fant\u00f4me co\u00fbteux, plus rare qu'une Bugatti, mais ce n'\u00e9tait pas le plan initial du conseil d'administration. Pr\u00e8s de trois ans apr\u00e8s son annonce fastueuse, moins de 25 acheteurs ont<div class=\"leaky_paywall_message_wrap\"><div id=\"leaky_paywall_message\">Ce contenu a \u00e9t\u00e9 archiv\u00e9. <a href=\"https:\/\/newmobility.news\/fr\/subscription\/\">Connectez-vous ou inscrivez-vous<\/a> \u00e0 un niveau qui donne acc\u00e8s au contenu archiv\u00e9.<\/div><\/div>","protected":false},"excerpt":{"rendered":"<p>Cadillac\u2019s hand-built electric flagship, the Celestiq, was meant to mark the return of American automotive grandeur. Instead, it risks becoming an expensive ghost \u2014 rarer than a Bugatti, but not by the board&#8217;s initial plan. Nearly three years since its glitzy announcement, fewer than 25 buyers hThis content has been archived. Log in or Subscribe [&hellip;]<\/p>\n","protected":false},"author":715,"featured_media":166653,"comment_status":"closed","ping_status":"closed","sticky":false,"template":"","format":"standard","meta":{"_acf_changed":false,"jetpack_post_was_ever_published":false,"_jetpack_newsletter_access":"","_jetpack_dont_email_post_to_subs":false,"_jetpack_newsletter_tier_id":0,"_jetpack_memberships_contains_paywalled_content":false,"_jetpack_memberships_contains_paid_content":false,"footnotes":"","jetpack_publicize_message":"","jetpack_publicize_feature_enabled":true,"jetpack_social_post_already_shared":true,"jetpack_social_options":{"image_generator_settings":{"template":"highway","default_image_id":0,"font":"","enabled":false},"version":2},"_wpas_customize_per_network":false},"categories":[16,77169,8,4,77165],"tags":[],"class_list":["post-166649","post","type-post","status-publish","format-standard","has-post-thumbnail","hentry","category-industry","category-market","category-product","category-top-stories-today","category-usa"],"acf":[],"featured_image_urls_v2":{"full":["https:\/\/i0.wp.com\/newmobility.news\/wp-content\/uploads\/2025\/05\/cadillac-celestiq-300_BACK.jpg.webp?fit=1000%2C666&ssl=1",1000,666,false],"thumbnail":["https:\/\/i0.wp.com\/newmobility.news\/wp-content\/uploads\/2025\/05\/cadillac-celestiq-300_BACK.jpg.webp?resize=150%2C150&ssl=1",150,150,true],"medium":["https:\/\/i0.wp.com\/newmobility.news\/wp-content\/uploads\/2025\/05\/cadillac-celestiq-300_BACK.jpg.webp?fit=300%2C200&ssl=1",300,200,true],"medium_large":["https:\/\/i0.wp.com\/newmobility.news\/wp-content\/uploads\/2025\/05\/cadillac-celestiq-300_BACK.jpg.webp?fit=640%2C426&ssl=1",640,426,true],"large":["https:\/\/i0.wp.com\/newmobility.news\/wp-content\/uploads\/2025\/05\/cadillac-celestiq-300_BACK.jpg.webp?fit=640%2C426&ssl=1",640,426,true],"1536x1536":["https:\/\/i0.wp.com\/newmobility.news\/wp-content\/uploads\/2025\/05\/cadillac-celestiq-300_BACK.jpg.webp?fit=1000%2C666&ssl=1",1000,666,true],"2048x2048":["https:\/\/i0.wp.com\/newmobility.news\/wp-content\/uploads\/2025\/05\/cadillac-celestiq-300_BACK.jpg.webp?fit=1000%2C666&ssl=1",1000,666,true],"trp-custom-language-flag":["https:\/\/i0.wp.com\/newmobility.news\/wp-content\/uploads\/2025\/05\/cadillac-celestiq-300_BACK.jpg.webp?fit=18%2C12&ssl=1",18,12,true],"related-thumb":["https:\/\/i0.wp.com\/newmobility.news\/wp-content\/uploads\/2025\/05\/cadillac-celestiq-300_BACK.jpg.webp?resize=640%2C480&ssl=1",640,480,true],"gform-image-choice-sm":["https:\/\/i0.wp.com\/newmobility.news\/wp-content\/uploads\/2025\/05\/cadillac-celestiq-300_BACK.jpg.webp?resize=300%2C300&ssl=1",300,300,true],"gform-image-choice-md":["https:\/\/i0.wp.com\/newmobility.news\/wp-content\/uploads\/2025\/05\/cadillac-celestiq-300_BACK.jpg.webp?resize=400%2C400&ssl=1",400,400,true],"gform-image-choice-lg":["https:\/\/i0.wp.com\/newmobility.news\/wp-content\/uploads\/2025\/05\/cadillac-celestiq-300_BACK.jpg.webp?resize=600%2C600&ssl=1",600,600,true],"mailchimp":["https:\/\/i0.wp.com\/newmobility.news\/wp-content\/uploads\/2025\/05\/cadillac-celestiq-300_BACK.jpg.webp?fit=560%2C373&ssl=1",560,373,true],"unipress-phone":["https:\/\/i0.wp.com\/newmobility.news\/wp-content\/uploads\/2025\/05\/cadillac-celestiq-300_BACK.jpg.webp?resize=640%2C100&ssl=1",640,100,true],"unipress-tablet":["https:\/\/i0.wp.com\/newmobility.news\/wp-content\/uploads\/2025\/05\/cadillac-celestiq-300_BACK.jpg.webp?resize=1000%2C240&ssl=1",1000,240,true],"unipress-tablet-portrait":["https:\/\/i0.wp.com\/newmobility.news\/wp-content\/uploads\/2025\/05\/cadillac-celestiq-300_BACK.jpg.webp?resize=1000%2C180&ssl=1",1000,180,true],"unipress-tablet-landscape":["https:\/\/i0.wp.com\/newmobility.news\/wp-content\/uploads\/2025\/05\/cadillac-celestiq-300_BACK.jpg.webp?resize=1000%2C180&ssl=1",1000,180,true],"unipress-smartphone":["https:\/\/i0.wp.com\/newmobility.news\/wp-content\/uploads\/2025\/05\/cadillac-celestiq-300_BACK.jpg.webp?resize=1000%2C168&ssl=1",1000,168,true],"unipress-wide-screen":["https:\/\/i0.wp.com\/newmobility.news\/wp-content\/uploads\/2025\/05\/cadillac-celestiq-300_BACK.jpg.webp?resize=1000%2C180&ssl=1",1000,180,true]},"post_excerpt_stackable_v2":"<p>Cadillac\u2019s hand-built electric flagship, the Celestiq, was meant to mark the return of American automotive grandeur. Instead, it risks becoming an expensive ghost \u2014 rarer than a Bugatti, but not by the board&#8217;s initial plan. Nearly three years since its glitzy announcement, fewer than 25 buyers hThis content has been archived. Log in or Subscribe to a level that has access to archived content.<\/p>\n","category_list_v2":"<a href=\"https:\/\/newmobility.news\/fr\/category\/industry\/\" rel=\"category tag\">Industry<\/a>, <a href=\"https:\/\/newmobility.news\/fr\/category\/market\/\" rel=\"category tag\">Market<\/a>, <a href=\"https:\/\/newmobility.news\/fr\/category\/product\/\" rel=\"category tag\">Product<\/a>, <a href=\"https:\/\/newmobility.news\/fr\/category\/top-stories-today\/\" rel=\"category tag\">Top Stories Today<\/a>, <a href=\"https:\/\/newmobility.news\/fr\/category\/usa\/\" rel=\"category tag\">USA<\/a>","author_info_v2":{"name":"Piet Andries","url":"https:\/\/newmobility.news\/fr\/author\/piet-andriesgmail-com\/"},"comments_num_v2":"0 comments","yoast_head":"<!-- This site is optimized with the Yoast SEO plugin v27.5 - https:\/\/yoast.com\/product\/yoast-seo-wordpress\/ -->\n<title>Cadillac\u2019s \u20ac300,000 Celestiq: the most exclusive car no one asked for - newmobility.news<\/title>\n<meta name=\"robots\" content=\"index, follow, max-snippet:-1, max-image-preview:large, max-video-preview:-1\" \/>\n<link rel=\"canonical\" href=\"https:\/\/newmobility.news\/fr\/2025\/05\/09\/cadillacs-e300000-celestiq-the-most-exclusive-car-no-one-asked-for\/\" \/>\n<meta property=\"og:locale\" content=\"fr_FR\" \/>\n<meta property=\"og:type\" content=\"article\" \/>\n<meta property=\"og:title\" content=\"Cadillac\u2019s \u20ac300,000 Celestiq: the most exclusive car no one asked for - newmobility.news\" \/>\n<meta property=\"og:description\" content=\"Cadillac\u2019s hand-built electric flagship, the Celestiq, was meant to mark the return of American automotive grandeur. Instead, it risks becoming an expensive ghost \u2014 rarer than a Bugatti, but not by the board&#039;s initial plan. Nearly three years since its glitzy announcement, fewer than 25 buyers hThis content has been archived. Log in or Subscribe [&hellip;]\" \/>\n<meta property=\"og:url\" content=\"https:\/\/newmobility.news\/fr\/2025\/05\/09\/cadillacs-e300000-celestiq-the-most-exclusive-car-no-one-asked-for\/\" \/>\n<meta property=\"og:site_name\" content=\"newmobility.news\" \/>\n<meta property=\"article:publisher\" content=\"https:\/\/www.facebook.com\/search\/top\/?q=newmobility.news\" \/>\n<meta property=\"article:published_time\" content=\"2025-05-09T10:19:19+00:00\" \/>\n<meta property=\"og:image\" content=\"https:\/\/newmobility.news\/wp-content\/uploads\/2025\/05\/cadillac-celestiq-300_BACK.jpg.webp\" \/>\n\t<meta property=\"og:image:width\" content=\"1000\" \/>\n\t<meta property=\"og:image:height\" content=\"666\" \/>\n\t<meta property=\"og:image:type\" content=\"image\/webp\" \/>\n<meta name=\"author\" content=\"Piet Andries\" \/>\n<meta name=\"twitter:card\" content=\"summary_large_image\" \/>\n<meta name=\"twitter:creator\" content=\"@jorisvry\" \/>\n<meta name=\"twitter:site\" content=\"@jorisvry\" \/>\n<meta name=\"twitter:label1\" content=\"\u00c9crit par\" \/>\n\t<meta name=\"twitter:data1\" content=\"Piet Andries\" \/>\n\t<meta name=\"twitter:label2\" content=\"Dur\u00e9e de lecture est.\" \/>\n\t<meta name=\"twitter:data2\" content=\"3 minutes\" \/>\n<script type=\"application\/ld+json\" class=\"yoast-schema-graph\">{\"@context\":\"https:\\\/\\\/schema.org\",\"@graph\":[{\"@type\":\"Article\",\"@id\":\"https:\\\/\\\/newmobility.news\\\/2025\\\/05\\\/09\\\/cadillacs-e300000-celestiq-the-most-exclusive-car-no-one-asked-for\\\/#article\",\"isPartOf\":{\"@id\":\"https:\\\/\\\/newmobility.news\\\/2025\\\/05\\\/09\\\/cadillacs-e300000-celestiq-the-most-exclusive-car-no-one-asked-for\\\/\"},\"author\":{\"name\":\"Piet Andries\",\"@id\":\"https:\\\/\\\/newmobility.news\\\/#\\\/schema\\\/person\\\/4f0a0e407f0ee24ec763e67b0a5840a5\"},\"headline\":\"Cadillac\u2019s \u20ac300,000 Celestiq: the most exclusive car no one asked for\",\"datePublished\":\"2025-05-09T10:19:19+00:00\",\"mainEntityOfPage\":{\"@id\":\"https:\\\/\\\/newmobility.news\\\/2025\\\/05\\\/09\\\/cadillacs-e300000-celestiq-the-most-exclusive-car-no-one-asked-for\\\/\"},\"wordCount\":509,\"publisher\":{\"@id\":\"https:\\\/\\\/newmobility.news\\\/#organization\"},\"image\":{\"@id\":\"https:\\\/\\\/newmobility.news\\\/2025\\\/05\\\/09\\\/cadillacs-e300000-celestiq-the-most-exclusive-car-no-one-asked-for\\\/#primaryimage\"},\"thumbnailUrl\":\"https:\\\/\\\/i0.wp.com\\\/newmobility.news\\\/wp-content\\\/uploads\\\/2025\\\/05\\\/cadillac-celestiq-300_BACK.jpg.webp?fit=1000%2C666&ssl=1\",\"articleSection\":[\"Industry\",\"Market\",\"Product\",\"Top Stories Today\",\"USA\"],\"inLanguage\":\"fr-BE\"},{\"@type\":\"WebPage\",\"@id\":\"https:\\\/\\\/newmobility.news\\\/2025\\\/05\\\/09\\\/cadillacs-e300000-celestiq-the-most-exclusive-car-no-one-asked-for\\\/\",\"url\":\"https:\\\/\\\/newmobility.news\\\/2025\\\/05\\\/09\\\/cadillacs-e300000-celestiq-the-most-exclusive-car-no-one-asked-for\\\/\",\"name\":\"Cadillac\u2019s \u20ac300,000 Celestiq: the most exclusive car no one asked for - newmobility.news\",\"isPartOf\":{\"@id\":\"https:\\\/\\\/newmobility.news\\\/#website\"},\"primaryImageOfPage\":{\"@id\":\"https:\\\/\\\/newmobility.news\\\/2025\\\/05\\\/09\\\/cadillacs-e300000-celestiq-the-most-exclusive-car-no-one-asked-for\\\/#primaryimage\"},\"image\":{\"@id\":\"https:\\\/\\\/newmobility.news\\\/2025\\\/05\\\/09\\\/cadillacs-e300000-celestiq-the-most-exclusive-car-no-one-asked-for\\\/#primaryimage\"},\"thumbnailUrl\":\"https:\\\/\\\/i0.wp.com\\\/newmobility.news\\\/wp-content\\\/uploads\\\/2025\\\/05\\\/cadillac-celestiq-300_BACK.jpg.webp?fit=1000%2C666&ssl=1\",\"datePublished\":\"2025-05-09T10:19:19+00:00\",\"breadcrumb\":{\"@id\":\"https:\\\/\\\/newmobility.news\\\/2025\\\/05\\\/09\\\/cadillacs-e300000-celestiq-the-most-exclusive-car-no-one-asked-for\\\/#breadcrumb\"},\"inLanguage\":\"fr-BE\",\"potentialAction\":[{\"@type\":\"ReadAction\",\"target\":[\"https:\\\/\\\/newmobility.news\\\/2025\\\/05\\\/09\\\/cadillacs-e300000-celestiq-the-most-exclusive-car-no-one-asked-for\\\/\"]}]},{\"@type\":\"ImageObject\",\"inLanguage\":\"fr-BE\",\"@id\":\"https:\\\/\\\/newmobility.news\\\/2025\\\/05\\\/09\\\/cadillacs-e300000-celestiq-the-most-exclusive-car-no-one-asked-for\\\/#primaryimage\",\"url\":\"https:\\\/\\\/i0.wp.com\\\/newmobility.news\\\/wp-content\\\/uploads\\\/2025\\\/05\\\/cadillac-celestiq-300_BACK.jpg.webp?fit=1000%2C666&ssl=1\",\"contentUrl\":\"https:\\\/\\\/i0.wp.com\\\/newmobility.news\\\/wp-content\\\/uploads\\\/2025\\\/05\\\/cadillac-celestiq-300_BACK.jpg.webp?fit=1000%2C666&ssl=1\",\"width\":1000,\"height\":666,\"caption\":\"Cadillac insists the Celestiq was never about volume. But there\u2019s low volume, and then there\u2019s no volume at all \\\/Cadillac\"},{\"@type\":\"BreadcrumbList\",\"@id\":\"https:\\\/\\\/newmobility.news\\\/2025\\\/05\\\/09\\\/cadillacs-e300000-celestiq-the-most-exclusive-car-no-one-asked-for\\\/#breadcrumb\",\"itemListElement\":[{\"@type\":\"ListItem\",\"position\":1,\"name\":\"Home\",\"item\":\"https:\\\/\\\/newmobility.news\\\/\"},{\"@type\":\"ListItem\",\"position\":2,\"name\":\"Cadillac\u2019s \u20ac300,000 Celestiq: the most exclusive car no one asked for\"}]},{\"@type\":\"WebSite\",\"@id\":\"https:\\\/\\\/newmobility.news\\\/#website\",\"url\":\"https:\\\/\\\/newmobility.news\\\/\",\"name\":\"newmobility.news\",\"description\":\"A B2BNews Agency\u00ae news service for mobility business proessional\",\"publisher\":{\"@id\":\"https:\\\/\\\/newmobility.news\\\/#organization\"},\"potentialAction\":[{\"@type\":\"SearchAction\",\"target\":{\"@type\":\"EntryPoint\",\"urlTemplate\":\"https:\\\/\\\/newmobility.news\\\/?s={search_term_string}\"},\"query-input\":{\"@type\":\"PropertyValueSpecification\",\"valueRequired\":true,\"valueName\":\"search_term_string\"}}],\"inLanguage\":\"fr-BE\"},{\"@type\":\"Organization\",\"@id\":\"https:\\\/\\\/newmobility.news\\\/#organization\",\"name\":\"B2BNews Agency\",\"url\":\"https:\\\/\\\/newmobility.news\\\/\",\"logo\":{\"@type\":\"ImageObject\",\"inLanguage\":\"fr-BE\",\"@id\":\"https:\\\/\\\/newmobility.news\\\/#\\\/schema\\\/logo\\\/image\\\/\",\"url\":\"https:\\\/\\\/newmobility.news\\\/wp-content\\\/uploads\\\/2018\\\/01\\\/b2bnews-agency-logo.png\",\"contentUrl\":\"https:\\\/\\\/newmobility.news\\\/wp-content\\\/uploads\\\/2018\\\/01\\\/b2bnews-agency-logo.png\",\"width\":\"581\",\"height\":\"117\",\"caption\":\"B2BNews Agency\"},\"image\":{\"@id\":\"https:\\\/\\\/newmobility.news\\\/#\\\/schema\\\/logo\\\/image\\\/\"},\"sameAs\":[\"https:\\\/\\\/www.facebook.com\\\/search\\\/top\\\/?q=newmobility.news\",\"https:\\\/\\\/x.com\\\/jorisvry\",\"https:\\\/\\\/www.linkedin.com\\\/in\\\/jorisvanroy\\\/\",\"https:\\\/\\\/nl.pinterest.com\\\/jorisvanroy\\\/\"]},{\"@type\":\"Person\",\"@id\":\"https:\\\/\\\/newmobility.news\\\/#\\\/schema\\\/person\\\/4f0a0e407f0ee24ec763e67b0a5840a5\",\"name\":\"Piet Andries\",\"image\":{\"@type\":\"ImageObject\",\"inLanguage\":\"fr-BE\",\"@id\":\"https:\\\/\\\/secure.gravatar.com\\\/avatar\\\/c7ec64b5aa2f5a96b3ea5ca5b828a30d1b3e6e74b21e2f3e71ba86eea80553d4?s=96&d=mm&r=g\",\"url\":\"https:\\\/\\\/secure.gravatar.com\\\/avatar\\\/c7ec64b5aa2f5a96b3ea5ca5b828a30d1b3e6e74b21e2f3e71ba86eea80553d4?s=96&d=mm&r=g\",\"contentUrl\":\"https:\\\/\\\/secure.gravatar.com\\\/avatar\\\/c7ec64b5aa2f5a96b3ea5ca5b828a30d1b3e6e74b21e2f3e71ba86eea80553d4?s=96&d=mm&r=g\",\"caption\":\"Piet Andries\"},\"url\":\"https:\\\/\\\/newmobility.news\\\/fr\\\/author\\\/piet-andriesgmail-com\\\/\"}]}<\/script>\n<!-- \/ Yoast SEO plugin. -->","yoast_head_json":{"title":"La Celestiq de Cadillac \u00e0 300 000 \u20ac : la voiture la plus exclusive dont personne n'avait besoin - newmobility.news","robots":{"index":"index","follow":"follow","max-snippet":"max-snippet:-1","max-image-preview":"max-image-preview:large","max-video-preview":"max-video-preview:-1"},"canonical":"https:\/\/newmobility.news\/fr\/2025\/05\/09\/cadillacs-e300000-celestiq-the-most-exclusive-car-no-one-asked-for\/","og_locale":"fr_FR","og_type":"article","og_title":"Cadillac\u2019s \u20ac300,000 Celestiq: the most exclusive car no one asked for - newmobility.news","og_description":"Cadillac\u2019s hand-built electric flagship, the Celestiq, was meant to mark the return of American automotive grandeur. Instead, it risks becoming an expensive ghost \u2014 rarer than a Bugatti, but not by the board's initial plan. Nearly three years since its glitzy announcement, fewer than 25 buyers hThis content has been archived. Log in or Subscribe [&hellip;]","og_url":"https:\/\/newmobility.news\/fr\/2025\/05\/09\/cadillacs-e300000-celestiq-the-most-exclusive-car-no-one-asked-for\/","og_site_name":"newmobility.news","article_publisher":"https:\/\/www.facebook.com\/search\/top\/?q=newmobility.news","article_published_time":"2025-05-09T10:19:19+00:00","og_image":[{"width":1000,"height":666,"url":"https:\/\/newmobility.news\/wp-content\/uploads\/2025\/05\/cadillac-celestiq-300_BACK.jpg.webp","type":"image\/webp"}],"author":"Piet Andries","twitter_card":"summary_large_image","twitter_creator":"@jorisvry","twitter_site":"@jorisvry","twitter_misc":{"\u00c9crit par":"Piet Andries","Dur\u00e9e de lecture est.":"3 minutes"},"schema":{"@context":"https:\/\/schema.org","@graph":[{"@type":"Article","@id":"https:\/\/newmobility.news\/2025\/05\/09\/cadillacs-e300000-celestiq-the-most-exclusive-car-no-one-asked-for\/#article","isPartOf":{"@id":"https:\/\/newmobility.news\/2025\/05\/09\/cadillacs-e300000-celestiq-the-most-exclusive-car-no-one-asked-for\/"},"author":{"name":"Piet Andries","@id":"https:\/\/newmobility.news\/#\/schema\/person\/4f0a0e407f0ee24ec763e67b0a5840a5"},"headline":"Cadillac\u2019s \u20ac300,000 Celestiq: the most exclusive car no one asked for","datePublished":"2025-05-09T10:19:19+00:00","mainEntityOfPage":{"@id":"https:\/\/newmobility.news\/2025\/05\/09\/cadillacs-e300000-celestiq-the-most-exclusive-car-no-one-asked-for\/"},"wordCount":509,"publisher":{"@id":"https:\/\/newmobility.news\/#organization"},"image":{"@id":"https:\/\/newmobility.news\/2025\/05\/09\/cadillacs-e300000-celestiq-the-most-exclusive-car-no-one-asked-for\/#primaryimage"},"thumbnailUrl":"https:\/\/i0.wp.com\/newmobility.news\/wp-content\/uploads\/2025\/05\/cadillac-celestiq-300_BACK.jpg.webp?fit=1000%2C666&ssl=1","articleSection":["Industry","Market","Product","Top Stories Today","USA"],"inLanguage":"fr-BE"},{"@type":"WebPage","@id":"https:\/\/newmobility.news\/2025\/05\/09\/cadillacs-e300000-celestiq-the-most-exclusive-car-no-one-asked-for\/","url":"https:\/\/newmobility.news\/2025\/05\/09\/cadillacs-e300000-celestiq-the-most-exclusive-car-no-one-asked-for\/","name":"La Celestiq de Cadillac \u00e0 300 000 \u20ac : la voiture la plus exclusive dont personne n'avait besoin - newmobility.news","isPartOf":{"@id":"https:\/\/newmobility.news\/#website"},"primaryImageOfPage":{"@id":"https:\/\/newmobility.news\/2025\/05\/09\/cadillacs-e300000-celestiq-the-most-exclusive-car-no-one-asked-for\/#primaryimage"},"image":{"@id":"https:\/\/newmobility.news\/2025\/05\/09\/cadillacs-e300000-celestiq-the-most-exclusive-car-no-one-asked-for\/#primaryimage"},"thumbnailUrl":"https:\/\/i0.wp.com\/newmobility.news\/wp-content\/uploads\/2025\/05\/cadillac-celestiq-300_BACK.jpg.webp?fit=1000%2C666&ssl=1","datePublished":"2025-05-09T10:19:19+00:00","breadcrumb":{"@id":"https:\/\/newmobility.news\/2025\/05\/09\/cadillacs-e300000-celestiq-the-most-exclusive-car-no-one-asked-for\/#breadcrumb"},"inLanguage":"fr-BE","potentialAction":[{"@type":"ReadAction","target":["https:\/\/newmobility.news\/2025\/05\/09\/cadillacs-e300000-celestiq-the-most-exclusive-car-no-one-asked-for\/"]}]},{"@type":"ImageObject","inLanguage":"fr-BE","@id":"https:\/\/newmobility.news\/2025\/05\/09\/cadillacs-e300000-celestiq-the-most-exclusive-car-no-one-asked-for\/#primaryimage","url":"https:\/\/i0.wp.com\/newmobility.news\/wp-content\/uploads\/2025\/05\/cadillac-celestiq-300_BACK.jpg.webp?fit=1000%2C666&ssl=1","contentUrl":"https:\/\/i0.wp.com\/newmobility.news\/wp-content\/uploads\/2025\/05\/cadillac-celestiq-300_BACK.jpg.webp?fit=1000%2C666&ssl=1","width":1000,"height":666,"caption":"Cadillac insists the Celestiq was never about volume. But there\u2019s low volume, and then there\u2019s no volume at all \/Cadillac"},{"@type":"BreadcrumbList","@id":"https:\/\/newmobility.news\/2025\/05\/09\/cadillacs-e300000-celestiq-the-most-exclusive-car-no-one-asked-for\/#breadcrumb","itemListElement":[{"@type":"ListItem","position":1,"name":"Home","item":"https:\/\/newmobility.news\/"},{"@type":"ListItem","position":2,"name":"Cadillac\u2019s \u20ac300,000 Celestiq: the most exclusive car no one asked for"}]},{"@type":"WebSite","@id":"https:\/\/newmobility.news\/#website","url":"https:\/\/newmobility.news\/","name":"nouveaumobilit\u00e9.actualit\u00e9s","description":"Un service d'information B2BNews Agency\u00ae destin\u00e9 aux professionnels de la mobilit\u00e9","publisher":{"@id":"https:\/\/newmobility.news\/#organization"},"potentialAction":[{"@type":"SearchAction","target":{"@type":"EntryPoint","urlTemplate":"https:\/\/newmobility.news\/?s={search_term_string}"},"query-input":{"@type":"PropertyValueSpecification","valueRequired":true,"valueName":"search_term_string"}}],"inLanguage":"fr-BE"},{"@type":"Organization","@id":"https:\/\/newmobility.news\/#organization","name":"Agence de presse B2BNews","url":"https:\/\/newmobility.news\/","logo":{"@type":"ImageObject","inLanguage":"fr-BE","@id":"https:\/\/newmobility.news\/#\/schema\/logo\/image\/","url":"https:\/\/newmobility.news\/wp-content\/uploads\/2018\/01\/b2bnews-agency-logo.png","contentUrl":"https:\/\/newmobility.news\/wp-content\/uploads\/2018\/01\/b2bnews-agency-logo.png","width":"581","height":"117","caption":"B2BNews Agency"},"image":{"@id":"https:\/\/newmobility.news\/#\/schema\/logo\/image\/"},"sameAs":["https:\/\/www.facebook.com\/search\/top\/?q=newmobility.news","https:\/\/x.com\/jorisvry","https:\/\/www.linkedin.com\/in\/jorisvanroy\/","https:\/\/nl.pinterest.com\/jorisvanroy\/"]},{"@type":"Person","@id":"https:\/\/newmobility.news\/#\/schema\/person\/4f0a0e407f0ee24ec763e67b0a5840a5","name":"Piet Andries","image":{"@type":"ImageObject","inLanguage":"fr-BE","@id":"https:\/\/secure.gravatar.com\/avatar\/c7ec64b5aa2f5a96b3ea5ca5b828a30d1b3e6e74b21e2f3e71ba86eea80553d4?s=96&d=mm&r=g","url":"https:\/\/secure.gravatar.com\/avatar\/c7ec64b5aa2f5a96b3ea5ca5b828a30d1b3e6e74b21e2f3e71ba86eea80553d4?s=96&d=mm&r=g","contentUrl":"https:\/\/secure.gravatar.com\/avatar\/c7ec64b5aa2f5a96b3ea5ca5b828a30d1b3e6e74b21e2f3e71ba86eea80553d4?s=96&d=mm&r=g","caption":"Piet Andries"},"url":"https:\/\/newmobility.news\/fr\/author\/piet-andriesgmail-com\/"}]}},"jetpack_publicize_connections":[],"jetpack_featured_media_url":"https:\/\/i0.wp.com\/newmobility.news\/wp-content\/uploads\/2025\/05\/cadillac-celestiq-300_BACK.jpg.webp?fit=1000%2C666&ssl=1","jetpack_shortlink":"https:\/\/wp.me\/p9wJdU-HlT","jetpack_sharing_enabled":true,"jetpack_likes_enabled":true,"jetpack-related-posts":[],"_links":{"self":[{"href":"https:\/\/newmobility.news\/fr\/wp-json\/wp\/v2\/posts\/166649","targetHints":{"allow":["GET"]}}],"collection":[{"href":"https:\/\/newmobility.news\/fr\/wp-json\/wp\/v2\/posts"}],"about":[{"href":"https:\/\/newmobility.news\/fr\/wp-json\/wp\/v2\/types\/post"}],"author":[{"embeddable":true,"href":"https:\/\/newmobility.news\/fr\/wp-json\/wp\/v2\/users\/715"}],"replies":[{"embeddable":true,"href":"https:\/\/newmobility.news\/fr\/wp-json\/wp\/v2\/comments?post=166649"}],"version-history":[{"count":0,"href":"https:\/\/newmobility.news\/fr\/wp-json\/wp\/v2\/posts\/166649\/revisions"}],"wp:featuredmedia":[{"embeddable":true,"href":"https:\/\/newmobility.news\/fr\/wp-json\/wp\/v2\/media\/166653"}],"wp:attachment":[{"href":"https:\/\/newmobility.news\/fr\/wp-json\/wp\/v2\/media?parent=166649"}],"wp:term":[{"taxonomy":"category","embeddable":true,"href":"https:\/\/newmobility.news\/fr\/wp-json\/wp\/v2\/categories?post=166649"},{"taxonomy":"post_tag","embeddable":true,"href":"https:\/\/newmobility.news\/fr\/wp-json\/wp\/v2\/tags?post=166649"}],"curies":[{"name":"wp","href":"https:\/\/api.w.org\/{rel}","templated":true}]}}