{"id":167425,"date":"2025-06-02T12:25:25","date_gmt":"2025-06-02T10:25:25","guid":{"rendered":"https:\/\/newmobility.news\/?p=167425"},"modified":"2025-06-02T12:25:25","modified_gmt":"2025-06-02T10:25:25","slug":"ford-brings-super-mustang-mach-e-to-pikes-peak-2025","status":"publish","type":"post","link":"https:\/\/newmobility.news\/fr\/2025\/06\/02\/ford-brings-super-mustang-mach-e-to-pikes-peak-2025\/","title":{"rendered":"Ford pr\u00e9sente la Super Mustang Mach-E au Pikes Peak 2025"},"content":{"rendered":"Ford Performance a d\u00e9voil\u00e9 son dernier monstre de course de c\u00f4te pour Pikes Peak : la Super Mustang Mach-E. Elle pr\u00e9sente certes quelques similitudes avec le crossover \u00e9lectrique du m\u00eame nom, mais sous le capot, cette voiture de course sp\u00e9cialement con\u00e7ue offre plus de 2,5 tonnes d'appui a\u00e9rodynamique et probablement des milliers de chevaux.<div class=\"leaky_paywall_message_wrap\"><div id=\"leaky_paywall_message\">Ce contenu a \u00e9t\u00e9 archiv\u00e9. <a href=\"https:\/\/newmobility.news\/fr\/subscription\/\">Connectez-vous ou inscrivez-vous<\/a> \u00e0 un niveau qui donne acc\u00e8s au contenu archiv\u00e9.<\/div><\/div>","protected":false},"excerpt":{"rendered":"<p>Ford Performance has unveiled its latest hill climb monster for Pikes Peak: the Super Mustang Mach-E. It might bear some similarities to the electric cross-over with the same name, but under the hood, this purpose-built race car features over 2.5 tonnes of downforce and likely thousands of horsepoweThis content has been archived. Log in or [&hellip;]<\/p>\n","protected":false},"author":876,"featured_media":167438,"comment_status":"closed","ping_status":"closed","sticky":false,"template":"","format":"standard","meta":{"_acf_changed":false,"jetpack_post_was_ever_published":false,"_jetpack_newsletter_access":"","_jetpack_dont_email_post_to_subs":false,"_jetpack_newsletter_tier_id":0,"_jetpack_memberships_contains_paywalled_content":false,"_jetpack_memberships_contains_paid_content":false,"footnotes":"","jetpack_publicize_message":"","jetpack_publicize_feature_enabled":true,"jetpack_social_post_already_shared":true,"jetpack_social_options":{"image_generator_settings":{"template":"highway","default_image_id":0,"font":"","enabled":false},"version":2},"_wpas_customize_per_network":false},"categories":[33,4],"tags":[],"class_list":["post-167425","post","type-post","status-publish","format-standard","has-post-thumbnail","hentry","category-sports","category-top-stories-today"],"acf":[],"featured_image_urls_v2":{"full":["https:\/\/i0.wp.com\/newmobility.news\/wp-content\/uploads\/2025\/06\/Ford-Super-Mustang-Mach-E-2.jpg?fit=1639%2C1093&ssl=1",1639,1093,false],"thumbnail":["https:\/\/i0.wp.com\/newmobility.news\/wp-content\/uploads\/2025\/06\/Ford-Super-Mustang-Mach-E-2.jpg?resize=150%2C150&ssl=1",150,150,true],"medium":["https:\/\/i0.wp.com\/newmobility.news\/wp-content\/uploads\/2025\/06\/Ford-Super-Mustang-Mach-E-2.jpg?fit=300%2C200&ssl=1",300,200,true],"medium_large":["https:\/\/i0.wp.com\/newmobility.news\/wp-content\/uploads\/2025\/06\/Ford-Super-Mustang-Mach-E-2.jpg?fit=640%2C427&ssl=1",640,427,true],"large":["https:\/\/i0.wp.com\/newmobility.news\/wp-content\/uploads\/2025\/06\/Ford-Super-Mustang-Mach-E-2.jpg?fit=640%2C427&ssl=1",640,427,true],"1536x1536":["https:\/\/i0.wp.com\/newmobility.news\/wp-content\/uploads\/2025\/06\/Ford-Super-Mustang-Mach-E-2.jpg?fit=1536%2C1024&ssl=1",1536,1024,true],"2048x2048":["https:\/\/i0.wp.com\/newmobility.news\/wp-content\/uploads\/2025\/06\/Ford-Super-Mustang-Mach-E-2.jpg?fit=1639%2C1093&ssl=1",1639,1093,true],"trp-custom-language-flag":["https:\/\/i0.wp.com\/newmobility.news\/wp-content\/uploads\/2025\/06\/Ford-Super-Mustang-Mach-E-2.jpg?fit=18%2C12&ssl=1",18,12,true],"related-thumb":["https:\/\/i0.wp.com\/newmobility.news\/wp-content\/uploads\/2025\/06\/Ford-Super-Mustang-Mach-E-2.jpg?resize=640%2C480&ssl=1",640,480,true],"gform-image-choice-sm":["https:\/\/i0.wp.com\/newmobility.news\/wp-content\/uploads\/2025\/06\/Ford-Super-Mustang-Mach-E-2.jpg?resize=300%2C300&ssl=1",300,300,true],"gform-image-choice-md":["https:\/\/i0.wp.com\/newmobility.news\/wp-content\/uploads\/2025\/06\/Ford-Super-Mustang-Mach-E-2.jpg?resize=400%2C400&ssl=1",400,400,true],"gform-image-choice-lg":["https:\/\/i0.wp.com\/newmobility.news\/wp-content\/uploads\/2025\/06\/Ford-Super-Mustang-Mach-E-2.jpg?resize=600%2C600&ssl=1",600,600,true],"mailchimp":["https:\/\/i0.wp.com\/newmobility.news\/wp-content\/uploads\/2025\/06\/Ford-Super-Mustang-Mach-E-2.jpg?fit=560%2C373&ssl=1",560,373,true],"unipress-phone":["https:\/\/i0.wp.com\/newmobility.news\/wp-content\/uploads\/2025\/06\/Ford-Super-Mustang-Mach-E-2.jpg?resize=640%2C100&ssl=1",640,100,true],"unipress-tablet":["https:\/\/i0.wp.com\/newmobility.news\/wp-content\/uploads\/2025\/06\/Ford-Super-Mustang-Mach-E-2.jpg?resize=1536%2C240&ssl=1",1536,240,true],"unipress-tablet-portrait":["https:\/\/i0.wp.com\/newmobility.news\/wp-content\/uploads\/2025\/06\/Ford-Super-Mustang-Mach-E-2.jpg?resize=1536%2C180&ssl=1",1536,180,true],"unipress-tablet-landscape":["https:\/\/i0.wp.com\/newmobility.news\/wp-content\/uploads\/2025\/06\/Ford-Super-Mustang-Mach-E-2.jpg?resize=1639%2C180&ssl=1",1639,180,true],"unipress-smartphone":["https:\/\/i0.wp.com\/newmobility.news\/wp-content\/uploads\/2025\/06\/Ford-Super-Mustang-Mach-E-2.jpg?resize=1080%2C168&ssl=1",1080,168,true],"unipress-wide-screen":["https:\/\/i0.wp.com\/newmobility.news\/wp-content\/uploads\/2025\/06\/Ford-Super-Mustang-Mach-E-2.jpg?resize=1639%2C180&ssl=1",1639,180,true]},"post_excerpt_stackable_v2":"<p>Ford Performance has unveiled its latest hill climb monster for Pikes Peak: the Super Mustang Mach-E. It might bear some similarities to the electric cross-over with the same name, but under the hood, this purpose-built race car features over 2.5 tonnes of downforce and likely thousands of horsepoweThis content has been archived. Log in or Subscribe to a level that has access to archived content.<\/p>\n","category_list_v2":"<a href=\"https:\/\/newmobility.news\/fr\/category\/sports\/\" rel=\"category tag\">Sports<\/a>, <a href=\"https:\/\/newmobility.news\/fr\/category\/top-stories-today\/\" rel=\"category tag\">Top Stories Today<\/a>","author_info_v2":{"name":"Yeelen M\u00f6ller","url":"https:\/\/newmobility.news\/fr\/author\/yeelenmhotmail-com\/"},"comments_num_v2":"0 comments","yoast_head":"<!-- This site is optimized with the Yoast SEO plugin v27.5 - https:\/\/yoast.com\/product\/yoast-seo-wordpress\/ -->\n<title>Ford brings Super Mustang Mach-E to Pikes Peak 2025 - newmobility.news<\/title>\n<meta name=\"robots\" content=\"index, follow, max-snippet:-1, max-image-preview:large, max-video-preview:-1\" \/>\n<link rel=\"canonical\" href=\"https:\/\/newmobility.news\/fr\/2025\/06\/02\/ford-brings-super-mustang-mach-e-to-pikes-peak-2025\/\" \/>\n<meta property=\"og:locale\" content=\"fr_FR\" \/>\n<meta property=\"og:type\" content=\"article\" \/>\n<meta property=\"og:title\" content=\"Ford brings Super Mustang Mach-E to Pikes Peak 2025 - newmobility.news\" \/>\n<meta property=\"og:description\" content=\"Ford Performance has unveiled its latest hill climb monster for Pikes Peak: the Super Mustang Mach-E. It might bear some similarities to the electric cross-over with the same name, but under the hood, this purpose-built race car features over 2.5 tonnes of downforce and likely thousands of horsepoweThis content has been archived. Log in or [&hellip;]\" \/>\n<meta property=\"og:url\" content=\"https:\/\/newmobility.news\/fr\/2025\/06\/02\/ford-brings-super-mustang-mach-e-to-pikes-peak-2025\/\" \/>\n<meta property=\"og:site_name\" content=\"newmobility.news\" \/>\n<meta property=\"article:publisher\" content=\"https:\/\/www.facebook.com\/search\/top\/?q=newmobility.news\" \/>\n<meta property=\"article:published_time\" content=\"2025-06-02T10:25:25+00:00\" \/>\n<meta property=\"og:image\" content=\"https:\/\/newmobility.news\/wp-content\/uploads\/2025\/06\/Ford-Super-Mustang-Mach-E-2.jpg\" \/>\n\t<meta property=\"og:image:width\" content=\"1639\" \/>\n\t<meta property=\"og:image:height\" content=\"1093\" \/>\n\t<meta property=\"og:image:type\" content=\"image\/jpeg\" \/>\n<meta name=\"author\" content=\"Yeelen M\u00f6ller\" \/>\n<meta name=\"twitter:card\" content=\"summary_large_image\" \/>\n<meta name=\"twitter:creator\" content=\"@jorisvry\" \/>\n<meta name=\"twitter:site\" content=\"@jorisvry\" \/>\n<meta name=\"twitter:label1\" content=\"\u00c9crit par\" \/>\n\t<meta name=\"twitter:data1\" content=\"Yeelen M\u00f6ller\" \/>\n\t<meta name=\"twitter:label2\" content=\"Dur\u00e9e de lecture est.\" \/>\n\t<meta name=\"twitter:data2\" content=\"3 minutes\" \/>\n<script type=\"application\/ld+json\" class=\"yoast-schema-graph\">{\"@context\":\"https:\\\/\\\/schema.org\",\"@graph\":[{\"@type\":\"Article\",\"@id\":\"https:\\\/\\\/newmobility.news\\\/2025\\\/06\\\/02\\\/ford-brings-super-mustang-mach-e-to-pikes-peak-2025\\\/#article\",\"isPartOf\":{\"@id\":\"https:\\\/\\\/newmobility.news\\\/2025\\\/06\\\/02\\\/ford-brings-super-mustang-mach-e-to-pikes-peak-2025\\\/\"},\"author\":{\"name\":\"Yeelen M\u00f6ller\",\"@id\":\"https:\\\/\\\/newmobility.news\\\/#\\\/schema\\\/person\\\/3eeadfd7f121788397dc8c80516604ee\"},\"headline\":\"Ford brings Super Mustang Mach-E to Pikes Peak 2025\",\"datePublished\":\"2025-06-02T10:25:25+00:00\",\"mainEntityOfPage\":{\"@id\":\"https:\\\/\\\/newmobility.news\\\/2025\\\/06\\\/02\\\/ford-brings-super-mustang-mach-e-to-pikes-peak-2025\\\/\"},\"wordCount\":406,\"publisher\":{\"@id\":\"https:\\\/\\\/newmobility.news\\\/#organization\"},\"image\":{\"@id\":\"https:\\\/\\\/newmobility.news\\\/2025\\\/06\\\/02\\\/ford-brings-super-mustang-mach-e-to-pikes-peak-2025\\\/#primaryimage\"},\"thumbnailUrl\":\"https:\\\/\\\/i0.wp.com\\\/newmobility.news\\\/wp-content\\\/uploads\\\/2025\\\/06\\\/Ford-Super-Mustang-Mach-E-2.jpg?fit=1639%2C1093&ssl=1\",\"articleSection\":[\"Sports\",\"Top Stories Today\"],\"inLanguage\":\"fr-BE\"},{\"@type\":\"WebPage\",\"@id\":\"https:\\\/\\\/newmobility.news\\\/2025\\\/06\\\/02\\\/ford-brings-super-mustang-mach-e-to-pikes-peak-2025\\\/\",\"url\":\"https:\\\/\\\/newmobility.news\\\/2025\\\/06\\\/02\\\/ford-brings-super-mustang-mach-e-to-pikes-peak-2025\\\/\",\"name\":\"Ford brings Super Mustang Mach-E to Pikes Peak 2025 - newmobility.news\",\"isPartOf\":{\"@id\":\"https:\\\/\\\/newmobility.news\\\/#website\"},\"primaryImageOfPage\":{\"@id\":\"https:\\\/\\\/newmobility.news\\\/2025\\\/06\\\/02\\\/ford-brings-super-mustang-mach-e-to-pikes-peak-2025\\\/#primaryimage\"},\"image\":{\"@id\":\"https:\\\/\\\/newmobility.news\\\/2025\\\/06\\\/02\\\/ford-brings-super-mustang-mach-e-to-pikes-peak-2025\\\/#primaryimage\"},\"thumbnailUrl\":\"https:\\\/\\\/i0.wp.com\\\/newmobility.news\\\/wp-content\\\/uploads\\\/2025\\\/06\\\/Ford-Super-Mustang-Mach-E-2.jpg?fit=1639%2C1093&ssl=1\",\"datePublished\":\"2025-06-02T10:25:25+00:00\",\"breadcrumb\":{\"@id\":\"https:\\\/\\\/newmobility.news\\\/2025\\\/06\\\/02\\\/ford-brings-super-mustang-mach-e-to-pikes-peak-2025\\\/#breadcrumb\"},\"inLanguage\":\"fr-BE\",\"potentialAction\":[{\"@type\":\"ReadAction\",\"target\":[\"https:\\\/\\\/newmobility.news\\\/2025\\\/06\\\/02\\\/ford-brings-super-mustang-mach-e-to-pikes-peak-2025\\\/\"]}]},{\"@type\":\"ImageObject\",\"inLanguage\":\"fr-BE\",\"@id\":\"https:\\\/\\\/newmobility.news\\\/2025\\\/06\\\/02\\\/ford-brings-super-mustang-mach-e-to-pikes-peak-2025\\\/#primaryimage\",\"url\":\"https:\\\/\\\/i0.wp.com\\\/newmobility.news\\\/wp-content\\\/uploads\\\/2025\\\/06\\\/Ford-Super-Mustang-Mach-E-2.jpg?fit=1639%2C1093&ssl=1\",\"contentUrl\":\"https:\\\/\\\/i0.wp.com\\\/newmobility.news\\\/wp-content\\\/uploads\\\/2025\\\/06\\\/Ford-Super-Mustang-Mach-E-2.jpg?fit=1639%2C1093&ssl=1\",\"width\":1639,\"height\":1093,\"caption\":\"Ford will take on the 2025 Pikes Peak International Hill Climb with the Super Mustang Mach-E, a fully-electric purpose-built race car \\\/ Ford\"},{\"@type\":\"BreadcrumbList\",\"@id\":\"https:\\\/\\\/newmobility.news\\\/2025\\\/06\\\/02\\\/ford-brings-super-mustang-mach-e-to-pikes-peak-2025\\\/#breadcrumb\",\"itemListElement\":[{\"@type\":\"ListItem\",\"position\":1,\"name\":\"Home\",\"item\":\"https:\\\/\\\/newmobility.news\\\/\"},{\"@type\":\"ListItem\",\"position\":2,\"name\":\"Ford brings Super Mustang Mach-E to Pikes Peak 2025\"}]},{\"@type\":\"WebSite\",\"@id\":\"https:\\\/\\\/newmobility.news\\\/#website\",\"url\":\"https:\\\/\\\/newmobility.news\\\/\",\"name\":\"newmobility.news\",\"description\":\"A B2BNews Agency\u00ae news service for mobility business proessional\",\"publisher\":{\"@id\":\"https:\\\/\\\/newmobility.news\\\/#organization\"},\"potentialAction\":[{\"@type\":\"SearchAction\",\"target\":{\"@type\":\"EntryPoint\",\"urlTemplate\":\"https:\\\/\\\/newmobility.news\\\/?s={search_term_string}\"},\"query-input\":{\"@type\":\"PropertyValueSpecification\",\"valueRequired\":true,\"valueName\":\"search_term_string\"}}],\"inLanguage\":\"fr-BE\"},{\"@type\":\"Organization\",\"@id\":\"https:\\\/\\\/newmobility.news\\\/#organization\",\"name\":\"B2BNews Agency\",\"url\":\"https:\\\/\\\/newmobility.news\\\/\",\"logo\":{\"@type\":\"ImageObject\",\"inLanguage\":\"fr-BE\",\"@id\":\"https:\\\/\\\/newmobility.news\\\/#\\\/schema\\\/logo\\\/image\\\/\",\"url\":\"https:\\\/\\\/newmobility.news\\\/wp-content\\\/uploads\\\/2018\\\/01\\\/b2bnews-agency-logo.png\",\"contentUrl\":\"https:\\\/\\\/newmobility.news\\\/wp-content\\\/uploads\\\/2018\\\/01\\\/b2bnews-agency-logo.png\",\"width\":\"581\",\"height\":\"117\",\"caption\":\"B2BNews Agency\"},\"image\":{\"@id\":\"https:\\\/\\\/newmobility.news\\\/#\\\/schema\\\/logo\\\/image\\\/\"},\"sameAs\":[\"https:\\\/\\\/www.facebook.com\\\/search\\\/top\\\/?q=newmobility.news\",\"https:\\\/\\\/x.com\\\/jorisvry\",\"https:\\\/\\\/www.linkedin.com\\\/in\\\/jorisvanroy\\\/\",\"https:\\\/\\\/nl.pinterest.com\\\/jorisvanroy\\\/\"]},{\"@type\":\"Person\",\"@id\":\"https:\\\/\\\/newmobility.news\\\/#\\\/schema\\\/person\\\/3eeadfd7f121788397dc8c80516604ee\",\"name\":\"Yeelen M\u00f6ller\",\"image\":{\"@type\":\"ImageObject\",\"inLanguage\":\"fr-BE\",\"@id\":\"https:\\\/\\\/secure.gravatar.com\\\/avatar\\\/dcc7b7a3333f503cecd070ec7fa547bc999b9caea01fdd878a8c137081466f4a?s=96&d=mm&r=g\",\"url\":\"https:\\\/\\\/secure.gravatar.com\\\/avatar\\\/dcc7b7a3333f503cecd070ec7fa547bc999b9caea01fdd878a8c137081466f4a?s=96&d=mm&r=g\",\"contentUrl\":\"https:\\\/\\\/secure.gravatar.com\\\/avatar\\\/dcc7b7a3333f503cecd070ec7fa547bc999b9caea01fdd878a8c137081466f4a?s=96&d=mm&r=g\",\"caption\":\"Yeelen M\u00f6ller\"},\"url\":\"https:\\\/\\\/newmobility.news\\\/fr\\\/author\\\/yeelenmhotmail-com\\\/\"}]}<\/script>\n<!-- \/ Yoast SEO plugin. -->","yoast_head_json":{"title":"Ford pr\u00e9sente la Super Mustang Mach-E au Pikes Peak 2025 - newmobility.news","robots":{"index":"index","follow":"follow","max-snippet":"max-snippet:-1","max-image-preview":"max-image-preview:large","max-video-preview":"max-video-preview:-1"},"canonical":"https:\/\/newmobility.news\/fr\/2025\/06\/02\/ford-brings-super-mustang-mach-e-to-pikes-peak-2025\/","og_locale":"fr_FR","og_type":"article","og_title":"Ford brings Super Mustang Mach-E to Pikes Peak 2025 - newmobility.news","og_description":"Ford Performance has unveiled its latest hill climb monster for Pikes Peak: the Super Mustang Mach-E. It might bear some similarities to the electric cross-over with the same name, but under the hood, this purpose-built race car features over 2.5 tonnes of downforce and likely thousands of horsepoweThis content has been archived. Log in or [&hellip;]","og_url":"https:\/\/newmobility.news\/fr\/2025\/06\/02\/ford-brings-super-mustang-mach-e-to-pikes-peak-2025\/","og_site_name":"newmobility.news","article_publisher":"https:\/\/www.facebook.com\/search\/top\/?q=newmobility.news","article_published_time":"2025-06-02T10:25:25+00:00","og_image":[{"width":1639,"height":1093,"url":"https:\/\/newmobility.news\/wp-content\/uploads\/2025\/06\/Ford-Super-Mustang-Mach-E-2.jpg","type":"image\/jpeg"}],"author":"Yeelen M\u00f6ller","twitter_card":"summary_large_image","twitter_creator":"@jorisvry","twitter_site":"@jorisvry","twitter_misc":{"\u00c9crit par":"Yeelen M\u00f6ller","Dur\u00e9e de lecture est.":"3 minutes"},"schema":{"@context":"https:\/\/schema.org","@graph":[{"@type":"Article","@id":"https:\/\/newmobility.news\/2025\/06\/02\/ford-brings-super-mustang-mach-e-to-pikes-peak-2025\/#article","isPartOf":{"@id":"https:\/\/newmobility.news\/2025\/06\/02\/ford-brings-super-mustang-mach-e-to-pikes-peak-2025\/"},"author":{"name":"Yeelen M\u00f6ller","@id":"https:\/\/newmobility.news\/#\/schema\/person\/3eeadfd7f121788397dc8c80516604ee"},"headline":"Ford brings Super Mustang Mach-E to Pikes Peak 2025","datePublished":"2025-06-02T10:25:25+00:00","mainEntityOfPage":{"@id":"https:\/\/newmobility.news\/2025\/06\/02\/ford-brings-super-mustang-mach-e-to-pikes-peak-2025\/"},"wordCount":406,"publisher":{"@id":"https:\/\/newmobility.news\/#organization"},"image":{"@id":"https:\/\/newmobility.news\/2025\/06\/02\/ford-brings-super-mustang-mach-e-to-pikes-peak-2025\/#primaryimage"},"thumbnailUrl":"https:\/\/i0.wp.com\/newmobility.news\/wp-content\/uploads\/2025\/06\/Ford-Super-Mustang-Mach-E-2.jpg?fit=1639%2C1093&ssl=1","articleSection":["Sports","Top Stories Today"],"inLanguage":"fr-BE"},{"@type":"WebPage","@id":"https:\/\/newmobility.news\/2025\/06\/02\/ford-brings-super-mustang-mach-e-to-pikes-peak-2025\/","url":"https:\/\/newmobility.news\/2025\/06\/02\/ford-brings-super-mustang-mach-e-to-pikes-peak-2025\/","name":"Ford pr\u00e9sente la Super Mustang Mach-E au Pikes Peak 2025 - newmobility.news","isPartOf":{"@id":"https:\/\/newmobility.news\/#website"},"primaryImageOfPage":{"@id":"https:\/\/newmobility.news\/2025\/06\/02\/ford-brings-super-mustang-mach-e-to-pikes-peak-2025\/#primaryimage"},"image":{"@id":"https:\/\/newmobility.news\/2025\/06\/02\/ford-brings-super-mustang-mach-e-to-pikes-peak-2025\/#primaryimage"},"thumbnailUrl":"https:\/\/i0.wp.com\/newmobility.news\/wp-content\/uploads\/2025\/06\/Ford-Super-Mustang-Mach-E-2.jpg?fit=1639%2C1093&ssl=1","datePublished":"2025-06-02T10:25:25+00:00","breadcrumb":{"@id":"https:\/\/newmobility.news\/2025\/06\/02\/ford-brings-super-mustang-mach-e-to-pikes-peak-2025\/#breadcrumb"},"inLanguage":"fr-BE","potentialAction":[{"@type":"ReadAction","target":["https:\/\/newmobility.news\/2025\/06\/02\/ford-brings-super-mustang-mach-e-to-pikes-peak-2025\/"]}]},{"@type":"ImageObject","inLanguage":"fr-BE","@id":"https:\/\/newmobility.news\/2025\/06\/02\/ford-brings-super-mustang-mach-e-to-pikes-peak-2025\/#primaryimage","url":"https:\/\/i0.wp.com\/newmobility.news\/wp-content\/uploads\/2025\/06\/Ford-Super-Mustang-Mach-E-2.jpg?fit=1639%2C1093&ssl=1","contentUrl":"https:\/\/i0.wp.com\/newmobility.news\/wp-content\/uploads\/2025\/06\/Ford-Super-Mustang-Mach-E-2.jpg?fit=1639%2C1093&ssl=1","width":1639,"height":1093,"caption":"Ford will take on the 2025 Pikes Peak International Hill Climb with the Super Mustang Mach-E, a fully-electric purpose-built race car \/ Ford"},{"@type":"BreadcrumbList","@id":"https:\/\/newmobility.news\/2025\/06\/02\/ford-brings-super-mustang-mach-e-to-pikes-peak-2025\/#breadcrumb","itemListElement":[{"@type":"ListItem","position":1,"name":"Home","item":"https:\/\/newmobility.news\/"},{"@type":"ListItem","position":2,"name":"Ford brings Super Mustang Mach-E to Pikes Peak 2025"}]},{"@type":"WebSite","@id":"https:\/\/newmobility.news\/#website","url":"https:\/\/newmobility.news\/","name":"nouveaumobilit\u00e9.actualit\u00e9s","description":"Un service d'information B2BNews Agency\u00ae destin\u00e9 aux professionnels de la mobilit\u00e9","publisher":{"@id":"https:\/\/newmobility.news\/#organization"},"potentialAction":[{"@type":"SearchAction","target":{"@type":"EntryPoint","urlTemplate":"https:\/\/newmobility.news\/?s={search_term_string}"},"query-input":{"@type":"PropertyValueSpecification","valueRequired":true,"valueName":"search_term_string"}}],"inLanguage":"fr-BE"},{"@type":"Organization","@id":"https:\/\/newmobility.news\/#organization","name":"Agence de presse B2BNews","url":"https:\/\/newmobility.news\/","logo":{"@type":"ImageObject","inLanguage":"fr-BE","@id":"https:\/\/newmobility.news\/#\/schema\/logo\/image\/","url":"https:\/\/newmobility.news\/wp-content\/uploads\/2018\/01\/b2bnews-agency-logo.png","contentUrl":"https:\/\/newmobility.news\/wp-content\/uploads\/2018\/01\/b2bnews-agency-logo.png","width":"581","height":"117","caption":"B2BNews Agency"},"image":{"@id":"https:\/\/newmobility.news\/#\/schema\/logo\/image\/"},"sameAs":["https:\/\/www.facebook.com\/search\/top\/?q=newmobility.news","https:\/\/x.com\/jorisvry","https:\/\/www.linkedin.com\/in\/jorisvanroy\/","https:\/\/nl.pinterest.com\/jorisvanroy\/"]},{"@type":"Person","@id":"https:\/\/newmobility.news\/#\/schema\/person\/3eeadfd7f121788397dc8c80516604ee","name":"Yeelen M\u00f6ller","image":{"@type":"ImageObject","inLanguage":"fr-BE","@id":"https:\/\/secure.gravatar.com\/avatar\/dcc7b7a3333f503cecd070ec7fa547bc999b9caea01fdd878a8c137081466f4a?s=96&d=mm&r=g","url":"https:\/\/secure.gravatar.com\/avatar\/dcc7b7a3333f503cecd070ec7fa547bc999b9caea01fdd878a8c137081466f4a?s=96&d=mm&r=g","contentUrl":"https:\/\/secure.gravatar.com\/avatar\/dcc7b7a3333f503cecd070ec7fa547bc999b9caea01fdd878a8c137081466f4a?s=96&d=mm&r=g","caption":"Yeelen M\u00f6ller"},"url":"https:\/\/newmobility.news\/fr\/author\/yeelenmhotmail-com\/"}]}},"jetpack_publicize_connections":[],"jetpack_featured_media_url":"https:\/\/i0.wp.com\/newmobility.news\/wp-content\/uploads\/2025\/06\/Ford-Super-Mustang-Mach-E-2.jpg?fit=1639%2C1093&ssl=1","jetpack_shortlink":"https:\/\/wp.me\/p9wJdU-Hyp","jetpack_sharing_enabled":true,"jetpack_likes_enabled":true,"jetpack-related-posts":[],"_links":{"self":[{"href":"https:\/\/newmobility.news\/fr\/wp-json\/wp\/v2\/posts\/167425","targetHints":{"allow":["GET"]}}],"collection":[{"href":"https:\/\/newmobility.news\/fr\/wp-json\/wp\/v2\/posts"}],"about":[{"href":"https:\/\/newmobility.news\/fr\/wp-json\/wp\/v2\/types\/post"}],"author":[{"embeddable":true,"href":"https:\/\/newmobility.news\/fr\/wp-json\/wp\/v2\/users\/876"}],"replies":[{"embeddable":true,"href":"https:\/\/newmobility.news\/fr\/wp-json\/wp\/v2\/comments?post=167425"}],"version-history":[{"count":0,"href":"https:\/\/newmobility.news\/fr\/wp-json\/wp\/v2\/posts\/167425\/revisions"}],"wp:featuredmedia":[{"embeddable":true,"href":"https:\/\/newmobility.news\/fr\/wp-json\/wp\/v2\/media\/167438"}],"wp:attachment":[{"href":"https:\/\/newmobility.news\/fr\/wp-json\/wp\/v2\/media?parent=167425"}],"wp:term":[{"taxonomy":"category","embeddable":true,"href":"https:\/\/newmobility.news\/fr\/wp-json\/wp\/v2\/categories?post=167425"},{"taxonomy":"post_tag","embeddable":true,"href":"https:\/\/newmobility.news\/fr\/wp-json\/wp\/v2\/tags?post=167425"}],"curies":[{"name":"wp","href":"https:\/\/api.w.org\/{rel}","templated":true}]}}