{"id":167466,"date":"2025-06-03T12:01:20","date_gmt":"2025-06-03T10:01:20","guid":{"rendered":"https:\/\/newmobility.news\/?p=167466"},"modified":"2025-06-06T11:23:05","modified_gmt":"2025-06-06T09:23:05","slug":"iata-has-lower-expectations-for-2025","status":"publish","type":"post","link":"https:\/\/newmobility.news\/fr\/2025\/06\/03\/iata-has-lower-expectations-for-2025\/","title":{"rendered":"IATA : le vieillissement de la flotte, les prix du carburant et la p\u00e9nurie d'avions menacent la progression des compagnies a\u00e9riennes"},"content":{"rendered":"Les compagnies a\u00e9riennes sont devenues l\u00e9g\u00e8rement moins optimistes quant \u00e0 l'ann\u00e9e 2025. Elles pr\u00e9voient d\u00e9sormais de transporter un peu moins de cinq milliards de passagers, contre une pr\u00e9vision ant\u00e9rieure de 5,22 milliards, et de g\u00e9n\u00e9rer 1 049,79 milliards de dollars de recettes au lieu des 1 000 milliards initialement pr\u00e9vus. Cette mise \u00e0 jour a \u00e9t\u00e9 communiqu\u00e9e par l'IATA, l'association mondiale des compagnies a\u00e9riennes.<div class=\"leaky_paywall_message_wrap\"><div id=\"leaky_paywall_message\">Ce contenu a \u00e9t\u00e9 archiv\u00e9. <a href=\"https:\/\/newmobility.news\/fr\/subscription\/\">Connectez-vous ou inscrivez-vous<\/a> \u00e0 un niveau qui donne acc\u00e8s au contenu archiv\u00e9.<\/div><\/div>","protected":false},"excerpt":{"rendered":"<p>Airlines have become slightly less optimistic about 2025. They now expect to carry just under five billion passengers, down from an earlier forecast of 5.22 billion, and generate $979 billion in revenue instead of the previously projected $1,000 billion. This update was shared by IATA, the global aThis content has been archived. Log in or [&hellip;]<\/p>\n","protected":false},"author":164,"featured_media":167482,"comment_status":"closed","ping_status":"closed","sticky":false,"template":"","format":"standard","meta":{"_acf_changed":false,"jetpack_post_was_ever_published":false,"_jetpack_newsletter_access":"","_jetpack_dont_email_post_to_subs":false,"_jetpack_newsletter_tier_id":0,"_jetpack_memberships_contains_paywalled_content":false,"_jetpack_memberships_contains_paid_content":false,"footnotes":"","jetpack_publicize_message":"","jetpack_publicize_feature_enabled":true,"jetpack_social_post_already_shared":true,"jetpack_social_options":{"image_generator_settings":{"template":"highway","default_image_id":0,"font":"","enabled":false},"version":2},"_wpas_customize_per_network":false},"categories":[77152,14496,16,7,17],"tags":[],"class_list":["post-167466","post","type-post","status-publish","format-standard","has-post-thumbnail","hentry","category-aviation","category-climate","category-industry","category-mobility","category-weekly-newsletter"],"acf":[],"featured_image_urls_v2":{"full":["https:\/\/i0.wp.com\/newmobility.news\/wp-content\/uploads\/2025\/06\/GsPlKwFW8AAAMID-scaled.jpg?fit=2560%2C1690&ssl=1",2560,1690,false],"thumbnail":["https:\/\/i0.wp.com\/newmobility.news\/wp-content\/uploads\/2025\/06\/GsPlKwFW8AAAMID-scaled.jpg?resize=150%2C150&ssl=1",150,150,true],"medium":["https:\/\/i0.wp.com\/newmobility.news\/wp-content\/uploads\/2025\/06\/GsPlKwFW8AAAMID-scaled.jpg?fit=300%2C198&ssl=1",300,198,true],"medium_large":["https:\/\/i0.wp.com\/newmobility.news\/wp-content\/uploads\/2025\/06\/GsPlKwFW8AAAMID-scaled.jpg?fit=640%2C423&ssl=1",640,423,true],"large":["https:\/\/i0.wp.com\/newmobility.news\/wp-content\/uploads\/2025\/06\/GsPlKwFW8AAAMID-scaled.jpg?fit=640%2C423&ssl=1",640,423,true],"1536x1536":["https:\/\/i0.wp.com\/newmobility.news\/wp-content\/uploads\/2025\/06\/GsPlKwFW8AAAMID-scaled.jpg?fit=1536%2C1014&ssl=1",1536,1014,true],"2048x2048":["https:\/\/i0.wp.com\/newmobility.news\/wp-content\/uploads\/2025\/06\/GsPlKwFW8AAAMID-scaled.jpg?fit=2048%2C1352&ssl=1",2048,1352,true],"trp-custom-language-flag":["https:\/\/i0.wp.com\/newmobility.news\/wp-content\/uploads\/2025\/06\/GsPlKwFW8AAAMID-scaled.jpg?fit=18%2C12&ssl=1",18,12,true],"related-thumb":["https:\/\/i0.wp.com\/newmobility.news\/wp-content\/uploads\/2025\/06\/GsPlKwFW8AAAMID-scaled.jpg?resize=640%2C480&ssl=1",640,480,true],"gform-image-choice-sm":["https:\/\/i0.wp.com\/newmobility.news\/wp-content\/uploads\/2025\/06\/GsPlKwFW8AAAMID-scaled.jpg?resize=300%2C300&ssl=1",300,300,true],"gform-image-choice-md":["https:\/\/i0.wp.com\/newmobility.news\/wp-content\/uploads\/2025\/06\/GsPlKwFW8AAAMID-scaled.jpg?resize=400%2C400&ssl=1",400,400,true],"gform-image-choice-lg":["https:\/\/i0.wp.com\/newmobility.news\/wp-content\/uploads\/2025\/06\/GsPlKwFW8AAAMID-scaled.jpg?resize=600%2C600&ssl=1",600,600,true],"mailchimp":["https:\/\/i0.wp.com\/newmobility.news\/wp-content\/uploads\/2025\/06\/GsPlKwFW8AAAMID-scaled.jpg?fit=560%2C370&ssl=1",560,370,true],"unipress-phone":["https:\/\/i0.wp.com\/newmobility.news\/wp-content\/uploads\/2025\/06\/GsPlKwFW8AAAMID-scaled.jpg?resize=640%2C100&ssl=1",640,100,true],"unipress-tablet":["https:\/\/i0.wp.com\/newmobility.news\/wp-content\/uploads\/2025\/06\/GsPlKwFW8AAAMID-scaled.jpg?resize=1536%2C240&ssl=1",1536,240,true],"unipress-tablet-portrait":["https:\/\/i0.wp.com\/newmobility.news\/wp-content\/uploads\/2025\/06\/GsPlKwFW8AAAMID-scaled.jpg?resize=1536%2C180&ssl=1",1536,180,true],"unipress-tablet-landscape":["https:\/\/i0.wp.com\/newmobility.news\/wp-content\/uploads\/2025\/06\/GsPlKwFW8AAAMID-scaled.jpg?resize=2048%2C180&ssl=1",2048,180,true],"unipress-smartphone":["https:\/\/i0.wp.com\/newmobility.news\/wp-content\/uploads\/2025\/06\/GsPlKwFW8AAAMID-scaled.jpg?resize=1080%2C168&ssl=1",1080,168,true],"unipress-wide-screen":["https:\/\/i0.wp.com\/newmobility.news\/wp-content\/uploads\/2025\/06\/GsPlKwFW8AAAMID-scaled.jpg?resize=2560%2C180&ssl=1",2560,180,true]},"post_excerpt_stackable_v2":"<p>Airlines have become slightly less optimistic about 2025. They now expect to carry just under five billion passengers, down from an earlier forecast of 5.22 billion, and generate $979 billion in revenue instead of the previously projected $1,000 billion. This update was shared by IATA, the global aThis content has been archived. Log in or Subscribe to a level that has access to archived content.<\/p>\n","category_list_v2":"<a href=\"https:\/\/newmobility.news\/fr\/category\/aviation\/\" rel=\"category tag\">Aviation<\/a>, <a href=\"https:\/\/newmobility.news\/fr\/category\/climate\/\" rel=\"category tag\">Climate<\/a>, <a href=\"https:\/\/newmobility.news\/fr\/category\/industry\/\" rel=\"category tag\">Industry<\/a>, <a href=\"https:\/\/newmobility.news\/fr\/category\/mobility\/\" rel=\"category tag\">Mobility<\/a>, <a href=\"https:\/\/newmobility.news\/fr\/category\/weekly-newsletter\/\" rel=\"category tag\">Weekly Newsletter<\/a>","author_info_v2":{"name":"Luc Joris","url":"https:\/\/newmobility.news\/fr\/author\/belga-5\/"},"comments_num_v2":"0 comments","yoast_head":"<!-- This site is optimized with the Yoast SEO plugin v27.5 - https:\/\/yoast.com\/product\/yoast-seo-wordpress\/ -->\n<title>IATA: fleet aging, fuel prices, and aircraft shortages threaten airline progress - newmobility.news<\/title>\n<meta name=\"robots\" content=\"index, follow, max-snippet:-1, max-image-preview:large, max-video-preview:-1\" \/>\n<link rel=\"canonical\" href=\"https:\/\/newmobility.news\/fr\/2025\/06\/03\/iata-has-lower-expectations-for-2025\/\" \/>\n<meta property=\"og:locale\" content=\"fr_FR\" \/>\n<meta property=\"og:type\" content=\"article\" \/>\n<meta property=\"og:title\" content=\"IATA: fleet aging, fuel prices, and aircraft shortages threaten airline progress - newmobility.news\" \/>\n<meta property=\"og:description\" content=\"Airlines have become slightly less optimistic about 2025. They now expect to carry just under five billion passengers, down from an earlier forecast of 5.22 billion, and generate $979 billion in revenue instead of the previously projected $1,000 billion. This update was shared by IATA, the global aThis content has been archived. Log in or [&hellip;]\" \/>\n<meta property=\"og:url\" content=\"https:\/\/newmobility.news\/fr\/2025\/06\/03\/iata-has-lower-expectations-for-2025\/\" \/>\n<meta property=\"og:site_name\" content=\"newmobility.news\" \/>\n<meta property=\"article:publisher\" content=\"https:\/\/www.facebook.com\/search\/top\/?q=newmobility.news\" \/>\n<meta property=\"article:published_time\" content=\"2025-06-03T10:01:20+00:00\" \/>\n<meta property=\"article:modified_time\" content=\"2025-06-06T09:23:05+00:00\" \/>\n<meta property=\"og:image\" content=\"https:\/\/newmobility.news\/wp-content\/uploads\/2025\/06\/GsPlKwFW8AAAMID-scaled.jpg\" \/>\n\t<meta property=\"og:image:width\" content=\"2560\" \/>\n\t<meta property=\"og:image:height\" content=\"1690\" \/>\n\t<meta property=\"og:image:type\" content=\"image\/jpeg\" \/>\n<meta name=\"author\" content=\"Luc Joris\" \/>\n<meta name=\"twitter:card\" content=\"summary_large_image\" \/>\n<meta name=\"twitter:creator\" content=\"@jorisvry\" \/>\n<meta name=\"twitter:site\" content=\"@jorisvry\" \/>\n<meta name=\"twitter:label1\" content=\"\u00c9crit par\" \/>\n\t<meta name=\"twitter:data1\" content=\"Luc Joris\" \/>\n\t<meta name=\"twitter:label2\" content=\"Dur\u00e9e de lecture est.\" \/>\n\t<meta name=\"twitter:data2\" content=\"3 minutes\" \/>\n<script type=\"application\/ld+json\" class=\"yoast-schema-graph\">{\"@context\":\"https:\\\/\\\/schema.org\",\"@graph\":[{\"@type\":\"Article\",\"@id\":\"https:\\\/\\\/newmobility.news\\\/2025\\\/06\\\/03\\\/iata-has-lower-expectations-for-2025\\\/#article\",\"isPartOf\":{\"@id\":\"https:\\\/\\\/newmobility.news\\\/2025\\\/06\\\/03\\\/iata-has-lower-expectations-for-2025\\\/\"},\"author\":{\"name\":\"Luc Joris\",\"@id\":\"https:\\\/\\\/newmobility.news\\\/#\\\/schema\\\/person\\\/a31e684b1039b4a94985a9aae156f28b\"},\"headline\":\"IATA: fleet aging, fuel prices, and aircraft shortages threaten airline progress\",\"datePublished\":\"2025-06-03T10:01:20+00:00\",\"dateModified\":\"2025-06-06T09:23:05+00:00\",\"mainEntityOfPage\":{\"@id\":\"https:\\\/\\\/newmobility.news\\\/2025\\\/06\\\/03\\\/iata-has-lower-expectations-for-2025\\\/\"},\"wordCount\":421,\"publisher\":{\"@id\":\"https:\\\/\\\/newmobility.news\\\/#organization\"},\"image\":{\"@id\":\"https:\\\/\\\/newmobility.news\\\/2025\\\/06\\\/03\\\/iata-has-lower-expectations-for-2025\\\/#primaryimage\"},\"thumbnailUrl\":\"https:\\\/\\\/i0.wp.com\\\/newmobility.news\\\/wp-content\\\/uploads\\\/2025\\\/06\\\/GsPlKwFW8AAAMID-scaled.jpg?fit=2560%2C1690&ssl=1\",\"articleSection\":[\"Aviation\",\"Climate\",\"Industry\",\"Mobility\",\"Weekly Newsletter\"],\"inLanguage\":\"fr-BE\"},{\"@type\":\"WebPage\",\"@id\":\"https:\\\/\\\/newmobility.news\\\/2025\\\/06\\\/03\\\/iata-has-lower-expectations-for-2025\\\/\",\"url\":\"https:\\\/\\\/newmobility.news\\\/2025\\\/06\\\/03\\\/iata-has-lower-expectations-for-2025\\\/\",\"name\":\"IATA: fleet aging, fuel prices, and aircraft shortages threaten airline progress - newmobility.news\",\"isPartOf\":{\"@id\":\"https:\\\/\\\/newmobility.news\\\/#website\"},\"primaryImageOfPage\":{\"@id\":\"https:\\\/\\\/newmobility.news\\\/2025\\\/06\\\/03\\\/iata-has-lower-expectations-for-2025\\\/#primaryimage\"},\"image\":{\"@id\":\"https:\\\/\\\/newmobility.news\\\/2025\\\/06\\\/03\\\/iata-has-lower-expectations-for-2025\\\/#primaryimage\"},\"thumbnailUrl\":\"https:\\\/\\\/i0.wp.com\\\/newmobility.news\\\/wp-content\\\/uploads\\\/2025\\\/06\\\/GsPlKwFW8AAAMID-scaled.jpg?fit=2560%2C1690&ssl=1\",\"datePublished\":\"2025-06-03T10:01:20+00:00\",\"dateModified\":\"2025-06-06T09:23:05+00:00\",\"breadcrumb\":{\"@id\":\"https:\\\/\\\/newmobility.news\\\/2025\\\/06\\\/03\\\/iata-has-lower-expectations-for-2025\\\/#breadcrumb\"},\"inLanguage\":\"fr-BE\",\"potentialAction\":[{\"@type\":\"ReadAction\",\"target\":[\"https:\\\/\\\/newmobility.news\\\/2025\\\/06\\\/03\\\/iata-has-lower-expectations-for-2025\\\/\"]}]},{\"@type\":\"ImageObject\",\"inLanguage\":\"fr-BE\",\"@id\":\"https:\\\/\\\/newmobility.news\\\/2025\\\/06\\\/03\\\/iata-has-lower-expectations-for-2025\\\/#primaryimage\",\"url\":\"https:\\\/\\\/i0.wp.com\\\/newmobility.news\\\/wp-content\\\/uploads\\\/2025\\\/06\\\/GsPlKwFW8AAAMID-scaled.jpg?fit=2560%2C1690&ssl=1\",\"contentUrl\":\"https:\\\/\\\/i0.wp.com\\\/newmobility.news\\\/wp-content\\\/uploads\\\/2025\\\/06\\\/GsPlKwFW8AAAMID-scaled.jpg?fit=2560%2C1690&ssl=1\",\"width\":2560,\"height\":1690,\"caption\":\"Due in part to the impact of the fare war and the economic slowdown, airlines have become slightly less optimistic for 2025\\\/IATA\"},{\"@type\":\"BreadcrumbList\",\"@id\":\"https:\\\/\\\/newmobility.news\\\/2025\\\/06\\\/03\\\/iata-has-lower-expectations-for-2025\\\/#breadcrumb\",\"itemListElement\":[{\"@type\":\"ListItem\",\"position\":1,\"name\":\"Home\",\"item\":\"https:\\\/\\\/newmobility.news\\\/\"},{\"@type\":\"ListItem\",\"position\":2,\"name\":\"IATA: fleet aging, fuel prices, and aircraft shortages threaten airline progress\"}]},{\"@type\":\"WebSite\",\"@id\":\"https:\\\/\\\/newmobility.news\\\/#website\",\"url\":\"https:\\\/\\\/newmobility.news\\\/\",\"name\":\"newmobility.news\",\"description\":\"A B2BNews Agency\u00ae news service for mobility business proessional\",\"publisher\":{\"@id\":\"https:\\\/\\\/newmobility.news\\\/#organization\"},\"potentialAction\":[{\"@type\":\"SearchAction\",\"target\":{\"@type\":\"EntryPoint\",\"urlTemplate\":\"https:\\\/\\\/newmobility.news\\\/?s={search_term_string}\"},\"query-input\":{\"@type\":\"PropertyValueSpecification\",\"valueRequired\":true,\"valueName\":\"search_term_string\"}}],\"inLanguage\":\"fr-BE\"},{\"@type\":\"Organization\",\"@id\":\"https:\\\/\\\/newmobility.news\\\/#organization\",\"name\":\"B2BNews Agency\",\"url\":\"https:\\\/\\\/newmobility.news\\\/\",\"logo\":{\"@type\":\"ImageObject\",\"inLanguage\":\"fr-BE\",\"@id\":\"https:\\\/\\\/newmobility.news\\\/#\\\/schema\\\/logo\\\/image\\\/\",\"url\":\"https:\\\/\\\/newmobility.news\\\/wp-content\\\/uploads\\\/2018\\\/01\\\/b2bnews-agency-logo.png\",\"contentUrl\":\"https:\\\/\\\/newmobility.news\\\/wp-content\\\/uploads\\\/2018\\\/01\\\/b2bnews-agency-logo.png\",\"width\":\"581\",\"height\":\"117\",\"caption\":\"B2BNews Agency\"},\"image\":{\"@id\":\"https:\\\/\\\/newmobility.news\\\/#\\\/schema\\\/logo\\\/image\\\/\"},\"sameAs\":[\"https:\\\/\\\/www.facebook.com\\\/search\\\/top\\\/?q=newmobility.news\",\"https:\\\/\\\/x.com\\\/jorisvry\",\"https:\\\/\\\/www.linkedin.com\\\/in\\\/jorisvanroy\\\/\",\"https:\\\/\\\/nl.pinterest.com\\\/jorisvanroy\\\/\"]},{\"@type\":\"Person\",\"@id\":\"https:\\\/\\\/newmobility.news\\\/#\\\/schema\\\/person\\\/a31e684b1039b4a94985a9aae156f28b\",\"name\":\"Luc Joris\",\"image\":{\"@type\":\"ImageObject\",\"inLanguage\":\"fr-BE\",\"@id\":\"https:\\\/\\\/secure.gravatar.com\\\/avatar\\\/9e27cf9984ae903174b14c7dd33d523290f03fd71803b04bc6e486c7259b2920?s=96&d=mm&r=g\",\"url\":\"https:\\\/\\\/secure.gravatar.com\\\/avatar\\\/9e27cf9984ae903174b14c7dd33d523290f03fd71803b04bc6e486c7259b2920?s=96&d=mm&r=g\",\"contentUrl\":\"https:\\\/\\\/secure.gravatar.com\\\/avatar\\\/9e27cf9984ae903174b14c7dd33d523290f03fd71803b04bc6e486c7259b2920?s=96&d=mm&r=g\",\"caption\":\"Luc Joris\"},\"url\":\"https:\\\/\\\/newmobility.news\\\/fr\\\/author\\\/belga-5\\\/\"}]}<\/script>\n<!-- \/ Yoast SEO plugin. -->","yoast_head_json":{"title":"IATA : le vieillissement de la flotte, les prix du carburant et la p\u00e9nurie d'avions menacent la progression des compagnies a\u00e9riennes - newmobility.news","robots":{"index":"index","follow":"follow","max-snippet":"max-snippet:-1","max-image-preview":"max-image-preview:large","max-video-preview":"max-video-preview:-1"},"canonical":"https:\/\/newmobility.news\/fr\/2025\/06\/03\/iata-has-lower-expectations-for-2025\/","og_locale":"fr_FR","og_type":"article","og_title":"IATA: fleet aging, fuel prices, and aircraft shortages threaten airline progress - newmobility.news","og_description":"Airlines have become slightly less optimistic about 2025. They now expect to carry just under five billion passengers, down from an earlier forecast of 5.22 billion, and generate $979 billion in revenue instead of the previously projected $1,000 billion. This update was shared by IATA, the global aThis content has been archived. Log in or [&hellip;]","og_url":"https:\/\/newmobility.news\/fr\/2025\/06\/03\/iata-has-lower-expectations-for-2025\/","og_site_name":"newmobility.news","article_publisher":"https:\/\/www.facebook.com\/search\/top\/?q=newmobility.news","article_published_time":"2025-06-03T10:01:20+00:00","article_modified_time":"2025-06-06T09:23:05+00:00","og_image":[{"width":2560,"height":1690,"url":"https:\/\/newmobility.news\/wp-content\/uploads\/2025\/06\/GsPlKwFW8AAAMID-scaled.jpg","type":"image\/jpeg"}],"author":"Luc Joris","twitter_card":"summary_large_image","twitter_creator":"@jorisvry","twitter_site":"@jorisvry","twitter_misc":{"\u00c9crit par":"Luc Joris","Dur\u00e9e de lecture est.":"3 minutes"},"schema":{"@context":"https:\/\/schema.org","@graph":[{"@type":"Article","@id":"https:\/\/newmobility.news\/2025\/06\/03\/iata-has-lower-expectations-for-2025\/#article","isPartOf":{"@id":"https:\/\/newmobility.news\/2025\/06\/03\/iata-has-lower-expectations-for-2025\/"},"author":{"name":"Luc Joris","@id":"https:\/\/newmobility.news\/#\/schema\/person\/a31e684b1039b4a94985a9aae156f28b"},"headline":"IATA: fleet aging, fuel prices, and aircraft shortages threaten airline progress","datePublished":"2025-06-03T10:01:20+00:00","dateModified":"2025-06-06T09:23:05+00:00","mainEntityOfPage":{"@id":"https:\/\/newmobility.news\/2025\/06\/03\/iata-has-lower-expectations-for-2025\/"},"wordCount":421,"publisher":{"@id":"https:\/\/newmobility.news\/#organization"},"image":{"@id":"https:\/\/newmobility.news\/2025\/06\/03\/iata-has-lower-expectations-for-2025\/#primaryimage"},"thumbnailUrl":"https:\/\/i0.wp.com\/newmobility.news\/wp-content\/uploads\/2025\/06\/GsPlKwFW8AAAMID-scaled.jpg?fit=2560%2C1690&ssl=1","articleSection":["Aviation","Climate","Industry","Mobility","Weekly Newsletter"],"inLanguage":"fr-BE"},{"@type":"WebPage","@id":"https:\/\/newmobility.news\/2025\/06\/03\/iata-has-lower-expectations-for-2025\/","url":"https:\/\/newmobility.news\/2025\/06\/03\/iata-has-lower-expectations-for-2025\/","name":"IATA : le vieillissement de la flotte, les prix du carburant et la p\u00e9nurie d'avions menacent la progression des compagnies a\u00e9riennes - newmobility.news","isPartOf":{"@id":"https:\/\/newmobility.news\/#website"},"primaryImageOfPage":{"@id":"https:\/\/newmobility.news\/2025\/06\/03\/iata-has-lower-expectations-for-2025\/#primaryimage"},"image":{"@id":"https:\/\/newmobility.news\/2025\/06\/03\/iata-has-lower-expectations-for-2025\/#primaryimage"},"thumbnailUrl":"https:\/\/i0.wp.com\/newmobility.news\/wp-content\/uploads\/2025\/06\/GsPlKwFW8AAAMID-scaled.jpg?fit=2560%2C1690&ssl=1","datePublished":"2025-06-03T10:01:20+00:00","dateModified":"2025-06-06T09:23:05+00:00","breadcrumb":{"@id":"https:\/\/newmobility.news\/2025\/06\/03\/iata-has-lower-expectations-for-2025\/#breadcrumb"},"inLanguage":"fr-BE","potentialAction":[{"@type":"ReadAction","target":["https:\/\/newmobility.news\/2025\/06\/03\/iata-has-lower-expectations-for-2025\/"]}]},{"@type":"ImageObject","inLanguage":"fr-BE","@id":"https:\/\/newmobility.news\/2025\/06\/03\/iata-has-lower-expectations-for-2025\/#primaryimage","url":"https:\/\/i0.wp.com\/newmobility.news\/wp-content\/uploads\/2025\/06\/GsPlKwFW8AAAMID-scaled.jpg?fit=2560%2C1690&ssl=1","contentUrl":"https:\/\/i0.wp.com\/newmobility.news\/wp-content\/uploads\/2025\/06\/GsPlKwFW8AAAMID-scaled.jpg?fit=2560%2C1690&ssl=1","width":2560,"height":1690,"caption":"Due in part to the impact of the fare war and the economic slowdown, airlines have become slightly less optimistic for 2025\/IATA"},{"@type":"BreadcrumbList","@id":"https:\/\/newmobility.news\/2025\/06\/03\/iata-has-lower-expectations-for-2025\/#breadcrumb","itemListElement":[{"@type":"ListItem","position":1,"name":"Home","item":"https:\/\/newmobility.news\/"},{"@type":"ListItem","position":2,"name":"IATA: fleet aging, fuel prices, and aircraft shortages threaten airline progress"}]},{"@type":"WebSite","@id":"https:\/\/newmobility.news\/#website","url":"https:\/\/newmobility.news\/","name":"nouveaumobilit\u00e9.actualit\u00e9s","description":"Un service d'information B2BNews Agency\u00ae destin\u00e9 aux professionnels de la mobilit\u00e9","publisher":{"@id":"https:\/\/newmobility.news\/#organization"},"potentialAction":[{"@type":"SearchAction","target":{"@type":"EntryPoint","urlTemplate":"https:\/\/newmobility.news\/?s={search_term_string}"},"query-input":{"@type":"PropertyValueSpecification","valueRequired":true,"valueName":"search_term_string"}}],"inLanguage":"fr-BE"},{"@type":"Organization","@id":"https:\/\/newmobility.news\/#organization","name":"Agence de presse B2BNews","url":"https:\/\/newmobility.news\/","logo":{"@type":"ImageObject","inLanguage":"fr-BE","@id":"https:\/\/newmobility.news\/#\/schema\/logo\/image\/","url":"https:\/\/newmobility.news\/wp-content\/uploads\/2018\/01\/b2bnews-agency-logo.png","contentUrl":"https:\/\/newmobility.news\/wp-content\/uploads\/2018\/01\/b2bnews-agency-logo.png","width":"581","height":"117","caption":"B2BNews Agency"},"image":{"@id":"https:\/\/newmobility.news\/#\/schema\/logo\/image\/"},"sameAs":["https:\/\/www.facebook.com\/search\/top\/?q=newmobility.news","https:\/\/x.com\/jorisvry","https:\/\/www.linkedin.com\/in\/jorisvanroy\/","https:\/\/nl.pinterest.com\/jorisvanroy\/"]},{"@type":"Person","@id":"https:\/\/newmobility.news\/#\/schema\/person\/a31e684b1039b4a94985a9aae156f28b","name":"Luc Joris","image":{"@type":"ImageObject","inLanguage":"fr-BE","@id":"https:\/\/secure.gravatar.com\/avatar\/9e27cf9984ae903174b14c7dd33d523290f03fd71803b04bc6e486c7259b2920?s=96&d=mm&r=g","url":"https:\/\/secure.gravatar.com\/avatar\/9e27cf9984ae903174b14c7dd33d523290f03fd71803b04bc6e486c7259b2920?s=96&d=mm&r=g","contentUrl":"https:\/\/secure.gravatar.com\/avatar\/9e27cf9984ae903174b14c7dd33d523290f03fd71803b04bc6e486c7259b2920?s=96&d=mm&r=g","caption":"Luc Joris"},"url":"https:\/\/newmobility.news\/fr\/author\/belga-5\/"}]}},"jetpack_publicize_connections":[],"jetpack_featured_media_url":"https:\/\/i0.wp.com\/newmobility.news\/wp-content\/uploads\/2025\/06\/GsPlKwFW8AAAMID-scaled.jpg?fit=2560%2C1690&ssl=1","jetpack_shortlink":"https:\/\/wp.me\/p9wJdU-Hz4","jetpack_sharing_enabled":true,"jetpack_likes_enabled":true,"jetpack-related-posts":[],"_links":{"self":[{"href":"https:\/\/newmobility.news\/fr\/wp-json\/wp\/v2\/posts\/167466","targetHints":{"allow":["GET"]}}],"collection":[{"href":"https:\/\/newmobility.news\/fr\/wp-json\/wp\/v2\/posts"}],"about":[{"href":"https:\/\/newmobility.news\/fr\/wp-json\/wp\/v2\/types\/post"}],"author":[{"embeddable":true,"href":"https:\/\/newmobility.news\/fr\/wp-json\/wp\/v2\/users\/164"}],"replies":[{"embeddable":true,"href":"https:\/\/newmobility.news\/fr\/wp-json\/wp\/v2\/comments?post=167466"}],"version-history":[{"count":0,"href":"https:\/\/newmobility.news\/fr\/wp-json\/wp\/v2\/posts\/167466\/revisions"}],"wp:featuredmedia":[{"embeddable":true,"href":"https:\/\/newmobility.news\/fr\/wp-json\/wp\/v2\/media\/167482"}],"wp:attachment":[{"href":"https:\/\/newmobility.news\/fr\/wp-json\/wp\/v2\/media?parent=167466"}],"wp:term":[{"taxonomy":"category","embeddable":true,"href":"https:\/\/newmobility.news\/fr\/wp-json\/wp\/v2\/categories?post=167466"},{"taxonomy":"post_tag","embeddable":true,"href":"https:\/\/newmobility.news\/fr\/wp-json\/wp\/v2\/tags?post=167466"}],"curies":[{"name":"wp","href":"https:\/\/api.w.org\/{rel}","templated":true}]}}