{"id":168076,"date":"2025-06-17T11:44:47","date_gmt":"2025-06-17T09:44:47","guid":{"rendered":"https:\/\/newmobility.news\/?p=168076"},"modified":"2025-06-20T17:17:48","modified_gmt":"2025-06-20T15:17:48","slug":"eagles-consortium-starts-developing-next-gen-small-modular-reactor","status":"publish","type":"post","link":"https:\/\/newmobility.news\/fr\/2025\/06\/17\/eagles-consortium-starts-developing-next-gen-small-modular-reactor\/","title":{"rendered":"Le consortium Eagles commence \u00e0 d\u00e9velopper un r\u00e9acteur modulaire compact de nouvelle g\u00e9n\u00e9ration"},"content":{"rendered":"Le 16 juin, quatre des principales organisations europ\u00e9ennes sp\u00e9cialis\u00e9es dans les technologies nucl\u00e9aires \u2013 Ansaldo Nucleare, Enea, Rete et SCK CEN \u2013 ont sign\u00e9 la cr\u00e9ation du consortium Eagles, une alliance nouvellement cr\u00e9\u00e9e dont l'objectif est de d\u00e9velopper et de commercialiser Eagles-300, un petit r\u00e9acteur modulaire de nouvelle g\u00e9n\u00e9ration refroidi au plomb.<div class=\"leaky_paywall_message_wrap\"><div id=\"leaky_paywall_message\">Ce contenu a \u00e9t\u00e9 archiv\u00e9. <a href=\"https:\/\/newmobility.news\/fr\/subscription\/\">Connectez-vous ou inscrivez-vous<\/a> \u00e0 un niveau qui donne acc\u00e8s au contenu archiv\u00e9.<\/div><\/div>","protected":false},"excerpt":{"rendered":"<p>On June 16th, four of Europe\u2019s leading nuclear technology organizations \u2013 Ansaldo Nucleare, Enea, Rete, and SCK CEN \u2013 signed the creation of the Eagles Consortium, a newly established alliance, whose goal is to develop and commercialize Eagles-300, a next-generation lead-cooled Small Modular RThis content has been archived. Log in or Subscribe to a level [&hellip;]<\/p>\n","protected":false},"author":175,"featured_media":168079,"comment_status":"closed","ping_status":"closed","sticky":false,"template":"","format":"standard","meta":{"_acf_changed":false,"jetpack_post_was_ever_published":false,"_jetpack_newsletter_access":"","_jetpack_dont_email_post_to_subs":false,"_jetpack_newsletter_tier_id":0,"_jetpack_memberships_contains_paywalled_content":false,"_jetpack_memberships_contains_paid_content":false,"footnotes":"","jetpack_publicize_message":"","jetpack_publicize_feature_enabled":true,"jetpack_social_post_already_shared":true,"jetpack_social_options":{"image_generator_settings":{"template":"highway","default_image_id":0,"font":"","enabled":false},"version":2},"_wpas_customize_per_network":false},"categories":[2043,16,4,17],"tags":[],"class_list":["post-168076","post","type-post","status-publish","format-standard","has-post-thumbnail","hentry","category-energy","category-industry","category-top-stories-today","category-weekly-newsletter"],"acf":[],"featured_image_urls_v2":{"full":["https:\/\/i0.wp.com\/newmobility.news\/wp-content\/uploads\/2025\/06\/20250616_Eagles_088_2500px.jpg?fit=636%2C318&ssl=1",636,318,false],"thumbnail":["https:\/\/i0.wp.com\/newmobility.news\/wp-content\/uploads\/2025\/06\/20250616_Eagles_088_2500px.jpg?resize=150%2C150&ssl=1",150,150,true],"medium":["https:\/\/i0.wp.com\/newmobility.news\/wp-content\/uploads\/2025\/06\/20250616_Eagles_088_2500px.jpg?fit=300%2C150&ssl=1",300,150,true],"medium_large":["https:\/\/i0.wp.com\/newmobility.news\/wp-content\/uploads\/2025\/06\/20250616_Eagles_088_2500px.jpg?fit=636%2C318&ssl=1",636,318,true],"large":["https:\/\/i0.wp.com\/newmobility.news\/wp-content\/uploads\/2025\/06\/20250616_Eagles_088_2500px.jpg?fit=636%2C318&ssl=1",636,318,true],"1536x1536":["https:\/\/i0.wp.com\/newmobility.news\/wp-content\/uploads\/2025\/06\/20250616_Eagles_088_2500px.jpg?fit=636%2C318&ssl=1",636,318,true],"2048x2048":["https:\/\/i0.wp.com\/newmobility.news\/wp-content\/uploads\/2025\/06\/20250616_Eagles_088_2500px.jpg?fit=636%2C318&ssl=1",636,318,true],"trp-custom-language-flag":["https:\/\/i0.wp.com\/newmobility.news\/wp-content\/uploads\/2025\/06\/20250616_Eagles_088_2500px.jpg?fit=18%2C9&ssl=1",18,9,true],"related-thumb":["https:\/\/i0.wp.com\/newmobility.news\/wp-content\/uploads\/2025\/06\/20250616_Eagles_088_2500px.jpg?resize=636%2C318&ssl=1",636,318,true],"gform-image-choice-sm":["https:\/\/i0.wp.com\/newmobility.news\/wp-content\/uploads\/2025\/06\/20250616_Eagles_088_2500px.jpg?resize=300%2C300&ssl=1",300,300,true],"gform-image-choice-md":["https:\/\/i0.wp.com\/newmobility.news\/wp-content\/uploads\/2025\/06\/20250616_Eagles_088_2500px.jpg?resize=400%2C318&ssl=1",400,318,true],"gform-image-choice-lg":["https:\/\/i0.wp.com\/newmobility.news\/wp-content\/uploads\/2025\/06\/20250616_Eagles_088_2500px.jpg?resize=600%2C318&ssl=1",600,318,true],"mailchimp":["https:\/\/i0.wp.com\/newmobility.news\/wp-content\/uploads\/2025\/06\/20250616_Eagles_088_2500px.jpg?fit=560%2C280&ssl=1",560,280,true],"unipress-phone":["https:\/\/i0.wp.com\/newmobility.news\/wp-content\/uploads\/2025\/06\/20250616_Eagles_088_2500px.jpg?resize=636%2C100&ssl=1",636,100,true],"unipress-tablet":["https:\/\/i0.wp.com\/newmobility.news\/wp-content\/uploads\/2025\/06\/20250616_Eagles_088_2500px.jpg?resize=636%2C240&ssl=1",636,240,true],"unipress-tablet-portrait":["https:\/\/i0.wp.com\/newmobility.news\/wp-content\/uploads\/2025\/06\/20250616_Eagles_088_2500px.jpg?resize=636%2C180&ssl=1",636,180,true],"unipress-tablet-landscape":["https:\/\/i0.wp.com\/newmobility.news\/wp-content\/uploads\/2025\/06\/20250616_Eagles_088_2500px.jpg?resize=636%2C180&ssl=1",636,180,true],"unipress-smartphone":["https:\/\/i0.wp.com\/newmobility.news\/wp-content\/uploads\/2025\/06\/20250616_Eagles_088_2500px.jpg?resize=636%2C168&ssl=1",636,168,true],"unipress-wide-screen":["https:\/\/i0.wp.com\/newmobility.news\/wp-content\/uploads\/2025\/06\/20250616_Eagles_088_2500px.jpg?resize=636%2C180&ssl=1",636,180,true]},"post_excerpt_stackable_v2":"<p>On June 16th, four of Europe\u2019s leading nuclear technology organizations \u2013 Ansaldo Nucleare, Enea, Rete, and SCK CEN \u2013 signed the creation of the Eagles Consortium, a newly established alliance, whose goal is to develop and commercialize Eagles-300, a next-generation lead-cooled Small Modular RThis content has been archived. Log in or Subscribe to a level that has access to archived content.<\/p>\n","category_list_v2":"<a href=\"https:\/\/newmobility.news\/fr\/category\/energy\/\" rel=\"category tag\">Energy<\/a>, <a href=\"https:\/\/newmobility.news\/fr\/category\/industry\/\" rel=\"category tag\">Industry<\/a>, <a href=\"https:\/\/newmobility.news\/fr\/category\/top-stories-today\/\" rel=\"category tag\">Top Stories Today<\/a>, <a href=\"https:\/\/newmobility.news\/fr\/category\/weekly-newsletter\/\" rel=\"category tag\">Weekly Newsletter<\/a>","author_info_v2":{"name":"Hilde Van Raemdonck","url":"https:\/\/newmobility.news\/fr\/author\/hilde-van-raemdonck\/"},"comments_num_v2":"0 comments","yoast_head":"<!-- This site is optimized with the Yoast SEO plugin v27.5 - https:\/\/yoast.com\/product\/yoast-seo-wordpress\/ -->\n<title>Eagles Consortium starts developing next-gen Small Modular Reactor - newmobility.news<\/title>\n<meta name=\"robots\" content=\"index, follow, max-snippet:-1, max-image-preview:large, max-video-preview:-1\" \/>\n<link rel=\"canonical\" href=\"https:\/\/newmobility.news\/fr\/2025\/06\/17\/eagles-consortium-starts-developing-next-gen-small-modular-reactor\/\" \/>\n<meta property=\"og:locale\" content=\"fr_FR\" \/>\n<meta property=\"og:type\" content=\"article\" \/>\n<meta property=\"og:title\" content=\"Eagles Consortium starts developing next-gen Small Modular Reactor - newmobility.news\" \/>\n<meta property=\"og:description\" content=\"On June 16th, four of Europe\u2019s leading nuclear technology organizations \u2013 Ansaldo Nucleare, Enea, Rete, and SCK CEN \u2013 signed the creation of the Eagles Consortium, a newly established alliance, whose goal is to develop and commercialize Eagles-300, a next-generation lead-cooled Small Modular RThis content has been archived. Log in or Subscribe to a level [&hellip;]\" \/>\n<meta property=\"og:url\" content=\"https:\/\/newmobility.news\/fr\/2025\/06\/17\/eagles-consortium-starts-developing-next-gen-small-modular-reactor\/\" \/>\n<meta property=\"og:site_name\" content=\"newmobility.news\" \/>\n<meta property=\"article:publisher\" content=\"https:\/\/www.facebook.com\/search\/top\/?q=newmobility.news\" \/>\n<meta property=\"article:published_time\" content=\"2025-06-17T09:44:47+00:00\" \/>\n<meta property=\"article:modified_time\" content=\"2025-06-20T15:17:48+00:00\" \/>\n<meta property=\"og:image\" content=\"https:\/\/newmobility.news\/wp-content\/uploads\/2025\/06\/20250616_Eagles_088_2500px.jpg\" \/>\n\t<meta property=\"og:image:width\" content=\"636\" \/>\n\t<meta property=\"og:image:height\" content=\"318\" \/>\n\t<meta property=\"og:image:type\" content=\"image\/jpeg\" \/>\n<meta name=\"author\" content=\"Hilde Van Raemdonck\" \/>\n<meta name=\"twitter:card\" content=\"summary_large_image\" \/>\n<meta name=\"twitter:creator\" content=\"@jorisvry\" \/>\n<meta name=\"twitter:site\" content=\"@jorisvry\" \/>\n<meta name=\"twitter:label1\" content=\"\u00c9crit par\" \/>\n\t<meta name=\"twitter:data1\" content=\"Hilde Van Raemdonck\" \/>\n\t<meta name=\"twitter:label2\" content=\"Dur\u00e9e de lecture est.\" \/>\n\t<meta name=\"twitter:data2\" content=\"2 minutes\" \/>\n<script type=\"application\/ld+json\" class=\"yoast-schema-graph\">{\"@context\":\"https:\\\/\\\/schema.org\",\"@graph\":[{\"@type\":\"Article\",\"@id\":\"https:\\\/\\\/newmobility.news\\\/2025\\\/06\\\/17\\\/eagles-consortium-starts-developing-next-gen-small-modular-reactor\\\/#article\",\"isPartOf\":{\"@id\":\"https:\\\/\\\/newmobility.news\\\/2025\\\/06\\\/17\\\/eagles-consortium-starts-developing-next-gen-small-modular-reactor\\\/\"},\"author\":{\"name\":\"Hilde Van Raemdonck\",\"@id\":\"https:\\\/\\\/newmobility.news\\\/#\\\/schema\\\/person\\\/e57c278780b041b8d42f2ce28dd9ec82\"},\"headline\":\"Eagles Consortium starts developing next-gen Small Modular Reactor\",\"datePublished\":\"2025-06-17T09:44:47+00:00\",\"dateModified\":\"2025-06-20T15:17:48+00:00\",\"mainEntityOfPage\":{\"@id\":\"https:\\\/\\\/newmobility.news\\\/2025\\\/06\\\/17\\\/eagles-consortium-starts-developing-next-gen-small-modular-reactor\\\/\"},\"wordCount\":345,\"publisher\":{\"@id\":\"https:\\\/\\\/newmobility.news\\\/#organization\"},\"image\":{\"@id\":\"https:\\\/\\\/newmobility.news\\\/2025\\\/06\\\/17\\\/eagles-consortium-starts-developing-next-gen-small-modular-reactor\\\/#primaryimage\"},\"thumbnailUrl\":\"https:\\\/\\\/i0.wp.com\\\/newmobility.news\\\/wp-content\\\/uploads\\\/2025\\\/06\\\/20250616_Eagles_088_2500px.jpg?fit=636%2C318&ssl=1\",\"articleSection\":[\"Energy\",\"Industry\",\"Top Stories Today\",\"Weekly Newsletter\"],\"inLanguage\":\"fr-BE\"},{\"@type\":\"WebPage\",\"@id\":\"https:\\\/\\\/newmobility.news\\\/2025\\\/06\\\/17\\\/eagles-consortium-starts-developing-next-gen-small-modular-reactor\\\/\",\"url\":\"https:\\\/\\\/newmobility.news\\\/2025\\\/06\\\/17\\\/eagles-consortium-starts-developing-next-gen-small-modular-reactor\\\/\",\"name\":\"Eagles Consortium starts developing next-gen Small Modular Reactor - newmobility.news\",\"isPartOf\":{\"@id\":\"https:\\\/\\\/newmobility.news\\\/#website\"},\"primaryImageOfPage\":{\"@id\":\"https:\\\/\\\/newmobility.news\\\/2025\\\/06\\\/17\\\/eagles-consortium-starts-developing-next-gen-small-modular-reactor\\\/#primaryimage\"},\"image\":{\"@id\":\"https:\\\/\\\/newmobility.news\\\/2025\\\/06\\\/17\\\/eagles-consortium-starts-developing-next-gen-small-modular-reactor\\\/#primaryimage\"},\"thumbnailUrl\":\"https:\\\/\\\/i0.wp.com\\\/newmobility.news\\\/wp-content\\\/uploads\\\/2025\\\/06\\\/20250616_Eagles_088_2500px.jpg?fit=636%2C318&ssl=1\",\"datePublished\":\"2025-06-17T09:44:47+00:00\",\"dateModified\":\"2025-06-20T15:17:48+00:00\",\"breadcrumb\":{\"@id\":\"https:\\\/\\\/newmobility.news\\\/2025\\\/06\\\/17\\\/eagles-consortium-starts-developing-next-gen-small-modular-reactor\\\/#breadcrumb\"},\"inLanguage\":\"fr-BE\",\"potentialAction\":[{\"@type\":\"ReadAction\",\"target\":[\"https:\\\/\\\/newmobility.news\\\/2025\\\/06\\\/17\\\/eagles-consortium-starts-developing-next-gen-small-modular-reactor\\\/\"]}]},{\"@type\":\"ImageObject\",\"inLanguage\":\"fr-BE\",\"@id\":\"https:\\\/\\\/newmobility.news\\\/2025\\\/06\\\/17\\\/eagles-consortium-starts-developing-next-gen-small-modular-reactor\\\/#primaryimage\",\"url\":\"https:\\\/\\\/i0.wp.com\\\/newmobility.news\\\/wp-content\\\/uploads\\\/2025\\\/06\\\/20250616_Eagles_088_2500px.jpg?fit=636%2C318&ssl=1\",\"contentUrl\":\"https:\\\/\\\/i0.wp.com\\\/newmobility.news\\\/wp-content\\\/uploads\\\/2025\\\/06\\\/20250616_Eagles_088_2500px.jpg?fit=636%2C318&ssl=1\",\"width\":636,\"height\":318,\"caption\":\"The signing of this agreement solidifies the collaboration among consortium members, transforming their ongoing partnership into a strengthened commitment to contribute to a more sustainable implementation of nuclear energy \\\/sckcen.be\"},{\"@type\":\"BreadcrumbList\",\"@id\":\"https:\\\/\\\/newmobility.news\\\/2025\\\/06\\\/17\\\/eagles-consortium-starts-developing-next-gen-small-modular-reactor\\\/#breadcrumb\",\"itemListElement\":[{\"@type\":\"ListItem\",\"position\":1,\"name\":\"Home\",\"item\":\"https:\\\/\\\/newmobility.news\\\/\"},{\"@type\":\"ListItem\",\"position\":2,\"name\":\"Eagles Consortium starts developing next-gen Small Modular Reactor\"}]},{\"@type\":\"WebSite\",\"@id\":\"https:\\\/\\\/newmobility.news\\\/#website\",\"url\":\"https:\\\/\\\/newmobility.news\\\/\",\"name\":\"newmobility.news\",\"description\":\"A B2BNews Agency\u00ae news service for mobility business proessional\",\"publisher\":{\"@id\":\"https:\\\/\\\/newmobility.news\\\/#organization\"},\"potentialAction\":[{\"@type\":\"SearchAction\",\"target\":{\"@type\":\"EntryPoint\",\"urlTemplate\":\"https:\\\/\\\/newmobility.news\\\/?s={search_term_string}\"},\"query-input\":{\"@type\":\"PropertyValueSpecification\",\"valueRequired\":true,\"valueName\":\"search_term_string\"}}],\"inLanguage\":\"fr-BE\"},{\"@type\":\"Organization\",\"@id\":\"https:\\\/\\\/newmobility.news\\\/#organization\",\"name\":\"B2BNews Agency\",\"url\":\"https:\\\/\\\/newmobility.news\\\/\",\"logo\":{\"@type\":\"ImageObject\",\"inLanguage\":\"fr-BE\",\"@id\":\"https:\\\/\\\/newmobility.news\\\/#\\\/schema\\\/logo\\\/image\\\/\",\"url\":\"https:\\\/\\\/newmobility.news\\\/wp-content\\\/uploads\\\/2018\\\/01\\\/b2bnews-agency-logo.png\",\"contentUrl\":\"https:\\\/\\\/newmobility.news\\\/wp-content\\\/uploads\\\/2018\\\/01\\\/b2bnews-agency-logo.png\",\"width\":\"581\",\"height\":\"117\",\"caption\":\"B2BNews Agency\"},\"image\":{\"@id\":\"https:\\\/\\\/newmobility.news\\\/#\\\/schema\\\/logo\\\/image\\\/\"},\"sameAs\":[\"https:\\\/\\\/www.facebook.com\\\/search\\\/top\\\/?q=newmobility.news\",\"https:\\\/\\\/x.com\\\/jorisvry\",\"https:\\\/\\\/www.linkedin.com\\\/in\\\/jorisvanroy\\\/\",\"https:\\\/\\\/nl.pinterest.com\\\/jorisvanroy\\\/\"]},{\"@type\":\"Person\",\"@id\":\"https:\\\/\\\/newmobility.news\\\/#\\\/schema\\\/person\\\/e57c278780b041b8d42f2ce28dd9ec82\",\"name\":\"Hilde Van Raemdonck\",\"image\":{\"@type\":\"ImageObject\",\"inLanguage\":\"fr-BE\",\"@id\":\"https:\\\/\\\/secure.gravatar.com\\\/avatar\\\/df873a81c6773757375a21da8c2465de0552095dede94d299763768ab1b36cef?s=96&d=mm&r=g\",\"url\":\"https:\\\/\\\/secure.gravatar.com\\\/avatar\\\/df873a81c6773757375a21da8c2465de0552095dede94d299763768ab1b36cef?s=96&d=mm&r=g\",\"contentUrl\":\"https:\\\/\\\/secure.gravatar.com\\\/avatar\\\/df873a81c6773757375a21da8c2465de0552095dede94d299763768ab1b36cef?s=96&d=mm&r=g\",\"caption\":\"Hilde Van Raemdonck\"},\"url\":\"https:\\\/\\\/newmobility.news\\\/fr\\\/author\\\/hilde-van-raemdonck\\\/\"}]}<\/script>\n<!-- \/ Yoast SEO plugin. -->","yoast_head_json":{"title":"Le consortium Eagles commence \u00e0 d\u00e9velopper un r\u00e9acteur modulaire compact de nouvelle g\u00e9n\u00e9ration - newmobility.news","robots":{"index":"index","follow":"follow","max-snippet":"max-snippet:-1","max-image-preview":"max-image-preview:large","max-video-preview":"max-video-preview:-1"},"canonical":"https:\/\/newmobility.news\/fr\/2025\/06\/17\/eagles-consortium-starts-developing-next-gen-small-modular-reactor\/","og_locale":"fr_FR","og_type":"article","og_title":"Eagles Consortium starts developing next-gen Small Modular Reactor - newmobility.news","og_description":"On June 16th, four of Europe\u2019s leading nuclear technology organizations \u2013 Ansaldo Nucleare, Enea, Rete, and SCK CEN \u2013 signed the creation of the Eagles Consortium, a newly established alliance, whose goal is to develop and commercialize Eagles-300, a next-generation lead-cooled Small Modular RThis content has been archived. Log in or Subscribe to a level [&hellip;]","og_url":"https:\/\/newmobility.news\/fr\/2025\/06\/17\/eagles-consortium-starts-developing-next-gen-small-modular-reactor\/","og_site_name":"newmobility.news","article_publisher":"https:\/\/www.facebook.com\/search\/top\/?q=newmobility.news","article_published_time":"2025-06-17T09:44:47+00:00","article_modified_time":"2025-06-20T15:17:48+00:00","og_image":[{"width":636,"height":318,"url":"https:\/\/newmobility.news\/wp-content\/uploads\/2025\/06\/20250616_Eagles_088_2500px.jpg","type":"image\/jpeg"}],"author":"Hilde Van Raemdonck","twitter_card":"summary_large_image","twitter_creator":"@jorisvry","twitter_site":"@jorisvry","twitter_misc":{"\u00c9crit par":"Hilde Van Raemdonck","Dur\u00e9e de lecture est.":"2 minutes"},"schema":{"@context":"https:\/\/schema.org","@graph":[{"@type":"Article","@id":"https:\/\/newmobility.news\/2025\/06\/17\/eagles-consortium-starts-developing-next-gen-small-modular-reactor\/#article","isPartOf":{"@id":"https:\/\/newmobility.news\/2025\/06\/17\/eagles-consortium-starts-developing-next-gen-small-modular-reactor\/"},"author":{"name":"Hilde Van Raemdonck","@id":"https:\/\/newmobility.news\/#\/schema\/person\/e57c278780b041b8d42f2ce28dd9ec82"},"headline":"Eagles Consortium starts developing next-gen Small Modular Reactor","datePublished":"2025-06-17T09:44:47+00:00","dateModified":"2025-06-20T15:17:48+00:00","mainEntityOfPage":{"@id":"https:\/\/newmobility.news\/2025\/06\/17\/eagles-consortium-starts-developing-next-gen-small-modular-reactor\/"},"wordCount":345,"publisher":{"@id":"https:\/\/newmobility.news\/#organization"},"image":{"@id":"https:\/\/newmobility.news\/2025\/06\/17\/eagles-consortium-starts-developing-next-gen-small-modular-reactor\/#primaryimage"},"thumbnailUrl":"https:\/\/i0.wp.com\/newmobility.news\/wp-content\/uploads\/2025\/06\/20250616_Eagles_088_2500px.jpg?fit=636%2C318&ssl=1","articleSection":["Energy","Industry","Top Stories Today","Weekly Newsletter"],"inLanguage":"fr-BE"},{"@type":"WebPage","@id":"https:\/\/newmobility.news\/2025\/06\/17\/eagles-consortium-starts-developing-next-gen-small-modular-reactor\/","url":"https:\/\/newmobility.news\/2025\/06\/17\/eagles-consortium-starts-developing-next-gen-small-modular-reactor\/","name":"Le consortium Eagles commence \u00e0 d\u00e9velopper un r\u00e9acteur modulaire compact de nouvelle g\u00e9n\u00e9ration - newmobility.news","isPartOf":{"@id":"https:\/\/newmobility.news\/#website"},"primaryImageOfPage":{"@id":"https:\/\/newmobility.news\/2025\/06\/17\/eagles-consortium-starts-developing-next-gen-small-modular-reactor\/#primaryimage"},"image":{"@id":"https:\/\/newmobility.news\/2025\/06\/17\/eagles-consortium-starts-developing-next-gen-small-modular-reactor\/#primaryimage"},"thumbnailUrl":"https:\/\/i0.wp.com\/newmobility.news\/wp-content\/uploads\/2025\/06\/20250616_Eagles_088_2500px.jpg?fit=636%2C318&ssl=1","datePublished":"2025-06-17T09:44:47+00:00","dateModified":"2025-06-20T15:17:48+00:00","breadcrumb":{"@id":"https:\/\/newmobility.news\/2025\/06\/17\/eagles-consortium-starts-developing-next-gen-small-modular-reactor\/#breadcrumb"},"inLanguage":"fr-BE","potentialAction":[{"@type":"ReadAction","target":["https:\/\/newmobility.news\/2025\/06\/17\/eagles-consortium-starts-developing-next-gen-small-modular-reactor\/"]}]},{"@type":"ImageObject","inLanguage":"fr-BE","@id":"https:\/\/newmobility.news\/2025\/06\/17\/eagles-consortium-starts-developing-next-gen-small-modular-reactor\/#primaryimage","url":"https:\/\/i0.wp.com\/newmobility.news\/wp-content\/uploads\/2025\/06\/20250616_Eagles_088_2500px.jpg?fit=636%2C318&ssl=1","contentUrl":"https:\/\/i0.wp.com\/newmobility.news\/wp-content\/uploads\/2025\/06\/20250616_Eagles_088_2500px.jpg?fit=636%2C318&ssl=1","width":636,"height":318,"caption":"The signing of this agreement solidifies the collaboration among consortium members, transforming their ongoing partnership into a strengthened commitment to contribute to a more sustainable implementation of nuclear energy \/sckcen.be"},{"@type":"BreadcrumbList","@id":"https:\/\/newmobility.news\/2025\/06\/17\/eagles-consortium-starts-developing-next-gen-small-modular-reactor\/#breadcrumb","itemListElement":[{"@type":"ListItem","position":1,"name":"Home","item":"https:\/\/newmobility.news\/"},{"@type":"ListItem","position":2,"name":"Eagles Consortium starts developing next-gen Small Modular Reactor"}]},{"@type":"WebSite","@id":"https:\/\/newmobility.news\/#website","url":"https:\/\/newmobility.news\/","name":"nouveaumobilit\u00e9.actualit\u00e9s","description":"Un service d'information B2BNews Agency\u00ae destin\u00e9 aux professionnels de la mobilit\u00e9","publisher":{"@id":"https:\/\/newmobility.news\/#organization"},"potentialAction":[{"@type":"SearchAction","target":{"@type":"EntryPoint","urlTemplate":"https:\/\/newmobility.news\/?s={search_term_string}"},"query-input":{"@type":"PropertyValueSpecification","valueRequired":true,"valueName":"search_term_string"}}],"inLanguage":"fr-BE"},{"@type":"Organization","@id":"https:\/\/newmobility.news\/#organization","name":"Agence de presse B2BNews","url":"https:\/\/newmobility.news\/","logo":{"@type":"ImageObject","inLanguage":"fr-BE","@id":"https:\/\/newmobility.news\/#\/schema\/logo\/image\/","url":"https:\/\/newmobility.news\/wp-content\/uploads\/2018\/01\/b2bnews-agency-logo.png","contentUrl":"https:\/\/newmobility.news\/wp-content\/uploads\/2018\/01\/b2bnews-agency-logo.png","width":"581","height":"117","caption":"B2BNews Agency"},"image":{"@id":"https:\/\/newmobility.news\/#\/schema\/logo\/image\/"},"sameAs":["https:\/\/www.facebook.com\/search\/top\/?q=newmobility.news","https:\/\/x.com\/jorisvry","https:\/\/www.linkedin.com\/in\/jorisvanroy\/","https:\/\/nl.pinterest.com\/jorisvanroy\/"]},{"@type":"Person","@id":"https:\/\/newmobility.news\/#\/schema\/person\/e57c278780b041b8d42f2ce28dd9ec82","name":"Hilde Van Raemdonck","image":{"@type":"ImageObject","inLanguage":"fr-BE","@id":"https:\/\/secure.gravatar.com\/avatar\/df873a81c6773757375a21da8c2465de0552095dede94d299763768ab1b36cef?s=96&d=mm&r=g","url":"https:\/\/secure.gravatar.com\/avatar\/df873a81c6773757375a21da8c2465de0552095dede94d299763768ab1b36cef?s=96&d=mm&r=g","contentUrl":"https:\/\/secure.gravatar.com\/avatar\/df873a81c6773757375a21da8c2465de0552095dede94d299763768ab1b36cef?s=96&d=mm&r=g","caption":"Hilde Van Raemdonck"},"url":"https:\/\/newmobility.news\/fr\/author\/hilde-van-raemdonck\/"}]}},"jetpack_publicize_connections":[],"jetpack_featured_media_url":"https:\/\/i0.wp.com\/newmobility.news\/wp-content\/uploads\/2025\/06\/20250616_Eagles_088_2500px.jpg?fit=636%2C318&ssl=1","jetpack_shortlink":"https:\/\/wp.me\/p9wJdU-HIU","jetpack_sharing_enabled":true,"jetpack_likes_enabled":true,"jetpack-related-posts":[],"_links":{"self":[{"href":"https:\/\/newmobility.news\/fr\/wp-json\/wp\/v2\/posts\/168076","targetHints":{"allow":["GET"]}}],"collection":[{"href":"https:\/\/newmobility.news\/fr\/wp-json\/wp\/v2\/posts"}],"about":[{"href":"https:\/\/newmobility.news\/fr\/wp-json\/wp\/v2\/types\/post"}],"author":[{"embeddable":true,"href":"https:\/\/newmobility.news\/fr\/wp-json\/wp\/v2\/users\/175"}],"replies":[{"embeddable":true,"href":"https:\/\/newmobility.news\/fr\/wp-json\/wp\/v2\/comments?post=168076"}],"version-history":[{"count":0,"href":"https:\/\/newmobility.news\/fr\/wp-json\/wp\/v2\/posts\/168076\/revisions"}],"wp:featuredmedia":[{"embeddable":true,"href":"https:\/\/newmobility.news\/fr\/wp-json\/wp\/v2\/media\/168079"}],"wp:attachment":[{"href":"https:\/\/newmobility.news\/fr\/wp-json\/wp\/v2\/media?parent=168076"}],"wp:term":[{"taxonomy":"category","embeddable":true,"href":"https:\/\/newmobility.news\/fr\/wp-json\/wp\/v2\/categories?post=168076"},{"taxonomy":"post_tag","embeddable":true,"href":"https:\/\/newmobility.news\/fr\/wp-json\/wp\/v2\/tags?post=168076"}],"curies":[{"name":"wp","href":"https:\/\/api.w.org\/{rel}","templated":true}]}}