{"id":168572,"date":"2025-06-27T12:10:49","date_gmt":"2025-06-27T10:10:49","guid":{"rendered":"https:\/\/newmobility.news\/?p=168572"},"modified":"2025-06-27T11:11:42","modified_gmt":"2025-06-27T09:11:42","slug":"planning-bureau-belgiums-company-car-tax-perks-cost-e6-billion","status":"publish","type":"post","link":"https:\/\/newmobility.news\/fr\/2025\/06\/27\/planning-bureau-belgiums-company-car-tax-perks-cost-e6-billion\/","title":{"rendered":"Bureau du Plan : les avantages fiscaux li\u00e9s aux voitures de soci\u00e9t\u00e9 co\u00fbtent 6 milliards d'euros \u00e0 la Belgique\u00a0"},"content":{"rendered":"Le traitement fiscal favorable accord\u00e9 aux voitures de soci\u00e9t\u00e9 en Belgique prive l'\u00c9tat de jusqu'\u00e0 6 milliards d'euros par an de recettes perdues, selon les calculs d'un nouveau rapport accablant du Bureau f\u00e9d\u00e9ral du Plan. L'analyse, publi\u00e9e jeudi, souligne comment un syst\u00e8me initialement con\u00e7u pour all\u00e9ger les co\u00fbts salariaux a \u00e9volu\u00e9.<div class=\"leaky_paywall_message_wrap\"><div id=\"leaky_paywall_message\">Ce contenu a \u00e9t\u00e9 archiv\u00e9. <a href=\"https:\/\/newmobility.news\/fr\/subscription\/\">Connectez-vous ou inscrivez-vous<\/a> \u00e0 un niveau qui donne acc\u00e8s au contenu archiv\u00e9.<\/div><\/div>","protected":false},"excerpt":{"rendered":"<p>Belgium\u2019s tax-friendly treatment of company cars is depriving the state of up to \u20ac6 billion a year in lost revenues, as calculated in a damning new report by the Federal Planning Bureau. The analysis, published on Thursday, highlights how a system initially designed to ease wage costs has evoThis content has been archived. Log in [&hellip;]<\/p>\n","protected":false},"author":715,"featured_media":168575,"comment_status":"closed","ping_status":"closed","sticky":false,"template":"","format":"standard","meta":{"_acf_changed":false,"jetpack_post_was_ever_published":false,"_jetpack_newsletter_access":"","_jetpack_dont_email_post_to_subs":false,"_jetpack_newsletter_tier_id":0,"_jetpack_memberships_contains_paywalled_content":false,"_jetpack_memberships_contains_paid_content":false,"footnotes":"","jetpack_publicize_message":"","jetpack_publicize_feature_enabled":true,"jetpack_social_post_already_shared":true,"jetpack_social_options":{"image_generator_settings":{"template":"highway","default_image_id":0,"font":"","enabled":false},"version":2},"_wpas_customize_per_network":false},"categories":[77170,77158,25,77169,7,4],"tags":[],"class_list":["post-168572","post","type-post","status-publish","format-standard","has-post-thumbnail","hentry","category-belgium","category-leasing","category-legislation","category-market","category-mobility","category-top-stories-today"],"acf":[],"featured_image_urls_v2":{"full":["https:\/\/i0.wp.com\/newmobility.news\/wp-content\/uploads\/2025\/06\/ampnet_photo_20230628_225141.jpg?fit=2508%2C1672&ssl=1",2508,1672,false],"thumbnail":["https:\/\/i0.wp.com\/newmobility.news\/wp-content\/uploads\/2025\/06\/ampnet_photo_20230628_225141.jpg?resize=150%2C150&ssl=1",150,150,true],"medium":["https:\/\/i0.wp.com\/newmobility.news\/wp-content\/uploads\/2025\/06\/ampnet_photo_20230628_225141.jpg?fit=300%2C200&ssl=1",300,200,true],"medium_large":["https:\/\/i0.wp.com\/newmobility.news\/wp-content\/uploads\/2025\/06\/ampnet_photo_20230628_225141.jpg?fit=640%2C427&ssl=1",640,427,true],"large":["https:\/\/i0.wp.com\/newmobility.news\/wp-content\/uploads\/2025\/06\/ampnet_photo_20230628_225141.jpg?fit=640%2C427&ssl=1",640,427,true],"1536x1536":["https:\/\/i0.wp.com\/newmobility.news\/wp-content\/uploads\/2025\/06\/ampnet_photo_20230628_225141.jpg?fit=1536%2C1024&ssl=1",1536,1024,true],"2048x2048":["https:\/\/i0.wp.com\/newmobility.news\/wp-content\/uploads\/2025\/06\/ampnet_photo_20230628_225141.jpg?fit=2048%2C1365&ssl=1",2048,1365,true],"trp-custom-language-flag":["https:\/\/i0.wp.com\/newmobility.news\/wp-content\/uploads\/2025\/06\/ampnet_photo_20230628_225141.jpg?fit=18%2C12&ssl=1",18,12,true],"related-thumb":["https:\/\/i0.wp.com\/newmobility.news\/wp-content\/uploads\/2025\/06\/ampnet_photo_20230628_225141.jpg?resize=640%2C480&ssl=1",640,480,true],"gform-image-choice-sm":["https:\/\/i0.wp.com\/newmobility.news\/wp-content\/uploads\/2025\/06\/ampnet_photo_20230628_225141.jpg?resize=300%2C300&ssl=1",300,300,true],"gform-image-choice-md":["https:\/\/i0.wp.com\/newmobility.news\/wp-content\/uploads\/2025\/06\/ampnet_photo_20230628_225141.jpg?resize=400%2C400&ssl=1",400,400,true],"gform-image-choice-lg":["https:\/\/i0.wp.com\/newmobility.news\/wp-content\/uploads\/2025\/06\/ampnet_photo_20230628_225141.jpg?resize=600%2C600&ssl=1",600,600,true],"mailchimp":["https:\/\/i0.wp.com\/newmobility.news\/wp-content\/uploads\/2025\/06\/ampnet_photo_20230628_225141.jpg?fit=560%2C373&ssl=1",560,373,true],"unipress-phone":["https:\/\/i0.wp.com\/newmobility.news\/wp-content\/uploads\/2025\/06\/ampnet_photo_20230628_225141.jpg?resize=640%2C100&ssl=1",640,100,true],"unipress-tablet":["https:\/\/i0.wp.com\/newmobility.news\/wp-content\/uploads\/2025\/06\/ampnet_photo_20230628_225141.jpg?resize=1536%2C240&ssl=1",1536,240,true],"unipress-tablet-portrait":["https:\/\/i0.wp.com\/newmobility.news\/wp-content\/uploads\/2025\/06\/ampnet_photo_20230628_225141.jpg?resize=1536%2C180&ssl=1",1536,180,true],"unipress-tablet-landscape":["https:\/\/i0.wp.com\/newmobility.news\/wp-content\/uploads\/2025\/06\/ampnet_photo_20230628_225141.jpg?resize=2048%2C180&ssl=1",2048,180,true],"unipress-smartphone":["https:\/\/i0.wp.com\/newmobility.news\/wp-content\/uploads\/2025\/06\/ampnet_photo_20230628_225141.jpg?resize=1080%2C168&ssl=1",1080,168,true],"unipress-wide-screen":["https:\/\/i0.wp.com\/newmobility.news\/wp-content\/uploads\/2025\/06\/ampnet_photo_20230628_225141.jpg?resize=2508%2C180&ssl=1",2508,180,true]},"post_excerpt_stackable_v2":"<p>Belgium\u2019s tax-friendly treatment of company cars is depriving the state of up to \u20ac6 billion a year in lost revenues, as calculated in a damning new report by the Federal Planning Bureau. The analysis, published on Thursday, highlights how a system initially designed to ease wage costs has evoThis content has been archived. Log in or Subscribe to a level that has access to archived content.<\/p>\n","category_list_v2":"<a href=\"https:\/\/newmobility.news\/fr\/category\/belgium\/\" rel=\"category tag\">Belgium<\/a>, <a href=\"https:\/\/newmobility.news\/fr\/category\/leasing\/\" rel=\"category tag\">Leasing<\/a>, <a href=\"https:\/\/newmobility.news\/fr\/category\/legislation\/\" rel=\"category tag\">Legislation<\/a>, <a href=\"https:\/\/newmobility.news\/fr\/category\/market\/\" rel=\"category tag\">Market<\/a>, <a href=\"https:\/\/newmobility.news\/fr\/category\/mobility\/\" rel=\"category tag\">Mobility<\/a>, <a href=\"https:\/\/newmobility.news\/fr\/category\/top-stories-today\/\" rel=\"category tag\">Top Stories Today<\/a>","author_info_v2":{"name":"Piet Andries","url":"https:\/\/newmobility.news\/fr\/author\/piet-andriesgmail-com\/"},"comments_num_v2":"0 comments","yoast_head":"<!-- This site is optimized with the Yoast SEO plugin v27.5 - https:\/\/yoast.com\/product\/yoast-seo-wordpress\/ -->\n<title>Planning Bureau: Belgium\u2019s company car tax perks cost \u20ac6 billion\u00a0 - newmobility.news<\/title>\n<meta name=\"robots\" content=\"index, follow, max-snippet:-1, max-image-preview:large, max-video-preview:-1\" \/>\n<link rel=\"canonical\" href=\"https:\/\/newmobility.news\/fr\/2025\/06\/27\/planning-bureau-belgiums-company-car-tax-perks-cost-e6-billion\/\" \/>\n<meta property=\"og:locale\" content=\"fr_FR\" \/>\n<meta property=\"og:type\" content=\"article\" \/>\n<meta property=\"og:title\" content=\"Planning Bureau: Belgium\u2019s company car tax perks cost \u20ac6 billion\u00a0 - newmobility.news\" \/>\n<meta property=\"og:description\" content=\"Belgium\u2019s tax-friendly treatment of company cars is depriving the state of up to \u20ac6 billion a year in lost revenues, as calculated in a damning new report by the Federal Planning Bureau. The analysis, published on Thursday, highlights how a system initially designed to ease wage costs has evoThis content has been archived. Log in [&hellip;]\" \/>\n<meta property=\"og:url\" content=\"https:\/\/newmobility.news\/fr\/2025\/06\/27\/planning-bureau-belgiums-company-car-tax-perks-cost-e6-billion\/\" \/>\n<meta property=\"og:site_name\" content=\"newmobility.news\" \/>\n<meta property=\"article:publisher\" content=\"https:\/\/www.facebook.com\/search\/top\/?q=newmobility.news\" \/>\n<meta property=\"article:published_time\" content=\"2025-06-27T10:10:49+00:00\" \/>\n<meta property=\"og:image\" content=\"https:\/\/i0.wp.com\/newmobility.news\/wp-content\/uploads\/2025\/06\/ampnet_photo_20230628_225141.jpg?fit=2508%2C1672&ssl=1\" \/>\n\t<meta property=\"og:image:width\" content=\"2508\" \/>\n\t<meta property=\"og:image:height\" content=\"1672\" \/>\n\t<meta property=\"og:image:type\" content=\"image\/jpeg\" \/>\n<meta name=\"author\" content=\"Piet Andries\" \/>\n<meta name=\"twitter:card\" content=\"summary_large_image\" \/>\n<meta name=\"twitter:creator\" content=\"@jorisvry\" \/>\n<meta name=\"twitter:site\" content=\"@jorisvry\" \/>\n<meta name=\"twitter:label1\" content=\"\u00c9crit par\" \/>\n\t<meta name=\"twitter:data1\" content=\"Piet Andries\" \/>\n\t<meta name=\"twitter:label2\" content=\"Dur\u00e9e de lecture est.\" \/>\n\t<meta name=\"twitter:data2\" content=\"4 minutes\" \/>\n<script type=\"application\/ld+json\" class=\"yoast-schema-graph\">{\"@context\":\"https:\\\/\\\/schema.org\",\"@graph\":[{\"@type\":\"Article\",\"@id\":\"https:\\\/\\\/newmobility.news\\\/2025\\\/06\\\/27\\\/planning-bureau-belgiums-company-car-tax-perks-cost-e6-billion\\\/#article\",\"isPartOf\":{\"@id\":\"https:\\\/\\\/newmobility.news\\\/2025\\\/06\\\/27\\\/planning-bureau-belgiums-company-car-tax-perks-cost-e6-billion\\\/\"},\"author\":{\"name\":\"Piet Andries\",\"@id\":\"https:\\\/\\\/newmobility.news\\\/#\\\/schema\\\/person\\\/4f0a0e407f0ee24ec763e67b0a5840a5\"},\"headline\":\"Planning Bureau: Belgium\u2019s company car tax perks cost \u20ac6 billion\u00a0\",\"datePublished\":\"2025-06-27T10:10:49+00:00\",\"mainEntityOfPage\":{\"@id\":\"https:\\\/\\\/newmobility.news\\\/2025\\\/06\\\/27\\\/planning-bureau-belgiums-company-car-tax-perks-cost-e6-billion\\\/\"},\"wordCount\":677,\"publisher\":{\"@id\":\"https:\\\/\\\/newmobility.news\\\/#organization\"},\"image\":{\"@id\":\"https:\\\/\\\/newmobility.news\\\/2025\\\/06\\\/27\\\/planning-bureau-belgiums-company-car-tax-perks-cost-e6-billion\\\/#primaryimage\"},\"thumbnailUrl\":\"https:\\\/\\\/i0.wp.com\\\/newmobility.news\\\/wp-content\\\/uploads\\\/2025\\\/06\\\/ampnet_photo_20230628_225141.jpg?fit=2508%2C1672&ssl=1\",\"articleSection\":[\"Belgium\",\"Leasing\",\"Legislation\",\"Market\",\"Mobility\",\"Top Stories Today\"],\"inLanguage\":\"fr-BE\"},{\"@type\":\"WebPage\",\"@id\":\"https:\\\/\\\/newmobility.news\\\/2025\\\/06\\\/27\\\/planning-bureau-belgiums-company-car-tax-perks-cost-e6-billion\\\/\",\"url\":\"https:\\\/\\\/newmobility.news\\\/2025\\\/06\\\/27\\\/planning-bureau-belgiums-company-car-tax-perks-cost-e6-billion\\\/\",\"name\":\"Planning Bureau: Belgium\u2019s company car tax perks cost \u20ac6 billion\u00a0 - newmobility.news\",\"isPartOf\":{\"@id\":\"https:\\\/\\\/newmobility.news\\\/#website\"},\"primaryImageOfPage\":{\"@id\":\"https:\\\/\\\/newmobility.news\\\/2025\\\/06\\\/27\\\/planning-bureau-belgiums-company-car-tax-perks-cost-e6-billion\\\/#primaryimage\"},\"image\":{\"@id\":\"https:\\\/\\\/newmobility.news\\\/2025\\\/06\\\/27\\\/planning-bureau-belgiums-company-car-tax-perks-cost-e6-billion\\\/#primaryimage\"},\"thumbnailUrl\":\"https:\\\/\\\/i0.wp.com\\\/newmobility.news\\\/wp-content\\\/uploads\\\/2025\\\/06\\\/ampnet_photo_20230628_225141.jpg?fit=2508%2C1672&ssl=1\",\"datePublished\":\"2025-06-27T10:10:49+00:00\",\"breadcrumb\":{\"@id\":\"https:\\\/\\\/newmobility.news\\\/2025\\\/06\\\/27\\\/planning-bureau-belgiums-company-car-tax-perks-cost-e6-billion\\\/#breadcrumb\"},\"inLanguage\":\"fr-BE\",\"potentialAction\":[{\"@type\":\"ReadAction\",\"target\":[\"https:\\\/\\\/newmobility.news\\\/2025\\\/06\\\/27\\\/planning-bureau-belgiums-company-car-tax-perks-cost-e6-billion\\\/\"]}]},{\"@type\":\"ImageObject\",\"inLanguage\":\"fr-BE\",\"@id\":\"https:\\\/\\\/newmobility.news\\\/2025\\\/06\\\/27\\\/planning-bureau-belgiums-company-car-tax-perks-cost-e6-billion\\\/#primaryimage\",\"url\":\"https:\\\/\\\/i0.wp.com\\\/newmobility.news\\\/wp-content\\\/uploads\\\/2025\\\/06\\\/ampnet_photo_20230628_225141.jpg?fit=2508%2C1672&ssl=1\",\"contentUrl\":\"https:\\\/\\\/i0.wp.com\\\/newmobility.news\\\/wp-content\\\/uploads\\\/2025\\\/06\\\/ampnet_photo_20230628_225141.jpg?fit=2508%2C1672&ssl=1\",\"width\":2508,\"height\":1672,\"caption\":\"The undisputed star in the Belgian corporate car market: the BMW X1 \\\/BMW\"},{\"@type\":\"BreadcrumbList\",\"@id\":\"https:\\\/\\\/newmobility.news\\\/2025\\\/06\\\/27\\\/planning-bureau-belgiums-company-car-tax-perks-cost-e6-billion\\\/#breadcrumb\",\"itemListElement\":[{\"@type\":\"ListItem\",\"position\":1,\"name\":\"Home\",\"item\":\"https:\\\/\\\/newmobility.news\\\/\"},{\"@type\":\"ListItem\",\"position\":2,\"name\":\"Planning Bureau: Belgium\u2019s company car tax perks cost \u20ac6 billion\u00a0\"}]},{\"@type\":\"WebSite\",\"@id\":\"https:\\\/\\\/newmobility.news\\\/#website\",\"url\":\"https:\\\/\\\/newmobility.news\\\/\",\"name\":\"newmobility.news\",\"description\":\"A B2BNews Agency\u00ae news service for mobility business proessional\",\"publisher\":{\"@id\":\"https:\\\/\\\/newmobility.news\\\/#organization\"},\"potentialAction\":[{\"@type\":\"SearchAction\",\"target\":{\"@type\":\"EntryPoint\",\"urlTemplate\":\"https:\\\/\\\/newmobility.news\\\/?s={search_term_string}\"},\"query-input\":{\"@type\":\"PropertyValueSpecification\",\"valueRequired\":true,\"valueName\":\"search_term_string\"}}],\"inLanguage\":\"fr-BE\"},{\"@type\":\"Organization\",\"@id\":\"https:\\\/\\\/newmobility.news\\\/#organization\",\"name\":\"B2BNews Agency\",\"url\":\"https:\\\/\\\/newmobility.news\\\/\",\"logo\":{\"@type\":\"ImageObject\",\"inLanguage\":\"fr-BE\",\"@id\":\"https:\\\/\\\/newmobility.news\\\/#\\\/schema\\\/logo\\\/image\\\/\",\"url\":\"https:\\\/\\\/newmobility.news\\\/wp-content\\\/uploads\\\/2018\\\/01\\\/b2bnews-agency-logo.png\",\"contentUrl\":\"https:\\\/\\\/newmobility.news\\\/wp-content\\\/uploads\\\/2018\\\/01\\\/b2bnews-agency-logo.png\",\"width\":\"581\",\"height\":\"117\",\"caption\":\"B2BNews Agency\"},\"image\":{\"@id\":\"https:\\\/\\\/newmobility.news\\\/#\\\/schema\\\/logo\\\/image\\\/\"},\"sameAs\":[\"https:\\\/\\\/www.facebook.com\\\/search\\\/top\\\/?q=newmobility.news\",\"https:\\\/\\\/x.com\\\/jorisvry\",\"https:\\\/\\\/www.linkedin.com\\\/in\\\/jorisvanroy\\\/\",\"https:\\\/\\\/nl.pinterest.com\\\/jorisvanroy\\\/\"]},{\"@type\":\"Person\",\"@id\":\"https:\\\/\\\/newmobility.news\\\/#\\\/schema\\\/person\\\/4f0a0e407f0ee24ec763e67b0a5840a5\",\"name\":\"Piet Andries\",\"image\":{\"@type\":\"ImageObject\",\"inLanguage\":\"fr-BE\",\"@id\":\"https:\\\/\\\/secure.gravatar.com\\\/avatar\\\/c7ec64b5aa2f5a96b3ea5ca5b828a30d1b3e6e74b21e2f3e71ba86eea80553d4?s=96&d=mm&r=g\",\"url\":\"https:\\\/\\\/secure.gravatar.com\\\/avatar\\\/c7ec64b5aa2f5a96b3ea5ca5b828a30d1b3e6e74b21e2f3e71ba86eea80553d4?s=96&d=mm&r=g\",\"contentUrl\":\"https:\\\/\\\/secure.gravatar.com\\\/avatar\\\/c7ec64b5aa2f5a96b3ea5ca5b828a30d1b3e6e74b21e2f3e71ba86eea80553d4?s=96&d=mm&r=g\",\"caption\":\"Piet Andries\"},\"url\":\"https:\\\/\\\/newmobility.news\\\/fr\\\/author\\\/piet-andriesgmail-com\\\/\"}]}<\/script>\n<!-- \/ Yoast SEO plugin. -->","yoast_head_json":{"title":"Bureau de planification : les avantages fiscaux li\u00e9s aux voitures de soci\u00e9t\u00e9 en Belgique co\u00fbtent 6 milliards d'euros  - newmobility.news","robots":{"index":"index","follow":"follow","max-snippet":"max-snippet:-1","max-image-preview":"max-image-preview:large","max-video-preview":"max-video-preview:-1"},"canonical":"https:\/\/newmobility.news\/fr\/2025\/06\/27\/planning-bureau-belgiums-company-car-tax-perks-cost-e6-billion\/","og_locale":"fr_FR","og_type":"article","og_title":"Planning Bureau: Belgium\u2019s company car tax perks cost \u20ac6 billion\u00a0 - newmobility.news","og_description":"Belgium\u2019s tax-friendly treatment of company cars is depriving the state of up to \u20ac6 billion a year in lost revenues, as calculated in a damning new report by the Federal Planning Bureau. The analysis, published on Thursday, highlights how a system initially designed to ease wage costs has evoThis content has been archived. Log in [&hellip;]","og_url":"https:\/\/newmobility.news\/fr\/2025\/06\/27\/planning-bureau-belgiums-company-car-tax-perks-cost-e6-billion\/","og_site_name":"newmobility.news","article_publisher":"https:\/\/www.facebook.com\/search\/top\/?q=newmobility.news","article_published_time":"2025-06-27T10:10:49+00:00","og_image":[{"width":2508,"height":1672,"url":"https:\/\/i0.wp.com\/newmobility.news\/wp-content\/uploads\/2025\/06\/ampnet_photo_20230628_225141.jpg?fit=2508%2C1672&ssl=1","type":"image\/jpeg"}],"author":"Piet Andries","twitter_card":"summary_large_image","twitter_creator":"@jorisvry","twitter_site":"@jorisvry","twitter_misc":{"\u00c9crit par":"Piet Andries","Dur\u00e9e de lecture est.":"4 minutes"},"schema":{"@context":"https:\/\/schema.org","@graph":[{"@type":"Article","@id":"https:\/\/newmobility.news\/2025\/06\/27\/planning-bureau-belgiums-company-car-tax-perks-cost-e6-billion\/#article","isPartOf":{"@id":"https:\/\/newmobility.news\/2025\/06\/27\/planning-bureau-belgiums-company-car-tax-perks-cost-e6-billion\/"},"author":{"name":"Piet Andries","@id":"https:\/\/newmobility.news\/#\/schema\/person\/4f0a0e407f0ee24ec763e67b0a5840a5"},"headline":"Planning Bureau: Belgium\u2019s company car tax perks cost \u20ac6 billion\u00a0","datePublished":"2025-06-27T10:10:49+00:00","mainEntityOfPage":{"@id":"https:\/\/newmobility.news\/2025\/06\/27\/planning-bureau-belgiums-company-car-tax-perks-cost-e6-billion\/"},"wordCount":677,"publisher":{"@id":"https:\/\/newmobility.news\/#organization"},"image":{"@id":"https:\/\/newmobility.news\/2025\/06\/27\/planning-bureau-belgiums-company-car-tax-perks-cost-e6-billion\/#primaryimage"},"thumbnailUrl":"https:\/\/i0.wp.com\/newmobility.news\/wp-content\/uploads\/2025\/06\/ampnet_photo_20230628_225141.jpg?fit=2508%2C1672&ssl=1","articleSection":["Belgium","Leasing","Legislation","Market","Mobility","Top Stories Today"],"inLanguage":"fr-BE"},{"@type":"WebPage","@id":"https:\/\/newmobility.news\/2025\/06\/27\/planning-bureau-belgiums-company-car-tax-perks-cost-e6-billion\/","url":"https:\/\/newmobility.news\/2025\/06\/27\/planning-bureau-belgiums-company-car-tax-perks-cost-e6-billion\/","name":"Bureau de planification : les avantages fiscaux li\u00e9s aux voitures de soci\u00e9t\u00e9 en Belgique co\u00fbtent 6 milliards d'euros  - newmobility.news","isPartOf":{"@id":"https:\/\/newmobility.news\/#website"},"primaryImageOfPage":{"@id":"https:\/\/newmobility.news\/2025\/06\/27\/planning-bureau-belgiums-company-car-tax-perks-cost-e6-billion\/#primaryimage"},"image":{"@id":"https:\/\/newmobility.news\/2025\/06\/27\/planning-bureau-belgiums-company-car-tax-perks-cost-e6-billion\/#primaryimage"},"thumbnailUrl":"https:\/\/i0.wp.com\/newmobility.news\/wp-content\/uploads\/2025\/06\/ampnet_photo_20230628_225141.jpg?fit=2508%2C1672&ssl=1","datePublished":"2025-06-27T10:10:49+00:00","breadcrumb":{"@id":"https:\/\/newmobility.news\/2025\/06\/27\/planning-bureau-belgiums-company-car-tax-perks-cost-e6-billion\/#breadcrumb"},"inLanguage":"fr-BE","potentialAction":[{"@type":"ReadAction","target":["https:\/\/newmobility.news\/2025\/06\/27\/planning-bureau-belgiums-company-car-tax-perks-cost-e6-billion\/"]}]},{"@type":"ImageObject","inLanguage":"fr-BE","@id":"https:\/\/newmobility.news\/2025\/06\/27\/planning-bureau-belgiums-company-car-tax-perks-cost-e6-billion\/#primaryimage","url":"https:\/\/i0.wp.com\/newmobility.news\/wp-content\/uploads\/2025\/06\/ampnet_photo_20230628_225141.jpg?fit=2508%2C1672&ssl=1","contentUrl":"https:\/\/i0.wp.com\/newmobility.news\/wp-content\/uploads\/2025\/06\/ampnet_photo_20230628_225141.jpg?fit=2508%2C1672&ssl=1","width":2508,"height":1672,"caption":"The undisputed star in the Belgian corporate car market: the BMW X1 \/BMW"},{"@type":"BreadcrumbList","@id":"https:\/\/newmobility.news\/2025\/06\/27\/planning-bureau-belgiums-company-car-tax-perks-cost-e6-billion\/#breadcrumb","itemListElement":[{"@type":"ListItem","position":1,"name":"Home","item":"https:\/\/newmobility.news\/"},{"@type":"ListItem","position":2,"name":"Planning Bureau: Belgium\u2019s company car tax perks cost \u20ac6 billion\u00a0"}]},{"@type":"WebSite","@id":"https:\/\/newmobility.news\/#website","url":"https:\/\/newmobility.news\/","name":"nouveaumobilit\u00e9.actualit\u00e9s","description":"Un service d'information B2BNews Agency\u00ae destin\u00e9 aux professionnels de la mobilit\u00e9","publisher":{"@id":"https:\/\/newmobility.news\/#organization"},"potentialAction":[{"@type":"SearchAction","target":{"@type":"EntryPoint","urlTemplate":"https:\/\/newmobility.news\/?s={search_term_string}"},"query-input":{"@type":"PropertyValueSpecification","valueRequired":true,"valueName":"search_term_string"}}],"inLanguage":"fr-BE"},{"@type":"Organization","@id":"https:\/\/newmobility.news\/#organization","name":"Agence de presse B2BNews","url":"https:\/\/newmobility.news\/","logo":{"@type":"ImageObject","inLanguage":"fr-BE","@id":"https:\/\/newmobility.news\/#\/schema\/logo\/image\/","url":"https:\/\/newmobility.news\/wp-content\/uploads\/2018\/01\/b2bnews-agency-logo.png","contentUrl":"https:\/\/newmobility.news\/wp-content\/uploads\/2018\/01\/b2bnews-agency-logo.png","width":"581","height":"117","caption":"B2BNews Agency"},"image":{"@id":"https:\/\/newmobility.news\/#\/schema\/logo\/image\/"},"sameAs":["https:\/\/www.facebook.com\/search\/top\/?q=newmobility.news","https:\/\/x.com\/jorisvry","https:\/\/www.linkedin.com\/in\/jorisvanroy\/","https:\/\/nl.pinterest.com\/jorisvanroy\/"]},{"@type":"Person","@id":"https:\/\/newmobility.news\/#\/schema\/person\/4f0a0e407f0ee24ec763e67b0a5840a5","name":"Piet Andries","image":{"@type":"ImageObject","inLanguage":"fr-BE","@id":"https:\/\/secure.gravatar.com\/avatar\/c7ec64b5aa2f5a96b3ea5ca5b828a30d1b3e6e74b21e2f3e71ba86eea80553d4?s=96&d=mm&r=g","url":"https:\/\/secure.gravatar.com\/avatar\/c7ec64b5aa2f5a96b3ea5ca5b828a30d1b3e6e74b21e2f3e71ba86eea80553d4?s=96&d=mm&r=g","contentUrl":"https:\/\/secure.gravatar.com\/avatar\/c7ec64b5aa2f5a96b3ea5ca5b828a30d1b3e6e74b21e2f3e71ba86eea80553d4?s=96&d=mm&r=g","caption":"Piet Andries"},"url":"https:\/\/newmobility.news\/fr\/author\/piet-andriesgmail-com\/"}]}},"jetpack_publicize_connections":[],"jetpack_featured_media_url":"https:\/\/i0.wp.com\/newmobility.news\/wp-content\/uploads\/2025\/06\/ampnet_photo_20230628_225141.jpg?fit=2508%2C1672&ssl=1","jetpack_shortlink":"https:\/\/wp.me\/p9wJdU-HQU","jetpack_sharing_enabled":true,"jetpack_likes_enabled":true,"jetpack-related-posts":[],"_links":{"self":[{"href":"https:\/\/newmobility.news\/fr\/wp-json\/wp\/v2\/posts\/168572","targetHints":{"allow":["GET"]}}],"collection":[{"href":"https:\/\/newmobility.news\/fr\/wp-json\/wp\/v2\/posts"}],"about":[{"href":"https:\/\/newmobility.news\/fr\/wp-json\/wp\/v2\/types\/post"}],"author":[{"embeddable":true,"href":"https:\/\/newmobility.news\/fr\/wp-json\/wp\/v2\/users\/715"}],"replies":[{"embeddable":true,"href":"https:\/\/newmobility.news\/fr\/wp-json\/wp\/v2\/comments?post=168572"}],"version-history":[{"count":0,"href":"https:\/\/newmobility.news\/fr\/wp-json\/wp\/v2\/posts\/168572\/revisions"}],"wp:featuredmedia":[{"embeddable":true,"href":"https:\/\/newmobility.news\/fr\/wp-json\/wp\/v2\/media\/168575"}],"wp:attachment":[{"href":"https:\/\/newmobility.news\/fr\/wp-json\/wp\/v2\/media?parent=168572"}],"wp:term":[{"taxonomy":"category","embeddable":true,"href":"https:\/\/newmobility.news\/fr\/wp-json\/wp\/v2\/categories?post=168572"},{"taxonomy":"post_tag","embeddable":true,"href":"https:\/\/newmobility.news\/fr\/wp-json\/wp\/v2\/tags?post=168572"}],"curies":[{"name":"wp","href":"https:\/\/api.w.org\/{rel}","templated":true}]}}