{"id":168759,"date":"2025-07-02T12:10:53","date_gmt":"2025-07-02T10:10:53","guid":{"rendered":"https:\/\/newmobility.news\/?p=168759"},"modified":"2025-07-04T11:43:02","modified_gmt":"2025-07-04T09:43:02","slug":"ayvens-first-leasing-giant-to-promote-extending-ev-lease-to-six-years","status":"publish","type":"post","link":"https:\/\/newmobility.news\/fr\/2025\/07\/02\/ayvens-first-leasing-giant-to-promote-extending-ev-lease-to-six-years\/","title":{"rendered":"Ayvens, premier g\u00e9ant du leasing, promeut l'extension de la dur\u00e9e des contrats de location de v\u00e9hicules \u00e9lectriques \u00e0 six ans"},"content":{"rendered":"La soci\u00e9t\u00e9 de leasing Ayvens, anciennement LeasePlan\/ALD Automotive, est l'une des premi\u00e8res grandes soci\u00e9t\u00e9s de leasing \u00e0 promouvoir activement l'extension de la dur\u00e9e des contrats de leasing de v\u00e9hicules \u00e9lectriques, qui passe de quatre \u00e0 six ans. \" La combinaison de la fiabilit\u00e9 technique et des co\u00fbts d'entretien limit\u00e9s rend l'extension des contrats de leasing<div class=\"leaky_paywall_message_wrap\"><div id=\"leaky_paywall_message\">Ce contenu a \u00e9t\u00e9 archiv\u00e9. <a href=\"https:\/\/newmobility.news\/fr\/subscription\/\">Connectez-vous ou inscrivez-vous<\/a> \u00e0 un niveau qui donne acc\u00e8s au contenu archiv\u00e9.<\/div><\/div>","protected":false},"excerpt":{"rendered":"<p>Leasing company Ayvens, formerly LeasePlan\/ALD Automotive, is one of the first major leasing companies to actively promote extending the typical EV leasing contract from four to six years. &#8220;The combination of technical reliability and limited maintenance costs makes an extension of leasing contraThis content has been archived. Log in or Subscribe to a level that [&hellip;]<\/p>\n","protected":false},"author":21,"featured_media":168760,"comment_status":"closed","ping_status":"closed","sticky":false,"template":"","format":"standard","meta":{"_acf_changed":false,"jetpack_post_was_ever_published":false,"_jetpack_newsletter_access":"","_jetpack_dont_email_post_to_subs":false,"_jetpack_newsletter_tier_id":0,"_jetpack_memberships_contains_paywalled_content":false,"_jetpack_memberships_contains_paid_content":false,"footnotes":"","jetpack_publicize_message":"","jetpack_publicize_feature_enabled":true,"jetpack_social_post_already_shared":true,"jetpack_social_options":{"image_generator_settings":{"template":"highway","default_image_id":0,"font":"","enabled":false},"version":2},"_wpas_customize_per_network":false},"categories":[77170,77158,77169,4,17],"tags":[],"class_list":["post-168759","post","type-post","status-publish","format-standard","has-post-thumbnail","hentry","category-belgium","category-leasing","category-market","category-top-stories-today","category-weekly-newsletter"],"acf":[],"featured_image_urls_v2":{"full":["https:\/\/i0.wp.com\/newmobility.news\/wp-content\/uploads\/2025\/07\/c-Ayvens.jpg?fit=1600%2C1067&ssl=1",1600,1067,false],"thumbnail":["https:\/\/i0.wp.com\/newmobility.news\/wp-content\/uploads\/2025\/07\/c-Ayvens.jpg?resize=150%2C150&ssl=1",150,150,true],"medium":["https:\/\/i0.wp.com\/newmobility.news\/wp-content\/uploads\/2025\/07\/c-Ayvens.jpg?fit=300%2C200&ssl=1",300,200,true],"medium_large":["https:\/\/i0.wp.com\/newmobility.news\/wp-content\/uploads\/2025\/07\/c-Ayvens.jpg?fit=640%2C427&ssl=1",640,427,true],"large":["https:\/\/i0.wp.com\/newmobility.news\/wp-content\/uploads\/2025\/07\/c-Ayvens.jpg?fit=640%2C427&ssl=1",640,427,true],"1536x1536":["https:\/\/i0.wp.com\/newmobility.news\/wp-content\/uploads\/2025\/07\/c-Ayvens.jpg?fit=1536%2C1024&ssl=1",1536,1024,true],"2048x2048":["https:\/\/i0.wp.com\/newmobility.news\/wp-content\/uploads\/2025\/07\/c-Ayvens.jpg?fit=1600%2C1067&ssl=1",1600,1067,true],"trp-custom-language-flag":["https:\/\/i0.wp.com\/newmobility.news\/wp-content\/uploads\/2025\/07\/c-Ayvens.jpg?fit=18%2C12&ssl=1",18,12,true],"related-thumb":["https:\/\/i0.wp.com\/newmobility.news\/wp-content\/uploads\/2025\/07\/c-Ayvens.jpg?resize=640%2C480&ssl=1",640,480,true],"gform-image-choice-sm":["https:\/\/i0.wp.com\/newmobility.news\/wp-content\/uploads\/2025\/07\/c-Ayvens.jpg?resize=300%2C300&ssl=1",300,300,true],"gform-image-choice-md":["https:\/\/i0.wp.com\/newmobility.news\/wp-content\/uploads\/2025\/07\/c-Ayvens.jpg?resize=400%2C400&ssl=1",400,400,true],"gform-image-choice-lg":["https:\/\/i0.wp.com\/newmobility.news\/wp-content\/uploads\/2025\/07\/c-Ayvens.jpg?resize=600%2C600&ssl=1",600,600,true],"mailchimp":["https:\/\/i0.wp.com\/newmobility.news\/wp-content\/uploads\/2025\/07\/c-Ayvens.jpg?fit=560%2C373&ssl=1",560,373,true],"unipress-phone":["https:\/\/i0.wp.com\/newmobility.news\/wp-content\/uploads\/2025\/07\/c-Ayvens.jpg?resize=640%2C100&ssl=1",640,100,true],"unipress-tablet":["https:\/\/i0.wp.com\/newmobility.news\/wp-content\/uploads\/2025\/07\/c-Ayvens.jpg?resize=1536%2C240&ssl=1",1536,240,true],"unipress-tablet-portrait":["https:\/\/i0.wp.com\/newmobility.news\/wp-content\/uploads\/2025\/07\/c-Ayvens.jpg?resize=1536%2C180&ssl=1",1536,180,true],"unipress-tablet-landscape":["https:\/\/i0.wp.com\/newmobility.news\/wp-content\/uploads\/2025\/07\/c-Ayvens.jpg?resize=1600%2C180&ssl=1",1600,180,true],"unipress-smartphone":["https:\/\/i0.wp.com\/newmobility.news\/wp-content\/uploads\/2025\/07\/c-Ayvens.jpg?resize=1080%2C168&ssl=1",1080,168,true],"unipress-wide-screen":["https:\/\/i0.wp.com\/newmobility.news\/wp-content\/uploads\/2025\/07\/c-Ayvens.jpg?resize=1600%2C180&ssl=1",1600,180,true]},"post_excerpt_stackable_v2":"<p>Leasing company Ayvens, formerly LeasePlan\/ALD Automotive, is one of the first major leasing companies to actively promote extending the typical EV leasing contract from four to six years. &#8220;The combination of technical reliability and limited maintenance costs makes an extension of leasing contraThis content has been archived. Log in or Subscribe to a level that has access to archived content.<\/p>\n","category_list_v2":"<a href=\"https:\/\/newmobility.news\/fr\/category\/belgium\/\" rel=\"category tag\">Belgium<\/a>, <a href=\"https:\/\/newmobility.news\/fr\/category\/leasing\/\" rel=\"category tag\">Leasing<\/a>, <a href=\"https:\/\/newmobility.news\/fr\/category\/market\/\" rel=\"category tag\">Market<\/a>, <a href=\"https:\/\/newmobility.news\/fr\/category\/top-stories-today\/\" rel=\"category tag\">Top Stories Today<\/a>, <a href=\"https:\/\/newmobility.news\/fr\/category\/weekly-newsletter\/\" rel=\"category tag\">Weekly Newsletter<\/a>","author_info_v2":{"name":"Joris Van Roy","url":"https:\/\/newmobility.news\/fr\/author\/jorisximcom-be\/"},"comments_num_v2":"0 comments","yoast_head":"<!-- This site is optimized with the Yoast SEO plugin v27.5 - https:\/\/yoast.com\/product\/yoast-seo-wordpress\/ -->\n<title>Ayvens first leasing giant to promote extending EV lease to six years - newmobility.news<\/title>\n<meta name=\"robots\" content=\"index, follow, max-snippet:-1, max-image-preview:large, max-video-preview:-1\" \/>\n<link rel=\"canonical\" href=\"https:\/\/newmobility.news\/fr\/2025\/07\/02\/ayvens-first-leasing-giant-to-promote-extending-ev-lease-to-six-years\/\" \/>\n<meta property=\"og:locale\" content=\"fr_FR\" \/>\n<meta property=\"og:type\" content=\"article\" \/>\n<meta property=\"og:title\" content=\"Ayvens first leasing giant to promote extending EV lease to six years - newmobility.news\" \/>\n<meta property=\"og:description\" content=\"Leasing company Ayvens, formerly LeasePlan\/ALD Automotive, is one of the first major leasing companies to actively promote extending the typical EV leasing contract from four to six years. &quot;The combination of technical reliability and limited maintenance costs makes an extension of leasing contraThis content has been archived. Log in or Subscribe to a level that [&hellip;]\" \/>\n<meta property=\"og:url\" content=\"https:\/\/newmobility.news\/fr\/2025\/07\/02\/ayvens-first-leasing-giant-to-promote-extending-ev-lease-to-six-years\/\" \/>\n<meta property=\"og:site_name\" content=\"newmobility.news\" \/>\n<meta property=\"article:publisher\" content=\"https:\/\/www.facebook.com\/search\/top\/?q=newmobility.news\" \/>\n<meta property=\"article:published_time\" content=\"2025-07-02T10:10:53+00:00\" \/>\n<meta property=\"article:modified_time\" content=\"2025-07-04T09:43:02+00:00\" \/>\n<meta property=\"og:image\" content=\"https:\/\/newmobility.news\/wp-content\/uploads\/2025\/07\/c-Ayvens.jpg\" \/>\n\t<meta property=\"og:image:width\" content=\"1600\" \/>\n\t<meta property=\"og:image:height\" content=\"1067\" \/>\n\t<meta property=\"og:image:type\" content=\"image\/jpeg\" \/>\n<meta name=\"author\" content=\"Joris Van Roy\" \/>\n<meta name=\"twitter:card\" content=\"summary_large_image\" \/>\n<meta name=\"twitter:creator\" content=\"@jorisvry\" \/>\n<meta name=\"twitter:site\" content=\"@jorisvry\" \/>\n<meta name=\"twitter:label1\" content=\"\u00c9crit par\" \/>\n\t<meta name=\"twitter:data1\" content=\"Joris Van Roy\" \/>\n\t<meta name=\"twitter:label2\" content=\"Dur\u00e9e de lecture est.\" \/>\n\t<meta name=\"twitter:data2\" content=\"3 minutes\" \/>\n<script type=\"application\/ld+json\" class=\"yoast-schema-graph\">{\"@context\":\"https:\\\/\\\/schema.org\",\"@graph\":[{\"@type\":\"Article\",\"@id\":\"https:\\\/\\\/newmobility.news\\\/2025\\\/07\\\/02\\\/ayvens-first-leasing-giant-to-promote-extending-ev-lease-to-six-years\\\/#article\",\"isPartOf\":{\"@id\":\"https:\\\/\\\/newmobility.news\\\/2025\\\/07\\\/02\\\/ayvens-first-leasing-giant-to-promote-extending-ev-lease-to-six-years\\\/\"},\"author\":{\"name\":\"Joris Van Roy\",\"@id\":\"https:\\\/\\\/newmobility.news\\\/#\\\/schema\\\/person\\\/c1ae99aef99238aa6a3d2e4fae62ca0d\"},\"headline\":\"Ayvens first leasing giant to promote extending EV lease to six years\",\"datePublished\":\"2025-07-02T10:10:53+00:00\",\"dateModified\":\"2025-07-04T09:43:02+00:00\",\"mainEntityOfPage\":{\"@id\":\"https:\\\/\\\/newmobility.news\\\/2025\\\/07\\\/02\\\/ayvens-first-leasing-giant-to-promote-extending-ev-lease-to-six-years\\\/\"},\"wordCount\":573,\"publisher\":{\"@id\":\"https:\\\/\\\/newmobility.news\\\/#organization\"},\"image\":{\"@id\":\"https:\\\/\\\/newmobility.news\\\/2025\\\/07\\\/02\\\/ayvens-first-leasing-giant-to-promote-extending-ev-lease-to-six-years\\\/#primaryimage\"},\"thumbnailUrl\":\"https:\\\/\\\/i0.wp.com\\\/newmobility.news\\\/wp-content\\\/uploads\\\/2025\\\/07\\\/c-Ayvens.jpg?fit=1600%2C1067&ssl=1\",\"articleSection\":[\"Belgium\",\"Leasing\",\"Market\",\"Top Stories Today\",\"Weekly Newsletter\"],\"inLanguage\":\"fr-BE\"},{\"@type\":\"WebPage\",\"@id\":\"https:\\\/\\\/newmobility.news\\\/2025\\\/07\\\/02\\\/ayvens-first-leasing-giant-to-promote-extending-ev-lease-to-six-years\\\/\",\"url\":\"https:\\\/\\\/newmobility.news\\\/2025\\\/07\\\/02\\\/ayvens-first-leasing-giant-to-promote-extending-ev-lease-to-six-years\\\/\",\"name\":\"Ayvens first leasing giant to promote extending EV lease to six years - newmobility.news\",\"isPartOf\":{\"@id\":\"https:\\\/\\\/newmobility.news\\\/#website\"},\"primaryImageOfPage\":{\"@id\":\"https:\\\/\\\/newmobility.news\\\/2025\\\/07\\\/02\\\/ayvens-first-leasing-giant-to-promote-extending-ev-lease-to-six-years\\\/#primaryimage\"},\"image\":{\"@id\":\"https:\\\/\\\/newmobility.news\\\/2025\\\/07\\\/02\\\/ayvens-first-leasing-giant-to-promote-extending-ev-lease-to-six-years\\\/#primaryimage\"},\"thumbnailUrl\":\"https:\\\/\\\/i0.wp.com\\\/newmobility.news\\\/wp-content\\\/uploads\\\/2025\\\/07\\\/c-Ayvens.jpg?fit=1600%2C1067&ssl=1\",\"datePublished\":\"2025-07-02T10:10:53+00:00\",\"dateModified\":\"2025-07-04T09:43:02+00:00\",\"breadcrumb\":{\"@id\":\"https:\\\/\\\/newmobility.news\\\/2025\\\/07\\\/02\\\/ayvens-first-leasing-giant-to-promote-extending-ev-lease-to-six-years\\\/#breadcrumb\"},\"inLanguage\":\"fr-BE\",\"potentialAction\":[{\"@type\":\"ReadAction\",\"target\":[\"https:\\\/\\\/newmobility.news\\\/2025\\\/07\\\/02\\\/ayvens-first-leasing-giant-to-promote-extending-ev-lease-to-six-years\\\/\"]}]},{\"@type\":\"ImageObject\",\"inLanguage\":\"fr-BE\",\"@id\":\"https:\\\/\\\/newmobility.news\\\/2025\\\/07\\\/02\\\/ayvens-first-leasing-giant-to-promote-extending-ev-lease-to-six-years\\\/#primaryimage\",\"url\":\"https:\\\/\\\/i0.wp.com\\\/newmobility.news\\\/wp-content\\\/uploads\\\/2025\\\/07\\\/c-Ayvens.jpg?fit=1600%2C1067&ssl=1\",\"contentUrl\":\"https:\\\/\\\/i0.wp.com\\\/newmobility.news\\\/wp-content\\\/uploads\\\/2025\\\/07\\\/c-Ayvens.jpg?fit=1600%2C1067&ssl=1\",\"width\":1600,\"height\":1067,\"caption\":\"Lease giant Ayvens is actively promoting extending a typical EV lease contract from four to six years to the benefit of the customers wallet? \\\/Ayvens\"},{\"@type\":\"BreadcrumbList\",\"@id\":\"https:\\\/\\\/newmobility.news\\\/2025\\\/07\\\/02\\\/ayvens-first-leasing-giant-to-promote-extending-ev-lease-to-six-years\\\/#breadcrumb\",\"itemListElement\":[{\"@type\":\"ListItem\",\"position\":1,\"name\":\"Home\",\"item\":\"https:\\\/\\\/newmobility.news\\\/\"},{\"@type\":\"ListItem\",\"position\":2,\"name\":\"Ayvens first leasing giant to promote extending EV lease to six years\"}]},{\"@type\":\"WebSite\",\"@id\":\"https:\\\/\\\/newmobility.news\\\/#website\",\"url\":\"https:\\\/\\\/newmobility.news\\\/\",\"name\":\"newmobility.news\",\"description\":\"A B2BNews Agency\u00ae news service for mobility business proessional\",\"publisher\":{\"@id\":\"https:\\\/\\\/newmobility.news\\\/#organization\"},\"potentialAction\":[{\"@type\":\"SearchAction\",\"target\":{\"@type\":\"EntryPoint\",\"urlTemplate\":\"https:\\\/\\\/newmobility.news\\\/?s={search_term_string}\"},\"query-input\":{\"@type\":\"PropertyValueSpecification\",\"valueRequired\":true,\"valueName\":\"search_term_string\"}}],\"inLanguage\":\"fr-BE\"},{\"@type\":\"Organization\",\"@id\":\"https:\\\/\\\/newmobility.news\\\/#organization\",\"name\":\"B2BNews Agency\",\"url\":\"https:\\\/\\\/newmobility.news\\\/\",\"logo\":{\"@type\":\"ImageObject\",\"inLanguage\":\"fr-BE\",\"@id\":\"https:\\\/\\\/newmobility.news\\\/#\\\/schema\\\/logo\\\/image\\\/\",\"url\":\"https:\\\/\\\/newmobility.news\\\/wp-content\\\/uploads\\\/2018\\\/01\\\/b2bnews-agency-logo.png\",\"contentUrl\":\"https:\\\/\\\/newmobility.news\\\/wp-content\\\/uploads\\\/2018\\\/01\\\/b2bnews-agency-logo.png\",\"width\":\"581\",\"height\":\"117\",\"caption\":\"B2BNews Agency\"},\"image\":{\"@id\":\"https:\\\/\\\/newmobility.news\\\/#\\\/schema\\\/logo\\\/image\\\/\"},\"sameAs\":[\"https:\\\/\\\/www.facebook.com\\\/search\\\/top\\\/?q=newmobility.news\",\"https:\\\/\\\/x.com\\\/jorisvry\",\"https:\\\/\\\/www.linkedin.com\\\/in\\\/jorisvanroy\\\/\",\"https:\\\/\\\/nl.pinterest.com\\\/jorisvanroy\\\/\"]},{\"@type\":\"Person\",\"@id\":\"https:\\\/\\\/newmobility.news\\\/#\\\/schema\\\/person\\\/c1ae99aef99238aa6a3d2e4fae62ca0d\",\"name\":\"Joris Van Roy\",\"image\":{\"@type\":\"ImageObject\",\"inLanguage\":\"fr-BE\",\"@id\":\"https:\\\/\\\/secure.gravatar.com\\\/avatar\\\/b82919546c1cd9980bd2bc08f09d294c7cb92b3addd23cb9a4377a7b88b4349b?s=96&d=mm&r=g\",\"url\":\"https:\\\/\\\/secure.gravatar.com\\\/avatar\\\/b82919546c1cd9980bd2bc08f09d294c7cb92b3addd23cb9a4377a7b88b4349b?s=96&d=mm&r=g\",\"contentUrl\":\"https:\\\/\\\/secure.gravatar.com\\\/avatar\\\/b82919546c1cd9980bd2bc08f09d294c7cb92b3addd23cb9a4377a7b88b4349b?s=96&d=mm&r=g\",\"caption\":\"Joris Van Roy\"},\"url\":\"https:\\\/\\\/newmobility.news\\\/fr\\\/author\\\/jorisximcom-be\\\/\"}]}<\/script>\n<!-- \/ Yoast SEO plugin. -->","yoast_head_json":{"title":"Ayvens, premier g\u00e9ant du leasing, promeut l'extension de la dur\u00e9e des contrats de location de v\u00e9hicules \u00e9lectriques \u00e0 six ans - newmobility.news","robots":{"index":"index","follow":"follow","max-snippet":"max-snippet:-1","max-image-preview":"max-image-preview:large","max-video-preview":"max-video-preview:-1"},"canonical":"https:\/\/newmobility.news\/fr\/2025\/07\/02\/ayvens-first-leasing-giant-to-promote-extending-ev-lease-to-six-years\/","og_locale":"fr_FR","og_type":"article","og_title":"Ayvens first leasing giant to promote extending EV lease to six years - newmobility.news","og_description":"Leasing company Ayvens, formerly LeasePlan\/ALD Automotive, is one of the first major leasing companies to actively promote extending the typical EV leasing contract from four to six years. \"The combination of technical reliability and limited maintenance costs makes an extension of leasing contraThis content has been archived. Log in or Subscribe to a level that [&hellip;]","og_url":"https:\/\/newmobility.news\/fr\/2025\/07\/02\/ayvens-first-leasing-giant-to-promote-extending-ev-lease-to-six-years\/","og_site_name":"newmobility.news","article_publisher":"https:\/\/www.facebook.com\/search\/top\/?q=newmobility.news","article_published_time":"2025-07-02T10:10:53+00:00","article_modified_time":"2025-07-04T09:43:02+00:00","og_image":[{"width":1600,"height":1067,"url":"https:\/\/newmobility.news\/wp-content\/uploads\/2025\/07\/c-Ayvens.jpg","type":"image\/jpeg"}],"author":"Joris Van Roy","twitter_card":"summary_large_image","twitter_creator":"@jorisvry","twitter_site":"@jorisvry","twitter_misc":{"\u00c9crit par":"Joris Van Roy","Dur\u00e9e de lecture est.":"3 minutes"},"schema":{"@context":"https:\/\/schema.org","@graph":[{"@type":"Article","@id":"https:\/\/newmobility.news\/2025\/07\/02\/ayvens-first-leasing-giant-to-promote-extending-ev-lease-to-six-years\/#article","isPartOf":{"@id":"https:\/\/newmobility.news\/2025\/07\/02\/ayvens-first-leasing-giant-to-promote-extending-ev-lease-to-six-years\/"},"author":{"name":"Joris Van Roy","@id":"https:\/\/newmobility.news\/#\/schema\/person\/c1ae99aef99238aa6a3d2e4fae62ca0d"},"headline":"Ayvens first leasing giant to promote extending EV lease to six years","datePublished":"2025-07-02T10:10:53+00:00","dateModified":"2025-07-04T09:43:02+00:00","mainEntityOfPage":{"@id":"https:\/\/newmobility.news\/2025\/07\/02\/ayvens-first-leasing-giant-to-promote-extending-ev-lease-to-six-years\/"},"wordCount":573,"publisher":{"@id":"https:\/\/newmobility.news\/#organization"},"image":{"@id":"https:\/\/newmobility.news\/2025\/07\/02\/ayvens-first-leasing-giant-to-promote-extending-ev-lease-to-six-years\/#primaryimage"},"thumbnailUrl":"https:\/\/i0.wp.com\/newmobility.news\/wp-content\/uploads\/2025\/07\/c-Ayvens.jpg?fit=1600%2C1067&ssl=1","articleSection":["Belgium","Leasing","Market","Top Stories Today","Weekly Newsletter"],"inLanguage":"fr-BE"},{"@type":"WebPage","@id":"https:\/\/newmobility.news\/2025\/07\/02\/ayvens-first-leasing-giant-to-promote-extending-ev-lease-to-six-years\/","url":"https:\/\/newmobility.news\/2025\/07\/02\/ayvens-first-leasing-giant-to-promote-extending-ev-lease-to-six-years\/","name":"Ayvens, premier g\u00e9ant du leasing, promeut l'extension de la dur\u00e9e des contrats de location de v\u00e9hicules \u00e9lectriques \u00e0 six ans - newmobility.news","isPartOf":{"@id":"https:\/\/newmobility.news\/#website"},"primaryImageOfPage":{"@id":"https:\/\/newmobility.news\/2025\/07\/02\/ayvens-first-leasing-giant-to-promote-extending-ev-lease-to-six-years\/#primaryimage"},"image":{"@id":"https:\/\/newmobility.news\/2025\/07\/02\/ayvens-first-leasing-giant-to-promote-extending-ev-lease-to-six-years\/#primaryimage"},"thumbnailUrl":"https:\/\/i0.wp.com\/newmobility.news\/wp-content\/uploads\/2025\/07\/c-Ayvens.jpg?fit=1600%2C1067&ssl=1","datePublished":"2025-07-02T10:10:53+00:00","dateModified":"2025-07-04T09:43:02+00:00","breadcrumb":{"@id":"https:\/\/newmobility.news\/2025\/07\/02\/ayvens-first-leasing-giant-to-promote-extending-ev-lease-to-six-years\/#breadcrumb"},"inLanguage":"fr-BE","potentialAction":[{"@type":"ReadAction","target":["https:\/\/newmobility.news\/2025\/07\/02\/ayvens-first-leasing-giant-to-promote-extending-ev-lease-to-six-years\/"]}]},{"@type":"ImageObject","inLanguage":"fr-BE","@id":"https:\/\/newmobility.news\/2025\/07\/02\/ayvens-first-leasing-giant-to-promote-extending-ev-lease-to-six-years\/#primaryimage","url":"https:\/\/i0.wp.com\/newmobility.news\/wp-content\/uploads\/2025\/07\/c-Ayvens.jpg?fit=1600%2C1067&ssl=1","contentUrl":"https:\/\/i0.wp.com\/newmobility.news\/wp-content\/uploads\/2025\/07\/c-Ayvens.jpg?fit=1600%2C1067&ssl=1","width":1600,"height":1067,"caption":"Lease giant Ayvens is actively promoting extending a typical EV lease contract from four to six years to the benefit of the customers wallet? \/Ayvens"},{"@type":"BreadcrumbList","@id":"https:\/\/newmobility.news\/2025\/07\/02\/ayvens-first-leasing-giant-to-promote-extending-ev-lease-to-six-years\/#breadcrumb","itemListElement":[{"@type":"ListItem","position":1,"name":"Home","item":"https:\/\/newmobility.news\/"},{"@type":"ListItem","position":2,"name":"Ayvens first leasing giant to promote extending EV lease to six years"}]},{"@type":"WebSite","@id":"https:\/\/newmobility.news\/#website","url":"https:\/\/newmobility.news\/","name":"nouveaumobilit\u00e9.actualit\u00e9s","description":"Un service d'information B2BNews Agency\u00ae destin\u00e9 aux professionnels de la mobilit\u00e9","publisher":{"@id":"https:\/\/newmobility.news\/#organization"},"potentialAction":[{"@type":"SearchAction","target":{"@type":"EntryPoint","urlTemplate":"https:\/\/newmobility.news\/?s={search_term_string}"},"query-input":{"@type":"PropertyValueSpecification","valueRequired":true,"valueName":"search_term_string"}}],"inLanguage":"fr-BE"},{"@type":"Organization","@id":"https:\/\/newmobility.news\/#organization","name":"Agence de presse B2BNews","url":"https:\/\/newmobility.news\/","logo":{"@type":"ImageObject","inLanguage":"fr-BE","@id":"https:\/\/newmobility.news\/#\/schema\/logo\/image\/","url":"https:\/\/newmobility.news\/wp-content\/uploads\/2018\/01\/b2bnews-agency-logo.png","contentUrl":"https:\/\/newmobility.news\/wp-content\/uploads\/2018\/01\/b2bnews-agency-logo.png","width":"581","height":"117","caption":"B2BNews Agency"},"image":{"@id":"https:\/\/newmobility.news\/#\/schema\/logo\/image\/"},"sameAs":["https:\/\/www.facebook.com\/search\/top\/?q=newmobility.news","https:\/\/x.com\/jorisvry","https:\/\/www.linkedin.com\/in\/jorisvanroy\/","https:\/\/nl.pinterest.com\/jorisvanroy\/"]},{"@type":"Person","@id":"https:\/\/newmobility.news\/#\/schema\/person\/c1ae99aef99238aa6a3d2e4fae62ca0d","name":"Joris Van Roy","image":{"@type":"ImageObject","inLanguage":"fr-BE","@id":"https:\/\/secure.gravatar.com\/avatar\/b82919546c1cd9980bd2bc08f09d294c7cb92b3addd23cb9a4377a7b88b4349b?s=96&d=mm&r=g","url":"https:\/\/secure.gravatar.com\/avatar\/b82919546c1cd9980bd2bc08f09d294c7cb92b3addd23cb9a4377a7b88b4349b?s=96&d=mm&r=g","contentUrl":"https:\/\/secure.gravatar.com\/avatar\/b82919546c1cd9980bd2bc08f09d294c7cb92b3addd23cb9a4377a7b88b4349b?s=96&d=mm&r=g","caption":"Joris Van Roy"},"url":"https:\/\/newmobility.news\/fr\/author\/jorisximcom-be\/"}]}},"jetpack_publicize_connections":[],"jetpack_featured_media_url":"https:\/\/i0.wp.com\/newmobility.news\/wp-content\/uploads\/2025\/07\/c-Ayvens.jpg?fit=1600%2C1067&ssl=1","jetpack_shortlink":"https:\/\/wp.me\/p9wJdU-HTV","jetpack_sharing_enabled":true,"jetpack_likes_enabled":true,"jetpack-related-posts":[],"_links":{"self":[{"href":"https:\/\/newmobility.news\/fr\/wp-json\/wp\/v2\/posts\/168759","targetHints":{"allow":["GET"]}}],"collection":[{"href":"https:\/\/newmobility.news\/fr\/wp-json\/wp\/v2\/posts"}],"about":[{"href":"https:\/\/newmobility.news\/fr\/wp-json\/wp\/v2\/types\/post"}],"author":[{"embeddable":true,"href":"https:\/\/newmobility.news\/fr\/wp-json\/wp\/v2\/users\/21"}],"replies":[{"embeddable":true,"href":"https:\/\/newmobility.news\/fr\/wp-json\/wp\/v2\/comments?post=168759"}],"version-history":[{"count":0,"href":"https:\/\/newmobility.news\/fr\/wp-json\/wp\/v2\/posts\/168759\/revisions"}],"wp:featuredmedia":[{"embeddable":true,"href":"https:\/\/newmobility.news\/fr\/wp-json\/wp\/v2\/media\/168760"}],"wp:attachment":[{"href":"https:\/\/newmobility.news\/fr\/wp-json\/wp\/v2\/media?parent=168759"}],"wp:term":[{"taxonomy":"category","embeddable":true,"href":"https:\/\/newmobility.news\/fr\/wp-json\/wp\/v2\/categories?post=168759"},{"taxonomy":"post_tag","embeddable":true,"href":"https:\/\/newmobility.news\/fr\/wp-json\/wp\/v2\/tags?post=168759"}],"curies":[{"name":"wp","href":"https:\/\/api.w.org\/{rel}","templated":true}]}}