{"id":168796,"date":"2025-07-03T11:38:06","date_gmt":"2025-07-03T09:38:06","guid":{"rendered":"https:\/\/newmobility.news\/?p=168796"},"modified":"2025-07-04T11:42:32","modified_gmt":"2025-07-04T09:42:32","slug":"traxio-strong-first-semester-for-used-cars-with-61-4-of-registrations","status":"publish","type":"post","link":"https:\/\/newmobility.news\/fr\/2025\/07\/03\/traxio-strong-first-semester-for-used-cars-with-61-4-of-registrations\/","title":{"rendered":"Traxio : \u2018 Un premier semestre solide pour les voitures d'occasion, avec 61,41 TP3T d'immatriculations \u2019"},"content":{"rendered":"Selon Filip Rylant, porte-parole de la f\u00e9d\u00e9ration de la mobilit\u00e9 Traxio, le march\u00e9 des voitures d'occasion a enregistr\u00e9 de bons r\u00e9sultats au cours des six premiers mois de l'ann\u00e9e, avec 373 810 immatriculations de voitures d'occasion, soit une augmentation de 7,11 % par rapport \u00e0 la m\u00eame p\u00e9riode l'ann\u00e9e derni\u00e8re. Le march\u00e9 de l'occasion a enregistr\u00e9 de bons r\u00e9sultats<div class=\"leaky_paywall_message_wrap\"><div id=\"leaky_paywall_message\">Ce contenu a \u00e9t\u00e9 archiv\u00e9. <a href=\"https:\/\/newmobility.news\/fr\/subscription\/\">Connectez-vous ou inscrivez-vous<\/a> \u00e0 un niveau qui donne acc\u00e8s au contenu archiv\u00e9.<\/div><\/div>","protected":false},"excerpt":{"rendered":"<p>According to Filip Rylant, spokesperson for the mobility federation Traxio, the second-hand car market performed well in the first six months of the year, with 373,810 used car registrations, representing a 7.1% increase compared to the same period last year. The second-hand market performed stroThis content has been archived. Log in or Subscribe to a [&hellip;]<\/p>\n","protected":false},"author":175,"featured_media":168819,"comment_status":"closed","ping_status":"closed","sticky":false,"template":"","format":"standard","meta":{"_acf_changed":false,"jetpack_post_was_ever_published":false,"_jetpack_newsletter_access":"","_jetpack_dont_email_post_to_subs":false,"_jetpack_newsletter_tier_id":0,"_jetpack_memberships_contains_paywalled_content":false,"_jetpack_memberships_contains_paid_content":false,"footnotes":"","jetpack_publicize_message":"","jetpack_publicize_feature_enabled":true,"jetpack_social_post_already_shared":true,"jetpack_social_options":{"image_generator_settings":{"template":"highway","default_image_id":0,"font":"","enabled":false},"version":2},"_wpas_customize_per_network":false},"categories":[77169,4,17],"tags":[],"class_list":["post-168796","post","type-post","status-publish","format-standard","has-post-thumbnail","hentry","category-market","category-top-stories-today","category-weekly-newsletter"],"acf":[],"featured_image_urls_v2":{"full":["https:\/\/i0.wp.com\/newmobility.news\/wp-content\/uploads\/2025\/07\/Traxio.jpg?fit=1360%2C686&ssl=1",1360,686,false],"thumbnail":["https:\/\/i0.wp.com\/newmobility.news\/wp-content\/uploads\/2025\/07\/Traxio.jpg?resize=150%2C150&ssl=1",150,150,true],"medium":["https:\/\/i0.wp.com\/newmobility.news\/wp-content\/uploads\/2025\/07\/Traxio.jpg?fit=300%2C151&ssl=1",300,151,true],"medium_large":["https:\/\/i0.wp.com\/newmobility.news\/wp-content\/uploads\/2025\/07\/Traxio.jpg?fit=640%2C323&ssl=1",640,323,true],"large":["https:\/\/i0.wp.com\/newmobility.news\/wp-content\/uploads\/2025\/07\/Traxio.jpg?fit=640%2C323&ssl=1",640,323,true],"1536x1536":["https:\/\/i0.wp.com\/newmobility.news\/wp-content\/uploads\/2025\/07\/Traxio.jpg?fit=1360%2C686&ssl=1",1360,686,true],"2048x2048":["https:\/\/i0.wp.com\/newmobility.news\/wp-content\/uploads\/2025\/07\/Traxio.jpg?fit=1360%2C686&ssl=1",1360,686,true],"trp-custom-language-flag":["https:\/\/i0.wp.com\/newmobility.news\/wp-content\/uploads\/2025\/07\/Traxio.jpg?fit=18%2C9&ssl=1",18,9,true],"related-thumb":["https:\/\/i0.wp.com\/newmobility.news\/wp-content\/uploads\/2025\/07\/Traxio.jpg?resize=640%2C480&ssl=1",640,480,true],"gform-image-choice-sm":["https:\/\/i0.wp.com\/newmobility.news\/wp-content\/uploads\/2025\/07\/Traxio.jpg?resize=300%2C300&ssl=1",300,300,true],"gform-image-choice-md":["https:\/\/i0.wp.com\/newmobility.news\/wp-content\/uploads\/2025\/07\/Traxio.jpg?resize=400%2C400&ssl=1",400,400,true],"gform-image-choice-lg":["https:\/\/i0.wp.com\/newmobility.news\/wp-content\/uploads\/2025\/07\/Traxio.jpg?resize=600%2C600&ssl=1",600,600,true],"mailchimp":["https:\/\/i0.wp.com\/newmobility.news\/wp-content\/uploads\/2025\/07\/Traxio.jpg?fit=560%2C282&ssl=1",560,282,true],"unipress-phone":["https:\/\/i0.wp.com\/newmobility.news\/wp-content\/uploads\/2025\/07\/Traxio.jpg?resize=640%2C100&ssl=1",640,100,true],"unipress-tablet":["https:\/\/i0.wp.com\/newmobility.news\/wp-content\/uploads\/2025\/07\/Traxio.jpg?resize=1360%2C240&ssl=1",1360,240,true],"unipress-tablet-portrait":["https:\/\/i0.wp.com\/newmobility.news\/wp-content\/uploads\/2025\/07\/Traxio.jpg?resize=1360%2C180&ssl=1",1360,180,true],"unipress-tablet-landscape":["https:\/\/i0.wp.com\/newmobility.news\/wp-content\/uploads\/2025\/07\/Traxio.jpg?resize=1360%2C180&ssl=1",1360,180,true],"unipress-smartphone":["https:\/\/i0.wp.com\/newmobility.news\/wp-content\/uploads\/2025\/07\/Traxio.jpg?resize=1080%2C168&ssl=1",1080,168,true],"unipress-wide-screen":["https:\/\/i0.wp.com\/newmobility.news\/wp-content\/uploads\/2025\/07\/Traxio.jpg?resize=1360%2C180&ssl=1",1360,180,true]},"post_excerpt_stackable_v2":"<p>According to Filip Rylant, spokesperson for the mobility federation Traxio, the second-hand car market performed well in the first six months of the year, with 373,810 used car registrations, representing a 7.1% increase compared to the same period last year. The second-hand market performed stroThis content has been archived. Log in or Subscribe to a level that has access to archived content.<\/p>\n","category_list_v2":"<a href=\"https:\/\/newmobility.news\/fr\/category\/market\/\" rel=\"category tag\">Market<\/a>, <a href=\"https:\/\/newmobility.news\/fr\/category\/top-stories-today\/\" rel=\"category tag\">Top Stories Today<\/a>, <a href=\"https:\/\/newmobility.news\/fr\/category\/weekly-newsletter\/\" rel=\"category tag\">Weekly Newsletter<\/a>","author_info_v2":{"name":"Hilde Van Raemdonck","url":"https:\/\/newmobility.news\/fr\/author\/hilde-van-raemdonck\/"},"comments_num_v2":"0 comments","yoast_head":"<!-- This site is optimized with the Yoast SEO plugin v27.5 - https:\/\/yoast.com\/product\/yoast-seo-wordpress\/ -->\n<title>Traxio: &#039;Strong first semester for used cars, with 61.4% of registrations&#039; - newmobility.news<\/title>\n<meta name=\"robots\" content=\"index, follow, max-snippet:-1, max-image-preview:large, max-video-preview:-1\" \/>\n<link rel=\"canonical\" href=\"https:\/\/newmobility.news\/fr\/2025\/07\/03\/traxio-strong-first-semester-for-used-cars-with-61-4-of-registrations\/\" \/>\n<meta property=\"og:locale\" content=\"fr_FR\" \/>\n<meta property=\"og:type\" content=\"article\" \/>\n<meta property=\"og:title\" content=\"Traxio: &#039;Strong first semester for used cars, with 61.4% of registrations&#039; - newmobility.news\" \/>\n<meta property=\"og:description\" content=\"According to Filip Rylant, spokesperson for the mobility federation Traxio, the second-hand car market performed well in the first six months of the year, with 373,810 used car registrations, representing a 7.1% increase compared to the same period last year. The second-hand market performed stroThis content has been archived. Log in or Subscribe to a [&hellip;]\" \/>\n<meta property=\"og:url\" content=\"https:\/\/newmobility.news\/fr\/2025\/07\/03\/traxio-strong-first-semester-for-used-cars-with-61-4-of-registrations\/\" \/>\n<meta property=\"og:site_name\" content=\"newmobility.news\" \/>\n<meta property=\"article:publisher\" content=\"https:\/\/www.facebook.com\/search\/top\/?q=newmobility.news\" \/>\n<meta property=\"article:published_time\" content=\"2025-07-03T09:38:06+00:00\" \/>\n<meta property=\"article:modified_time\" content=\"2025-07-04T09:42:32+00:00\" \/>\n<meta property=\"og:image\" content=\"https:\/\/newmobility.news\/wp-content\/uploads\/2025\/07\/Traxio.jpg\" \/>\n\t<meta property=\"og:image:width\" content=\"1360\" \/>\n\t<meta property=\"og:image:height\" content=\"686\" \/>\n\t<meta property=\"og:image:type\" content=\"image\/jpeg\" \/>\n<meta name=\"author\" content=\"Hilde Van Raemdonck\" \/>\n<meta name=\"twitter:card\" content=\"summary_large_image\" \/>\n<meta name=\"twitter:creator\" content=\"@jorisvry\" \/>\n<meta name=\"twitter:site\" content=\"@jorisvry\" \/>\n<meta name=\"twitter:label1\" content=\"\u00c9crit par\" \/>\n\t<meta name=\"twitter:data1\" content=\"Hilde Van Raemdonck\" \/>\n\t<meta name=\"twitter:label2\" content=\"Dur\u00e9e de lecture est.\" \/>\n\t<meta name=\"twitter:data2\" content=\"3 minutes\" \/>\n<script type=\"application\/ld+json\" class=\"yoast-schema-graph\">{\"@context\":\"https:\\\/\\\/schema.org\",\"@graph\":[{\"@type\":\"Article\",\"@id\":\"https:\\\/\\\/newmobility.news\\\/2025\\\/07\\\/03\\\/traxio-strong-first-semester-for-used-cars-with-61-4-of-registrations\\\/#article\",\"isPartOf\":{\"@id\":\"https:\\\/\\\/newmobility.news\\\/2025\\\/07\\\/03\\\/traxio-strong-first-semester-for-used-cars-with-61-4-of-registrations\\\/\"},\"author\":{\"name\":\"Hilde Van Raemdonck\",\"@id\":\"https:\\\/\\\/newmobility.news\\\/#\\\/schema\\\/person\\\/e57c278780b041b8d42f2ce28dd9ec82\"},\"headline\":\"Traxio: &#8216;Strong first semester for used cars, with 61.4% of registrations&#8217;\",\"datePublished\":\"2025-07-03T09:38:06+00:00\",\"dateModified\":\"2025-07-04T09:42:32+00:00\",\"mainEntityOfPage\":{\"@id\":\"https:\\\/\\\/newmobility.news\\\/2025\\\/07\\\/03\\\/traxio-strong-first-semester-for-used-cars-with-61-4-of-registrations\\\/\"},\"wordCount\":484,\"publisher\":{\"@id\":\"https:\\\/\\\/newmobility.news\\\/#organization\"},\"image\":{\"@id\":\"https:\\\/\\\/newmobility.news\\\/2025\\\/07\\\/03\\\/traxio-strong-first-semester-for-used-cars-with-61-4-of-registrations\\\/#primaryimage\"},\"thumbnailUrl\":\"https:\\\/\\\/i0.wp.com\\\/newmobility.news\\\/wp-content\\\/uploads\\\/2025\\\/07\\\/Traxio.jpg?fit=1360%2C686&ssl=1\",\"articleSection\":[\"Market\",\"Top Stories Today\",\"Weekly Newsletter\"],\"inLanguage\":\"fr-BE\"},{\"@type\":\"WebPage\",\"@id\":\"https:\\\/\\\/newmobility.news\\\/2025\\\/07\\\/03\\\/traxio-strong-first-semester-for-used-cars-with-61-4-of-registrations\\\/\",\"url\":\"https:\\\/\\\/newmobility.news\\\/2025\\\/07\\\/03\\\/traxio-strong-first-semester-for-used-cars-with-61-4-of-registrations\\\/\",\"name\":\"Traxio: 'Strong first semester for used cars, with 61.4% of registrations' - newmobility.news\",\"isPartOf\":{\"@id\":\"https:\\\/\\\/newmobility.news\\\/#website\"},\"primaryImageOfPage\":{\"@id\":\"https:\\\/\\\/newmobility.news\\\/2025\\\/07\\\/03\\\/traxio-strong-first-semester-for-used-cars-with-61-4-of-registrations\\\/#primaryimage\"},\"image\":{\"@id\":\"https:\\\/\\\/newmobility.news\\\/2025\\\/07\\\/03\\\/traxio-strong-first-semester-for-used-cars-with-61-4-of-registrations\\\/#primaryimage\"},\"thumbnailUrl\":\"https:\\\/\\\/i0.wp.com\\\/newmobility.news\\\/wp-content\\\/uploads\\\/2025\\\/07\\\/Traxio.jpg?fit=1360%2C686&ssl=1\",\"datePublished\":\"2025-07-03T09:38:06+00:00\",\"dateModified\":\"2025-07-04T09:42:32+00:00\",\"breadcrumb\":{\"@id\":\"https:\\\/\\\/newmobility.news\\\/2025\\\/07\\\/03\\\/traxio-strong-first-semester-for-used-cars-with-61-4-of-registrations\\\/#breadcrumb\"},\"inLanguage\":\"fr-BE\",\"potentialAction\":[{\"@type\":\"ReadAction\",\"target\":[\"https:\\\/\\\/newmobility.news\\\/2025\\\/07\\\/03\\\/traxio-strong-first-semester-for-used-cars-with-61-4-of-registrations\\\/\"]}]},{\"@type\":\"ImageObject\",\"inLanguage\":\"fr-BE\",\"@id\":\"https:\\\/\\\/newmobility.news\\\/2025\\\/07\\\/03\\\/traxio-strong-first-semester-for-used-cars-with-61-4-of-registrations\\\/#primaryimage\",\"url\":\"https:\\\/\\\/i0.wp.com\\\/newmobility.news\\\/wp-content\\\/uploads\\\/2025\\\/07\\\/Traxio.jpg?fit=1360%2C686&ssl=1\",\"contentUrl\":\"https:\\\/\\\/i0.wp.com\\\/newmobility.news\\\/wp-content\\\/uploads\\\/2025\\\/07\\\/Traxio.jpg?fit=1360%2C686&ssl=1\",\"width\":1360,\"height\":686,\"caption\":\"In June 2025, 65,296 second-hand cars were registered in Belgium. That is 3,110 more (+5.0%) than in June 2024 (62,186) and 5,342 fewer than in June 2023 (-3.3%) \\\/traxio.be\"},{\"@type\":\"BreadcrumbList\",\"@id\":\"https:\\\/\\\/newmobility.news\\\/2025\\\/07\\\/03\\\/traxio-strong-first-semester-for-used-cars-with-61-4-of-registrations\\\/#breadcrumb\",\"itemListElement\":[{\"@type\":\"ListItem\",\"position\":1,\"name\":\"Home\",\"item\":\"https:\\\/\\\/newmobility.news\\\/\"},{\"@type\":\"ListItem\",\"position\":2,\"name\":\"Traxio: &#8216;Strong first semester for used cars, with 61.4% of registrations&#8217;\"}]},{\"@type\":\"WebSite\",\"@id\":\"https:\\\/\\\/newmobility.news\\\/#website\",\"url\":\"https:\\\/\\\/newmobility.news\\\/\",\"name\":\"newmobility.news\",\"description\":\"A B2BNews Agency\u00ae news service for mobility business proessional\",\"publisher\":{\"@id\":\"https:\\\/\\\/newmobility.news\\\/#organization\"},\"potentialAction\":[{\"@type\":\"SearchAction\",\"target\":{\"@type\":\"EntryPoint\",\"urlTemplate\":\"https:\\\/\\\/newmobility.news\\\/?s={search_term_string}\"},\"query-input\":{\"@type\":\"PropertyValueSpecification\",\"valueRequired\":true,\"valueName\":\"search_term_string\"}}],\"inLanguage\":\"fr-BE\"},{\"@type\":\"Organization\",\"@id\":\"https:\\\/\\\/newmobility.news\\\/#organization\",\"name\":\"B2BNews Agency\",\"url\":\"https:\\\/\\\/newmobility.news\\\/\",\"logo\":{\"@type\":\"ImageObject\",\"inLanguage\":\"fr-BE\",\"@id\":\"https:\\\/\\\/newmobility.news\\\/#\\\/schema\\\/logo\\\/image\\\/\",\"url\":\"https:\\\/\\\/newmobility.news\\\/wp-content\\\/uploads\\\/2018\\\/01\\\/b2bnews-agency-logo.png\",\"contentUrl\":\"https:\\\/\\\/newmobility.news\\\/wp-content\\\/uploads\\\/2018\\\/01\\\/b2bnews-agency-logo.png\",\"width\":\"581\",\"height\":\"117\",\"caption\":\"B2BNews Agency\"},\"image\":{\"@id\":\"https:\\\/\\\/newmobility.news\\\/#\\\/schema\\\/logo\\\/image\\\/\"},\"sameAs\":[\"https:\\\/\\\/www.facebook.com\\\/search\\\/top\\\/?q=newmobility.news\",\"https:\\\/\\\/x.com\\\/jorisvry\",\"https:\\\/\\\/www.linkedin.com\\\/in\\\/jorisvanroy\\\/\",\"https:\\\/\\\/nl.pinterest.com\\\/jorisvanroy\\\/\"]},{\"@type\":\"Person\",\"@id\":\"https:\\\/\\\/newmobility.news\\\/#\\\/schema\\\/person\\\/e57c278780b041b8d42f2ce28dd9ec82\",\"name\":\"Hilde Van Raemdonck\",\"image\":{\"@type\":\"ImageObject\",\"inLanguage\":\"fr-BE\",\"@id\":\"https:\\\/\\\/secure.gravatar.com\\\/avatar\\\/df873a81c6773757375a21da8c2465de0552095dede94d299763768ab1b36cef?s=96&d=mm&r=g\",\"url\":\"https:\\\/\\\/secure.gravatar.com\\\/avatar\\\/df873a81c6773757375a21da8c2465de0552095dede94d299763768ab1b36cef?s=96&d=mm&r=g\",\"contentUrl\":\"https:\\\/\\\/secure.gravatar.com\\\/avatar\\\/df873a81c6773757375a21da8c2465de0552095dede94d299763768ab1b36cef?s=96&d=mm&r=g\",\"caption\":\"Hilde Van Raemdonck\"},\"url\":\"https:\\\/\\\/newmobility.news\\\/fr\\\/author\\\/hilde-van-raemdonck\\\/\"}]}<\/script>\n<!-- \/ Yoast SEO plugin. -->","yoast_head_json":{"title":"Traxio : ' Un premier semestre solide pour les voitures d'occasion, avec 61,41 TP3T d'immatriculations ' - newmobility.news","robots":{"index":"index","follow":"follow","max-snippet":"max-snippet:-1","max-image-preview":"max-image-preview:large","max-video-preview":"max-video-preview:-1"},"canonical":"https:\/\/newmobility.news\/fr\/2025\/07\/03\/traxio-strong-first-semester-for-used-cars-with-61-4-of-registrations\/","og_locale":"fr_FR","og_type":"article","og_title":"Traxio: 'Strong first semester for used cars, with 61.4% of registrations' - newmobility.news","og_description":"According to Filip Rylant, spokesperson for the mobility federation Traxio, the second-hand car market performed well in the first six months of the year, with 373,810 used car registrations, representing a 7.1% increase compared to the same period last year. The second-hand market performed stroThis content has been archived. Log in or Subscribe to a [&hellip;]","og_url":"https:\/\/newmobility.news\/fr\/2025\/07\/03\/traxio-strong-first-semester-for-used-cars-with-61-4-of-registrations\/","og_site_name":"newmobility.news","article_publisher":"https:\/\/www.facebook.com\/search\/top\/?q=newmobility.news","article_published_time":"2025-07-03T09:38:06+00:00","article_modified_time":"2025-07-04T09:42:32+00:00","og_image":[{"width":1360,"height":686,"url":"https:\/\/newmobility.news\/wp-content\/uploads\/2025\/07\/Traxio.jpg","type":"image\/jpeg"}],"author":"Hilde Van Raemdonck","twitter_card":"summary_large_image","twitter_creator":"@jorisvry","twitter_site":"@jorisvry","twitter_misc":{"\u00c9crit par":"Hilde Van Raemdonck","Dur\u00e9e de lecture est.":"3 minutes"},"schema":{"@context":"https:\/\/schema.org","@graph":[{"@type":"Article","@id":"https:\/\/newmobility.news\/2025\/07\/03\/traxio-strong-first-semester-for-used-cars-with-61-4-of-registrations\/#article","isPartOf":{"@id":"https:\/\/newmobility.news\/2025\/07\/03\/traxio-strong-first-semester-for-used-cars-with-61-4-of-registrations\/"},"author":{"name":"Hilde Van Raemdonck","@id":"https:\/\/newmobility.news\/#\/schema\/person\/e57c278780b041b8d42f2ce28dd9ec82"},"headline":"Traxio: &#8216;Strong first semester for used cars, with 61.4% of registrations&#8217;","datePublished":"2025-07-03T09:38:06+00:00","dateModified":"2025-07-04T09:42:32+00:00","mainEntityOfPage":{"@id":"https:\/\/newmobility.news\/2025\/07\/03\/traxio-strong-first-semester-for-used-cars-with-61-4-of-registrations\/"},"wordCount":484,"publisher":{"@id":"https:\/\/newmobility.news\/#organization"},"image":{"@id":"https:\/\/newmobility.news\/2025\/07\/03\/traxio-strong-first-semester-for-used-cars-with-61-4-of-registrations\/#primaryimage"},"thumbnailUrl":"https:\/\/i0.wp.com\/newmobility.news\/wp-content\/uploads\/2025\/07\/Traxio.jpg?fit=1360%2C686&ssl=1","articleSection":["Market","Top Stories Today","Weekly Newsletter"],"inLanguage":"fr-BE"},{"@type":"WebPage","@id":"https:\/\/newmobility.news\/2025\/07\/03\/traxio-strong-first-semester-for-used-cars-with-61-4-of-registrations\/","url":"https:\/\/newmobility.news\/2025\/07\/03\/traxio-strong-first-semester-for-used-cars-with-61-4-of-registrations\/","name":"Traxio : ' Un premier semestre solide pour les voitures d'occasion, avec 61,41 TP3T d'immatriculations ' - newmobility.news","isPartOf":{"@id":"https:\/\/newmobility.news\/#website"},"primaryImageOfPage":{"@id":"https:\/\/newmobility.news\/2025\/07\/03\/traxio-strong-first-semester-for-used-cars-with-61-4-of-registrations\/#primaryimage"},"image":{"@id":"https:\/\/newmobility.news\/2025\/07\/03\/traxio-strong-first-semester-for-used-cars-with-61-4-of-registrations\/#primaryimage"},"thumbnailUrl":"https:\/\/i0.wp.com\/newmobility.news\/wp-content\/uploads\/2025\/07\/Traxio.jpg?fit=1360%2C686&ssl=1","datePublished":"2025-07-03T09:38:06+00:00","dateModified":"2025-07-04T09:42:32+00:00","breadcrumb":{"@id":"https:\/\/newmobility.news\/2025\/07\/03\/traxio-strong-first-semester-for-used-cars-with-61-4-of-registrations\/#breadcrumb"},"inLanguage":"fr-BE","potentialAction":[{"@type":"ReadAction","target":["https:\/\/newmobility.news\/2025\/07\/03\/traxio-strong-first-semester-for-used-cars-with-61-4-of-registrations\/"]}]},{"@type":"ImageObject","inLanguage":"fr-BE","@id":"https:\/\/newmobility.news\/2025\/07\/03\/traxio-strong-first-semester-for-used-cars-with-61-4-of-registrations\/#primaryimage","url":"https:\/\/i0.wp.com\/newmobility.news\/wp-content\/uploads\/2025\/07\/Traxio.jpg?fit=1360%2C686&ssl=1","contentUrl":"https:\/\/i0.wp.com\/newmobility.news\/wp-content\/uploads\/2025\/07\/Traxio.jpg?fit=1360%2C686&ssl=1","width":1360,"height":686,"caption":"In June 2025, 65,296 second-hand cars were registered in Belgium. That is 3,110 more (+5.0%) than in June 2024 (62,186) and 5,342 fewer than in June 2023 (-3.3%) \/traxio.be"},{"@type":"BreadcrumbList","@id":"https:\/\/newmobility.news\/2025\/07\/03\/traxio-strong-first-semester-for-used-cars-with-61-4-of-registrations\/#breadcrumb","itemListElement":[{"@type":"ListItem","position":1,"name":"Home","item":"https:\/\/newmobility.news\/"},{"@type":"ListItem","position":2,"name":"Traxio: &#8216;Strong first semester for used cars, with 61.4% of registrations&#8217;"}]},{"@type":"WebSite","@id":"https:\/\/newmobility.news\/#website","url":"https:\/\/newmobility.news\/","name":"nouveaumobilit\u00e9.actualit\u00e9s","description":"Un service d'information B2BNews Agency\u00ae destin\u00e9 aux professionnels de la mobilit\u00e9","publisher":{"@id":"https:\/\/newmobility.news\/#organization"},"potentialAction":[{"@type":"SearchAction","target":{"@type":"EntryPoint","urlTemplate":"https:\/\/newmobility.news\/?s={search_term_string}"},"query-input":{"@type":"PropertyValueSpecification","valueRequired":true,"valueName":"search_term_string"}}],"inLanguage":"fr-BE"},{"@type":"Organization","@id":"https:\/\/newmobility.news\/#organization","name":"Agence de presse B2BNews","url":"https:\/\/newmobility.news\/","logo":{"@type":"ImageObject","inLanguage":"fr-BE","@id":"https:\/\/newmobility.news\/#\/schema\/logo\/image\/","url":"https:\/\/newmobility.news\/wp-content\/uploads\/2018\/01\/b2bnews-agency-logo.png","contentUrl":"https:\/\/newmobility.news\/wp-content\/uploads\/2018\/01\/b2bnews-agency-logo.png","width":"581","height":"117","caption":"B2BNews Agency"},"image":{"@id":"https:\/\/newmobility.news\/#\/schema\/logo\/image\/"},"sameAs":["https:\/\/www.facebook.com\/search\/top\/?q=newmobility.news","https:\/\/x.com\/jorisvry","https:\/\/www.linkedin.com\/in\/jorisvanroy\/","https:\/\/nl.pinterest.com\/jorisvanroy\/"]},{"@type":"Person","@id":"https:\/\/newmobility.news\/#\/schema\/person\/e57c278780b041b8d42f2ce28dd9ec82","name":"Hilde Van Raemdonck","image":{"@type":"ImageObject","inLanguage":"fr-BE","@id":"https:\/\/secure.gravatar.com\/avatar\/df873a81c6773757375a21da8c2465de0552095dede94d299763768ab1b36cef?s=96&d=mm&r=g","url":"https:\/\/secure.gravatar.com\/avatar\/df873a81c6773757375a21da8c2465de0552095dede94d299763768ab1b36cef?s=96&d=mm&r=g","contentUrl":"https:\/\/secure.gravatar.com\/avatar\/df873a81c6773757375a21da8c2465de0552095dede94d299763768ab1b36cef?s=96&d=mm&r=g","caption":"Hilde Van Raemdonck"},"url":"https:\/\/newmobility.news\/fr\/author\/hilde-van-raemdonck\/"}]}},"jetpack_publicize_connections":[],"jetpack_featured_media_url":"https:\/\/i0.wp.com\/newmobility.news\/wp-content\/uploads\/2025\/07\/Traxio.jpg?fit=1360%2C686&ssl=1","jetpack_shortlink":"https:\/\/wp.me\/p9wJdU-HUw","jetpack_sharing_enabled":true,"jetpack_likes_enabled":true,"jetpack-related-posts":[],"_links":{"self":[{"href":"https:\/\/newmobility.news\/fr\/wp-json\/wp\/v2\/posts\/168796","targetHints":{"allow":["GET"]}}],"collection":[{"href":"https:\/\/newmobility.news\/fr\/wp-json\/wp\/v2\/posts"}],"about":[{"href":"https:\/\/newmobility.news\/fr\/wp-json\/wp\/v2\/types\/post"}],"author":[{"embeddable":true,"href":"https:\/\/newmobility.news\/fr\/wp-json\/wp\/v2\/users\/175"}],"replies":[{"embeddable":true,"href":"https:\/\/newmobility.news\/fr\/wp-json\/wp\/v2\/comments?post=168796"}],"version-history":[{"count":0,"href":"https:\/\/newmobility.news\/fr\/wp-json\/wp\/v2\/posts\/168796\/revisions"}],"wp:featuredmedia":[{"embeddable":true,"href":"https:\/\/newmobility.news\/fr\/wp-json\/wp\/v2\/media\/168819"}],"wp:attachment":[{"href":"https:\/\/newmobility.news\/fr\/wp-json\/wp\/v2\/media?parent=168796"}],"wp:term":[{"taxonomy":"category","embeddable":true,"href":"https:\/\/newmobility.news\/fr\/wp-json\/wp\/v2\/categories?post=168796"},{"taxonomy":"post_tag","embeddable":true,"href":"https:\/\/newmobility.news\/fr\/wp-json\/wp\/v2\/tags?post=168796"}],"curies":[{"name":"wp","href":"https:\/\/api.w.org\/{rel}","templated":true}]}}