{"id":168797,"date":"2025-07-03T11:36:31","date_gmt":"2025-07-03T09:36:31","guid":{"rendered":"https:\/\/newmobility.news\/?p=168797"},"modified":"2025-07-04T11:42:39","modified_gmt":"2025-07-04T09:42:39","slug":"bnef-expects-22-million-passenger-ev-sales-this-year-up-25","status":"publish","type":"post","link":"https:\/\/newmobility.news\/fr\/2025\/07\/03\/bnef-expects-22-million-passenger-ev-sales-this-year-up-25\/","title":{"rendered":"BNEF pr\u00e9voit 22 millions de ventes de v\u00e9hicules \u00e9lectriques particuliers cette ann\u00e9e, soit une hausse de 251 TP3T."},"content":{"rendered":"L'organisme de recherche am\u00e9ricain BloombergNEF (BNEF), largement consid\u00e9r\u00e9 comme une r\u00e9f\u00e9rence en mati\u00e8re d'analyses mondiales dans divers domaines, notamment la mobilit\u00e9 \u00e9lectrique et les \u00e9nergies propres, pr\u00e9voit une augmentation sans pr\u00e9c\u00e9dent des ventes de v\u00e9hicules \u00e9lectriques cette ann\u00e9e, avec une hausse de 251 % pour atteindre 22 millions de v\u00e9hicules. Pr\u00e8s des deux tiers de ces<div class=\"leaky_paywall_message_wrap\"><div id=\"leaky_paywall_message\">Ce contenu a \u00e9t\u00e9 archiv\u00e9. <a href=\"https:\/\/newmobility.news\/fr\/subscription\/\">Connectez-vous ou inscrivez-vous<\/a> \u00e0 un niveau qui donne acc\u00e8s au contenu archiv\u00e9.<\/div><\/div>","protected":false},"excerpt":{"rendered":"<p>The American research organization BloombergNEF (BNEF), widely regarded as an authority in global analyses across various domains, including electric mobility and clean energy, expects EV sales to surge this year like never before, with a 25% increase to 22 million vehicles. Nearly two-thirds of thoThis content has been archived. Log in or Subscribe to a [&hellip;]<\/p>\n","protected":false},"author":21,"featured_media":168802,"comment_status":"closed","ping_status":"closed","sticky":false,"template":"","format":"standard","meta":{"_acf_changed":false,"jetpack_post_was_ever_published":false,"_jetpack_newsletter_access":"","_jetpack_dont_email_post_to_subs":false,"_jetpack_newsletter_tier_id":0,"_jetpack_memberships_contains_paywalled_content":false,"_jetpack_memberships_contains_paid_content":false,"footnotes":"","jetpack_publicize_message":"","jetpack_publicize_feature_enabled":true,"jetpack_social_post_already_shared":true,"jetpack_social_options":{"image_generator_settings":{"template":"highway","default_image_id":0,"font":"","enabled":false},"version":2},"_wpas_customize_per_network":false},"categories":[77160,28,77169,4,77165,17],"tags":[],"class_list":["post-168797","post","type-post","status-publish","format-standard","has-post-thumbnail","hentry","category-china","category-europe","category-market","category-top-stories-today","category-usa","category-weekly-newsletter"],"acf":[],"featured_image_urls_v2":{"full":["https:\/\/i0.wp.com\/newmobility.news\/wp-content\/uploads\/2025\/07\/Scherm%C2%ADafbeelding-2025-07-03-om-09.39.27.png?fit=789%2C807&ssl=1",789,807,false],"thumbnail":["https:\/\/i0.wp.com\/newmobility.news\/wp-content\/uploads\/2025\/07\/Scherm%C2%ADafbeelding-2025-07-03-om-09.39.27.png?resize=150%2C150&ssl=1",150,150,true],"medium":["https:\/\/i0.wp.com\/newmobility.news\/wp-content\/uploads\/2025\/07\/Scherm%C2%ADafbeelding-2025-07-03-om-09.39.27.png?fit=293%2C300&ssl=1",293,300,true],"medium_large":["https:\/\/i0.wp.com\/newmobility.news\/wp-content\/uploads\/2025\/07\/Scherm%C2%ADafbeelding-2025-07-03-om-09.39.27.png?fit=640%2C655&ssl=1",640,655,true],"large":["https:\/\/i0.wp.com\/newmobility.news\/wp-content\/uploads\/2025\/07\/Scherm%C2%ADafbeelding-2025-07-03-om-09.39.27.png?fit=640%2C655&ssl=1",640,655,true],"1536x1536":["https:\/\/i0.wp.com\/newmobility.news\/wp-content\/uploads\/2025\/07\/Scherm%C2%ADafbeelding-2025-07-03-om-09.39.27.png?fit=789%2C807&ssl=1",789,807,true],"2048x2048":["https:\/\/i0.wp.com\/newmobility.news\/wp-content\/uploads\/2025\/07\/Scherm%C2%ADafbeelding-2025-07-03-om-09.39.27.png?fit=789%2C807&ssl=1",789,807,true],"trp-custom-language-flag":["https:\/\/i0.wp.com\/newmobility.news\/wp-content\/uploads\/2025\/07\/Scherm%C2%ADafbeelding-2025-07-03-om-09.39.27.png?fit=12%2C12&ssl=1",12,12,true],"related-thumb":["https:\/\/i0.wp.com\/newmobility.news\/wp-content\/uploads\/2025\/07\/Scherm%C2%ADafbeelding-2025-07-03-om-09.39.27.png?resize=640%2C480&ssl=1",640,480,true],"gform-image-choice-sm":["https:\/\/i0.wp.com\/newmobility.news\/wp-content\/uploads\/2025\/07\/Scherm%C2%ADafbeelding-2025-07-03-om-09.39.27.png?resize=300%2C300&ssl=1",300,300,true],"gform-image-choice-md":["https:\/\/i0.wp.com\/newmobility.news\/wp-content\/uploads\/2025\/07\/Scherm%C2%ADafbeelding-2025-07-03-om-09.39.27.png?resize=400%2C400&ssl=1",400,400,true],"gform-image-choice-lg":["https:\/\/i0.wp.com\/newmobility.news\/wp-content\/uploads\/2025\/07\/Scherm%C2%ADafbeelding-2025-07-03-om-09.39.27.png?resize=600%2C600&ssl=1",600,600,true],"mailchimp":["https:\/\/i0.wp.com\/newmobility.news\/wp-content\/uploads\/2025\/07\/Scherm%C2%ADafbeelding-2025-07-03-om-09.39.27.png?fit=560%2C573&ssl=1",560,573,true],"unipress-phone":["https:\/\/i0.wp.com\/newmobility.news\/wp-content\/uploads\/2025\/07\/Scherm%C2%ADafbeelding-2025-07-03-om-09.39.27.png?resize=640%2C100&ssl=1",640,100,true],"unipress-tablet":["https:\/\/i0.wp.com\/newmobility.news\/wp-content\/uploads\/2025\/07\/Scherm%C2%ADafbeelding-2025-07-03-om-09.39.27.png?resize=789%2C240&ssl=1",789,240,true],"unipress-tablet-portrait":["https:\/\/i0.wp.com\/newmobility.news\/wp-content\/uploads\/2025\/07\/Scherm%C2%ADafbeelding-2025-07-03-om-09.39.27.png?resize=789%2C180&ssl=1",789,180,true],"unipress-tablet-landscape":["https:\/\/i0.wp.com\/newmobility.news\/wp-content\/uploads\/2025\/07\/Scherm%C2%ADafbeelding-2025-07-03-om-09.39.27.png?resize=789%2C180&ssl=1",789,180,true],"unipress-smartphone":["https:\/\/i0.wp.com\/newmobility.news\/wp-content\/uploads\/2025\/07\/Scherm%C2%ADafbeelding-2025-07-03-om-09.39.27.png?resize=789%2C168&ssl=1",789,168,true],"unipress-wide-screen":["https:\/\/i0.wp.com\/newmobility.news\/wp-content\/uploads\/2025\/07\/Scherm%C2%ADafbeelding-2025-07-03-om-09.39.27.png?resize=789%2C180&ssl=1",789,180,true]},"post_excerpt_stackable_v2":"<p>The American research organization BloombergNEF (BNEF), widely regarded as an authority in global analyses across various domains, including electric mobility and clean energy, expects EV sales to surge this year like never before, with a 25% increase to 22 million vehicles. Nearly two-thirds of thoThis content has been archived. Log in or Subscribe to a level that has access to archived content.<\/p>\n","category_list_v2":"<a href=\"https:\/\/newmobility.news\/fr\/category\/china\/\" rel=\"category tag\">China<\/a>, <a href=\"https:\/\/newmobility.news\/fr\/category\/europe\/\" rel=\"category tag\">Europe<\/a>, <a href=\"https:\/\/newmobility.news\/fr\/category\/market\/\" rel=\"category tag\">Market<\/a>, <a href=\"https:\/\/newmobility.news\/fr\/category\/top-stories-today\/\" rel=\"category tag\">Top Stories Today<\/a>, <a href=\"https:\/\/newmobility.news\/fr\/category\/usa\/\" rel=\"category tag\">USA<\/a>, <a href=\"https:\/\/newmobility.news\/fr\/category\/weekly-newsletter\/\" rel=\"category tag\">Weekly Newsletter<\/a>","author_info_v2":{"name":"Joris Van Roy","url":"https:\/\/newmobility.news\/fr\/author\/jorisximcom-be\/"},"comments_num_v2":"0 comments","yoast_head":"<!-- This site is optimized with the Yoast SEO plugin v27.5 - https:\/\/yoast.com\/product\/yoast-seo-wordpress\/ -->\n<title>BNEF expects 22 million passenger EV sales this year, up 25% - newmobility.news<\/title>\n<meta name=\"robots\" content=\"index, follow, max-snippet:-1, max-image-preview:large, max-video-preview:-1\" \/>\n<link rel=\"canonical\" href=\"https:\/\/newmobility.news\/fr\/2025\/07\/03\/bnef-expects-22-million-passenger-ev-sales-this-year-up-25\/\" \/>\n<meta property=\"og:locale\" content=\"fr_FR\" \/>\n<meta property=\"og:type\" content=\"article\" \/>\n<meta property=\"og:title\" content=\"BNEF expects 22 million passenger EV sales this year, up 25% - newmobility.news\" \/>\n<meta property=\"og:description\" content=\"The American research organization BloombergNEF (BNEF), widely regarded as an authority in global analyses across various domains, including electric mobility and clean energy, expects EV sales to surge this year like never before, with a 25% increase to 22 million vehicles. Nearly two-thirds of thoThis content has been archived. Log in or Subscribe to a [&hellip;]\" \/>\n<meta property=\"og:url\" content=\"https:\/\/newmobility.news\/fr\/2025\/07\/03\/bnef-expects-22-million-passenger-ev-sales-this-year-up-25\/\" \/>\n<meta property=\"og:site_name\" content=\"newmobility.news\" \/>\n<meta property=\"article:publisher\" content=\"https:\/\/www.facebook.com\/search\/top\/?q=newmobility.news\" \/>\n<meta property=\"article:published_time\" content=\"2025-07-03T09:36:31+00:00\" \/>\n<meta property=\"article:modified_time\" content=\"2025-07-04T09:42:39+00:00\" \/>\n<meta property=\"og:image\" content=\"https:\/\/newmobility.news\/wp-content\/uploads\/2025\/07\/Scherm\u00adafbeelding-2025-07-03-om-09.39.27.png\" \/>\n\t<meta property=\"og:image:width\" content=\"789\" \/>\n\t<meta property=\"og:image:height\" content=\"807\" \/>\n\t<meta property=\"og:image:type\" content=\"image\/png\" \/>\n<meta name=\"author\" content=\"Joris Van Roy\" \/>\n<meta name=\"twitter:card\" content=\"summary_large_image\" \/>\n<meta name=\"twitter:creator\" content=\"@jorisvry\" \/>\n<meta name=\"twitter:site\" content=\"@jorisvry\" \/>\n<meta name=\"twitter:label1\" content=\"\u00c9crit par\" \/>\n\t<meta name=\"twitter:data1\" content=\"Joris Van Roy\" \/>\n\t<meta name=\"twitter:label2\" content=\"Dur\u00e9e de lecture est.\" \/>\n\t<meta name=\"twitter:data2\" content=\"5 minutes\" \/>\n<script type=\"application\/ld+json\" class=\"yoast-schema-graph\">{\"@context\":\"https:\\\/\\\/schema.org\",\"@graph\":[{\"@type\":\"Article\",\"@id\":\"https:\\\/\\\/newmobility.news\\\/2025\\\/07\\\/03\\\/bnef-expects-22-million-passenger-ev-sales-this-year-up-25\\\/#article\",\"isPartOf\":{\"@id\":\"https:\\\/\\\/newmobility.news\\\/2025\\\/07\\\/03\\\/bnef-expects-22-million-passenger-ev-sales-this-year-up-25\\\/\"},\"author\":{\"name\":\"Joris Van Roy\",\"@id\":\"https:\\\/\\\/newmobility.news\\\/#\\\/schema\\\/person\\\/c1ae99aef99238aa6a3d2e4fae62ca0d\"},\"headline\":\"BNEF expects 22 million passenger EV sales this year, up 25%\",\"datePublished\":\"2025-07-03T09:36:31+00:00\",\"dateModified\":\"2025-07-04T09:42:39+00:00\",\"mainEntityOfPage\":{\"@id\":\"https:\\\/\\\/newmobility.news\\\/2025\\\/07\\\/03\\\/bnef-expects-22-million-passenger-ev-sales-this-year-up-25\\\/\"},\"wordCount\":976,\"publisher\":{\"@id\":\"https:\\\/\\\/newmobility.news\\\/#organization\"},\"image\":{\"@id\":\"https:\\\/\\\/newmobility.news\\\/2025\\\/07\\\/03\\\/bnef-expects-22-million-passenger-ev-sales-this-year-up-25\\\/#primaryimage\"},\"thumbnailUrl\":\"https:\\\/\\\/i0.wp.com\\\/newmobility.news\\\/wp-content\\\/uploads\\\/2025\\\/07\\\/Scherm%C2%ADafbeelding-2025-07-03-om-09.39.27.png?fit=789%2C807&ssl=1\",\"articleSection\":[\"China\",\"Europe\",\"Market\",\"Top Stories Today\",\"USA\",\"Weekly Newsletter\"],\"inLanguage\":\"fr-BE\"},{\"@type\":\"WebPage\",\"@id\":\"https:\\\/\\\/newmobility.news\\\/2025\\\/07\\\/03\\\/bnef-expects-22-million-passenger-ev-sales-this-year-up-25\\\/\",\"url\":\"https:\\\/\\\/newmobility.news\\\/2025\\\/07\\\/03\\\/bnef-expects-22-million-passenger-ev-sales-this-year-up-25\\\/\",\"name\":\"BNEF expects 22 million passenger EV sales this year, up 25% - newmobility.news\",\"isPartOf\":{\"@id\":\"https:\\\/\\\/newmobility.news\\\/#website\"},\"primaryImageOfPage\":{\"@id\":\"https:\\\/\\\/newmobility.news\\\/2025\\\/07\\\/03\\\/bnef-expects-22-million-passenger-ev-sales-this-year-up-25\\\/#primaryimage\"},\"image\":{\"@id\":\"https:\\\/\\\/newmobility.news\\\/2025\\\/07\\\/03\\\/bnef-expects-22-million-passenger-ev-sales-this-year-up-25\\\/#primaryimage\"},\"thumbnailUrl\":\"https:\\\/\\\/i0.wp.com\\\/newmobility.news\\\/wp-content\\\/uploads\\\/2025\\\/07\\\/Scherm%C2%ADafbeelding-2025-07-03-om-09.39.27.png?fit=789%2C807&ssl=1\",\"datePublished\":\"2025-07-03T09:36:31+00:00\",\"dateModified\":\"2025-07-04T09:42:39+00:00\",\"breadcrumb\":{\"@id\":\"https:\\\/\\\/newmobility.news\\\/2025\\\/07\\\/03\\\/bnef-expects-22-million-passenger-ev-sales-this-year-up-25\\\/#breadcrumb\"},\"inLanguage\":\"fr-BE\",\"potentialAction\":[{\"@type\":\"ReadAction\",\"target\":[\"https:\\\/\\\/newmobility.news\\\/2025\\\/07\\\/03\\\/bnef-expects-22-million-passenger-ev-sales-this-year-up-25\\\/\"]}]},{\"@type\":\"ImageObject\",\"inLanguage\":\"fr-BE\",\"@id\":\"https:\\\/\\\/newmobility.news\\\/2025\\\/07\\\/03\\\/bnef-expects-22-million-passenger-ev-sales-this-year-up-25\\\/#primaryimage\",\"url\":\"https:\\\/\\\/i0.wp.com\\\/newmobility.news\\\/wp-content\\\/uploads\\\/2025\\\/07\\\/Scherm%C2%ADafbeelding-2025-07-03-om-09.39.27.png?fit=789%2C807&ssl=1\",\"contentUrl\":\"https:\\\/\\\/i0.wp.com\\\/newmobility.news\\\/wp-content\\\/uploads\\\/2025\\\/07\\\/Scherm%C2%ADafbeelding-2025-07-03-om-09.39.27.png?fit=789%2C807&ssl=1\",\"width\":789,\"height\":807,\"caption\":\"BoombergNEV's Electic Vehicle Outlook 2025 predicts a boom in EV sales in 2025, driven mostly by China and in lesser pace by Europe, with only marginal growth in the US \\\/BNEV\"},{\"@type\":\"BreadcrumbList\",\"@id\":\"https:\\\/\\\/newmobility.news\\\/2025\\\/07\\\/03\\\/bnef-expects-22-million-passenger-ev-sales-this-year-up-25\\\/#breadcrumb\",\"itemListElement\":[{\"@type\":\"ListItem\",\"position\":1,\"name\":\"Home\",\"item\":\"https:\\\/\\\/newmobility.news\\\/\"},{\"@type\":\"ListItem\",\"position\":2,\"name\":\"BNEF expects 22 million passenger EV sales this year, up 25%\"}]},{\"@type\":\"WebSite\",\"@id\":\"https:\\\/\\\/newmobility.news\\\/#website\",\"url\":\"https:\\\/\\\/newmobility.news\\\/\",\"name\":\"newmobility.news\",\"description\":\"A B2BNews Agency\u00ae news service for mobility business proessional\",\"publisher\":{\"@id\":\"https:\\\/\\\/newmobility.news\\\/#organization\"},\"potentialAction\":[{\"@type\":\"SearchAction\",\"target\":{\"@type\":\"EntryPoint\",\"urlTemplate\":\"https:\\\/\\\/newmobility.news\\\/?s={search_term_string}\"},\"query-input\":{\"@type\":\"PropertyValueSpecification\",\"valueRequired\":true,\"valueName\":\"search_term_string\"}}],\"inLanguage\":\"fr-BE\"},{\"@type\":\"Organization\",\"@id\":\"https:\\\/\\\/newmobility.news\\\/#organization\",\"name\":\"B2BNews Agency\",\"url\":\"https:\\\/\\\/newmobility.news\\\/\",\"logo\":{\"@type\":\"ImageObject\",\"inLanguage\":\"fr-BE\",\"@id\":\"https:\\\/\\\/newmobility.news\\\/#\\\/schema\\\/logo\\\/image\\\/\",\"url\":\"https:\\\/\\\/newmobility.news\\\/wp-content\\\/uploads\\\/2018\\\/01\\\/b2bnews-agency-logo.png\",\"contentUrl\":\"https:\\\/\\\/newmobility.news\\\/wp-content\\\/uploads\\\/2018\\\/01\\\/b2bnews-agency-logo.png\",\"width\":\"581\",\"height\":\"117\",\"caption\":\"B2BNews Agency\"},\"image\":{\"@id\":\"https:\\\/\\\/newmobility.news\\\/#\\\/schema\\\/logo\\\/image\\\/\"},\"sameAs\":[\"https:\\\/\\\/www.facebook.com\\\/search\\\/top\\\/?q=newmobility.news\",\"https:\\\/\\\/x.com\\\/jorisvry\",\"https:\\\/\\\/www.linkedin.com\\\/in\\\/jorisvanroy\\\/\",\"https:\\\/\\\/nl.pinterest.com\\\/jorisvanroy\\\/\"]},{\"@type\":\"Person\",\"@id\":\"https:\\\/\\\/newmobility.news\\\/#\\\/schema\\\/person\\\/c1ae99aef99238aa6a3d2e4fae62ca0d\",\"name\":\"Joris Van Roy\",\"image\":{\"@type\":\"ImageObject\",\"inLanguage\":\"fr-BE\",\"@id\":\"https:\\\/\\\/secure.gravatar.com\\\/avatar\\\/b82919546c1cd9980bd2bc08f09d294c7cb92b3addd23cb9a4377a7b88b4349b?s=96&d=mm&r=g\",\"url\":\"https:\\\/\\\/secure.gravatar.com\\\/avatar\\\/b82919546c1cd9980bd2bc08f09d294c7cb92b3addd23cb9a4377a7b88b4349b?s=96&d=mm&r=g\",\"contentUrl\":\"https:\\\/\\\/secure.gravatar.com\\\/avatar\\\/b82919546c1cd9980bd2bc08f09d294c7cb92b3addd23cb9a4377a7b88b4349b?s=96&d=mm&r=g\",\"caption\":\"Joris Van Roy\"},\"url\":\"https:\\\/\\\/newmobility.news\\\/fr\\\/author\\\/jorisximcom-be\\\/\"}]}<\/script>\n<!-- \/ Yoast SEO plugin. -->","yoast_head_json":{"title":"BNEF pr\u00e9voit 22 millions de ventes de v\u00e9hicules \u00e9lectriques particuliers cette ann\u00e9e, soit une hausse de 251 % - newmobility.news","robots":{"index":"index","follow":"follow","max-snippet":"max-snippet:-1","max-image-preview":"max-image-preview:large","max-video-preview":"max-video-preview:-1"},"canonical":"https:\/\/newmobility.news\/fr\/2025\/07\/03\/bnef-expects-22-million-passenger-ev-sales-this-year-up-25\/","og_locale":"fr_FR","og_type":"article","og_title":"BNEF expects 22 million passenger EV sales this year, up 25% - newmobility.news","og_description":"The American research organization BloombergNEF (BNEF), widely regarded as an authority in global analyses across various domains, including electric mobility and clean energy, expects EV sales to surge this year like never before, with a 25% increase to 22 million vehicles. Nearly two-thirds of thoThis content has been archived. Log in or Subscribe to a [&hellip;]","og_url":"https:\/\/newmobility.news\/fr\/2025\/07\/03\/bnef-expects-22-million-passenger-ev-sales-this-year-up-25\/","og_site_name":"newmobility.news","article_publisher":"https:\/\/www.facebook.com\/search\/top\/?q=newmobility.news","article_published_time":"2025-07-03T09:36:31+00:00","article_modified_time":"2025-07-04T09:42:39+00:00","og_image":[{"width":789,"height":807,"url":"https:\/\/newmobility.news\/wp-content\/uploads\/2025\/07\/Scherm\u00adafbeelding-2025-07-03-om-09.39.27.png","type":"image\/png"}],"author":"Joris Van Roy","twitter_card":"summary_large_image","twitter_creator":"@jorisvry","twitter_site":"@jorisvry","twitter_misc":{"\u00c9crit par":"Joris Van Roy","Dur\u00e9e de lecture est.":"5 minutes"},"schema":{"@context":"https:\/\/schema.org","@graph":[{"@type":"Article","@id":"https:\/\/newmobility.news\/2025\/07\/03\/bnef-expects-22-million-passenger-ev-sales-this-year-up-25\/#article","isPartOf":{"@id":"https:\/\/newmobility.news\/2025\/07\/03\/bnef-expects-22-million-passenger-ev-sales-this-year-up-25\/"},"author":{"name":"Joris Van Roy","@id":"https:\/\/newmobility.news\/#\/schema\/person\/c1ae99aef99238aa6a3d2e4fae62ca0d"},"headline":"BNEF expects 22 million passenger EV sales this year, up 25%","datePublished":"2025-07-03T09:36:31+00:00","dateModified":"2025-07-04T09:42:39+00:00","mainEntityOfPage":{"@id":"https:\/\/newmobility.news\/2025\/07\/03\/bnef-expects-22-million-passenger-ev-sales-this-year-up-25\/"},"wordCount":976,"publisher":{"@id":"https:\/\/newmobility.news\/#organization"},"image":{"@id":"https:\/\/newmobility.news\/2025\/07\/03\/bnef-expects-22-million-passenger-ev-sales-this-year-up-25\/#primaryimage"},"thumbnailUrl":"https:\/\/i0.wp.com\/newmobility.news\/wp-content\/uploads\/2025\/07\/Scherm%C2%ADafbeelding-2025-07-03-om-09.39.27.png?fit=789%2C807&ssl=1","articleSection":["China","Europe","Market","Top Stories Today","USA","Weekly Newsletter"],"inLanguage":"fr-BE"},{"@type":"WebPage","@id":"https:\/\/newmobility.news\/2025\/07\/03\/bnef-expects-22-million-passenger-ev-sales-this-year-up-25\/","url":"https:\/\/newmobility.news\/2025\/07\/03\/bnef-expects-22-million-passenger-ev-sales-this-year-up-25\/","name":"BNEF pr\u00e9voit 22 millions de ventes de v\u00e9hicules \u00e9lectriques particuliers cette ann\u00e9e, soit une hausse de 251 % - newmobility.news","isPartOf":{"@id":"https:\/\/newmobility.news\/#website"},"primaryImageOfPage":{"@id":"https:\/\/newmobility.news\/2025\/07\/03\/bnef-expects-22-million-passenger-ev-sales-this-year-up-25\/#primaryimage"},"image":{"@id":"https:\/\/newmobility.news\/2025\/07\/03\/bnef-expects-22-million-passenger-ev-sales-this-year-up-25\/#primaryimage"},"thumbnailUrl":"https:\/\/i0.wp.com\/newmobility.news\/wp-content\/uploads\/2025\/07\/Scherm%C2%ADafbeelding-2025-07-03-om-09.39.27.png?fit=789%2C807&ssl=1","datePublished":"2025-07-03T09:36:31+00:00","dateModified":"2025-07-04T09:42:39+00:00","breadcrumb":{"@id":"https:\/\/newmobility.news\/2025\/07\/03\/bnef-expects-22-million-passenger-ev-sales-this-year-up-25\/#breadcrumb"},"inLanguage":"fr-BE","potentialAction":[{"@type":"ReadAction","target":["https:\/\/newmobility.news\/2025\/07\/03\/bnef-expects-22-million-passenger-ev-sales-this-year-up-25\/"]}]},{"@type":"ImageObject","inLanguage":"fr-BE","@id":"https:\/\/newmobility.news\/2025\/07\/03\/bnef-expects-22-million-passenger-ev-sales-this-year-up-25\/#primaryimage","url":"https:\/\/i0.wp.com\/newmobility.news\/wp-content\/uploads\/2025\/07\/Scherm%C2%ADafbeelding-2025-07-03-om-09.39.27.png?fit=789%2C807&ssl=1","contentUrl":"https:\/\/i0.wp.com\/newmobility.news\/wp-content\/uploads\/2025\/07\/Scherm%C2%ADafbeelding-2025-07-03-om-09.39.27.png?fit=789%2C807&ssl=1","width":789,"height":807,"caption":"BoombergNEV's Electic Vehicle Outlook 2025 predicts a boom in EV sales in 2025, driven mostly by China and in lesser pace by Europe, with only marginal growth in the US \/BNEV"},{"@type":"BreadcrumbList","@id":"https:\/\/newmobility.news\/2025\/07\/03\/bnef-expects-22-million-passenger-ev-sales-this-year-up-25\/#breadcrumb","itemListElement":[{"@type":"ListItem","position":1,"name":"Home","item":"https:\/\/newmobility.news\/"},{"@type":"ListItem","position":2,"name":"BNEF expects 22 million passenger EV sales this year, up 25%"}]},{"@type":"WebSite","@id":"https:\/\/newmobility.news\/#website","url":"https:\/\/newmobility.news\/","name":"nouveaumobilit\u00e9.actualit\u00e9s","description":"Un service d'information B2BNews Agency\u00ae destin\u00e9 aux professionnels de la mobilit\u00e9","publisher":{"@id":"https:\/\/newmobility.news\/#organization"},"potentialAction":[{"@type":"SearchAction","target":{"@type":"EntryPoint","urlTemplate":"https:\/\/newmobility.news\/?s={search_term_string}"},"query-input":{"@type":"PropertyValueSpecification","valueRequired":true,"valueName":"search_term_string"}}],"inLanguage":"fr-BE"},{"@type":"Organization","@id":"https:\/\/newmobility.news\/#organization","name":"Agence de presse B2BNews","url":"https:\/\/newmobility.news\/","logo":{"@type":"ImageObject","inLanguage":"fr-BE","@id":"https:\/\/newmobility.news\/#\/schema\/logo\/image\/","url":"https:\/\/newmobility.news\/wp-content\/uploads\/2018\/01\/b2bnews-agency-logo.png","contentUrl":"https:\/\/newmobility.news\/wp-content\/uploads\/2018\/01\/b2bnews-agency-logo.png","width":"581","height":"117","caption":"B2BNews Agency"},"image":{"@id":"https:\/\/newmobility.news\/#\/schema\/logo\/image\/"},"sameAs":["https:\/\/www.facebook.com\/search\/top\/?q=newmobility.news","https:\/\/x.com\/jorisvry","https:\/\/www.linkedin.com\/in\/jorisvanroy\/","https:\/\/nl.pinterest.com\/jorisvanroy\/"]},{"@type":"Person","@id":"https:\/\/newmobility.news\/#\/schema\/person\/c1ae99aef99238aa6a3d2e4fae62ca0d","name":"Joris Van Roy","image":{"@type":"ImageObject","inLanguage":"fr-BE","@id":"https:\/\/secure.gravatar.com\/avatar\/b82919546c1cd9980bd2bc08f09d294c7cb92b3addd23cb9a4377a7b88b4349b?s=96&d=mm&r=g","url":"https:\/\/secure.gravatar.com\/avatar\/b82919546c1cd9980bd2bc08f09d294c7cb92b3addd23cb9a4377a7b88b4349b?s=96&d=mm&r=g","contentUrl":"https:\/\/secure.gravatar.com\/avatar\/b82919546c1cd9980bd2bc08f09d294c7cb92b3addd23cb9a4377a7b88b4349b?s=96&d=mm&r=g","caption":"Joris Van Roy"},"url":"https:\/\/newmobility.news\/fr\/author\/jorisximcom-be\/"}]}},"jetpack_publicize_connections":[],"jetpack_featured_media_url":"https:\/\/i0.wp.com\/newmobility.news\/wp-content\/uploads\/2025\/07\/Scherm%C2%ADafbeelding-2025-07-03-om-09.39.27.png?fit=789%2C807&ssl=1","jetpack_shortlink":"https:\/\/wp.me\/p9wJdU-HUx","jetpack_sharing_enabled":true,"jetpack_likes_enabled":true,"jetpack-related-posts":[],"_links":{"self":[{"href":"https:\/\/newmobility.news\/fr\/wp-json\/wp\/v2\/posts\/168797","targetHints":{"allow":["GET"]}}],"collection":[{"href":"https:\/\/newmobility.news\/fr\/wp-json\/wp\/v2\/posts"}],"about":[{"href":"https:\/\/newmobility.news\/fr\/wp-json\/wp\/v2\/types\/post"}],"author":[{"embeddable":true,"href":"https:\/\/newmobility.news\/fr\/wp-json\/wp\/v2\/users\/21"}],"replies":[{"embeddable":true,"href":"https:\/\/newmobility.news\/fr\/wp-json\/wp\/v2\/comments?post=168797"}],"version-history":[{"count":0,"href":"https:\/\/newmobility.news\/fr\/wp-json\/wp\/v2\/posts\/168797\/revisions"}],"wp:featuredmedia":[{"embeddable":true,"href":"https:\/\/newmobility.news\/fr\/wp-json\/wp\/v2\/media\/168802"}],"wp:attachment":[{"href":"https:\/\/newmobility.news\/fr\/wp-json\/wp\/v2\/media?parent=168797"}],"wp:term":[{"taxonomy":"category","embeddable":true,"href":"https:\/\/newmobility.news\/fr\/wp-json\/wp\/v2\/categories?post=168797"},{"taxonomy":"post_tag","embeddable":true,"href":"https:\/\/newmobility.news\/fr\/wp-json\/wp\/v2\/tags?post=168797"}],"curies":[{"name":"wp","href":"https:\/\/api.w.org\/{rel}","templated":true}]}}