{"id":168816,"date":"2025-07-03T12:10:42","date_gmt":"2025-07-03T10:10:42","guid":{"rendered":"https:\/\/newmobility.news\/?p=168816"},"modified":"2025-07-03T11:53:37","modified_gmt":"2025-07-03T09:53:37","slug":"factories-at-risk-stellantiss-grim-warning-over-van-electrification-lag","status":"publish","type":"post","link":"https:\/\/newmobility.news\/fr\/2025\/07\/03\/factories-at-risk-stellantiss-grim-warning-over-van-electrification-lag\/","title":{"rendered":"Usines en p\u00e9ril : l'avertissement sinistre de Stellantis concernant le retard pris dans l'\u00e9lectrification des fourgonnettes"},"content":{"rendered":"Stellantis met en garde contre d'\u00e9ventuelles fermetures d'usines \u00e0 travers l'Europe, alors que le constructeur automobile peine \u00e0 se conformer aux objectifs de plus en plus stricts de l'Union europ\u00e9enne en mati\u00e8re d'\u00e9missions de CO\u2082. L'alerte a \u00e9t\u00e9 lanc\u00e9e cette semaine par Jean-Philippe Imparato, directeur du groupe pour l'Europe, qui a qualifi\u00e9 la situation de \u201c j<div class=\"leaky_paywall_message_wrap\"><div id=\"leaky_paywall_message\">Ce contenu a \u00e9t\u00e9 archiv\u00e9. <a href=\"https:\/\/newmobility.news\/fr\/subscription\/\">Connectez-vous ou inscrivez-vous<\/a> \u00e0 un niveau qui donne acc\u00e8s au contenu archiv\u00e9.<\/div><\/div>","protected":false},"excerpt":{"rendered":"<p>Stellantis is warning of potential factory closures across Europe as the automaker struggles to align with the European Union\u2019s increasingly stringent CO\u2082 emissions targets. The alarm was sounded this week by Jean-Philippe Imparato, the group\u2019s Europe chief, who described the situation as \u201cjThis content has been archived. Log in or Subscribe to a level that [&hellip;]<\/p>\n","protected":false},"author":715,"featured_media":168817,"comment_status":"closed","ping_status":"closed","sticky":false,"template":"","format":"standard","meta":{"_acf_changed":false,"jetpack_post_was_ever_published":false,"_jetpack_newsletter_access":"","_jetpack_dont_email_post_to_subs":false,"_jetpack_newsletter_tier_id":0,"_jetpack_memberships_contains_paywalled_content":false,"_jetpack_memberships_contains_paid_content":false,"footnotes":"","jetpack_publicize_message":"","jetpack_publicize_feature_enabled":true,"jetpack_social_post_already_shared":true,"jetpack_social_options":{"image_generator_settings":{"template":"highway","default_image_id":0,"font":"","enabled":false},"version":2},"_wpas_customize_per_network":false},"categories":[16,25,77169,6,4],"tags":[],"class_list":["post-168816","post","type-post","status-publish","format-standard","has-post-thumbnail","hentry","category-industry","category-legislation","category-market","category-technology","category-top-stories-today"],"acf":[],"featured_image_urls_v2":{"full":["https:\/\/i0.wp.com\/newmobility.news\/wp-content\/uploads\/2025\/07\/FIAT_Professional_Scudo_rolls_off_the_line_at_Luton_Plant-scaled.jpg?fit=2560%2C1707&ssl=1",2560,1707,false],"thumbnail":["https:\/\/i0.wp.com\/newmobility.news\/wp-content\/uploads\/2025\/07\/FIAT_Professional_Scudo_rolls_off_the_line_at_Luton_Plant-scaled.jpg?resize=150%2C150&ssl=1",150,150,true],"medium":["https:\/\/i0.wp.com\/newmobility.news\/wp-content\/uploads\/2025\/07\/FIAT_Professional_Scudo_rolls_off_the_line_at_Luton_Plant-scaled.jpg?fit=300%2C200&ssl=1",300,200,true],"medium_large":["https:\/\/i0.wp.com\/newmobility.news\/wp-content\/uploads\/2025\/07\/FIAT_Professional_Scudo_rolls_off_the_line_at_Luton_Plant-scaled.jpg?fit=640%2C427&ssl=1",640,427,true],"large":["https:\/\/i0.wp.com\/newmobility.news\/wp-content\/uploads\/2025\/07\/FIAT_Professional_Scudo_rolls_off_the_line_at_Luton_Plant-scaled.jpg?fit=640%2C427&ssl=1",640,427,true],"1536x1536":["https:\/\/i0.wp.com\/newmobility.news\/wp-content\/uploads\/2025\/07\/FIAT_Professional_Scudo_rolls_off_the_line_at_Luton_Plant-scaled.jpg?fit=1536%2C1024&ssl=1",1536,1024,true],"2048x2048":["https:\/\/i0.wp.com\/newmobility.news\/wp-content\/uploads\/2025\/07\/FIAT_Professional_Scudo_rolls_off_the_line_at_Luton_Plant-scaled.jpg?fit=2048%2C1365&ssl=1",2048,1365,true],"trp-custom-language-flag":["https:\/\/i0.wp.com\/newmobility.news\/wp-content\/uploads\/2025\/07\/FIAT_Professional_Scudo_rolls_off_the_line_at_Luton_Plant-scaled.jpg?fit=18%2C12&ssl=1",18,12,true],"related-thumb":["https:\/\/i0.wp.com\/newmobility.news\/wp-content\/uploads\/2025\/07\/FIAT_Professional_Scudo_rolls_off_the_line_at_Luton_Plant-scaled.jpg?resize=640%2C480&ssl=1",640,480,true],"gform-image-choice-sm":["https:\/\/i0.wp.com\/newmobility.news\/wp-content\/uploads\/2025\/07\/FIAT_Professional_Scudo_rolls_off_the_line_at_Luton_Plant-scaled.jpg?resize=300%2C300&ssl=1",300,300,true],"gform-image-choice-md":["https:\/\/i0.wp.com\/newmobility.news\/wp-content\/uploads\/2025\/07\/FIAT_Professional_Scudo_rolls_off_the_line_at_Luton_Plant-scaled.jpg?resize=400%2C400&ssl=1",400,400,true],"gform-image-choice-lg":["https:\/\/i0.wp.com\/newmobility.news\/wp-content\/uploads\/2025\/07\/FIAT_Professional_Scudo_rolls_off_the_line_at_Luton_Plant-scaled.jpg?resize=600%2C600&ssl=1",600,600,true],"mailchimp":["https:\/\/i0.wp.com\/newmobility.news\/wp-content\/uploads\/2025\/07\/FIAT_Professional_Scudo_rolls_off_the_line_at_Luton_Plant-scaled.jpg?fit=560%2C373&ssl=1",560,373,true],"unipress-phone":["https:\/\/i0.wp.com\/newmobility.news\/wp-content\/uploads\/2025\/07\/FIAT_Professional_Scudo_rolls_off_the_line_at_Luton_Plant-scaled.jpg?resize=640%2C100&ssl=1",640,100,true],"unipress-tablet":["https:\/\/i0.wp.com\/newmobility.news\/wp-content\/uploads\/2025\/07\/FIAT_Professional_Scudo_rolls_off_the_line_at_Luton_Plant-scaled.jpg?resize=1536%2C240&ssl=1",1536,240,true],"unipress-tablet-portrait":["https:\/\/i0.wp.com\/newmobility.news\/wp-content\/uploads\/2025\/07\/FIAT_Professional_Scudo_rolls_off_the_line_at_Luton_Plant-scaled.jpg?resize=1536%2C180&ssl=1",1536,180,true],"unipress-tablet-landscape":["https:\/\/i0.wp.com\/newmobility.news\/wp-content\/uploads\/2025\/07\/FIAT_Professional_Scudo_rolls_off_the_line_at_Luton_Plant-scaled.jpg?resize=2048%2C180&ssl=1",2048,180,true],"unipress-smartphone":["https:\/\/i0.wp.com\/newmobility.news\/wp-content\/uploads\/2025\/07\/FIAT_Professional_Scudo_rolls_off_the_line_at_Luton_Plant-scaled.jpg?resize=1080%2C168&ssl=1",1080,168,true],"unipress-wide-screen":["https:\/\/i0.wp.com\/newmobility.news\/wp-content\/uploads\/2025\/07\/FIAT_Professional_Scudo_rolls_off_the_line_at_Luton_Plant-scaled.jpg?resize=2560%2C180&ssl=1",2560,180,true]},"post_excerpt_stackable_v2":"<p>Stellantis is warning of potential factory closures across Europe as the automaker struggles to align with the European Union\u2019s increasingly stringent CO\u2082 emissions targets. The alarm was sounded this week by Jean-Philippe Imparato, the group\u2019s Europe chief, who described the situation as \u201cjThis content has been archived. Log in or Subscribe to a level that has access to archived content.<\/p>\n","category_list_v2":"<a href=\"https:\/\/newmobility.news\/fr\/category\/industry\/\" rel=\"category tag\">Industry<\/a>, <a href=\"https:\/\/newmobility.news\/fr\/category\/legislation\/\" rel=\"category tag\">Legislation<\/a>, <a href=\"https:\/\/newmobility.news\/fr\/category\/market\/\" rel=\"category tag\">Market<\/a>, <a href=\"https:\/\/newmobility.news\/fr\/category\/technology\/\" rel=\"category tag\">Technology<\/a>, <a href=\"https:\/\/newmobility.news\/fr\/category\/top-stories-today\/\" rel=\"category tag\">Top Stories Today<\/a>","author_info_v2":{"name":"Piet Andries","url":"https:\/\/newmobility.news\/fr\/author\/piet-andriesgmail-com\/"},"comments_num_v2":"0 comments","yoast_head":"<!-- This site is optimized with the Yoast SEO plugin v27.5 - https:\/\/yoast.com\/product\/yoast-seo-wordpress\/ -->\n<title>Factories at risk: Stellantis\u2019s grim warning over van electrification lag - newmobility.news<\/title>\n<meta name=\"robots\" content=\"index, follow, max-snippet:-1, max-image-preview:large, max-video-preview:-1\" \/>\n<link rel=\"canonical\" href=\"https:\/\/newmobility.news\/fr\/2025\/07\/03\/factories-at-risk-stellantiss-grim-warning-over-van-electrification-lag\/\" \/>\n<meta property=\"og:locale\" content=\"fr_FR\" \/>\n<meta property=\"og:type\" content=\"article\" \/>\n<meta property=\"og:title\" content=\"Factories at risk: Stellantis\u2019s grim warning over van electrification lag - newmobility.news\" \/>\n<meta property=\"og:description\" content=\"Stellantis is warning of potential factory closures across Europe as the automaker struggles to align with the European Union\u2019s increasingly stringent CO\u2082 emissions targets. The alarm was sounded this week by Jean-Philippe Imparato, the group\u2019s Europe chief, who described the situation as \u201cjThis content has been archived. Log in or Subscribe to a level that [&hellip;]\" \/>\n<meta property=\"og:url\" content=\"https:\/\/newmobility.news\/fr\/2025\/07\/03\/factories-at-risk-stellantiss-grim-warning-over-van-electrification-lag\/\" \/>\n<meta property=\"og:site_name\" content=\"newmobility.news\" \/>\n<meta property=\"article:publisher\" content=\"https:\/\/www.facebook.com\/search\/top\/?q=newmobility.news\" \/>\n<meta property=\"article:published_time\" content=\"2025-07-03T10:10:42+00:00\" \/>\n<meta property=\"og:image\" content=\"https:\/\/i0.wp.com\/newmobility.news\/wp-content\/uploads\/2025\/07\/FIAT_Professional_Scudo_rolls_off_the_line_at_Luton_Plant-scaled.jpg?fit=2560%2C1707&ssl=1\" \/>\n\t<meta property=\"og:image:width\" content=\"2560\" \/>\n\t<meta property=\"og:image:height\" content=\"1707\" \/>\n\t<meta property=\"og:image:type\" content=\"image\/jpeg\" \/>\n<meta name=\"author\" content=\"Piet Andries\" \/>\n<meta name=\"twitter:card\" content=\"summary_large_image\" \/>\n<meta name=\"twitter:creator\" content=\"@jorisvry\" \/>\n<meta name=\"twitter:site\" content=\"@jorisvry\" \/>\n<meta name=\"twitter:label1\" content=\"\u00c9crit par\" \/>\n\t<meta name=\"twitter:data1\" content=\"Piet Andries\" \/>\n\t<meta name=\"twitter:label2\" content=\"Dur\u00e9e de lecture est.\" \/>\n\t<meta name=\"twitter:data2\" content=\"3 minutes\" \/>\n<script type=\"application\/ld+json\" class=\"yoast-schema-graph\">{\"@context\":\"https:\\\/\\\/schema.org\",\"@graph\":[{\"@type\":\"Article\",\"@id\":\"https:\\\/\\\/newmobility.news\\\/2025\\\/07\\\/03\\\/factories-at-risk-stellantiss-grim-warning-over-van-electrification-lag\\\/#article\",\"isPartOf\":{\"@id\":\"https:\\\/\\\/newmobility.news\\\/2025\\\/07\\\/03\\\/factories-at-risk-stellantiss-grim-warning-over-van-electrification-lag\\\/\"},\"author\":{\"name\":\"Piet Andries\",\"@id\":\"https:\\\/\\\/newmobility.news\\\/#\\\/schema\\\/person\\\/4f0a0e407f0ee24ec763e67b0a5840a5\"},\"headline\":\"Factories at risk: Stellantis\u2019s grim warning over van electrification lag\",\"datePublished\":\"2025-07-03T10:10:42+00:00\",\"mainEntityOfPage\":{\"@id\":\"https:\\\/\\\/newmobility.news\\\/2025\\\/07\\\/03\\\/factories-at-risk-stellantiss-grim-warning-over-van-electrification-lag\\\/\"},\"wordCount\":626,\"publisher\":{\"@id\":\"https:\\\/\\\/newmobility.news\\\/#organization\"},\"image\":{\"@id\":\"https:\\\/\\\/newmobility.news\\\/2025\\\/07\\\/03\\\/factories-at-risk-stellantiss-grim-warning-over-van-electrification-lag\\\/#primaryimage\"},\"thumbnailUrl\":\"https:\\\/\\\/i0.wp.com\\\/newmobility.news\\\/wp-content\\\/uploads\\\/2025\\\/07\\\/FIAT_Professional_Scudo_rolls_off_the_line_at_Luton_Plant-scaled.jpg?fit=2560%2C1707&ssl=1\",\"articleSection\":[\"Industry\",\"Legislation\",\"Market\",\"Technology\",\"Top Stories Today\"],\"inLanguage\":\"fr-BE\"},{\"@type\":\"WebPage\",\"@id\":\"https:\\\/\\\/newmobility.news\\\/2025\\\/07\\\/03\\\/factories-at-risk-stellantiss-grim-warning-over-van-electrification-lag\\\/\",\"url\":\"https:\\\/\\\/newmobility.news\\\/2025\\\/07\\\/03\\\/factories-at-risk-stellantiss-grim-warning-over-van-electrification-lag\\\/\",\"name\":\"Factories at risk: Stellantis\u2019s grim warning over van electrification lag - newmobility.news\",\"isPartOf\":{\"@id\":\"https:\\\/\\\/newmobility.news\\\/#website\"},\"primaryImageOfPage\":{\"@id\":\"https:\\\/\\\/newmobility.news\\\/2025\\\/07\\\/03\\\/factories-at-risk-stellantiss-grim-warning-over-van-electrification-lag\\\/#primaryimage\"},\"image\":{\"@id\":\"https:\\\/\\\/newmobility.news\\\/2025\\\/07\\\/03\\\/factories-at-risk-stellantiss-grim-warning-over-van-electrification-lag\\\/#primaryimage\"},\"thumbnailUrl\":\"https:\\\/\\\/i0.wp.com\\\/newmobility.news\\\/wp-content\\\/uploads\\\/2025\\\/07\\\/FIAT_Professional_Scudo_rolls_off_the_line_at_Luton_Plant-scaled.jpg?fit=2560%2C1707&ssl=1\",\"datePublished\":\"2025-07-03T10:10:42+00:00\",\"breadcrumb\":{\"@id\":\"https:\\\/\\\/newmobility.news\\\/2025\\\/07\\\/03\\\/factories-at-risk-stellantiss-grim-warning-over-van-electrification-lag\\\/#breadcrumb\"},\"inLanguage\":\"fr-BE\",\"potentialAction\":[{\"@type\":\"ReadAction\",\"target\":[\"https:\\\/\\\/newmobility.news\\\/2025\\\/07\\\/03\\\/factories-at-risk-stellantiss-grim-warning-over-van-electrification-lag\\\/\"]}]},{\"@type\":\"ImageObject\",\"inLanguage\":\"fr-BE\",\"@id\":\"https:\\\/\\\/newmobility.news\\\/2025\\\/07\\\/03\\\/factories-at-risk-stellantiss-grim-warning-over-van-electrification-lag\\\/#primaryimage\",\"url\":\"https:\\\/\\\/i0.wp.com\\\/newmobility.news\\\/wp-content\\\/uploads\\\/2025\\\/07\\\/FIAT_Professional_Scudo_rolls_off_the_line_at_Luton_Plant-scaled.jpg?fit=2560%2C1707&ssl=1\",\"contentUrl\":\"https:\\\/\\\/i0.wp.com\\\/newmobility.news\\\/wp-content\\\/uploads\\\/2025\\\/07\\\/FIAT_Professional_Scudo_rolls_off_the_line_at_Luton_Plant-scaled.jpg?fit=2560%2C1707&ssl=1\",\"width\":2560,\"height\":1707,\"caption\":\"A sign of things to come? Van production in Luton was already axed over tight zero-emission rulings in the UK \\\/Stellantis\"},{\"@type\":\"BreadcrumbList\",\"@id\":\"https:\\\/\\\/newmobility.news\\\/2025\\\/07\\\/03\\\/factories-at-risk-stellantiss-grim-warning-over-van-electrification-lag\\\/#breadcrumb\",\"itemListElement\":[{\"@type\":\"ListItem\",\"position\":1,\"name\":\"Home\",\"item\":\"https:\\\/\\\/newmobility.news\\\/\"},{\"@type\":\"ListItem\",\"position\":2,\"name\":\"Factories at risk: Stellantis\u2019s grim warning over van electrification lag\"}]},{\"@type\":\"WebSite\",\"@id\":\"https:\\\/\\\/newmobility.news\\\/#website\",\"url\":\"https:\\\/\\\/newmobility.news\\\/\",\"name\":\"newmobility.news\",\"description\":\"A B2BNews Agency\u00ae news service for mobility business proessional\",\"publisher\":{\"@id\":\"https:\\\/\\\/newmobility.news\\\/#organization\"},\"potentialAction\":[{\"@type\":\"SearchAction\",\"target\":{\"@type\":\"EntryPoint\",\"urlTemplate\":\"https:\\\/\\\/newmobility.news\\\/?s={search_term_string}\"},\"query-input\":{\"@type\":\"PropertyValueSpecification\",\"valueRequired\":true,\"valueName\":\"search_term_string\"}}],\"inLanguage\":\"fr-BE\"},{\"@type\":\"Organization\",\"@id\":\"https:\\\/\\\/newmobility.news\\\/#organization\",\"name\":\"B2BNews Agency\",\"url\":\"https:\\\/\\\/newmobility.news\\\/\",\"logo\":{\"@type\":\"ImageObject\",\"inLanguage\":\"fr-BE\",\"@id\":\"https:\\\/\\\/newmobility.news\\\/#\\\/schema\\\/logo\\\/image\\\/\",\"url\":\"https:\\\/\\\/newmobility.news\\\/wp-content\\\/uploads\\\/2018\\\/01\\\/b2bnews-agency-logo.png\",\"contentUrl\":\"https:\\\/\\\/newmobility.news\\\/wp-content\\\/uploads\\\/2018\\\/01\\\/b2bnews-agency-logo.png\",\"width\":\"581\",\"height\":\"117\",\"caption\":\"B2BNews Agency\"},\"image\":{\"@id\":\"https:\\\/\\\/newmobility.news\\\/#\\\/schema\\\/logo\\\/image\\\/\"},\"sameAs\":[\"https:\\\/\\\/www.facebook.com\\\/search\\\/top\\\/?q=newmobility.news\",\"https:\\\/\\\/x.com\\\/jorisvry\",\"https:\\\/\\\/www.linkedin.com\\\/in\\\/jorisvanroy\\\/\",\"https:\\\/\\\/nl.pinterest.com\\\/jorisvanroy\\\/\"]},{\"@type\":\"Person\",\"@id\":\"https:\\\/\\\/newmobility.news\\\/#\\\/schema\\\/person\\\/4f0a0e407f0ee24ec763e67b0a5840a5\",\"name\":\"Piet Andries\",\"image\":{\"@type\":\"ImageObject\",\"inLanguage\":\"fr-BE\",\"@id\":\"https:\\\/\\\/secure.gravatar.com\\\/avatar\\\/c7ec64b5aa2f5a96b3ea5ca5b828a30d1b3e6e74b21e2f3e71ba86eea80553d4?s=96&d=mm&r=g\",\"url\":\"https:\\\/\\\/secure.gravatar.com\\\/avatar\\\/c7ec64b5aa2f5a96b3ea5ca5b828a30d1b3e6e74b21e2f3e71ba86eea80553d4?s=96&d=mm&r=g\",\"contentUrl\":\"https:\\\/\\\/secure.gravatar.com\\\/avatar\\\/c7ec64b5aa2f5a96b3ea5ca5b828a30d1b3e6e74b21e2f3e71ba86eea80553d4?s=96&d=mm&r=g\",\"caption\":\"Piet Andries\"},\"url\":\"https:\\\/\\\/newmobility.news\\\/fr\\\/author\\\/piet-andriesgmail-com\\\/\"}]}<\/script>\n<!-- \/ Yoast SEO plugin. -->","yoast_head_json":{"title":"Usines en p\u00e9ril : l'avertissement sinistre de Stellantis concernant le retard pris dans l'\u00e9lectrification des fourgonnettes - newmobility.news","robots":{"index":"index","follow":"follow","max-snippet":"max-snippet:-1","max-image-preview":"max-image-preview:large","max-video-preview":"max-video-preview:-1"},"canonical":"https:\/\/newmobility.news\/fr\/2025\/07\/03\/factories-at-risk-stellantiss-grim-warning-over-van-electrification-lag\/","og_locale":"fr_FR","og_type":"article","og_title":"Factories at risk: Stellantis\u2019s grim warning over van electrification lag - newmobility.news","og_description":"Stellantis is warning of potential factory closures across Europe as the automaker struggles to align with the European Union\u2019s increasingly stringent CO\u2082 emissions targets. The alarm was sounded this week by Jean-Philippe Imparato, the group\u2019s Europe chief, who described the situation as \u201cjThis content has been archived. Log in or Subscribe to a level that [&hellip;]","og_url":"https:\/\/newmobility.news\/fr\/2025\/07\/03\/factories-at-risk-stellantiss-grim-warning-over-van-electrification-lag\/","og_site_name":"newmobility.news","article_publisher":"https:\/\/www.facebook.com\/search\/top\/?q=newmobility.news","article_published_time":"2025-07-03T10:10:42+00:00","og_image":[{"width":2560,"height":1707,"url":"https:\/\/i0.wp.com\/newmobility.news\/wp-content\/uploads\/2025\/07\/FIAT_Professional_Scudo_rolls_off_the_line_at_Luton_Plant-scaled.jpg?fit=2560%2C1707&ssl=1","type":"image\/jpeg"}],"author":"Piet Andries","twitter_card":"summary_large_image","twitter_creator":"@jorisvry","twitter_site":"@jorisvry","twitter_misc":{"\u00c9crit par":"Piet Andries","Dur\u00e9e de lecture est.":"3 minutes"},"schema":{"@context":"https:\/\/schema.org","@graph":[{"@type":"Article","@id":"https:\/\/newmobility.news\/2025\/07\/03\/factories-at-risk-stellantiss-grim-warning-over-van-electrification-lag\/#article","isPartOf":{"@id":"https:\/\/newmobility.news\/2025\/07\/03\/factories-at-risk-stellantiss-grim-warning-over-van-electrification-lag\/"},"author":{"name":"Piet Andries","@id":"https:\/\/newmobility.news\/#\/schema\/person\/4f0a0e407f0ee24ec763e67b0a5840a5"},"headline":"Factories at risk: Stellantis\u2019s grim warning over van electrification lag","datePublished":"2025-07-03T10:10:42+00:00","mainEntityOfPage":{"@id":"https:\/\/newmobility.news\/2025\/07\/03\/factories-at-risk-stellantiss-grim-warning-over-van-electrification-lag\/"},"wordCount":626,"publisher":{"@id":"https:\/\/newmobility.news\/#organization"},"image":{"@id":"https:\/\/newmobility.news\/2025\/07\/03\/factories-at-risk-stellantiss-grim-warning-over-van-electrification-lag\/#primaryimage"},"thumbnailUrl":"https:\/\/i0.wp.com\/newmobility.news\/wp-content\/uploads\/2025\/07\/FIAT_Professional_Scudo_rolls_off_the_line_at_Luton_Plant-scaled.jpg?fit=2560%2C1707&ssl=1","articleSection":["Industry","Legislation","Market","Technology","Top Stories Today"],"inLanguage":"fr-BE"},{"@type":"WebPage","@id":"https:\/\/newmobility.news\/2025\/07\/03\/factories-at-risk-stellantiss-grim-warning-over-van-electrification-lag\/","url":"https:\/\/newmobility.news\/2025\/07\/03\/factories-at-risk-stellantiss-grim-warning-over-van-electrification-lag\/","name":"Usines en p\u00e9ril : l'avertissement sinistre de Stellantis concernant le retard pris dans l'\u00e9lectrification des fourgonnettes - newmobility.news","isPartOf":{"@id":"https:\/\/newmobility.news\/#website"},"primaryImageOfPage":{"@id":"https:\/\/newmobility.news\/2025\/07\/03\/factories-at-risk-stellantiss-grim-warning-over-van-electrification-lag\/#primaryimage"},"image":{"@id":"https:\/\/newmobility.news\/2025\/07\/03\/factories-at-risk-stellantiss-grim-warning-over-van-electrification-lag\/#primaryimage"},"thumbnailUrl":"https:\/\/i0.wp.com\/newmobility.news\/wp-content\/uploads\/2025\/07\/FIAT_Professional_Scudo_rolls_off_the_line_at_Luton_Plant-scaled.jpg?fit=2560%2C1707&ssl=1","datePublished":"2025-07-03T10:10:42+00:00","breadcrumb":{"@id":"https:\/\/newmobility.news\/2025\/07\/03\/factories-at-risk-stellantiss-grim-warning-over-van-electrification-lag\/#breadcrumb"},"inLanguage":"fr-BE","potentialAction":[{"@type":"ReadAction","target":["https:\/\/newmobility.news\/2025\/07\/03\/factories-at-risk-stellantiss-grim-warning-over-van-electrification-lag\/"]}]},{"@type":"ImageObject","inLanguage":"fr-BE","@id":"https:\/\/newmobility.news\/2025\/07\/03\/factories-at-risk-stellantiss-grim-warning-over-van-electrification-lag\/#primaryimage","url":"https:\/\/i0.wp.com\/newmobility.news\/wp-content\/uploads\/2025\/07\/FIAT_Professional_Scudo_rolls_off_the_line_at_Luton_Plant-scaled.jpg?fit=2560%2C1707&ssl=1","contentUrl":"https:\/\/i0.wp.com\/newmobility.news\/wp-content\/uploads\/2025\/07\/FIAT_Professional_Scudo_rolls_off_the_line_at_Luton_Plant-scaled.jpg?fit=2560%2C1707&ssl=1","width":2560,"height":1707,"caption":"A sign of things to come? Van production in Luton was already axed over tight zero-emission rulings in the UK \/Stellantis"},{"@type":"BreadcrumbList","@id":"https:\/\/newmobility.news\/2025\/07\/03\/factories-at-risk-stellantiss-grim-warning-over-van-electrification-lag\/#breadcrumb","itemListElement":[{"@type":"ListItem","position":1,"name":"Home","item":"https:\/\/newmobility.news\/"},{"@type":"ListItem","position":2,"name":"Factories at risk: Stellantis\u2019s grim warning over van electrification lag"}]},{"@type":"WebSite","@id":"https:\/\/newmobility.news\/#website","url":"https:\/\/newmobility.news\/","name":"nouveaumobilit\u00e9.actualit\u00e9s","description":"Un service d'information B2BNews Agency\u00ae destin\u00e9 aux professionnels de la mobilit\u00e9","publisher":{"@id":"https:\/\/newmobility.news\/#organization"},"potentialAction":[{"@type":"SearchAction","target":{"@type":"EntryPoint","urlTemplate":"https:\/\/newmobility.news\/?s={search_term_string}"},"query-input":{"@type":"PropertyValueSpecification","valueRequired":true,"valueName":"search_term_string"}}],"inLanguage":"fr-BE"},{"@type":"Organization","@id":"https:\/\/newmobility.news\/#organization","name":"Agence de presse B2BNews","url":"https:\/\/newmobility.news\/","logo":{"@type":"ImageObject","inLanguage":"fr-BE","@id":"https:\/\/newmobility.news\/#\/schema\/logo\/image\/","url":"https:\/\/newmobility.news\/wp-content\/uploads\/2018\/01\/b2bnews-agency-logo.png","contentUrl":"https:\/\/newmobility.news\/wp-content\/uploads\/2018\/01\/b2bnews-agency-logo.png","width":"581","height":"117","caption":"B2BNews Agency"},"image":{"@id":"https:\/\/newmobility.news\/#\/schema\/logo\/image\/"},"sameAs":["https:\/\/www.facebook.com\/search\/top\/?q=newmobility.news","https:\/\/x.com\/jorisvry","https:\/\/www.linkedin.com\/in\/jorisvanroy\/","https:\/\/nl.pinterest.com\/jorisvanroy\/"]},{"@type":"Person","@id":"https:\/\/newmobility.news\/#\/schema\/person\/4f0a0e407f0ee24ec763e67b0a5840a5","name":"Piet Andries","image":{"@type":"ImageObject","inLanguage":"fr-BE","@id":"https:\/\/secure.gravatar.com\/avatar\/c7ec64b5aa2f5a96b3ea5ca5b828a30d1b3e6e74b21e2f3e71ba86eea80553d4?s=96&d=mm&r=g","url":"https:\/\/secure.gravatar.com\/avatar\/c7ec64b5aa2f5a96b3ea5ca5b828a30d1b3e6e74b21e2f3e71ba86eea80553d4?s=96&d=mm&r=g","contentUrl":"https:\/\/secure.gravatar.com\/avatar\/c7ec64b5aa2f5a96b3ea5ca5b828a30d1b3e6e74b21e2f3e71ba86eea80553d4?s=96&d=mm&r=g","caption":"Piet Andries"},"url":"https:\/\/newmobility.news\/fr\/author\/piet-andriesgmail-com\/"}]}},"jetpack_publicize_connections":[],"jetpack_featured_media_url":"https:\/\/i0.wp.com\/newmobility.news\/wp-content\/uploads\/2025\/07\/FIAT_Professional_Scudo_rolls_off_the_line_at_Luton_Plant-scaled.jpg?fit=2560%2C1707&ssl=1","jetpack_shortlink":"https:\/\/wp.me\/p9wJdU-HUQ","jetpack_sharing_enabled":true,"jetpack_likes_enabled":true,"jetpack-related-posts":[],"_links":{"self":[{"href":"https:\/\/newmobility.news\/fr\/wp-json\/wp\/v2\/posts\/168816","targetHints":{"allow":["GET"]}}],"collection":[{"href":"https:\/\/newmobility.news\/fr\/wp-json\/wp\/v2\/posts"}],"about":[{"href":"https:\/\/newmobility.news\/fr\/wp-json\/wp\/v2\/types\/post"}],"author":[{"embeddable":true,"href":"https:\/\/newmobility.news\/fr\/wp-json\/wp\/v2\/users\/715"}],"replies":[{"embeddable":true,"href":"https:\/\/newmobility.news\/fr\/wp-json\/wp\/v2\/comments?post=168816"}],"version-history":[{"count":0,"href":"https:\/\/newmobility.news\/fr\/wp-json\/wp\/v2\/posts\/168816\/revisions"}],"wp:featuredmedia":[{"embeddable":true,"href":"https:\/\/newmobility.news\/fr\/wp-json\/wp\/v2\/media\/168817"}],"wp:attachment":[{"href":"https:\/\/newmobility.news\/fr\/wp-json\/wp\/v2\/media?parent=168816"}],"wp:term":[{"taxonomy":"category","embeddable":true,"href":"https:\/\/newmobility.news\/fr\/wp-json\/wp\/v2\/categories?post=168816"},{"taxonomy":"post_tag","embeddable":true,"href":"https:\/\/newmobility.news\/fr\/wp-json\/wp\/v2\/tags?post=168816"}],"curies":[{"name":"wp","href":"https:\/\/api.w.org\/{rel}","templated":true}]}}