{"id":169570,"date":"2025-07-22T11:45:09","date_gmt":"2025-07-22T09:45:09","guid":{"rendered":"https:\/\/newmobility.news\/?p=169570"},"modified":"2025-07-25T12:14:14","modified_gmt":"2025-07-25T10:14:14","slug":"hyundai-boosts-focus-on-europe-and-us-with-flagship-ioniq-9","status":"publish","type":"post","link":"https:\/\/newmobility.news\/fr\/2025\/07\/22\/hyundai-boosts-focus-on-europe-and-us-with-flagship-ioniq-9\/","title":{"rendered":"Hyundai renforce sa pr\u00e9sence en Europe et aux \u00c9tats-Unis avec son mod\u00e8le phare Ioniq 9"},"content":{"rendered":"Les ventes nationales \u00e9tant d\u00e9j\u00e0 en baisse apr\u00e8s la forte augmentation initiale, Hyundai cible l'Europe et l'Am\u00e9rique du Nord comme march\u00e9s principaux pour son nouveau SUV \u00e9lectrique \u00e0 trois rang\u00e9es, le Ioniq 9. Les premiers mod\u00e8les sont d\u00e9sormais arriv\u00e9s sur le continent europ\u00e9en. Hyundai a d\u00e9voil\u00e9 son Ioniq 9 pour la premi\u00e8re fois en novembre 2024., <div class=\"leaky_paywall_message_wrap\"><div id=\"leaky_paywall_message\">Ce contenu a \u00e9t\u00e9 archiv\u00e9. <a href=\"https:\/\/newmobility.news\/fr\/subscription\/\">Connectez-vous ou inscrivez-vous<\/a> \u00e0 un niveau qui donne acc\u00e8s au contenu archiv\u00e9.<\/div><\/div>","protected":false},"excerpt":{"rendered":"<p>With domestic sales already declining after the initial surge, Hyundai is targeting Europe and North America as the primary markets for its new flagship three-row electric SUV, the Ioniq 9. The first models have now arrived on European shores. Hyundai first unveiled its Ioniq 9 in November 2024, This content has been archived. Log in [&hellip;]<\/p>\n","protected":false},"author":876,"featured_media":169591,"comment_status":"closed","ping_status":"closed","sticky":false,"template":"","format":"standard","meta":{"_acf_changed":false,"jetpack_post_was_ever_published":false,"_jetpack_newsletter_access":"","_jetpack_dont_email_post_to_subs":false,"_jetpack_newsletter_tier_id":0,"_jetpack_memberships_contains_paywalled_content":false,"_jetpack_memberships_contains_paid_content":false,"footnotes":"","jetpack_publicize_message":"","jetpack_publicize_feature_enabled":true,"jetpack_social_post_already_shared":true,"jetpack_social_options":{"image_generator_settings":{"template":"highway","default_image_id":0,"font":"","enabled":false},"version":2},"_wpas_customize_per_network":false},"categories":[16,77169,4,17],"tags":[],"class_list":["post-169570","post","type-post","status-publish","format-standard","has-post-thumbnail","hentry","category-industry","category-market","category-top-stories-today","category-weekly-newsletter"],"acf":[],"featured_image_urls_v2":{"full":["https:\/\/i0.wp.com\/newmobility.news\/wp-content\/uploads\/2025\/07\/hyundai-ioniq-9-0725-exterior-08-scaled.jpg?fit=2560%2C1707&ssl=1",2560,1707,false],"thumbnail":["https:\/\/i0.wp.com\/newmobility.news\/wp-content\/uploads\/2025\/07\/hyundai-ioniq-9-0725-exterior-08-scaled.jpg?resize=150%2C150&ssl=1",150,150,true],"medium":["https:\/\/i0.wp.com\/newmobility.news\/wp-content\/uploads\/2025\/07\/hyundai-ioniq-9-0725-exterior-08-scaled.jpg?fit=300%2C200&ssl=1",300,200,true],"medium_large":["https:\/\/i0.wp.com\/newmobility.news\/wp-content\/uploads\/2025\/07\/hyundai-ioniq-9-0725-exterior-08-scaled.jpg?fit=640%2C427&ssl=1",640,427,true],"large":["https:\/\/i0.wp.com\/newmobility.news\/wp-content\/uploads\/2025\/07\/hyundai-ioniq-9-0725-exterior-08-scaled.jpg?fit=640%2C427&ssl=1",640,427,true],"1536x1536":["https:\/\/i0.wp.com\/newmobility.news\/wp-content\/uploads\/2025\/07\/hyundai-ioniq-9-0725-exterior-08-scaled.jpg?fit=1536%2C1024&ssl=1",1536,1024,true],"2048x2048":["https:\/\/i0.wp.com\/newmobility.news\/wp-content\/uploads\/2025\/07\/hyundai-ioniq-9-0725-exterior-08-scaled.jpg?fit=2048%2C1365&ssl=1",2048,1365,true],"trp-custom-language-flag":["https:\/\/i0.wp.com\/newmobility.news\/wp-content\/uploads\/2025\/07\/hyundai-ioniq-9-0725-exterior-08-scaled.jpg?fit=18%2C12&ssl=1",18,12,true],"related-thumb":["https:\/\/i0.wp.com\/newmobility.news\/wp-content\/uploads\/2025\/07\/hyundai-ioniq-9-0725-exterior-08-scaled.jpg?resize=640%2C480&ssl=1",640,480,true],"gform-image-choice-sm":["https:\/\/i0.wp.com\/newmobility.news\/wp-content\/uploads\/2025\/07\/hyundai-ioniq-9-0725-exterior-08-scaled.jpg?resize=300%2C300&ssl=1",300,300,true],"gform-image-choice-md":["https:\/\/i0.wp.com\/newmobility.news\/wp-content\/uploads\/2025\/07\/hyundai-ioniq-9-0725-exterior-08-scaled.jpg?resize=400%2C400&ssl=1",400,400,true],"gform-image-choice-lg":["https:\/\/i0.wp.com\/newmobility.news\/wp-content\/uploads\/2025\/07\/hyundai-ioniq-9-0725-exterior-08-scaled.jpg?resize=600%2C600&ssl=1",600,600,true],"mailchimp":["https:\/\/i0.wp.com\/newmobility.news\/wp-content\/uploads\/2025\/07\/hyundai-ioniq-9-0725-exterior-08-scaled.jpg?fit=560%2C373&ssl=1",560,373,true],"unipress-phone":["https:\/\/i0.wp.com\/newmobility.news\/wp-content\/uploads\/2025\/07\/hyundai-ioniq-9-0725-exterior-08-scaled.jpg?resize=640%2C100&ssl=1",640,100,true],"unipress-tablet":["https:\/\/i0.wp.com\/newmobility.news\/wp-content\/uploads\/2025\/07\/hyundai-ioniq-9-0725-exterior-08-scaled.jpg?resize=1536%2C240&ssl=1",1536,240,true],"unipress-tablet-portrait":["https:\/\/i0.wp.com\/newmobility.news\/wp-content\/uploads\/2025\/07\/hyundai-ioniq-9-0725-exterior-08-scaled.jpg?resize=1536%2C180&ssl=1",1536,180,true],"unipress-tablet-landscape":["https:\/\/i0.wp.com\/newmobility.news\/wp-content\/uploads\/2025\/07\/hyundai-ioniq-9-0725-exterior-08-scaled.jpg?resize=2048%2C180&ssl=1",2048,180,true],"unipress-smartphone":["https:\/\/i0.wp.com\/newmobility.news\/wp-content\/uploads\/2025\/07\/hyundai-ioniq-9-0725-exterior-08-scaled.jpg?resize=1080%2C168&ssl=1",1080,168,true],"unipress-wide-screen":["https:\/\/i0.wp.com\/newmobility.news\/wp-content\/uploads\/2025\/07\/hyundai-ioniq-9-0725-exterior-08-scaled.jpg?resize=2560%2C180&ssl=1",2560,180,true]},"post_excerpt_stackable_v2":"<p>With domestic sales already declining after the initial surge, Hyundai is targeting Europe and North America as the primary markets for its new flagship three-row electric SUV, the Ioniq 9. The first models have now arrived on European shores. Hyundai first unveiled its Ioniq 9 in November 2024, This content has been archived. Log in or Subscribe to a level that has access to archived content.<\/p>\n","category_list_v2":"<a href=\"https:\/\/newmobility.news\/fr\/category\/industry\/\" rel=\"category tag\">Industry<\/a>, <a href=\"https:\/\/newmobility.news\/fr\/category\/market\/\" rel=\"category tag\">Market<\/a>, <a href=\"https:\/\/newmobility.news\/fr\/category\/top-stories-today\/\" rel=\"category tag\">Top Stories Today<\/a>, <a href=\"https:\/\/newmobility.news\/fr\/category\/weekly-newsletter\/\" rel=\"category tag\">Weekly Newsletter<\/a>","author_info_v2":{"name":"Yeelen M\u00f6ller","url":"https:\/\/newmobility.news\/fr\/author\/yeelenmhotmail-com\/"},"comments_num_v2":"0 comments","yoast_head":"<!-- This site is optimized with the Yoast SEO plugin v27.5 - https:\/\/yoast.com\/product\/yoast-seo-wordpress\/ -->\n<title>Hyundai boosts focus on Europe and US with flagship Ioniq 9 - newmobility.news<\/title>\n<meta name=\"robots\" content=\"index, follow, max-snippet:-1, max-image-preview:large, max-video-preview:-1\" \/>\n<link rel=\"canonical\" href=\"https:\/\/newmobility.news\/fr\/2025\/07\/22\/hyundai-boosts-focus-on-europe-and-us-with-flagship-ioniq-9\/\" \/>\n<meta property=\"og:locale\" content=\"fr_FR\" \/>\n<meta property=\"og:type\" content=\"article\" \/>\n<meta property=\"og:title\" content=\"Hyundai boosts focus on Europe and US with flagship Ioniq 9 - newmobility.news\" \/>\n<meta property=\"og:description\" content=\"With domestic sales already declining after the initial surge, Hyundai is targeting Europe and North America as the primary markets for its new flagship three-row electric SUV, the Ioniq 9. The first models have now arrived on European shores. Hyundai first unveiled its Ioniq 9 in November 2024, This content has been archived. Log in [&hellip;]\" \/>\n<meta property=\"og:url\" content=\"https:\/\/newmobility.news\/fr\/2025\/07\/22\/hyundai-boosts-focus-on-europe-and-us-with-flagship-ioniq-9\/\" \/>\n<meta property=\"og:site_name\" content=\"newmobility.news\" \/>\n<meta property=\"article:publisher\" content=\"https:\/\/www.facebook.com\/search\/top\/?q=newmobility.news\" \/>\n<meta property=\"article:published_time\" content=\"2025-07-22T09:45:09+00:00\" \/>\n<meta property=\"article:modified_time\" content=\"2025-07-25T10:14:14+00:00\" \/>\n<meta property=\"og:image\" content=\"https:\/\/newmobility.news\/wp-content\/uploads\/2025\/07\/hyundai-ioniq-9-0725-exterior-08-scaled.jpg\" \/>\n\t<meta property=\"og:image:width\" content=\"2560\" \/>\n\t<meta property=\"og:image:height\" content=\"1707\" \/>\n\t<meta property=\"og:image:type\" content=\"image\/jpeg\" \/>\n<meta name=\"author\" content=\"Yeelen M\u00f6ller\" \/>\n<meta name=\"twitter:card\" content=\"summary_large_image\" \/>\n<meta name=\"twitter:creator\" content=\"@jorisvry\" \/>\n<meta name=\"twitter:site\" content=\"@jorisvry\" \/>\n<meta name=\"twitter:label1\" content=\"\u00c9crit par\" \/>\n\t<meta name=\"twitter:data1\" content=\"Yeelen M\u00f6ller\" \/>\n\t<meta name=\"twitter:label2\" content=\"Dur\u00e9e de lecture est.\" \/>\n\t<meta name=\"twitter:data2\" content=\"3 minutes\" \/>\n<script type=\"application\/ld+json\" class=\"yoast-schema-graph\">{\"@context\":\"https:\\\/\\\/schema.org\",\"@graph\":[{\"@type\":\"Article\",\"@id\":\"https:\\\/\\\/newmobility.news\\\/2025\\\/07\\\/22\\\/hyundai-boosts-focus-on-europe-and-us-with-flagship-ioniq-9\\\/#article\",\"isPartOf\":{\"@id\":\"https:\\\/\\\/newmobility.news\\\/2025\\\/07\\\/22\\\/hyundai-boosts-focus-on-europe-and-us-with-flagship-ioniq-9\\\/\"},\"author\":{\"name\":\"Yeelen M\u00f6ller\",\"@id\":\"https:\\\/\\\/newmobility.news\\\/#\\\/schema\\\/person\\\/3eeadfd7f121788397dc8c80516604ee\"},\"headline\":\"Hyundai boosts focus on Europe and US with flagship Ioniq 9\",\"datePublished\":\"2025-07-22T09:45:09+00:00\",\"dateModified\":\"2025-07-25T10:14:14+00:00\",\"mainEntityOfPage\":{\"@id\":\"https:\\\/\\\/newmobility.news\\\/2025\\\/07\\\/22\\\/hyundai-boosts-focus-on-europe-and-us-with-flagship-ioniq-9\\\/\"},\"wordCount\":417,\"publisher\":{\"@id\":\"https:\\\/\\\/newmobility.news\\\/#organization\"},\"image\":{\"@id\":\"https:\\\/\\\/newmobility.news\\\/2025\\\/07\\\/22\\\/hyundai-boosts-focus-on-europe-and-us-with-flagship-ioniq-9\\\/#primaryimage\"},\"thumbnailUrl\":\"https:\\\/\\\/i0.wp.com\\\/newmobility.news\\\/wp-content\\\/uploads\\\/2025\\\/07\\\/hyundai-ioniq-9-0725-exterior-08-scaled.jpg?fit=2560%2C1707&ssl=1\",\"articleSection\":[\"Industry\",\"Market\",\"Top Stories Today\",\"Weekly Newsletter\"],\"inLanguage\":\"fr-BE\"},{\"@type\":\"WebPage\",\"@id\":\"https:\\\/\\\/newmobility.news\\\/2025\\\/07\\\/22\\\/hyundai-boosts-focus-on-europe-and-us-with-flagship-ioniq-9\\\/\",\"url\":\"https:\\\/\\\/newmobility.news\\\/2025\\\/07\\\/22\\\/hyundai-boosts-focus-on-europe-and-us-with-flagship-ioniq-9\\\/\",\"name\":\"Hyundai boosts focus on Europe and US with flagship Ioniq 9 - newmobility.news\",\"isPartOf\":{\"@id\":\"https:\\\/\\\/newmobility.news\\\/#website\"},\"primaryImageOfPage\":{\"@id\":\"https:\\\/\\\/newmobility.news\\\/2025\\\/07\\\/22\\\/hyundai-boosts-focus-on-europe-and-us-with-flagship-ioniq-9\\\/#primaryimage\"},\"image\":{\"@id\":\"https:\\\/\\\/newmobility.news\\\/2025\\\/07\\\/22\\\/hyundai-boosts-focus-on-europe-and-us-with-flagship-ioniq-9\\\/#primaryimage\"},\"thumbnailUrl\":\"https:\\\/\\\/i0.wp.com\\\/newmobility.news\\\/wp-content\\\/uploads\\\/2025\\\/07\\\/hyundai-ioniq-9-0725-exterior-08-scaled.jpg?fit=2560%2C1707&ssl=1\",\"datePublished\":\"2025-07-22T09:45:09+00:00\",\"dateModified\":\"2025-07-25T10:14:14+00:00\",\"breadcrumb\":{\"@id\":\"https:\\\/\\\/newmobility.news\\\/2025\\\/07\\\/22\\\/hyundai-boosts-focus-on-europe-and-us-with-flagship-ioniq-9\\\/#breadcrumb\"},\"inLanguage\":\"fr-BE\",\"potentialAction\":[{\"@type\":\"ReadAction\",\"target\":[\"https:\\\/\\\/newmobility.news\\\/2025\\\/07\\\/22\\\/hyundai-boosts-focus-on-europe-and-us-with-flagship-ioniq-9\\\/\"]}]},{\"@type\":\"ImageObject\",\"inLanguage\":\"fr-BE\",\"@id\":\"https:\\\/\\\/newmobility.news\\\/2025\\\/07\\\/22\\\/hyundai-boosts-focus-on-europe-and-us-with-flagship-ioniq-9\\\/#primaryimage\",\"url\":\"https:\\\/\\\/i0.wp.com\\\/newmobility.news\\\/wp-content\\\/uploads\\\/2025\\\/07\\\/hyundai-ioniq-9-0725-exterior-08-scaled.jpg?fit=2560%2C1707&ssl=1\",\"contentUrl\":\"https:\\\/\\\/i0.wp.com\\\/newmobility.news\\\/wp-content\\\/uploads\\\/2025\\\/07\\\/hyundai-ioniq-9-0725-exterior-08-scaled.jpg?fit=2560%2C1707&ssl=1\",\"width\":2560,\"height\":1707,\"caption\":\"The Ioniq 9 is Hyundai's new electric flagship, with the highest price tag for the brand to date \\\/ Hyundai\"},{\"@type\":\"BreadcrumbList\",\"@id\":\"https:\\\/\\\/newmobility.news\\\/2025\\\/07\\\/22\\\/hyundai-boosts-focus-on-europe-and-us-with-flagship-ioniq-9\\\/#breadcrumb\",\"itemListElement\":[{\"@type\":\"ListItem\",\"position\":1,\"name\":\"Home\",\"item\":\"https:\\\/\\\/newmobility.news\\\/\"},{\"@type\":\"ListItem\",\"position\":2,\"name\":\"Hyundai boosts focus on Europe and US with flagship Ioniq 9\"}]},{\"@type\":\"WebSite\",\"@id\":\"https:\\\/\\\/newmobility.news\\\/#website\",\"url\":\"https:\\\/\\\/newmobility.news\\\/\",\"name\":\"newmobility.news\",\"description\":\"A B2BNews Agency\u00ae news service for mobility business proessional\",\"publisher\":{\"@id\":\"https:\\\/\\\/newmobility.news\\\/#organization\"},\"potentialAction\":[{\"@type\":\"SearchAction\",\"target\":{\"@type\":\"EntryPoint\",\"urlTemplate\":\"https:\\\/\\\/newmobility.news\\\/?s={search_term_string}\"},\"query-input\":{\"@type\":\"PropertyValueSpecification\",\"valueRequired\":true,\"valueName\":\"search_term_string\"}}],\"inLanguage\":\"fr-BE\"},{\"@type\":\"Organization\",\"@id\":\"https:\\\/\\\/newmobility.news\\\/#organization\",\"name\":\"B2BNews Agency\",\"url\":\"https:\\\/\\\/newmobility.news\\\/\",\"logo\":{\"@type\":\"ImageObject\",\"inLanguage\":\"fr-BE\",\"@id\":\"https:\\\/\\\/newmobility.news\\\/#\\\/schema\\\/logo\\\/image\\\/\",\"url\":\"https:\\\/\\\/newmobility.news\\\/wp-content\\\/uploads\\\/2018\\\/01\\\/b2bnews-agency-logo.png\",\"contentUrl\":\"https:\\\/\\\/newmobility.news\\\/wp-content\\\/uploads\\\/2018\\\/01\\\/b2bnews-agency-logo.png\",\"width\":\"581\",\"height\":\"117\",\"caption\":\"B2BNews Agency\"},\"image\":{\"@id\":\"https:\\\/\\\/newmobility.news\\\/#\\\/schema\\\/logo\\\/image\\\/\"},\"sameAs\":[\"https:\\\/\\\/www.facebook.com\\\/search\\\/top\\\/?q=newmobility.news\",\"https:\\\/\\\/x.com\\\/jorisvry\",\"https:\\\/\\\/www.linkedin.com\\\/in\\\/jorisvanroy\\\/\",\"https:\\\/\\\/nl.pinterest.com\\\/jorisvanroy\\\/\"]},{\"@type\":\"Person\",\"@id\":\"https:\\\/\\\/newmobility.news\\\/#\\\/schema\\\/person\\\/3eeadfd7f121788397dc8c80516604ee\",\"name\":\"Yeelen M\u00f6ller\",\"image\":{\"@type\":\"ImageObject\",\"inLanguage\":\"fr-BE\",\"@id\":\"https:\\\/\\\/secure.gravatar.com\\\/avatar\\\/dcc7b7a3333f503cecd070ec7fa547bc999b9caea01fdd878a8c137081466f4a?s=96&d=mm&r=g\",\"url\":\"https:\\\/\\\/secure.gravatar.com\\\/avatar\\\/dcc7b7a3333f503cecd070ec7fa547bc999b9caea01fdd878a8c137081466f4a?s=96&d=mm&r=g\",\"contentUrl\":\"https:\\\/\\\/secure.gravatar.com\\\/avatar\\\/dcc7b7a3333f503cecd070ec7fa547bc999b9caea01fdd878a8c137081466f4a?s=96&d=mm&r=g\",\"caption\":\"Yeelen M\u00f6ller\"},\"url\":\"https:\\\/\\\/newmobility.news\\\/fr\\\/author\\\/yeelenmhotmail-com\\\/\"}]}<\/script>\n<!-- \/ Yoast SEO plugin. -->","yoast_head_json":{"title":"Hyundai renforce sa pr\u00e9sence en Europe et aux \u00c9tats-Unis avec son mod\u00e8le phare Ioniq 9 - newmobility.news","robots":{"index":"index","follow":"follow","max-snippet":"max-snippet:-1","max-image-preview":"max-image-preview:large","max-video-preview":"max-video-preview:-1"},"canonical":"https:\/\/newmobility.news\/fr\/2025\/07\/22\/hyundai-boosts-focus-on-europe-and-us-with-flagship-ioniq-9\/","og_locale":"fr_FR","og_type":"article","og_title":"Hyundai boosts focus on Europe and US with flagship Ioniq 9 - newmobility.news","og_description":"With domestic sales already declining after the initial surge, Hyundai is targeting Europe and North America as the primary markets for its new flagship three-row electric SUV, the Ioniq 9. The first models have now arrived on European shores. Hyundai first unveiled its Ioniq 9 in November 2024, This content has been archived. Log in [&hellip;]","og_url":"https:\/\/newmobility.news\/fr\/2025\/07\/22\/hyundai-boosts-focus-on-europe-and-us-with-flagship-ioniq-9\/","og_site_name":"newmobility.news","article_publisher":"https:\/\/www.facebook.com\/search\/top\/?q=newmobility.news","article_published_time":"2025-07-22T09:45:09+00:00","article_modified_time":"2025-07-25T10:14:14+00:00","og_image":[{"width":2560,"height":1707,"url":"https:\/\/newmobility.news\/wp-content\/uploads\/2025\/07\/hyundai-ioniq-9-0725-exterior-08-scaled.jpg","type":"image\/jpeg"}],"author":"Yeelen M\u00f6ller","twitter_card":"summary_large_image","twitter_creator":"@jorisvry","twitter_site":"@jorisvry","twitter_misc":{"\u00c9crit par":"Yeelen M\u00f6ller","Dur\u00e9e de lecture est.":"3 minutes"},"schema":{"@context":"https:\/\/schema.org","@graph":[{"@type":"Article","@id":"https:\/\/newmobility.news\/2025\/07\/22\/hyundai-boosts-focus-on-europe-and-us-with-flagship-ioniq-9\/#article","isPartOf":{"@id":"https:\/\/newmobility.news\/2025\/07\/22\/hyundai-boosts-focus-on-europe-and-us-with-flagship-ioniq-9\/"},"author":{"name":"Yeelen M\u00f6ller","@id":"https:\/\/newmobility.news\/#\/schema\/person\/3eeadfd7f121788397dc8c80516604ee"},"headline":"Hyundai boosts focus on Europe and US with flagship Ioniq 9","datePublished":"2025-07-22T09:45:09+00:00","dateModified":"2025-07-25T10:14:14+00:00","mainEntityOfPage":{"@id":"https:\/\/newmobility.news\/2025\/07\/22\/hyundai-boosts-focus-on-europe-and-us-with-flagship-ioniq-9\/"},"wordCount":417,"publisher":{"@id":"https:\/\/newmobility.news\/#organization"},"image":{"@id":"https:\/\/newmobility.news\/2025\/07\/22\/hyundai-boosts-focus-on-europe-and-us-with-flagship-ioniq-9\/#primaryimage"},"thumbnailUrl":"https:\/\/i0.wp.com\/newmobility.news\/wp-content\/uploads\/2025\/07\/hyundai-ioniq-9-0725-exterior-08-scaled.jpg?fit=2560%2C1707&ssl=1","articleSection":["Industry","Market","Top Stories Today","Weekly Newsletter"],"inLanguage":"fr-BE"},{"@type":"WebPage","@id":"https:\/\/newmobility.news\/2025\/07\/22\/hyundai-boosts-focus-on-europe-and-us-with-flagship-ioniq-9\/","url":"https:\/\/newmobility.news\/2025\/07\/22\/hyundai-boosts-focus-on-europe-and-us-with-flagship-ioniq-9\/","name":"Hyundai renforce sa pr\u00e9sence en Europe et aux \u00c9tats-Unis avec son mod\u00e8le phare Ioniq 9 - newmobility.news","isPartOf":{"@id":"https:\/\/newmobility.news\/#website"},"primaryImageOfPage":{"@id":"https:\/\/newmobility.news\/2025\/07\/22\/hyundai-boosts-focus-on-europe-and-us-with-flagship-ioniq-9\/#primaryimage"},"image":{"@id":"https:\/\/newmobility.news\/2025\/07\/22\/hyundai-boosts-focus-on-europe-and-us-with-flagship-ioniq-9\/#primaryimage"},"thumbnailUrl":"https:\/\/i0.wp.com\/newmobility.news\/wp-content\/uploads\/2025\/07\/hyundai-ioniq-9-0725-exterior-08-scaled.jpg?fit=2560%2C1707&ssl=1","datePublished":"2025-07-22T09:45:09+00:00","dateModified":"2025-07-25T10:14:14+00:00","breadcrumb":{"@id":"https:\/\/newmobility.news\/2025\/07\/22\/hyundai-boosts-focus-on-europe-and-us-with-flagship-ioniq-9\/#breadcrumb"},"inLanguage":"fr-BE","potentialAction":[{"@type":"ReadAction","target":["https:\/\/newmobility.news\/2025\/07\/22\/hyundai-boosts-focus-on-europe-and-us-with-flagship-ioniq-9\/"]}]},{"@type":"ImageObject","inLanguage":"fr-BE","@id":"https:\/\/newmobility.news\/2025\/07\/22\/hyundai-boosts-focus-on-europe-and-us-with-flagship-ioniq-9\/#primaryimage","url":"https:\/\/i0.wp.com\/newmobility.news\/wp-content\/uploads\/2025\/07\/hyundai-ioniq-9-0725-exterior-08-scaled.jpg?fit=2560%2C1707&ssl=1","contentUrl":"https:\/\/i0.wp.com\/newmobility.news\/wp-content\/uploads\/2025\/07\/hyundai-ioniq-9-0725-exterior-08-scaled.jpg?fit=2560%2C1707&ssl=1","width":2560,"height":1707,"caption":"The Ioniq 9 is Hyundai's new electric flagship, with the highest price tag for the brand to date \/ Hyundai"},{"@type":"BreadcrumbList","@id":"https:\/\/newmobility.news\/2025\/07\/22\/hyundai-boosts-focus-on-europe-and-us-with-flagship-ioniq-9\/#breadcrumb","itemListElement":[{"@type":"ListItem","position":1,"name":"Home","item":"https:\/\/newmobility.news\/"},{"@type":"ListItem","position":2,"name":"Hyundai boosts focus on Europe and US with flagship Ioniq 9"}]},{"@type":"WebSite","@id":"https:\/\/newmobility.news\/#website","url":"https:\/\/newmobility.news\/","name":"nouveaumobilit\u00e9.actualit\u00e9s","description":"Un service d'information B2BNews Agency\u00ae destin\u00e9 aux professionnels de la mobilit\u00e9","publisher":{"@id":"https:\/\/newmobility.news\/#organization"},"potentialAction":[{"@type":"SearchAction","target":{"@type":"EntryPoint","urlTemplate":"https:\/\/newmobility.news\/?s={search_term_string}"},"query-input":{"@type":"PropertyValueSpecification","valueRequired":true,"valueName":"search_term_string"}}],"inLanguage":"fr-BE"},{"@type":"Organization","@id":"https:\/\/newmobility.news\/#organization","name":"Agence de presse B2BNews","url":"https:\/\/newmobility.news\/","logo":{"@type":"ImageObject","inLanguage":"fr-BE","@id":"https:\/\/newmobility.news\/#\/schema\/logo\/image\/","url":"https:\/\/newmobility.news\/wp-content\/uploads\/2018\/01\/b2bnews-agency-logo.png","contentUrl":"https:\/\/newmobility.news\/wp-content\/uploads\/2018\/01\/b2bnews-agency-logo.png","width":"581","height":"117","caption":"B2BNews Agency"},"image":{"@id":"https:\/\/newmobility.news\/#\/schema\/logo\/image\/"},"sameAs":["https:\/\/www.facebook.com\/search\/top\/?q=newmobility.news","https:\/\/x.com\/jorisvry","https:\/\/www.linkedin.com\/in\/jorisvanroy\/","https:\/\/nl.pinterest.com\/jorisvanroy\/"]},{"@type":"Person","@id":"https:\/\/newmobility.news\/#\/schema\/person\/3eeadfd7f121788397dc8c80516604ee","name":"Yeelen M\u00f6ller","image":{"@type":"ImageObject","inLanguage":"fr-BE","@id":"https:\/\/secure.gravatar.com\/avatar\/dcc7b7a3333f503cecd070ec7fa547bc999b9caea01fdd878a8c137081466f4a?s=96&d=mm&r=g","url":"https:\/\/secure.gravatar.com\/avatar\/dcc7b7a3333f503cecd070ec7fa547bc999b9caea01fdd878a8c137081466f4a?s=96&d=mm&r=g","contentUrl":"https:\/\/secure.gravatar.com\/avatar\/dcc7b7a3333f503cecd070ec7fa547bc999b9caea01fdd878a8c137081466f4a?s=96&d=mm&r=g","caption":"Yeelen M\u00f6ller"},"url":"https:\/\/newmobility.news\/fr\/author\/yeelenmhotmail-com\/"}]}},"jetpack_publicize_connections":[],"jetpack_featured_media_url":"https:\/\/i0.wp.com\/newmobility.news\/wp-content\/uploads\/2025\/07\/hyundai-ioniq-9-0725-exterior-08-scaled.jpg?fit=2560%2C1707&ssl=1","jetpack_shortlink":"https:\/\/wp.me\/p9wJdU-I70","jetpack_sharing_enabled":true,"jetpack_likes_enabled":true,"jetpack-related-posts":[],"_links":{"self":[{"href":"https:\/\/newmobility.news\/fr\/wp-json\/wp\/v2\/posts\/169570","targetHints":{"allow":["GET"]}}],"collection":[{"href":"https:\/\/newmobility.news\/fr\/wp-json\/wp\/v2\/posts"}],"about":[{"href":"https:\/\/newmobility.news\/fr\/wp-json\/wp\/v2\/types\/post"}],"author":[{"embeddable":true,"href":"https:\/\/newmobility.news\/fr\/wp-json\/wp\/v2\/users\/876"}],"replies":[{"embeddable":true,"href":"https:\/\/newmobility.news\/fr\/wp-json\/wp\/v2\/comments?post=169570"}],"version-history":[{"count":5,"href":"https:\/\/newmobility.news\/fr\/wp-json\/wp\/v2\/posts\/169570\/revisions"}],"predecessor-version":[{"id":169610,"href":"https:\/\/newmobility.news\/fr\/wp-json\/wp\/v2\/posts\/169570\/revisions\/169610"}],"wp:featuredmedia":[{"embeddable":true,"href":"https:\/\/newmobility.news\/fr\/wp-json\/wp\/v2\/media\/169591"}],"wp:attachment":[{"href":"https:\/\/newmobility.news\/fr\/wp-json\/wp\/v2\/media?parent=169570"}],"wp:term":[{"taxonomy":"category","embeddable":true,"href":"https:\/\/newmobility.news\/fr\/wp-json\/wp\/v2\/categories?post=169570"},{"taxonomy":"post_tag","embeddable":true,"href":"https:\/\/newmobility.news\/fr\/wp-json\/wp\/v2\/tags?post=169570"}],"curies":[{"name":"wp","href":"https:\/\/api.w.org\/{rel}","templated":true}]}}