{"id":173115,"date":"2025-07-30T10:01:02","date_gmt":"2025-07-30T08:01:02","guid":{"rendered":"https:\/\/newmobility.news\/?p=173115"},"modified":"2025-07-30T10:01:02","modified_gmt":"2025-07-30T08:01:02","slug":"will-francois-provost-be-renaults-new-ceo","status":"publish","type":"post","link":"https:\/\/newmobility.news\/fr\/2025\/07\/30\/will-francois-provost-be-renaults-new-ceo\/","title":{"rendered":"Fran\u00e7ois Provost sera-t-il le nouveau PDG de Renault ?"},"content":{"rendered":"Selon Bloomberg et Le Figaro, le conseil d'administration de Renault annoncera aujourd'hui la nomination de Fran\u00e7ois Provost, directeur des achats chez Renault, au poste de PDG du groupe Renault, en remplacement de Luca de Meo, qui a quitt\u00e9 le groupe de mani\u00e8re inattendue pour diriger le groupe de luxe Kering. Un <div class=\"leaky_paywall_message_wrap\"><div id=\"leaky_paywall_message\">Ce contenu a \u00e9t\u00e9 archiv\u00e9. <a href=\"https:\/\/newmobility.news\/fr\/subscription\/\">Connectez-vous ou inscrivez-vous<\/a> \u00e0 un niveau qui donne acc\u00e8s au contenu archiv\u00e9.<\/div><\/div>","protected":false},"excerpt":{"rendered":"<p>According to Bloomberg and Le Figaro, the Renault board will announce today that Fran\u00e7ois Provost, Chief Purchasing Officer at Renault, will be appointed to a new position as CEO of the Renault Group, in succession to Luca de Meo, who left the group suddenly to lead the Kering luxury group. One This content has been [&hellip;]<\/p>\n","protected":false},"author":13,"featured_media":173122,"comment_status":"closed","ping_status":"closed","sticky":false,"template":"","format":"standard","meta":{"_acf_changed":false,"jetpack_post_was_ever_published":false,"_jetpack_newsletter_access":"","_jetpack_dont_email_post_to_subs":false,"_jetpack_newsletter_tier_id":0,"_jetpack_memberships_contains_paywalled_content":false,"_jetpack_memberships_contains_paid_content":false,"footnotes":"","jetpack_publicize_message":"","jetpack_publicize_feature_enabled":true,"jetpack_social_post_already_shared":true,"jetpack_social_options":{"image_generator_settings":{"template":"highway","default_image_id":0,"font":"","enabled":false},"version":2},"_wpas_customize_per_network":false},"categories":[5,16,32,4],"tags":[],"class_list":["post-173115","post","type-post","status-publish","format-standard","has-post-thumbnail","hentry","category-breaking-news","category-industry","category-portrait","category-top-stories-today"],"acf":[],"featured_image_urls_v2":{"full":["https:\/\/i0.wp.com\/newmobility.news\/wp-content\/uploads\/2025\/07\/Scherm%C2%ADafbeelding-2025-07-30-om-09.10.39.png?fit=1798%2C1186&ssl=1",1798,1186,false],"thumbnail":["https:\/\/i0.wp.com\/newmobility.news\/wp-content\/uploads\/2025\/07\/Scherm%C2%ADafbeelding-2025-07-30-om-09.10.39.png?resize=150%2C150&ssl=1",150,150,true],"medium":["https:\/\/i0.wp.com\/newmobility.news\/wp-content\/uploads\/2025\/07\/Scherm%C2%ADafbeelding-2025-07-30-om-09.10.39.png?fit=300%2C198&ssl=1",300,198,true],"medium_large":["https:\/\/i0.wp.com\/newmobility.news\/wp-content\/uploads\/2025\/07\/Scherm%C2%ADafbeelding-2025-07-30-om-09.10.39.png?fit=640%2C422&ssl=1",640,422,true],"large":["https:\/\/i0.wp.com\/newmobility.news\/wp-content\/uploads\/2025\/07\/Scherm%C2%ADafbeelding-2025-07-30-om-09.10.39.png?fit=640%2C422&ssl=1",640,422,true],"1536x1536":["https:\/\/i0.wp.com\/newmobility.news\/wp-content\/uploads\/2025\/07\/Scherm%C2%ADafbeelding-2025-07-30-om-09.10.39.png?fit=1536%2C1013&ssl=1",1536,1013,true],"2048x2048":["https:\/\/i0.wp.com\/newmobility.news\/wp-content\/uploads\/2025\/07\/Scherm%C2%ADafbeelding-2025-07-30-om-09.10.39.png?fit=1798%2C1186&ssl=1",1798,1186,true],"trp-custom-language-flag":["https:\/\/i0.wp.com\/newmobility.news\/wp-content\/uploads\/2025\/07\/Scherm%C2%ADafbeelding-2025-07-30-om-09.10.39.png?fit=18%2C12&ssl=1",18,12,true],"related-thumb":["https:\/\/i0.wp.com\/newmobility.news\/wp-content\/uploads\/2025\/07\/Scherm%C2%ADafbeelding-2025-07-30-om-09.10.39.png?resize=640%2C480&ssl=1",640,480,true],"gform-image-choice-sm":["https:\/\/i0.wp.com\/newmobility.news\/wp-content\/uploads\/2025\/07\/Scherm%C2%ADafbeelding-2025-07-30-om-09.10.39.png?resize=300%2C300&ssl=1",300,300,true],"gform-image-choice-md":["https:\/\/i0.wp.com\/newmobility.news\/wp-content\/uploads\/2025\/07\/Scherm%C2%ADafbeelding-2025-07-30-om-09.10.39.png?resize=400%2C400&ssl=1",400,400,true],"gform-image-choice-lg":["https:\/\/i0.wp.com\/newmobility.news\/wp-content\/uploads\/2025\/07\/Scherm%C2%ADafbeelding-2025-07-30-om-09.10.39.png?resize=600%2C600&ssl=1",600,600,true],"mailchimp":["https:\/\/i0.wp.com\/newmobility.news\/wp-content\/uploads\/2025\/07\/Scherm%C2%ADafbeelding-2025-07-30-om-09.10.39.png?fit=560%2C369&ssl=1",560,369,true],"unipress-phone":["https:\/\/i0.wp.com\/newmobility.news\/wp-content\/uploads\/2025\/07\/Scherm%C2%ADafbeelding-2025-07-30-om-09.10.39.png?resize=640%2C100&ssl=1",640,100,true],"unipress-tablet":["https:\/\/i0.wp.com\/newmobility.news\/wp-content\/uploads\/2025\/07\/Scherm%C2%ADafbeelding-2025-07-30-om-09.10.39.png?resize=1536%2C240&ssl=1",1536,240,true],"unipress-tablet-portrait":["https:\/\/i0.wp.com\/newmobility.news\/wp-content\/uploads\/2025\/07\/Scherm%C2%ADafbeelding-2025-07-30-om-09.10.39.png?resize=1536%2C180&ssl=1",1536,180,true],"unipress-tablet-landscape":["https:\/\/i0.wp.com\/newmobility.news\/wp-content\/uploads\/2025\/07\/Scherm%C2%ADafbeelding-2025-07-30-om-09.10.39.png?resize=1798%2C180&ssl=1",1798,180,true],"unipress-smartphone":["https:\/\/i0.wp.com\/newmobility.news\/wp-content\/uploads\/2025\/07\/Scherm%C2%ADafbeelding-2025-07-30-om-09.10.39.png?resize=1080%2C168&ssl=1",1080,168,true],"unipress-wide-screen":["https:\/\/i0.wp.com\/newmobility.news\/wp-content\/uploads\/2025\/07\/Scherm%C2%ADafbeelding-2025-07-30-om-09.10.39.png?resize=1798%2C180&ssl=1",1798,180,true]},"post_excerpt_stackable_v2":"<p>According to Bloomberg and Le Figaro, the Renault board will announce today that Fran\u00e7ois Provost, Chief Purchasing Officer at Renault, will be appointed to a new position as CEO of the Renault Group, in succession to Luca de Meo, who left the group suddenly to lead the Kering luxury group. One This content has been archived. Log in or Subscribe to a level that has access to archived content.<\/p>\n","category_list_v2":"<a href=\"https:\/\/newmobility.news\/fr\/category\/breaking-news\/\" rel=\"category tag\">Breaking News<\/a>, <a href=\"https:\/\/newmobility.news\/fr\/category\/industry\/\" rel=\"category tag\">Industry<\/a>, <a href=\"https:\/\/newmobility.news\/fr\/category\/portrait\/\" rel=\"category tag\">Portrait<\/a>, <a href=\"https:\/\/newmobility.news\/fr\/category\/top-stories-today\/\" rel=\"category tag\">Top Stories Today<\/a>","author_info_v2":{"name":"Tony Verhelle","url":"https:\/\/newmobility.news\/fr\/author\/toverbel\/"},"comments_num_v2":"0 comments","yoast_head":"<!-- This site is optimized with the Yoast SEO plugin v27.5 - https:\/\/yoast.com\/product\/yoast-seo-wordpress\/ -->\n<title>Will Fran\u00e7ois Provost be Renault&#039;s new CEO? - newmobility.news<\/title>\n<meta name=\"robots\" content=\"index, follow, max-snippet:-1, max-image-preview:large, max-video-preview:-1\" \/>\n<link rel=\"canonical\" href=\"https:\/\/newmobility.news\/fr\/2025\/07\/30\/will-francois-provost-be-renaults-new-ceo\/\" \/>\n<meta property=\"og:locale\" content=\"fr_FR\" \/>\n<meta property=\"og:type\" content=\"article\" \/>\n<meta property=\"og:title\" content=\"Will Fran\u00e7ois Provost be Renault&#039;s new CEO? - newmobility.news\" \/>\n<meta property=\"og:description\" content=\"According to Bloomberg and Le Figaro, the Renault board will announce today that Fran\u00e7ois Provost, Chief Purchasing Officer at Renault, will be appointed to a new position as CEO of the Renault Group, in succession to Luca de Meo, who left the group suddenly to lead the Kering luxury group. One This content has been [&hellip;]\" \/>\n<meta property=\"og:url\" content=\"https:\/\/newmobility.news\/fr\/2025\/07\/30\/will-francois-provost-be-renaults-new-ceo\/\" \/>\n<meta property=\"og:site_name\" content=\"newmobility.news\" \/>\n<meta property=\"article:publisher\" content=\"https:\/\/www.facebook.com\/search\/top\/?q=newmobility.news\" \/>\n<meta property=\"article:published_time\" content=\"2025-07-30T08:01:02+00:00\" \/>\n<meta property=\"og:image\" content=\"https:\/\/newmobility.news\/wp-content\/uploads\/2025\/07\/Scherm\u00adafbeelding-2025-07-30-om-09.10.39-1024x675.png\" \/>\n\t<meta property=\"og:image:width\" content=\"1024\" \/>\n\t<meta property=\"og:image:height\" content=\"675\" \/>\n\t<meta property=\"og:image:type\" content=\"image\/png\" \/>\n<meta name=\"author\" content=\"Tony Verhelle\" \/>\n<meta name=\"twitter:card\" content=\"summary_large_image\" \/>\n<meta name=\"twitter:creator\" content=\"@jorisvry\" \/>\n<meta name=\"twitter:site\" content=\"@jorisvry\" \/>\n<meta name=\"twitter:label1\" content=\"\u00c9crit par\" \/>\n\t<meta name=\"twitter:data1\" content=\"Tony Verhelle\" \/>\n\t<meta name=\"twitter:label2\" content=\"Dur\u00e9e de lecture est.\" \/>\n\t<meta name=\"twitter:data2\" content=\"4 minutes\" \/>\n<script type=\"application\/ld+json\" class=\"yoast-schema-graph\">{\"@context\":\"https:\\\/\\\/schema.org\",\"@graph\":[{\"@type\":\"Article\",\"@id\":\"https:\\\/\\\/newmobility.news\\\/2025\\\/07\\\/30\\\/will-francois-provost-be-renaults-new-ceo\\\/#article\",\"isPartOf\":{\"@id\":\"https:\\\/\\\/newmobility.news\\\/2025\\\/07\\\/30\\\/will-francois-provost-be-renaults-new-ceo\\\/\"},\"author\":{\"name\":\"Tony Verhelle\",\"@id\":\"https:\\\/\\\/newmobility.news\\\/#\\\/schema\\\/person\\\/2ff3ee98a47b47a64547742d0f598008\"},\"headline\":\"Will Fran\u00e7ois Provost be Renault&#8217;s new CEO?\",\"datePublished\":\"2025-07-30T08:01:02+00:00\",\"mainEntityOfPage\":{\"@id\":\"https:\\\/\\\/newmobility.news\\\/2025\\\/07\\\/30\\\/will-francois-provost-be-renaults-new-ceo\\\/\"},\"wordCount\":658,\"publisher\":{\"@id\":\"https:\\\/\\\/newmobility.news\\\/#organization\"},\"image\":{\"@id\":\"https:\\\/\\\/newmobility.news\\\/2025\\\/07\\\/30\\\/will-francois-provost-be-renaults-new-ceo\\\/#primaryimage\"},\"thumbnailUrl\":\"https:\\\/\\\/i0.wp.com\\\/newmobility.news\\\/wp-content\\\/uploads\\\/2025\\\/07\\\/Scherm%C2%ADafbeelding-2025-07-30-om-09.10.39.png?fit=1798%2C1186&ssl=1\",\"articleSection\":[\"Breaking News\",\"Industry\",\"Portrait\",\"Top Stories Today\"],\"inLanguage\":\"fr-BE\"},{\"@type\":\"WebPage\",\"@id\":\"https:\\\/\\\/newmobility.news\\\/2025\\\/07\\\/30\\\/will-francois-provost-be-renaults-new-ceo\\\/\",\"url\":\"https:\\\/\\\/newmobility.news\\\/2025\\\/07\\\/30\\\/will-francois-provost-be-renaults-new-ceo\\\/\",\"name\":\"Will Fran\u00e7ois Provost be Renault's new CEO? - newmobility.news\",\"isPartOf\":{\"@id\":\"https:\\\/\\\/newmobility.news\\\/#website\"},\"primaryImageOfPage\":{\"@id\":\"https:\\\/\\\/newmobility.news\\\/2025\\\/07\\\/30\\\/will-francois-provost-be-renaults-new-ceo\\\/#primaryimage\"},\"image\":{\"@id\":\"https:\\\/\\\/newmobility.news\\\/2025\\\/07\\\/30\\\/will-francois-provost-be-renaults-new-ceo\\\/#primaryimage\"},\"thumbnailUrl\":\"https:\\\/\\\/i0.wp.com\\\/newmobility.news\\\/wp-content\\\/uploads\\\/2025\\\/07\\\/Scherm%C2%ADafbeelding-2025-07-30-om-09.10.39.png?fit=1798%2C1186&ssl=1\",\"datePublished\":\"2025-07-30T08:01:02+00:00\",\"breadcrumb\":{\"@id\":\"https:\\\/\\\/newmobility.news\\\/2025\\\/07\\\/30\\\/will-francois-provost-be-renaults-new-ceo\\\/#breadcrumb\"},\"inLanguage\":\"fr-BE\",\"potentialAction\":[{\"@type\":\"ReadAction\",\"target\":[\"https:\\\/\\\/newmobility.news\\\/2025\\\/07\\\/30\\\/will-francois-provost-be-renaults-new-ceo\\\/\"]}]},{\"@type\":\"ImageObject\",\"inLanguage\":\"fr-BE\",\"@id\":\"https:\\\/\\\/newmobility.news\\\/2025\\\/07\\\/30\\\/will-francois-provost-be-renaults-new-ceo\\\/#primaryimage\",\"url\":\"https:\\\/\\\/i0.wp.com\\\/newmobility.news\\\/wp-content\\\/uploads\\\/2025\\\/07\\\/Scherm%C2%ADafbeelding-2025-07-30-om-09.10.39.png?fit=1798%2C1186&ssl=1\",\"contentUrl\":\"https:\\\/\\\/i0.wp.com\\\/newmobility.news\\\/wp-content\\\/uploads\\\/2025\\\/07\\\/Scherm%C2%ADafbeelding-2025-07-30-om-09.10.39.png?fit=1798%2C1186&ssl=1\",\"width\":1798,\"height\":1186,\"caption\":\"The appointment of Fran\u00e7ois Provost as new CEO of the Renault Group has been confirmed by Jean-Dominique Senard, Chairman of the Board \\\/Renault\"},{\"@type\":\"BreadcrumbList\",\"@id\":\"https:\\\/\\\/newmobility.news\\\/2025\\\/07\\\/30\\\/will-francois-provost-be-renaults-new-ceo\\\/#breadcrumb\",\"itemListElement\":[{\"@type\":\"ListItem\",\"position\":1,\"name\":\"Home\",\"item\":\"https:\\\/\\\/newmobility.news\\\/\"},{\"@type\":\"ListItem\",\"position\":2,\"name\":\"Will Fran\u00e7ois Provost be Renault&#8217;s new CEO?\"}]},{\"@type\":\"WebSite\",\"@id\":\"https:\\\/\\\/newmobility.news\\\/#website\",\"url\":\"https:\\\/\\\/newmobility.news\\\/\",\"name\":\"newmobility.news\",\"description\":\"A B2BNews Agency\u00ae news service for mobility business proessional\",\"publisher\":{\"@id\":\"https:\\\/\\\/newmobility.news\\\/#organization\"},\"potentialAction\":[{\"@type\":\"SearchAction\",\"target\":{\"@type\":\"EntryPoint\",\"urlTemplate\":\"https:\\\/\\\/newmobility.news\\\/?s={search_term_string}\"},\"query-input\":{\"@type\":\"PropertyValueSpecification\",\"valueRequired\":true,\"valueName\":\"search_term_string\"}}],\"inLanguage\":\"fr-BE\"},{\"@type\":\"Organization\",\"@id\":\"https:\\\/\\\/newmobility.news\\\/#organization\",\"name\":\"B2BNews Agency\",\"url\":\"https:\\\/\\\/newmobility.news\\\/\",\"logo\":{\"@type\":\"ImageObject\",\"inLanguage\":\"fr-BE\",\"@id\":\"https:\\\/\\\/newmobility.news\\\/#\\\/schema\\\/logo\\\/image\\\/\",\"url\":\"https:\\\/\\\/newmobility.news\\\/wp-content\\\/uploads\\\/2018\\\/01\\\/b2bnews-agency-logo.png\",\"contentUrl\":\"https:\\\/\\\/newmobility.news\\\/wp-content\\\/uploads\\\/2018\\\/01\\\/b2bnews-agency-logo.png\",\"width\":\"581\",\"height\":\"117\",\"caption\":\"B2BNews Agency\"},\"image\":{\"@id\":\"https:\\\/\\\/newmobility.news\\\/#\\\/schema\\\/logo\\\/image\\\/\"},\"sameAs\":[\"https:\\\/\\\/www.facebook.com\\\/search\\\/top\\\/?q=newmobility.news\",\"https:\\\/\\\/x.com\\\/jorisvry\",\"https:\\\/\\\/www.linkedin.com\\\/in\\\/jorisvanroy\\\/\",\"https:\\\/\\\/nl.pinterest.com\\\/jorisvanroy\\\/\"]},{\"@type\":\"Person\",\"@id\":\"https:\\\/\\\/newmobility.news\\\/#\\\/schema\\\/person\\\/2ff3ee98a47b47a64547742d0f598008\",\"name\":\"Tony Verhelle\",\"image\":{\"@type\":\"ImageObject\",\"inLanguage\":\"fr-BE\",\"@id\":\"https:\\\/\\\/secure.gravatar.com\\\/avatar\\\/3aa7bc7e3c29543b27eddb4850cf5b080b7eed539a9cc5c8807f7fae34c56438?s=96&d=mm&r=g\",\"url\":\"https:\\\/\\\/secure.gravatar.com\\\/avatar\\\/3aa7bc7e3c29543b27eddb4850cf5b080b7eed539a9cc5c8807f7fae34c56438?s=96&d=mm&r=g\",\"contentUrl\":\"https:\\\/\\\/secure.gravatar.com\\\/avatar\\\/3aa7bc7e3c29543b27eddb4850cf5b080b7eed539a9cc5c8807f7fae34c56438?s=96&d=mm&r=g\",\"caption\":\"Tony Verhelle\"},\"url\":\"https:\\\/\\\/newmobility.news\\\/fr\\\/author\\\/toverbel\\\/\"}]}<\/script>\n<!-- \/ Yoast SEO plugin. -->","yoast_head_json":{"title":"Fran\u00e7ois Provost sera-t-il le nouveau PDG de Renault ? - newmobility.news","robots":{"index":"index","follow":"follow","max-snippet":"max-snippet:-1","max-image-preview":"max-image-preview:large","max-video-preview":"max-video-preview:-1"},"canonical":"https:\/\/newmobility.news\/fr\/2025\/07\/30\/will-francois-provost-be-renaults-new-ceo\/","og_locale":"fr_FR","og_type":"article","og_title":"Will Fran\u00e7ois Provost be Renault's new CEO? - newmobility.news","og_description":"According to Bloomberg and Le Figaro, the Renault board will announce today that Fran\u00e7ois Provost, Chief Purchasing Officer at Renault, will be appointed to a new position as CEO of the Renault Group, in succession to Luca de Meo, who left the group suddenly to lead the Kering luxury group. One This content has been [&hellip;]","og_url":"https:\/\/newmobility.news\/fr\/2025\/07\/30\/will-francois-provost-be-renaults-new-ceo\/","og_site_name":"newmobility.news","article_publisher":"https:\/\/www.facebook.com\/search\/top\/?q=newmobility.news","article_published_time":"2025-07-30T08:01:02+00:00","og_image":[{"width":1024,"height":675,"url":"https:\/\/newmobility.news\/wp-content\/uploads\/2025\/07\/Scherm\u00adafbeelding-2025-07-30-om-09.10.39-1024x675.png","type":"image\/png"}],"author":"Tony Verhelle","twitter_card":"summary_large_image","twitter_creator":"@jorisvry","twitter_site":"@jorisvry","twitter_misc":{"\u00c9crit par":"Tony Verhelle","Dur\u00e9e de lecture est.":"4 minutes"},"schema":{"@context":"https:\/\/schema.org","@graph":[{"@type":"Article","@id":"https:\/\/newmobility.news\/2025\/07\/30\/will-francois-provost-be-renaults-new-ceo\/#article","isPartOf":{"@id":"https:\/\/newmobility.news\/2025\/07\/30\/will-francois-provost-be-renaults-new-ceo\/"},"author":{"name":"Tony Verhelle","@id":"https:\/\/newmobility.news\/#\/schema\/person\/2ff3ee98a47b47a64547742d0f598008"},"headline":"Will Fran\u00e7ois Provost be Renault&#8217;s new CEO?","datePublished":"2025-07-30T08:01:02+00:00","mainEntityOfPage":{"@id":"https:\/\/newmobility.news\/2025\/07\/30\/will-francois-provost-be-renaults-new-ceo\/"},"wordCount":658,"publisher":{"@id":"https:\/\/newmobility.news\/#organization"},"image":{"@id":"https:\/\/newmobility.news\/2025\/07\/30\/will-francois-provost-be-renaults-new-ceo\/#primaryimage"},"thumbnailUrl":"https:\/\/i0.wp.com\/newmobility.news\/wp-content\/uploads\/2025\/07\/Scherm%C2%ADafbeelding-2025-07-30-om-09.10.39.png?fit=1798%2C1186&ssl=1","articleSection":["Breaking News","Industry","Portrait","Top Stories Today"],"inLanguage":"fr-BE"},{"@type":"WebPage","@id":"https:\/\/newmobility.news\/2025\/07\/30\/will-francois-provost-be-renaults-new-ceo\/","url":"https:\/\/newmobility.news\/2025\/07\/30\/will-francois-provost-be-renaults-new-ceo\/","name":"Fran\u00e7ois Provost sera-t-il le nouveau PDG de Renault ? - newmobility.news","isPartOf":{"@id":"https:\/\/newmobility.news\/#website"},"primaryImageOfPage":{"@id":"https:\/\/newmobility.news\/2025\/07\/30\/will-francois-provost-be-renaults-new-ceo\/#primaryimage"},"image":{"@id":"https:\/\/newmobility.news\/2025\/07\/30\/will-francois-provost-be-renaults-new-ceo\/#primaryimage"},"thumbnailUrl":"https:\/\/i0.wp.com\/newmobility.news\/wp-content\/uploads\/2025\/07\/Scherm%C2%ADafbeelding-2025-07-30-om-09.10.39.png?fit=1798%2C1186&ssl=1","datePublished":"2025-07-30T08:01:02+00:00","breadcrumb":{"@id":"https:\/\/newmobility.news\/2025\/07\/30\/will-francois-provost-be-renaults-new-ceo\/#breadcrumb"},"inLanguage":"fr-BE","potentialAction":[{"@type":"ReadAction","target":["https:\/\/newmobility.news\/2025\/07\/30\/will-francois-provost-be-renaults-new-ceo\/"]}]},{"@type":"ImageObject","inLanguage":"fr-BE","@id":"https:\/\/newmobility.news\/2025\/07\/30\/will-francois-provost-be-renaults-new-ceo\/#primaryimage","url":"https:\/\/i0.wp.com\/newmobility.news\/wp-content\/uploads\/2025\/07\/Scherm%C2%ADafbeelding-2025-07-30-om-09.10.39.png?fit=1798%2C1186&ssl=1","contentUrl":"https:\/\/i0.wp.com\/newmobility.news\/wp-content\/uploads\/2025\/07\/Scherm%C2%ADafbeelding-2025-07-30-om-09.10.39.png?fit=1798%2C1186&ssl=1","width":1798,"height":1186,"caption":"The appointment of Fran\u00e7ois Provost as new CEO of the Renault Group has been confirmed by Jean-Dominique Senard, Chairman of the Board \/Renault"},{"@type":"BreadcrumbList","@id":"https:\/\/newmobility.news\/2025\/07\/30\/will-francois-provost-be-renaults-new-ceo\/#breadcrumb","itemListElement":[{"@type":"ListItem","position":1,"name":"Home","item":"https:\/\/newmobility.news\/"},{"@type":"ListItem","position":2,"name":"Will Fran\u00e7ois Provost be Renault&#8217;s new CEO?"}]},{"@type":"WebSite","@id":"https:\/\/newmobility.news\/#website","url":"https:\/\/newmobility.news\/","name":"nouveaumobilit\u00e9.actualit\u00e9s","description":"Un service d'information B2BNews Agency\u00ae destin\u00e9 aux professionnels de la mobilit\u00e9","publisher":{"@id":"https:\/\/newmobility.news\/#organization"},"potentialAction":[{"@type":"SearchAction","target":{"@type":"EntryPoint","urlTemplate":"https:\/\/newmobility.news\/?s={search_term_string}"},"query-input":{"@type":"PropertyValueSpecification","valueRequired":true,"valueName":"search_term_string"}}],"inLanguage":"fr-BE"},{"@type":"Organization","@id":"https:\/\/newmobility.news\/#organization","name":"Agence de presse B2BNews","url":"https:\/\/newmobility.news\/","logo":{"@type":"ImageObject","inLanguage":"fr-BE","@id":"https:\/\/newmobility.news\/#\/schema\/logo\/image\/","url":"https:\/\/newmobility.news\/wp-content\/uploads\/2018\/01\/b2bnews-agency-logo.png","contentUrl":"https:\/\/newmobility.news\/wp-content\/uploads\/2018\/01\/b2bnews-agency-logo.png","width":"581","height":"117","caption":"B2BNews Agency"},"image":{"@id":"https:\/\/newmobility.news\/#\/schema\/logo\/image\/"},"sameAs":["https:\/\/www.facebook.com\/search\/top\/?q=newmobility.news","https:\/\/x.com\/jorisvry","https:\/\/www.linkedin.com\/in\/jorisvanroy\/","https:\/\/nl.pinterest.com\/jorisvanroy\/"]},{"@type":"Person","@id":"https:\/\/newmobility.news\/#\/schema\/person\/2ff3ee98a47b47a64547742d0f598008","name":"Tony Verhelle","image":{"@type":"ImageObject","inLanguage":"fr-BE","@id":"https:\/\/secure.gravatar.com\/avatar\/3aa7bc7e3c29543b27eddb4850cf5b080b7eed539a9cc5c8807f7fae34c56438?s=96&d=mm&r=g","url":"https:\/\/secure.gravatar.com\/avatar\/3aa7bc7e3c29543b27eddb4850cf5b080b7eed539a9cc5c8807f7fae34c56438?s=96&d=mm&r=g","contentUrl":"https:\/\/secure.gravatar.com\/avatar\/3aa7bc7e3c29543b27eddb4850cf5b080b7eed539a9cc5c8807f7fae34c56438?s=96&d=mm&r=g","caption":"Tony Verhelle"},"url":"https:\/\/newmobility.news\/fr\/author\/toverbel\/"}]}},"jetpack_publicize_connections":[],"jetpack_featured_media_url":"https:\/\/i0.wp.com\/newmobility.news\/wp-content\/uploads\/2025\/07\/Scherm%C2%ADafbeelding-2025-07-30-om-09.10.39.png?fit=1798%2C1186&ssl=1","jetpack_shortlink":"https:\/\/wp.me\/p9wJdU-J2b","jetpack_sharing_enabled":true,"jetpack_likes_enabled":true,"jetpack-related-posts":[],"_links":{"self":[{"href":"https:\/\/newmobility.news\/fr\/wp-json\/wp\/v2\/posts\/173115","targetHints":{"allow":["GET"]}}],"collection":[{"href":"https:\/\/newmobility.news\/fr\/wp-json\/wp\/v2\/posts"}],"about":[{"href":"https:\/\/newmobility.news\/fr\/wp-json\/wp\/v2\/types\/post"}],"author":[{"embeddable":true,"href":"https:\/\/newmobility.news\/fr\/wp-json\/wp\/v2\/users\/13"}],"replies":[{"embeddable":true,"href":"https:\/\/newmobility.news\/fr\/wp-json\/wp\/v2\/comments?post=173115"}],"version-history":[{"count":1,"href":"https:\/\/newmobility.news\/fr\/wp-json\/wp\/v2\/posts\/173115\/revisions"}],"predecessor-version":[{"id":173126,"href":"https:\/\/newmobility.news\/fr\/wp-json\/wp\/v2\/posts\/173115\/revisions\/173126"}],"wp:featuredmedia":[{"embeddable":true,"href":"https:\/\/newmobility.news\/fr\/wp-json\/wp\/v2\/media\/173122"}],"wp:attachment":[{"href":"https:\/\/newmobility.news\/fr\/wp-json\/wp\/v2\/media?parent=173115"}],"wp:term":[{"taxonomy":"category","embeddable":true,"href":"https:\/\/newmobility.news\/fr\/wp-json\/wp\/v2\/categories?post=173115"},{"taxonomy":"post_tag","embeddable":true,"href":"https:\/\/newmobility.news\/fr\/wp-json\/wp\/v2\/tags?post=173115"}],"curies":[{"name":"wp","href":"https:\/\/api.w.org\/{rel}","templated":true}]}}