{"id":174377,"date":"2025-08-26T12:25:15","date_gmt":"2025-08-26T10:25:15","guid":{"rendered":"https:\/\/newmobility.news\/?p=174377"},"modified":"2025-08-27T11:10:00","modified_gmt":"2025-08-27T09:10:00","slug":"new-audi-q3-sportback-phev-has-up-to-119-km-of-ev-range","status":"publish","type":"post","link":"https:\/\/newmobility.news\/fr\/2025\/08\/26\/new-audi-q3-sportback-phev-has-up-to-119-km-of-ev-range\/","title":{"rendered":"La nouvelle Audi Q3 Sportback PHEV offre une autonomie \u00e9lectrique pouvant atteindre 119 km."},"content":{"rendered":"Le SUV compact de troisi\u00e8me g\u00e9n\u00e9ration d'Audi, le Q3, est \u00e0 nouveau disponible en version Sportback, avec une silhouette plus \u00e9l\u00e9gante, semblable \u00e0 celle d'un coup\u00e9. Le nouveau mod\u00e8le est disponible d\u00e8s son lancement avec une motorisation hybride rechargeable, \u00e9quip\u00e9e d'une batterie de grande capacit\u00e9 offrant une autonomie \u00e9lectrique de plus de 100 km. Apr\u00e8s le lancement<div class=\"leaky_paywall_message_wrap\"><div id=\"leaky_paywall_message\">Ce contenu a \u00e9t\u00e9 archiv\u00e9. <a href=\"https:\/\/newmobility.news\/fr\/subscription\/\">Connectez-vous ou inscrivez-vous<\/a> \u00e0 un niveau qui donne acc\u00e8s au contenu archiv\u00e9.<\/div><\/div>","protected":false},"excerpt":{"rendered":"<p>Audi&#8217;s third-generation compact SUV, the Q3, is once again available as a Sportback, featuring a more elegant, coup\u00e9-like shape. The new model is available with a plug-in hybrid drivetrain from launch, featuring a large battery that delivers an electric driving range of over 100 km. After launchThis content has been archived. Log in or Subscribe [&hellip;]<\/p>\n","protected":false},"author":876,"featured_media":174388,"comment_status":"closed","ping_status":"closed","sticky":false,"template":"","format":"standard","meta":{"_acf_changed":false,"jetpack_post_was_ever_published":false,"_jetpack_newsletter_access":"","_jetpack_dont_email_post_to_subs":false,"_jetpack_newsletter_tier_id":0,"_jetpack_memberships_contains_paywalled_content":false,"_jetpack_memberships_contains_paid_content":false,"footnotes":"","jetpack_publicize_message":"","jetpack_publicize_feature_enabled":true,"jetpack_social_post_already_shared":true,"jetpack_social_options":{"image_generator_settings":{"template":"highway","default_image_id":0,"font":"","enabled":false},"version":2},"_wpas_customize_per_network":false},"categories":[8,4],"tags":[],"class_list":["post-174377","post","type-post","status-publish","format-standard","has-post-thumbnail","hentry","category-product","category-top-stories-today"],"acf":[],"featured_image_urls_v2":{"full":["https:\/\/i0.wp.com\/newmobility.news\/wp-content\/uploads\/2025\/08\/A251353_medium.jpg?fit=2455%2C1841&ssl=1",2455,1841,false],"thumbnail":["https:\/\/i0.wp.com\/newmobility.news\/wp-content\/uploads\/2025\/08\/A251353_medium.jpg?resize=150%2C150&ssl=1",150,150,true],"medium":["https:\/\/i0.wp.com\/newmobility.news\/wp-content\/uploads\/2025\/08\/A251353_medium.jpg?fit=300%2C225&ssl=1",300,225,true],"medium_large":["https:\/\/i0.wp.com\/newmobility.news\/wp-content\/uploads\/2025\/08\/A251353_medium.jpg?fit=640%2C480&ssl=1",640,480,true],"large":["https:\/\/i0.wp.com\/newmobility.news\/wp-content\/uploads\/2025\/08\/A251353_medium.jpg?fit=640%2C480&ssl=1",640,480,true],"1536x1536":["https:\/\/i0.wp.com\/newmobility.news\/wp-content\/uploads\/2025\/08\/A251353_medium.jpg?fit=1536%2C1152&ssl=1",1536,1152,true],"2048x2048":["https:\/\/i0.wp.com\/newmobility.news\/wp-content\/uploads\/2025\/08\/A251353_medium.jpg?fit=2048%2C1536&ssl=1",2048,1536,true],"trp-custom-language-flag":["https:\/\/i0.wp.com\/newmobility.news\/wp-content\/uploads\/2025\/08\/A251353_medium.jpg?fit=16%2C12&ssl=1",16,12,true],"related-thumb":["https:\/\/i0.wp.com\/newmobility.news\/wp-content\/uploads\/2025\/08\/A251353_medium.jpg?resize=640%2C480&ssl=1",640,480,true],"gform-image-choice-sm":["https:\/\/i0.wp.com\/newmobility.news\/wp-content\/uploads\/2025\/08\/A251353_medium.jpg?resize=300%2C300&ssl=1",300,300,true],"gform-image-choice-md":["https:\/\/i0.wp.com\/newmobility.news\/wp-content\/uploads\/2025\/08\/A251353_medium.jpg?resize=400%2C400&ssl=1",400,400,true],"gform-image-choice-lg":["https:\/\/i0.wp.com\/newmobility.news\/wp-content\/uploads\/2025\/08\/A251353_medium.jpg?resize=600%2C600&ssl=1",600,600,true],"mailchimp":["https:\/\/i0.wp.com\/newmobility.news\/wp-content\/uploads\/2025\/08\/A251353_medium.jpg?fit=560%2C420&ssl=1",560,420,true],"unipress-phone":["https:\/\/i0.wp.com\/newmobility.news\/wp-content\/uploads\/2025\/08\/A251353_medium.jpg?resize=640%2C100&ssl=1",640,100,true],"unipress-tablet":["https:\/\/i0.wp.com\/newmobility.news\/wp-content\/uploads\/2025\/08\/A251353_medium.jpg?resize=1536%2C240&ssl=1",1536,240,true],"unipress-tablet-portrait":["https:\/\/i0.wp.com\/newmobility.news\/wp-content\/uploads\/2025\/08\/A251353_medium.jpg?resize=1536%2C180&ssl=1",1536,180,true],"unipress-tablet-landscape":["https:\/\/i0.wp.com\/newmobility.news\/wp-content\/uploads\/2025\/08\/A251353_medium.jpg?resize=2048%2C180&ssl=1",2048,180,true],"unipress-smartphone":["https:\/\/i0.wp.com\/newmobility.news\/wp-content\/uploads\/2025\/08\/A251353_medium.jpg?resize=1080%2C168&ssl=1",1080,168,true],"unipress-wide-screen":["https:\/\/i0.wp.com\/newmobility.news\/wp-content\/uploads\/2025\/08\/A251353_medium.jpg?resize=2455%2C180&ssl=1",2455,180,true]},"post_excerpt_stackable_v2":"<p>Audi&#8217;s third-generation compact SUV, the Q3, is once again available as a Sportback, featuring a more elegant, coup\u00e9-like shape. The new model is available with a plug-in hybrid drivetrain from launch, featuring a large battery that delivers an electric driving range of over 100 km. After launchThis content has been archived. Log in or Subscribe to a level that has access to archived content.<\/p>\n","category_list_v2":"<a href=\"https:\/\/newmobility.news\/fr\/category\/product\/\" rel=\"category tag\">Product<\/a>, <a href=\"https:\/\/newmobility.news\/fr\/category\/top-stories-today\/\" rel=\"category tag\">Top Stories Today<\/a>","author_info_v2":{"name":"Yeelen M\u00f6ller","url":"https:\/\/newmobility.news\/fr\/author\/yeelenmhotmail-com\/"},"comments_num_v2":"0 comments","yoast_head":"<!-- This site is optimized with the Yoast SEO plugin v27.5 - https:\/\/yoast.com\/product\/yoast-seo-wordpress\/ -->\n<title>New Audi Q3 Sportback PHEV has up to 119 km of EV range - newmobility.news<\/title>\n<meta name=\"robots\" content=\"index, follow, max-snippet:-1, max-image-preview:large, max-video-preview:-1\" \/>\n<link rel=\"canonical\" href=\"https:\/\/newmobility.news\/fr\/2025\/08\/26\/new-audi-q3-sportback-phev-has-up-to-119-km-of-ev-range\/\" \/>\n<meta property=\"og:locale\" content=\"fr_FR\" \/>\n<meta property=\"og:type\" content=\"article\" \/>\n<meta property=\"og:title\" content=\"New Audi Q3 Sportback PHEV has up to 119 km of EV range - newmobility.news\" \/>\n<meta property=\"og:description\" content=\"Audi&#039;s third-generation compact SUV, the Q3, is once again available as a Sportback, featuring a more elegant, coup\u00e9-like shape. The new model is available with a plug-in hybrid drivetrain from launch, featuring a large battery that delivers an electric driving range of over 100 km. After launchThis content has been archived. Log in or Subscribe [&hellip;]\" \/>\n<meta property=\"og:url\" content=\"https:\/\/newmobility.news\/fr\/2025\/08\/26\/new-audi-q3-sportback-phev-has-up-to-119-km-of-ev-range\/\" \/>\n<meta property=\"og:site_name\" content=\"newmobility.news\" \/>\n<meta property=\"article:publisher\" content=\"https:\/\/www.facebook.com\/search\/top\/?q=newmobility.news\" \/>\n<meta property=\"article:published_time\" content=\"2025-08-26T10:25:15+00:00\" \/>\n<meta property=\"article:modified_time\" content=\"2025-08-27T09:10:00+00:00\" \/>\n<meta property=\"og:image\" content=\"https:\/\/newmobility.news\/wp-content\/uploads\/2025\/08\/A251353_medium.jpg\" \/>\n\t<meta property=\"og:image:width\" content=\"2455\" \/>\n\t<meta property=\"og:image:height\" content=\"1841\" \/>\n\t<meta property=\"og:image:type\" content=\"image\/jpeg\" \/>\n<meta name=\"author\" content=\"Yeelen M\u00f6ller\" \/>\n<meta name=\"twitter:card\" content=\"summary_large_image\" \/>\n<meta name=\"twitter:creator\" content=\"@jorisvry\" \/>\n<meta name=\"twitter:site\" content=\"@jorisvry\" \/>\n<meta name=\"twitter:label1\" content=\"\u00c9crit par\" \/>\n\t<meta name=\"twitter:data1\" content=\"Yeelen M\u00f6ller\" \/>\n\t<meta name=\"twitter:label2\" content=\"Dur\u00e9e de lecture est.\" \/>\n\t<meta name=\"twitter:data2\" content=\"3 minutes\" \/>\n<script type=\"application\/ld+json\" class=\"yoast-schema-graph\">{\"@context\":\"https:\\\/\\\/schema.org\",\"@graph\":[{\"@type\":\"Article\",\"@id\":\"https:\\\/\\\/newmobility.news\\\/2025\\\/08\\\/26\\\/new-audi-q3-sportback-phev-has-up-to-119-km-of-ev-range\\\/#article\",\"isPartOf\":{\"@id\":\"https:\\\/\\\/newmobility.news\\\/2025\\\/08\\\/26\\\/new-audi-q3-sportback-phev-has-up-to-119-km-of-ev-range\\\/\"},\"author\":{\"name\":\"Yeelen M\u00f6ller\",\"@id\":\"https:\\\/\\\/newmobility.news\\\/#\\\/schema\\\/person\\\/3eeadfd7f121788397dc8c80516604ee\"},\"headline\":\"New Audi Q3 Sportback PHEV has up to 119 km of EV range\",\"datePublished\":\"2025-08-26T10:25:15+00:00\",\"dateModified\":\"2025-08-27T09:10:00+00:00\",\"mainEntityOfPage\":{\"@id\":\"https:\\\/\\\/newmobility.news\\\/2025\\\/08\\\/26\\\/new-audi-q3-sportback-phev-has-up-to-119-km-of-ev-range\\\/\"},\"wordCount\":470,\"publisher\":{\"@id\":\"https:\\\/\\\/newmobility.news\\\/#organization\"},\"image\":{\"@id\":\"https:\\\/\\\/newmobility.news\\\/2025\\\/08\\\/26\\\/new-audi-q3-sportback-phev-has-up-to-119-km-of-ev-range\\\/#primaryimage\"},\"thumbnailUrl\":\"https:\\\/\\\/i0.wp.com\\\/newmobility.news\\\/wp-content\\\/uploads\\\/2025\\\/08\\\/A251353_medium.jpg?fit=2455%2C1841&ssl=1\",\"articleSection\":[\"Product\",\"Top Stories Today\"],\"inLanguage\":\"fr-BE\"},{\"@type\":\"WebPage\",\"@id\":\"https:\\\/\\\/newmobility.news\\\/2025\\\/08\\\/26\\\/new-audi-q3-sportback-phev-has-up-to-119-km-of-ev-range\\\/\",\"url\":\"https:\\\/\\\/newmobility.news\\\/2025\\\/08\\\/26\\\/new-audi-q3-sportback-phev-has-up-to-119-km-of-ev-range\\\/\",\"name\":\"New Audi Q3 Sportback PHEV has up to 119 km of EV range - newmobility.news\",\"isPartOf\":{\"@id\":\"https:\\\/\\\/newmobility.news\\\/#website\"},\"primaryImageOfPage\":{\"@id\":\"https:\\\/\\\/newmobility.news\\\/2025\\\/08\\\/26\\\/new-audi-q3-sportback-phev-has-up-to-119-km-of-ev-range\\\/#primaryimage\"},\"image\":{\"@id\":\"https:\\\/\\\/newmobility.news\\\/2025\\\/08\\\/26\\\/new-audi-q3-sportback-phev-has-up-to-119-km-of-ev-range\\\/#primaryimage\"},\"thumbnailUrl\":\"https:\\\/\\\/i0.wp.com\\\/newmobility.news\\\/wp-content\\\/uploads\\\/2025\\\/08\\\/A251353_medium.jpg?fit=2455%2C1841&ssl=1\",\"datePublished\":\"2025-08-26T10:25:15+00:00\",\"dateModified\":\"2025-08-27T09:10:00+00:00\",\"breadcrumb\":{\"@id\":\"https:\\\/\\\/newmobility.news\\\/2025\\\/08\\\/26\\\/new-audi-q3-sportback-phev-has-up-to-119-km-of-ev-range\\\/#breadcrumb\"},\"inLanguage\":\"fr-BE\",\"potentialAction\":[{\"@type\":\"ReadAction\",\"target\":[\"https:\\\/\\\/newmobility.news\\\/2025\\\/08\\\/26\\\/new-audi-q3-sportback-phev-has-up-to-119-km-of-ev-range\\\/\"]}]},{\"@type\":\"ImageObject\",\"inLanguage\":\"fr-BE\",\"@id\":\"https:\\\/\\\/newmobility.news\\\/2025\\\/08\\\/26\\\/new-audi-q3-sportback-phev-has-up-to-119-km-of-ev-range\\\/#primaryimage\",\"url\":\"https:\\\/\\\/i0.wp.com\\\/newmobility.news\\\/wp-content\\\/uploads\\\/2025\\\/08\\\/A251353_medium.jpg?fit=2455%2C1841&ssl=1\",\"contentUrl\":\"https:\\\/\\\/i0.wp.com\\\/newmobility.news\\\/wp-content\\\/uploads\\\/2025\\\/08\\\/A251353_medium.jpg?fit=2455%2C1841&ssl=1\",\"width\":2455,\"height\":1841,\"caption\":\"The new 2026 Audi Q3 Sportback is available with a plug-in hybrid drivetrain from launch \\\/Audi\"},{\"@type\":\"BreadcrumbList\",\"@id\":\"https:\\\/\\\/newmobility.news\\\/2025\\\/08\\\/26\\\/new-audi-q3-sportback-phev-has-up-to-119-km-of-ev-range\\\/#breadcrumb\",\"itemListElement\":[{\"@type\":\"ListItem\",\"position\":1,\"name\":\"Home\",\"item\":\"https:\\\/\\\/newmobility.news\\\/\"},{\"@type\":\"ListItem\",\"position\":2,\"name\":\"New Audi Q3 Sportback PHEV has up to 119 km of EV range\"}]},{\"@type\":\"WebSite\",\"@id\":\"https:\\\/\\\/newmobility.news\\\/#website\",\"url\":\"https:\\\/\\\/newmobility.news\\\/\",\"name\":\"newmobility.news\",\"description\":\"A B2BNews Agency\u00ae news service for mobility business proessional\",\"publisher\":{\"@id\":\"https:\\\/\\\/newmobility.news\\\/#organization\"},\"potentialAction\":[{\"@type\":\"SearchAction\",\"target\":{\"@type\":\"EntryPoint\",\"urlTemplate\":\"https:\\\/\\\/newmobility.news\\\/?s={search_term_string}\"},\"query-input\":{\"@type\":\"PropertyValueSpecification\",\"valueRequired\":true,\"valueName\":\"search_term_string\"}}],\"inLanguage\":\"fr-BE\"},{\"@type\":\"Organization\",\"@id\":\"https:\\\/\\\/newmobility.news\\\/#organization\",\"name\":\"B2BNews Agency\",\"url\":\"https:\\\/\\\/newmobility.news\\\/\",\"logo\":{\"@type\":\"ImageObject\",\"inLanguage\":\"fr-BE\",\"@id\":\"https:\\\/\\\/newmobility.news\\\/#\\\/schema\\\/logo\\\/image\\\/\",\"url\":\"https:\\\/\\\/newmobility.news\\\/wp-content\\\/uploads\\\/2018\\\/01\\\/b2bnews-agency-logo.png\",\"contentUrl\":\"https:\\\/\\\/newmobility.news\\\/wp-content\\\/uploads\\\/2018\\\/01\\\/b2bnews-agency-logo.png\",\"width\":\"581\",\"height\":\"117\",\"caption\":\"B2BNews Agency\"},\"image\":{\"@id\":\"https:\\\/\\\/newmobility.news\\\/#\\\/schema\\\/logo\\\/image\\\/\"},\"sameAs\":[\"https:\\\/\\\/www.facebook.com\\\/search\\\/top\\\/?q=newmobility.news\",\"https:\\\/\\\/x.com\\\/jorisvry\",\"https:\\\/\\\/www.linkedin.com\\\/in\\\/jorisvanroy\\\/\",\"https:\\\/\\\/nl.pinterest.com\\\/jorisvanroy\\\/\"]},{\"@type\":\"Person\",\"@id\":\"https:\\\/\\\/newmobility.news\\\/#\\\/schema\\\/person\\\/3eeadfd7f121788397dc8c80516604ee\",\"name\":\"Yeelen M\u00f6ller\",\"image\":{\"@type\":\"ImageObject\",\"inLanguage\":\"fr-BE\",\"@id\":\"https:\\\/\\\/secure.gravatar.com\\\/avatar\\\/dcc7b7a3333f503cecd070ec7fa547bc999b9caea01fdd878a8c137081466f4a?s=96&d=mm&r=g\",\"url\":\"https:\\\/\\\/secure.gravatar.com\\\/avatar\\\/dcc7b7a3333f503cecd070ec7fa547bc999b9caea01fdd878a8c137081466f4a?s=96&d=mm&r=g\",\"contentUrl\":\"https:\\\/\\\/secure.gravatar.com\\\/avatar\\\/dcc7b7a3333f503cecd070ec7fa547bc999b9caea01fdd878a8c137081466f4a?s=96&d=mm&r=g\",\"caption\":\"Yeelen M\u00f6ller\"},\"url\":\"https:\\\/\\\/newmobility.news\\\/fr\\\/author\\\/yeelenmhotmail-com\\\/\"}]}<\/script>\n<!-- \/ Yoast SEO plugin. -->","yoast_head_json":{"title":"La nouvelle Audi Q3 Sportback PHEV offre une autonomie \u00e9lectrique pouvant atteindre 119 km - newmobility.news","robots":{"index":"index","follow":"follow","max-snippet":"max-snippet:-1","max-image-preview":"max-image-preview:large","max-video-preview":"max-video-preview:-1"},"canonical":"https:\/\/newmobility.news\/fr\/2025\/08\/26\/new-audi-q3-sportback-phev-has-up-to-119-km-of-ev-range\/","og_locale":"fr_FR","og_type":"article","og_title":"New Audi Q3 Sportback PHEV has up to 119 km of EV range - newmobility.news","og_description":"Audi's third-generation compact SUV, the Q3, is once again available as a Sportback, featuring a more elegant, coup\u00e9-like shape. The new model is available with a plug-in hybrid drivetrain from launch, featuring a large battery that delivers an electric driving range of over 100 km. After launchThis content has been archived. Log in or Subscribe [&hellip;]","og_url":"https:\/\/newmobility.news\/fr\/2025\/08\/26\/new-audi-q3-sportback-phev-has-up-to-119-km-of-ev-range\/","og_site_name":"newmobility.news","article_publisher":"https:\/\/www.facebook.com\/search\/top\/?q=newmobility.news","article_published_time":"2025-08-26T10:25:15+00:00","article_modified_time":"2025-08-27T09:10:00+00:00","og_image":[{"width":2455,"height":1841,"url":"https:\/\/newmobility.news\/wp-content\/uploads\/2025\/08\/A251353_medium.jpg","type":"image\/jpeg"}],"author":"Yeelen M\u00f6ller","twitter_card":"summary_large_image","twitter_creator":"@jorisvry","twitter_site":"@jorisvry","twitter_misc":{"\u00c9crit par":"Yeelen M\u00f6ller","Dur\u00e9e de lecture est.":"3 minutes"},"schema":{"@context":"https:\/\/schema.org","@graph":[{"@type":"Article","@id":"https:\/\/newmobility.news\/2025\/08\/26\/new-audi-q3-sportback-phev-has-up-to-119-km-of-ev-range\/#article","isPartOf":{"@id":"https:\/\/newmobility.news\/2025\/08\/26\/new-audi-q3-sportback-phev-has-up-to-119-km-of-ev-range\/"},"author":{"name":"Yeelen M\u00f6ller","@id":"https:\/\/newmobility.news\/#\/schema\/person\/3eeadfd7f121788397dc8c80516604ee"},"headline":"New Audi Q3 Sportback PHEV has up to 119 km of EV range","datePublished":"2025-08-26T10:25:15+00:00","dateModified":"2025-08-27T09:10:00+00:00","mainEntityOfPage":{"@id":"https:\/\/newmobility.news\/2025\/08\/26\/new-audi-q3-sportback-phev-has-up-to-119-km-of-ev-range\/"},"wordCount":470,"publisher":{"@id":"https:\/\/newmobility.news\/#organization"},"image":{"@id":"https:\/\/newmobility.news\/2025\/08\/26\/new-audi-q3-sportback-phev-has-up-to-119-km-of-ev-range\/#primaryimage"},"thumbnailUrl":"https:\/\/i0.wp.com\/newmobility.news\/wp-content\/uploads\/2025\/08\/A251353_medium.jpg?fit=2455%2C1841&ssl=1","articleSection":["Product","Top Stories Today"],"inLanguage":"fr-BE"},{"@type":"WebPage","@id":"https:\/\/newmobility.news\/2025\/08\/26\/new-audi-q3-sportback-phev-has-up-to-119-km-of-ev-range\/","url":"https:\/\/newmobility.news\/2025\/08\/26\/new-audi-q3-sportback-phev-has-up-to-119-km-of-ev-range\/","name":"La nouvelle Audi Q3 Sportback PHEV offre une autonomie \u00e9lectrique pouvant atteindre 119 km - newmobility.news","isPartOf":{"@id":"https:\/\/newmobility.news\/#website"},"primaryImageOfPage":{"@id":"https:\/\/newmobility.news\/2025\/08\/26\/new-audi-q3-sportback-phev-has-up-to-119-km-of-ev-range\/#primaryimage"},"image":{"@id":"https:\/\/newmobility.news\/2025\/08\/26\/new-audi-q3-sportback-phev-has-up-to-119-km-of-ev-range\/#primaryimage"},"thumbnailUrl":"https:\/\/i0.wp.com\/newmobility.news\/wp-content\/uploads\/2025\/08\/A251353_medium.jpg?fit=2455%2C1841&ssl=1","datePublished":"2025-08-26T10:25:15+00:00","dateModified":"2025-08-27T09:10:00+00:00","breadcrumb":{"@id":"https:\/\/newmobility.news\/2025\/08\/26\/new-audi-q3-sportback-phev-has-up-to-119-km-of-ev-range\/#breadcrumb"},"inLanguage":"fr-BE","potentialAction":[{"@type":"ReadAction","target":["https:\/\/newmobility.news\/2025\/08\/26\/new-audi-q3-sportback-phev-has-up-to-119-km-of-ev-range\/"]}]},{"@type":"ImageObject","inLanguage":"fr-BE","@id":"https:\/\/newmobility.news\/2025\/08\/26\/new-audi-q3-sportback-phev-has-up-to-119-km-of-ev-range\/#primaryimage","url":"https:\/\/i0.wp.com\/newmobility.news\/wp-content\/uploads\/2025\/08\/A251353_medium.jpg?fit=2455%2C1841&ssl=1","contentUrl":"https:\/\/i0.wp.com\/newmobility.news\/wp-content\/uploads\/2025\/08\/A251353_medium.jpg?fit=2455%2C1841&ssl=1","width":2455,"height":1841,"caption":"The new 2026 Audi Q3 Sportback is available with a plug-in hybrid drivetrain from launch \/Audi"},{"@type":"BreadcrumbList","@id":"https:\/\/newmobility.news\/2025\/08\/26\/new-audi-q3-sportback-phev-has-up-to-119-km-of-ev-range\/#breadcrumb","itemListElement":[{"@type":"ListItem","position":1,"name":"Home","item":"https:\/\/newmobility.news\/"},{"@type":"ListItem","position":2,"name":"New Audi Q3 Sportback PHEV has up to 119 km of EV range"}]},{"@type":"WebSite","@id":"https:\/\/newmobility.news\/#website","url":"https:\/\/newmobility.news\/","name":"nouveaumobilit\u00e9.actualit\u00e9s","description":"Un service d'information B2BNews Agency\u00ae destin\u00e9 aux professionnels de la mobilit\u00e9","publisher":{"@id":"https:\/\/newmobility.news\/#organization"},"potentialAction":[{"@type":"SearchAction","target":{"@type":"EntryPoint","urlTemplate":"https:\/\/newmobility.news\/?s={search_term_string}"},"query-input":{"@type":"PropertyValueSpecification","valueRequired":true,"valueName":"search_term_string"}}],"inLanguage":"fr-BE"},{"@type":"Organization","@id":"https:\/\/newmobility.news\/#organization","name":"Agence de presse B2BNews","url":"https:\/\/newmobility.news\/","logo":{"@type":"ImageObject","inLanguage":"fr-BE","@id":"https:\/\/newmobility.news\/#\/schema\/logo\/image\/","url":"https:\/\/newmobility.news\/wp-content\/uploads\/2018\/01\/b2bnews-agency-logo.png","contentUrl":"https:\/\/newmobility.news\/wp-content\/uploads\/2018\/01\/b2bnews-agency-logo.png","width":"581","height":"117","caption":"B2BNews Agency"},"image":{"@id":"https:\/\/newmobility.news\/#\/schema\/logo\/image\/"},"sameAs":["https:\/\/www.facebook.com\/search\/top\/?q=newmobility.news","https:\/\/x.com\/jorisvry","https:\/\/www.linkedin.com\/in\/jorisvanroy\/","https:\/\/nl.pinterest.com\/jorisvanroy\/"]},{"@type":"Person","@id":"https:\/\/newmobility.news\/#\/schema\/person\/3eeadfd7f121788397dc8c80516604ee","name":"Yeelen M\u00f6ller","image":{"@type":"ImageObject","inLanguage":"fr-BE","@id":"https:\/\/secure.gravatar.com\/avatar\/dcc7b7a3333f503cecd070ec7fa547bc999b9caea01fdd878a8c137081466f4a?s=96&d=mm&r=g","url":"https:\/\/secure.gravatar.com\/avatar\/dcc7b7a3333f503cecd070ec7fa547bc999b9caea01fdd878a8c137081466f4a?s=96&d=mm&r=g","contentUrl":"https:\/\/secure.gravatar.com\/avatar\/dcc7b7a3333f503cecd070ec7fa547bc999b9caea01fdd878a8c137081466f4a?s=96&d=mm&r=g","caption":"Yeelen M\u00f6ller"},"url":"https:\/\/newmobility.news\/fr\/author\/yeelenmhotmail-com\/"}]}},"jetpack_publicize_connections":[],"jetpack_featured_media_url":"https:\/\/i0.wp.com\/newmobility.news\/wp-content\/uploads\/2025\/08\/A251353_medium.jpg?fit=2455%2C1841&ssl=1","jetpack_shortlink":"https:\/\/wp.me\/p9wJdU-Jmx","jetpack_sharing_enabled":true,"jetpack_likes_enabled":true,"jetpack-related-posts":[],"_links":{"self":[{"href":"https:\/\/newmobility.news\/fr\/wp-json\/wp\/v2\/posts\/174377","targetHints":{"allow":["GET"]}}],"collection":[{"href":"https:\/\/newmobility.news\/fr\/wp-json\/wp\/v2\/posts"}],"about":[{"href":"https:\/\/newmobility.news\/fr\/wp-json\/wp\/v2\/types\/post"}],"author":[{"embeddable":true,"href":"https:\/\/newmobility.news\/fr\/wp-json\/wp\/v2\/users\/876"}],"replies":[{"embeddable":true,"href":"https:\/\/newmobility.news\/fr\/wp-json\/wp\/v2\/comments?post=174377"}],"version-history":[{"count":4,"href":"https:\/\/newmobility.news\/fr\/wp-json\/wp\/v2\/posts\/174377\/revisions"}],"predecessor-version":[{"id":174434,"href":"https:\/\/newmobility.news\/fr\/wp-json\/wp\/v2\/posts\/174377\/revisions\/174434"}],"wp:featuredmedia":[{"embeddable":true,"href":"https:\/\/newmobility.news\/fr\/wp-json\/wp\/v2\/media\/174388"}],"wp:attachment":[{"href":"https:\/\/newmobility.news\/fr\/wp-json\/wp\/v2\/media?parent=174377"}],"wp:term":[{"taxonomy":"category","embeddable":true,"href":"https:\/\/newmobility.news\/fr\/wp-json\/wp\/v2\/categories?post=174377"},{"taxonomy":"post_tag","embeddable":true,"href":"https:\/\/newmobility.news\/fr\/wp-json\/wp\/v2\/tags?post=174377"}],"curies":[{"name":"wp","href":"https:\/\/api.w.org\/{rel}","templated":true}]}}