{"id":174707,"date":"2025-09-03T12:15:45","date_gmt":"2025-09-03T10:15:45","guid":{"rendered":"https:\/\/newmobility.news\/?p=174707"},"modified":"2025-09-03T11:40:59","modified_gmt":"2025-09-03T09:40:59","slug":"audi-concept-c-previews-new-electric-sports-car","status":"publish","type":"post","link":"https:\/\/newmobility.news\/fr\/2025\/09\/03\/audi-concept-c-previews-new-electric-sports-car\/","title":{"rendered":"Audi Concept C d\u00e9voile sa nouvelle voiture de sport \u00e9lectrique"},"content":{"rendered":"Audi a d\u00e9voil\u00e9 le Concept C \u00e0 Milan, dont la pr\u00e9sentation officielle est pr\u00e9vue la semaine prochaine au salon IAA Mobility 2025 \u00e0 Munich. Ce concept-car \u00e9l\u00e9gant pr\u00e9figure une nouvelle voiture de sport \u00e9lectrique pour 2027, tout en annon\u00e7ant un nouveau langage stylistique pour la marque : \" Radical Simplicity \". Audi cherche \u00e0 red\u00e9finir le<div class=\"leaky_paywall_message_wrap\"><div id=\"leaky_paywall_message\">Ce contenu a \u00e9t\u00e9 archiv\u00e9. <a href=\"https:\/\/newmobility.news\/fr\/subscription\/\">Connectez-vous ou inscrivez-vous<\/a> \u00e0 un niveau qui donne acc\u00e8s au contenu archiv\u00e9.<\/div><\/div>","protected":false},"excerpt":{"rendered":"<p>Audi has unveiled the Concept C in Milan, with a public debut scheduled for the IAA Mobility 2025 in Munich next week. The sleek concept car prefigures a new electric sports car for 2027, while also heralding a new design language for the brand: &#8220;Radical Simplicity.&#8221; Audi is looking to reshape thThis content has been [&hellip;]<\/p>\n","protected":false},"author":876,"featured_media":174714,"comment_status":"closed","ping_status":"closed","sticky":false,"template":"","format":"standard","meta":{"_acf_changed":false,"jetpack_post_was_ever_published":false,"_jetpack_newsletter_access":"","_jetpack_dont_email_post_to_subs":false,"_jetpack_newsletter_tier_id":0,"_jetpack_memberships_contains_paywalled_content":false,"_jetpack_memberships_contains_paid_content":false,"footnotes":"","jetpack_publicize_message":"","jetpack_publicize_feature_enabled":true,"jetpack_social_post_already_shared":true,"jetpack_social_options":{"image_generator_settings":{"template":"highway","default_image_id":0,"font":"","enabled":false},"version":2},"_wpas_customize_per_network":false},"categories":[8,4],"tags":[],"class_list":["post-174707","post","type-post","status-publish","format-standard","has-post-thumbnail","hentry","category-product","category-top-stories-today"],"acf":[],"featured_image_urls_v2":{"full":["https:\/\/i0.wp.com\/newmobility.news\/wp-content\/uploads\/2025\/09\/A251444_medium-scaled.jpg?fit=2560%2C1707&ssl=1",2560,1707,false],"thumbnail":["https:\/\/i0.wp.com\/newmobility.news\/wp-content\/uploads\/2025\/09\/A251444_medium-scaled.jpg?resize=150%2C150&ssl=1",150,150,true],"medium":["https:\/\/i0.wp.com\/newmobility.news\/wp-content\/uploads\/2025\/09\/A251444_medium-scaled.jpg?fit=300%2C200&ssl=1",300,200,true],"medium_large":["https:\/\/i0.wp.com\/newmobility.news\/wp-content\/uploads\/2025\/09\/A251444_medium-scaled.jpg?fit=640%2C427&ssl=1",640,427,true],"large":["https:\/\/i0.wp.com\/newmobility.news\/wp-content\/uploads\/2025\/09\/A251444_medium-scaled.jpg?fit=640%2C427&ssl=1",640,427,true],"1536x1536":["https:\/\/i0.wp.com\/newmobility.news\/wp-content\/uploads\/2025\/09\/A251444_medium-scaled.jpg?fit=1536%2C1024&ssl=1",1536,1024,true],"2048x2048":["https:\/\/i0.wp.com\/newmobility.news\/wp-content\/uploads\/2025\/09\/A251444_medium-scaled.jpg?fit=2048%2C1366&ssl=1",2048,1366,true],"trp-custom-language-flag":["https:\/\/i0.wp.com\/newmobility.news\/wp-content\/uploads\/2025\/09\/A251444_medium-scaled.jpg?fit=18%2C12&ssl=1",18,12,true],"related-thumb":["https:\/\/i0.wp.com\/newmobility.news\/wp-content\/uploads\/2025\/09\/A251444_medium-scaled.jpg?resize=640%2C480&ssl=1",640,480,true],"gform-image-choice-sm":["https:\/\/i0.wp.com\/newmobility.news\/wp-content\/uploads\/2025\/09\/A251444_medium-scaled.jpg?resize=300%2C300&ssl=1",300,300,true],"gform-image-choice-md":["https:\/\/i0.wp.com\/newmobility.news\/wp-content\/uploads\/2025\/09\/A251444_medium-scaled.jpg?resize=400%2C400&ssl=1",400,400,true],"gform-image-choice-lg":["https:\/\/i0.wp.com\/newmobility.news\/wp-content\/uploads\/2025\/09\/A251444_medium-scaled.jpg?resize=600%2C600&ssl=1",600,600,true],"mailchimp":["https:\/\/i0.wp.com\/newmobility.news\/wp-content\/uploads\/2025\/09\/A251444_medium-scaled.jpg?fit=560%2C373&ssl=1",560,373,true],"unipress-phone":["https:\/\/i0.wp.com\/newmobility.news\/wp-content\/uploads\/2025\/09\/A251444_medium-scaled.jpg?resize=640%2C100&ssl=1",640,100,true],"unipress-tablet":["https:\/\/i0.wp.com\/newmobility.news\/wp-content\/uploads\/2025\/09\/A251444_medium-scaled.jpg?resize=1536%2C240&ssl=1",1536,240,true],"unipress-tablet-portrait":["https:\/\/i0.wp.com\/newmobility.news\/wp-content\/uploads\/2025\/09\/A251444_medium-scaled.jpg?resize=1536%2C180&ssl=1",1536,180,true],"unipress-tablet-landscape":["https:\/\/i0.wp.com\/newmobility.news\/wp-content\/uploads\/2025\/09\/A251444_medium-scaled.jpg?resize=2048%2C180&ssl=1",2048,180,true],"unipress-smartphone":["https:\/\/i0.wp.com\/newmobility.news\/wp-content\/uploads\/2025\/09\/A251444_medium-scaled.jpg?resize=1080%2C168&ssl=1",1080,168,true],"unipress-wide-screen":["https:\/\/i0.wp.com\/newmobility.news\/wp-content\/uploads\/2025\/09\/A251444_medium-scaled.jpg?resize=2560%2C180&ssl=1",2560,180,true]},"post_excerpt_stackable_v2":"<p>Audi has unveiled the Concept C in Milan, with a public debut scheduled for the IAA Mobility 2025 in Munich next week. The sleek concept car prefigures a new electric sports car for 2027, while also heralding a new design language for the brand: &#8220;Radical Simplicity.&#8221; Audi is looking to reshape thThis content has been archived. Log in or Subscribe to a level that has access to archived content.<\/p>\n","category_list_v2":"<a href=\"https:\/\/newmobility.news\/fr\/category\/product\/\" rel=\"category tag\">Product<\/a>, <a href=\"https:\/\/newmobility.news\/fr\/category\/top-stories-today\/\" rel=\"category tag\">Top Stories Today<\/a>","author_info_v2":{"name":"Yeelen M\u00f6ller","url":"https:\/\/newmobility.news\/fr\/author\/yeelenmhotmail-com\/"},"comments_num_v2":"0 comments","yoast_head":"<!-- This site is optimized with the Yoast SEO plugin v27.5 - https:\/\/yoast.com\/product\/yoast-seo-wordpress\/ -->\n<title>Audi Concept C previews new electric sports car - newmobility.news<\/title>\n<meta name=\"robots\" content=\"index, follow, max-snippet:-1, max-image-preview:large, max-video-preview:-1\" \/>\n<link rel=\"canonical\" href=\"https:\/\/newmobility.news\/fr\/2025\/09\/03\/audi-concept-c-previews-new-electric-sports-car\/\" \/>\n<meta property=\"og:locale\" content=\"fr_FR\" \/>\n<meta property=\"og:type\" content=\"article\" \/>\n<meta property=\"og:title\" content=\"Audi Concept C previews new electric sports car - newmobility.news\" \/>\n<meta property=\"og:description\" content=\"Audi has unveiled the Concept C in Milan, with a public debut scheduled for the IAA Mobility 2025 in Munich next week. The sleek concept car prefigures a new electric sports car for 2027, while also heralding a new design language for the brand: &quot;Radical Simplicity.&quot; Audi is looking to reshape thThis content has been [&hellip;]\" \/>\n<meta property=\"og:url\" content=\"https:\/\/newmobility.news\/fr\/2025\/09\/03\/audi-concept-c-previews-new-electric-sports-car\/\" \/>\n<meta property=\"og:site_name\" content=\"newmobility.news\" \/>\n<meta property=\"article:publisher\" content=\"https:\/\/www.facebook.com\/search\/top\/?q=newmobility.news\" \/>\n<meta property=\"article:published_time\" content=\"2025-09-03T10:15:45+00:00\" \/>\n<meta property=\"og:image\" content=\"https:\/\/i0.wp.com\/newmobility.news\/wp-content\/uploads\/2025\/09\/A251444_medium-scaled.jpg?fit=2560%2C1707&ssl=1\" \/>\n\t<meta property=\"og:image:width\" content=\"2560\" \/>\n\t<meta property=\"og:image:height\" content=\"1707\" \/>\n\t<meta property=\"og:image:type\" content=\"image\/jpeg\" \/>\n<meta name=\"author\" content=\"Yeelen M\u00f6ller\" \/>\n<meta name=\"twitter:card\" content=\"summary_large_image\" \/>\n<meta name=\"twitter:creator\" content=\"@jorisvry\" \/>\n<meta name=\"twitter:site\" content=\"@jorisvry\" \/>\n<meta name=\"twitter:label1\" content=\"\u00c9crit par\" \/>\n\t<meta name=\"twitter:data1\" content=\"Yeelen M\u00f6ller\" \/>\n\t<meta name=\"twitter:label2\" content=\"Dur\u00e9e de lecture est.\" \/>\n\t<meta name=\"twitter:data2\" content=\"4 minutes\" \/>\n<script type=\"application\/ld+json\" class=\"yoast-schema-graph\">{\"@context\":\"https:\\\/\\\/schema.org\",\"@graph\":[{\"@type\":\"Article\",\"@id\":\"https:\\\/\\\/newmobility.news\\\/2025\\\/09\\\/03\\\/audi-concept-c-previews-new-electric-sports-car\\\/#article\",\"isPartOf\":{\"@id\":\"https:\\\/\\\/newmobility.news\\\/2025\\\/09\\\/03\\\/audi-concept-c-previews-new-electric-sports-car\\\/\"},\"author\":{\"name\":\"Yeelen M\u00f6ller\",\"@id\":\"https:\\\/\\\/newmobility.news\\\/#\\\/schema\\\/person\\\/3eeadfd7f121788397dc8c80516604ee\"},\"headline\":\"Audi Concept C previews new electric sports car\",\"datePublished\":\"2025-09-03T10:15:45+00:00\",\"mainEntityOfPage\":{\"@id\":\"https:\\\/\\\/newmobility.news\\\/2025\\\/09\\\/03\\\/audi-concept-c-previews-new-electric-sports-car\\\/\"},\"wordCount\":529,\"publisher\":{\"@id\":\"https:\\\/\\\/newmobility.news\\\/#organization\"},\"image\":{\"@id\":\"https:\\\/\\\/newmobility.news\\\/2025\\\/09\\\/03\\\/audi-concept-c-previews-new-electric-sports-car\\\/#primaryimage\"},\"thumbnailUrl\":\"https:\\\/\\\/i0.wp.com\\\/newmobility.news\\\/wp-content\\\/uploads\\\/2025\\\/09\\\/A251444_medium-scaled.jpg?fit=2560%2C1707&ssl=1\",\"articleSection\":[\"Product\",\"Top Stories Today\"],\"inLanguage\":\"fr-BE\"},{\"@type\":\"WebPage\",\"@id\":\"https:\\\/\\\/newmobility.news\\\/2025\\\/09\\\/03\\\/audi-concept-c-previews-new-electric-sports-car\\\/\",\"url\":\"https:\\\/\\\/newmobility.news\\\/2025\\\/09\\\/03\\\/audi-concept-c-previews-new-electric-sports-car\\\/\",\"name\":\"Audi Concept C previews new electric sports car - newmobility.news\",\"isPartOf\":{\"@id\":\"https:\\\/\\\/newmobility.news\\\/#website\"},\"primaryImageOfPage\":{\"@id\":\"https:\\\/\\\/newmobility.news\\\/2025\\\/09\\\/03\\\/audi-concept-c-previews-new-electric-sports-car\\\/#primaryimage\"},\"image\":{\"@id\":\"https:\\\/\\\/newmobility.news\\\/2025\\\/09\\\/03\\\/audi-concept-c-previews-new-electric-sports-car\\\/#primaryimage\"},\"thumbnailUrl\":\"https:\\\/\\\/i0.wp.com\\\/newmobility.news\\\/wp-content\\\/uploads\\\/2025\\\/09\\\/A251444_medium-scaled.jpg?fit=2560%2C1707&ssl=1\",\"datePublished\":\"2025-09-03T10:15:45+00:00\",\"breadcrumb\":{\"@id\":\"https:\\\/\\\/newmobility.news\\\/2025\\\/09\\\/03\\\/audi-concept-c-previews-new-electric-sports-car\\\/#breadcrumb\"},\"inLanguage\":\"fr-BE\",\"potentialAction\":[{\"@type\":\"ReadAction\",\"target\":[\"https:\\\/\\\/newmobility.news\\\/2025\\\/09\\\/03\\\/audi-concept-c-previews-new-electric-sports-car\\\/\"]}]},{\"@type\":\"ImageObject\",\"inLanguage\":\"fr-BE\",\"@id\":\"https:\\\/\\\/newmobility.news\\\/2025\\\/09\\\/03\\\/audi-concept-c-previews-new-electric-sports-car\\\/#primaryimage\",\"url\":\"https:\\\/\\\/i0.wp.com\\\/newmobility.news\\\/wp-content\\\/uploads\\\/2025\\\/09\\\/A251444_medium-scaled.jpg?fit=2560%2C1707&ssl=1\",\"contentUrl\":\"https:\\\/\\\/i0.wp.com\\\/newmobility.news\\\/wp-content\\\/uploads\\\/2025\\\/09\\\/A251444_medium-scaled.jpg?fit=2560%2C1707&ssl=1\",\"width\":2560,\"height\":1707,\"caption\":\"The Audi Concept C prefigures an electric sports car for the brand, coming in late 2027 \\\/ Audi\"},{\"@type\":\"BreadcrumbList\",\"@id\":\"https:\\\/\\\/newmobility.news\\\/2025\\\/09\\\/03\\\/audi-concept-c-previews-new-electric-sports-car\\\/#breadcrumb\",\"itemListElement\":[{\"@type\":\"ListItem\",\"position\":1,\"name\":\"Home\",\"item\":\"https:\\\/\\\/newmobility.news\\\/\"},{\"@type\":\"ListItem\",\"position\":2,\"name\":\"Audi Concept C previews new electric sports car\"}]},{\"@type\":\"WebSite\",\"@id\":\"https:\\\/\\\/newmobility.news\\\/#website\",\"url\":\"https:\\\/\\\/newmobility.news\\\/\",\"name\":\"newmobility.news\",\"description\":\"A B2BNews Agency\u00ae news service for mobility business proessional\",\"publisher\":{\"@id\":\"https:\\\/\\\/newmobility.news\\\/#organization\"},\"potentialAction\":[{\"@type\":\"SearchAction\",\"target\":{\"@type\":\"EntryPoint\",\"urlTemplate\":\"https:\\\/\\\/newmobility.news\\\/?s={search_term_string}\"},\"query-input\":{\"@type\":\"PropertyValueSpecification\",\"valueRequired\":true,\"valueName\":\"search_term_string\"}}],\"inLanguage\":\"fr-BE\"},{\"@type\":\"Organization\",\"@id\":\"https:\\\/\\\/newmobility.news\\\/#organization\",\"name\":\"B2BNews Agency\",\"url\":\"https:\\\/\\\/newmobility.news\\\/\",\"logo\":{\"@type\":\"ImageObject\",\"inLanguage\":\"fr-BE\",\"@id\":\"https:\\\/\\\/newmobility.news\\\/#\\\/schema\\\/logo\\\/image\\\/\",\"url\":\"https:\\\/\\\/newmobility.news\\\/wp-content\\\/uploads\\\/2018\\\/01\\\/b2bnews-agency-logo.png\",\"contentUrl\":\"https:\\\/\\\/newmobility.news\\\/wp-content\\\/uploads\\\/2018\\\/01\\\/b2bnews-agency-logo.png\",\"width\":\"581\",\"height\":\"117\",\"caption\":\"B2BNews Agency\"},\"image\":{\"@id\":\"https:\\\/\\\/newmobility.news\\\/#\\\/schema\\\/logo\\\/image\\\/\"},\"sameAs\":[\"https:\\\/\\\/www.facebook.com\\\/search\\\/top\\\/?q=newmobility.news\",\"https:\\\/\\\/x.com\\\/jorisvry\",\"https:\\\/\\\/www.linkedin.com\\\/in\\\/jorisvanroy\\\/\",\"https:\\\/\\\/nl.pinterest.com\\\/jorisvanroy\\\/\"]},{\"@type\":\"Person\",\"@id\":\"https:\\\/\\\/newmobility.news\\\/#\\\/schema\\\/person\\\/3eeadfd7f121788397dc8c80516604ee\",\"name\":\"Yeelen M\u00f6ller\",\"image\":{\"@type\":\"ImageObject\",\"inLanguage\":\"fr-BE\",\"@id\":\"https:\\\/\\\/secure.gravatar.com\\\/avatar\\\/dcc7b7a3333f503cecd070ec7fa547bc999b9caea01fdd878a8c137081466f4a?s=96&d=mm&r=g\",\"url\":\"https:\\\/\\\/secure.gravatar.com\\\/avatar\\\/dcc7b7a3333f503cecd070ec7fa547bc999b9caea01fdd878a8c137081466f4a?s=96&d=mm&r=g\",\"contentUrl\":\"https:\\\/\\\/secure.gravatar.com\\\/avatar\\\/dcc7b7a3333f503cecd070ec7fa547bc999b9caea01fdd878a8c137081466f4a?s=96&d=mm&r=g\",\"caption\":\"Yeelen M\u00f6ller\"},\"url\":\"https:\\\/\\\/newmobility.news\\\/fr\\\/author\\\/yeelenmhotmail-com\\\/\"}]}<\/script>\n<!-- \/ Yoast SEO plugin. -->","yoast_head_json":{"title":"Audi Concept C d\u00e9voile sa nouvelle voiture de sport \u00e9lectrique - newmobility.news","robots":{"index":"index","follow":"follow","max-snippet":"max-snippet:-1","max-image-preview":"max-image-preview:large","max-video-preview":"max-video-preview:-1"},"canonical":"https:\/\/newmobility.news\/fr\/2025\/09\/03\/audi-concept-c-previews-new-electric-sports-car\/","og_locale":"fr_FR","og_type":"article","og_title":"Audi Concept C previews new electric sports car - newmobility.news","og_description":"Audi has unveiled the Concept C in Milan, with a public debut scheduled for the IAA Mobility 2025 in Munich next week. The sleek concept car prefigures a new electric sports car for 2027, while also heralding a new design language for the brand: \"Radical Simplicity.\" Audi is looking to reshape thThis content has been [&hellip;]","og_url":"https:\/\/newmobility.news\/fr\/2025\/09\/03\/audi-concept-c-previews-new-electric-sports-car\/","og_site_name":"newmobility.news","article_publisher":"https:\/\/www.facebook.com\/search\/top\/?q=newmobility.news","article_published_time":"2025-09-03T10:15:45+00:00","og_image":[{"width":2560,"height":1707,"url":"https:\/\/i0.wp.com\/newmobility.news\/wp-content\/uploads\/2025\/09\/A251444_medium-scaled.jpg?fit=2560%2C1707&ssl=1","type":"image\/jpeg"}],"author":"Yeelen M\u00f6ller","twitter_card":"summary_large_image","twitter_creator":"@jorisvry","twitter_site":"@jorisvry","twitter_misc":{"\u00c9crit par":"Yeelen M\u00f6ller","Dur\u00e9e de lecture est.":"4 minutes"},"schema":{"@context":"https:\/\/schema.org","@graph":[{"@type":"Article","@id":"https:\/\/newmobility.news\/2025\/09\/03\/audi-concept-c-previews-new-electric-sports-car\/#article","isPartOf":{"@id":"https:\/\/newmobility.news\/2025\/09\/03\/audi-concept-c-previews-new-electric-sports-car\/"},"author":{"name":"Yeelen M\u00f6ller","@id":"https:\/\/newmobility.news\/#\/schema\/person\/3eeadfd7f121788397dc8c80516604ee"},"headline":"Audi Concept C previews new electric sports car","datePublished":"2025-09-03T10:15:45+00:00","mainEntityOfPage":{"@id":"https:\/\/newmobility.news\/2025\/09\/03\/audi-concept-c-previews-new-electric-sports-car\/"},"wordCount":529,"publisher":{"@id":"https:\/\/newmobility.news\/#organization"},"image":{"@id":"https:\/\/newmobility.news\/2025\/09\/03\/audi-concept-c-previews-new-electric-sports-car\/#primaryimage"},"thumbnailUrl":"https:\/\/i0.wp.com\/newmobility.news\/wp-content\/uploads\/2025\/09\/A251444_medium-scaled.jpg?fit=2560%2C1707&ssl=1","articleSection":["Product","Top Stories Today"],"inLanguage":"fr-BE"},{"@type":"WebPage","@id":"https:\/\/newmobility.news\/2025\/09\/03\/audi-concept-c-previews-new-electric-sports-car\/","url":"https:\/\/newmobility.news\/2025\/09\/03\/audi-concept-c-previews-new-electric-sports-car\/","name":"Audi Concept C d\u00e9voile sa nouvelle voiture de sport \u00e9lectrique - newmobility.news","isPartOf":{"@id":"https:\/\/newmobility.news\/#website"},"primaryImageOfPage":{"@id":"https:\/\/newmobility.news\/2025\/09\/03\/audi-concept-c-previews-new-electric-sports-car\/#primaryimage"},"image":{"@id":"https:\/\/newmobility.news\/2025\/09\/03\/audi-concept-c-previews-new-electric-sports-car\/#primaryimage"},"thumbnailUrl":"https:\/\/i0.wp.com\/newmobility.news\/wp-content\/uploads\/2025\/09\/A251444_medium-scaled.jpg?fit=2560%2C1707&ssl=1","datePublished":"2025-09-03T10:15:45+00:00","breadcrumb":{"@id":"https:\/\/newmobility.news\/2025\/09\/03\/audi-concept-c-previews-new-electric-sports-car\/#breadcrumb"},"inLanguage":"fr-BE","potentialAction":[{"@type":"ReadAction","target":["https:\/\/newmobility.news\/2025\/09\/03\/audi-concept-c-previews-new-electric-sports-car\/"]}]},{"@type":"ImageObject","inLanguage":"fr-BE","@id":"https:\/\/newmobility.news\/2025\/09\/03\/audi-concept-c-previews-new-electric-sports-car\/#primaryimage","url":"https:\/\/i0.wp.com\/newmobility.news\/wp-content\/uploads\/2025\/09\/A251444_medium-scaled.jpg?fit=2560%2C1707&ssl=1","contentUrl":"https:\/\/i0.wp.com\/newmobility.news\/wp-content\/uploads\/2025\/09\/A251444_medium-scaled.jpg?fit=2560%2C1707&ssl=1","width":2560,"height":1707,"caption":"The Audi Concept C prefigures an electric sports car for the brand, coming in late 2027 \/ Audi"},{"@type":"BreadcrumbList","@id":"https:\/\/newmobility.news\/2025\/09\/03\/audi-concept-c-previews-new-electric-sports-car\/#breadcrumb","itemListElement":[{"@type":"ListItem","position":1,"name":"Home","item":"https:\/\/newmobility.news\/"},{"@type":"ListItem","position":2,"name":"Audi Concept C previews new electric sports car"}]},{"@type":"WebSite","@id":"https:\/\/newmobility.news\/#website","url":"https:\/\/newmobility.news\/","name":"nouveaumobilit\u00e9.actualit\u00e9s","description":"Un service d'information B2BNews Agency\u00ae destin\u00e9 aux professionnels de la mobilit\u00e9","publisher":{"@id":"https:\/\/newmobility.news\/#organization"},"potentialAction":[{"@type":"SearchAction","target":{"@type":"EntryPoint","urlTemplate":"https:\/\/newmobility.news\/?s={search_term_string}"},"query-input":{"@type":"PropertyValueSpecification","valueRequired":true,"valueName":"search_term_string"}}],"inLanguage":"fr-BE"},{"@type":"Organization","@id":"https:\/\/newmobility.news\/#organization","name":"Agence de presse B2BNews","url":"https:\/\/newmobility.news\/","logo":{"@type":"ImageObject","inLanguage":"fr-BE","@id":"https:\/\/newmobility.news\/#\/schema\/logo\/image\/","url":"https:\/\/newmobility.news\/wp-content\/uploads\/2018\/01\/b2bnews-agency-logo.png","contentUrl":"https:\/\/newmobility.news\/wp-content\/uploads\/2018\/01\/b2bnews-agency-logo.png","width":"581","height":"117","caption":"B2BNews Agency"},"image":{"@id":"https:\/\/newmobility.news\/#\/schema\/logo\/image\/"},"sameAs":["https:\/\/www.facebook.com\/search\/top\/?q=newmobility.news","https:\/\/x.com\/jorisvry","https:\/\/www.linkedin.com\/in\/jorisvanroy\/","https:\/\/nl.pinterest.com\/jorisvanroy\/"]},{"@type":"Person","@id":"https:\/\/newmobility.news\/#\/schema\/person\/3eeadfd7f121788397dc8c80516604ee","name":"Yeelen M\u00f6ller","image":{"@type":"ImageObject","inLanguage":"fr-BE","@id":"https:\/\/secure.gravatar.com\/avatar\/dcc7b7a3333f503cecd070ec7fa547bc999b9caea01fdd878a8c137081466f4a?s=96&d=mm&r=g","url":"https:\/\/secure.gravatar.com\/avatar\/dcc7b7a3333f503cecd070ec7fa547bc999b9caea01fdd878a8c137081466f4a?s=96&d=mm&r=g","contentUrl":"https:\/\/secure.gravatar.com\/avatar\/dcc7b7a3333f503cecd070ec7fa547bc999b9caea01fdd878a8c137081466f4a?s=96&d=mm&r=g","caption":"Yeelen M\u00f6ller"},"url":"https:\/\/newmobility.news\/fr\/author\/yeelenmhotmail-com\/"}]}},"jetpack_publicize_connections":[],"jetpack_featured_media_url":"https:\/\/i0.wp.com\/newmobility.news\/wp-content\/uploads\/2025\/09\/A251444_medium-scaled.jpg?fit=2560%2C1707&ssl=1","jetpack_shortlink":"https:\/\/wp.me\/p9wJdU-JrR","jetpack_sharing_enabled":true,"jetpack_likes_enabled":true,"jetpack-related-posts":[],"_links":{"self":[{"href":"https:\/\/newmobility.news\/fr\/wp-json\/wp\/v2\/posts\/174707","targetHints":{"allow":["GET"]}}],"collection":[{"href":"https:\/\/newmobility.news\/fr\/wp-json\/wp\/v2\/posts"}],"about":[{"href":"https:\/\/newmobility.news\/fr\/wp-json\/wp\/v2\/types\/post"}],"author":[{"embeddable":true,"href":"https:\/\/newmobility.news\/fr\/wp-json\/wp\/v2\/users\/876"}],"replies":[{"embeddable":true,"href":"https:\/\/newmobility.news\/fr\/wp-json\/wp\/v2\/comments?post=174707"}],"version-history":[{"count":3,"href":"https:\/\/newmobility.news\/fr\/wp-json\/wp\/v2\/posts\/174707\/revisions"}],"predecessor-version":[{"id":174720,"href":"https:\/\/newmobility.news\/fr\/wp-json\/wp\/v2\/posts\/174707\/revisions\/174720"}],"wp:featuredmedia":[{"embeddable":true,"href":"https:\/\/newmobility.news\/fr\/wp-json\/wp\/v2\/media\/174714"}],"wp:attachment":[{"href":"https:\/\/newmobility.news\/fr\/wp-json\/wp\/v2\/media?parent=174707"}],"wp:term":[{"taxonomy":"category","embeddable":true,"href":"https:\/\/newmobility.news\/fr\/wp-json\/wp\/v2\/categories?post=174707"},{"taxonomy":"post_tag","embeddable":true,"href":"https:\/\/newmobility.news\/fr\/wp-json\/wp\/v2\/tags?post=174707"}],"curies":[{"name":"wp","href":"https:\/\/api.w.org\/{rel}","templated":true}]}}