{"id":175082,"date":"2025-09-11T11:52:17","date_gmt":"2025-09-11T09:52:17","guid":{"rendered":"https:\/\/newmobility.news\/?p=175082"},"modified":"2025-09-11T12:39:49","modified_gmt":"2025-09-11T10:39:49","slug":"icct-study-eu-close-to-meet-near-to%e2%80%90mid-term-vehicle-emission-goals","status":"publish","type":"post","link":"https:\/\/newmobility.news\/fr\/2025\/09\/11\/icct-study-eu-close-to-meet-near-to%e2%80%90mid-term-vehicle-emission-goals\/","title":{"rendered":"\u00c9tude de l'ICCT : \u2018 L'UE est en passe d'atteindre ses objectifs \u00e0 court et moyen terme en mati\u00e8re d'\u00e9missions des v\u00e9hicules \u2019"},"content":{"rendered":"Dans son dernier rapport publi\u00e9 mercredi, le Conseil international sur les transports propres (ICCT) conclut que l'Europe est en bonne voie pour atteindre ses objectifs \u00e0 court et moyen terme en mati\u00e8re d'\u00e9missions des v\u00e9hicules. Le rapport indique qu'il suffirait d'une r\u00e9duction relativement faible des \u00e9missions de CO\u2082 du parc automobile, de l'ordre de 9 grammes C<div class=\"leaky_paywall_message_wrap\"><div id=\"leaky_paywall_message\">Ce contenu a \u00e9t\u00e9 archiv\u00e9. <a href=\"https:\/\/newmobility.news\/fr\/subscription\/\">Connectez-vous ou inscrivez-vous<\/a> \u00e0 un niveau qui donne acc\u00e8s au contenu archiv\u00e9.<\/div><\/div>","protected":false},"excerpt":{"rendered":"<p>In its latest report published on Wednesday, the International Council on Clean Transportation (ICCT) concludes Europe is close to being on track to meet its near-to\u2010mid-term vehicle emission goals. The report says only a relatively small further reduction in fleet CO\u2082 emissions &#8211; some 9 grams CThis content has been archived. Log in or Subscribe [&hellip;]<\/p>\n","protected":false},"author":21,"featured_media":175085,"comment_status":"closed","ping_status":"closed","sticky":false,"template":"","format":"standard","meta":{"_acf_changed":false,"jetpack_post_was_ever_published":false,"_jetpack_newsletter_access":"","_jetpack_dont_email_post_to_subs":false,"_jetpack_newsletter_tier_id":0,"_jetpack_memberships_contains_paywalled_content":false,"_jetpack_memberships_contains_paid_content":false,"footnotes":"","jetpack_publicize_message":"","jetpack_publicize_feature_enabled":true,"jetpack_social_post_already_shared":true,"jetpack_social_options":{"image_generator_settings":{"template":"highway","default_image_id":0,"font":"","enabled":false},"version":2},"_wpas_customize_per_network":false},"categories":[28,25,4],"tags":[],"class_list":["post-175082","post","type-post","status-publish","format-standard","has-post-thumbnail","hentry","category-europe","category-legislation","category-top-stories-today"],"acf":[],"featured_image_urls_v2":{"full":["https:\/\/i0.wp.com\/newmobility.news\/wp-content\/uploads\/2025\/09\/Scherm%C2%ADafbeelding-2025-09-11-om-10.05.01.png?fit=2532%2C1738&ssl=1",2532,1738,false],"thumbnail":["https:\/\/i0.wp.com\/newmobility.news\/wp-content\/uploads\/2025\/09\/Scherm%C2%ADafbeelding-2025-09-11-om-10.05.01.png?resize=150%2C150&ssl=1",150,150,true],"medium":["https:\/\/i0.wp.com\/newmobility.news\/wp-content\/uploads\/2025\/09\/Scherm%C2%ADafbeelding-2025-09-11-om-10.05.01.png?fit=300%2C206&ssl=1",300,206,true],"medium_large":["https:\/\/i0.wp.com\/newmobility.news\/wp-content\/uploads\/2025\/09\/Scherm%C2%ADafbeelding-2025-09-11-om-10.05.01.png?fit=640%2C439&ssl=1",640,439,true],"large":["https:\/\/i0.wp.com\/newmobility.news\/wp-content\/uploads\/2025\/09\/Scherm%C2%ADafbeelding-2025-09-11-om-10.05.01.png?fit=640%2C439&ssl=1",640,439,true],"1536x1536":["https:\/\/i0.wp.com\/newmobility.news\/wp-content\/uploads\/2025\/09\/Scherm%C2%ADafbeelding-2025-09-11-om-10.05.01.png?fit=1536%2C1054&ssl=1",1536,1054,true],"2048x2048":["https:\/\/i0.wp.com\/newmobility.news\/wp-content\/uploads\/2025\/09\/Scherm%C2%ADafbeelding-2025-09-11-om-10.05.01.png?fit=2048%2C1406&ssl=1",2048,1406,true],"trp-custom-language-flag":["https:\/\/i0.wp.com\/newmobility.news\/wp-content\/uploads\/2025\/09\/Scherm%C2%ADafbeelding-2025-09-11-om-10.05.01.png?fit=18%2C12&ssl=1",18,12,true],"related-thumb":["https:\/\/i0.wp.com\/newmobility.news\/wp-content\/uploads\/2025\/09\/Scherm%C2%ADafbeelding-2025-09-11-om-10.05.01.png?resize=640%2C480&ssl=1",640,480,true],"gform-image-choice-sm":["https:\/\/i0.wp.com\/newmobility.news\/wp-content\/uploads\/2025\/09\/Scherm%C2%ADafbeelding-2025-09-11-om-10.05.01.png?resize=300%2C300&ssl=1",300,300,true],"gform-image-choice-md":["https:\/\/i0.wp.com\/newmobility.news\/wp-content\/uploads\/2025\/09\/Scherm%C2%ADafbeelding-2025-09-11-om-10.05.01.png?resize=400%2C400&ssl=1",400,400,true],"gform-image-choice-lg":["https:\/\/i0.wp.com\/newmobility.news\/wp-content\/uploads\/2025\/09\/Scherm%C2%ADafbeelding-2025-09-11-om-10.05.01.png?resize=600%2C600&ssl=1",600,600,true],"mailchimp":["https:\/\/i0.wp.com\/newmobility.news\/wp-content\/uploads\/2025\/09\/Scherm%C2%ADafbeelding-2025-09-11-om-10.05.01.png?fit=560%2C384&ssl=1",560,384,true],"unipress-phone":["https:\/\/i0.wp.com\/newmobility.news\/wp-content\/uploads\/2025\/09\/Scherm%C2%ADafbeelding-2025-09-11-om-10.05.01.png?resize=640%2C100&ssl=1",640,100,true],"unipress-tablet":["https:\/\/i0.wp.com\/newmobility.news\/wp-content\/uploads\/2025\/09\/Scherm%C2%ADafbeelding-2025-09-11-om-10.05.01.png?resize=1536%2C240&ssl=1",1536,240,true],"unipress-tablet-portrait":["https:\/\/i0.wp.com\/newmobility.news\/wp-content\/uploads\/2025\/09\/Scherm%C2%ADafbeelding-2025-09-11-om-10.05.01.png?resize=1536%2C180&ssl=1",1536,180,true],"unipress-tablet-landscape":["https:\/\/i0.wp.com\/newmobility.news\/wp-content\/uploads\/2025\/09\/Scherm%C2%ADafbeelding-2025-09-11-om-10.05.01.png?resize=2048%2C180&ssl=1",2048,180,true],"unipress-smartphone":["https:\/\/i0.wp.com\/newmobility.news\/wp-content\/uploads\/2025\/09\/Scherm%C2%ADafbeelding-2025-09-11-om-10.05.01.png?resize=1080%2C168&ssl=1",1080,168,true],"unipress-wide-screen":["https:\/\/i0.wp.com\/newmobility.news\/wp-content\/uploads\/2025\/09\/Scherm%C2%ADafbeelding-2025-09-11-om-10.05.01.png?resize=2532%2C180&ssl=1",2532,180,true]},"post_excerpt_stackable_v2":"<p>In its latest report published on Wednesday, the International Council on Clean Transportation (ICCT) concludes Europe is close to being on track to meet its near-to\u2010mid-term vehicle emission goals. The report says only a relatively small further reduction in fleet CO\u2082 emissions &#8211; some 9 grams CThis content has been archived. Log in or Subscribe to a level that has access to archived content.<\/p>\n","category_list_v2":"<a href=\"https:\/\/newmobility.news\/fr\/category\/europe\/\" rel=\"category tag\">Europe<\/a>, <a href=\"https:\/\/newmobility.news\/fr\/category\/legislation\/\" rel=\"category tag\">Legislation<\/a>, <a href=\"https:\/\/newmobility.news\/fr\/category\/top-stories-today\/\" rel=\"category tag\">Top Stories Today<\/a>","author_info_v2":{"name":"Joris Van Roy","url":"https:\/\/newmobility.news\/fr\/author\/jorisximcom-be\/"},"comments_num_v2":"0 comments","yoast_head":"<!-- This site is optimized with the Yoast SEO plugin v27.5 - https:\/\/yoast.com\/product\/yoast-seo-wordpress\/ -->\n<title>ICCT study: &#039;EU close to meet near-to\u2010mid-term vehicle emission goals&#039; - newmobility.news<\/title>\n<meta name=\"robots\" content=\"index, follow, max-snippet:-1, max-image-preview:large, max-video-preview:-1\" \/>\n<link rel=\"canonical\" href=\"https:\/\/newmobility.news\/fr\/2025\/09\/11\/icct-study-eu-close-to-meet-near-to\u2010mid-term-vehicle-emission-goals\/\" \/>\n<meta property=\"og:locale\" content=\"fr_FR\" \/>\n<meta property=\"og:type\" content=\"article\" \/>\n<meta property=\"og:title\" content=\"ICCT study: &#039;EU close to meet near-to\u2010mid-term vehicle emission goals&#039; - newmobility.news\" \/>\n<meta property=\"og:description\" content=\"In its latest report published on Wednesday, the International Council on Clean Transportation (ICCT) concludes Europe is close to being on track to meet its near-to\u2010mid-term vehicle emission goals. The report says only a relatively small further reduction in fleet CO\u2082 emissions - some 9 grams CThis content has been archived. Log in or Subscribe [&hellip;]\" \/>\n<meta property=\"og:url\" content=\"https:\/\/newmobility.news\/fr\/2025\/09\/11\/icct-study-eu-close-to-meet-near-to\u2010mid-term-vehicle-emission-goals\/\" \/>\n<meta property=\"og:site_name\" content=\"newmobility.news\" \/>\n<meta property=\"article:publisher\" content=\"https:\/\/www.facebook.com\/search\/top\/?q=newmobility.news\" \/>\n<meta property=\"article:published_time\" content=\"2025-09-11T09:52:17+00:00\" \/>\n<meta property=\"article:modified_time\" content=\"2025-09-11T10:39:49+00:00\" \/>\n<meta property=\"og:image\" content=\"https:\/\/newmobility.news\/wp-content\/uploads\/2025\/09\/Scherm\u00adafbeelding-2025-09-11-om-10.05.01-1024x703.png\" \/>\n\t<meta property=\"og:image:width\" content=\"1024\" \/>\n\t<meta property=\"og:image:height\" content=\"703\" \/>\n\t<meta property=\"og:image:type\" content=\"image\/png\" \/>\n<meta name=\"author\" content=\"Joris Van Roy\" \/>\n<meta name=\"twitter:card\" content=\"summary_large_image\" \/>\n<meta name=\"twitter:creator\" content=\"@jorisvry\" \/>\n<meta name=\"twitter:site\" content=\"@jorisvry\" \/>\n<meta name=\"twitter:label1\" content=\"\u00c9crit par\" \/>\n\t<meta name=\"twitter:data1\" content=\"Joris Van Roy\" \/>\n\t<meta name=\"twitter:label2\" content=\"Dur\u00e9e de lecture est.\" \/>\n\t<meta name=\"twitter:data2\" content=\"6 minutes\" \/>\n<script type=\"application\/ld+json\" class=\"yoast-schema-graph\">{\"@context\":\"https:\\\/\\\/schema.org\",\"@graph\":[{\"@type\":\"Article\",\"@id\":\"https:\\\/\\\/newmobility.news\\\/2025\\\/09\\\/11\\\/icct-study-eu-close-to-meet-near-to%e2%80%90mid-term-vehicle-emission-goals\\\/#article\",\"isPartOf\":{\"@id\":\"https:\\\/\\\/newmobility.news\\\/2025\\\/09\\\/11\\\/icct-study-eu-close-to-meet-near-to%e2%80%90mid-term-vehicle-emission-goals\\\/\"},\"author\":{\"name\":\"Joris Van Roy\",\"@id\":\"https:\\\/\\\/newmobility.news\\\/#\\\/schema\\\/person\\\/c1ae99aef99238aa6a3d2e4fae62ca0d\"},\"headline\":\"ICCT study: &#8216;EU close to meet near-to\u2010mid-term vehicle emission goals&#8217;\",\"datePublished\":\"2025-09-11T09:52:17+00:00\",\"dateModified\":\"2025-09-11T10:39:49+00:00\",\"mainEntityOfPage\":{\"@id\":\"https:\\\/\\\/newmobility.news\\\/2025\\\/09\\\/11\\\/icct-study-eu-close-to-meet-near-to%e2%80%90mid-term-vehicle-emission-goals\\\/\"},\"wordCount\":1214,\"publisher\":{\"@id\":\"https:\\\/\\\/newmobility.news\\\/#organization\"},\"image\":{\"@id\":\"https:\\\/\\\/newmobility.news\\\/2025\\\/09\\\/11\\\/icct-study-eu-close-to-meet-near-to%e2%80%90mid-term-vehicle-emission-goals\\\/#primaryimage\"},\"thumbnailUrl\":\"https:\\\/\\\/i0.wp.com\\\/newmobility.news\\\/wp-content\\\/uploads\\\/2025\\\/09\\\/Scherm%C2%ADafbeelding-2025-09-11-om-10.05.01.png?fit=2532%2C1738&ssl=1\",\"articleSection\":[\"Europe\",\"Legislation\",\"Top Stories Today\"],\"inLanguage\":\"fr-BE\"},{\"@type\":\"WebPage\",\"@id\":\"https:\\\/\\\/newmobility.news\\\/2025\\\/09\\\/11\\\/icct-study-eu-close-to-meet-near-to%e2%80%90mid-term-vehicle-emission-goals\\\/\",\"url\":\"https:\\\/\\\/newmobility.news\\\/2025\\\/09\\\/11\\\/icct-study-eu-close-to-meet-near-to%e2%80%90mid-term-vehicle-emission-goals\\\/\",\"name\":\"ICCT study: 'EU close to meet near-to\u2010mid-term vehicle emission goals' - newmobility.news\",\"isPartOf\":{\"@id\":\"https:\\\/\\\/newmobility.news\\\/#website\"},\"primaryImageOfPage\":{\"@id\":\"https:\\\/\\\/newmobility.news\\\/2025\\\/09\\\/11\\\/icct-study-eu-close-to-meet-near-to%e2%80%90mid-term-vehicle-emission-goals\\\/#primaryimage\"},\"image\":{\"@id\":\"https:\\\/\\\/newmobility.news\\\/2025\\\/09\\\/11\\\/icct-study-eu-close-to-meet-near-to%e2%80%90mid-term-vehicle-emission-goals\\\/#primaryimage\"},\"thumbnailUrl\":\"https:\\\/\\\/i0.wp.com\\\/newmobility.news\\\/wp-content\\\/uploads\\\/2025\\\/09\\\/Scherm%C2%ADafbeelding-2025-09-11-om-10.05.01.png?fit=2532%2C1738&ssl=1\",\"datePublished\":\"2025-09-11T09:52:17+00:00\",\"dateModified\":\"2025-09-11T10:39:49+00:00\",\"breadcrumb\":{\"@id\":\"https:\\\/\\\/newmobility.news\\\/2025\\\/09\\\/11\\\/icct-study-eu-close-to-meet-near-to%e2%80%90mid-term-vehicle-emission-goals\\\/#breadcrumb\"},\"inLanguage\":\"fr-BE\",\"potentialAction\":[{\"@type\":\"ReadAction\",\"target\":[\"https:\\\/\\\/newmobility.news\\\/2025\\\/09\\\/11\\\/icct-study-eu-close-to-meet-near-to%e2%80%90mid-term-vehicle-emission-goals\\\/\"]}]},{\"@type\":\"ImageObject\",\"inLanguage\":\"fr-BE\",\"@id\":\"https:\\\/\\\/newmobility.news\\\/2025\\\/09\\\/11\\\/icct-study-eu-close-to-meet-near-to%e2%80%90mid-term-vehicle-emission-goals\\\/#primaryimage\",\"url\":\"https:\\\/\\\/i0.wp.com\\\/newmobility.news\\\/wp-content\\\/uploads\\\/2025\\\/09\\\/Scherm%C2%ADafbeelding-2025-09-11-om-10.05.01.png?fit=2532%2C1738&ssl=1\",\"contentUrl\":\"https:\\\/\\\/i0.wp.com\\\/newmobility.news\\\/wp-content\\\/uploads\\\/2025\\\/09\\\/Scherm%C2%ADafbeelding-2025-09-11-om-10.05.01.png?fit=2532%2C1738&ssl=1\",\"width\":2532,\"height\":1738,\"caption\":\"The latest report by the International Council on Clean Transportation (ICCT) shows most carmakers are on track to meet EU's mid-term CO2 emission goals thanks to pooling \\\/ICCT\"},{\"@type\":\"BreadcrumbList\",\"@id\":\"https:\\\/\\\/newmobility.news\\\/2025\\\/09\\\/11\\\/icct-study-eu-close-to-meet-near-to%e2%80%90mid-term-vehicle-emission-goals\\\/#breadcrumb\",\"itemListElement\":[{\"@type\":\"ListItem\",\"position\":1,\"name\":\"Home\",\"item\":\"https:\\\/\\\/newmobility.news\\\/\"},{\"@type\":\"ListItem\",\"position\":2,\"name\":\"ICCT study: &#8216;EU close to meet near-to\u2010mid-term vehicle emission goals&#8217;\"}]},{\"@type\":\"WebSite\",\"@id\":\"https:\\\/\\\/newmobility.news\\\/#website\",\"url\":\"https:\\\/\\\/newmobility.news\\\/\",\"name\":\"newmobility.news\",\"description\":\"A B2BNews Agency\u00ae news service for mobility business proessional\",\"publisher\":{\"@id\":\"https:\\\/\\\/newmobility.news\\\/#organization\"},\"potentialAction\":[{\"@type\":\"SearchAction\",\"target\":{\"@type\":\"EntryPoint\",\"urlTemplate\":\"https:\\\/\\\/newmobility.news\\\/?s={search_term_string}\"},\"query-input\":{\"@type\":\"PropertyValueSpecification\",\"valueRequired\":true,\"valueName\":\"search_term_string\"}}],\"inLanguage\":\"fr-BE\"},{\"@type\":\"Organization\",\"@id\":\"https:\\\/\\\/newmobility.news\\\/#organization\",\"name\":\"B2BNews Agency\",\"url\":\"https:\\\/\\\/newmobility.news\\\/\",\"logo\":{\"@type\":\"ImageObject\",\"inLanguage\":\"fr-BE\",\"@id\":\"https:\\\/\\\/newmobility.news\\\/#\\\/schema\\\/logo\\\/image\\\/\",\"url\":\"https:\\\/\\\/newmobility.news\\\/wp-content\\\/uploads\\\/2018\\\/01\\\/b2bnews-agency-logo.png\",\"contentUrl\":\"https:\\\/\\\/newmobility.news\\\/wp-content\\\/uploads\\\/2018\\\/01\\\/b2bnews-agency-logo.png\",\"width\":\"581\",\"height\":\"117\",\"caption\":\"B2BNews Agency\"},\"image\":{\"@id\":\"https:\\\/\\\/newmobility.news\\\/#\\\/schema\\\/logo\\\/image\\\/\"},\"sameAs\":[\"https:\\\/\\\/www.facebook.com\\\/search\\\/top\\\/?q=newmobility.news\",\"https:\\\/\\\/x.com\\\/jorisvry\",\"https:\\\/\\\/www.linkedin.com\\\/in\\\/jorisvanroy\\\/\",\"https:\\\/\\\/nl.pinterest.com\\\/jorisvanroy\\\/\"]},{\"@type\":\"Person\",\"@id\":\"https:\\\/\\\/newmobility.news\\\/#\\\/schema\\\/person\\\/c1ae99aef99238aa6a3d2e4fae62ca0d\",\"name\":\"Joris Van Roy\",\"image\":{\"@type\":\"ImageObject\",\"inLanguage\":\"fr-BE\",\"@id\":\"https:\\\/\\\/secure.gravatar.com\\\/avatar\\\/b82919546c1cd9980bd2bc08f09d294c7cb92b3addd23cb9a4377a7b88b4349b?s=96&d=mm&r=g\",\"url\":\"https:\\\/\\\/secure.gravatar.com\\\/avatar\\\/b82919546c1cd9980bd2bc08f09d294c7cb92b3addd23cb9a4377a7b88b4349b?s=96&d=mm&r=g\",\"contentUrl\":\"https:\\\/\\\/secure.gravatar.com\\\/avatar\\\/b82919546c1cd9980bd2bc08f09d294c7cb92b3addd23cb9a4377a7b88b4349b?s=96&d=mm&r=g\",\"caption\":\"Joris Van Roy\"},\"url\":\"https:\\\/\\\/newmobility.news\\\/fr\\\/author\\\/jorisximcom-be\\\/\"}]}<\/script>\n<!-- \/ Yoast SEO plugin. -->","yoast_head_json":{"title":"\u00c9tude de l'ICCT : ' L'UE est en passe d'atteindre ses objectifs \u00e0 court et moyen terme en mati\u00e8re d'\u00e9missions des v\u00e9hicules ' - newmobility.news","robots":{"index":"index","follow":"follow","max-snippet":"max-snippet:-1","max-image-preview":"max-image-preview:large","max-video-preview":"max-video-preview:-1"},"canonical":"https:\/\/newmobility.news\/fr\/2025\/09\/11\/icct-study-eu-close-to-meet-near-to\u2010mid-term-vehicle-emission-goals\/","og_locale":"fr_FR","og_type":"article","og_title":"ICCT study: 'EU close to meet near-to\u2010mid-term vehicle emission goals' - newmobility.news","og_description":"In its latest report published on Wednesday, the International Council on Clean Transportation (ICCT) concludes Europe is close to being on track to meet its near-to\u2010mid-term vehicle emission goals. The report says only a relatively small further reduction in fleet CO\u2082 emissions - some 9 grams CThis content has been archived. Log in or Subscribe [&hellip;]","og_url":"https:\/\/newmobility.news\/fr\/2025\/09\/11\/icct-study-eu-close-to-meet-near-to\u2010mid-term-vehicle-emission-goals\/","og_site_name":"newmobility.news","article_publisher":"https:\/\/www.facebook.com\/search\/top\/?q=newmobility.news","article_published_time":"2025-09-11T09:52:17+00:00","article_modified_time":"2025-09-11T10:39:49+00:00","og_image":[{"width":1024,"height":703,"url":"https:\/\/newmobility.news\/wp-content\/uploads\/2025\/09\/Scherm\u00adafbeelding-2025-09-11-om-10.05.01-1024x703.png","type":"image\/png"}],"author":"Joris Van Roy","twitter_card":"summary_large_image","twitter_creator":"@jorisvry","twitter_site":"@jorisvry","twitter_misc":{"\u00c9crit par":"Joris Van Roy","Dur\u00e9e de lecture est.":"6 minutes"},"schema":{"@context":"https:\/\/schema.org","@graph":[{"@type":"Article","@id":"https:\/\/newmobility.news\/2025\/09\/11\/icct-study-eu-close-to-meet-near-to%e2%80%90mid-term-vehicle-emission-goals\/#article","isPartOf":{"@id":"https:\/\/newmobility.news\/2025\/09\/11\/icct-study-eu-close-to-meet-near-to%e2%80%90mid-term-vehicle-emission-goals\/"},"author":{"name":"Joris Van Roy","@id":"https:\/\/newmobility.news\/#\/schema\/person\/c1ae99aef99238aa6a3d2e4fae62ca0d"},"headline":"ICCT study: &#8216;EU close to meet near-to\u2010mid-term vehicle emission goals&#8217;","datePublished":"2025-09-11T09:52:17+00:00","dateModified":"2025-09-11T10:39:49+00:00","mainEntityOfPage":{"@id":"https:\/\/newmobility.news\/2025\/09\/11\/icct-study-eu-close-to-meet-near-to%e2%80%90mid-term-vehicle-emission-goals\/"},"wordCount":1214,"publisher":{"@id":"https:\/\/newmobility.news\/#organization"},"image":{"@id":"https:\/\/newmobility.news\/2025\/09\/11\/icct-study-eu-close-to-meet-near-to%e2%80%90mid-term-vehicle-emission-goals\/#primaryimage"},"thumbnailUrl":"https:\/\/i0.wp.com\/newmobility.news\/wp-content\/uploads\/2025\/09\/Scherm%C2%ADafbeelding-2025-09-11-om-10.05.01.png?fit=2532%2C1738&ssl=1","articleSection":["Europe","Legislation","Top Stories Today"],"inLanguage":"fr-BE"},{"@type":"WebPage","@id":"https:\/\/newmobility.news\/2025\/09\/11\/icct-study-eu-close-to-meet-near-to%e2%80%90mid-term-vehicle-emission-goals\/","url":"https:\/\/newmobility.news\/2025\/09\/11\/icct-study-eu-close-to-meet-near-to%e2%80%90mid-term-vehicle-emission-goals\/","name":"\u00c9tude de l'ICCT : ' L'UE est en passe d'atteindre ses objectifs \u00e0 court et moyen terme en mati\u00e8re d'\u00e9missions des v\u00e9hicules ' - newmobility.news","isPartOf":{"@id":"https:\/\/newmobility.news\/#website"},"primaryImageOfPage":{"@id":"https:\/\/newmobility.news\/2025\/09\/11\/icct-study-eu-close-to-meet-near-to%e2%80%90mid-term-vehicle-emission-goals\/#primaryimage"},"image":{"@id":"https:\/\/newmobility.news\/2025\/09\/11\/icct-study-eu-close-to-meet-near-to%e2%80%90mid-term-vehicle-emission-goals\/#primaryimage"},"thumbnailUrl":"https:\/\/i0.wp.com\/newmobility.news\/wp-content\/uploads\/2025\/09\/Scherm%C2%ADafbeelding-2025-09-11-om-10.05.01.png?fit=2532%2C1738&ssl=1","datePublished":"2025-09-11T09:52:17+00:00","dateModified":"2025-09-11T10:39:49+00:00","breadcrumb":{"@id":"https:\/\/newmobility.news\/2025\/09\/11\/icct-study-eu-close-to-meet-near-to%e2%80%90mid-term-vehicle-emission-goals\/#breadcrumb"},"inLanguage":"fr-BE","potentialAction":[{"@type":"ReadAction","target":["https:\/\/newmobility.news\/2025\/09\/11\/icct-study-eu-close-to-meet-near-to%e2%80%90mid-term-vehicle-emission-goals\/"]}]},{"@type":"ImageObject","inLanguage":"fr-BE","@id":"https:\/\/newmobility.news\/2025\/09\/11\/icct-study-eu-close-to-meet-near-to%e2%80%90mid-term-vehicle-emission-goals\/#primaryimage","url":"https:\/\/i0.wp.com\/newmobility.news\/wp-content\/uploads\/2025\/09\/Scherm%C2%ADafbeelding-2025-09-11-om-10.05.01.png?fit=2532%2C1738&ssl=1","contentUrl":"https:\/\/i0.wp.com\/newmobility.news\/wp-content\/uploads\/2025\/09\/Scherm%C2%ADafbeelding-2025-09-11-om-10.05.01.png?fit=2532%2C1738&ssl=1","width":2532,"height":1738,"caption":"The latest report by the International Council on Clean Transportation (ICCT) shows most carmakers are on track to meet EU's mid-term CO2 emission goals thanks to pooling \/ICCT"},{"@type":"BreadcrumbList","@id":"https:\/\/newmobility.news\/2025\/09\/11\/icct-study-eu-close-to-meet-near-to%e2%80%90mid-term-vehicle-emission-goals\/#breadcrumb","itemListElement":[{"@type":"ListItem","position":1,"name":"Home","item":"https:\/\/newmobility.news\/"},{"@type":"ListItem","position":2,"name":"ICCT study: &#8216;EU close to meet near-to\u2010mid-term vehicle emission goals&#8217;"}]},{"@type":"WebSite","@id":"https:\/\/newmobility.news\/#website","url":"https:\/\/newmobility.news\/","name":"nouveaumobilit\u00e9.actualit\u00e9s","description":"Un service d'information B2BNews Agency\u00ae destin\u00e9 aux professionnels de la mobilit\u00e9","publisher":{"@id":"https:\/\/newmobility.news\/#organization"},"potentialAction":[{"@type":"SearchAction","target":{"@type":"EntryPoint","urlTemplate":"https:\/\/newmobility.news\/?s={search_term_string}"},"query-input":{"@type":"PropertyValueSpecification","valueRequired":true,"valueName":"search_term_string"}}],"inLanguage":"fr-BE"},{"@type":"Organization","@id":"https:\/\/newmobility.news\/#organization","name":"Agence de presse B2BNews","url":"https:\/\/newmobility.news\/","logo":{"@type":"ImageObject","inLanguage":"fr-BE","@id":"https:\/\/newmobility.news\/#\/schema\/logo\/image\/","url":"https:\/\/newmobility.news\/wp-content\/uploads\/2018\/01\/b2bnews-agency-logo.png","contentUrl":"https:\/\/newmobility.news\/wp-content\/uploads\/2018\/01\/b2bnews-agency-logo.png","width":"581","height":"117","caption":"B2BNews Agency"},"image":{"@id":"https:\/\/newmobility.news\/#\/schema\/logo\/image\/"},"sameAs":["https:\/\/www.facebook.com\/search\/top\/?q=newmobility.news","https:\/\/x.com\/jorisvry","https:\/\/www.linkedin.com\/in\/jorisvanroy\/","https:\/\/nl.pinterest.com\/jorisvanroy\/"]},{"@type":"Person","@id":"https:\/\/newmobility.news\/#\/schema\/person\/c1ae99aef99238aa6a3d2e4fae62ca0d","name":"Joris Van Roy","image":{"@type":"ImageObject","inLanguage":"fr-BE","@id":"https:\/\/secure.gravatar.com\/avatar\/b82919546c1cd9980bd2bc08f09d294c7cb92b3addd23cb9a4377a7b88b4349b?s=96&d=mm&r=g","url":"https:\/\/secure.gravatar.com\/avatar\/b82919546c1cd9980bd2bc08f09d294c7cb92b3addd23cb9a4377a7b88b4349b?s=96&d=mm&r=g","contentUrl":"https:\/\/secure.gravatar.com\/avatar\/b82919546c1cd9980bd2bc08f09d294c7cb92b3addd23cb9a4377a7b88b4349b?s=96&d=mm&r=g","caption":"Joris Van Roy"},"url":"https:\/\/newmobility.news\/fr\/author\/jorisximcom-be\/"}]}},"jetpack_publicize_connections":[],"jetpack_featured_media_url":"https:\/\/i0.wp.com\/newmobility.news\/wp-content\/uploads\/2025\/09\/Scherm%C2%ADafbeelding-2025-09-11-om-10.05.01.png?fit=2532%2C1738&ssl=1","jetpack_shortlink":"https:\/\/wp.me\/p9wJdU-JxU","jetpack_sharing_enabled":true,"jetpack_likes_enabled":true,"jetpack-related-posts":[],"_links":{"self":[{"href":"https:\/\/newmobility.news\/fr\/wp-json\/wp\/v2\/posts\/175082","targetHints":{"allow":["GET"]}}],"collection":[{"href":"https:\/\/newmobility.news\/fr\/wp-json\/wp\/v2\/posts"}],"about":[{"href":"https:\/\/newmobility.news\/fr\/wp-json\/wp\/v2\/types\/post"}],"author":[{"embeddable":true,"href":"https:\/\/newmobility.news\/fr\/wp-json\/wp\/v2\/users\/21"}],"replies":[{"embeddable":true,"href":"https:\/\/newmobility.news\/fr\/wp-json\/wp\/v2\/comments?post=175082"}],"version-history":[{"count":10,"href":"https:\/\/newmobility.news\/fr\/wp-json\/wp\/v2\/posts\/175082\/revisions"}],"predecessor-version":[{"id":175131,"href":"https:\/\/newmobility.news\/fr\/wp-json\/wp\/v2\/posts\/175082\/revisions\/175131"}],"wp:featuredmedia":[{"embeddable":true,"href":"https:\/\/newmobility.news\/fr\/wp-json\/wp\/v2\/media\/175085"}],"wp:attachment":[{"href":"https:\/\/newmobility.news\/fr\/wp-json\/wp\/v2\/media?parent=175082"}],"wp:term":[{"taxonomy":"category","embeddable":true,"href":"https:\/\/newmobility.news\/fr\/wp-json\/wp\/v2\/categories?post=175082"},{"taxonomy":"post_tag","embeddable":true,"href":"https:\/\/newmobility.news\/fr\/wp-json\/wp\/v2\/tags?post=175082"}],"curies":[{"name":"wp","href":"https:\/\/api.w.org\/{rel}","templated":true}]}}