{"id":177810,"date":"2025-11-14T13:40:18","date_gmt":"2025-11-14T12:40:18","guid":{"rendered":"https:\/\/newmobility.news\/?p=177810"},"modified":"2025-11-14T13:40:18","modified_gmt":"2025-11-14T12:40:18","slug":"jeff-bezos-new-glenn-rocket-launched-again-bound-for-mars","status":"publish","type":"post","link":"https:\/\/newmobility.news\/fr\/2025\/11\/14\/jeff-bezos-new-glenn-rocket-launched-again-bound-for-mars\/","title":{"rendered":"La fus\u00e9e New Glenn de Jeff Bezos a de nouveau d\u00e9coll\u00e9, \u00e0 destination de Mars"},"content":{"rendered":"Blue Origin, la soci\u00e9t\u00e9 spatiale de Jeff Bezos, a lanc\u00e9 une nouvelle fus\u00e9e New Glenn. \u00c0 son bord se trouve une mission scientifique destin\u00e9e \u00e0 \u00e9tudier la plan\u00e8te Mars. La New Glenn n'a effectu\u00e9 qu'un seul vol jusqu'\u00e0 pr\u00e9sent. En janvier, la fus\u00e9e a r\u00e9ussi \u00e0 placer des dizaines de tonnes d'\u00e9quipement en orbite autour de la Terre lors de son premier vol.<div class=\"leaky_paywall_message_wrap\"><div id=\"leaky_paywall_message\">Ce contenu a \u00e9t\u00e9 archiv\u00e9. <a href=\"https:\/\/newmobility.news\/fr\/subscription\/\">Connectez-vous ou inscrivez-vous<\/a> \u00e0 un niveau qui donne acc\u00e8s au contenu archiv\u00e9.<\/div><\/div>","protected":false},"excerpt":{"rendered":"<p>Blue Origin, Jeff Bezos&#8217; space company, has launched another New Glenn rocket. On board is a scientific mission to study the planet Mars.\u00a0The New Glenn has only one flight under its belt. In January, the rocket successfully placed dozens of tons of equipment into orbit around the Earth on its maThis content has been archived. [&hellip;]<\/p>\n","protected":false},"author":164,"featured_media":177836,"comment_status":"closed","ping_status":"closed","sticky":false,"template":"","format":"standard","meta":{"_acf_changed":false,"jetpack_post_was_ever_published":false,"_jetpack_newsletter_access":"","_jetpack_dont_email_post_to_subs":false,"_jetpack_newsletter_tier_id":0,"_jetpack_memberships_contains_paywalled_content":false,"_jetpack_memberships_contains_paid_content":false,"footnotes":"","jetpack_publicize_message":"","jetpack_publicize_feature_enabled":true,"jetpack_social_post_already_shared":true,"jetpack_social_options":{"image_generator_settings":{"template":"highway","default_image_id":0,"font":"","enabled":false},"version":2},"_wpas_customize_per_network":false},"categories":[77152,6,4,77165],"tags":[],"class_list":["post-177810","post","type-post","status-publish","format-standard","has-post-thumbnail","hentry","category-aviation","category-technology","category-top-stories-today","category-usa"],"acf":[],"featured_image_urls_v2":{"full":["https:\/\/i0.wp.com\/newmobility.news\/wp-content\/uploads\/2025\/11\/G5rNQqeacAAyWUN.png?fit=2048%2C1366&ssl=1",2048,1366,false],"thumbnail":["https:\/\/i0.wp.com\/newmobility.news\/wp-content\/uploads\/2025\/11\/G5rNQqeacAAyWUN.png?resize=150%2C150&ssl=1",150,150,true],"medium":["https:\/\/i0.wp.com\/newmobility.news\/wp-content\/uploads\/2025\/11\/G5rNQqeacAAyWUN.png?fit=300%2C200&ssl=1",300,200,true],"medium_large":["https:\/\/i0.wp.com\/newmobility.news\/wp-content\/uploads\/2025\/11\/G5rNQqeacAAyWUN.png?fit=640%2C427&ssl=1",640,427,true],"large":["https:\/\/i0.wp.com\/newmobility.news\/wp-content\/uploads\/2025\/11\/G5rNQqeacAAyWUN.png?fit=640%2C427&ssl=1",640,427,true],"1536x1536":["https:\/\/i0.wp.com\/newmobility.news\/wp-content\/uploads\/2025\/11\/G5rNQqeacAAyWUN.png?fit=1536%2C1025&ssl=1",1536,1025,true],"2048x2048":["https:\/\/i0.wp.com\/newmobility.news\/wp-content\/uploads\/2025\/11\/G5rNQqeacAAyWUN.png?fit=2048%2C1366&ssl=1",2048,1366,true],"trp-custom-language-flag":["https:\/\/i0.wp.com\/newmobility.news\/wp-content\/uploads\/2025\/11\/G5rNQqeacAAyWUN.png?fit=18%2C12&ssl=1",18,12,true],"related-thumb":["https:\/\/i0.wp.com\/newmobility.news\/wp-content\/uploads\/2025\/11\/G5rNQqeacAAyWUN.png?resize=640%2C480&ssl=1",640,480,true],"gform-image-choice-sm":["https:\/\/i0.wp.com\/newmobility.news\/wp-content\/uploads\/2025\/11\/G5rNQqeacAAyWUN.png?resize=300%2C300&ssl=1",300,300,true],"gform-image-choice-md":["https:\/\/i0.wp.com\/newmobility.news\/wp-content\/uploads\/2025\/11\/G5rNQqeacAAyWUN.png?resize=400%2C400&ssl=1",400,400,true],"gform-image-choice-lg":["https:\/\/i0.wp.com\/newmobility.news\/wp-content\/uploads\/2025\/11\/G5rNQqeacAAyWUN.png?resize=600%2C600&ssl=1",600,600,true],"mailchimp":["https:\/\/i0.wp.com\/newmobility.news\/wp-content\/uploads\/2025\/11\/G5rNQqeacAAyWUN.png?fit=560%2C374&ssl=1",560,374,true],"unipress-phone":["https:\/\/i0.wp.com\/newmobility.news\/wp-content\/uploads\/2025\/11\/G5rNQqeacAAyWUN.png?resize=640%2C100&ssl=1",640,100,true],"unipress-tablet":["https:\/\/i0.wp.com\/newmobility.news\/wp-content\/uploads\/2025\/11\/G5rNQqeacAAyWUN.png?resize=1536%2C240&ssl=1",1536,240,true],"unipress-tablet-portrait":["https:\/\/i0.wp.com\/newmobility.news\/wp-content\/uploads\/2025\/11\/G5rNQqeacAAyWUN.png?resize=1536%2C180&ssl=1",1536,180,true],"unipress-tablet-landscape":["https:\/\/i0.wp.com\/newmobility.news\/wp-content\/uploads\/2025\/11\/G5rNQqeacAAyWUN.png?resize=2048%2C180&ssl=1",2048,180,true],"unipress-smartphone":["https:\/\/i0.wp.com\/newmobility.news\/wp-content\/uploads\/2025\/11\/G5rNQqeacAAyWUN.png?resize=1080%2C168&ssl=1",1080,168,true],"unipress-wide-screen":["https:\/\/i0.wp.com\/newmobility.news\/wp-content\/uploads\/2025\/11\/G5rNQqeacAAyWUN.png?resize=2048%2C180&ssl=1",2048,180,true]},"post_excerpt_stackable_v2":"<p>Blue Origin, Jeff Bezos&#8217; space company, has launched another New Glenn rocket. On board is a scientific mission to study the planet Mars.\u00a0The New Glenn has only one flight under its belt. In January, the rocket successfully placed dozens of tons of equipment into orbit around the Earth on its maThis content has been archived. Log in or Subscribe to a level that has access to archived content.<\/p>\n","category_list_v2":"<a href=\"https:\/\/newmobility.news\/fr\/category\/aviation\/\" rel=\"category tag\">Aviation<\/a>, <a href=\"https:\/\/newmobility.news\/fr\/category\/technology\/\" rel=\"category tag\">Technology<\/a>, <a href=\"https:\/\/newmobility.news\/fr\/category\/top-stories-today\/\" rel=\"category tag\">Top Stories Today<\/a>, <a href=\"https:\/\/newmobility.news\/fr\/category\/usa\/\" rel=\"category tag\">USA<\/a>","author_info_v2":{"name":"Luc Joris","url":"https:\/\/newmobility.news\/fr\/author\/belga-5\/"},"comments_num_v2":"0 comments","yoast_head":"<!-- This site is optimized with the Yoast SEO plugin v27.5 - https:\/\/yoast.com\/product\/yoast-seo-wordpress\/ -->\n<title>Jeff Bezos&#039; New Glenn rocket launched again, bound for Mars - newmobility.news<\/title>\n<meta name=\"robots\" content=\"index, follow, max-snippet:-1, max-image-preview:large, max-video-preview:-1\" \/>\n<link rel=\"canonical\" href=\"https:\/\/newmobility.news\/fr\/2025\/11\/14\/jeff-bezos-new-glenn-rocket-launched-again-bound-for-mars\/\" \/>\n<meta property=\"og:locale\" content=\"fr_FR\" \/>\n<meta property=\"og:type\" content=\"article\" \/>\n<meta property=\"og:title\" content=\"Jeff Bezos&#039; New Glenn rocket launched again, bound for Mars - newmobility.news\" \/>\n<meta property=\"og:description\" content=\"Blue Origin, Jeff Bezos&#039; space company, has launched another New Glenn rocket. On board is a scientific mission to study the planet Mars.\u00a0The New Glenn has only one flight under its belt. In January, the rocket successfully placed dozens of tons of equipment into orbit around the Earth on its maThis content has been archived. [&hellip;]\" \/>\n<meta property=\"og:url\" content=\"https:\/\/newmobility.news\/fr\/2025\/11\/14\/jeff-bezos-new-glenn-rocket-launched-again-bound-for-mars\/\" \/>\n<meta property=\"og:site_name\" content=\"newmobility.news\" \/>\n<meta property=\"article:publisher\" content=\"https:\/\/www.facebook.com\/search\/top\/?q=newmobility.news\" \/>\n<meta property=\"article:published_time\" content=\"2025-11-14T12:40:18+00:00\" \/>\n<meta property=\"og:image\" content=\"https:\/\/newmobility.news\/wp-content\/uploads\/2025\/11\/G5rNQqeacAAyWUN-1024x683.png\" \/>\n\t<meta property=\"og:image:width\" content=\"1024\" \/>\n\t<meta property=\"og:image:height\" content=\"683\" \/>\n\t<meta property=\"og:image:type\" content=\"image\/png\" \/>\n<meta name=\"author\" content=\"Luc Joris\" \/>\n<meta name=\"twitter:card\" content=\"summary_large_image\" \/>\n<meta name=\"twitter:creator\" content=\"@jorisvry\" \/>\n<meta name=\"twitter:site\" content=\"@jorisvry\" \/>\n<meta name=\"twitter:label1\" content=\"\u00c9crit par\" \/>\n\t<meta name=\"twitter:data1\" content=\"Luc Joris\" \/>\n\t<meta name=\"twitter:label2\" content=\"Dur\u00e9e de lecture est.\" \/>\n\t<meta name=\"twitter:data2\" content=\"2 minutes\" \/>\n<script type=\"application\/ld+json\" class=\"yoast-schema-graph\">{\"@context\":\"https:\\\/\\\/schema.org\",\"@graph\":[{\"@type\":\"Article\",\"@id\":\"https:\\\/\\\/newmobility.news\\\/2025\\\/11\\\/14\\\/jeff-bezos-new-glenn-rocket-launched-again-bound-for-mars\\\/#article\",\"isPartOf\":{\"@id\":\"https:\\\/\\\/newmobility.news\\\/2025\\\/11\\\/14\\\/jeff-bezos-new-glenn-rocket-launched-again-bound-for-mars\\\/\"},\"author\":{\"name\":\"Luc Joris\",\"@id\":\"https:\\\/\\\/newmobility.news\\\/#\\\/schema\\\/person\\\/a31e684b1039b4a94985a9aae156f28b\"},\"headline\":\"Jeff Bezos&#8217; New Glenn rocket launched again, bound for Mars\",\"datePublished\":\"2025-11-14T12:40:18+00:00\",\"mainEntityOfPage\":{\"@id\":\"https:\\\/\\\/newmobility.news\\\/2025\\\/11\\\/14\\\/jeff-bezos-new-glenn-rocket-launched-again-bound-for-mars\\\/\"},\"wordCount\":331,\"publisher\":{\"@id\":\"https:\\\/\\\/newmobility.news\\\/#organization\"},\"image\":{\"@id\":\"https:\\\/\\\/newmobility.news\\\/2025\\\/11\\\/14\\\/jeff-bezos-new-glenn-rocket-launched-again-bound-for-mars\\\/#primaryimage\"},\"thumbnailUrl\":\"https:\\\/\\\/i0.wp.com\\\/newmobility.news\\\/wp-content\\\/uploads\\\/2025\\\/11\\\/G5rNQqeacAAyWUN.png?fit=2048%2C1366&ssl=1\",\"articleSection\":[\"Aviation\",\"Technology\",\"Top Stories Today\",\"USA\"],\"inLanguage\":\"fr-BE\"},{\"@type\":\"WebPage\",\"@id\":\"https:\\\/\\\/newmobility.news\\\/2025\\\/11\\\/14\\\/jeff-bezos-new-glenn-rocket-launched-again-bound-for-mars\\\/\",\"url\":\"https:\\\/\\\/newmobility.news\\\/2025\\\/11\\\/14\\\/jeff-bezos-new-glenn-rocket-launched-again-bound-for-mars\\\/\",\"name\":\"Jeff Bezos' New Glenn rocket launched again, bound for Mars - newmobility.news\",\"isPartOf\":{\"@id\":\"https:\\\/\\\/newmobility.news\\\/#website\"},\"primaryImageOfPage\":{\"@id\":\"https:\\\/\\\/newmobility.news\\\/2025\\\/11\\\/14\\\/jeff-bezos-new-glenn-rocket-launched-again-bound-for-mars\\\/#primaryimage\"},\"image\":{\"@id\":\"https:\\\/\\\/newmobility.news\\\/2025\\\/11\\\/14\\\/jeff-bezos-new-glenn-rocket-launched-again-bound-for-mars\\\/#primaryimage\"},\"thumbnailUrl\":\"https:\\\/\\\/i0.wp.com\\\/newmobility.news\\\/wp-content\\\/uploads\\\/2025\\\/11\\\/G5rNQqeacAAyWUN.png?fit=2048%2C1366&ssl=1\",\"datePublished\":\"2025-11-14T12:40:18+00:00\",\"breadcrumb\":{\"@id\":\"https:\\\/\\\/newmobility.news\\\/2025\\\/11\\\/14\\\/jeff-bezos-new-glenn-rocket-launched-again-bound-for-mars\\\/#breadcrumb\"},\"inLanguage\":\"fr-BE\",\"potentialAction\":[{\"@type\":\"ReadAction\",\"target\":[\"https:\\\/\\\/newmobility.news\\\/2025\\\/11\\\/14\\\/jeff-bezos-new-glenn-rocket-launched-again-bound-for-mars\\\/\"]}]},{\"@type\":\"ImageObject\",\"inLanguage\":\"fr-BE\",\"@id\":\"https:\\\/\\\/newmobility.news\\\/2025\\\/11\\\/14\\\/jeff-bezos-new-glenn-rocket-launched-again-bound-for-mars\\\/#primaryimage\",\"url\":\"https:\\\/\\\/i0.wp.com\\\/newmobility.news\\\/wp-content\\\/uploads\\\/2025\\\/11\\\/G5rNQqeacAAyWUN.png?fit=2048%2C1366&ssl=1\",\"contentUrl\":\"https:\\\/\\\/i0.wp.com\\\/newmobility.news\\\/wp-content\\\/uploads\\\/2025\\\/11\\\/G5rNQqeacAAyWUN.png?fit=2048%2C1366&ssl=1\",\"width\":2048,\"height\":1366,\"caption\":\"Jeff Bezos\u2019s Blue Origin has launched a rocket carrying Nasa spacecraft destined for Mars \\\/Blue Origin\"},{\"@type\":\"BreadcrumbList\",\"@id\":\"https:\\\/\\\/newmobility.news\\\/2025\\\/11\\\/14\\\/jeff-bezos-new-glenn-rocket-launched-again-bound-for-mars\\\/#breadcrumb\",\"itemListElement\":[{\"@type\":\"ListItem\",\"position\":1,\"name\":\"Home\",\"item\":\"https:\\\/\\\/newmobility.news\\\/\"},{\"@type\":\"ListItem\",\"position\":2,\"name\":\"Jeff Bezos&#8217; New Glenn rocket launched again, bound for Mars\"}]},{\"@type\":\"WebSite\",\"@id\":\"https:\\\/\\\/newmobility.news\\\/#website\",\"url\":\"https:\\\/\\\/newmobility.news\\\/\",\"name\":\"newmobility.news\",\"description\":\"A B2BNews Agency\u00ae news service for mobility business proessional\",\"publisher\":{\"@id\":\"https:\\\/\\\/newmobility.news\\\/#organization\"},\"potentialAction\":[{\"@type\":\"SearchAction\",\"target\":{\"@type\":\"EntryPoint\",\"urlTemplate\":\"https:\\\/\\\/newmobility.news\\\/?s={search_term_string}\"},\"query-input\":{\"@type\":\"PropertyValueSpecification\",\"valueRequired\":true,\"valueName\":\"search_term_string\"}}],\"inLanguage\":\"fr-BE\"},{\"@type\":\"Organization\",\"@id\":\"https:\\\/\\\/newmobility.news\\\/#organization\",\"name\":\"B2BNews Agency\",\"url\":\"https:\\\/\\\/newmobility.news\\\/\",\"logo\":{\"@type\":\"ImageObject\",\"inLanguage\":\"fr-BE\",\"@id\":\"https:\\\/\\\/newmobility.news\\\/#\\\/schema\\\/logo\\\/image\\\/\",\"url\":\"https:\\\/\\\/newmobility.news\\\/wp-content\\\/uploads\\\/2018\\\/01\\\/b2bnews-agency-logo.png\",\"contentUrl\":\"https:\\\/\\\/newmobility.news\\\/wp-content\\\/uploads\\\/2018\\\/01\\\/b2bnews-agency-logo.png\",\"width\":\"581\",\"height\":\"117\",\"caption\":\"B2BNews Agency\"},\"image\":{\"@id\":\"https:\\\/\\\/newmobility.news\\\/#\\\/schema\\\/logo\\\/image\\\/\"},\"sameAs\":[\"https:\\\/\\\/www.facebook.com\\\/search\\\/top\\\/?q=newmobility.news\",\"https:\\\/\\\/x.com\\\/jorisvry\",\"https:\\\/\\\/www.linkedin.com\\\/in\\\/jorisvanroy\\\/\",\"https:\\\/\\\/nl.pinterest.com\\\/jorisvanroy\\\/\"]},{\"@type\":\"Person\",\"@id\":\"https:\\\/\\\/newmobility.news\\\/#\\\/schema\\\/person\\\/a31e684b1039b4a94985a9aae156f28b\",\"name\":\"Luc Joris\",\"image\":{\"@type\":\"ImageObject\",\"inLanguage\":\"fr-BE\",\"@id\":\"https:\\\/\\\/secure.gravatar.com\\\/avatar\\\/9e27cf9984ae903174b14c7dd33d523290f03fd71803b04bc6e486c7259b2920?s=96&d=mm&r=g\",\"url\":\"https:\\\/\\\/secure.gravatar.com\\\/avatar\\\/9e27cf9984ae903174b14c7dd33d523290f03fd71803b04bc6e486c7259b2920?s=96&d=mm&r=g\",\"contentUrl\":\"https:\\\/\\\/secure.gravatar.com\\\/avatar\\\/9e27cf9984ae903174b14c7dd33d523290f03fd71803b04bc6e486c7259b2920?s=96&d=mm&r=g\",\"caption\":\"Luc Joris\"},\"url\":\"https:\\\/\\\/newmobility.news\\\/fr\\\/author\\\/belga-5\\\/\"}]}<\/script>\n<!-- \/ Yoast SEO plugin. -->","yoast_head_json":{"title":"La fus\u00e9e New Glenn de Jeff Bezos a de nouveau d\u00e9coll\u00e9, \u00e0 destination de Mars - newmobility.news","robots":{"index":"index","follow":"follow","max-snippet":"max-snippet:-1","max-image-preview":"max-image-preview:large","max-video-preview":"max-video-preview:-1"},"canonical":"https:\/\/newmobility.news\/fr\/2025\/11\/14\/jeff-bezos-new-glenn-rocket-launched-again-bound-for-mars\/","og_locale":"fr_FR","og_type":"article","og_title":"Jeff Bezos' New Glenn rocket launched again, bound for Mars - newmobility.news","og_description":"Blue Origin, Jeff Bezos' space company, has launched another New Glenn rocket. On board is a scientific mission to study the planet Mars.\u00a0The New Glenn has only one flight under its belt. In January, the rocket successfully placed dozens of tons of equipment into orbit around the Earth on its maThis content has been archived. [&hellip;]","og_url":"https:\/\/newmobility.news\/fr\/2025\/11\/14\/jeff-bezos-new-glenn-rocket-launched-again-bound-for-mars\/","og_site_name":"newmobility.news","article_publisher":"https:\/\/www.facebook.com\/search\/top\/?q=newmobility.news","article_published_time":"2025-11-14T12:40:18+00:00","og_image":[{"width":1024,"height":683,"url":"https:\/\/newmobility.news\/wp-content\/uploads\/2025\/11\/G5rNQqeacAAyWUN-1024x683.png","type":"image\/png"}],"author":"Luc Joris","twitter_card":"summary_large_image","twitter_creator":"@jorisvry","twitter_site":"@jorisvry","twitter_misc":{"\u00c9crit par":"Luc Joris","Dur\u00e9e de lecture est.":"2 minutes"},"schema":{"@context":"https:\/\/schema.org","@graph":[{"@type":"Article","@id":"https:\/\/newmobility.news\/2025\/11\/14\/jeff-bezos-new-glenn-rocket-launched-again-bound-for-mars\/#article","isPartOf":{"@id":"https:\/\/newmobility.news\/2025\/11\/14\/jeff-bezos-new-glenn-rocket-launched-again-bound-for-mars\/"},"author":{"name":"Luc Joris","@id":"https:\/\/newmobility.news\/#\/schema\/person\/a31e684b1039b4a94985a9aae156f28b"},"headline":"Jeff Bezos&#8217; New Glenn rocket launched again, bound for Mars","datePublished":"2025-11-14T12:40:18+00:00","mainEntityOfPage":{"@id":"https:\/\/newmobility.news\/2025\/11\/14\/jeff-bezos-new-glenn-rocket-launched-again-bound-for-mars\/"},"wordCount":331,"publisher":{"@id":"https:\/\/newmobility.news\/#organization"},"image":{"@id":"https:\/\/newmobility.news\/2025\/11\/14\/jeff-bezos-new-glenn-rocket-launched-again-bound-for-mars\/#primaryimage"},"thumbnailUrl":"https:\/\/i0.wp.com\/newmobility.news\/wp-content\/uploads\/2025\/11\/G5rNQqeacAAyWUN.png?fit=2048%2C1366&ssl=1","articleSection":["Aviation","Technology","Top Stories Today","USA"],"inLanguage":"fr-BE"},{"@type":"WebPage","@id":"https:\/\/newmobility.news\/2025\/11\/14\/jeff-bezos-new-glenn-rocket-launched-again-bound-for-mars\/","url":"https:\/\/newmobility.news\/2025\/11\/14\/jeff-bezos-new-glenn-rocket-launched-again-bound-for-mars\/","name":"La fus\u00e9e New Glenn de Jeff Bezos a de nouveau d\u00e9coll\u00e9, \u00e0 destination de Mars - newmobility.news","isPartOf":{"@id":"https:\/\/newmobility.news\/#website"},"primaryImageOfPage":{"@id":"https:\/\/newmobility.news\/2025\/11\/14\/jeff-bezos-new-glenn-rocket-launched-again-bound-for-mars\/#primaryimage"},"image":{"@id":"https:\/\/newmobility.news\/2025\/11\/14\/jeff-bezos-new-glenn-rocket-launched-again-bound-for-mars\/#primaryimage"},"thumbnailUrl":"https:\/\/i0.wp.com\/newmobility.news\/wp-content\/uploads\/2025\/11\/G5rNQqeacAAyWUN.png?fit=2048%2C1366&ssl=1","datePublished":"2025-11-14T12:40:18+00:00","breadcrumb":{"@id":"https:\/\/newmobility.news\/2025\/11\/14\/jeff-bezos-new-glenn-rocket-launched-again-bound-for-mars\/#breadcrumb"},"inLanguage":"fr-BE","potentialAction":[{"@type":"ReadAction","target":["https:\/\/newmobility.news\/2025\/11\/14\/jeff-bezos-new-glenn-rocket-launched-again-bound-for-mars\/"]}]},{"@type":"ImageObject","inLanguage":"fr-BE","@id":"https:\/\/newmobility.news\/2025\/11\/14\/jeff-bezos-new-glenn-rocket-launched-again-bound-for-mars\/#primaryimage","url":"https:\/\/i0.wp.com\/newmobility.news\/wp-content\/uploads\/2025\/11\/G5rNQqeacAAyWUN.png?fit=2048%2C1366&ssl=1","contentUrl":"https:\/\/i0.wp.com\/newmobility.news\/wp-content\/uploads\/2025\/11\/G5rNQqeacAAyWUN.png?fit=2048%2C1366&ssl=1","width":2048,"height":1366,"caption":"Jeff Bezos\u2019s Blue Origin has launched a rocket carrying Nasa spacecraft destined for Mars \/Blue Origin"},{"@type":"BreadcrumbList","@id":"https:\/\/newmobility.news\/2025\/11\/14\/jeff-bezos-new-glenn-rocket-launched-again-bound-for-mars\/#breadcrumb","itemListElement":[{"@type":"ListItem","position":1,"name":"Home","item":"https:\/\/newmobility.news\/"},{"@type":"ListItem","position":2,"name":"Jeff Bezos&#8217; New Glenn rocket launched again, bound for Mars"}]},{"@type":"WebSite","@id":"https:\/\/newmobility.news\/#website","url":"https:\/\/newmobility.news\/","name":"nouveaumobilit\u00e9.actualit\u00e9s","description":"Un service d'information B2BNews Agency\u00ae destin\u00e9 aux professionnels de la mobilit\u00e9","publisher":{"@id":"https:\/\/newmobility.news\/#organization"},"potentialAction":[{"@type":"SearchAction","target":{"@type":"EntryPoint","urlTemplate":"https:\/\/newmobility.news\/?s={search_term_string}"},"query-input":{"@type":"PropertyValueSpecification","valueRequired":true,"valueName":"search_term_string"}}],"inLanguage":"fr-BE"},{"@type":"Organization","@id":"https:\/\/newmobility.news\/#organization","name":"Agence de presse B2BNews","url":"https:\/\/newmobility.news\/","logo":{"@type":"ImageObject","inLanguage":"fr-BE","@id":"https:\/\/newmobility.news\/#\/schema\/logo\/image\/","url":"https:\/\/newmobility.news\/wp-content\/uploads\/2018\/01\/b2bnews-agency-logo.png","contentUrl":"https:\/\/newmobility.news\/wp-content\/uploads\/2018\/01\/b2bnews-agency-logo.png","width":"581","height":"117","caption":"B2BNews Agency"},"image":{"@id":"https:\/\/newmobility.news\/#\/schema\/logo\/image\/"},"sameAs":["https:\/\/www.facebook.com\/search\/top\/?q=newmobility.news","https:\/\/x.com\/jorisvry","https:\/\/www.linkedin.com\/in\/jorisvanroy\/","https:\/\/nl.pinterest.com\/jorisvanroy\/"]},{"@type":"Person","@id":"https:\/\/newmobility.news\/#\/schema\/person\/a31e684b1039b4a94985a9aae156f28b","name":"Luc Joris","image":{"@type":"ImageObject","inLanguage":"fr-BE","@id":"https:\/\/secure.gravatar.com\/avatar\/9e27cf9984ae903174b14c7dd33d523290f03fd71803b04bc6e486c7259b2920?s=96&d=mm&r=g","url":"https:\/\/secure.gravatar.com\/avatar\/9e27cf9984ae903174b14c7dd33d523290f03fd71803b04bc6e486c7259b2920?s=96&d=mm&r=g","contentUrl":"https:\/\/secure.gravatar.com\/avatar\/9e27cf9984ae903174b14c7dd33d523290f03fd71803b04bc6e486c7259b2920?s=96&d=mm&r=g","caption":"Luc Joris"},"url":"https:\/\/newmobility.news\/fr\/author\/belga-5\/"}]}},"jetpack_publicize_connections":[],"jetpack_featured_media_url":"https:\/\/i0.wp.com\/newmobility.news\/wp-content\/uploads\/2025\/11\/G5rNQqeacAAyWUN.png?fit=2048%2C1366&ssl=1","jetpack_shortlink":"https:\/\/wp.me\/p9wJdU-KfU","jetpack_sharing_enabled":true,"jetpack_likes_enabled":true,"jetpack-related-posts":[],"_links":{"self":[{"href":"https:\/\/newmobility.news\/fr\/wp-json\/wp\/v2\/posts\/177810","targetHints":{"allow":["GET"]}}],"collection":[{"href":"https:\/\/newmobility.news\/fr\/wp-json\/wp\/v2\/posts"}],"about":[{"href":"https:\/\/newmobility.news\/fr\/wp-json\/wp\/v2\/types\/post"}],"author":[{"embeddable":true,"href":"https:\/\/newmobility.news\/fr\/wp-json\/wp\/v2\/users\/164"}],"replies":[{"embeddable":true,"href":"https:\/\/newmobility.news\/fr\/wp-json\/wp\/v2\/comments?post=177810"}],"version-history":[{"count":10,"href":"https:\/\/newmobility.news\/fr\/wp-json\/wp\/v2\/posts\/177810\/revisions"}],"predecessor-version":[{"id":177852,"href":"https:\/\/newmobility.news\/fr\/wp-json\/wp\/v2\/posts\/177810\/revisions\/177852"}],"wp:featuredmedia":[{"embeddable":true,"href":"https:\/\/newmobility.news\/fr\/wp-json\/wp\/v2\/media\/177836"}],"wp:attachment":[{"href":"https:\/\/newmobility.news\/fr\/wp-json\/wp\/v2\/media?parent=177810"}],"wp:term":[{"taxonomy":"category","embeddable":true,"href":"https:\/\/newmobility.news\/fr\/wp-json\/wp\/v2\/categories?post=177810"},{"taxonomy":"post_tag","embeddable":true,"href":"https:\/\/newmobility.news\/fr\/wp-json\/wp\/v2\/tags?post=177810"}],"curies":[{"name":"wp","href":"https:\/\/api.w.org\/{rel}","templated":true}]}}