{"id":180307,"date":"2026-01-14T12:15:17","date_gmt":"2026-01-14T11:15:17","guid":{"rendered":"https:\/\/newmobility.news\/?p=180307"},"modified":"2026-01-14T12:10:10","modified_gmt":"2026-01-14T11:10:10","slug":"lufthansa-group-partners-with-starlink-for-wi-fi-on-all-flights","status":"publish","type":"post","link":"https:\/\/newmobility.news\/fr\/2026\/01\/14\/lufthansa-group-partners-with-starlink-for-wi-fi-on-all-flights\/","title":{"rendered":"Le groupe Lufthansa s'associe \u00e0 Starlink pour offrir le Wi-Fi sur tous les vols"},"content":{"rendered":"Le groupe Lufthansa, dont fait partie Brussels Airlines, proposera du Wi-Fi gratuit et \u00e0 haut d\u00e9bit dans ses quelque 850 avions \u00e0 partir du second semestre 2026. Pour ce faire, il utilisera le r\u00e9seau de satellites Starlink de SpaceX, la soci\u00e9t\u00e9 spatiale am\u00e9ricaine appartenant au milliardaire Elon Musk.\r\n\r\nLa collaboration<div class=\"leaky_paywall_message_wrap\"><div id=\"leaky_paywall_message\">Ce contenu a \u00e9t\u00e9 archiv\u00e9. <a href=\"https:\/\/newmobility.news\/fr\/subscription\/\">Connectez-vous ou inscrivez-vous<\/a> \u00e0 un niveau qui donne acc\u00e8s au contenu archiv\u00e9.<\/div><\/div>","protected":false},"excerpt":{"rendered":"<p>The Lufthansa Group, which includes Brussels Airlines, will offer free, high-speed Wi-Fi on its approximately 850 aircraft starting in the second half of 2026.\u00a0It will do so using the Starlink satellite network from SpaceX, the American space company owned by billionaire Elon Musk. The collaboraThis content has been archived. Log in or Subscribe to a [&hellip;]<\/p>\n","protected":false},"author":164,"featured_media":180321,"comment_status":"closed","ping_status":"closed","sticky":false,"template":"","format":"standard","meta":{"_acf_changed":false,"jetpack_post_was_ever_published":false,"_jetpack_newsletter_access":"","_jetpack_dont_email_post_to_subs":false,"_jetpack_newsletter_tier_id":0,"_jetpack_memberships_contains_paywalled_content":false,"_jetpack_memberships_contains_paid_content":false,"footnotes":"","jetpack_publicize_message":"","jetpack_publicize_feature_enabled":true,"jetpack_social_post_already_shared":true,"jetpack_social_options":{"image_generator_settings":{"template":"highway","default_image_id":0,"font":"","enabled":false},"version":2},"_wpas_customize_per_network":false},"categories":[77152,77170,7,6,4],"tags":[],"class_list":["post-180307","post","type-post","status-publish","format-standard","has-post-thumbnail","hentry","category-aviation","category-belgium","category-mobility","category-technology","category-top-stories-today"],"acf":[],"featured_image_urls_v2":{"full":["https:\/\/i0.wp.com\/newmobility.news\/wp-content\/uploads\/2026\/01\/1097_lufthansa-allegris_bc_xtr_seat_h_10393-scaled.png?fit=2560%2C1708&ssl=1",2560,1708,false],"thumbnail":["https:\/\/i0.wp.com\/newmobility.news\/wp-content\/uploads\/2026\/01\/1097_lufthansa-allegris_bc_xtr_seat_h_10393-scaled.png?resize=150%2C150&ssl=1",150,150,true],"medium":["https:\/\/i0.wp.com\/newmobility.news\/wp-content\/uploads\/2026\/01\/1097_lufthansa-allegris_bc_xtr_seat_h_10393-scaled.png?fit=300%2C200&ssl=1",300,200,true],"medium_large":["https:\/\/i0.wp.com\/newmobility.news\/wp-content\/uploads\/2026\/01\/1097_lufthansa-allegris_bc_xtr_seat_h_10393-scaled.png?fit=640%2C427&ssl=1",640,427,true],"large":["https:\/\/i0.wp.com\/newmobility.news\/wp-content\/uploads\/2026\/01\/1097_lufthansa-allegris_bc_xtr_seat_h_10393-scaled.png?fit=640%2C427&ssl=1",640,427,true],"1536x1536":["https:\/\/i0.wp.com\/newmobility.news\/wp-content\/uploads\/2026\/01\/1097_lufthansa-allegris_bc_xtr_seat_h_10393-scaled.png?fit=1536%2C1025&ssl=1",1536,1025,true],"2048x2048":["https:\/\/i0.wp.com\/newmobility.news\/wp-content\/uploads\/2026\/01\/1097_lufthansa-allegris_bc_xtr_seat_h_10393-scaled.png?fit=2048%2C1366&ssl=1",2048,1366,true],"trp-custom-language-flag":["https:\/\/i0.wp.com\/newmobility.news\/wp-content\/uploads\/2026\/01\/1097_lufthansa-allegris_bc_xtr_seat_h_10393-scaled.png?fit=18%2C12&ssl=1",18,12,true],"related-thumb":["https:\/\/i0.wp.com\/newmobility.news\/wp-content\/uploads\/2026\/01\/1097_lufthansa-allegris_bc_xtr_seat_h_10393-scaled.png?resize=640%2C480&ssl=1",640,480,true],"gform-image-choice-sm":["https:\/\/i0.wp.com\/newmobility.news\/wp-content\/uploads\/2026\/01\/1097_lufthansa-allegris_bc_xtr_seat_h_10393-scaled.png?resize=300%2C300&ssl=1",300,300,true],"gform-image-choice-md":["https:\/\/i0.wp.com\/newmobility.news\/wp-content\/uploads\/2026\/01\/1097_lufthansa-allegris_bc_xtr_seat_h_10393-scaled.png?resize=400%2C400&ssl=1",400,400,true],"gform-image-choice-lg":["https:\/\/i0.wp.com\/newmobility.news\/wp-content\/uploads\/2026\/01\/1097_lufthansa-allegris_bc_xtr_seat_h_10393-scaled.png?resize=600%2C600&ssl=1",600,600,true],"mailchimp":["https:\/\/i0.wp.com\/newmobility.news\/wp-content\/uploads\/2026\/01\/1097_lufthansa-allegris_bc_xtr_seat_h_10393-scaled.png?fit=560%2C374&ssl=1",560,374,true],"unipress-phone":["https:\/\/i0.wp.com\/newmobility.news\/wp-content\/uploads\/2026\/01\/1097_lufthansa-allegris_bc_xtr_seat_h_10393-scaled.png?resize=640%2C100&ssl=1",640,100,true],"unipress-tablet":["https:\/\/i0.wp.com\/newmobility.news\/wp-content\/uploads\/2026\/01\/1097_lufthansa-allegris_bc_xtr_seat_h_10393-scaled.png?resize=1536%2C240&ssl=1",1536,240,true],"unipress-tablet-portrait":["https:\/\/i0.wp.com\/newmobility.news\/wp-content\/uploads\/2026\/01\/1097_lufthansa-allegris_bc_xtr_seat_h_10393-scaled.png?resize=1536%2C180&ssl=1",1536,180,true],"unipress-tablet-landscape":["https:\/\/i0.wp.com\/newmobility.news\/wp-content\/uploads\/2026\/01\/1097_lufthansa-allegris_bc_xtr_seat_h_10393-scaled.png?resize=2048%2C180&ssl=1",2048,180,true],"unipress-smartphone":["https:\/\/i0.wp.com\/newmobility.news\/wp-content\/uploads\/2026\/01\/1097_lufthansa-allegris_bc_xtr_seat_h_10393-scaled.png?resize=1080%2C168&ssl=1",1080,168,true],"unipress-wide-screen":["https:\/\/i0.wp.com\/newmobility.news\/wp-content\/uploads\/2026\/01\/1097_lufthansa-allegris_bc_xtr_seat_h_10393-scaled.png?resize=2560%2C180&ssl=1",2560,180,true]},"post_excerpt_stackable_v2":"<p>The Lufthansa Group, which includes Brussels Airlines, will offer free, high-speed Wi-Fi on its approximately 850 aircraft starting in the second half of 2026.\u00a0It will do so using the Starlink satellite network from SpaceX, the American space company owned by billionaire Elon Musk. The collaboraThis content has been archived. Log in or Subscribe to a level that has access to archived content.<\/p>\n","category_list_v2":"<a href=\"https:\/\/newmobility.news\/fr\/category\/aviation\/\" rel=\"category tag\">Aviation<\/a>, <a href=\"https:\/\/newmobility.news\/fr\/category\/belgium\/\" rel=\"category tag\">Belgium<\/a>, <a href=\"https:\/\/newmobility.news\/fr\/category\/mobility\/\" rel=\"category tag\">Mobility<\/a>, <a href=\"https:\/\/newmobility.news\/fr\/category\/technology\/\" rel=\"category tag\">Technology<\/a>, <a href=\"https:\/\/newmobility.news\/fr\/category\/top-stories-today\/\" rel=\"category tag\">Top Stories Today<\/a>","author_info_v2":{"name":"Luc Joris","url":"https:\/\/newmobility.news\/fr\/author\/belga-5\/"},"comments_num_v2":"0 comments","yoast_head":"<!-- This site is optimized with the Yoast SEO plugin v27.5 - https:\/\/yoast.com\/product\/yoast-seo-wordpress\/ -->\n<title>Lufthansa Group partners with Starlink for Wi-Fi on all flights - newmobility.news<\/title>\n<meta name=\"robots\" content=\"index, follow, max-snippet:-1, max-image-preview:large, max-video-preview:-1\" \/>\n<link rel=\"canonical\" href=\"https:\/\/newmobility.news\/fr\/2026\/01\/14\/lufthansa-group-partners-with-starlink-for-wi-fi-on-all-flights\/\" \/>\n<meta property=\"og:locale\" content=\"fr_FR\" \/>\n<meta property=\"og:type\" content=\"article\" \/>\n<meta property=\"og:title\" content=\"Lufthansa Group partners with Starlink for Wi-Fi on all flights - newmobility.news\" \/>\n<meta property=\"og:description\" content=\"The Lufthansa Group, which includes Brussels Airlines, will offer free, high-speed Wi-Fi on its approximately 850 aircraft starting in the second half of 2026.\u00a0It will do so using the Starlink satellite network from SpaceX, the American space company owned by billionaire Elon Musk. The collaboraThis content has been archived. Log in or Subscribe to a [&hellip;]\" \/>\n<meta property=\"og:url\" content=\"https:\/\/newmobility.news\/fr\/2026\/01\/14\/lufthansa-group-partners-with-starlink-for-wi-fi-on-all-flights\/\" \/>\n<meta property=\"og:site_name\" content=\"newmobility.news\" \/>\n<meta property=\"article:publisher\" content=\"https:\/\/www.facebook.com\/search\/top\/?q=newmobility.news\" \/>\n<meta property=\"article:published_time\" content=\"2026-01-14T11:15:17+00:00\" \/>\n<meta property=\"og:image\" content=\"https:\/\/newmobility.news\/wp-content\/uploads\/2026\/01\/1097_lufthansa-allegris_bc_xtr_seat_h_10393-1024x683.png\" \/>\n\t<meta property=\"og:image:width\" content=\"1024\" \/>\n\t<meta property=\"og:image:height\" content=\"683\" \/>\n\t<meta property=\"og:image:type\" content=\"image\/png\" \/>\n<meta name=\"author\" content=\"Luc Joris\" \/>\n<meta name=\"twitter:card\" content=\"summary_large_image\" \/>\n<meta name=\"twitter:creator\" content=\"@jorisvry\" \/>\n<meta name=\"twitter:site\" content=\"@jorisvry\" \/>\n<meta name=\"twitter:label1\" content=\"\u00c9crit par\" \/>\n\t<meta name=\"twitter:data1\" content=\"Luc Joris\" \/>\n\t<meta name=\"twitter:label2\" content=\"Dur\u00e9e de lecture est.\" \/>\n\t<meta name=\"twitter:data2\" content=\"3 minutes\" \/>\n<script type=\"application\/ld+json\" class=\"yoast-schema-graph\">{\"@context\":\"https:\\\/\\\/schema.org\",\"@graph\":[{\"@type\":\"Article\",\"@id\":\"https:\\\/\\\/newmobility.news\\\/2026\\\/01\\\/14\\\/lufthansa-group-partners-with-starlink-for-wi-fi-on-all-flights\\\/#article\",\"isPartOf\":{\"@id\":\"https:\\\/\\\/newmobility.news\\\/2026\\\/01\\\/14\\\/lufthansa-group-partners-with-starlink-for-wi-fi-on-all-flights\\\/\"},\"author\":{\"name\":\"Luc Joris\",\"@id\":\"https:\\\/\\\/newmobility.news\\\/#\\\/schema\\\/person\\\/a31e684b1039b4a94985a9aae156f28b\"},\"headline\":\"Lufthansa Group partners with Starlink for Wi-Fi on all flights\",\"datePublished\":\"2026-01-14T11:15:17+00:00\",\"mainEntityOfPage\":{\"@id\":\"https:\\\/\\\/newmobility.news\\\/2026\\\/01\\\/14\\\/lufthansa-group-partners-with-starlink-for-wi-fi-on-all-flights\\\/\"},\"wordCount\":370,\"publisher\":{\"@id\":\"https:\\\/\\\/newmobility.news\\\/#organization\"},\"image\":{\"@id\":\"https:\\\/\\\/newmobility.news\\\/2026\\\/01\\\/14\\\/lufthansa-group-partners-with-starlink-for-wi-fi-on-all-flights\\\/#primaryimage\"},\"thumbnailUrl\":\"https:\\\/\\\/i0.wp.com\\\/newmobility.news\\\/wp-content\\\/uploads\\\/2026\\\/01\\\/1097_lufthansa-allegris_bc_xtr_seat_h_10393-scaled.png?fit=2560%2C1708&ssl=1\",\"articleSection\":[\"Aviation\",\"Belgium\",\"Mobility\",\"Technology\",\"Top Stories Today\"],\"inLanguage\":\"fr-BE\"},{\"@type\":\"WebPage\",\"@id\":\"https:\\\/\\\/newmobility.news\\\/2026\\\/01\\\/14\\\/lufthansa-group-partners-with-starlink-for-wi-fi-on-all-flights\\\/\",\"url\":\"https:\\\/\\\/newmobility.news\\\/2026\\\/01\\\/14\\\/lufthansa-group-partners-with-starlink-for-wi-fi-on-all-flights\\\/\",\"name\":\"Lufthansa Group partners with Starlink for Wi-Fi on all flights - newmobility.news\",\"isPartOf\":{\"@id\":\"https:\\\/\\\/newmobility.news\\\/#website\"},\"primaryImageOfPage\":{\"@id\":\"https:\\\/\\\/newmobility.news\\\/2026\\\/01\\\/14\\\/lufthansa-group-partners-with-starlink-for-wi-fi-on-all-flights\\\/#primaryimage\"},\"image\":{\"@id\":\"https:\\\/\\\/newmobility.news\\\/2026\\\/01\\\/14\\\/lufthansa-group-partners-with-starlink-for-wi-fi-on-all-flights\\\/#primaryimage\"},\"thumbnailUrl\":\"https:\\\/\\\/i0.wp.com\\\/newmobility.news\\\/wp-content\\\/uploads\\\/2026\\\/01\\\/1097_lufthansa-allegris_bc_xtr_seat_h_10393-scaled.png?fit=2560%2C1708&ssl=1\",\"datePublished\":\"2026-01-14T11:15:17+00:00\",\"breadcrumb\":{\"@id\":\"https:\\\/\\\/newmobility.news\\\/2026\\\/01\\\/14\\\/lufthansa-group-partners-with-starlink-for-wi-fi-on-all-flights\\\/#breadcrumb\"},\"inLanguage\":\"fr-BE\",\"potentialAction\":[{\"@type\":\"ReadAction\",\"target\":[\"https:\\\/\\\/newmobility.news\\\/2026\\\/01\\\/14\\\/lufthansa-group-partners-with-starlink-for-wi-fi-on-all-flights\\\/\"]}]},{\"@type\":\"ImageObject\",\"inLanguage\":\"fr-BE\",\"@id\":\"https:\\\/\\\/newmobility.news\\\/2026\\\/01\\\/14\\\/lufthansa-group-partners-with-starlink-for-wi-fi-on-all-flights\\\/#primaryimage\",\"url\":\"https:\\\/\\\/i0.wp.com\\\/newmobility.news\\\/wp-content\\\/uploads\\\/2026\\\/01\\\/1097_lufthansa-allegris_bc_xtr_seat_h_10393-scaled.png?fit=2560%2C1708&ssl=1\",\"contentUrl\":\"https:\\\/\\\/i0.wp.com\\\/newmobility.news\\\/wp-content\\\/uploads\\\/2026\\\/01\\\/1097_lufthansa-allegris_bc_xtr_seat_h_10393-scaled.png?fit=2560%2C1708&ssl=1\",\"width\":2560,\"height\":1708,\"caption\":\"The Lufthansa Group will equip all the group's around 850 aircraft with high-speed broadband internet access from 2026 onward, thanks to a deal with Starlink \\\/Lufthansa Group\"},{\"@type\":\"BreadcrumbList\",\"@id\":\"https:\\\/\\\/newmobility.news\\\/2026\\\/01\\\/14\\\/lufthansa-group-partners-with-starlink-for-wi-fi-on-all-flights\\\/#breadcrumb\",\"itemListElement\":[{\"@type\":\"ListItem\",\"position\":1,\"name\":\"Home\",\"item\":\"https:\\\/\\\/newmobility.news\\\/\"},{\"@type\":\"ListItem\",\"position\":2,\"name\":\"Lufthansa Group partners with Starlink for Wi-Fi on all flights\"}]},{\"@type\":\"WebSite\",\"@id\":\"https:\\\/\\\/newmobility.news\\\/#website\",\"url\":\"https:\\\/\\\/newmobility.news\\\/\",\"name\":\"newmobility.news\",\"description\":\"A B2BNews Agency\u00ae news service for mobility business proessional\",\"publisher\":{\"@id\":\"https:\\\/\\\/newmobility.news\\\/#organization\"},\"potentialAction\":[{\"@type\":\"SearchAction\",\"target\":{\"@type\":\"EntryPoint\",\"urlTemplate\":\"https:\\\/\\\/newmobility.news\\\/?s={search_term_string}\"},\"query-input\":{\"@type\":\"PropertyValueSpecification\",\"valueRequired\":true,\"valueName\":\"search_term_string\"}}],\"inLanguage\":\"fr-BE\"},{\"@type\":\"Organization\",\"@id\":\"https:\\\/\\\/newmobility.news\\\/#organization\",\"name\":\"B2BNews Agency\",\"url\":\"https:\\\/\\\/newmobility.news\\\/\",\"logo\":{\"@type\":\"ImageObject\",\"inLanguage\":\"fr-BE\",\"@id\":\"https:\\\/\\\/newmobility.news\\\/#\\\/schema\\\/logo\\\/image\\\/\",\"url\":\"https:\\\/\\\/newmobility.news\\\/wp-content\\\/uploads\\\/2018\\\/01\\\/b2bnews-agency-logo.png\",\"contentUrl\":\"https:\\\/\\\/newmobility.news\\\/wp-content\\\/uploads\\\/2018\\\/01\\\/b2bnews-agency-logo.png\",\"width\":\"581\",\"height\":\"117\",\"caption\":\"B2BNews Agency\"},\"image\":{\"@id\":\"https:\\\/\\\/newmobility.news\\\/#\\\/schema\\\/logo\\\/image\\\/\"},\"sameAs\":[\"https:\\\/\\\/www.facebook.com\\\/search\\\/top\\\/?q=newmobility.news\",\"https:\\\/\\\/x.com\\\/jorisvry\",\"https:\\\/\\\/www.linkedin.com\\\/in\\\/jorisvanroy\\\/\",\"https:\\\/\\\/nl.pinterest.com\\\/jorisvanroy\\\/\"]},{\"@type\":\"Person\",\"@id\":\"https:\\\/\\\/newmobility.news\\\/#\\\/schema\\\/person\\\/a31e684b1039b4a94985a9aae156f28b\",\"name\":\"Luc Joris\",\"image\":{\"@type\":\"ImageObject\",\"inLanguage\":\"fr-BE\",\"@id\":\"https:\\\/\\\/secure.gravatar.com\\\/avatar\\\/9e27cf9984ae903174b14c7dd33d523290f03fd71803b04bc6e486c7259b2920?s=96&d=mm&r=g\",\"url\":\"https:\\\/\\\/secure.gravatar.com\\\/avatar\\\/9e27cf9984ae903174b14c7dd33d523290f03fd71803b04bc6e486c7259b2920?s=96&d=mm&r=g\",\"contentUrl\":\"https:\\\/\\\/secure.gravatar.com\\\/avatar\\\/9e27cf9984ae903174b14c7dd33d523290f03fd71803b04bc6e486c7259b2920?s=96&d=mm&r=g\",\"caption\":\"Luc Joris\"},\"url\":\"https:\\\/\\\/newmobility.news\\\/fr\\\/author\\\/belga-5\\\/\"}]}<\/script>\n<!-- \/ Yoast SEO plugin. -->","yoast_head_json":{"title":"Le groupe Lufthansa s'associe \u00e0 Starlink pour le Wi-Fi sur tous les vols - newmobility.news","robots":{"index":"index","follow":"follow","max-snippet":"max-snippet:-1","max-image-preview":"max-image-preview:large","max-video-preview":"max-video-preview:-1"},"canonical":"https:\/\/newmobility.news\/fr\/2026\/01\/14\/lufthansa-group-partners-with-starlink-for-wi-fi-on-all-flights\/","og_locale":"fr_FR","og_type":"article","og_title":"Lufthansa Group partners with Starlink for Wi-Fi on all flights - newmobility.news","og_description":"The Lufthansa Group, which includes Brussels Airlines, will offer free, high-speed Wi-Fi on its approximately 850 aircraft starting in the second half of 2026.\u00a0It will do so using the Starlink satellite network from SpaceX, the American space company owned by billionaire Elon Musk. The collaboraThis content has been archived. Log in or Subscribe to a [&hellip;]","og_url":"https:\/\/newmobility.news\/fr\/2026\/01\/14\/lufthansa-group-partners-with-starlink-for-wi-fi-on-all-flights\/","og_site_name":"newmobility.news","article_publisher":"https:\/\/www.facebook.com\/search\/top\/?q=newmobility.news","article_published_time":"2026-01-14T11:15:17+00:00","og_image":[{"width":1024,"height":683,"url":"https:\/\/newmobility.news\/wp-content\/uploads\/2026\/01\/1097_lufthansa-allegris_bc_xtr_seat_h_10393-1024x683.png","type":"image\/png"}],"author":"Luc Joris","twitter_card":"summary_large_image","twitter_creator":"@jorisvry","twitter_site":"@jorisvry","twitter_misc":{"\u00c9crit par":"Luc Joris","Dur\u00e9e de lecture est.":"3 minutes"},"schema":{"@context":"https:\/\/schema.org","@graph":[{"@type":"Article","@id":"https:\/\/newmobility.news\/2026\/01\/14\/lufthansa-group-partners-with-starlink-for-wi-fi-on-all-flights\/#article","isPartOf":{"@id":"https:\/\/newmobility.news\/2026\/01\/14\/lufthansa-group-partners-with-starlink-for-wi-fi-on-all-flights\/"},"author":{"name":"Luc Joris","@id":"https:\/\/newmobility.news\/#\/schema\/person\/a31e684b1039b4a94985a9aae156f28b"},"headline":"Lufthansa Group partners with Starlink for Wi-Fi on all flights","datePublished":"2026-01-14T11:15:17+00:00","mainEntityOfPage":{"@id":"https:\/\/newmobility.news\/2026\/01\/14\/lufthansa-group-partners-with-starlink-for-wi-fi-on-all-flights\/"},"wordCount":370,"publisher":{"@id":"https:\/\/newmobility.news\/#organization"},"image":{"@id":"https:\/\/newmobility.news\/2026\/01\/14\/lufthansa-group-partners-with-starlink-for-wi-fi-on-all-flights\/#primaryimage"},"thumbnailUrl":"https:\/\/i0.wp.com\/newmobility.news\/wp-content\/uploads\/2026\/01\/1097_lufthansa-allegris_bc_xtr_seat_h_10393-scaled.png?fit=2560%2C1708&ssl=1","articleSection":["Aviation","Belgium","Mobility","Technology","Top Stories Today"],"inLanguage":"fr-BE"},{"@type":"WebPage","@id":"https:\/\/newmobility.news\/2026\/01\/14\/lufthansa-group-partners-with-starlink-for-wi-fi-on-all-flights\/","url":"https:\/\/newmobility.news\/2026\/01\/14\/lufthansa-group-partners-with-starlink-for-wi-fi-on-all-flights\/","name":"Le groupe Lufthansa s'associe \u00e0 Starlink pour le Wi-Fi sur tous les vols - newmobility.news","isPartOf":{"@id":"https:\/\/newmobility.news\/#website"},"primaryImageOfPage":{"@id":"https:\/\/newmobility.news\/2026\/01\/14\/lufthansa-group-partners-with-starlink-for-wi-fi-on-all-flights\/#primaryimage"},"image":{"@id":"https:\/\/newmobility.news\/2026\/01\/14\/lufthansa-group-partners-with-starlink-for-wi-fi-on-all-flights\/#primaryimage"},"thumbnailUrl":"https:\/\/i0.wp.com\/newmobility.news\/wp-content\/uploads\/2026\/01\/1097_lufthansa-allegris_bc_xtr_seat_h_10393-scaled.png?fit=2560%2C1708&ssl=1","datePublished":"2026-01-14T11:15:17+00:00","breadcrumb":{"@id":"https:\/\/newmobility.news\/2026\/01\/14\/lufthansa-group-partners-with-starlink-for-wi-fi-on-all-flights\/#breadcrumb"},"inLanguage":"fr-BE","potentialAction":[{"@type":"ReadAction","target":["https:\/\/newmobility.news\/2026\/01\/14\/lufthansa-group-partners-with-starlink-for-wi-fi-on-all-flights\/"]}]},{"@type":"ImageObject","inLanguage":"fr-BE","@id":"https:\/\/newmobility.news\/2026\/01\/14\/lufthansa-group-partners-with-starlink-for-wi-fi-on-all-flights\/#primaryimage","url":"https:\/\/i0.wp.com\/newmobility.news\/wp-content\/uploads\/2026\/01\/1097_lufthansa-allegris_bc_xtr_seat_h_10393-scaled.png?fit=2560%2C1708&ssl=1","contentUrl":"https:\/\/i0.wp.com\/newmobility.news\/wp-content\/uploads\/2026\/01\/1097_lufthansa-allegris_bc_xtr_seat_h_10393-scaled.png?fit=2560%2C1708&ssl=1","width":2560,"height":1708,"caption":"The Lufthansa Group will equip all the group's around 850 aircraft with high-speed broadband internet access from 2026 onward, thanks to a deal with Starlink \/Lufthansa Group"},{"@type":"BreadcrumbList","@id":"https:\/\/newmobility.news\/2026\/01\/14\/lufthansa-group-partners-with-starlink-for-wi-fi-on-all-flights\/#breadcrumb","itemListElement":[{"@type":"ListItem","position":1,"name":"Home","item":"https:\/\/newmobility.news\/"},{"@type":"ListItem","position":2,"name":"Lufthansa Group partners with Starlink for Wi-Fi on all flights"}]},{"@type":"WebSite","@id":"https:\/\/newmobility.news\/#website","url":"https:\/\/newmobility.news\/","name":"nouveaumobilit\u00e9.actualit\u00e9s","description":"Un service d'information B2BNews Agency\u00ae destin\u00e9 aux professionnels de la mobilit\u00e9","publisher":{"@id":"https:\/\/newmobility.news\/#organization"},"potentialAction":[{"@type":"SearchAction","target":{"@type":"EntryPoint","urlTemplate":"https:\/\/newmobility.news\/?s={search_term_string}"},"query-input":{"@type":"PropertyValueSpecification","valueRequired":true,"valueName":"search_term_string"}}],"inLanguage":"fr-BE"},{"@type":"Organization","@id":"https:\/\/newmobility.news\/#organization","name":"Agence de presse B2BNews","url":"https:\/\/newmobility.news\/","logo":{"@type":"ImageObject","inLanguage":"fr-BE","@id":"https:\/\/newmobility.news\/#\/schema\/logo\/image\/","url":"https:\/\/newmobility.news\/wp-content\/uploads\/2018\/01\/b2bnews-agency-logo.png","contentUrl":"https:\/\/newmobility.news\/wp-content\/uploads\/2018\/01\/b2bnews-agency-logo.png","width":"581","height":"117","caption":"B2BNews Agency"},"image":{"@id":"https:\/\/newmobility.news\/#\/schema\/logo\/image\/"},"sameAs":["https:\/\/www.facebook.com\/search\/top\/?q=newmobility.news","https:\/\/x.com\/jorisvry","https:\/\/www.linkedin.com\/in\/jorisvanroy\/","https:\/\/nl.pinterest.com\/jorisvanroy\/"]},{"@type":"Person","@id":"https:\/\/newmobility.news\/#\/schema\/person\/a31e684b1039b4a94985a9aae156f28b","name":"Luc Joris","image":{"@type":"ImageObject","inLanguage":"fr-BE","@id":"https:\/\/secure.gravatar.com\/avatar\/9e27cf9984ae903174b14c7dd33d523290f03fd71803b04bc6e486c7259b2920?s=96&d=mm&r=g","url":"https:\/\/secure.gravatar.com\/avatar\/9e27cf9984ae903174b14c7dd33d523290f03fd71803b04bc6e486c7259b2920?s=96&d=mm&r=g","contentUrl":"https:\/\/secure.gravatar.com\/avatar\/9e27cf9984ae903174b14c7dd33d523290f03fd71803b04bc6e486c7259b2920?s=96&d=mm&r=g","caption":"Luc Joris"},"url":"https:\/\/newmobility.news\/fr\/author\/belga-5\/"}]}},"jetpack_publicize_connections":[],"jetpack_featured_media_url":"https:\/\/i0.wp.com\/newmobility.news\/wp-content\/uploads\/2026\/01\/1097_lufthansa-allegris_bc_xtr_seat_h_10393-scaled.png?fit=2560%2C1708&ssl=1","jetpack_shortlink":"https:\/\/wp.me\/p9wJdU-KUb","jetpack_sharing_enabled":true,"jetpack_likes_enabled":true,"jetpack-related-posts":[],"_links":{"self":[{"href":"https:\/\/newmobility.news\/fr\/wp-json\/wp\/v2\/posts\/180307","targetHints":{"allow":["GET"]}}],"collection":[{"href":"https:\/\/newmobility.news\/fr\/wp-json\/wp\/v2\/posts"}],"about":[{"href":"https:\/\/newmobility.news\/fr\/wp-json\/wp\/v2\/types\/post"}],"author":[{"embeddable":true,"href":"https:\/\/newmobility.news\/fr\/wp-json\/wp\/v2\/users\/164"}],"replies":[{"embeddable":true,"href":"https:\/\/newmobility.news\/fr\/wp-json\/wp\/v2\/comments?post=180307"}],"version-history":[{"count":10,"href":"https:\/\/newmobility.news\/fr\/wp-json\/wp\/v2\/posts\/180307\/revisions"}],"predecessor-version":[{"id":180382,"href":"https:\/\/newmobility.news\/fr\/wp-json\/wp\/v2\/posts\/180307\/revisions\/180382"}],"wp:featuredmedia":[{"embeddable":true,"href":"https:\/\/newmobility.news\/fr\/wp-json\/wp\/v2\/media\/180321"}],"wp:attachment":[{"href":"https:\/\/newmobility.news\/fr\/wp-json\/wp\/v2\/media?parent=180307"}],"wp:term":[{"taxonomy":"category","embeddable":true,"href":"https:\/\/newmobility.news\/fr\/wp-json\/wp\/v2\/categories?post=180307"},{"taxonomy":"post_tag","embeddable":true,"href":"https:\/\/newmobility.news\/fr\/wp-json\/wp\/v2\/tags?post=180307"}],"curies":[{"name":"wp","href":"https:\/\/api.w.org\/{rel}","templated":true}]}}