{"id":180913,"date":"2026-01-27T11:16:44","date_gmt":"2026-01-27T10:16:44","guid":{"rendered":"https:\/\/newmobility.news\/?p=180913"},"modified":"2026-01-30T08:23:11","modified_gmt":"2026-01-30T07:23:11","slug":"icct-eu-carmakers-catch-up-on-co%e2%82%82-targets-thanks-to-ev-surge","status":"publish","type":"post","link":"https:\/\/newmobility.news\/fr\/2026\/01\/27\/icct-eu-carmakers-catch-up-on-co%e2%82%82-targets-thanks-to-ev-surge\/","title":{"rendered":"ICCT : \u2018Les constructeurs automobiles de l'UE rattrapent leurs objectifs en mati\u00e8re de CO\u2082 gr\u00e2ce \u00e0 l'essor des v\u00e9hicules \u00e9lectriques\u2019.\u2019"},"content":{"rendered":"Les constructeurs automobiles europ\u00e9ens ont obtenu une marge de man\u0153uvre pour atteindre leurs objectifs en mati\u00e8re d'\u00e9missions de CO2. Certains des plus grands noms de l'industrie, notamment Volkswagen, ont \u00e9t\u00e9 \u00e9pargn\u00e9s par de lourdes amendes.\r\n\r\nL'acc\u00e9l\u00e9ration des ventes de v\u00e9hicules \u00e9lectriques l'ann\u00e9e derni\u00e8re, avec pr\u00e8s de 20% d'immatriculations, leur a permis de gagner du temps. <div class=\"leaky_paywall_message_wrap\"><div id=\"leaky_paywall_message\">Ce contenu a \u00e9t\u00e9 archiv\u00e9. <a href=\"https:\/\/newmobility.news\/fr\/subscription\/\">Connectez-vous ou inscrivez-vous<\/a> \u00e0 un niveau qui donne acc\u00e8s au contenu archiv\u00e9.<\/div><\/div>","protected":false},"excerpt":{"rendered":"<p>Carmakers across Europe have been granted breathing room to meet their CO2 targets. Some of the industry\u2019s biggest names\u2014most notably Volkswagen\u2014were spared from facing hefty fines. The acceleration of EV sales last year, now at almost 20% of registrations, helped buy them some extra time. This content has been archived. Log in or Subscribe to [&hellip;]<\/p>\n","protected":false},"author":715,"featured_media":180920,"comment_status":"closed","ping_status":"closed","sticky":false,"template":"","format":"standard","meta":{"_acf_changed":false,"jetpack_post_was_ever_published":false,"_jetpack_newsletter_access":"","_jetpack_dont_email_post_to_subs":false,"_jetpack_newsletter_tier_id":0,"_jetpack_memberships_contains_paywalled_content":false,"_jetpack_memberships_contains_paid_content":false,"footnotes":"","jetpack_publicize_message":"","jetpack_publicize_feature_enabled":true,"jetpack_social_post_already_shared":true,"jetpack_social_options":{"image_generator_settings":{"template":"highway","default_image_id":0,"font":"","enabled":false},"version":2},"_wpas_customize_per_network":false},"categories":[14496,28,16,25,77201,4,17],"tags":[],"class_list":["post-180913","post","type-post","status-publish","format-standard","has-post-thumbnail","hentry","category-climate","category-europe","category-industry","category-legislation","category-study","category-top-stories-today","category-weekly-newsletter"],"acf":[],"featured_image_urls_v2":{"full":["https:\/\/i0.wp.com\/newmobility.news\/wp-content\/uploads\/2026\/01\/Solterra-01-scaled.jpg?fit=2560%2C1707&ssl=1",2560,1707,false],"thumbnail":["https:\/\/i0.wp.com\/newmobility.news\/wp-content\/uploads\/2026\/01\/Solterra-01-scaled.jpg?resize=150%2C150&ssl=1",150,150,true],"medium":["https:\/\/i0.wp.com\/newmobility.news\/wp-content\/uploads\/2026\/01\/Solterra-01-scaled.jpg?fit=300%2C200&ssl=1",300,200,true],"medium_large":["https:\/\/i0.wp.com\/newmobility.news\/wp-content\/uploads\/2026\/01\/Solterra-01-scaled.jpg?fit=640%2C427&ssl=1",640,427,true],"large":["https:\/\/i0.wp.com\/newmobility.news\/wp-content\/uploads\/2026\/01\/Solterra-01-scaled.jpg?fit=640%2C427&ssl=1",640,427,true],"1536x1536":["https:\/\/i0.wp.com\/newmobility.news\/wp-content\/uploads\/2026\/01\/Solterra-01-scaled.jpg?fit=1536%2C1024&ssl=1",1536,1024,true],"2048x2048":["https:\/\/i0.wp.com\/newmobility.news\/wp-content\/uploads\/2026\/01\/Solterra-01-scaled.jpg?fit=2048%2C1365&ssl=1",2048,1365,true],"trp-custom-language-flag":["https:\/\/i0.wp.com\/newmobility.news\/wp-content\/uploads\/2026\/01\/Solterra-01-scaled.jpg?fit=18%2C12&ssl=1",18,12,true],"related-thumb":["https:\/\/i0.wp.com\/newmobility.news\/wp-content\/uploads\/2026\/01\/Solterra-01-scaled.jpg?resize=640%2C480&ssl=1",640,480,true],"gform-image-choice-sm":["https:\/\/i0.wp.com\/newmobility.news\/wp-content\/uploads\/2026\/01\/Solterra-01-scaled.jpg?resize=300%2C300&ssl=1",300,300,true],"gform-image-choice-md":["https:\/\/i0.wp.com\/newmobility.news\/wp-content\/uploads\/2026\/01\/Solterra-01-scaled.jpg?resize=400%2C400&ssl=1",400,400,true],"gform-image-choice-lg":["https:\/\/i0.wp.com\/newmobility.news\/wp-content\/uploads\/2026\/01\/Solterra-01-scaled.jpg?resize=600%2C600&ssl=1",600,600,true],"mailchimp":["https:\/\/i0.wp.com\/newmobility.news\/wp-content\/uploads\/2026\/01\/Solterra-01-scaled.jpg?fit=560%2C373&ssl=1",560,373,true],"unipress-phone":["https:\/\/i0.wp.com\/newmobility.news\/wp-content\/uploads\/2026\/01\/Solterra-01-scaled.jpg?resize=640%2C100&ssl=1",640,100,true],"unipress-tablet":["https:\/\/i0.wp.com\/newmobility.news\/wp-content\/uploads\/2026\/01\/Solterra-01-scaled.jpg?resize=1536%2C240&ssl=1",1536,240,true],"unipress-tablet-portrait":["https:\/\/i0.wp.com\/newmobility.news\/wp-content\/uploads\/2026\/01\/Solterra-01-scaled.jpg?resize=1536%2C180&ssl=1",1536,180,true],"unipress-tablet-landscape":["https:\/\/i0.wp.com\/newmobility.news\/wp-content\/uploads\/2026\/01\/Solterra-01-scaled.jpg?resize=2048%2C180&ssl=1",2048,180,true],"unipress-smartphone":["https:\/\/i0.wp.com\/newmobility.news\/wp-content\/uploads\/2026\/01\/Solterra-01-scaled.jpg?resize=1080%2C168&ssl=1",1080,168,true],"unipress-wide-screen":["https:\/\/i0.wp.com\/newmobility.news\/wp-content\/uploads\/2026\/01\/Solterra-01-scaled.jpg?resize=2560%2C180&ssl=1",2560,180,true]},"post_excerpt_stackable_v2":"<p>Carmakers across Europe have been granted breathing room to meet their CO2 targets. Some of the industry\u2019s biggest names\u2014most notably Volkswagen\u2014were spared from facing hefty fines. The acceleration of EV sales last year, now at almost 20% of registrations, helped buy them some extra time. This content has been archived. Log in or Subscribe to a level that has access to archived content.<\/p>\n","category_list_v2":"<a href=\"https:\/\/newmobility.news\/fr\/category\/climate\/\" rel=\"category tag\">Climate<\/a>, <a href=\"https:\/\/newmobility.news\/fr\/category\/europe\/\" rel=\"category tag\">Europe<\/a>, <a href=\"https:\/\/newmobility.news\/fr\/category\/industry\/\" rel=\"category tag\">Industry<\/a>, <a href=\"https:\/\/newmobility.news\/fr\/category\/legislation\/\" rel=\"category tag\">Legislation<\/a>, <a href=\"https:\/\/newmobility.news\/fr\/category\/study\/\" rel=\"category tag\">Study<\/a>, <a href=\"https:\/\/newmobility.news\/fr\/category\/top-stories-today\/\" rel=\"category tag\">Top Stories Today<\/a>, <a href=\"https:\/\/newmobility.news\/fr\/category\/weekly-newsletter\/\" rel=\"category tag\">Weekly Newsletter<\/a>","author_info_v2":{"name":"Piet Andries","url":"https:\/\/newmobility.news\/fr\/author\/piet-andriesgmail-com\/"},"comments_num_v2":"0 comments","yoast_head":"<!-- This site is optimized with the Yoast SEO plugin v27.5 - https:\/\/yoast.com\/product\/yoast-seo-wordpress\/ -->\n<title>ICCT: &#039;EU carmakers catch up on CO\u2082 targets thanks to EV surge&#039; - newmobility.news<\/title>\n<meta name=\"robots\" content=\"index, follow, max-snippet:-1, max-image-preview:large, max-video-preview:-1\" \/>\n<link rel=\"canonical\" href=\"https:\/\/newmobility.news\/fr\/2026\/01\/27\/icct-eu-carmakers-catch-up-on-co\u2082-targets-thanks-to-ev-surge\/\" \/>\n<meta property=\"og:locale\" content=\"fr_FR\" \/>\n<meta property=\"og:type\" content=\"article\" \/>\n<meta property=\"og:title\" content=\"ICCT: &#039;EU carmakers catch up on CO\u2082 targets thanks to EV surge&#039; - newmobility.news\" \/>\n<meta property=\"og:description\" content=\"Carmakers across Europe have been granted breathing room to meet their CO2 targets. Some of the industry\u2019s biggest names\u2014most notably Volkswagen\u2014were spared from facing hefty fines. The acceleration of EV sales last year, now at almost 20% of registrations, helped buy them some extra time. This content has been archived. Log in or Subscribe to [&hellip;]\" \/>\n<meta property=\"og:url\" content=\"https:\/\/newmobility.news\/fr\/2026\/01\/27\/icct-eu-carmakers-catch-up-on-co\u2082-targets-thanks-to-ev-surge\/\" \/>\n<meta property=\"og:site_name\" content=\"newmobility.news\" \/>\n<meta property=\"article:publisher\" content=\"https:\/\/www.facebook.com\/search\/top\/?q=newmobility.news\" \/>\n<meta property=\"article:published_time\" content=\"2026-01-27T10:16:44+00:00\" \/>\n<meta property=\"article:modified_time\" content=\"2026-01-30T07:23:11+00:00\" \/>\n<meta property=\"og:image\" content=\"https:\/\/newmobility.news\/wp-content\/uploads\/2026\/01\/Solterra-01-scaled.jpg\" \/>\n\t<meta property=\"og:image:width\" content=\"2560\" \/>\n\t<meta property=\"og:image:height\" content=\"1707\" \/>\n\t<meta property=\"og:image:type\" content=\"image\/jpeg\" \/>\n<meta name=\"author\" content=\"Piet Andries\" \/>\n<meta name=\"twitter:card\" content=\"summary_large_image\" \/>\n<meta name=\"twitter:creator\" content=\"@jorisvry\" \/>\n<meta name=\"twitter:site\" content=\"@jorisvry\" \/>\n<meta name=\"twitter:label1\" content=\"\u00c9crit par\" \/>\n\t<meta name=\"twitter:data1\" content=\"Piet Andries\" \/>\n\t<meta name=\"twitter:label2\" content=\"Dur\u00e9e de lecture est.\" \/>\n\t<meta name=\"twitter:data2\" content=\"4 minutes\" \/>\n<script type=\"application\/ld+json\" class=\"yoast-schema-graph\">{\"@context\":\"https:\\\/\\\/schema.org\",\"@graph\":[{\"@type\":\"Article\",\"@id\":\"https:\\\/\\\/newmobility.news\\\/2026\\\/01\\\/27\\\/icct-eu-carmakers-catch-up-on-co%e2%82%82-targets-thanks-to-ev-surge\\\/#article\",\"isPartOf\":{\"@id\":\"https:\\\/\\\/newmobility.news\\\/2026\\\/01\\\/27\\\/icct-eu-carmakers-catch-up-on-co%e2%82%82-targets-thanks-to-ev-surge\\\/\"},\"author\":{\"name\":\"Piet Andries\",\"@id\":\"https:\\\/\\\/newmobility.news\\\/#\\\/schema\\\/person\\\/4f0a0e407f0ee24ec763e67b0a5840a5\"},\"headline\":\"ICCT: &#8216;EU carmakers catch up on CO\u2082 targets thanks to EV surge&#8217;\",\"datePublished\":\"2026-01-27T10:16:44+00:00\",\"dateModified\":\"2026-01-30T07:23:11+00:00\",\"mainEntityOfPage\":{\"@id\":\"https:\\\/\\\/newmobility.news\\\/2026\\\/01\\\/27\\\/icct-eu-carmakers-catch-up-on-co%e2%82%82-targets-thanks-to-ev-surge\\\/\"},\"wordCount\":671,\"publisher\":{\"@id\":\"https:\\\/\\\/newmobility.news\\\/#organization\"},\"image\":{\"@id\":\"https:\\\/\\\/newmobility.news\\\/2026\\\/01\\\/27\\\/icct-eu-carmakers-catch-up-on-co%e2%82%82-targets-thanks-to-ev-surge\\\/#primaryimage\"},\"thumbnailUrl\":\"https:\\\/\\\/i0.wp.com\\\/newmobility.news\\\/wp-content\\\/uploads\\\/2026\\\/01\\\/Solterra-01-scaled.jpg?fit=2560%2C1707&ssl=1\",\"articleSection\":[\"Climate\",\"Europe\",\"Industry\",\"Legislation\",\"Study\",\"Top Stories Today\",\"Weekly Newsletter\"],\"inLanguage\":\"fr-BE\"},{\"@type\":\"WebPage\",\"@id\":\"https:\\\/\\\/newmobility.news\\\/2026\\\/01\\\/27\\\/icct-eu-carmakers-catch-up-on-co%e2%82%82-targets-thanks-to-ev-surge\\\/\",\"url\":\"https:\\\/\\\/newmobility.news\\\/2026\\\/01\\\/27\\\/icct-eu-carmakers-catch-up-on-co%e2%82%82-targets-thanks-to-ev-surge\\\/\",\"name\":\"ICCT: 'EU carmakers catch up on CO\u2082 targets thanks to EV surge' - newmobility.news\",\"isPartOf\":{\"@id\":\"https:\\\/\\\/newmobility.news\\\/#website\"},\"primaryImageOfPage\":{\"@id\":\"https:\\\/\\\/newmobility.news\\\/2026\\\/01\\\/27\\\/icct-eu-carmakers-catch-up-on-co%e2%82%82-targets-thanks-to-ev-surge\\\/#primaryimage\"},\"image\":{\"@id\":\"https:\\\/\\\/newmobility.news\\\/2026\\\/01\\\/27\\\/icct-eu-carmakers-catch-up-on-co%e2%82%82-targets-thanks-to-ev-surge\\\/#primaryimage\"},\"thumbnailUrl\":\"https:\\\/\\\/i0.wp.com\\\/newmobility.news\\\/wp-content\\\/uploads\\\/2026\\\/01\\\/Solterra-01-scaled.jpg?fit=2560%2C1707&ssl=1\",\"datePublished\":\"2026-01-27T10:16:44+00:00\",\"dateModified\":\"2026-01-30T07:23:11+00:00\",\"breadcrumb\":{\"@id\":\"https:\\\/\\\/newmobility.news\\\/2026\\\/01\\\/27\\\/icct-eu-carmakers-catch-up-on-co%e2%82%82-targets-thanks-to-ev-surge\\\/#breadcrumb\"},\"inLanguage\":\"fr-BE\",\"potentialAction\":[{\"@type\":\"ReadAction\",\"target\":[\"https:\\\/\\\/newmobility.news\\\/2026\\\/01\\\/27\\\/icct-eu-carmakers-catch-up-on-co%e2%82%82-targets-thanks-to-ev-surge\\\/\"]}]},{\"@type\":\"ImageObject\",\"inLanguage\":\"fr-BE\",\"@id\":\"https:\\\/\\\/newmobility.news\\\/2026\\\/01\\\/27\\\/icct-eu-carmakers-catch-up-on-co%e2%82%82-targets-thanks-to-ev-surge\\\/#primaryimage\",\"url\":\"https:\\\/\\\/i0.wp.com\\\/newmobility.news\\\/wp-content\\\/uploads\\\/2026\\\/01\\\/Solterra-01-scaled.jpg?fit=2560%2C1707&ssl=1\",\"contentUrl\":\"https:\\\/\\\/i0.wp.com\\\/newmobility.news\\\/wp-content\\\/uploads\\\/2026\\\/01\\\/Solterra-01-scaled.jpg?fit=2560%2C1707&ssl=1\",\"width\":2560,\"height\":1707,\"caption\":\"Subaru exceeded its CO\u2082 limit by as much as 79 g\\\/km, but as car makers can spread their performance, it escaped a penalty. \\\/Subaru\"},{\"@type\":\"BreadcrumbList\",\"@id\":\"https:\\\/\\\/newmobility.news\\\/2026\\\/01\\\/27\\\/icct-eu-carmakers-catch-up-on-co%e2%82%82-targets-thanks-to-ev-surge\\\/#breadcrumb\",\"itemListElement\":[{\"@type\":\"ListItem\",\"position\":1,\"name\":\"Home\",\"item\":\"https:\\\/\\\/newmobility.news\\\/\"},{\"@type\":\"ListItem\",\"position\":2,\"name\":\"ICCT: &#8216;EU carmakers catch up on CO\u2082 targets thanks to EV surge&#8217;\"}]},{\"@type\":\"WebSite\",\"@id\":\"https:\\\/\\\/newmobility.news\\\/#website\",\"url\":\"https:\\\/\\\/newmobility.news\\\/\",\"name\":\"newmobility.news\",\"description\":\"A B2BNews Agency\u00ae news service for mobility business proessional\",\"publisher\":{\"@id\":\"https:\\\/\\\/newmobility.news\\\/#organization\"},\"potentialAction\":[{\"@type\":\"SearchAction\",\"target\":{\"@type\":\"EntryPoint\",\"urlTemplate\":\"https:\\\/\\\/newmobility.news\\\/?s={search_term_string}\"},\"query-input\":{\"@type\":\"PropertyValueSpecification\",\"valueRequired\":true,\"valueName\":\"search_term_string\"}}],\"inLanguage\":\"fr-BE\"},{\"@type\":\"Organization\",\"@id\":\"https:\\\/\\\/newmobility.news\\\/#organization\",\"name\":\"B2BNews Agency\",\"url\":\"https:\\\/\\\/newmobility.news\\\/\",\"logo\":{\"@type\":\"ImageObject\",\"inLanguage\":\"fr-BE\",\"@id\":\"https:\\\/\\\/newmobility.news\\\/#\\\/schema\\\/logo\\\/image\\\/\",\"url\":\"https:\\\/\\\/newmobility.news\\\/wp-content\\\/uploads\\\/2018\\\/01\\\/b2bnews-agency-logo.png\",\"contentUrl\":\"https:\\\/\\\/newmobility.news\\\/wp-content\\\/uploads\\\/2018\\\/01\\\/b2bnews-agency-logo.png\",\"width\":\"581\",\"height\":\"117\",\"caption\":\"B2BNews Agency\"},\"image\":{\"@id\":\"https:\\\/\\\/newmobility.news\\\/#\\\/schema\\\/logo\\\/image\\\/\"},\"sameAs\":[\"https:\\\/\\\/www.facebook.com\\\/search\\\/top\\\/?q=newmobility.news\",\"https:\\\/\\\/x.com\\\/jorisvry\",\"https:\\\/\\\/www.linkedin.com\\\/in\\\/jorisvanroy\\\/\",\"https:\\\/\\\/nl.pinterest.com\\\/jorisvanroy\\\/\"]},{\"@type\":\"Person\",\"@id\":\"https:\\\/\\\/newmobility.news\\\/#\\\/schema\\\/person\\\/4f0a0e407f0ee24ec763e67b0a5840a5\",\"name\":\"Piet Andries\",\"image\":{\"@type\":\"ImageObject\",\"inLanguage\":\"fr-BE\",\"@id\":\"https:\\\/\\\/secure.gravatar.com\\\/avatar\\\/c7ec64b5aa2f5a96b3ea5ca5b828a30d1b3e6e74b21e2f3e71ba86eea80553d4?s=96&d=mm&r=g\",\"url\":\"https:\\\/\\\/secure.gravatar.com\\\/avatar\\\/c7ec64b5aa2f5a96b3ea5ca5b828a30d1b3e6e74b21e2f3e71ba86eea80553d4?s=96&d=mm&r=g\",\"contentUrl\":\"https:\\\/\\\/secure.gravatar.com\\\/avatar\\\/c7ec64b5aa2f5a96b3ea5ca5b828a30d1b3e6e74b21e2f3e71ba86eea80553d4?s=96&d=mm&r=g\",\"caption\":\"Piet Andries\"},\"url\":\"https:\\\/\\\/newmobility.news\\\/fr\\\/author\\\/piet-andriesgmail-com\\\/\"}]}<\/script>\n<!-- \/ Yoast SEO plugin. -->","yoast_head_json":{"title":"ICCT : 'Les constructeurs automobiles de l'UE rattrapent leurs objectifs en mati\u00e8re de CO\u2082 gr\u00e2ce \u00e0 l'essor des VE' - newmobility.news","robots":{"index":"index","follow":"follow","max-snippet":"max-snippet:-1","max-image-preview":"max-image-preview:large","max-video-preview":"max-video-preview:-1"},"canonical":"https:\/\/newmobility.news\/fr\/2026\/01\/27\/icct-eu-carmakers-catch-up-on-co\u2082-targets-thanks-to-ev-surge\/","og_locale":"fr_FR","og_type":"article","og_title":"ICCT: 'EU carmakers catch up on CO\u2082 targets thanks to EV surge' - newmobility.news","og_description":"Carmakers across Europe have been granted breathing room to meet their CO2 targets. Some of the industry\u2019s biggest names\u2014most notably Volkswagen\u2014were spared from facing hefty fines. The acceleration of EV sales last year, now at almost 20% of registrations, helped buy them some extra time. This content has been archived. Log in or Subscribe to [&hellip;]","og_url":"https:\/\/newmobility.news\/fr\/2026\/01\/27\/icct-eu-carmakers-catch-up-on-co\u2082-targets-thanks-to-ev-surge\/","og_site_name":"newmobility.news","article_publisher":"https:\/\/www.facebook.com\/search\/top\/?q=newmobility.news","article_published_time":"2026-01-27T10:16:44+00:00","article_modified_time":"2026-01-30T07:23:11+00:00","og_image":[{"width":2560,"height":1707,"url":"https:\/\/newmobility.news\/wp-content\/uploads\/2026\/01\/Solterra-01-scaled.jpg","type":"image\/jpeg"}],"author":"Piet Andries","twitter_card":"summary_large_image","twitter_creator":"@jorisvry","twitter_site":"@jorisvry","twitter_misc":{"\u00c9crit par":"Piet Andries","Dur\u00e9e de lecture est.":"4 minutes"},"schema":{"@context":"https:\/\/schema.org","@graph":[{"@type":"Article","@id":"https:\/\/newmobility.news\/2026\/01\/27\/icct-eu-carmakers-catch-up-on-co%e2%82%82-targets-thanks-to-ev-surge\/#article","isPartOf":{"@id":"https:\/\/newmobility.news\/2026\/01\/27\/icct-eu-carmakers-catch-up-on-co%e2%82%82-targets-thanks-to-ev-surge\/"},"author":{"name":"Piet Andries","@id":"https:\/\/newmobility.news\/#\/schema\/person\/4f0a0e407f0ee24ec763e67b0a5840a5"},"headline":"ICCT: &#8216;EU carmakers catch up on CO\u2082 targets thanks to EV surge&#8217;","datePublished":"2026-01-27T10:16:44+00:00","dateModified":"2026-01-30T07:23:11+00:00","mainEntityOfPage":{"@id":"https:\/\/newmobility.news\/2026\/01\/27\/icct-eu-carmakers-catch-up-on-co%e2%82%82-targets-thanks-to-ev-surge\/"},"wordCount":671,"publisher":{"@id":"https:\/\/newmobility.news\/#organization"},"image":{"@id":"https:\/\/newmobility.news\/2026\/01\/27\/icct-eu-carmakers-catch-up-on-co%e2%82%82-targets-thanks-to-ev-surge\/#primaryimage"},"thumbnailUrl":"https:\/\/i0.wp.com\/newmobility.news\/wp-content\/uploads\/2026\/01\/Solterra-01-scaled.jpg?fit=2560%2C1707&ssl=1","articleSection":["Climate","Europe","Industry","Legislation","Study","Top Stories Today","Weekly Newsletter"],"inLanguage":"fr-BE"},{"@type":"WebPage","@id":"https:\/\/newmobility.news\/2026\/01\/27\/icct-eu-carmakers-catch-up-on-co%e2%82%82-targets-thanks-to-ev-surge\/","url":"https:\/\/newmobility.news\/2026\/01\/27\/icct-eu-carmakers-catch-up-on-co%e2%82%82-targets-thanks-to-ev-surge\/","name":"ICCT : 'Les constructeurs automobiles de l'UE rattrapent leurs objectifs en mati\u00e8re de CO\u2082 gr\u00e2ce \u00e0 l'essor des VE' - newmobility.news","isPartOf":{"@id":"https:\/\/newmobility.news\/#website"},"primaryImageOfPage":{"@id":"https:\/\/newmobility.news\/2026\/01\/27\/icct-eu-carmakers-catch-up-on-co%e2%82%82-targets-thanks-to-ev-surge\/#primaryimage"},"image":{"@id":"https:\/\/newmobility.news\/2026\/01\/27\/icct-eu-carmakers-catch-up-on-co%e2%82%82-targets-thanks-to-ev-surge\/#primaryimage"},"thumbnailUrl":"https:\/\/i0.wp.com\/newmobility.news\/wp-content\/uploads\/2026\/01\/Solterra-01-scaled.jpg?fit=2560%2C1707&ssl=1","datePublished":"2026-01-27T10:16:44+00:00","dateModified":"2026-01-30T07:23:11+00:00","breadcrumb":{"@id":"https:\/\/newmobility.news\/2026\/01\/27\/icct-eu-carmakers-catch-up-on-co%e2%82%82-targets-thanks-to-ev-surge\/#breadcrumb"},"inLanguage":"fr-BE","potentialAction":[{"@type":"ReadAction","target":["https:\/\/newmobility.news\/2026\/01\/27\/icct-eu-carmakers-catch-up-on-co%e2%82%82-targets-thanks-to-ev-surge\/"]}]},{"@type":"ImageObject","inLanguage":"fr-BE","@id":"https:\/\/newmobility.news\/2026\/01\/27\/icct-eu-carmakers-catch-up-on-co%e2%82%82-targets-thanks-to-ev-surge\/#primaryimage","url":"https:\/\/i0.wp.com\/newmobility.news\/wp-content\/uploads\/2026\/01\/Solterra-01-scaled.jpg?fit=2560%2C1707&ssl=1","contentUrl":"https:\/\/i0.wp.com\/newmobility.news\/wp-content\/uploads\/2026\/01\/Solterra-01-scaled.jpg?fit=2560%2C1707&ssl=1","width":2560,"height":1707,"caption":"Subaru exceeded its CO\u2082 limit by as much as 79 g\/km, but as car makers can spread their performance, it escaped a penalty. \/Subaru"},{"@type":"BreadcrumbList","@id":"https:\/\/newmobility.news\/2026\/01\/27\/icct-eu-carmakers-catch-up-on-co%e2%82%82-targets-thanks-to-ev-surge\/#breadcrumb","itemListElement":[{"@type":"ListItem","position":1,"name":"Home","item":"https:\/\/newmobility.news\/"},{"@type":"ListItem","position":2,"name":"ICCT: &#8216;EU carmakers catch up on CO\u2082 targets thanks to EV surge&#8217;"}]},{"@type":"WebSite","@id":"https:\/\/newmobility.news\/#website","url":"https:\/\/newmobility.news\/","name":"nouveaumobilit\u00e9.actualit\u00e9s","description":"Un service d'information B2BNews Agency\u00ae destin\u00e9 aux professionnels de la mobilit\u00e9","publisher":{"@id":"https:\/\/newmobility.news\/#organization"},"potentialAction":[{"@type":"SearchAction","target":{"@type":"EntryPoint","urlTemplate":"https:\/\/newmobility.news\/?s={search_term_string}"},"query-input":{"@type":"PropertyValueSpecification","valueRequired":true,"valueName":"search_term_string"}}],"inLanguage":"fr-BE"},{"@type":"Organization","@id":"https:\/\/newmobility.news\/#organization","name":"Agence de presse B2BNews","url":"https:\/\/newmobility.news\/","logo":{"@type":"ImageObject","inLanguage":"fr-BE","@id":"https:\/\/newmobility.news\/#\/schema\/logo\/image\/","url":"https:\/\/newmobility.news\/wp-content\/uploads\/2018\/01\/b2bnews-agency-logo.png","contentUrl":"https:\/\/newmobility.news\/wp-content\/uploads\/2018\/01\/b2bnews-agency-logo.png","width":"581","height":"117","caption":"B2BNews Agency"},"image":{"@id":"https:\/\/newmobility.news\/#\/schema\/logo\/image\/"},"sameAs":["https:\/\/www.facebook.com\/search\/top\/?q=newmobility.news","https:\/\/x.com\/jorisvry","https:\/\/www.linkedin.com\/in\/jorisvanroy\/","https:\/\/nl.pinterest.com\/jorisvanroy\/"]},{"@type":"Person","@id":"https:\/\/newmobility.news\/#\/schema\/person\/4f0a0e407f0ee24ec763e67b0a5840a5","name":"Piet Andries","image":{"@type":"ImageObject","inLanguage":"fr-BE","@id":"https:\/\/secure.gravatar.com\/avatar\/c7ec64b5aa2f5a96b3ea5ca5b828a30d1b3e6e74b21e2f3e71ba86eea80553d4?s=96&d=mm&r=g","url":"https:\/\/secure.gravatar.com\/avatar\/c7ec64b5aa2f5a96b3ea5ca5b828a30d1b3e6e74b21e2f3e71ba86eea80553d4?s=96&d=mm&r=g","contentUrl":"https:\/\/secure.gravatar.com\/avatar\/c7ec64b5aa2f5a96b3ea5ca5b828a30d1b3e6e74b21e2f3e71ba86eea80553d4?s=96&d=mm&r=g","caption":"Piet Andries"},"url":"https:\/\/newmobility.news\/fr\/author\/piet-andriesgmail-com\/"}]}},"jetpack_publicize_connections":[],"jetpack_featured_media_url":"https:\/\/i0.wp.com\/newmobility.news\/wp-content\/uploads\/2026\/01\/Solterra-01-scaled.jpg?fit=2560%2C1707&ssl=1","jetpack_shortlink":"https:\/\/wp.me\/p9wJdU-L3X","jetpack_sharing_enabled":true,"jetpack_likes_enabled":true,"jetpack-related-posts":[],"_links":{"self":[{"href":"https:\/\/newmobility.news\/fr\/wp-json\/wp\/v2\/posts\/180913","targetHints":{"allow":["GET"]}}],"collection":[{"href":"https:\/\/newmobility.news\/fr\/wp-json\/wp\/v2\/posts"}],"about":[{"href":"https:\/\/newmobility.news\/fr\/wp-json\/wp\/v2\/types\/post"}],"author":[{"embeddable":true,"href":"https:\/\/newmobility.news\/fr\/wp-json\/wp\/v2\/users\/715"}],"replies":[{"embeddable":true,"href":"https:\/\/newmobility.news\/fr\/wp-json\/wp\/v2\/comments?post=180913"}],"version-history":[{"count":5,"href":"https:\/\/newmobility.news\/fr\/wp-json\/wp\/v2\/posts\/180913\/revisions"}],"predecessor-version":[{"id":180931,"href":"https:\/\/newmobility.news\/fr\/wp-json\/wp\/v2\/posts\/180913\/revisions\/180931"}],"wp:featuredmedia":[{"embeddable":true,"href":"https:\/\/newmobility.news\/fr\/wp-json\/wp\/v2\/media\/180920"}],"wp:attachment":[{"href":"https:\/\/newmobility.news\/fr\/wp-json\/wp\/v2\/media?parent=180913"}],"wp:term":[{"taxonomy":"category","embeddable":true,"href":"https:\/\/newmobility.news\/fr\/wp-json\/wp\/v2\/categories?post=180913"},{"taxonomy":"post_tag","embeddable":true,"href":"https:\/\/newmobility.news\/fr\/wp-json\/wp\/v2\/tags?post=180913"}],"curies":[{"name":"wp","href":"https:\/\/api.w.org\/{rel}","templated":true}]}}