{"id":181328,"date":"2026-02-06T12:07:00","date_gmt":"2026-02-06T11:07:00","guid":{"rendered":"https:\/\/newmobility.news\/?p=181328"},"modified":"2026-02-06T12:21:29","modified_gmt":"2026-02-06T11:21:29","slug":"made-in-europe-label-vw-and-stellantis-push-to-redesign-ev-rules","status":"publish","type":"post","link":"https:\/\/newmobility.news\/fr\/2026\/02\/06\/made-in-europe-label-vw-and-stellantis-push-to-redesign-ev-rules\/","title":{"rendered":"Label \"Made in Europe\" : VW et Stellantis veulent red\u00e9finir les r\u00e8gles applicables aux VE"},"content":{"rendered":"Les deux plus grands constructeurs automobiles europ\u00e9ens, Volkswagen et Stellantis, ne demandent plus \u00e0 Bruxelles de les prot\u00e9ger contre la concurrence chinoise croissante. Ils font pression pour une r\u00e9\u00e9criture structurelle de la mani\u00e8re dont les r\u00e8gles environnementales de l'Europe interagissent avec la comp\u00e9titivit\u00e9 industrielle.\r\n\r\nDans un article d'opinion commun publi\u00e9<div class=\"leaky_paywall_message_wrap\"><div id=\"leaky_paywall_message\">Ce contenu a \u00e9t\u00e9 archiv\u00e9. <a href=\"https:\/\/newmobility.news\/fr\/subscription\/\">Connectez-vous ou inscrivez-vous<\/a> \u00e0 un niveau qui donne acc\u00e8s au contenu archiv\u00e9.<\/div><\/div>","protected":false},"excerpt":{"rendered":"<p>Europe\u2019s two largest carmakers, Volkswagen and Stellantis, are no longer asking Brussels for protection against growing Chinese competition. They are pushing for a structural rewrite of how Europe\u2019s environmental rules interact with industrial competitiveness. In a joint opinion piece publishThis content has been archived. Log in or Subscribe to a level that has access to [&hellip;]<\/p>\n","protected":false},"author":21,"featured_media":181344,"comment_status":"closed","ping_status":"closed","sticky":false,"template":"","format":"standard","meta":{"_acf_changed":false,"jetpack_post_was_ever_published":false,"_jetpack_newsletter_access":"","_jetpack_dont_email_post_to_subs":false,"_jetpack_newsletter_tier_id":0,"_jetpack_memberships_contains_paywalled_content":false,"_jetpack_memberships_contains_paid_content":false,"footnotes":"","jetpack_publicize_message":"","jetpack_publicize_feature_enabled":true,"jetpack_social_post_already_shared":true,"jetpack_social_options":{"image_generator_settings":{"template":"highway","default_image_id":0,"font":"","enabled":false},"version":2},"_wpas_customize_per_network":false},"categories":[28,16,25,77169,9,4,17],"tags":[],"class_list":["post-181328","post","type-post","status-publish","format-standard","has-post-thumbnail","hentry","category-europe","category-industry","category-legislation","category-market","category-opinion","category-top-stories-today","category-weekly-newsletter"],"acf":[],"featured_image_urls_v2":{"full":["https:\/\/i0.wp.com\/newmobility.news\/wp-content\/uploads\/2026\/02\/made-in-Europe.png?fit=1536%2C1024&ssl=1",1536,1024,false],"thumbnail":["https:\/\/i0.wp.com\/newmobility.news\/wp-content\/uploads\/2026\/02\/made-in-Europe.png?resize=150%2C150&ssl=1",150,150,true],"medium":["https:\/\/i0.wp.com\/newmobility.news\/wp-content\/uploads\/2026\/02\/made-in-Europe.png?fit=300%2C200&ssl=1",300,200,true],"medium_large":["https:\/\/i0.wp.com\/newmobility.news\/wp-content\/uploads\/2026\/02\/made-in-Europe.png?fit=640%2C427&ssl=1",640,427,true],"large":["https:\/\/i0.wp.com\/newmobility.news\/wp-content\/uploads\/2026\/02\/made-in-Europe.png?fit=640%2C427&ssl=1",640,427,true],"1536x1536":["https:\/\/i0.wp.com\/newmobility.news\/wp-content\/uploads\/2026\/02\/made-in-Europe.png?fit=1536%2C1024&ssl=1",1536,1024,true],"2048x2048":["https:\/\/i0.wp.com\/newmobility.news\/wp-content\/uploads\/2026\/02\/made-in-Europe.png?fit=1536%2C1024&ssl=1",1536,1024,true],"trp-custom-language-flag":["https:\/\/i0.wp.com\/newmobility.news\/wp-content\/uploads\/2026\/02\/made-in-Europe.png?fit=18%2C12&ssl=1",18,12,true],"related-thumb":["https:\/\/i0.wp.com\/newmobility.news\/wp-content\/uploads\/2026\/02\/made-in-Europe.png?resize=640%2C480&ssl=1",640,480,true],"gform-image-choice-sm":["https:\/\/i0.wp.com\/newmobility.news\/wp-content\/uploads\/2026\/02\/made-in-Europe.png?resize=300%2C300&ssl=1",300,300,true],"gform-image-choice-md":["https:\/\/i0.wp.com\/newmobility.news\/wp-content\/uploads\/2026\/02\/made-in-Europe.png?resize=400%2C400&ssl=1",400,400,true],"gform-image-choice-lg":["https:\/\/i0.wp.com\/newmobility.news\/wp-content\/uploads\/2026\/02\/made-in-Europe.png?resize=600%2C600&ssl=1",600,600,true],"mailchimp":["https:\/\/i0.wp.com\/newmobility.news\/wp-content\/uploads\/2026\/02\/made-in-Europe.png?fit=560%2C373&ssl=1",560,373,true],"unipress-phone":["https:\/\/i0.wp.com\/newmobility.news\/wp-content\/uploads\/2026\/02\/made-in-Europe.png?resize=640%2C100&ssl=1",640,100,true],"unipress-tablet":["https:\/\/i0.wp.com\/newmobility.news\/wp-content\/uploads\/2026\/02\/made-in-Europe.png?resize=1536%2C240&ssl=1",1536,240,true],"unipress-tablet-portrait":["https:\/\/i0.wp.com\/newmobility.news\/wp-content\/uploads\/2026\/02\/made-in-Europe.png?resize=1536%2C180&ssl=1",1536,180,true],"unipress-tablet-landscape":["https:\/\/i0.wp.com\/newmobility.news\/wp-content\/uploads\/2026\/02\/made-in-Europe.png?resize=1536%2C180&ssl=1",1536,180,true],"unipress-smartphone":["https:\/\/i0.wp.com\/newmobility.news\/wp-content\/uploads\/2026\/02\/made-in-Europe.png?resize=1080%2C168&ssl=1",1080,168,true],"unipress-wide-screen":["https:\/\/i0.wp.com\/newmobility.news\/wp-content\/uploads\/2026\/02\/made-in-Europe.png?resize=1536%2C180&ssl=1",1536,180,true]},"post_excerpt_stackable_v2":"<p>Europe\u2019s two largest carmakers, Volkswagen and Stellantis, are no longer asking Brussels for protection against growing Chinese competition. They are pushing for a structural rewrite of how Europe\u2019s environmental rules interact with industrial competitiveness. In a joint opinion piece publishThis content has been archived. Log in or Subscribe to a level that has access to archived content.<\/p>\n","category_list_v2":"<a href=\"https:\/\/newmobility.news\/fr\/category\/europe\/\" rel=\"category tag\">Europe<\/a>, <a href=\"https:\/\/newmobility.news\/fr\/category\/industry\/\" rel=\"category tag\">Industry<\/a>, <a href=\"https:\/\/newmobility.news\/fr\/category\/legislation\/\" rel=\"category tag\">Legislation<\/a>, <a href=\"https:\/\/newmobility.news\/fr\/category\/market\/\" rel=\"category tag\">Market<\/a>, <a href=\"https:\/\/newmobility.news\/fr\/category\/opinion\/\" rel=\"category tag\">Opinion<\/a>, <a href=\"https:\/\/newmobility.news\/fr\/category\/top-stories-today\/\" rel=\"category tag\">Top Stories Today<\/a>, <a href=\"https:\/\/newmobility.news\/fr\/category\/weekly-newsletter\/\" rel=\"category tag\">Weekly Newsletter<\/a>","author_info_v2":{"name":"Joris Van Roy","url":"https:\/\/newmobility.news\/fr\/author\/jorisximcom-be\/"},"comments_num_v2":"0 comments","yoast_head":"<!-- This site is optimized with the Yoast SEO plugin v27.5 - https:\/\/yoast.com\/product\/yoast-seo-wordpress\/ -->\n<title>Made in Europe label: VW and Stellantis push to redesign EV rules - newmobility.news<\/title>\n<meta name=\"robots\" content=\"index, follow, max-snippet:-1, max-image-preview:large, max-video-preview:-1\" \/>\n<link rel=\"canonical\" href=\"https:\/\/newmobility.news\/fr\/2026\/02\/06\/made-in-europe-label-vw-and-stellantis-push-to-redesign-ev-rules\/\" \/>\n<meta property=\"og:locale\" content=\"fr_FR\" \/>\n<meta property=\"og:type\" content=\"article\" \/>\n<meta property=\"og:title\" content=\"Made in Europe label: VW and Stellantis push to redesign EV rules - newmobility.news\" \/>\n<meta property=\"og:description\" content=\"Europe\u2019s two largest carmakers, Volkswagen and Stellantis, are no longer asking Brussels for protection against growing Chinese competition. They are pushing for a structural rewrite of how Europe\u2019s environmental rules interact with industrial competitiveness. In a joint opinion piece publishThis content has been archived. Log in or Subscribe to a level that has access to [&hellip;]\" \/>\n<meta property=\"og:url\" content=\"https:\/\/newmobility.news\/fr\/2026\/02\/06\/made-in-europe-label-vw-and-stellantis-push-to-redesign-ev-rules\/\" \/>\n<meta property=\"og:site_name\" content=\"newmobility.news\" \/>\n<meta property=\"article:publisher\" content=\"https:\/\/www.facebook.com\/search\/top\/?q=newmobility.news\" \/>\n<meta property=\"article:published_time\" content=\"2026-02-06T11:07:00+00:00\" \/>\n<meta property=\"article:modified_time\" content=\"2026-02-06T11:21:29+00:00\" \/>\n<meta property=\"og:image\" content=\"https:\/\/newmobility.news\/wp-content\/uploads\/2026\/02\/made-in-Europe-1024x683.png\" \/>\n\t<meta property=\"og:image:width\" content=\"1024\" \/>\n\t<meta property=\"og:image:height\" content=\"683\" \/>\n\t<meta property=\"og:image:type\" content=\"image\/png\" \/>\n<meta name=\"author\" content=\"Joris Van Roy\" \/>\n<meta name=\"twitter:card\" content=\"summary_large_image\" \/>\n<meta name=\"twitter:creator\" content=\"@jorisvry\" \/>\n<meta name=\"twitter:site\" content=\"@jorisvry\" \/>\n<meta name=\"twitter:label1\" content=\"\u00c9crit par\" \/>\n\t<meta name=\"twitter:data1\" content=\"Joris Van Roy\" \/>\n\t<meta name=\"twitter:label2\" content=\"Dur\u00e9e de lecture est.\" \/>\n\t<meta name=\"twitter:data2\" content=\"5 minutes\" \/>\n<script type=\"application\/ld+json\" class=\"yoast-schema-graph\">{\"@context\":\"https:\\\/\\\/schema.org\",\"@graph\":[{\"@type\":\"Article\",\"@id\":\"https:\\\/\\\/newmobility.news\\\/2026\\\/02\\\/06\\\/made-in-europe-label-vw-and-stellantis-push-to-redesign-ev-rules\\\/#article\",\"isPartOf\":{\"@id\":\"https:\\\/\\\/newmobility.news\\\/2026\\\/02\\\/06\\\/made-in-europe-label-vw-and-stellantis-push-to-redesign-ev-rules\\\/\"},\"author\":{\"name\":\"Joris Van Roy\",\"@id\":\"https:\\\/\\\/newmobility.news\\\/#\\\/schema\\\/person\\\/c1ae99aef99238aa6a3d2e4fae62ca0d\"},\"headline\":\"Made in Europe label: VW and Stellantis push to redesign EV rules\",\"datePublished\":\"2026-02-06T11:07:00+00:00\",\"dateModified\":\"2026-02-06T11:21:29+00:00\",\"mainEntityOfPage\":{\"@id\":\"https:\\\/\\\/newmobility.news\\\/2026\\\/02\\\/06\\\/made-in-europe-label-vw-and-stellantis-push-to-redesign-ev-rules\\\/\"},\"wordCount\":1026,\"publisher\":{\"@id\":\"https:\\\/\\\/newmobility.news\\\/#organization\"},\"image\":{\"@id\":\"https:\\\/\\\/newmobility.news\\\/2026\\\/02\\\/06\\\/made-in-europe-label-vw-and-stellantis-push-to-redesign-ev-rules\\\/#primaryimage\"},\"thumbnailUrl\":\"https:\\\/\\\/i0.wp.com\\\/newmobility.news\\\/wp-content\\\/uploads\\\/2026\\\/02\\\/made-in-Europe.png?fit=1536%2C1024&ssl=1\",\"articleSection\":[\"Europe\",\"Industry\",\"Legislation\",\"Market\",\"Opinion\",\"Top Stories Today\",\"Weekly Newsletter\"],\"inLanguage\":\"fr-BE\"},{\"@type\":\"WebPage\",\"@id\":\"https:\\\/\\\/newmobility.news\\\/2026\\\/02\\\/06\\\/made-in-europe-label-vw-and-stellantis-push-to-redesign-ev-rules\\\/\",\"url\":\"https:\\\/\\\/newmobility.news\\\/2026\\\/02\\\/06\\\/made-in-europe-label-vw-and-stellantis-push-to-redesign-ev-rules\\\/\",\"name\":\"Made in Europe label: VW and Stellantis push to redesign EV rules - newmobility.news\",\"isPartOf\":{\"@id\":\"https:\\\/\\\/newmobility.news\\\/#website\"},\"primaryImageOfPage\":{\"@id\":\"https:\\\/\\\/newmobility.news\\\/2026\\\/02\\\/06\\\/made-in-europe-label-vw-and-stellantis-push-to-redesign-ev-rules\\\/#primaryimage\"},\"image\":{\"@id\":\"https:\\\/\\\/newmobility.news\\\/2026\\\/02\\\/06\\\/made-in-europe-label-vw-and-stellantis-push-to-redesign-ev-rules\\\/#primaryimage\"},\"thumbnailUrl\":\"https:\\\/\\\/i0.wp.com\\\/newmobility.news\\\/wp-content\\\/uploads\\\/2026\\\/02\\\/made-in-Europe.png?fit=1536%2C1024&ssl=1\",\"datePublished\":\"2026-02-06T11:07:00+00:00\",\"dateModified\":\"2026-02-06T11:21:29+00:00\",\"breadcrumb\":{\"@id\":\"https:\\\/\\\/newmobility.news\\\/2026\\\/02\\\/06\\\/made-in-europe-label-vw-and-stellantis-push-to-redesign-ev-rules\\\/#breadcrumb\"},\"inLanguage\":\"fr-BE\",\"potentialAction\":[{\"@type\":\"ReadAction\",\"target\":[\"https:\\\/\\\/newmobility.news\\\/2026\\\/02\\\/06\\\/made-in-europe-label-vw-and-stellantis-push-to-redesign-ev-rules\\\/\"]}]},{\"@type\":\"ImageObject\",\"inLanguage\":\"fr-BE\",\"@id\":\"https:\\\/\\\/newmobility.news\\\/2026\\\/02\\\/06\\\/made-in-europe-label-vw-and-stellantis-push-to-redesign-ev-rules\\\/#primaryimage\",\"url\":\"https:\\\/\\\/i0.wp.com\\\/newmobility.news\\\/wp-content\\\/uploads\\\/2026\\\/02\\\/made-in-Europe.png?fit=1536%2C1024&ssl=1\",\"contentUrl\":\"https:\\\/\\\/i0.wp.com\\\/newmobility.news\\\/wp-content\\\/uploads\\\/2026\\\/02\\\/made-in-Europe.png?fit=1536%2C1024&ssl=1\",\"width\":1536,\"height\":1024,\"caption\":\"Climate label or industrial shield? VW and Stellantis\u2019 \u2018Made in Europe\u2019 push.\u201d A badge with global consequences for the EV market \\\/NMN\"},{\"@type\":\"BreadcrumbList\",\"@id\":\"https:\\\/\\\/newmobility.news\\\/2026\\\/02\\\/06\\\/made-in-europe-label-vw-and-stellantis-push-to-redesign-ev-rules\\\/#breadcrumb\",\"itemListElement\":[{\"@type\":\"ListItem\",\"position\":1,\"name\":\"Home\",\"item\":\"https:\\\/\\\/newmobility.news\\\/\"},{\"@type\":\"ListItem\",\"position\":2,\"name\":\"Made in Europe label: VW and Stellantis push to redesign EV rules\"}]},{\"@type\":\"WebSite\",\"@id\":\"https:\\\/\\\/newmobility.news\\\/#website\",\"url\":\"https:\\\/\\\/newmobility.news\\\/\",\"name\":\"newmobility.news\",\"description\":\"A B2BNews Agency\u00ae news service for mobility business proessional\",\"publisher\":{\"@id\":\"https:\\\/\\\/newmobility.news\\\/#organization\"},\"potentialAction\":[{\"@type\":\"SearchAction\",\"target\":{\"@type\":\"EntryPoint\",\"urlTemplate\":\"https:\\\/\\\/newmobility.news\\\/?s={search_term_string}\"},\"query-input\":{\"@type\":\"PropertyValueSpecification\",\"valueRequired\":true,\"valueName\":\"search_term_string\"}}],\"inLanguage\":\"fr-BE\"},{\"@type\":\"Organization\",\"@id\":\"https:\\\/\\\/newmobility.news\\\/#organization\",\"name\":\"B2BNews Agency\",\"url\":\"https:\\\/\\\/newmobility.news\\\/\",\"logo\":{\"@type\":\"ImageObject\",\"inLanguage\":\"fr-BE\",\"@id\":\"https:\\\/\\\/newmobility.news\\\/#\\\/schema\\\/logo\\\/image\\\/\",\"url\":\"https:\\\/\\\/newmobility.news\\\/wp-content\\\/uploads\\\/2018\\\/01\\\/b2bnews-agency-logo.png\",\"contentUrl\":\"https:\\\/\\\/newmobility.news\\\/wp-content\\\/uploads\\\/2018\\\/01\\\/b2bnews-agency-logo.png\",\"width\":\"581\",\"height\":\"117\",\"caption\":\"B2BNews Agency\"},\"image\":{\"@id\":\"https:\\\/\\\/newmobility.news\\\/#\\\/schema\\\/logo\\\/image\\\/\"},\"sameAs\":[\"https:\\\/\\\/www.facebook.com\\\/search\\\/top\\\/?q=newmobility.news\",\"https:\\\/\\\/x.com\\\/jorisvry\",\"https:\\\/\\\/www.linkedin.com\\\/in\\\/jorisvanroy\\\/\",\"https:\\\/\\\/nl.pinterest.com\\\/jorisvanroy\\\/\"]},{\"@type\":\"Person\",\"@id\":\"https:\\\/\\\/newmobility.news\\\/#\\\/schema\\\/person\\\/c1ae99aef99238aa6a3d2e4fae62ca0d\",\"name\":\"Joris Van Roy\",\"image\":{\"@type\":\"ImageObject\",\"inLanguage\":\"fr-BE\",\"@id\":\"https:\\\/\\\/secure.gravatar.com\\\/avatar\\\/b82919546c1cd9980bd2bc08f09d294c7cb92b3addd23cb9a4377a7b88b4349b?s=96&d=mm&r=g\",\"url\":\"https:\\\/\\\/secure.gravatar.com\\\/avatar\\\/b82919546c1cd9980bd2bc08f09d294c7cb92b3addd23cb9a4377a7b88b4349b?s=96&d=mm&r=g\",\"contentUrl\":\"https:\\\/\\\/secure.gravatar.com\\\/avatar\\\/b82919546c1cd9980bd2bc08f09d294c7cb92b3addd23cb9a4377a7b88b4349b?s=96&d=mm&r=g\",\"caption\":\"Joris Van Roy\"},\"url\":\"https:\\\/\\\/newmobility.news\\\/fr\\\/author\\\/jorisximcom-be\\\/\"}]}<\/script>\n<!-- \/ Yoast SEO plugin. -->","yoast_head_json":{"title":"Label Made in Europe : VW et Stellantis veulent red\u00e9finir les r\u00e8gles applicables aux VE - newmobility.news","robots":{"index":"index","follow":"follow","max-snippet":"max-snippet:-1","max-image-preview":"max-image-preview:large","max-video-preview":"max-video-preview:-1"},"canonical":"https:\/\/newmobility.news\/fr\/2026\/02\/06\/made-in-europe-label-vw-and-stellantis-push-to-redesign-ev-rules\/","og_locale":"fr_FR","og_type":"article","og_title":"Made in Europe label: VW and Stellantis push to redesign EV rules - newmobility.news","og_description":"Europe\u2019s two largest carmakers, Volkswagen and Stellantis, are no longer asking Brussels for protection against growing Chinese competition. They are pushing for a structural rewrite of how Europe\u2019s environmental rules interact with industrial competitiveness. In a joint opinion piece publishThis content has been archived. Log in or Subscribe to a level that has access to [&hellip;]","og_url":"https:\/\/newmobility.news\/fr\/2026\/02\/06\/made-in-europe-label-vw-and-stellantis-push-to-redesign-ev-rules\/","og_site_name":"newmobility.news","article_publisher":"https:\/\/www.facebook.com\/search\/top\/?q=newmobility.news","article_published_time":"2026-02-06T11:07:00+00:00","article_modified_time":"2026-02-06T11:21:29+00:00","og_image":[{"width":1024,"height":683,"url":"https:\/\/newmobility.news\/wp-content\/uploads\/2026\/02\/made-in-Europe-1024x683.png","type":"image\/png"}],"author":"Joris Van Roy","twitter_card":"summary_large_image","twitter_creator":"@jorisvry","twitter_site":"@jorisvry","twitter_misc":{"\u00c9crit par":"Joris Van Roy","Dur\u00e9e de lecture est.":"5 minutes"},"schema":{"@context":"https:\/\/schema.org","@graph":[{"@type":"Article","@id":"https:\/\/newmobility.news\/2026\/02\/06\/made-in-europe-label-vw-and-stellantis-push-to-redesign-ev-rules\/#article","isPartOf":{"@id":"https:\/\/newmobility.news\/2026\/02\/06\/made-in-europe-label-vw-and-stellantis-push-to-redesign-ev-rules\/"},"author":{"name":"Joris Van Roy","@id":"https:\/\/newmobility.news\/#\/schema\/person\/c1ae99aef99238aa6a3d2e4fae62ca0d"},"headline":"Made in Europe label: VW and Stellantis push to redesign EV rules","datePublished":"2026-02-06T11:07:00+00:00","dateModified":"2026-02-06T11:21:29+00:00","mainEntityOfPage":{"@id":"https:\/\/newmobility.news\/2026\/02\/06\/made-in-europe-label-vw-and-stellantis-push-to-redesign-ev-rules\/"},"wordCount":1026,"publisher":{"@id":"https:\/\/newmobility.news\/#organization"},"image":{"@id":"https:\/\/newmobility.news\/2026\/02\/06\/made-in-europe-label-vw-and-stellantis-push-to-redesign-ev-rules\/#primaryimage"},"thumbnailUrl":"https:\/\/i0.wp.com\/newmobility.news\/wp-content\/uploads\/2026\/02\/made-in-Europe.png?fit=1536%2C1024&ssl=1","articleSection":["Europe","Industry","Legislation","Market","Opinion","Top Stories Today","Weekly Newsletter"],"inLanguage":"fr-BE"},{"@type":"WebPage","@id":"https:\/\/newmobility.news\/2026\/02\/06\/made-in-europe-label-vw-and-stellantis-push-to-redesign-ev-rules\/","url":"https:\/\/newmobility.news\/2026\/02\/06\/made-in-europe-label-vw-and-stellantis-push-to-redesign-ev-rules\/","name":"Label Made in Europe : VW et Stellantis veulent red\u00e9finir les r\u00e8gles applicables aux VE - newmobility.news","isPartOf":{"@id":"https:\/\/newmobility.news\/#website"},"primaryImageOfPage":{"@id":"https:\/\/newmobility.news\/2026\/02\/06\/made-in-europe-label-vw-and-stellantis-push-to-redesign-ev-rules\/#primaryimage"},"image":{"@id":"https:\/\/newmobility.news\/2026\/02\/06\/made-in-europe-label-vw-and-stellantis-push-to-redesign-ev-rules\/#primaryimage"},"thumbnailUrl":"https:\/\/i0.wp.com\/newmobility.news\/wp-content\/uploads\/2026\/02\/made-in-Europe.png?fit=1536%2C1024&ssl=1","datePublished":"2026-02-06T11:07:00+00:00","dateModified":"2026-02-06T11:21:29+00:00","breadcrumb":{"@id":"https:\/\/newmobility.news\/2026\/02\/06\/made-in-europe-label-vw-and-stellantis-push-to-redesign-ev-rules\/#breadcrumb"},"inLanguage":"fr-BE","potentialAction":[{"@type":"ReadAction","target":["https:\/\/newmobility.news\/2026\/02\/06\/made-in-europe-label-vw-and-stellantis-push-to-redesign-ev-rules\/"]}]},{"@type":"ImageObject","inLanguage":"fr-BE","@id":"https:\/\/newmobility.news\/2026\/02\/06\/made-in-europe-label-vw-and-stellantis-push-to-redesign-ev-rules\/#primaryimage","url":"https:\/\/i0.wp.com\/newmobility.news\/wp-content\/uploads\/2026\/02\/made-in-Europe.png?fit=1536%2C1024&ssl=1","contentUrl":"https:\/\/i0.wp.com\/newmobility.news\/wp-content\/uploads\/2026\/02\/made-in-Europe.png?fit=1536%2C1024&ssl=1","width":1536,"height":1024,"caption":"Climate label or industrial shield? VW and Stellantis\u2019 \u2018Made in Europe\u2019 push.\u201d A badge with global consequences for the EV market \/NMN"},{"@type":"BreadcrumbList","@id":"https:\/\/newmobility.news\/2026\/02\/06\/made-in-europe-label-vw-and-stellantis-push-to-redesign-ev-rules\/#breadcrumb","itemListElement":[{"@type":"ListItem","position":1,"name":"Home","item":"https:\/\/newmobility.news\/"},{"@type":"ListItem","position":2,"name":"Made in Europe label: VW and Stellantis push to redesign EV rules"}]},{"@type":"WebSite","@id":"https:\/\/newmobility.news\/#website","url":"https:\/\/newmobility.news\/","name":"nouveaumobilit\u00e9.actualit\u00e9s","description":"Un service d'information B2BNews Agency\u00ae destin\u00e9 aux professionnels de la mobilit\u00e9","publisher":{"@id":"https:\/\/newmobility.news\/#organization"},"potentialAction":[{"@type":"SearchAction","target":{"@type":"EntryPoint","urlTemplate":"https:\/\/newmobility.news\/?s={search_term_string}"},"query-input":{"@type":"PropertyValueSpecification","valueRequired":true,"valueName":"search_term_string"}}],"inLanguage":"fr-BE"},{"@type":"Organization","@id":"https:\/\/newmobility.news\/#organization","name":"Agence de presse B2BNews","url":"https:\/\/newmobility.news\/","logo":{"@type":"ImageObject","inLanguage":"fr-BE","@id":"https:\/\/newmobility.news\/#\/schema\/logo\/image\/","url":"https:\/\/newmobility.news\/wp-content\/uploads\/2018\/01\/b2bnews-agency-logo.png","contentUrl":"https:\/\/newmobility.news\/wp-content\/uploads\/2018\/01\/b2bnews-agency-logo.png","width":"581","height":"117","caption":"B2BNews Agency"},"image":{"@id":"https:\/\/newmobility.news\/#\/schema\/logo\/image\/"},"sameAs":["https:\/\/www.facebook.com\/search\/top\/?q=newmobility.news","https:\/\/x.com\/jorisvry","https:\/\/www.linkedin.com\/in\/jorisvanroy\/","https:\/\/nl.pinterest.com\/jorisvanroy\/"]},{"@type":"Person","@id":"https:\/\/newmobility.news\/#\/schema\/person\/c1ae99aef99238aa6a3d2e4fae62ca0d","name":"Joris Van Roy","image":{"@type":"ImageObject","inLanguage":"fr-BE","@id":"https:\/\/secure.gravatar.com\/avatar\/b82919546c1cd9980bd2bc08f09d294c7cb92b3addd23cb9a4377a7b88b4349b?s=96&d=mm&r=g","url":"https:\/\/secure.gravatar.com\/avatar\/b82919546c1cd9980bd2bc08f09d294c7cb92b3addd23cb9a4377a7b88b4349b?s=96&d=mm&r=g","contentUrl":"https:\/\/secure.gravatar.com\/avatar\/b82919546c1cd9980bd2bc08f09d294c7cb92b3addd23cb9a4377a7b88b4349b?s=96&d=mm&r=g","caption":"Joris Van Roy"},"url":"https:\/\/newmobility.news\/fr\/author\/jorisximcom-be\/"}]}},"jetpack_publicize_connections":[],"jetpack_featured_media_url":"https:\/\/i0.wp.com\/newmobility.news\/wp-content\/uploads\/2026\/02\/made-in-Europe.png?fit=1536%2C1024&ssl=1","jetpack_shortlink":"https:\/\/wp.me\/p9wJdU-LaE","jetpack_sharing_enabled":true,"jetpack_likes_enabled":true,"jetpack-related-posts":[],"_links":{"self":[{"href":"https:\/\/newmobility.news\/fr\/wp-json\/wp\/v2\/posts\/181328","targetHints":{"allow":["GET"]}}],"collection":[{"href":"https:\/\/newmobility.news\/fr\/wp-json\/wp\/v2\/posts"}],"about":[{"href":"https:\/\/newmobility.news\/fr\/wp-json\/wp\/v2\/types\/post"}],"author":[{"embeddable":true,"href":"https:\/\/newmobility.news\/fr\/wp-json\/wp\/v2\/users\/21"}],"replies":[{"embeddable":true,"href":"https:\/\/newmobility.news\/fr\/wp-json\/wp\/v2\/comments?post=181328"}],"version-history":[{"count":8,"href":"https:\/\/newmobility.news\/fr\/wp-json\/wp\/v2\/posts\/181328\/revisions"}],"predecessor-version":[{"id":181363,"href":"https:\/\/newmobility.news\/fr\/wp-json\/wp\/v2\/posts\/181328\/revisions\/181363"}],"wp:featuredmedia":[{"embeddable":true,"href":"https:\/\/newmobility.news\/fr\/wp-json\/wp\/v2\/media\/181344"}],"wp:attachment":[{"href":"https:\/\/newmobility.news\/fr\/wp-json\/wp\/v2\/media?parent=181328"}],"wp:term":[{"taxonomy":"category","embeddable":true,"href":"https:\/\/newmobility.news\/fr\/wp-json\/wp\/v2\/categories?post=181328"},{"taxonomy":"post_tag","embeddable":true,"href":"https:\/\/newmobility.news\/fr\/wp-json\/wp\/v2\/tags?post=181328"}],"curies":[{"name":"wp","href":"https:\/\/api.w.org\/{rel}","templated":true}]}}