{"id":181490,"date":"2026-02-11T10:35:40","date_gmt":"2026-02-11T09:35:40","guid":{"rendered":"https:\/\/newmobility.news\/?p=181490"},"modified":"2026-02-11T11:32:47","modified_gmt":"2026-02-11T10:32:47","slug":"lufthansa-flights-disrupted-by-pilots-and-cabin-crew-strike","status":"publish","type":"post","link":"https:\/\/newmobility.news\/fr\/2026\/02\/11\/lufthansa-flights-disrupted-by-pilots-and-cabin-crew-strike\/","title":{"rendered":"Lufthansa clou\u00e9e au sol : les pilotes et le personnel de cabine font gr\u00e8ve dans toute l'Allemagne"},"content":{"rendered":"Les pilotes et le personnel de cabine de Lufthansa d\u00e9brayeront demain en raison d'un conflit salarial et des conditions de travail. La gr\u00e8ve affectera tous les vols de Lufthansa et ceux op\u00e9r\u00e9s par sa division cargo, Lufthansa Cargo, au d\u00e9part de l'Allemagne.\r\n\r\nL'ampleur exacte des annulations n'est pas encore connue, mais le passenge<div class=\"leaky_paywall_message_wrap\"><div id=\"leaky_paywall_message\">Ce contenu a \u00e9t\u00e9 archiv\u00e9. <a href=\"https:\/\/newmobility.news\/fr\/subscription\/\">Connectez-vous ou inscrivez-vous<\/a> \u00e0 un niveau qui donne acc\u00e8s au contenu archiv\u00e9.<\/div><\/div>","protected":false},"excerpt":{"rendered":"<p>Lufthansa pilots and cabin crew will walk out tomorrow due to a wage dispute and working conditions. The strike will affect all Lufthansa flights and those operated by its cargo division, Lufthansa Cargo, departing from Germany. The exact extent of the cancellations is still unclear, but passengeThis content has been archived. Log in or Subscribe [&hellip;]<\/p>\n","protected":false},"author":164,"featured_media":181497,"comment_status":"closed","ping_status":"closed","sticky":false,"template":"","format":"standard","meta":{"_acf_changed":false,"jetpack_post_was_ever_published":false,"_jetpack_newsletter_access":"","_jetpack_dont_email_post_to_subs":false,"_jetpack_newsletter_tier_id":0,"_jetpack_memberships_contains_paywalled_content":false,"_jetpack_memberships_contains_paid_content":false,"footnotes":"","jetpack_publicize_message":"","jetpack_publicize_feature_enabled":true,"jetpack_social_post_already_shared":true,"jetpack_social_options":{"image_generator_settings":{"template":"highway","default_image_id":0,"font":"","enabled":false},"version":2},"_wpas_customize_per_network":false},"categories":[77152,28,7,4],"tags":[],"class_list":["post-181490","post","type-post","status-publish","format-standard","has-post-thumbnail","hentry","category-aviation","category-europe","category-mobility","category-top-stories-today"],"acf":[],"featured_image_urls_v2":{"full":["https:\/\/i0.wp.com\/newmobility.news\/wp-content\/uploads\/2026\/02\/0d0a7331edit1.png?fit=1800%2C1200&ssl=1",1800,1200,false],"thumbnail":["https:\/\/i0.wp.com\/newmobility.news\/wp-content\/uploads\/2026\/02\/0d0a7331edit1.png?resize=150%2C150&ssl=1",150,150,true],"medium":["https:\/\/i0.wp.com\/newmobility.news\/wp-content\/uploads\/2026\/02\/0d0a7331edit1.png?fit=300%2C200&ssl=1",300,200,true],"medium_large":["https:\/\/i0.wp.com\/newmobility.news\/wp-content\/uploads\/2026\/02\/0d0a7331edit1.png?fit=640%2C427&ssl=1",640,427,true],"large":["https:\/\/i0.wp.com\/newmobility.news\/wp-content\/uploads\/2026\/02\/0d0a7331edit1.png?fit=640%2C427&ssl=1",640,427,true],"1536x1536":["https:\/\/i0.wp.com\/newmobility.news\/wp-content\/uploads\/2026\/02\/0d0a7331edit1.png?fit=1536%2C1024&ssl=1",1536,1024,true],"2048x2048":["https:\/\/i0.wp.com\/newmobility.news\/wp-content\/uploads\/2026\/02\/0d0a7331edit1.png?fit=1800%2C1200&ssl=1",1800,1200,true],"trp-custom-language-flag":["https:\/\/i0.wp.com\/newmobility.news\/wp-content\/uploads\/2026\/02\/0d0a7331edit1.png?fit=18%2C12&ssl=1",18,12,true],"related-thumb":["https:\/\/i0.wp.com\/newmobility.news\/wp-content\/uploads\/2026\/02\/0d0a7331edit1.png?resize=640%2C480&ssl=1",640,480,true],"gform-image-choice-sm":["https:\/\/i0.wp.com\/newmobility.news\/wp-content\/uploads\/2026\/02\/0d0a7331edit1.png?resize=300%2C300&ssl=1",300,300,true],"gform-image-choice-md":["https:\/\/i0.wp.com\/newmobility.news\/wp-content\/uploads\/2026\/02\/0d0a7331edit1.png?resize=400%2C400&ssl=1",400,400,true],"gform-image-choice-lg":["https:\/\/i0.wp.com\/newmobility.news\/wp-content\/uploads\/2026\/02\/0d0a7331edit1.png?resize=600%2C600&ssl=1",600,600,true],"mailchimp":["https:\/\/i0.wp.com\/newmobility.news\/wp-content\/uploads\/2026\/02\/0d0a7331edit1.png?fit=560%2C373&ssl=1",560,373,true],"unipress-phone":["https:\/\/i0.wp.com\/newmobility.news\/wp-content\/uploads\/2026\/02\/0d0a7331edit1.png?resize=640%2C100&ssl=1",640,100,true],"unipress-tablet":["https:\/\/i0.wp.com\/newmobility.news\/wp-content\/uploads\/2026\/02\/0d0a7331edit1.png?resize=1536%2C240&ssl=1",1536,240,true],"unipress-tablet-portrait":["https:\/\/i0.wp.com\/newmobility.news\/wp-content\/uploads\/2026\/02\/0d0a7331edit1.png?resize=1536%2C180&ssl=1",1536,180,true],"unipress-tablet-landscape":["https:\/\/i0.wp.com\/newmobility.news\/wp-content\/uploads\/2026\/02\/0d0a7331edit1.png?resize=1800%2C180&ssl=1",1800,180,true],"unipress-smartphone":["https:\/\/i0.wp.com\/newmobility.news\/wp-content\/uploads\/2026\/02\/0d0a7331edit1.png?resize=1080%2C168&ssl=1",1080,168,true],"unipress-wide-screen":["https:\/\/i0.wp.com\/newmobility.news\/wp-content\/uploads\/2026\/02\/0d0a7331edit1.png?resize=1800%2C180&ssl=1",1800,180,true]},"post_excerpt_stackable_v2":"<p>Lufthansa pilots and cabin crew will walk out tomorrow due to a wage dispute and working conditions. The strike will affect all Lufthansa flights and those operated by its cargo division, Lufthansa Cargo, departing from Germany. The exact extent of the cancellations is still unclear, but passengeThis content has been archived. Log in or Subscribe to a level that has access to archived content.<\/p>\n","category_list_v2":"<a href=\"https:\/\/newmobility.news\/fr\/category\/aviation\/\" rel=\"category tag\">Aviation<\/a>, <a href=\"https:\/\/newmobility.news\/fr\/category\/europe\/\" rel=\"category tag\">Europe<\/a>, <a href=\"https:\/\/newmobility.news\/fr\/category\/mobility\/\" rel=\"category tag\">Mobility<\/a>, <a href=\"https:\/\/newmobility.news\/fr\/category\/top-stories-today\/\" rel=\"category tag\">Top Stories Today<\/a>","author_info_v2":{"name":"Luc Joris","url":"https:\/\/newmobility.news\/fr\/author\/belga-5\/"},"comments_num_v2":"0 comments","yoast_head":"<!-- This site is optimized with the Yoast SEO plugin v27.5 - https:\/\/yoast.com\/product\/yoast-seo-wordpress\/ -->\n<title>Lufthansa grounded: pilots and cabin crew strike across Germany - newmobility.news<\/title>\n<meta name=\"robots\" content=\"index, follow, max-snippet:-1, max-image-preview:large, max-video-preview:-1\" \/>\n<link rel=\"canonical\" href=\"https:\/\/newmobility.news\/fr\/2026\/02\/11\/lufthansa-flights-disrupted-by-pilots-and-cabin-crew-strike\/\" \/>\n<meta property=\"og:locale\" content=\"fr_FR\" \/>\n<meta property=\"og:type\" content=\"article\" \/>\n<meta property=\"og:title\" content=\"Lufthansa grounded: pilots and cabin crew strike across Germany - newmobility.news\" \/>\n<meta property=\"og:description\" content=\"Lufthansa pilots and cabin crew will walk out tomorrow due to a wage dispute and working conditions. The strike will affect all Lufthansa flights and those operated by its cargo division, Lufthansa Cargo, departing from Germany. The exact extent of the cancellations is still unclear, but passengeThis content has been archived. Log in or Subscribe [&hellip;]\" \/>\n<meta property=\"og:url\" content=\"https:\/\/newmobility.news\/fr\/2026\/02\/11\/lufthansa-flights-disrupted-by-pilots-and-cabin-crew-strike\/\" \/>\n<meta property=\"og:site_name\" content=\"newmobility.news\" \/>\n<meta property=\"article:publisher\" content=\"https:\/\/www.facebook.com\/search\/top\/?q=newmobility.news\" \/>\n<meta property=\"article:published_time\" content=\"2026-02-11T09:35:40+00:00\" \/>\n<meta property=\"article:modified_time\" content=\"2026-02-11T10:32:47+00:00\" \/>\n<meta property=\"og:image\" content=\"https:\/\/newmobility.news\/wp-content\/uploads\/2026\/02\/0d0a7331edit1-1024x683.png\" \/>\n\t<meta property=\"og:image:width\" content=\"1024\" \/>\n\t<meta property=\"og:image:height\" content=\"683\" \/>\n\t<meta property=\"og:image:type\" content=\"image\/png\" \/>\n<meta name=\"author\" content=\"Luc Joris\" \/>\n<meta name=\"twitter:card\" content=\"summary_large_image\" \/>\n<meta name=\"twitter:creator\" content=\"@jorisvry\" \/>\n<meta name=\"twitter:site\" content=\"@jorisvry\" \/>\n<meta name=\"twitter:label1\" content=\"\u00c9crit par\" \/>\n\t<meta name=\"twitter:data1\" content=\"Luc Joris\" \/>\n\t<meta name=\"twitter:label2\" content=\"Dur\u00e9e de lecture est.\" \/>\n\t<meta name=\"twitter:data2\" content=\"2 minutes\" \/>\n<script type=\"application\/ld+json\" class=\"yoast-schema-graph\">{\"@context\":\"https:\\\/\\\/schema.org\",\"@graph\":[{\"@type\":\"Article\",\"@id\":\"https:\\\/\\\/newmobility.news\\\/2026\\\/02\\\/11\\\/lufthansa-flights-disrupted-by-pilots-and-cabin-crew-strike\\\/#article\",\"isPartOf\":{\"@id\":\"https:\\\/\\\/newmobility.news\\\/2026\\\/02\\\/11\\\/lufthansa-flights-disrupted-by-pilots-and-cabin-crew-strike\\\/\"},\"author\":{\"name\":\"Luc Joris\",\"@id\":\"https:\\\/\\\/newmobility.news\\\/#\\\/schema\\\/person\\\/a31e684b1039b4a94985a9aae156f28b\"},\"headline\":\"Lufthansa grounded: pilots and cabin crew strike across Germany\",\"datePublished\":\"2026-02-11T09:35:40+00:00\",\"dateModified\":\"2026-02-11T10:32:47+00:00\",\"mainEntityOfPage\":{\"@id\":\"https:\\\/\\\/newmobility.news\\\/2026\\\/02\\\/11\\\/lufthansa-flights-disrupted-by-pilots-and-cabin-crew-strike\\\/\"},\"wordCount\":394,\"publisher\":{\"@id\":\"https:\\\/\\\/newmobility.news\\\/#organization\"},\"image\":{\"@id\":\"https:\\\/\\\/newmobility.news\\\/2026\\\/02\\\/11\\\/lufthansa-flights-disrupted-by-pilots-and-cabin-crew-strike\\\/#primaryimage\"},\"thumbnailUrl\":\"https:\\\/\\\/i0.wp.com\\\/newmobility.news\\\/wp-content\\\/uploads\\\/2026\\\/02\\\/0d0a7331edit1.png?fit=1800%2C1200&ssl=1\",\"articleSection\":[\"Aviation\",\"Europe\",\"Mobility\",\"Top Stories Today\"],\"inLanguage\":\"fr-BE\"},{\"@type\":\"WebPage\",\"@id\":\"https:\\\/\\\/newmobility.news\\\/2026\\\/02\\\/11\\\/lufthansa-flights-disrupted-by-pilots-and-cabin-crew-strike\\\/\",\"url\":\"https:\\\/\\\/newmobility.news\\\/2026\\\/02\\\/11\\\/lufthansa-flights-disrupted-by-pilots-and-cabin-crew-strike\\\/\",\"name\":\"Lufthansa grounded: pilots and cabin crew strike across Germany - newmobility.news\",\"isPartOf\":{\"@id\":\"https:\\\/\\\/newmobility.news\\\/#website\"},\"primaryImageOfPage\":{\"@id\":\"https:\\\/\\\/newmobility.news\\\/2026\\\/02\\\/11\\\/lufthansa-flights-disrupted-by-pilots-and-cabin-crew-strike\\\/#primaryimage\"},\"image\":{\"@id\":\"https:\\\/\\\/newmobility.news\\\/2026\\\/02\\\/11\\\/lufthansa-flights-disrupted-by-pilots-and-cabin-crew-strike\\\/#primaryimage\"},\"thumbnailUrl\":\"https:\\\/\\\/i0.wp.com\\\/newmobility.news\\\/wp-content\\\/uploads\\\/2026\\\/02\\\/0d0a7331edit1.png?fit=1800%2C1200&ssl=1\",\"datePublished\":\"2026-02-11T09:35:40+00:00\",\"dateModified\":\"2026-02-11T10:32:47+00:00\",\"breadcrumb\":{\"@id\":\"https:\\\/\\\/newmobility.news\\\/2026\\\/02\\\/11\\\/lufthansa-flights-disrupted-by-pilots-and-cabin-crew-strike\\\/#breadcrumb\"},\"inLanguage\":\"fr-BE\",\"potentialAction\":[{\"@type\":\"ReadAction\",\"target\":[\"https:\\\/\\\/newmobility.news\\\/2026\\\/02\\\/11\\\/lufthansa-flights-disrupted-by-pilots-and-cabin-crew-strike\\\/\"]}]},{\"@type\":\"ImageObject\",\"inLanguage\":\"fr-BE\",\"@id\":\"https:\\\/\\\/newmobility.news\\\/2026\\\/02\\\/11\\\/lufthansa-flights-disrupted-by-pilots-and-cabin-crew-strike\\\/#primaryimage\",\"url\":\"https:\\\/\\\/i0.wp.com\\\/newmobility.news\\\/wp-content\\\/uploads\\\/2026\\\/02\\\/0d0a7331edit1.png?fit=1800%2C1200&ssl=1\",\"contentUrl\":\"https:\\\/\\\/i0.wp.com\\\/newmobility.news\\\/wp-content\\\/uploads\\\/2026\\\/02\\\/0d0a7331edit1.png?fit=1800%2C1200&ssl=1\",\"width\":1800,\"height\":1200,\"caption\":\"The pilots' and cabin crew unions of Lufthansa have called for a day of strike action across the country on Thursday, as part of separate social disputes \\\/Lufthansa\"},{\"@type\":\"BreadcrumbList\",\"@id\":\"https:\\\/\\\/newmobility.news\\\/2026\\\/02\\\/11\\\/lufthansa-flights-disrupted-by-pilots-and-cabin-crew-strike\\\/#breadcrumb\",\"itemListElement\":[{\"@type\":\"ListItem\",\"position\":1,\"name\":\"Home\",\"item\":\"https:\\\/\\\/newmobility.news\\\/\"},{\"@type\":\"ListItem\",\"position\":2,\"name\":\"Lufthansa grounded: pilots and cabin crew strike across Germany\"}]},{\"@type\":\"WebSite\",\"@id\":\"https:\\\/\\\/newmobility.news\\\/#website\",\"url\":\"https:\\\/\\\/newmobility.news\\\/\",\"name\":\"newmobility.news\",\"description\":\"A B2BNews Agency\u00ae news service for mobility business proessional\",\"publisher\":{\"@id\":\"https:\\\/\\\/newmobility.news\\\/#organization\"},\"potentialAction\":[{\"@type\":\"SearchAction\",\"target\":{\"@type\":\"EntryPoint\",\"urlTemplate\":\"https:\\\/\\\/newmobility.news\\\/?s={search_term_string}\"},\"query-input\":{\"@type\":\"PropertyValueSpecification\",\"valueRequired\":true,\"valueName\":\"search_term_string\"}}],\"inLanguage\":\"fr-BE\"},{\"@type\":\"Organization\",\"@id\":\"https:\\\/\\\/newmobility.news\\\/#organization\",\"name\":\"B2BNews Agency\",\"url\":\"https:\\\/\\\/newmobility.news\\\/\",\"logo\":{\"@type\":\"ImageObject\",\"inLanguage\":\"fr-BE\",\"@id\":\"https:\\\/\\\/newmobility.news\\\/#\\\/schema\\\/logo\\\/image\\\/\",\"url\":\"https:\\\/\\\/newmobility.news\\\/wp-content\\\/uploads\\\/2018\\\/01\\\/b2bnews-agency-logo.png\",\"contentUrl\":\"https:\\\/\\\/newmobility.news\\\/wp-content\\\/uploads\\\/2018\\\/01\\\/b2bnews-agency-logo.png\",\"width\":\"581\",\"height\":\"117\",\"caption\":\"B2BNews Agency\"},\"image\":{\"@id\":\"https:\\\/\\\/newmobility.news\\\/#\\\/schema\\\/logo\\\/image\\\/\"},\"sameAs\":[\"https:\\\/\\\/www.facebook.com\\\/search\\\/top\\\/?q=newmobility.news\",\"https:\\\/\\\/x.com\\\/jorisvry\",\"https:\\\/\\\/www.linkedin.com\\\/in\\\/jorisvanroy\\\/\",\"https:\\\/\\\/nl.pinterest.com\\\/jorisvanroy\\\/\"]},{\"@type\":\"Person\",\"@id\":\"https:\\\/\\\/newmobility.news\\\/#\\\/schema\\\/person\\\/a31e684b1039b4a94985a9aae156f28b\",\"name\":\"Luc Joris\",\"image\":{\"@type\":\"ImageObject\",\"inLanguage\":\"fr-BE\",\"@id\":\"https:\\\/\\\/secure.gravatar.com\\\/avatar\\\/9e27cf9984ae903174b14c7dd33d523290f03fd71803b04bc6e486c7259b2920?s=96&d=mm&r=g\",\"url\":\"https:\\\/\\\/secure.gravatar.com\\\/avatar\\\/9e27cf9984ae903174b14c7dd33d523290f03fd71803b04bc6e486c7259b2920?s=96&d=mm&r=g\",\"contentUrl\":\"https:\\\/\\\/secure.gravatar.com\\\/avatar\\\/9e27cf9984ae903174b14c7dd33d523290f03fd71803b04bc6e486c7259b2920?s=96&d=mm&r=g\",\"caption\":\"Luc Joris\"},\"url\":\"https:\\\/\\\/newmobility.news\\\/fr\\\/author\\\/belga-5\\\/\"}]}<\/script>\n<!-- \/ Yoast SEO plugin. -->","yoast_head_json":{"title":"Lufthansa clou\u00e9e au sol : les pilotes et le personnel de cabine en gr\u00e8ve dans toute l'Allemagne - newmobility.news","robots":{"index":"index","follow":"follow","max-snippet":"max-snippet:-1","max-image-preview":"max-image-preview:large","max-video-preview":"max-video-preview:-1"},"canonical":"https:\/\/newmobility.news\/fr\/2026\/02\/11\/lufthansa-flights-disrupted-by-pilots-and-cabin-crew-strike\/","og_locale":"fr_FR","og_type":"article","og_title":"Lufthansa grounded: pilots and cabin crew strike across Germany - newmobility.news","og_description":"Lufthansa pilots and cabin crew will walk out tomorrow due to a wage dispute and working conditions. The strike will affect all Lufthansa flights and those operated by its cargo division, Lufthansa Cargo, departing from Germany. The exact extent of the cancellations is still unclear, but passengeThis content has been archived. Log in or Subscribe [&hellip;]","og_url":"https:\/\/newmobility.news\/fr\/2026\/02\/11\/lufthansa-flights-disrupted-by-pilots-and-cabin-crew-strike\/","og_site_name":"newmobility.news","article_publisher":"https:\/\/www.facebook.com\/search\/top\/?q=newmobility.news","article_published_time":"2026-02-11T09:35:40+00:00","article_modified_time":"2026-02-11T10:32:47+00:00","og_image":[{"width":1024,"height":683,"url":"https:\/\/newmobility.news\/wp-content\/uploads\/2026\/02\/0d0a7331edit1-1024x683.png","type":"image\/png"}],"author":"Luc Joris","twitter_card":"summary_large_image","twitter_creator":"@jorisvry","twitter_site":"@jorisvry","twitter_misc":{"\u00c9crit par":"Luc Joris","Dur\u00e9e de lecture est.":"2 minutes"},"schema":{"@context":"https:\/\/schema.org","@graph":[{"@type":"Article","@id":"https:\/\/newmobility.news\/2026\/02\/11\/lufthansa-flights-disrupted-by-pilots-and-cabin-crew-strike\/#article","isPartOf":{"@id":"https:\/\/newmobility.news\/2026\/02\/11\/lufthansa-flights-disrupted-by-pilots-and-cabin-crew-strike\/"},"author":{"name":"Luc Joris","@id":"https:\/\/newmobility.news\/#\/schema\/person\/a31e684b1039b4a94985a9aae156f28b"},"headline":"Lufthansa grounded: pilots and cabin crew strike across Germany","datePublished":"2026-02-11T09:35:40+00:00","dateModified":"2026-02-11T10:32:47+00:00","mainEntityOfPage":{"@id":"https:\/\/newmobility.news\/2026\/02\/11\/lufthansa-flights-disrupted-by-pilots-and-cabin-crew-strike\/"},"wordCount":394,"publisher":{"@id":"https:\/\/newmobility.news\/#organization"},"image":{"@id":"https:\/\/newmobility.news\/2026\/02\/11\/lufthansa-flights-disrupted-by-pilots-and-cabin-crew-strike\/#primaryimage"},"thumbnailUrl":"https:\/\/i0.wp.com\/newmobility.news\/wp-content\/uploads\/2026\/02\/0d0a7331edit1.png?fit=1800%2C1200&ssl=1","articleSection":["Aviation","Europe","Mobility","Top Stories Today"],"inLanguage":"fr-BE"},{"@type":"WebPage","@id":"https:\/\/newmobility.news\/2026\/02\/11\/lufthansa-flights-disrupted-by-pilots-and-cabin-crew-strike\/","url":"https:\/\/newmobility.news\/2026\/02\/11\/lufthansa-flights-disrupted-by-pilots-and-cabin-crew-strike\/","name":"Lufthansa clou\u00e9e au sol : les pilotes et le personnel de cabine en gr\u00e8ve dans toute l'Allemagne - newmobility.news","isPartOf":{"@id":"https:\/\/newmobility.news\/#website"},"primaryImageOfPage":{"@id":"https:\/\/newmobility.news\/2026\/02\/11\/lufthansa-flights-disrupted-by-pilots-and-cabin-crew-strike\/#primaryimage"},"image":{"@id":"https:\/\/newmobility.news\/2026\/02\/11\/lufthansa-flights-disrupted-by-pilots-and-cabin-crew-strike\/#primaryimage"},"thumbnailUrl":"https:\/\/i0.wp.com\/newmobility.news\/wp-content\/uploads\/2026\/02\/0d0a7331edit1.png?fit=1800%2C1200&ssl=1","datePublished":"2026-02-11T09:35:40+00:00","dateModified":"2026-02-11T10:32:47+00:00","breadcrumb":{"@id":"https:\/\/newmobility.news\/2026\/02\/11\/lufthansa-flights-disrupted-by-pilots-and-cabin-crew-strike\/#breadcrumb"},"inLanguage":"fr-BE","potentialAction":[{"@type":"ReadAction","target":["https:\/\/newmobility.news\/2026\/02\/11\/lufthansa-flights-disrupted-by-pilots-and-cabin-crew-strike\/"]}]},{"@type":"ImageObject","inLanguage":"fr-BE","@id":"https:\/\/newmobility.news\/2026\/02\/11\/lufthansa-flights-disrupted-by-pilots-and-cabin-crew-strike\/#primaryimage","url":"https:\/\/i0.wp.com\/newmobility.news\/wp-content\/uploads\/2026\/02\/0d0a7331edit1.png?fit=1800%2C1200&ssl=1","contentUrl":"https:\/\/i0.wp.com\/newmobility.news\/wp-content\/uploads\/2026\/02\/0d0a7331edit1.png?fit=1800%2C1200&ssl=1","width":1800,"height":1200,"caption":"The pilots' and cabin crew unions of Lufthansa have called for a day of strike action across the country on Thursday, as part of separate social disputes \/Lufthansa"},{"@type":"BreadcrumbList","@id":"https:\/\/newmobility.news\/2026\/02\/11\/lufthansa-flights-disrupted-by-pilots-and-cabin-crew-strike\/#breadcrumb","itemListElement":[{"@type":"ListItem","position":1,"name":"Home","item":"https:\/\/newmobility.news\/"},{"@type":"ListItem","position":2,"name":"Lufthansa grounded: pilots and cabin crew strike across Germany"}]},{"@type":"WebSite","@id":"https:\/\/newmobility.news\/#website","url":"https:\/\/newmobility.news\/","name":"nouveaumobilit\u00e9.actualit\u00e9s","description":"Un service d'information B2BNews Agency\u00ae destin\u00e9 aux professionnels de la mobilit\u00e9","publisher":{"@id":"https:\/\/newmobility.news\/#organization"},"potentialAction":[{"@type":"SearchAction","target":{"@type":"EntryPoint","urlTemplate":"https:\/\/newmobility.news\/?s={search_term_string}"},"query-input":{"@type":"PropertyValueSpecification","valueRequired":true,"valueName":"search_term_string"}}],"inLanguage":"fr-BE"},{"@type":"Organization","@id":"https:\/\/newmobility.news\/#organization","name":"Agence de presse B2BNews","url":"https:\/\/newmobility.news\/","logo":{"@type":"ImageObject","inLanguage":"fr-BE","@id":"https:\/\/newmobility.news\/#\/schema\/logo\/image\/","url":"https:\/\/newmobility.news\/wp-content\/uploads\/2018\/01\/b2bnews-agency-logo.png","contentUrl":"https:\/\/newmobility.news\/wp-content\/uploads\/2018\/01\/b2bnews-agency-logo.png","width":"581","height":"117","caption":"B2BNews Agency"},"image":{"@id":"https:\/\/newmobility.news\/#\/schema\/logo\/image\/"},"sameAs":["https:\/\/www.facebook.com\/search\/top\/?q=newmobility.news","https:\/\/x.com\/jorisvry","https:\/\/www.linkedin.com\/in\/jorisvanroy\/","https:\/\/nl.pinterest.com\/jorisvanroy\/"]},{"@type":"Person","@id":"https:\/\/newmobility.news\/#\/schema\/person\/a31e684b1039b4a94985a9aae156f28b","name":"Luc Joris","image":{"@type":"ImageObject","inLanguage":"fr-BE","@id":"https:\/\/secure.gravatar.com\/avatar\/9e27cf9984ae903174b14c7dd33d523290f03fd71803b04bc6e486c7259b2920?s=96&d=mm&r=g","url":"https:\/\/secure.gravatar.com\/avatar\/9e27cf9984ae903174b14c7dd33d523290f03fd71803b04bc6e486c7259b2920?s=96&d=mm&r=g","contentUrl":"https:\/\/secure.gravatar.com\/avatar\/9e27cf9984ae903174b14c7dd33d523290f03fd71803b04bc6e486c7259b2920?s=96&d=mm&r=g","caption":"Luc Joris"},"url":"https:\/\/newmobility.news\/fr\/author\/belga-5\/"}]}},"jetpack_publicize_connections":[],"jetpack_featured_media_url":"https:\/\/i0.wp.com\/newmobility.news\/wp-content\/uploads\/2026\/02\/0d0a7331edit1.png?fit=1800%2C1200&ssl=1","jetpack_shortlink":"https:\/\/wp.me\/p9wJdU-Ldg","jetpack_sharing_enabled":true,"jetpack_likes_enabled":true,"jetpack-related-posts":[],"_links":{"self":[{"href":"https:\/\/newmobility.news\/fr\/wp-json\/wp\/v2\/posts\/181490","targetHints":{"allow":["GET"]}}],"collection":[{"href":"https:\/\/newmobility.news\/fr\/wp-json\/wp\/v2\/posts"}],"about":[{"href":"https:\/\/newmobility.news\/fr\/wp-json\/wp\/v2\/types\/post"}],"author":[{"embeddable":true,"href":"https:\/\/newmobility.news\/fr\/wp-json\/wp\/v2\/users\/164"}],"replies":[{"embeddable":true,"href":"https:\/\/newmobility.news\/fr\/wp-json\/wp\/v2\/comments?post=181490"}],"version-history":[{"count":10,"href":"https:\/\/newmobility.news\/fr\/wp-json\/wp\/v2\/posts\/181490\/revisions"}],"predecessor-version":[{"id":181522,"href":"https:\/\/newmobility.news\/fr\/wp-json\/wp\/v2\/posts\/181490\/revisions\/181522"}],"wp:featuredmedia":[{"embeddable":true,"href":"https:\/\/newmobility.news\/fr\/wp-json\/wp\/v2\/media\/181497"}],"wp:attachment":[{"href":"https:\/\/newmobility.news\/fr\/wp-json\/wp\/v2\/media?parent=181490"}],"wp:term":[{"taxonomy":"category","embeddable":true,"href":"https:\/\/newmobility.news\/fr\/wp-json\/wp\/v2\/categories?post=181490"},{"taxonomy":"post_tag","embeddable":true,"href":"https:\/\/newmobility.news\/fr\/wp-json\/wp\/v2\/tags?post=181490"}],"curies":[{"name":"wp","href":"https:\/\/api.w.org\/{rel}","templated":true}]}}