{"id":182288,"date":"2026-03-02T12:10:48","date_gmt":"2026-03-02T11:10:48","guid":{"rendered":"https:\/\/newmobility.news\/?p=182288"},"modified":"2026-03-02T11:20:37","modified_gmt":"2026-03-02T10:20:37","slug":"bmw-and-catl-partner-for-the-upcoming-eu-battery-passport","status":"publish","type":"post","link":"https:\/\/newmobility.news\/fr\/2026\/03\/02\/bmw-and-catl-partner-for-the-upcoming-eu-battery-passport\/","title":{"rendered":"BMW et CATL s'associent pour le prochain passeport europ\u00e9en pour les batteries"},"content":{"rendered":"<p>Le g\u00e9ant chinois des batteries CATL et le constructeur automobile BMW ont l'intention d'approfondir leur partenariat. Dans une nouvelle lettre d'intention, l'accent est mis sur l'\u00e9change de donn\u00e9es : Les deux parties ont l'intention de progresser dans le transfert transfrontalier de donn\u00e9es par le biais de projets pilotes, en gardant \u00e0 l'esprit les exigences futures du passeport de la batterie dans l'UE.<\/p>\n<p>BMW et CATL ont sign\u00e9 un protocole d'accord en Chine \u00e0 l'occasion de la visite du chancelier allemand Olaf Scholz, qui \u00e9tait accompagn\u00e9 d'une d\u00e9l\u00e9gation d'entreprises allemandes de haut niveau.<\/p>\n<h4>Partenaires de longue date<\/h4>\n<p>Selon un communiqu\u00e9 du CATL, la d\u00e9claration d'intention vise \u00e0 lancer des projets pilotes pour l'\u00e9change de donn\u00e9es fiables dans le cadre du passeport de la batterie. Elle vise \u00e9galement \u00e0 explorer des m\u00e9thodes de comptabilisation du CO\u2082 et des outils innovants pour calculer l'empreinte carbone des batteries.<\/p>\n<p>CATL se pr\u00e9pare \u00e0 ces nouvelles r\u00e9glementations, car le fabricant chinois de batteries fournit de nombreux constructeurs automobiles europ\u00e9ens, dont BMW.<\/p>\n<p>Les deux entreprises entretiennent un partenariat strat\u00e9gique depuis 2012, qui s'est depuis \u00e9tendu \u00e0 la production de batteries, \u00e0 la recherche et au d\u00e9veloppement conjoints et aux cha\u00eenes d'approvisionnement durables. Selon CATL, la nouvelle d\u00e9claration d'intention permettra d'\u00e9tendre le partenariat de la coop\u00e9ration sur les produits \u00e0 un alignement institutionnel plus large.<\/p>\n<p>\u201cGr\u00e2ce \u00e0 une coop\u00e9ration approfondie sur les produits et les cha\u00eenes d'approvisionnement, les deux parties am\u00e9lioreront encore leur gestion num\u00e9rique et leurs capacit\u00e9s d'\u00e9change, renfor\u00e7ant ainsi continuellement la conformit\u00e9 avec les r\u00e9glementations d'acc\u00e8s au march\u00e9 de l'UE et stimulant la comp\u00e9titivit\u00e9 verte et \u00e0 faible \u00e9mission de carbone de leurs produits\u201d, d\u00e9clare CATL.<\/p>\n<h4>Projets pilotes<\/h4>\n<p>Les projets pilotes utiliseront l'\u00e9cosyst\u00e8me de donn\u00e9es ouvertes Catena-X pour l'industrie automobile \u201cafin de soutenir l'alignement des normes techniques, de promouvoir des cadres politiques coh\u00e9rents et fond\u00e9s sur la science, et de favoriser la stabilit\u00e9 industrielle \u00e0 long terme\u201d, comme l'a d\u00e9clar\u00e9 le fabricant chinois de batteries.<\/p>\n<p>L'objectif est de \u201cmener des pratiques innovantes pour la conformit\u00e9 r\u00e9glementaire Chine-UE, et d'encourager conjointement la d\u00e9monstration et l'adoption plus large de normes mondiales en mati\u00e8re d'informations et de donn\u00e9es sur les batteries\u201d.\u201d<\/p>\n<h4>Passeport obligatoire en 2027<\/h4>\n<p>Dans la pratique, il s'agit avant tout d'assurer une transition en douceur lorsque le passeport de batterie de l'UE deviendra obligatoire. Ces passeports seront exig\u00e9s dans l'UE \u00e0 partir de 2027. Cela fait suite \u00e0 l'adoption par l'Union europ\u00e9enne d'un nouveau r\u00e8glement pour le march\u00e9 des batteries en ao\u00fbt 2023.<\/p>\n<p>Parmi les principaux aspects du r\u00e8glement figurent les d\u00e9clarations et l'\u00e9tiquetage obligatoires, notamment en ce qui concerne les composants des piles et le contenu recycl\u00e9, ainsi que l'introduction d'un \u2018passeport de pile\u2019 \u00e9lectronique et d'un code QR.<\/p>\n<p>Afin de donner aux \u00c9tats membres et aux acteurs du march\u00e9 suffisamment de temps pour se pr\u00e9parer, les exigences en mati\u00e8re d'\u00e9tiquetage sont en vigueur depuis cette ann\u00e9e, tandis que le passeport et le code QR deviendront obligatoires en 2027.<\/p>\n<figure id=\"attachment_182299\" aria-describedby=\"caption-attachment-182299\" style=\"width: 1096px\" class=\"wp-caption alignnone\"><img data-recalc-dims=\"1\" loading=\"lazy\" decoding=\"async\" class=\"wp-image-182299 size-full\" src=\"https:\/\/i0.wp.com\/newmobility.news\/wp-content\/uploads\/2026\/03\/Scherm%C2%ADafbeelding-2026-03-02-om-11.11.02.png?resize=640%2C416&#038;ssl=1\" alt=\"\" width=\"640\" height=\"416\" \/><figcaption id=\"caption-attachment-182299\" class=\"wp-caption-text\">Le groupe motopropulseur \u00e9lectrique de l'iX3 \u2018Neue Klasse\u2019 \/BMW<\/figcaption><\/figure>","protected":false},"excerpt":{"rendered":"<p>Chinese battery giant CATL and premium car manufacturer BMW aim to deepen their existing partnership. In a new letter of intent, the focus is specifically on data exchange: Both parties intend to make progress in cross-border data transfer through pilot projects, with an eye on the upcoming battery passport requirements in the EU. BMW and [&hellip;]<\/p>\n","protected":false},"author":13,"featured_media":182296,"comment_status":"closed","ping_status":"closed","sticky":false,"template":"","format":"standard","meta":{"_acf_changed":false,"jetpack_post_was_ever_published":false,"_jetpack_newsletter_access":"","_jetpack_dont_email_post_to_subs":false,"_jetpack_newsletter_tier_id":0,"_jetpack_memberships_contains_paywalled_content":false,"_jetpack_memberships_contains_paid_content":false,"footnotes":"","jetpack_publicize_message":"","jetpack_publicize_feature_enabled":true,"jetpack_social_post_already_shared":true,"jetpack_social_options":{"image_generator_settings":{"template":"highway","default_image_id":0,"font":"","enabled":false},"version":2},"_wpas_customize_per_network":false},"categories":[77162,28,16,25,4],"tags":[],"class_list":["post-182288","post","type-post","status-publish","format-standard","has-post-thumbnail","hentry","category-batteries","category-europe","category-industry","category-legislation","category-top-stories-today"],"acf":[],"featured_image_urls_v2":{"full":["https:\/\/i0.wp.com\/newmobility.news\/wp-content\/uploads\/2026\/03\/Scherm%C2%ADafbeelding-2026-03-02-om-11.05.05.png?fit=650%2C362&ssl=1",650,362,false],"thumbnail":["https:\/\/i0.wp.com\/newmobility.news\/wp-content\/uploads\/2026\/03\/Scherm%C2%ADafbeelding-2026-03-02-om-11.05.05.png?resize=150%2C150&ssl=1",150,150,true],"medium":["https:\/\/i0.wp.com\/newmobility.news\/wp-content\/uploads\/2026\/03\/Scherm%C2%ADafbeelding-2026-03-02-om-11.05.05.png?fit=300%2C167&ssl=1",300,167,true],"medium_large":["https:\/\/i0.wp.com\/newmobility.news\/wp-content\/uploads\/2026\/03\/Scherm%C2%ADafbeelding-2026-03-02-om-11.05.05.png?fit=640%2C356&ssl=1",640,356,true],"large":["https:\/\/i0.wp.com\/newmobility.news\/wp-content\/uploads\/2026\/03\/Scherm%C2%ADafbeelding-2026-03-02-om-11.05.05.png?fit=640%2C356&ssl=1",640,356,true],"1536x1536":["https:\/\/i0.wp.com\/newmobility.news\/wp-content\/uploads\/2026\/03\/Scherm%C2%ADafbeelding-2026-03-02-om-11.05.05.png?fit=650%2C362&ssl=1",650,362,true],"2048x2048":["https:\/\/i0.wp.com\/newmobility.news\/wp-content\/uploads\/2026\/03\/Scherm%C2%ADafbeelding-2026-03-02-om-11.05.05.png?fit=650%2C362&ssl=1",650,362,true],"trp-custom-language-flag":["https:\/\/i0.wp.com\/newmobility.news\/wp-content\/uploads\/2026\/03\/Scherm%C2%ADafbeelding-2026-03-02-om-11.05.05.png?fit=18%2C10&ssl=1",18,10,true],"related-thumb":["https:\/\/i0.wp.com\/newmobility.news\/wp-content\/uploads\/2026\/03\/Scherm%C2%ADafbeelding-2026-03-02-om-11.05.05.png?resize=640%2C362&ssl=1",640,362,true],"gform-image-choice-sm":["https:\/\/i0.wp.com\/newmobility.news\/wp-content\/uploads\/2026\/03\/Scherm%C2%ADafbeelding-2026-03-02-om-11.05.05.png?resize=300%2C300&ssl=1",300,300,true],"gform-image-choice-md":["https:\/\/i0.wp.com\/newmobility.news\/wp-content\/uploads\/2026\/03\/Scherm%C2%ADafbeelding-2026-03-02-om-11.05.05.png?resize=400%2C362&ssl=1",400,362,true],"gform-image-choice-lg":["https:\/\/i0.wp.com\/newmobility.news\/wp-content\/uploads\/2026\/03\/Scherm%C2%ADafbeelding-2026-03-02-om-11.05.05.png?resize=600%2C362&ssl=1",600,362,true],"mailchimp":["https:\/\/i0.wp.com\/newmobility.news\/wp-content\/uploads\/2026\/03\/Scherm%C2%ADafbeelding-2026-03-02-om-11.05.05.png?fit=560%2C312&ssl=1",560,312,true],"unipress-phone":["https:\/\/i0.wp.com\/newmobility.news\/wp-content\/uploads\/2026\/03\/Scherm%C2%ADafbeelding-2026-03-02-om-11.05.05.png?resize=640%2C100&ssl=1",640,100,true],"unipress-tablet":["https:\/\/i0.wp.com\/newmobility.news\/wp-content\/uploads\/2026\/03\/Scherm%C2%ADafbeelding-2026-03-02-om-11.05.05.png?resize=650%2C240&ssl=1",650,240,true],"unipress-tablet-portrait":["https:\/\/i0.wp.com\/newmobility.news\/wp-content\/uploads\/2026\/03\/Scherm%C2%ADafbeelding-2026-03-02-om-11.05.05.png?resize=650%2C180&ssl=1",650,180,true],"unipress-tablet-landscape":["https:\/\/i0.wp.com\/newmobility.news\/wp-content\/uploads\/2026\/03\/Scherm%C2%ADafbeelding-2026-03-02-om-11.05.05.png?resize=650%2C180&ssl=1",650,180,true],"unipress-smartphone":["https:\/\/i0.wp.com\/newmobility.news\/wp-content\/uploads\/2026\/03\/Scherm%C2%ADafbeelding-2026-03-02-om-11.05.05.png?resize=650%2C168&ssl=1",650,168,true],"unipress-wide-screen":["https:\/\/i0.wp.com\/newmobility.news\/wp-content\/uploads\/2026\/03\/Scherm%C2%ADafbeelding-2026-03-02-om-11.05.05.png?resize=650%2C180&ssl=1",650,180,true]},"post_excerpt_stackable_v2":"<p>Chinese battery giant CATL and premium car manufacturer BMW aim to deepen their existing partnership. In a new letter of intent, the focus is specifically on data exchange: Both parties intend to make progress in cross-border data transfer through pilot projects, with an eye on the upcoming battery passport requirements in the EU. BMW and CATL have signed a memorandum of understanding (MoU) in China during the visit of German Chancellor Olaf Scholz, who was accompanied by a high-level German business delegation. Long-time partners According to a CATL statement, the declaration of intent aims to launch pilot projects for trustworthy&hellip;<\/p>\n","category_list_v2":"<a href=\"https:\/\/newmobility.news\/fr\/category\/batteries\/\" rel=\"category tag\">Batteries<\/a>, <a href=\"https:\/\/newmobility.news\/fr\/category\/europe\/\" rel=\"category tag\">Europe<\/a>, <a href=\"https:\/\/newmobility.news\/fr\/category\/industry\/\" rel=\"category tag\">Industry<\/a>, <a href=\"https:\/\/newmobility.news\/fr\/category\/legislation\/\" rel=\"category tag\">Legislation<\/a>, <a href=\"https:\/\/newmobility.news\/fr\/category\/top-stories-today\/\" rel=\"category tag\">Top Stories Today<\/a>","author_info_v2":{"name":"Tony Verhelle","url":"https:\/\/newmobility.news\/fr\/author\/toverbel\/"},"comments_num_v2":"0 comments","yoast_head":"<!-- This site is optimized with the Yoast SEO plugin v27.5 - https:\/\/yoast.com\/product\/yoast-seo-wordpress\/ -->\n<title>BMW and CATL partner for the upcoming EU battery passport - newmobility.news<\/title>\n<meta name=\"robots\" content=\"index, follow, max-snippet:-1, max-image-preview:large, max-video-preview:-1\" \/>\n<link rel=\"canonical\" href=\"https:\/\/newmobility.news\/fr\/2026\/03\/02\/bmw-and-catl-partner-for-the-upcoming-eu-battery-passport\/\" \/>\n<meta property=\"og:locale\" content=\"fr_FR\" \/>\n<meta property=\"og:type\" content=\"article\" \/>\n<meta property=\"og:title\" content=\"BMW and CATL partner for the upcoming EU battery passport - newmobility.news\" \/>\n<meta property=\"og:description\" content=\"Chinese battery giant CATL and premium car manufacturer BMW aim to deepen their existing partnership. In a new letter of intent, the focus is specifically on data exchange: Both parties intend to make progress in cross-border data transfer through pilot projects, with an eye on the upcoming battery passport requirements in the EU. BMW and [&hellip;]\" \/>\n<meta property=\"og:url\" content=\"https:\/\/newmobility.news\/fr\/2026\/03\/02\/bmw-and-catl-partner-for-the-upcoming-eu-battery-passport\/\" \/>\n<meta property=\"og:site_name\" content=\"newmobility.news\" \/>\n<meta property=\"article:publisher\" content=\"https:\/\/www.facebook.com\/search\/top\/?q=newmobility.news\" \/>\n<meta property=\"article:published_time\" content=\"2026-03-02T11:10:48+00:00\" \/>\n<meta property=\"og:image\" content=\"https:\/\/i0.wp.com\/newmobility.news\/wp-content\/uploads\/2026\/03\/Scherm%C2%ADafbeelding-2026-03-02-om-11.05.05.png?fit=650%2C362&ssl=1\" \/>\n\t<meta property=\"og:image:width\" content=\"650\" \/>\n\t<meta property=\"og:image:height\" content=\"362\" \/>\n\t<meta property=\"og:image:type\" content=\"image\/png\" \/>\n<meta name=\"author\" content=\"Tony Verhelle\" \/>\n<meta name=\"twitter:card\" content=\"summary_large_image\" \/>\n<meta name=\"twitter:creator\" content=\"@jorisvry\" \/>\n<meta name=\"twitter:site\" content=\"@jorisvry\" \/>\n<meta name=\"twitter:label1\" content=\"\u00c9crit par\" \/>\n\t<meta name=\"twitter:data1\" content=\"Tony Verhelle\" \/>\n\t<meta name=\"twitter:label2\" content=\"Dur\u00e9e de lecture est.\" \/>\n\t<meta name=\"twitter:data2\" content=\"3 minutes\" \/>\n<script type=\"application\/ld+json\" class=\"yoast-schema-graph\">{\"@context\":\"https:\\\/\\\/schema.org\",\"@graph\":[{\"@type\":\"Article\",\"@id\":\"https:\\\/\\\/newmobility.news\\\/2026\\\/03\\\/02\\\/bmw-and-catl-partner-for-the-upcoming-eu-battery-passport\\\/#article\",\"isPartOf\":{\"@id\":\"https:\\\/\\\/newmobility.news\\\/2026\\\/03\\\/02\\\/bmw-and-catl-partner-for-the-upcoming-eu-battery-passport\\\/\"},\"author\":{\"name\":\"Tony Verhelle\",\"@id\":\"https:\\\/\\\/newmobility.news\\\/#\\\/schema\\\/person\\\/2ff3ee98a47b47a64547742d0f598008\"},\"headline\":\"BMW and CATL partner for the upcoming EU battery passport\",\"datePublished\":\"2026-03-02T11:10:48+00:00\",\"mainEntityOfPage\":{\"@id\":\"https:\\\/\\\/newmobility.news\\\/2026\\\/03\\\/02\\\/bmw-and-catl-partner-for-the-upcoming-eu-battery-passport\\\/\"},\"wordCount\":427,\"publisher\":{\"@id\":\"https:\\\/\\\/newmobility.news\\\/#organization\"},\"image\":{\"@id\":\"https:\\\/\\\/newmobility.news\\\/2026\\\/03\\\/02\\\/bmw-and-catl-partner-for-the-upcoming-eu-battery-passport\\\/#primaryimage\"},\"thumbnailUrl\":\"https:\\\/\\\/i0.wp.com\\\/newmobility.news\\\/wp-content\\\/uploads\\\/2026\\\/03\\\/Scherm%C2%ADafbeelding-2026-03-02-om-11.05.05.png?fit=650%2C362&ssl=1\",\"articleSection\":[\"Batteries\",\"Europe\",\"Industry\",\"Legislation\",\"Top Stories Today\"],\"inLanguage\":\"fr-BE\"},{\"@type\":\"WebPage\",\"@id\":\"https:\\\/\\\/newmobility.news\\\/2026\\\/03\\\/02\\\/bmw-and-catl-partner-for-the-upcoming-eu-battery-passport\\\/\",\"url\":\"https:\\\/\\\/newmobility.news\\\/2026\\\/03\\\/02\\\/bmw-and-catl-partner-for-the-upcoming-eu-battery-passport\\\/\",\"name\":\"BMW and CATL partner for the upcoming EU battery passport - newmobility.news\",\"isPartOf\":{\"@id\":\"https:\\\/\\\/newmobility.news\\\/#website\"},\"primaryImageOfPage\":{\"@id\":\"https:\\\/\\\/newmobility.news\\\/2026\\\/03\\\/02\\\/bmw-and-catl-partner-for-the-upcoming-eu-battery-passport\\\/#primaryimage\"},\"image\":{\"@id\":\"https:\\\/\\\/newmobility.news\\\/2026\\\/03\\\/02\\\/bmw-and-catl-partner-for-the-upcoming-eu-battery-passport\\\/#primaryimage\"},\"thumbnailUrl\":\"https:\\\/\\\/i0.wp.com\\\/newmobility.news\\\/wp-content\\\/uploads\\\/2026\\\/03\\\/Scherm%C2%ADafbeelding-2026-03-02-om-11.05.05.png?fit=650%2C362&ssl=1\",\"datePublished\":\"2026-03-02T11:10:48+00:00\",\"breadcrumb\":{\"@id\":\"https:\\\/\\\/newmobility.news\\\/2026\\\/03\\\/02\\\/bmw-and-catl-partner-for-the-upcoming-eu-battery-passport\\\/#breadcrumb\"},\"inLanguage\":\"fr-BE\",\"potentialAction\":[{\"@type\":\"ReadAction\",\"target\":[\"https:\\\/\\\/newmobility.news\\\/2026\\\/03\\\/02\\\/bmw-and-catl-partner-for-the-upcoming-eu-battery-passport\\\/\"]}]},{\"@type\":\"ImageObject\",\"inLanguage\":\"fr-BE\",\"@id\":\"https:\\\/\\\/newmobility.news\\\/2026\\\/03\\\/02\\\/bmw-and-catl-partner-for-the-upcoming-eu-battery-passport\\\/#primaryimage\",\"url\":\"https:\\\/\\\/i0.wp.com\\\/newmobility.news\\\/wp-content\\\/uploads\\\/2026\\\/03\\\/Scherm%C2%ADafbeelding-2026-03-02-om-11.05.05.png?fit=650%2C362&ssl=1\",\"contentUrl\":\"https:\\\/\\\/i0.wp.com\\\/newmobility.news\\\/wp-content\\\/uploads\\\/2026\\\/03\\\/Scherm%C2%ADafbeelding-2026-03-02-om-11.05.05.png?fit=650%2C362&ssl=1\",\"width\":650,\"height\":362,\"caption\":\"BMW will enhance partnership with battery supplier CATL in view of the upcoming EU battery passport in 2027 \\\/BMW\"},{\"@type\":\"BreadcrumbList\",\"@id\":\"https:\\\/\\\/newmobility.news\\\/2026\\\/03\\\/02\\\/bmw-and-catl-partner-for-the-upcoming-eu-battery-passport\\\/#breadcrumb\",\"itemListElement\":[{\"@type\":\"ListItem\",\"position\":1,\"name\":\"Home\",\"item\":\"https:\\\/\\\/newmobility.news\\\/\"},{\"@type\":\"ListItem\",\"position\":2,\"name\":\"BMW and CATL partner for the upcoming EU battery passport\"}]},{\"@type\":\"WebSite\",\"@id\":\"https:\\\/\\\/newmobility.news\\\/#website\",\"url\":\"https:\\\/\\\/newmobility.news\\\/\",\"name\":\"newmobility.news\",\"description\":\"A B2BNews Agency\u00ae news service for mobility business proessional\",\"publisher\":{\"@id\":\"https:\\\/\\\/newmobility.news\\\/#organization\"},\"potentialAction\":[{\"@type\":\"SearchAction\",\"target\":{\"@type\":\"EntryPoint\",\"urlTemplate\":\"https:\\\/\\\/newmobility.news\\\/?s={search_term_string}\"},\"query-input\":{\"@type\":\"PropertyValueSpecification\",\"valueRequired\":true,\"valueName\":\"search_term_string\"}}],\"inLanguage\":\"fr-BE\"},{\"@type\":\"Organization\",\"@id\":\"https:\\\/\\\/newmobility.news\\\/#organization\",\"name\":\"B2BNews Agency\",\"url\":\"https:\\\/\\\/newmobility.news\\\/\",\"logo\":{\"@type\":\"ImageObject\",\"inLanguage\":\"fr-BE\",\"@id\":\"https:\\\/\\\/newmobility.news\\\/#\\\/schema\\\/logo\\\/image\\\/\",\"url\":\"https:\\\/\\\/newmobility.news\\\/wp-content\\\/uploads\\\/2018\\\/01\\\/b2bnews-agency-logo.png\",\"contentUrl\":\"https:\\\/\\\/newmobility.news\\\/wp-content\\\/uploads\\\/2018\\\/01\\\/b2bnews-agency-logo.png\",\"width\":\"581\",\"height\":\"117\",\"caption\":\"B2BNews Agency\"},\"image\":{\"@id\":\"https:\\\/\\\/newmobility.news\\\/#\\\/schema\\\/logo\\\/image\\\/\"},\"sameAs\":[\"https:\\\/\\\/www.facebook.com\\\/search\\\/top\\\/?q=newmobility.news\",\"https:\\\/\\\/x.com\\\/jorisvry\",\"https:\\\/\\\/www.linkedin.com\\\/in\\\/jorisvanroy\\\/\",\"https:\\\/\\\/nl.pinterest.com\\\/jorisvanroy\\\/\"]},{\"@type\":\"Person\",\"@id\":\"https:\\\/\\\/newmobility.news\\\/#\\\/schema\\\/person\\\/2ff3ee98a47b47a64547742d0f598008\",\"name\":\"Tony Verhelle\",\"image\":{\"@type\":\"ImageObject\",\"inLanguage\":\"fr-BE\",\"@id\":\"https:\\\/\\\/secure.gravatar.com\\\/avatar\\\/3aa7bc7e3c29543b27eddb4850cf5b080b7eed539a9cc5c8807f7fae34c56438?s=96&d=mm&r=g\",\"url\":\"https:\\\/\\\/secure.gravatar.com\\\/avatar\\\/3aa7bc7e3c29543b27eddb4850cf5b080b7eed539a9cc5c8807f7fae34c56438?s=96&d=mm&r=g\",\"contentUrl\":\"https:\\\/\\\/secure.gravatar.com\\\/avatar\\\/3aa7bc7e3c29543b27eddb4850cf5b080b7eed539a9cc5c8807f7fae34c56438?s=96&d=mm&r=g\",\"caption\":\"Tony Verhelle\"},\"url\":\"https:\\\/\\\/newmobility.news\\\/fr\\\/author\\\/toverbel\\\/\"}]}<\/script>\n<!-- \/ Yoast SEO plugin. -->","yoast_head_json":{"title":"BMW et CATL s'associent pour le futur passeport europ\u00e9en pour les batteries - newmobility.news","robots":{"index":"index","follow":"follow","max-snippet":"max-snippet:-1","max-image-preview":"max-image-preview:large","max-video-preview":"max-video-preview:-1"},"canonical":"https:\/\/newmobility.news\/fr\/2026\/03\/02\/bmw-and-catl-partner-for-the-upcoming-eu-battery-passport\/","og_locale":"fr_FR","og_type":"article","og_title":"BMW and CATL partner for the upcoming EU battery passport - newmobility.news","og_description":"Chinese battery giant CATL and premium car manufacturer BMW aim to deepen their existing partnership. In a new letter of intent, the focus is specifically on data exchange: Both parties intend to make progress in cross-border data transfer through pilot projects, with an eye on the upcoming battery passport requirements in the EU. BMW and [&hellip;]","og_url":"https:\/\/newmobility.news\/fr\/2026\/03\/02\/bmw-and-catl-partner-for-the-upcoming-eu-battery-passport\/","og_site_name":"newmobility.news","article_publisher":"https:\/\/www.facebook.com\/search\/top\/?q=newmobility.news","article_published_time":"2026-03-02T11:10:48+00:00","og_image":[{"width":650,"height":362,"url":"https:\/\/i0.wp.com\/newmobility.news\/wp-content\/uploads\/2026\/03\/Scherm%C2%ADafbeelding-2026-03-02-om-11.05.05.png?fit=650%2C362&ssl=1","type":"image\/png"}],"author":"Tony Verhelle","twitter_card":"summary_large_image","twitter_creator":"@jorisvry","twitter_site":"@jorisvry","twitter_misc":{"\u00c9crit par":"Tony Verhelle","Dur\u00e9e de lecture est.":"3 minutes"},"schema":{"@context":"https:\/\/schema.org","@graph":[{"@type":"Article","@id":"https:\/\/newmobility.news\/2026\/03\/02\/bmw-and-catl-partner-for-the-upcoming-eu-battery-passport\/#article","isPartOf":{"@id":"https:\/\/newmobility.news\/2026\/03\/02\/bmw-and-catl-partner-for-the-upcoming-eu-battery-passport\/"},"author":{"name":"Tony Verhelle","@id":"https:\/\/newmobility.news\/#\/schema\/person\/2ff3ee98a47b47a64547742d0f598008"},"headline":"BMW and CATL partner for the upcoming EU battery passport","datePublished":"2026-03-02T11:10:48+00:00","mainEntityOfPage":{"@id":"https:\/\/newmobility.news\/2026\/03\/02\/bmw-and-catl-partner-for-the-upcoming-eu-battery-passport\/"},"wordCount":427,"publisher":{"@id":"https:\/\/newmobility.news\/#organization"},"image":{"@id":"https:\/\/newmobility.news\/2026\/03\/02\/bmw-and-catl-partner-for-the-upcoming-eu-battery-passport\/#primaryimage"},"thumbnailUrl":"https:\/\/i0.wp.com\/newmobility.news\/wp-content\/uploads\/2026\/03\/Scherm%C2%ADafbeelding-2026-03-02-om-11.05.05.png?fit=650%2C362&ssl=1","articleSection":["Batteries","Europe","Industry","Legislation","Top Stories Today"],"inLanguage":"fr-BE"},{"@type":"WebPage","@id":"https:\/\/newmobility.news\/2026\/03\/02\/bmw-and-catl-partner-for-the-upcoming-eu-battery-passport\/","url":"https:\/\/newmobility.news\/2026\/03\/02\/bmw-and-catl-partner-for-the-upcoming-eu-battery-passport\/","name":"BMW et CATL s'associent pour le futur passeport europ\u00e9en pour les batteries - newmobility.news","isPartOf":{"@id":"https:\/\/newmobility.news\/#website"},"primaryImageOfPage":{"@id":"https:\/\/newmobility.news\/2026\/03\/02\/bmw-and-catl-partner-for-the-upcoming-eu-battery-passport\/#primaryimage"},"image":{"@id":"https:\/\/newmobility.news\/2026\/03\/02\/bmw-and-catl-partner-for-the-upcoming-eu-battery-passport\/#primaryimage"},"thumbnailUrl":"https:\/\/i0.wp.com\/newmobility.news\/wp-content\/uploads\/2026\/03\/Scherm%C2%ADafbeelding-2026-03-02-om-11.05.05.png?fit=650%2C362&ssl=1","datePublished":"2026-03-02T11:10:48+00:00","breadcrumb":{"@id":"https:\/\/newmobility.news\/2026\/03\/02\/bmw-and-catl-partner-for-the-upcoming-eu-battery-passport\/#breadcrumb"},"inLanguage":"fr-BE","potentialAction":[{"@type":"ReadAction","target":["https:\/\/newmobility.news\/2026\/03\/02\/bmw-and-catl-partner-for-the-upcoming-eu-battery-passport\/"]}]},{"@type":"ImageObject","inLanguage":"fr-BE","@id":"https:\/\/newmobility.news\/2026\/03\/02\/bmw-and-catl-partner-for-the-upcoming-eu-battery-passport\/#primaryimage","url":"https:\/\/i0.wp.com\/newmobility.news\/wp-content\/uploads\/2026\/03\/Scherm%C2%ADafbeelding-2026-03-02-om-11.05.05.png?fit=650%2C362&ssl=1","contentUrl":"https:\/\/i0.wp.com\/newmobility.news\/wp-content\/uploads\/2026\/03\/Scherm%C2%ADafbeelding-2026-03-02-om-11.05.05.png?fit=650%2C362&ssl=1","width":650,"height":362,"caption":"BMW will enhance partnership with battery supplier CATL in view of the upcoming EU battery passport in 2027 \/BMW"},{"@type":"BreadcrumbList","@id":"https:\/\/newmobility.news\/2026\/03\/02\/bmw-and-catl-partner-for-the-upcoming-eu-battery-passport\/#breadcrumb","itemListElement":[{"@type":"ListItem","position":1,"name":"Home","item":"https:\/\/newmobility.news\/"},{"@type":"ListItem","position":2,"name":"BMW and CATL partner for the upcoming EU battery passport"}]},{"@type":"WebSite","@id":"https:\/\/newmobility.news\/#website","url":"https:\/\/newmobility.news\/","name":"nouveaumobilit\u00e9.actualit\u00e9s","description":"Un service d'information B2BNews Agency\u00ae destin\u00e9 aux professionnels de la mobilit\u00e9","publisher":{"@id":"https:\/\/newmobility.news\/#organization"},"potentialAction":[{"@type":"SearchAction","target":{"@type":"EntryPoint","urlTemplate":"https:\/\/newmobility.news\/?s={search_term_string}"},"query-input":{"@type":"PropertyValueSpecification","valueRequired":true,"valueName":"search_term_string"}}],"inLanguage":"fr-BE"},{"@type":"Organization","@id":"https:\/\/newmobility.news\/#organization","name":"Agence de presse B2BNews","url":"https:\/\/newmobility.news\/","logo":{"@type":"ImageObject","inLanguage":"fr-BE","@id":"https:\/\/newmobility.news\/#\/schema\/logo\/image\/","url":"https:\/\/newmobility.news\/wp-content\/uploads\/2018\/01\/b2bnews-agency-logo.png","contentUrl":"https:\/\/newmobility.news\/wp-content\/uploads\/2018\/01\/b2bnews-agency-logo.png","width":"581","height":"117","caption":"B2BNews Agency"},"image":{"@id":"https:\/\/newmobility.news\/#\/schema\/logo\/image\/"},"sameAs":["https:\/\/www.facebook.com\/search\/top\/?q=newmobility.news","https:\/\/x.com\/jorisvry","https:\/\/www.linkedin.com\/in\/jorisvanroy\/","https:\/\/nl.pinterest.com\/jorisvanroy\/"]},{"@type":"Person","@id":"https:\/\/newmobility.news\/#\/schema\/person\/2ff3ee98a47b47a64547742d0f598008","name":"Tony Verhelle","image":{"@type":"ImageObject","inLanguage":"fr-BE","@id":"https:\/\/secure.gravatar.com\/avatar\/3aa7bc7e3c29543b27eddb4850cf5b080b7eed539a9cc5c8807f7fae34c56438?s=96&d=mm&r=g","url":"https:\/\/secure.gravatar.com\/avatar\/3aa7bc7e3c29543b27eddb4850cf5b080b7eed539a9cc5c8807f7fae34c56438?s=96&d=mm&r=g","contentUrl":"https:\/\/secure.gravatar.com\/avatar\/3aa7bc7e3c29543b27eddb4850cf5b080b7eed539a9cc5c8807f7fae34c56438?s=96&d=mm&r=g","caption":"Tony Verhelle"},"url":"https:\/\/newmobility.news\/fr\/author\/toverbel\/"}]}},"jetpack_publicize_connections":[],"jetpack_featured_media_url":"https:\/\/i0.wp.com\/newmobility.news\/wp-content\/uploads\/2026\/03\/Scherm%C2%ADafbeelding-2026-03-02-om-11.05.05.png?fit=650%2C362&ssl=1","jetpack_shortlink":"https:\/\/wp.me\/p9wJdU-Lq8","jetpack_sharing_enabled":true,"jetpack_likes_enabled":true,"jetpack-related-posts":[],"_links":{"self":[{"href":"https:\/\/newmobility.news\/fr\/wp-json\/wp\/v2\/posts\/182288","targetHints":{"allow":["GET"]}}],"collection":[{"href":"https:\/\/newmobility.news\/fr\/wp-json\/wp\/v2\/posts"}],"about":[{"href":"https:\/\/newmobility.news\/fr\/wp-json\/wp\/v2\/types\/post"}],"author":[{"embeddable":true,"href":"https:\/\/newmobility.news\/fr\/wp-json\/wp\/v2\/users\/13"}],"replies":[{"embeddable":true,"href":"https:\/\/newmobility.news\/fr\/wp-json\/wp\/v2\/comments?post=182288"}],"version-history":[{"count":1,"href":"https:\/\/newmobility.news\/fr\/wp-json\/wp\/v2\/posts\/182288\/revisions"}],"predecessor-version":[{"id":182300,"href":"https:\/\/newmobility.news\/fr\/wp-json\/wp\/v2\/posts\/182288\/revisions\/182300"}],"wp:featuredmedia":[{"embeddable":true,"href":"https:\/\/newmobility.news\/fr\/wp-json\/wp\/v2\/media\/182296"}],"wp:attachment":[{"href":"https:\/\/newmobility.news\/fr\/wp-json\/wp\/v2\/media?parent=182288"}],"wp:term":[{"taxonomy":"category","embeddable":true,"href":"https:\/\/newmobility.news\/fr\/wp-json\/wp\/v2\/categories?post=182288"},{"taxonomy":"post_tag","embeddable":true,"href":"https:\/\/newmobility.news\/fr\/wp-json\/wp\/v2\/tags?post=182288"}],"curies":[{"name":"wp","href":"https:\/\/api.w.org\/{rel}","templated":true}]}}