{"id":182319,"date":"2026-03-03T07:47:47","date_gmt":"2026-03-03T06:47:47","guid":{"rendered":"https:\/\/newmobility.news\/?p=182319"},"modified":"2026-03-03T07:47:47","modified_gmt":"2026-03-03T06:47:47","slug":"volkswagens-electric-milestone-2-million-sales","status":"publish","type":"post","link":"https:\/\/newmobility.news\/fr\/2026\/03\/03\/volkswagens-electric-milestone-2-million-sales\/","title":{"rendered":"L'\u00e9tape \u00e9lectrique de Volkswagen : 2 millions de ventes"},"content":{"rendered":"<p>Le deux millioni\u00e8me v\u00e9hicule \u00e9lectrique de Volkswagen marque un tournant pour le constructeur automobile le plus c\u00e9l\u00e8bre d'Europe. Toutefois, ce chiffre rappelle surtout que la v\u00e9ritable course ne fait que commencer.<\/p>\n<p>En Basse-Saxe, on peut ressentir une certaine satisfaction tranquille ces jours-ci. Alors que les marques \u00e9mergentes font les gros titres avec des promesses fracassantes et des temps de charge record, Volkswagen a m\u00e9thodiquement rec\u00e2bl\u00e9 ses op\u00e9rations mondiales avec la confiance mesur\u00e9e qui est \u00e0 l'origine d'une grande partie de son succ\u00e8s.<\/p>\n<h4>Deux millions sur les routes allemandes<\/h4>\n<p>L'\u00e9tape qu'elle a franchie la semaine derni\u00e8re - la remise de son deux millioni\u00e8me v\u00e9hicule \u00e9lectrique \u00e0 batterie - n'est pas le genre de chiffre qui provoque une fr\u00e9n\u00e9sie sur les m\u00e9dias sociaux. Mais dans le long arc de l'histoire de l'automobile, il rev\u00eat une importance consid\u00e9rable.<\/p>\n<p>Il est r\u00e9v\u00e9lateur que la r\u00e9ussite de Volkswagen refl\u00e8te un seuil national plus large : des donn\u00e9es r\u00e9centes du Kraftfahrt-Bundesamt (KBA) montrent qu'au 1er janvier 2026, l'Allemagne aura d\u00e9pass\u00e9 les deux millions de voitures enti\u00e8rement \u00e9lectriques sur ses routes.<\/p>\n<p>Rappelez-vous comment ce voyage a commenc\u00e9 pour Volkswagen. La e-up !, une citadine suffisamment petite pour se garer presque partout \u00e0 Munich ou \u00e0 Milan, a \u00e9t\u00e9 lanc\u00e9e en 2013 et a tranquillement pos\u00e9 les bases d'une r\u00e9volution bien plus importante, lanc\u00e9e par la famille ID, qui, \u00e0 son tour, \u00e9tait une renaissance construite sur les ruines du Dieselgate.<\/p>\n<h4>En dix mois<\/h4>\n<p>Le constructeur automobile de Wolfsburg a mis douze ans \u00e0 livrer le premier million de v\u00e9hicules \u00e9lectriques. Le deuxi\u00e8me million n'a pris que dix mois.<\/p>\n<p>Cette acc\u00e9l\u00e9ration en dit long sur la rapidit\u00e9 avec laquelle l'infrastructure, l'app\u00e9tit des consommateurs et la capacit\u00e9 industrielle ont converg\u00e9.<\/p>\n<p>Cette dynamique se refl\u00e8te \u00e9galement sur les autobahns allemandes. Selon la KBA, le parc national de VE est pass\u00e9 de 34 000 v\u00e9hicules en 2017 \u00e0 plus de deux millions aujourd'hui, avec une augmentation impressionnante de 382 617 unit\u00e9s pour la seule ann\u00e9e 2025.<\/p>\n<p>La deux millioni\u00e8me voiture, une ID.3, a \u00e9t\u00e9 remise \u00e0 la Gl\u00e4serne Manufaktur de Dresde, l'\u00e9l\u00e9gante usine urbaine aux murs de verre de la soci\u00e9t\u00e9, qui ressemble davantage \u00e0 un mus\u00e9e du design qu'\u00e0 une installation de production.<\/p>\n<p>Il s'agit toutefois d'un nuage sans lueur d'espoir, car la production de l'ID.3 y a \u00e9t\u00e9 d\u00e9mantel\u00e9e dans le courant du mois de janvier, dans le cadre des mesures de restructuration plus vastes annonc\u00e9es l'ann\u00e9e derni\u00e8re (mais le b\u00e2timent restera un lieu de livraison pour Volkswagen).<\/p>\n<p>La production du v\u00e9hicule historique lui-m\u00eame a eu lieu \u00e0 l'usine de Zwickau, en Saxe. Ce site a \u00e9t\u00e9 enti\u00e8rement et m\u00e9ticuleusement r\u00e9nov\u00e9 pour l'\u00e8re \u00e9lectrique, employant des milliers de personnes dans une r\u00e9gion qui a autrefois construit la l\u00e9gendaire Trabant.<\/p>\n<h4>Les ID.4 et ID.5 m\u00e8nent la charge<\/h4>\n<p>Il est int\u00e9ressant de noter que si la Saxe construit ces v\u00e9hicules, la carte de l'adoption en Allemagne reste in\u00e9gale. La KBA note que les \u00c9tats de l'ouest comme la Rh\u00e9nanie-du-Nord-Westphalie (avec pr\u00e8s de 455 000 VE) m\u00e8nent la charge, tandis que les \u00c9tats de l'est comme la Saxe se contentent d'une part plus modeste de 2 \u00e0 2,3 % de VE dans l'ensemble du parc automobile.<\/p>\n<p>Pour Volkswagen, l'ID.4 et sa s\u0153ur au style coup\u00e9, l'ID.5, se sont av\u00e9r\u00e9s \u00eatre les chevaux de bataille incontest\u00e9s de la transition, avec quelque 901 000 livraisons \u00e0 ce jour.<\/p>\n<p>La compacte ID.3 suit avec un nombre respectable de 628 000 unit\u00e9s, tandis que la berline ID.7, plus raffin\u00e9e, a tranquillement conquis 132 000 conducteurs \u00e0 la recherche d'une exp\u00e9rience \u00e9lectrique haut de gamme.<\/p>\n<p>Dans le contexte plus large de la mobilit\u00e9 mondiale, Wolfsburg sait toutefois qu'il ne peut pas se permettre d'\u00eatre serein. Le march\u00e9 europ\u00e9en reste tr\u00e8s concurrentiel, les objectifs r\u00e9glementaires se resserrent et l'horizon g\u00e9opolitique apporte de nouveaux d\u00e9fis \u00e0 chaque tournant.<\/p>\n<p>Pour mettre les choses en perspective : alors que Volkswagen trinque \u00e0 sa marque cumul\u00e9e de deux millions, son redoutable rival chinois BYD a d\u00e9plac\u00e9 2,2 millions de v\u00e9hicules enti\u00e8rement \u00e9lectriques au cours de la seule ann\u00e9e 2025.<\/p>\n<p>Ce contraste est instructif, voire peu flatteur pour Volkswagen. N\u00e9anmoins, les deux entreprises op\u00e8rent dans des conditions de march\u00e9 fondamentalement diff\u00e9rentes, avec des histoires, des marges et des vents contraires politiques distincts.<\/p>","protected":false},"excerpt":{"rendered":"<p>Volkswagen&#8217;s two-millionth electric vehicle marks a turning point for Europe&#8217;s most storied automaker. However, the number is mostly a reminder that the real race has only just begun. There is a certain quiet satisfaction to be found in Lower Saxony these days. While upstart brands dominate headlines with brash promises and record-breaking charging times, Volkswagen [&hellip;]<\/p>\n","protected":false},"author":715,"featured_media":182320,"comment_status":"closed","ping_status":"closed","sticky":false,"template":"","format":"standard","meta":{"_acf_changed":false,"jetpack_post_was_ever_published":false,"_jetpack_newsletter_access":"","_jetpack_dont_email_post_to_subs":false,"_jetpack_newsletter_tier_id":0,"_jetpack_memberships_contains_paywalled_content":false,"_jetpack_memberships_contains_paid_content":false,"footnotes":"","jetpack_publicize_message":"","jetpack_publicize_feature_enabled":true,"jetpack_social_post_already_shared":true,"jetpack_social_options":{"image_generator_settings":{"template":"highway","default_image_id":0,"font":"","enabled":false},"version":2},"_wpas_customize_per_network":false},"categories":[28,16,77169,7,8,4],"tags":[],"class_list":["post-182319","post","type-post","status-publish","format-standard","has-post-thumbnail","hentry","category-europe","category-industry","category-market","category-mobility","category-product","category-top-stories-today"],"acf":[],"featured_image_urls_v2":{"full":["https:\/\/i0.wp.com\/newmobility.news\/wp-content\/uploads\/2026\/03\/DB2026AL00054_medium.jpg?fit=1795%2C933&ssl=1",1795,933,false],"thumbnail":["https:\/\/i0.wp.com\/newmobility.news\/wp-content\/uploads\/2026\/03\/DB2026AL00054_medium.jpg?resize=150%2C150&ssl=1",150,150,true],"medium":["https:\/\/i0.wp.com\/newmobility.news\/wp-content\/uploads\/2026\/03\/DB2026AL00054_medium.jpg?fit=300%2C156&ssl=1",300,156,true],"medium_large":["https:\/\/i0.wp.com\/newmobility.news\/wp-content\/uploads\/2026\/03\/DB2026AL00054_medium.jpg?fit=640%2C333&ssl=1",640,333,true],"large":["https:\/\/i0.wp.com\/newmobility.news\/wp-content\/uploads\/2026\/03\/DB2026AL00054_medium.jpg?fit=640%2C333&ssl=1",640,333,true],"1536x1536":["https:\/\/i0.wp.com\/newmobility.news\/wp-content\/uploads\/2026\/03\/DB2026AL00054_medium.jpg?fit=1536%2C798&ssl=1",1536,798,true],"2048x2048":["https:\/\/i0.wp.com\/newmobility.news\/wp-content\/uploads\/2026\/03\/DB2026AL00054_medium.jpg?fit=1795%2C933&ssl=1",1795,933,true],"trp-custom-language-flag":["https:\/\/i0.wp.com\/newmobility.news\/wp-content\/uploads\/2026\/03\/DB2026AL00054_medium.jpg?fit=18%2C9&ssl=1",18,9,true],"related-thumb":["https:\/\/i0.wp.com\/newmobility.news\/wp-content\/uploads\/2026\/03\/DB2026AL00054_medium.jpg?resize=640%2C480&ssl=1",640,480,true],"gform-image-choice-sm":["https:\/\/i0.wp.com\/newmobility.news\/wp-content\/uploads\/2026\/03\/DB2026AL00054_medium.jpg?resize=300%2C300&ssl=1",300,300,true],"gform-image-choice-md":["https:\/\/i0.wp.com\/newmobility.news\/wp-content\/uploads\/2026\/03\/DB2026AL00054_medium.jpg?resize=400%2C400&ssl=1",400,400,true],"gform-image-choice-lg":["https:\/\/i0.wp.com\/newmobility.news\/wp-content\/uploads\/2026\/03\/DB2026AL00054_medium.jpg?resize=600%2C600&ssl=1",600,600,true],"mailchimp":["https:\/\/i0.wp.com\/newmobility.news\/wp-content\/uploads\/2026\/03\/DB2026AL00054_medium.jpg?fit=560%2C291&ssl=1",560,291,true],"unipress-phone":["https:\/\/i0.wp.com\/newmobility.news\/wp-content\/uploads\/2026\/03\/DB2026AL00054_medium.jpg?resize=640%2C100&ssl=1",640,100,true],"unipress-tablet":["https:\/\/i0.wp.com\/newmobility.news\/wp-content\/uploads\/2026\/03\/DB2026AL00054_medium.jpg?resize=1536%2C240&ssl=1",1536,240,true],"unipress-tablet-portrait":["https:\/\/i0.wp.com\/newmobility.news\/wp-content\/uploads\/2026\/03\/DB2026AL00054_medium.jpg?resize=1536%2C180&ssl=1",1536,180,true],"unipress-tablet-landscape":["https:\/\/i0.wp.com\/newmobility.news\/wp-content\/uploads\/2026\/03\/DB2026AL00054_medium.jpg?resize=1795%2C180&ssl=1",1795,180,true],"unipress-smartphone":["https:\/\/i0.wp.com\/newmobility.news\/wp-content\/uploads\/2026\/03\/DB2026AL00054_medium.jpg?resize=1080%2C168&ssl=1",1080,168,true],"unipress-wide-screen":["https:\/\/i0.wp.com\/newmobility.news\/wp-content\/uploads\/2026\/03\/DB2026AL00054_medium.jpg?resize=1795%2C180&ssl=1",1795,180,true]},"post_excerpt_stackable_v2":"<p>Volkswagen&#8217;s two-millionth electric vehicle marks a turning point for Europe&#8217;s most storied automaker. However, the number is mostly a reminder that the real race has only just begun. There is a certain quiet satisfaction to be found in Lower Saxony these days. While upstart brands dominate headlines with brash promises and record-breaking charging times, Volkswagen has been methodically rewiring its global operations with the measured confidence that has driven much of its success. Two million on German roads The milestone it celebrated last week &#8211; the handover of its two-millionth battery-electric vehicle &#8211; is not the kind of number that&hellip;<\/p>\n","category_list_v2":"<a href=\"https:\/\/newmobility.news\/fr\/category\/europe\/\" rel=\"category tag\">Europe<\/a>, <a href=\"https:\/\/newmobility.news\/fr\/category\/industry\/\" rel=\"category tag\">Industry<\/a>, <a href=\"https:\/\/newmobility.news\/fr\/category\/market\/\" rel=\"category tag\">Market<\/a>, <a href=\"https:\/\/newmobility.news\/fr\/category\/mobility\/\" rel=\"category tag\">Mobility<\/a>, <a href=\"https:\/\/newmobility.news\/fr\/category\/product\/\" rel=\"category tag\">Product<\/a>, <a href=\"https:\/\/newmobility.news\/fr\/category\/top-stories-today\/\" rel=\"category tag\">Top Stories Today<\/a>","author_info_v2":{"name":"Piet Andries","url":"https:\/\/newmobility.news\/fr\/author\/piet-andriesgmail-com\/"},"comments_num_v2":"0 comments","yoast_head":"<!-- This site is optimized with the Yoast SEO plugin v27.5 - https:\/\/yoast.com\/product\/yoast-seo-wordpress\/ -->\n<title>Volkswagen&#039;s electric milestone: 2 million sales - newmobility.news<\/title>\n<meta name=\"robots\" content=\"index, follow, max-snippet:-1, max-image-preview:large, max-video-preview:-1\" \/>\n<link rel=\"canonical\" href=\"https:\/\/newmobility.news\/fr\/2026\/03\/03\/volkswagens-electric-milestone-2-million-sales\/\" \/>\n<meta property=\"og:locale\" content=\"fr_FR\" \/>\n<meta property=\"og:type\" content=\"article\" \/>\n<meta property=\"og:title\" content=\"Volkswagen&#039;s electric milestone: 2 million sales - newmobility.news\" \/>\n<meta property=\"og:description\" content=\"Volkswagen&#8217;s two-millionth electric vehicle marks a turning point for Europe&#8217;s most storied automaker. However, the number is mostly a reminder that the real race has only just begun. There is a certain quiet satisfaction to be found in Lower Saxony these days. While upstart brands dominate headlines with brash promises and record-breaking charging times, Volkswagen [&hellip;]\" \/>\n<meta property=\"og:url\" content=\"https:\/\/newmobility.news\/fr\/2026\/03\/03\/volkswagens-electric-milestone-2-million-sales\/\" \/>\n<meta property=\"og:site_name\" content=\"newmobility.news\" \/>\n<meta property=\"article:publisher\" content=\"https:\/\/www.facebook.com\/search\/top\/?q=newmobility.news\" \/>\n<meta property=\"article:published_time\" content=\"2026-03-03T06:47:47+00:00\" \/>\n<meta property=\"og:image\" content=\"https:\/\/newmobility.news\/wp-content\/uploads\/2026\/03\/DB2026AL00054_medium.jpg\" \/>\n\t<meta property=\"og:image:width\" content=\"1795\" \/>\n\t<meta property=\"og:image:height\" content=\"933\" \/>\n\t<meta property=\"og:image:type\" content=\"image\/jpeg\" \/>\n<meta name=\"author\" content=\"Piet Andries\" \/>\n<meta name=\"twitter:card\" content=\"summary_large_image\" \/>\n<meta name=\"twitter:creator\" content=\"@jorisvry\" \/>\n<meta name=\"twitter:site\" content=\"@jorisvry\" \/>\n<meta name=\"twitter:label1\" content=\"\u00c9crit par\" \/>\n\t<meta name=\"twitter:data1\" content=\"Piet Andries\" \/>\n\t<meta name=\"twitter:label2\" content=\"Dur\u00e9e de lecture est.\" \/>\n\t<meta name=\"twitter:data2\" content=\"3 minutes\" \/>\n<script type=\"application\/ld+json\" class=\"yoast-schema-graph\">{\"@context\":\"https:\\\/\\\/schema.org\",\"@graph\":[{\"@type\":\"Article\",\"@id\":\"https:\\\/\\\/newmobility.news\\\/2026\\\/03\\\/03\\\/volkswagens-electric-milestone-2-million-sales\\\/#article\",\"isPartOf\":{\"@id\":\"https:\\\/\\\/newmobility.news\\\/2026\\\/03\\\/03\\\/volkswagens-electric-milestone-2-million-sales\\\/\"},\"author\":{\"name\":\"Piet Andries\",\"@id\":\"https:\\\/\\\/newmobility.news\\\/#\\\/schema\\\/person\\\/4f0a0e407f0ee24ec763e67b0a5840a5\"},\"headline\":\"Volkswagen&#8217;s electric milestone: 2 million sales\",\"datePublished\":\"2026-03-03T06:47:47+00:00\",\"mainEntityOfPage\":{\"@id\":\"https:\\\/\\\/newmobility.news\\\/2026\\\/03\\\/03\\\/volkswagens-electric-milestone-2-million-sales\\\/\"},\"wordCount\":597,\"publisher\":{\"@id\":\"https:\\\/\\\/newmobility.news\\\/#organization\"},\"image\":{\"@id\":\"https:\\\/\\\/newmobility.news\\\/2026\\\/03\\\/03\\\/volkswagens-electric-milestone-2-million-sales\\\/#primaryimage\"},\"thumbnailUrl\":\"https:\\\/\\\/i0.wp.com\\\/newmobility.news\\\/wp-content\\\/uploads\\\/2026\\\/03\\\/DB2026AL00054_medium.jpg?fit=1795%2C933&ssl=1\",\"articleSection\":[\"Europe\",\"Industry\",\"Market\",\"Mobility\",\"Product\",\"Top Stories Today\"],\"inLanguage\":\"fr-BE\"},{\"@type\":\"WebPage\",\"@id\":\"https:\\\/\\\/newmobility.news\\\/2026\\\/03\\\/03\\\/volkswagens-electric-milestone-2-million-sales\\\/\",\"url\":\"https:\\\/\\\/newmobility.news\\\/2026\\\/03\\\/03\\\/volkswagens-electric-milestone-2-million-sales\\\/\",\"name\":\"Volkswagen's electric milestone: 2 million sales - newmobility.news\",\"isPartOf\":{\"@id\":\"https:\\\/\\\/newmobility.news\\\/#website\"},\"primaryImageOfPage\":{\"@id\":\"https:\\\/\\\/newmobility.news\\\/2026\\\/03\\\/03\\\/volkswagens-electric-milestone-2-million-sales\\\/#primaryimage\"},\"image\":{\"@id\":\"https:\\\/\\\/newmobility.news\\\/2026\\\/03\\\/03\\\/volkswagens-electric-milestone-2-million-sales\\\/#primaryimage\"},\"thumbnailUrl\":\"https:\\\/\\\/i0.wp.com\\\/newmobility.news\\\/wp-content\\\/uploads\\\/2026\\\/03\\\/DB2026AL00054_medium.jpg?fit=1795%2C933&ssl=1\",\"datePublished\":\"2026-03-03T06:47:47+00:00\",\"breadcrumb\":{\"@id\":\"https:\\\/\\\/newmobility.news\\\/2026\\\/03\\\/03\\\/volkswagens-electric-milestone-2-million-sales\\\/#breadcrumb\"},\"inLanguage\":\"fr-BE\",\"potentialAction\":[{\"@type\":\"ReadAction\",\"target\":[\"https:\\\/\\\/newmobility.news\\\/2026\\\/03\\\/03\\\/volkswagens-electric-milestone-2-million-sales\\\/\"]}]},{\"@type\":\"ImageObject\",\"inLanguage\":\"fr-BE\",\"@id\":\"https:\\\/\\\/newmobility.news\\\/2026\\\/03\\\/03\\\/volkswagens-electric-milestone-2-million-sales\\\/#primaryimage\",\"url\":\"https:\\\/\\\/i0.wp.com\\\/newmobility.news\\\/wp-content\\\/uploads\\\/2026\\\/03\\\/DB2026AL00054_medium.jpg?fit=1795%2C933&ssl=1\",\"contentUrl\":\"https:\\\/\\\/i0.wp.com\\\/newmobility.news\\\/wp-content\\\/uploads\\\/2026\\\/03\\\/DB2026AL00054_medium.jpg?fit=1795%2C933&ssl=1\",\"width\":1795,\"height\":933,\"caption\":\"The anniversary vehicle is an ID.3, produced in Zwickau and delivered to a customer at the Transparent Factory in Dresden.\"},{\"@type\":\"BreadcrumbList\",\"@id\":\"https:\\\/\\\/newmobility.news\\\/2026\\\/03\\\/03\\\/volkswagens-electric-milestone-2-million-sales\\\/#breadcrumb\",\"itemListElement\":[{\"@type\":\"ListItem\",\"position\":1,\"name\":\"Home\",\"item\":\"https:\\\/\\\/newmobility.news\\\/\"},{\"@type\":\"ListItem\",\"position\":2,\"name\":\"Volkswagen&#8217;s electric milestone: 2 million sales\"}]},{\"@type\":\"WebSite\",\"@id\":\"https:\\\/\\\/newmobility.news\\\/#website\",\"url\":\"https:\\\/\\\/newmobility.news\\\/\",\"name\":\"newmobility.news\",\"description\":\"A B2BNews Agency\u00ae news service for mobility business proessional\",\"publisher\":{\"@id\":\"https:\\\/\\\/newmobility.news\\\/#organization\"},\"potentialAction\":[{\"@type\":\"SearchAction\",\"target\":{\"@type\":\"EntryPoint\",\"urlTemplate\":\"https:\\\/\\\/newmobility.news\\\/?s={search_term_string}\"},\"query-input\":{\"@type\":\"PropertyValueSpecification\",\"valueRequired\":true,\"valueName\":\"search_term_string\"}}],\"inLanguage\":\"fr-BE\"},{\"@type\":\"Organization\",\"@id\":\"https:\\\/\\\/newmobility.news\\\/#organization\",\"name\":\"B2BNews Agency\",\"url\":\"https:\\\/\\\/newmobility.news\\\/\",\"logo\":{\"@type\":\"ImageObject\",\"inLanguage\":\"fr-BE\",\"@id\":\"https:\\\/\\\/newmobility.news\\\/#\\\/schema\\\/logo\\\/image\\\/\",\"url\":\"https:\\\/\\\/newmobility.news\\\/wp-content\\\/uploads\\\/2018\\\/01\\\/b2bnews-agency-logo.png\",\"contentUrl\":\"https:\\\/\\\/newmobility.news\\\/wp-content\\\/uploads\\\/2018\\\/01\\\/b2bnews-agency-logo.png\",\"width\":\"581\",\"height\":\"117\",\"caption\":\"B2BNews Agency\"},\"image\":{\"@id\":\"https:\\\/\\\/newmobility.news\\\/#\\\/schema\\\/logo\\\/image\\\/\"},\"sameAs\":[\"https:\\\/\\\/www.facebook.com\\\/search\\\/top\\\/?q=newmobility.news\",\"https:\\\/\\\/x.com\\\/jorisvry\",\"https:\\\/\\\/www.linkedin.com\\\/in\\\/jorisvanroy\\\/\",\"https:\\\/\\\/nl.pinterest.com\\\/jorisvanroy\\\/\"]},{\"@type\":\"Person\",\"@id\":\"https:\\\/\\\/newmobility.news\\\/#\\\/schema\\\/person\\\/4f0a0e407f0ee24ec763e67b0a5840a5\",\"name\":\"Piet Andries\",\"image\":{\"@type\":\"ImageObject\",\"inLanguage\":\"fr-BE\",\"@id\":\"https:\\\/\\\/secure.gravatar.com\\\/avatar\\\/c7ec64b5aa2f5a96b3ea5ca5b828a30d1b3e6e74b21e2f3e71ba86eea80553d4?s=96&d=mm&r=g\",\"url\":\"https:\\\/\\\/secure.gravatar.com\\\/avatar\\\/c7ec64b5aa2f5a96b3ea5ca5b828a30d1b3e6e74b21e2f3e71ba86eea80553d4?s=96&d=mm&r=g\",\"contentUrl\":\"https:\\\/\\\/secure.gravatar.com\\\/avatar\\\/c7ec64b5aa2f5a96b3ea5ca5b828a30d1b3e6e74b21e2f3e71ba86eea80553d4?s=96&d=mm&r=g\",\"caption\":\"Piet Andries\"},\"url\":\"https:\\\/\\\/newmobility.news\\\/fr\\\/author\\\/piet-andriesgmail-com\\\/\"}]}<\/script>\n<!-- \/ Yoast SEO plugin. -->","yoast_head_json":{"title":"L'\u00e9tape \u00e9lectrique de Volkswagen : 2 millions de ventes - newmobility.news","robots":{"index":"index","follow":"follow","max-snippet":"max-snippet:-1","max-image-preview":"max-image-preview:large","max-video-preview":"max-video-preview:-1"},"canonical":"https:\/\/newmobility.news\/fr\/2026\/03\/03\/volkswagens-electric-milestone-2-million-sales\/","og_locale":"fr_FR","og_type":"article","og_title":"Volkswagen's electric milestone: 2 million sales - newmobility.news","og_description":"Volkswagen&#8217;s two-millionth electric vehicle marks a turning point for Europe&#8217;s most storied automaker. However, the number is mostly a reminder that the real race has only just begun. There is a certain quiet satisfaction to be found in Lower Saxony these days. While upstart brands dominate headlines with brash promises and record-breaking charging times, Volkswagen [&hellip;]","og_url":"https:\/\/newmobility.news\/fr\/2026\/03\/03\/volkswagens-electric-milestone-2-million-sales\/","og_site_name":"newmobility.news","article_publisher":"https:\/\/www.facebook.com\/search\/top\/?q=newmobility.news","article_published_time":"2026-03-03T06:47:47+00:00","og_image":[{"width":1795,"height":933,"url":"https:\/\/newmobility.news\/wp-content\/uploads\/2026\/03\/DB2026AL00054_medium.jpg","type":"image\/jpeg"}],"author":"Piet Andries","twitter_card":"summary_large_image","twitter_creator":"@jorisvry","twitter_site":"@jorisvry","twitter_misc":{"\u00c9crit par":"Piet Andries","Dur\u00e9e de lecture est.":"3 minutes"},"schema":{"@context":"https:\/\/schema.org","@graph":[{"@type":"Article","@id":"https:\/\/newmobility.news\/2026\/03\/03\/volkswagens-electric-milestone-2-million-sales\/#article","isPartOf":{"@id":"https:\/\/newmobility.news\/2026\/03\/03\/volkswagens-electric-milestone-2-million-sales\/"},"author":{"name":"Piet Andries","@id":"https:\/\/newmobility.news\/#\/schema\/person\/4f0a0e407f0ee24ec763e67b0a5840a5"},"headline":"Volkswagen&#8217;s electric milestone: 2 million sales","datePublished":"2026-03-03T06:47:47+00:00","mainEntityOfPage":{"@id":"https:\/\/newmobility.news\/2026\/03\/03\/volkswagens-electric-milestone-2-million-sales\/"},"wordCount":597,"publisher":{"@id":"https:\/\/newmobility.news\/#organization"},"image":{"@id":"https:\/\/newmobility.news\/2026\/03\/03\/volkswagens-electric-milestone-2-million-sales\/#primaryimage"},"thumbnailUrl":"https:\/\/i0.wp.com\/newmobility.news\/wp-content\/uploads\/2026\/03\/DB2026AL00054_medium.jpg?fit=1795%2C933&ssl=1","articleSection":["Europe","Industry","Market","Mobility","Product","Top Stories Today"],"inLanguage":"fr-BE"},{"@type":"WebPage","@id":"https:\/\/newmobility.news\/2026\/03\/03\/volkswagens-electric-milestone-2-million-sales\/","url":"https:\/\/newmobility.news\/2026\/03\/03\/volkswagens-electric-milestone-2-million-sales\/","name":"L'\u00e9tape \u00e9lectrique de Volkswagen : 2 millions de ventes - newmobility.news","isPartOf":{"@id":"https:\/\/newmobility.news\/#website"},"primaryImageOfPage":{"@id":"https:\/\/newmobility.news\/2026\/03\/03\/volkswagens-electric-milestone-2-million-sales\/#primaryimage"},"image":{"@id":"https:\/\/newmobility.news\/2026\/03\/03\/volkswagens-electric-milestone-2-million-sales\/#primaryimage"},"thumbnailUrl":"https:\/\/i0.wp.com\/newmobility.news\/wp-content\/uploads\/2026\/03\/DB2026AL00054_medium.jpg?fit=1795%2C933&ssl=1","datePublished":"2026-03-03T06:47:47+00:00","breadcrumb":{"@id":"https:\/\/newmobility.news\/2026\/03\/03\/volkswagens-electric-milestone-2-million-sales\/#breadcrumb"},"inLanguage":"fr-BE","potentialAction":[{"@type":"ReadAction","target":["https:\/\/newmobility.news\/2026\/03\/03\/volkswagens-electric-milestone-2-million-sales\/"]}]},{"@type":"ImageObject","inLanguage":"fr-BE","@id":"https:\/\/newmobility.news\/2026\/03\/03\/volkswagens-electric-milestone-2-million-sales\/#primaryimage","url":"https:\/\/i0.wp.com\/newmobility.news\/wp-content\/uploads\/2026\/03\/DB2026AL00054_medium.jpg?fit=1795%2C933&ssl=1","contentUrl":"https:\/\/i0.wp.com\/newmobility.news\/wp-content\/uploads\/2026\/03\/DB2026AL00054_medium.jpg?fit=1795%2C933&ssl=1","width":1795,"height":933,"caption":"The anniversary vehicle is an ID.3, produced in Zwickau and delivered to a customer at the Transparent Factory in Dresden."},{"@type":"BreadcrumbList","@id":"https:\/\/newmobility.news\/2026\/03\/03\/volkswagens-electric-milestone-2-million-sales\/#breadcrumb","itemListElement":[{"@type":"ListItem","position":1,"name":"Home","item":"https:\/\/newmobility.news\/"},{"@type":"ListItem","position":2,"name":"Volkswagen&#8217;s electric milestone: 2 million sales"}]},{"@type":"WebSite","@id":"https:\/\/newmobility.news\/#website","url":"https:\/\/newmobility.news\/","name":"nouveaumobilit\u00e9.actualit\u00e9s","description":"Un service d'information B2BNews Agency\u00ae destin\u00e9 aux professionnels de la mobilit\u00e9","publisher":{"@id":"https:\/\/newmobility.news\/#organization"},"potentialAction":[{"@type":"SearchAction","target":{"@type":"EntryPoint","urlTemplate":"https:\/\/newmobility.news\/?s={search_term_string}"},"query-input":{"@type":"PropertyValueSpecification","valueRequired":true,"valueName":"search_term_string"}}],"inLanguage":"fr-BE"},{"@type":"Organization","@id":"https:\/\/newmobility.news\/#organization","name":"Agence de presse B2BNews","url":"https:\/\/newmobility.news\/","logo":{"@type":"ImageObject","inLanguage":"fr-BE","@id":"https:\/\/newmobility.news\/#\/schema\/logo\/image\/","url":"https:\/\/newmobility.news\/wp-content\/uploads\/2018\/01\/b2bnews-agency-logo.png","contentUrl":"https:\/\/newmobility.news\/wp-content\/uploads\/2018\/01\/b2bnews-agency-logo.png","width":"581","height":"117","caption":"B2BNews Agency"},"image":{"@id":"https:\/\/newmobility.news\/#\/schema\/logo\/image\/"},"sameAs":["https:\/\/www.facebook.com\/search\/top\/?q=newmobility.news","https:\/\/x.com\/jorisvry","https:\/\/www.linkedin.com\/in\/jorisvanroy\/","https:\/\/nl.pinterest.com\/jorisvanroy\/"]},{"@type":"Person","@id":"https:\/\/newmobility.news\/#\/schema\/person\/4f0a0e407f0ee24ec763e67b0a5840a5","name":"Piet Andries","image":{"@type":"ImageObject","inLanguage":"fr-BE","@id":"https:\/\/secure.gravatar.com\/avatar\/c7ec64b5aa2f5a96b3ea5ca5b828a30d1b3e6e74b21e2f3e71ba86eea80553d4?s=96&d=mm&r=g","url":"https:\/\/secure.gravatar.com\/avatar\/c7ec64b5aa2f5a96b3ea5ca5b828a30d1b3e6e74b21e2f3e71ba86eea80553d4?s=96&d=mm&r=g","contentUrl":"https:\/\/secure.gravatar.com\/avatar\/c7ec64b5aa2f5a96b3ea5ca5b828a30d1b3e6e74b21e2f3e71ba86eea80553d4?s=96&d=mm&r=g","caption":"Piet Andries"},"url":"https:\/\/newmobility.news\/fr\/author\/piet-andriesgmail-com\/"}]}},"jetpack_publicize_connections":[],"jetpack_featured_media_url":"https:\/\/i0.wp.com\/newmobility.news\/wp-content\/uploads\/2026\/03\/DB2026AL00054_medium.jpg?fit=1795%2C933&ssl=1","jetpack_shortlink":"https:\/\/wp.me\/p9wJdU-LqD","jetpack_sharing_enabled":true,"jetpack_likes_enabled":true,"jetpack-related-posts":[],"_links":{"self":[{"href":"https:\/\/newmobility.news\/fr\/wp-json\/wp\/v2\/posts\/182319","targetHints":{"allow":["GET"]}}],"collection":[{"href":"https:\/\/newmobility.news\/fr\/wp-json\/wp\/v2\/posts"}],"about":[{"href":"https:\/\/newmobility.news\/fr\/wp-json\/wp\/v2\/types\/post"}],"author":[{"embeddable":true,"href":"https:\/\/newmobility.news\/fr\/wp-json\/wp\/v2\/users\/715"}],"replies":[{"embeddable":true,"href":"https:\/\/newmobility.news\/fr\/wp-json\/wp\/v2\/comments?post=182319"}],"version-history":[{"count":3,"href":"https:\/\/newmobility.news\/fr\/wp-json\/wp\/v2\/posts\/182319\/revisions"}],"predecessor-version":[{"id":182323,"href":"https:\/\/newmobility.news\/fr\/wp-json\/wp\/v2\/posts\/182319\/revisions\/182323"}],"wp:featuredmedia":[{"embeddable":true,"href":"https:\/\/newmobility.news\/fr\/wp-json\/wp\/v2\/media\/182320"}],"wp:attachment":[{"href":"https:\/\/newmobility.news\/fr\/wp-json\/wp\/v2\/media?parent=182319"}],"wp:term":[{"taxonomy":"category","embeddable":true,"href":"https:\/\/newmobility.news\/fr\/wp-json\/wp\/v2\/categories?post=182319"},{"taxonomy":"post_tag","embeddable":true,"href":"https:\/\/newmobility.news\/fr\/wp-json\/wp\/v2\/tags?post=182319"}],"curies":[{"name":"wp","href":"https:\/\/api.w.org\/{rel}","templated":true}]}}