{"id":182497,"date":"2026-03-06T12:25:57","date_gmt":"2026-03-06T11:25:57","guid":{"rendered":"https:\/\/newmobility.news\/?p=182497"},"modified":"2026-03-06T11:21:11","modified_gmt":"2026-03-06T10:21:11","slug":"te-ferries-in-europe-emit-more-co2-than-6-6-million-cars","status":"publish","type":"post","link":"https:\/\/newmobility.news\/fr\/2026\/03\/06\/te-ferries-in-europe-emit-more-co2-than-6-6-million-cars\/","title":{"rendered":"T&amp;E : \u2018Les ferries en Europe \u00e9mettent plus de CO2 que 6,6 millions de voitures\u2019.\u2019"},"content":{"rendered":"<p>Une nouvelle \u00e9tude de Transport &amp; Environment (T&amp;E) montre que les ferries dans les villes portuaires comme Barcelone, Dublin et Naples sont responsables de plus de pollution atmosph\u00e9rique toxique (oxyde de soufre ou SOx) que toutes les voitures de ces villes.<\/p>\n<p>Dublin est actuellement la ville portuaire la plus pollu\u00e9e d'Europe en ce qui concerne la pollution atmosph\u00e9rique des ferries, suivie de Las Palmas et de Holyhead. Barcelone est le port de ferry qui \u00e9met le plus de CO2 en Europe.<\/p>\n<p>La route entre Travem\u00fcnde (Allemagne) et Helsinki (Finlande) est identifi\u00e9e comme la route de ferry la plus polluante d'Europe, suivie par le corridor entre Douvres et Calais.<\/p>\n<p>La Belgique n'appara\u00eet toutefois pas dans les classements relatifs \u00e0 la pollution caus\u00e9e par les ferries, car le pays n'a pas d'\u00eeles habit\u00e9es et la demande de ferries pour le transport de passagers est tr\u00e8s limit\u00e9e. Les ports belges sont essentiellement des centres de fret, et non des centres de passagers. Zeebrugge, par exemple, conna\u00eet un certain trafic de transbordeurs rouliers.<\/p>\n<h4>Facteurs structurels<\/h4>\n<p>Les ferries jouent un r\u00f4le essentiel en reliant les \u00eeles europ\u00e9ennes au continent. Pourtant, nombre d'entre eux sont v\u00e9tustes et polluants, ce qui nuit au climat et \u00e0 la sant\u00e9 des personnes vivant \u00e0 proximit\u00e9 des ports.<\/p>\n<p>Selon l'\u00e9tude, 1 043 ferries op\u00e9rant en Europe ont \u00e9mis environ 13,4 millions de tonnes de CO\u2082 en 2023, ce qui \u00e9quivaut aux \u00e9missions annuelles d'environ 6,6 millions de voitures.<\/p>\n<p>Les fortes \u00e9missions dans l'air s'expliquent en grande partie par des facteurs structurels : l'\u00e2ge moyen des navires (26 ans), les combustibles marins lourds contenant du soufre et la proximit\u00e9 urbaine : les ferries op\u00e8rent tr\u00e8s pr\u00e8s des villes et passent de longues p\u00e9riodes dans les ports, concentrant ainsi la pollution dans les villes.<\/p>\n<h4>\u2018L'heure est au renouveau\u2019<\/h4>\n<p>Le rapport indique que 60% des ferries europ\u00e9ens pourraient \u00eatre \u00e9lectriques d'ici 2035 et que plus de la moiti\u00e9 d'entre eux (52%) co\u00fbteraient moins cher \u00e0 exploiter que les navires fonctionnant \u00e0 l'\u00e9nergie fossile. L'\u00e2ge moyen des ferries en Europe \u00e9tant de 26 ans, le moment est venu de proc\u00e9der \u00e0 un renouvellement en profondeur, estime T&amp;E.<\/p>\n<p>Des lignes de ferries \u00e9lectriques commencent \u00e0 appara\u00eetre dans toute l'Europe, prouvant que les voyages en ferry propre sont commercialement viables dans de nombreux cas. Le principal obstacle \u00e0 l'expansion des ferries \u00e9lectriques est l'infrastructure de recharge, mais le d\u00e9fi est moins important qu'on ne le pense. 57% des ports n'auraient besoin que de petits chargeurs de moins de 5 MW pour assurer le fonctionnement des ferries \u00e9lectriques.<\/p>\n<h4>\u2018Les ferries doivent relier les communaut\u00e9s et non les polluer\u2019<\/h4>\n<p>Cette situation devrait changer en 2027, lorsque de nouvelles zones de contr\u00f4le des \u00e9missions entreront en vigueur, limitant la pollution atmosph\u00e9rique due aux combustibles maritimes dans l'Atlantique du Nord-Est.<\/p>\n<p>Felix Klann, responsable de la politique de transport maritime chez T&amp;E : \u201cLes ferries devraient relier les communaut\u00e9s, et non les polluer. Trop de ferries br\u00fblent des combustibles fossiles polluants et rejettent de l'air toxique dans les villes portuaires d'Europe. Leur \u00e9lectrification permettrait de r\u00e9duire consid\u00e9rablement les \u00e9missions et d'apporter une bouff\u00e9e d'air frais \u00e0 des millions de personnes\u201d.\u201d<\/p>\n<h4>Les plates-formes de fret sont beaucoup plus polluantes<\/h4>\n<p>Lorsque tous les types de navires sont pris en compte (porte-conteneurs, p\u00e9troliers, navires de croisi\u00e8re, vraquiers, ferries), le classement des ports europ\u00e9ens les plus polluants change radicalement par rapport \u00e0 l'analyse portant uniquement sur les ferries.<\/p>\n<p>Des \u00e9tudes men\u00e9es par des organisations telles que l'Agence europ\u00e9enne pour l'environnement et Transport &amp; Environment montrent r\u00e9guli\u00e8rement que les grandes plateformes de fret sont responsables de la majorit\u00e9 des \u00e9missions.<\/p>\n<p>Les ports domin\u00e9s par les m\u00e9ga-porte-conteneurs et les p\u00e9troliers \u00e9mettent globalement beaucoup plus de CO\u2082 que les ports de ferries. Par exemple, le port de Rotterdam, le plus grand port d'Europe, traite d'importants volumes de conteneurs et de p\u00e9trole.<\/p>\n<p>Le port d'Anvers-Bruges est \u00e9galement tr\u00e8s actif dans le domaine de la p\u00e9trochimie et des conteneurs. Il traite environ 290 millions de tonnes de marchandises par an.<\/p>\n<h4>Belgique : deuxi\u00e8me pollueur maritime<\/h4>\n<p>Le principal port de Belgique est l'une des plus grandes sources d'\u00e9missions du transport maritime en Europe. Il accueille l'un des plus grands clusters p\u00e9trochimiques du monde, de tr\u00e8s grands navires, et les navires voyagent loin \u00e0 l'int\u00e9rieur des terres le long de l'Escaut, augmentant ainsi la pollution dans les zones peupl\u00e9es.<\/p>\n<p>La Belgique est peu pollu\u00e9e par les ferries, mais tr\u00e8s pollu\u00e9e par les \u00e9missions maritimes totales. Si la Belgique n'est pas un haut lieu de la pollution par les ferries, le pays abrite l'une des plus grandes plateformes maritimes d'Europe, le port d'Anvers-Bruges se classant au deuxi\u00e8me rang des sources d'\u00e9missions maritimes en Europe, derri\u00e8re Rotterdam.<\/p>\n<table class=\"w-fit min-w-(--thread-content-width)\" data-start=\"620\" data-end=\"1440\">\n<tbody data-start=\"689\" data-end=\"1440\">\n<tr data-start=\"689\" data-end=\"804\">\n<td data-col-size=\"sm\" data-start=\"693\" data-end=\"733\"><\/td>\n<td data-col-size=\"sm\" data-start=\"733\" data-end=\"747\"><\/td>\n<td data-col-size=\"md\" data-start=\"747\" data-end=\"804\"><\/td>\n<\/tr>\n<\/tbody>\n<\/table>","protected":false},"excerpt":{"rendered":"<p>Ferries in port cities like Barcelona, Dublin, and Naples are responsible for more toxic air pollution (sulphur oxide or SOx) than all the cars in those cities, a new study by Transport &amp; Environment (T&amp;E) shows. Dublin is currently the most polluted port city in Europe for ferry air pollution, followed by Las Palmas and [&hellip;]<\/p>\n","protected":false},"author":175,"featured_media":182538,"comment_status":"closed","ping_status":"closed","sticky":false,"template":"","format":"standard","meta":{"_acf_changed":false,"jetpack_post_was_ever_published":false,"_jetpack_newsletter_access":"","_jetpack_dont_email_post_to_subs":false,"_jetpack_newsletter_tier_id":0,"_jetpack_memberships_contains_paywalled_content":false,"_jetpack_memberships_contains_paid_content":false,"footnotes":"","jetpack_publicize_message":"","jetpack_publicize_feature_enabled":true,"jetpack_social_post_already_shared":true,"jetpack_social_options":{"image_generator_settings":{"template":"highway","default_image_id":0,"font":"","enabled":false},"version":2},"_wpas_customize_per_network":false},"categories":[2043,29,28,51851,77153,7,26,4,61],"tags":[],"class_list":["post-182497","post","type-post","status-publish","format-standard","has-post-thumbnail","hentry","category-energy","category-environment","category-europe","category-health","category-maritime","category-mobility","category-public-transport","category-top-stories-today","category-transport"],"acf":[],"featured_image_urls_v2":{"full":["https:\/\/i0.wp.com\/newmobility.news\/wp-content\/uploads\/2026\/03\/Scherm%C2%ADafbeelding-2026-03-06-om-11.04.49.png?fit=1127%2C470&ssl=1",1127,470,false],"thumbnail":["https:\/\/i0.wp.com\/newmobility.news\/wp-content\/uploads\/2026\/03\/Scherm%C2%ADafbeelding-2026-03-06-om-11.04.49.png?resize=150%2C150&ssl=1",150,150,true],"medium":["https:\/\/i0.wp.com\/newmobility.news\/wp-content\/uploads\/2026\/03\/Scherm%C2%ADafbeelding-2026-03-06-om-11.04.49.png?fit=300%2C125&ssl=1",300,125,true],"medium_large":["https:\/\/i0.wp.com\/newmobility.news\/wp-content\/uploads\/2026\/03\/Scherm%C2%ADafbeelding-2026-03-06-om-11.04.49.png?fit=640%2C267&ssl=1",640,267,true],"large":["https:\/\/i0.wp.com\/newmobility.news\/wp-content\/uploads\/2026\/03\/Scherm%C2%ADafbeelding-2026-03-06-om-11.04.49.png?fit=640%2C267&ssl=1",640,267,true],"1536x1536":["https:\/\/i0.wp.com\/newmobility.news\/wp-content\/uploads\/2026\/03\/Scherm%C2%ADafbeelding-2026-03-06-om-11.04.49.png?fit=1127%2C470&ssl=1",1127,470,true],"2048x2048":["https:\/\/i0.wp.com\/newmobility.news\/wp-content\/uploads\/2026\/03\/Scherm%C2%ADafbeelding-2026-03-06-om-11.04.49.png?fit=1127%2C470&ssl=1",1127,470,true],"trp-custom-language-flag":["https:\/\/i0.wp.com\/newmobility.news\/wp-content\/uploads\/2026\/03\/Scherm%C2%ADafbeelding-2026-03-06-om-11.04.49.png?fit=18%2C8&ssl=1",18,8,true],"related-thumb":["https:\/\/i0.wp.com\/newmobility.news\/wp-content\/uploads\/2026\/03\/Scherm%C2%ADafbeelding-2026-03-06-om-11.04.49.png?resize=640%2C470&ssl=1",640,470,true],"gform-image-choice-sm":["https:\/\/i0.wp.com\/newmobility.news\/wp-content\/uploads\/2026\/03\/Scherm%C2%ADafbeelding-2026-03-06-om-11.04.49.png?resize=300%2C300&ssl=1",300,300,true],"gform-image-choice-md":["https:\/\/i0.wp.com\/newmobility.news\/wp-content\/uploads\/2026\/03\/Scherm%C2%ADafbeelding-2026-03-06-om-11.04.49.png?resize=400%2C400&ssl=1",400,400,true],"gform-image-choice-lg":["https:\/\/i0.wp.com\/newmobility.news\/wp-content\/uploads\/2026\/03\/Scherm%C2%ADafbeelding-2026-03-06-om-11.04.49.png?resize=600%2C470&ssl=1",600,470,true],"mailchimp":["https:\/\/i0.wp.com\/newmobility.news\/wp-content\/uploads\/2026\/03\/Scherm%C2%ADafbeelding-2026-03-06-om-11.04.49.png?fit=560%2C234&ssl=1",560,234,true],"unipress-phone":["https:\/\/i0.wp.com\/newmobility.news\/wp-content\/uploads\/2026\/03\/Scherm%C2%ADafbeelding-2026-03-06-om-11.04.49.png?resize=640%2C100&ssl=1",640,100,true],"unipress-tablet":["https:\/\/i0.wp.com\/newmobility.news\/wp-content\/uploads\/2026\/03\/Scherm%C2%ADafbeelding-2026-03-06-om-11.04.49.png?resize=1127%2C240&ssl=1",1127,240,true],"unipress-tablet-portrait":["https:\/\/i0.wp.com\/newmobility.news\/wp-content\/uploads\/2026\/03\/Scherm%C2%ADafbeelding-2026-03-06-om-11.04.49.png?resize=1127%2C180&ssl=1",1127,180,true],"unipress-tablet-landscape":["https:\/\/i0.wp.com\/newmobility.news\/wp-content\/uploads\/2026\/03\/Scherm%C2%ADafbeelding-2026-03-06-om-11.04.49.png?resize=1127%2C180&ssl=1",1127,180,true],"unipress-smartphone":["https:\/\/i0.wp.com\/newmobility.news\/wp-content\/uploads\/2026\/03\/Scherm%C2%ADafbeelding-2026-03-06-om-11.04.49.png?resize=1080%2C168&ssl=1",1080,168,true],"unipress-wide-screen":["https:\/\/i0.wp.com\/newmobility.news\/wp-content\/uploads\/2026\/03\/Scherm%C2%ADafbeelding-2026-03-06-om-11.04.49.png?resize=1127%2C180&ssl=1",1127,180,true]},"post_excerpt_stackable_v2":"<p>Ferries in port cities like Barcelona, Dublin, and Naples are responsible for more toxic air pollution (sulphur oxide or SOx) than all the cars in those cities, a new study by Transport &amp; Environment (T&amp;E) shows. Dublin is currently the most polluted port city in Europe for ferry air pollution, followed by Las Palmas and Holyhead. Barcelona is the highest CO2-emitting ferry port in Europe. The route between Travem\u00fcnde (Germany) and Helsinki (Finland) is identified as the highest-emitting ferry route in Europe, followed by the corridor between Dover and Calais. Belgium, however, does not appear in ferry pollution rankings because&hellip;<\/p>\n","category_list_v2":"<a href=\"https:\/\/newmobility.news\/fr\/category\/energy\/\" rel=\"category tag\">Energy<\/a>, <a href=\"https:\/\/newmobility.news\/fr\/category\/environment\/\" rel=\"category tag\">Environment<\/a>, <a href=\"https:\/\/newmobility.news\/fr\/category\/europe\/\" rel=\"category tag\">Europe<\/a>, <a href=\"https:\/\/newmobility.news\/fr\/category\/health\/\" rel=\"category tag\">Health<\/a>, <a href=\"https:\/\/newmobility.news\/fr\/category\/maritime\/\" rel=\"category tag\">Maritime<\/a>, <a href=\"https:\/\/newmobility.news\/fr\/category\/mobility\/\" rel=\"category tag\">Mobility<\/a>, <a href=\"https:\/\/newmobility.news\/fr\/category\/public-transport\/\" rel=\"category tag\">Public transport<\/a>, <a href=\"https:\/\/newmobility.news\/fr\/category\/top-stories-today\/\" rel=\"category tag\">Top Stories Today<\/a>, <a href=\"https:\/\/newmobility.news\/fr\/category\/transport\/\" rel=\"category tag\">Transport<\/a>","author_info_v2":{"name":"Hilde Van Raemdonck","url":"https:\/\/newmobility.news\/fr\/author\/hilde-van-raemdonck\/"},"comments_num_v2":"0 comments","yoast_head":"<!-- This site is optimized with the Yoast SEO plugin v27.5 - https:\/\/yoast.com\/product\/yoast-seo-wordpress\/ -->\n<title>T&amp;E: &#039;Ferries in Europe emit more CO2 than 6.6 million cars&#039; - newmobility.news<\/title>\n<meta name=\"robots\" content=\"index, follow, max-snippet:-1, max-image-preview:large, max-video-preview:-1\" \/>\n<link rel=\"canonical\" href=\"https:\/\/newmobility.news\/fr\/2026\/03\/06\/te-ferries-in-europe-emit-more-co2-than-6-6-million-cars\/\" \/>\n<meta property=\"og:locale\" content=\"fr_FR\" \/>\n<meta property=\"og:type\" content=\"article\" \/>\n<meta property=\"og:title\" content=\"T&amp;E: &#039;Ferries in Europe emit more CO2 than 6.6 million cars&#039; - newmobility.news\" \/>\n<meta property=\"og:description\" content=\"Ferries in port cities like Barcelona, Dublin, and Naples are responsible for more toxic air pollution (sulphur oxide or SOx) than all the cars in those cities, a new study by Transport &amp; Environment (T&amp;E) shows. Dublin is currently the most polluted port city in Europe for ferry air pollution, followed by Las Palmas and [&hellip;]\" \/>\n<meta property=\"og:url\" content=\"https:\/\/newmobility.news\/fr\/2026\/03\/06\/te-ferries-in-europe-emit-more-co2-than-6-6-million-cars\/\" \/>\n<meta property=\"og:site_name\" content=\"newmobility.news\" \/>\n<meta property=\"article:publisher\" content=\"https:\/\/www.facebook.com\/search\/top\/?q=newmobility.news\" \/>\n<meta property=\"article:published_time\" content=\"2026-03-06T11:25:57+00:00\" \/>\n<meta property=\"og:image\" content=\"https:\/\/i0.wp.com\/newmobility.news\/wp-content\/uploads\/2026\/03\/Scherm%C2%ADafbeelding-2026-03-06-om-11.04.49.png?fit=1127%2C470&ssl=1\" \/>\n\t<meta property=\"og:image:width\" content=\"1127\" \/>\n\t<meta property=\"og:image:height\" content=\"470\" \/>\n\t<meta property=\"og:image:type\" content=\"image\/png\" \/>\n<meta name=\"author\" content=\"Hilde Van Raemdonck\" \/>\n<meta name=\"twitter:card\" content=\"summary_large_image\" \/>\n<meta name=\"twitter:creator\" content=\"@jorisvry\" \/>\n<meta name=\"twitter:site\" content=\"@jorisvry\" \/>\n<meta name=\"twitter:label1\" content=\"\u00c9crit par\" \/>\n\t<meta name=\"twitter:data1\" content=\"Hilde Van Raemdonck\" \/>\n\t<meta name=\"twitter:label2\" content=\"Dur\u00e9e de lecture est.\" \/>\n\t<meta name=\"twitter:data2\" content=\"3 minutes\" \/>\n<script type=\"application\/ld+json\" class=\"yoast-schema-graph\">{\"@context\":\"https:\\\/\\\/schema.org\",\"@graph\":[{\"@type\":\"Article\",\"@id\":\"https:\\\/\\\/newmobility.news\\\/2026\\\/03\\\/06\\\/te-ferries-in-europe-emit-more-co2-than-6-6-million-cars\\\/#article\",\"isPartOf\":{\"@id\":\"https:\\\/\\\/newmobility.news\\\/2026\\\/03\\\/06\\\/te-ferries-in-europe-emit-more-co2-than-6-6-million-cars\\\/\"},\"author\":{\"name\":\"Hilde Van Raemdonck\",\"@id\":\"https:\\\/\\\/newmobility.news\\\/#\\\/schema\\\/person\\\/e57c278780b041b8d42f2ce28dd9ec82\"},\"headline\":\"T&#038;E: &#8216;Ferries in Europe emit more CO2 than 6.6 million cars&#8217;\",\"datePublished\":\"2026-03-06T11:25:57+00:00\",\"mainEntityOfPage\":{\"@id\":\"https:\\\/\\\/newmobility.news\\\/2026\\\/03\\\/06\\\/te-ferries-in-europe-emit-more-co2-than-6-6-million-cars\\\/\"},\"wordCount\":637,\"publisher\":{\"@id\":\"https:\\\/\\\/newmobility.news\\\/#organization\"},\"image\":{\"@id\":\"https:\\\/\\\/newmobility.news\\\/2026\\\/03\\\/06\\\/te-ferries-in-europe-emit-more-co2-than-6-6-million-cars\\\/#primaryimage\"},\"thumbnailUrl\":\"https:\\\/\\\/i0.wp.com\\\/newmobility.news\\\/wp-content\\\/uploads\\\/2026\\\/03\\\/Scherm%C2%ADafbeelding-2026-03-06-om-11.04.49.png?fit=1127%2C470&ssl=1\",\"articleSection\":[\"Energy\",\"Environment\",\"Europe\",\"Health\",\"Maritime\",\"Mobility\",\"Public transport\",\"Top Stories Today\",\"Transport\"],\"inLanguage\":\"fr-BE\"},{\"@type\":\"WebPage\",\"@id\":\"https:\\\/\\\/newmobility.news\\\/2026\\\/03\\\/06\\\/te-ferries-in-europe-emit-more-co2-than-6-6-million-cars\\\/\",\"url\":\"https:\\\/\\\/newmobility.news\\\/2026\\\/03\\\/06\\\/te-ferries-in-europe-emit-more-co2-than-6-6-million-cars\\\/\",\"name\":\"T&E: 'Ferries in Europe emit more CO2 than 6.6 million cars' - newmobility.news\",\"isPartOf\":{\"@id\":\"https:\\\/\\\/newmobility.news\\\/#website\"},\"primaryImageOfPage\":{\"@id\":\"https:\\\/\\\/newmobility.news\\\/2026\\\/03\\\/06\\\/te-ferries-in-europe-emit-more-co2-than-6-6-million-cars\\\/#primaryimage\"},\"image\":{\"@id\":\"https:\\\/\\\/newmobility.news\\\/2026\\\/03\\\/06\\\/te-ferries-in-europe-emit-more-co2-than-6-6-million-cars\\\/#primaryimage\"},\"thumbnailUrl\":\"https:\\\/\\\/i0.wp.com\\\/newmobility.news\\\/wp-content\\\/uploads\\\/2026\\\/03\\\/Scherm%C2%ADafbeelding-2026-03-06-om-11.04.49.png?fit=1127%2C470&ssl=1\",\"datePublished\":\"2026-03-06T11:25:57+00:00\",\"breadcrumb\":{\"@id\":\"https:\\\/\\\/newmobility.news\\\/2026\\\/03\\\/06\\\/te-ferries-in-europe-emit-more-co2-than-6-6-million-cars\\\/#breadcrumb\"},\"inLanguage\":\"fr-BE\",\"potentialAction\":[{\"@type\":\"ReadAction\",\"target\":[\"https:\\\/\\\/newmobility.news\\\/2026\\\/03\\\/06\\\/te-ferries-in-europe-emit-more-co2-than-6-6-million-cars\\\/\"]}]},{\"@type\":\"ImageObject\",\"inLanguage\":\"fr-BE\",\"@id\":\"https:\\\/\\\/newmobility.news\\\/2026\\\/03\\\/06\\\/te-ferries-in-europe-emit-more-co2-than-6-6-million-cars\\\/#primaryimage\",\"url\":\"https:\\\/\\\/i0.wp.com\\\/newmobility.news\\\/wp-content\\\/uploads\\\/2026\\\/03\\\/Scherm%C2%ADafbeelding-2026-03-06-om-11.04.49.png?fit=1127%2C470&ssl=1\",\"contentUrl\":\"https:\\\/\\\/i0.wp.com\\\/newmobility.news\\\/wp-content\\\/uploads\\\/2026\\\/03\\\/Scherm%C2%ADafbeelding-2026-03-06-om-11.04.49.png?fit=1127%2C470&ssl=1\",\"width\":1127,\"height\":470,\"caption\":\"Barcelona is the highest CO2-emitting ferry port in Europe \\\/portdebarcelona.cat\"},{\"@type\":\"BreadcrumbList\",\"@id\":\"https:\\\/\\\/newmobility.news\\\/2026\\\/03\\\/06\\\/te-ferries-in-europe-emit-more-co2-than-6-6-million-cars\\\/#breadcrumb\",\"itemListElement\":[{\"@type\":\"ListItem\",\"position\":1,\"name\":\"Home\",\"item\":\"https:\\\/\\\/newmobility.news\\\/\"},{\"@type\":\"ListItem\",\"position\":2,\"name\":\"T&#038;E: &#8216;Ferries in Europe emit more CO2 than 6.6 million cars&#8217;\"}]},{\"@type\":\"WebSite\",\"@id\":\"https:\\\/\\\/newmobility.news\\\/#website\",\"url\":\"https:\\\/\\\/newmobility.news\\\/\",\"name\":\"newmobility.news\",\"description\":\"A B2BNews Agency\u00ae news service for mobility business proessional\",\"publisher\":{\"@id\":\"https:\\\/\\\/newmobility.news\\\/#organization\"},\"potentialAction\":[{\"@type\":\"SearchAction\",\"target\":{\"@type\":\"EntryPoint\",\"urlTemplate\":\"https:\\\/\\\/newmobility.news\\\/?s={search_term_string}\"},\"query-input\":{\"@type\":\"PropertyValueSpecification\",\"valueRequired\":true,\"valueName\":\"search_term_string\"}}],\"inLanguage\":\"fr-BE\"},{\"@type\":\"Organization\",\"@id\":\"https:\\\/\\\/newmobility.news\\\/#organization\",\"name\":\"B2BNews Agency\",\"url\":\"https:\\\/\\\/newmobility.news\\\/\",\"logo\":{\"@type\":\"ImageObject\",\"inLanguage\":\"fr-BE\",\"@id\":\"https:\\\/\\\/newmobility.news\\\/#\\\/schema\\\/logo\\\/image\\\/\",\"url\":\"https:\\\/\\\/newmobility.news\\\/wp-content\\\/uploads\\\/2018\\\/01\\\/b2bnews-agency-logo.png\",\"contentUrl\":\"https:\\\/\\\/newmobility.news\\\/wp-content\\\/uploads\\\/2018\\\/01\\\/b2bnews-agency-logo.png\",\"width\":\"581\",\"height\":\"117\",\"caption\":\"B2BNews Agency\"},\"image\":{\"@id\":\"https:\\\/\\\/newmobility.news\\\/#\\\/schema\\\/logo\\\/image\\\/\"},\"sameAs\":[\"https:\\\/\\\/www.facebook.com\\\/search\\\/top\\\/?q=newmobility.news\",\"https:\\\/\\\/x.com\\\/jorisvry\",\"https:\\\/\\\/www.linkedin.com\\\/in\\\/jorisvanroy\\\/\",\"https:\\\/\\\/nl.pinterest.com\\\/jorisvanroy\\\/\"]},{\"@type\":\"Person\",\"@id\":\"https:\\\/\\\/newmobility.news\\\/#\\\/schema\\\/person\\\/e57c278780b041b8d42f2ce28dd9ec82\",\"name\":\"Hilde Van Raemdonck\",\"image\":{\"@type\":\"ImageObject\",\"inLanguage\":\"fr-BE\",\"@id\":\"https:\\\/\\\/secure.gravatar.com\\\/avatar\\\/df873a81c6773757375a21da8c2465de0552095dede94d299763768ab1b36cef?s=96&d=mm&r=g\",\"url\":\"https:\\\/\\\/secure.gravatar.com\\\/avatar\\\/df873a81c6773757375a21da8c2465de0552095dede94d299763768ab1b36cef?s=96&d=mm&r=g\",\"contentUrl\":\"https:\\\/\\\/secure.gravatar.com\\\/avatar\\\/df873a81c6773757375a21da8c2465de0552095dede94d299763768ab1b36cef?s=96&d=mm&r=g\",\"caption\":\"Hilde Van Raemdonck\"},\"url\":\"https:\\\/\\\/newmobility.news\\\/fr\\\/author\\\/hilde-van-raemdonck\\\/\"}]}<\/script>\n<!-- \/ Yoast SEO plugin. -->","yoast_head_json":{"title":"T&amp;E : 'Les ferries en Europe \u00e9mettent plus de CO2 que 6,6 millions de voitures' - newmobility.news","robots":{"index":"index","follow":"follow","max-snippet":"max-snippet:-1","max-image-preview":"max-image-preview:large","max-video-preview":"max-video-preview:-1"},"canonical":"https:\/\/newmobility.news\/fr\/2026\/03\/06\/te-ferries-in-europe-emit-more-co2-than-6-6-million-cars\/","og_locale":"fr_FR","og_type":"article","og_title":"T&E: 'Ferries in Europe emit more CO2 than 6.6 million cars' - newmobility.news","og_description":"Ferries in port cities like Barcelona, Dublin, and Naples are responsible for more toxic air pollution (sulphur oxide or SOx) than all the cars in those cities, a new study by Transport &amp; Environment (T&amp;E) shows. Dublin is currently the most polluted port city in Europe for ferry air pollution, followed by Las Palmas and [&hellip;]","og_url":"https:\/\/newmobility.news\/fr\/2026\/03\/06\/te-ferries-in-europe-emit-more-co2-than-6-6-million-cars\/","og_site_name":"newmobility.news","article_publisher":"https:\/\/www.facebook.com\/search\/top\/?q=newmobility.news","article_published_time":"2026-03-06T11:25:57+00:00","og_image":[{"width":1127,"height":470,"url":"https:\/\/i0.wp.com\/newmobility.news\/wp-content\/uploads\/2026\/03\/Scherm%C2%ADafbeelding-2026-03-06-om-11.04.49.png?fit=1127%2C470&ssl=1","type":"image\/png"}],"author":"Hilde Van Raemdonck","twitter_card":"summary_large_image","twitter_creator":"@jorisvry","twitter_site":"@jorisvry","twitter_misc":{"\u00c9crit par":"Hilde Van Raemdonck","Dur\u00e9e de lecture est.":"3 minutes"},"schema":{"@context":"https:\/\/schema.org","@graph":[{"@type":"Article","@id":"https:\/\/newmobility.news\/2026\/03\/06\/te-ferries-in-europe-emit-more-co2-than-6-6-million-cars\/#article","isPartOf":{"@id":"https:\/\/newmobility.news\/2026\/03\/06\/te-ferries-in-europe-emit-more-co2-than-6-6-million-cars\/"},"author":{"name":"Hilde Van Raemdonck","@id":"https:\/\/newmobility.news\/#\/schema\/person\/e57c278780b041b8d42f2ce28dd9ec82"},"headline":"T&#038;E: &#8216;Ferries in Europe emit more CO2 than 6.6 million cars&#8217;","datePublished":"2026-03-06T11:25:57+00:00","mainEntityOfPage":{"@id":"https:\/\/newmobility.news\/2026\/03\/06\/te-ferries-in-europe-emit-more-co2-than-6-6-million-cars\/"},"wordCount":637,"publisher":{"@id":"https:\/\/newmobility.news\/#organization"},"image":{"@id":"https:\/\/newmobility.news\/2026\/03\/06\/te-ferries-in-europe-emit-more-co2-than-6-6-million-cars\/#primaryimage"},"thumbnailUrl":"https:\/\/i0.wp.com\/newmobility.news\/wp-content\/uploads\/2026\/03\/Scherm%C2%ADafbeelding-2026-03-06-om-11.04.49.png?fit=1127%2C470&ssl=1","articleSection":["Energy","Environment","Europe","Health","Maritime","Mobility","Public transport","Top Stories Today","Transport"],"inLanguage":"fr-BE"},{"@type":"WebPage","@id":"https:\/\/newmobility.news\/2026\/03\/06\/te-ferries-in-europe-emit-more-co2-than-6-6-million-cars\/","url":"https:\/\/newmobility.news\/2026\/03\/06\/te-ferries-in-europe-emit-more-co2-than-6-6-million-cars\/","name":"T&amp;E : 'Les ferries en Europe \u00e9mettent plus de CO2 que 6,6 millions de voitures' - newmobility.news","isPartOf":{"@id":"https:\/\/newmobility.news\/#website"},"primaryImageOfPage":{"@id":"https:\/\/newmobility.news\/2026\/03\/06\/te-ferries-in-europe-emit-more-co2-than-6-6-million-cars\/#primaryimage"},"image":{"@id":"https:\/\/newmobility.news\/2026\/03\/06\/te-ferries-in-europe-emit-more-co2-than-6-6-million-cars\/#primaryimage"},"thumbnailUrl":"https:\/\/i0.wp.com\/newmobility.news\/wp-content\/uploads\/2026\/03\/Scherm%C2%ADafbeelding-2026-03-06-om-11.04.49.png?fit=1127%2C470&ssl=1","datePublished":"2026-03-06T11:25:57+00:00","breadcrumb":{"@id":"https:\/\/newmobility.news\/2026\/03\/06\/te-ferries-in-europe-emit-more-co2-than-6-6-million-cars\/#breadcrumb"},"inLanguage":"fr-BE","potentialAction":[{"@type":"ReadAction","target":["https:\/\/newmobility.news\/2026\/03\/06\/te-ferries-in-europe-emit-more-co2-than-6-6-million-cars\/"]}]},{"@type":"ImageObject","inLanguage":"fr-BE","@id":"https:\/\/newmobility.news\/2026\/03\/06\/te-ferries-in-europe-emit-more-co2-than-6-6-million-cars\/#primaryimage","url":"https:\/\/i0.wp.com\/newmobility.news\/wp-content\/uploads\/2026\/03\/Scherm%C2%ADafbeelding-2026-03-06-om-11.04.49.png?fit=1127%2C470&ssl=1","contentUrl":"https:\/\/i0.wp.com\/newmobility.news\/wp-content\/uploads\/2026\/03\/Scherm%C2%ADafbeelding-2026-03-06-om-11.04.49.png?fit=1127%2C470&ssl=1","width":1127,"height":470,"caption":"Barcelona is the highest CO2-emitting ferry port in Europe \/portdebarcelona.cat"},{"@type":"BreadcrumbList","@id":"https:\/\/newmobility.news\/2026\/03\/06\/te-ferries-in-europe-emit-more-co2-than-6-6-million-cars\/#breadcrumb","itemListElement":[{"@type":"ListItem","position":1,"name":"Home","item":"https:\/\/newmobility.news\/"},{"@type":"ListItem","position":2,"name":"T&#038;E: &#8216;Ferries in Europe emit more CO2 than 6.6 million cars&#8217;"}]},{"@type":"WebSite","@id":"https:\/\/newmobility.news\/#website","url":"https:\/\/newmobility.news\/","name":"nouveaumobilit\u00e9.actualit\u00e9s","description":"Un service d'information B2BNews Agency\u00ae destin\u00e9 aux professionnels de la mobilit\u00e9","publisher":{"@id":"https:\/\/newmobility.news\/#organization"},"potentialAction":[{"@type":"SearchAction","target":{"@type":"EntryPoint","urlTemplate":"https:\/\/newmobility.news\/?s={search_term_string}"},"query-input":{"@type":"PropertyValueSpecification","valueRequired":true,"valueName":"search_term_string"}}],"inLanguage":"fr-BE"},{"@type":"Organization","@id":"https:\/\/newmobility.news\/#organization","name":"Agence de presse B2BNews","url":"https:\/\/newmobility.news\/","logo":{"@type":"ImageObject","inLanguage":"fr-BE","@id":"https:\/\/newmobility.news\/#\/schema\/logo\/image\/","url":"https:\/\/newmobility.news\/wp-content\/uploads\/2018\/01\/b2bnews-agency-logo.png","contentUrl":"https:\/\/newmobility.news\/wp-content\/uploads\/2018\/01\/b2bnews-agency-logo.png","width":"581","height":"117","caption":"B2BNews Agency"},"image":{"@id":"https:\/\/newmobility.news\/#\/schema\/logo\/image\/"},"sameAs":["https:\/\/www.facebook.com\/search\/top\/?q=newmobility.news","https:\/\/x.com\/jorisvry","https:\/\/www.linkedin.com\/in\/jorisvanroy\/","https:\/\/nl.pinterest.com\/jorisvanroy\/"]},{"@type":"Person","@id":"https:\/\/newmobility.news\/#\/schema\/person\/e57c278780b041b8d42f2ce28dd9ec82","name":"Hilde Van Raemdonck","image":{"@type":"ImageObject","inLanguage":"fr-BE","@id":"https:\/\/secure.gravatar.com\/avatar\/df873a81c6773757375a21da8c2465de0552095dede94d299763768ab1b36cef?s=96&d=mm&r=g","url":"https:\/\/secure.gravatar.com\/avatar\/df873a81c6773757375a21da8c2465de0552095dede94d299763768ab1b36cef?s=96&d=mm&r=g","contentUrl":"https:\/\/secure.gravatar.com\/avatar\/df873a81c6773757375a21da8c2465de0552095dede94d299763768ab1b36cef?s=96&d=mm&r=g","caption":"Hilde Van Raemdonck"},"url":"https:\/\/newmobility.news\/fr\/author\/hilde-van-raemdonck\/"}]}},"jetpack_publicize_connections":[],"jetpack_featured_media_url":"https:\/\/i0.wp.com\/newmobility.news\/wp-content\/uploads\/2026\/03\/Scherm%C2%ADafbeelding-2026-03-06-om-11.04.49.png?fit=1127%2C470&ssl=1","jetpack_shortlink":"https:\/\/wp.me\/p9wJdU-Ltv","jetpack_sharing_enabled":true,"jetpack_likes_enabled":true,"jetpack-related-posts":[],"_links":{"self":[{"href":"https:\/\/newmobility.news\/fr\/wp-json\/wp\/v2\/posts\/182497","targetHints":{"allow":["GET"]}}],"collection":[{"href":"https:\/\/newmobility.news\/fr\/wp-json\/wp\/v2\/posts"}],"about":[{"href":"https:\/\/newmobility.news\/fr\/wp-json\/wp\/v2\/types\/post"}],"author":[{"embeddable":true,"href":"https:\/\/newmobility.news\/fr\/wp-json\/wp\/v2\/users\/175"}],"replies":[{"embeddable":true,"href":"https:\/\/newmobility.news\/fr\/wp-json\/wp\/v2\/comments?post=182497"}],"version-history":[{"count":4,"href":"https:\/\/newmobility.news\/fr\/wp-json\/wp\/v2\/posts\/182497\/revisions"}],"predecessor-version":[{"id":182549,"href":"https:\/\/newmobility.news\/fr\/wp-json\/wp\/v2\/posts\/182497\/revisions\/182549"}],"wp:featuredmedia":[{"embeddable":true,"href":"https:\/\/newmobility.news\/fr\/wp-json\/wp\/v2\/media\/182538"}],"wp:attachment":[{"href":"https:\/\/newmobility.news\/fr\/wp-json\/wp\/v2\/media?parent=182497"}],"wp:term":[{"taxonomy":"category","embeddable":true,"href":"https:\/\/newmobility.news\/fr\/wp-json\/wp\/v2\/categories?post=182497"},{"taxonomy":"post_tag","embeddable":true,"href":"https:\/\/newmobility.news\/fr\/wp-json\/wp\/v2\/tags?post=182497"}],"curies":[{"name":"wp","href":"https:\/\/api.w.org\/{rel}","templated":true}]}}