{"id":182831,"date":"2026-03-13T12:20:18","date_gmt":"2026-03-13T11:20:18","guid":{"rendered":"https:\/\/newmobility.news\/?p=182831"},"modified":"2026-03-16T11:34:38","modified_gmt":"2026-03-16T10:34:38","slug":"report-brussels-air-quality-stagnates-due-to-lez-postponement","status":"publish","type":"post","link":"https:\/\/newmobility.news\/fr\/2026\/03\/13\/report-brussels-air-quality-stagnates-due-to-lez-postponement\/","title":{"rendered":"Rapport : La qualit\u00e9 de l'air \u00e0 Bruxelles stagne en raison du report de la LEZ\u2018"},"content":{"rendered":"<p>La qualit\u00e9 de l'air \u00e0 Bruxelles ne s'est pas am\u00e9lior\u00e9e entre 2023 et 2025. C'est ce qui ressort des mesures effectu\u00e9es par le mouvement urbain BRAL, avec le soutien de Bruxelles Environnement, dans le cadre de la campagne ExpAIR.<\/p>\n<p>De plus, les concentrations annuelles de dioxyde d'azote ont m\u00eame l\u00e9g\u00e8rement augment\u00e9 dans les 24 stations de mesure. Selon le rapport ExpAIR de la BRAL, ce r\u00e9sultat est en partie imputable au report de l'entr\u00e9e en vigueur des r\u00e8gles plus strictes concernant les zones \u00e0 faibles \u00e9missions (LEZ).<\/p>\n<h4>Stagnation de l'am\u00e9lioration<\/h4>\n<p>La valeur limite europ\u00e9enne actuelle de 40 \u00b5g\/m\u00b3 a \u00e9t\u00e9 d\u00e9pass\u00e9e dans trois des 24 sites de mesure - des \u2018points noirs\u2019 selon la BRAL, o\u00f9 il n'y a pas de stations de mesure officielles.<\/p>\n<p>Ces valeurs ill\u00e9gales ont \u00e9t\u00e9 mesur\u00e9es \u00e0 la Toison D'Or\/De Guldenvlieslaan (48,58 \u00b5g\/m\u00b3), \u00e0 la Porte de Flandre\/De Vlaamsepoort (44,14 \u00b5g\/m\u00b3) et \u00e0 la Rue Piers\/De Piersstraat \u00e0 Molenbeek (45,15 \u00b5g\/m\u00b3). En outre, les 24 points de mesure d\u00e9passent tous la nouvelle valeur limite europ\u00e9enne de 20 \u00b5g\/m\u00b3 qui entrera en vigueur en 2030.<\/p>\n<p>Les chiffres confirment \u00e9galement la tendance \u00e0 la stagnation, voire \u00e0 la l\u00e9g\u00e8re augmentation de la moyenne de NO2. Au cours de la p\u00e9riode de mesure couverte par le rapport (juin 24 - juin 25), la moyenne des 24 points de mesure \u00e9tait de 33,2 \u00b5g\/m\u00b3. Lors des mesures pr\u00e9c\u00e9dentes effectu\u00e9es en 2023-2024, la moyenne \u00e9tait de 32,4 \u00b5g\/m\u00b3.<\/p>\n<h4>En raison du report du renforcement de la LEZ<\/h4>\n<p>Selon la BRAL, la stagnation des chiffres s'explique par le report du renforcement de la LEZ. \u201cRegardez CurieuzenAir\u201d, dit BRAL.<\/p>\n<p>CurieuzenAir, la plus grande \u00e9tude sur la qualit\u00e9 de l'air men\u00e9e par des citoyens \u00e0 Bruxelles, a r\u00e9v\u00e9l\u00e9 que la qualit\u00e9 de l'air s'est consid\u00e9rablement am\u00e9lior\u00e9e entre 2019 et 2021. Dans la plupart des endroits, les concentrations de dioxyde d'azote ont diminu\u00e9 en moyenne de 10% \u00e0 15% par rapport aux mesures officielles de 2019 - la LEZ a \u00e9t\u00e9 introduite dans la R\u00e9gion de Bruxelles-Capitale en 2018.<\/p>\n<p>Cependant, maintenant qu'il est question d'un nouveau report, ces gains dans les chiffres d'ExpAIR s'\u00e9vaporent, affirme le BRAL, une affirmation confirm\u00e9e par l'\u00e9valuation officielle de la LEZ, qui a constat\u00e9 que la baisse de la part des voitures diesel \u00e0 Bruxelles s'est brusquement stabilis\u00e9e \u00e0 la mi-2024.<\/p>\n<p>\u201cCe ralentissement de la tendance peut \u00eatre attribu\u00e9 \u00e0 l'annonce du report du jalon d'ao\u00fbt 2024. Cela illustre l'impact de la LEZ sur la composition du parc automobile\u201d, indique le rapport.<\/p>\n<h4>Ann\u00e9e perdue<\/h4>\n<p>Le BRAL affirme donc que les chiffres montrent que le report de la phase LEZ pr\u00e9vue pour 2025 signifie une ann\u00e9e perdue pour l'am\u00e9lioration de la qualit\u00e9 de l'air \u00e0 Bruxelles. Depuis l'annonce du report de la phase LEZ, qui devait commencer le 1er janvier 2025, le nombre de voitures diesel Euro 5 polluantes \u00e0 Bruxelles n'a pas diminu\u00e9.<\/p>\n<p>\u201cL'efficacit\u00e9 de la LEZ d\u00e9pend d'une feuille de route et d'un calendrier clairs, qui donnent aux citoyens les informations n\u00e9cessaires et le temps d'adapter leur comportement\u201d, d\u00e9clare Lauren de Crombrugghe de la BRAL. \u201cL'incertitude politique r\u00e9cente ne laisse pas de place \u00e0 cela et ne fait que cr\u00e9er plus de confusion.\u201d<\/p>\n<p>Pour votre information : La nouvelle phase de la LEZ est officiellement entr\u00e9e en vigueur le 1er janvier 2026. Cette interdiction avait \u00e9t\u00e9 initialement report\u00e9e par le Parlement \u00e0 2027, mais la Cour constitutionnelle a annul\u00e9 ce report \u00e0 la fin de l'ann\u00e9e 2025.<\/p>\n<p>Bien que l'interdiction soit en vigueur depuis janvier, une p\u00e9riode de transition a \u00e9t\u00e9 pr\u00e9vue. Toute personne conduisant un v\u00e9hicule interdit ne recevra pour l'instant qu'un avertissement par courrier. \u00c0 partir du 1er avril 2026, les avertissements cesseront et des amendes effectives seront \u00e9mises.<\/p>\n<p>L'amende s'\u00e9l\u00e8ve actuellement \u00e0 350 euros. Vous pouvez recevoir un maximum d'une amende par trimestre. Toutefois, une proposition \u00e0 l'\u00e9tude pr\u00e9voit de r\u00e9duire les amendes \u00e0 80 ou 150 euros et d'introduire un laissez-passer annuel qui permettrait aux personnes d'entrer dans la ville avec leurs vieilles voitures moyennant une redevance.<\/p>\n<h4>Plus d'espace pour les cyclistes et les pi\u00e9tons<\/h4>\n<p>Le BRAL souligne \u00e9galement qu'un Bruxellois sur six souffre d'une affection respiratoire. \u201cC'est pourquoi la politique doit continuer \u00e0 se concentrer sur la sant\u00e9. Il souhaite \u00e9galement que les cyclistes et les pi\u00e9tons disposent de plus d'espace afin de r\u00e9duire directement les \u00e9missions dues au trafic routier. Soixante-dix pour cent de l'espace public bruxellois est r\u00e9serv\u00e9 aux voitures.<\/p>","protected":false},"excerpt":{"rendered":"<p>Air quality in Brussels has not improved between 2023 and 2025. This is evident from measurements taken by the BRAL urban movement, with support from Brussels Environment, as part of the ExpAIR campaign. What&#8217;s more, annual nitrogen dioxide concentrations even rose slightly at the 24 measuring stations.\u00a0According to BRAL&#8217;s ExpAIR report, this result is partly [&hellip;]<\/p>\n","protected":false},"author":164,"featured_media":182859,"comment_status":"closed","ping_status":"closed","sticky":false,"template":"","format":"standard","meta":{"_acf_changed":false,"jetpack_post_was_ever_published":false,"_jetpack_newsletter_access":"","_jetpack_dont_email_post_to_subs":false,"_jetpack_newsletter_tier_id":0,"_jetpack_memberships_contains_paywalled_content":false,"_jetpack_memberships_contains_paid_content":false,"footnotes":"","jetpack_publicize_message":"","jetpack_publicize_feature_enabled":true,"jetpack_social_post_already_shared":true,"jetpack_social_options":{"image_generator_settings":{"template":"highway","default_image_id":0,"font":"","enabled":false},"version":2},"_wpas_customize_per_network":false},"categories":[77170,29,51851,7,77201,4,17],"tags":[],"class_list":["post-182831","post","type-post","status-publish","format-standard","has-post-thumbnail","hentry","category-belgium","category-environment","category-health","category-mobility","category-study","category-top-stories-today","category-weekly-newsletter"],"acf":[],"featured_image_urls_v2":{"full":["https:\/\/i0.wp.com\/newmobility.news\/wp-content\/uploads\/2026\/03\/Screenshot-2026-03-13-at-10.40.34.png?fit=1610%2C1210&ssl=1",1610,1210,false],"thumbnail":["https:\/\/i0.wp.com\/newmobility.news\/wp-content\/uploads\/2026\/03\/Screenshot-2026-03-13-at-10.40.34.png?resize=150%2C150&ssl=1",150,150,true],"medium":["https:\/\/i0.wp.com\/newmobility.news\/wp-content\/uploads\/2026\/03\/Screenshot-2026-03-13-at-10.40.34.png?fit=300%2C225&ssl=1",300,225,true],"medium_large":["https:\/\/i0.wp.com\/newmobility.news\/wp-content\/uploads\/2026\/03\/Screenshot-2026-03-13-at-10.40.34.png?fit=640%2C481&ssl=1",640,481,true],"large":["https:\/\/i0.wp.com\/newmobility.news\/wp-content\/uploads\/2026\/03\/Screenshot-2026-03-13-at-10.40.34.png?fit=640%2C481&ssl=1",640,481,true],"1536x1536":["https:\/\/i0.wp.com\/newmobility.news\/wp-content\/uploads\/2026\/03\/Screenshot-2026-03-13-at-10.40.34.png?fit=1536%2C1154&ssl=1",1536,1154,true],"2048x2048":["https:\/\/i0.wp.com\/newmobility.news\/wp-content\/uploads\/2026\/03\/Screenshot-2026-03-13-at-10.40.34.png?fit=1610%2C1210&ssl=1",1610,1210,true],"trp-custom-language-flag":["https:\/\/i0.wp.com\/newmobility.news\/wp-content\/uploads\/2026\/03\/Screenshot-2026-03-13-at-10.40.34.png?fit=16%2C12&ssl=1",16,12,true],"related-thumb":["https:\/\/i0.wp.com\/newmobility.news\/wp-content\/uploads\/2026\/03\/Screenshot-2026-03-13-at-10.40.34.png?resize=640%2C480&ssl=1",640,480,true],"gform-image-choice-sm":["https:\/\/i0.wp.com\/newmobility.news\/wp-content\/uploads\/2026\/03\/Screenshot-2026-03-13-at-10.40.34.png?resize=300%2C300&ssl=1",300,300,true],"gform-image-choice-md":["https:\/\/i0.wp.com\/newmobility.news\/wp-content\/uploads\/2026\/03\/Screenshot-2026-03-13-at-10.40.34.png?resize=400%2C400&ssl=1",400,400,true],"gform-image-choice-lg":["https:\/\/i0.wp.com\/newmobility.news\/wp-content\/uploads\/2026\/03\/Screenshot-2026-03-13-at-10.40.34.png?resize=600%2C600&ssl=1",600,600,true],"mailchimp":["https:\/\/i0.wp.com\/newmobility.news\/wp-content\/uploads\/2026\/03\/Screenshot-2026-03-13-at-10.40.34.png?fit=560%2C421&ssl=1",560,421,true],"unipress-phone":["https:\/\/i0.wp.com\/newmobility.news\/wp-content\/uploads\/2026\/03\/Screenshot-2026-03-13-at-10.40.34.png?resize=640%2C100&ssl=1",640,100,true],"unipress-tablet":["https:\/\/i0.wp.com\/newmobility.news\/wp-content\/uploads\/2026\/03\/Screenshot-2026-03-13-at-10.40.34.png?resize=1536%2C240&ssl=1",1536,240,true],"unipress-tablet-portrait":["https:\/\/i0.wp.com\/newmobility.news\/wp-content\/uploads\/2026\/03\/Screenshot-2026-03-13-at-10.40.34.png?resize=1536%2C180&ssl=1",1536,180,true],"unipress-tablet-landscape":["https:\/\/i0.wp.com\/newmobility.news\/wp-content\/uploads\/2026\/03\/Screenshot-2026-03-13-at-10.40.34.png?resize=1610%2C180&ssl=1",1610,180,true],"unipress-smartphone":["https:\/\/i0.wp.com\/newmobility.news\/wp-content\/uploads\/2026\/03\/Screenshot-2026-03-13-at-10.40.34.png?resize=1080%2C168&ssl=1",1080,168,true],"unipress-wide-screen":["https:\/\/i0.wp.com\/newmobility.news\/wp-content\/uploads\/2026\/03\/Screenshot-2026-03-13-at-10.40.34.png?resize=1610%2C180&ssl=1",1610,180,true]},"post_excerpt_stackable_v2":"<p>Air quality in Brussels has not improved between 2023 and 2025. This is evident from measurements taken by the BRAL urban movement, with support from Brussels Environment, as part of the ExpAIR campaign. What&#8217;s more, annual nitrogen dioxide concentrations even rose slightly at the 24 measuring stations.\u00a0According to BRAL&#8217;s ExpAIR report, this result is partly attributable to the postponement of stricter Low-Emission Zone (LEZ) rules. Stagnation in improvement At three of the 24 measurement locations \u2013 &#8216;black spots&#8217; according to BRAL, where there are no official measuring stations \u2013 the current European limit value of 40 \u00b5g\/m\u00b3 was exceeded. These&hellip;<\/p>\n","category_list_v2":"<a href=\"https:\/\/newmobility.news\/fr\/category\/belgium\/\" rel=\"category tag\">Belgium<\/a>, <a href=\"https:\/\/newmobility.news\/fr\/category\/environment\/\" rel=\"category tag\">Environment<\/a>, <a href=\"https:\/\/newmobility.news\/fr\/category\/health\/\" rel=\"category tag\">Health<\/a>, <a href=\"https:\/\/newmobility.news\/fr\/category\/mobility\/\" rel=\"category tag\">Mobility<\/a>, <a href=\"https:\/\/newmobility.news\/fr\/category\/study\/\" rel=\"category tag\">Study<\/a>, <a href=\"https:\/\/newmobility.news\/fr\/category\/top-stories-today\/\" rel=\"category tag\">Top Stories Today<\/a>, <a href=\"https:\/\/newmobility.news\/fr\/category\/weekly-newsletter\/\" rel=\"category tag\">Weekly Newsletter<\/a>","author_info_v2":{"name":"Luc Joris","url":"https:\/\/newmobility.news\/fr\/author\/belga-5\/"},"comments_num_v2":"0 comments","yoast_head":"<!-- This site is optimized with the Yoast SEO plugin v27.5 - https:\/\/yoast.com\/product\/yoast-seo-wordpress\/ -->\n<title>Report: &#039;Brussels air quality stagnates due to LEZ postponement&#039; - newmobility.news<\/title>\n<meta name=\"robots\" content=\"index, follow, max-snippet:-1, max-image-preview:large, max-video-preview:-1\" \/>\n<link rel=\"canonical\" href=\"https:\/\/newmobility.news\/fr\/2026\/03\/13\/report-brussels-air-quality-stagnates-due-to-lez-postponement\/\" \/>\n<meta property=\"og:locale\" content=\"fr_FR\" \/>\n<meta property=\"og:type\" content=\"article\" \/>\n<meta property=\"og:title\" content=\"Report: &#039;Brussels air quality stagnates due to LEZ postponement&#039; - newmobility.news\" \/>\n<meta property=\"og:description\" content=\"Air quality in Brussels has not improved between 2023 and 2025. This is evident from measurements taken by the BRAL urban movement, with support from Brussels Environment, as part of the ExpAIR campaign. What&#8217;s more, annual nitrogen dioxide concentrations even rose slightly at the 24 measuring stations.\u00a0According to BRAL&#8217;s ExpAIR report, this result is partly [&hellip;]\" \/>\n<meta property=\"og:url\" content=\"https:\/\/newmobility.news\/fr\/2026\/03\/13\/report-brussels-air-quality-stagnates-due-to-lez-postponement\/\" \/>\n<meta property=\"og:site_name\" content=\"newmobility.news\" \/>\n<meta property=\"article:publisher\" content=\"https:\/\/www.facebook.com\/search\/top\/?q=newmobility.news\" \/>\n<meta property=\"article:published_time\" content=\"2026-03-13T11:20:18+00:00\" \/>\n<meta property=\"article:modified_time\" content=\"2026-03-16T10:34:38+00:00\" \/>\n<meta property=\"og:image\" content=\"https:\/\/newmobility.news\/wp-content\/uploads\/2026\/03\/Screenshot-2026-03-13-at-10.40.34.png\" \/>\n\t<meta property=\"og:image:width\" content=\"1610\" \/>\n\t<meta property=\"og:image:height\" content=\"1210\" \/>\n\t<meta property=\"og:image:type\" content=\"image\/png\" \/>\n<meta name=\"author\" content=\"Luc Joris\" \/>\n<meta name=\"twitter:card\" content=\"summary_large_image\" \/>\n<meta name=\"twitter:creator\" content=\"@jorisvry\" \/>\n<meta name=\"twitter:site\" content=\"@jorisvry\" \/>\n<meta name=\"twitter:label1\" content=\"\u00c9crit par\" \/>\n\t<meta name=\"twitter:data1\" content=\"Luc Joris\" \/>\n\t<meta name=\"twitter:label2\" content=\"Dur\u00e9e de lecture est.\" \/>\n\t<meta name=\"twitter:data2\" content=\"4 minutes\" \/>\n<script type=\"application\/ld+json\" class=\"yoast-schema-graph\">{\"@context\":\"https:\\\/\\\/schema.org\",\"@graph\":[{\"@type\":\"Article\",\"@id\":\"https:\\\/\\\/newmobility.news\\\/2026\\\/03\\\/13\\\/report-brussels-air-quality-stagnates-due-to-lez-postponement\\\/#article\",\"isPartOf\":{\"@id\":\"https:\\\/\\\/newmobility.news\\\/2026\\\/03\\\/13\\\/report-brussels-air-quality-stagnates-due-to-lez-postponement\\\/\"},\"author\":{\"name\":\"Luc Joris\",\"@id\":\"https:\\\/\\\/newmobility.news\\\/#\\\/schema\\\/person\\\/a31e684b1039b4a94985a9aae156f28b\"},\"headline\":\"Report: &#8216;Brussels air quality stagnates due to LEZ postponement&#8217;\",\"datePublished\":\"2026-03-13T11:20:18+00:00\",\"dateModified\":\"2026-03-16T10:34:38+00:00\",\"mainEntityOfPage\":{\"@id\":\"https:\\\/\\\/newmobility.news\\\/2026\\\/03\\\/13\\\/report-brussels-air-quality-stagnates-due-to-lez-postponement\\\/\"},\"wordCount\":634,\"publisher\":{\"@id\":\"https:\\\/\\\/newmobility.news\\\/#organization\"},\"image\":{\"@id\":\"https:\\\/\\\/newmobility.news\\\/2026\\\/03\\\/13\\\/report-brussels-air-quality-stagnates-due-to-lez-postponement\\\/#primaryimage\"},\"thumbnailUrl\":\"https:\\\/\\\/i0.wp.com\\\/newmobility.news\\\/wp-content\\\/uploads\\\/2026\\\/03\\\/Screenshot-2026-03-13-at-10.40.34.png?fit=1610%2C1210&ssl=1\",\"articleSection\":[\"Belgium\",\"Environment\",\"Health\",\"Mobility\",\"Study\",\"Top Stories Today\",\"Weekly Newsletter\"],\"inLanguage\":\"fr-BE\"},{\"@type\":\"WebPage\",\"@id\":\"https:\\\/\\\/newmobility.news\\\/2026\\\/03\\\/13\\\/report-brussels-air-quality-stagnates-due-to-lez-postponement\\\/\",\"url\":\"https:\\\/\\\/newmobility.news\\\/2026\\\/03\\\/13\\\/report-brussels-air-quality-stagnates-due-to-lez-postponement\\\/\",\"name\":\"Report: 'Brussels air quality stagnates due to LEZ postponement' - newmobility.news\",\"isPartOf\":{\"@id\":\"https:\\\/\\\/newmobility.news\\\/#website\"},\"primaryImageOfPage\":{\"@id\":\"https:\\\/\\\/newmobility.news\\\/2026\\\/03\\\/13\\\/report-brussels-air-quality-stagnates-due-to-lez-postponement\\\/#primaryimage\"},\"image\":{\"@id\":\"https:\\\/\\\/newmobility.news\\\/2026\\\/03\\\/13\\\/report-brussels-air-quality-stagnates-due-to-lez-postponement\\\/#primaryimage\"},\"thumbnailUrl\":\"https:\\\/\\\/i0.wp.com\\\/newmobility.news\\\/wp-content\\\/uploads\\\/2026\\\/03\\\/Screenshot-2026-03-13-at-10.40.34.png?fit=1610%2C1210&ssl=1\",\"datePublished\":\"2026-03-13T11:20:18+00:00\",\"dateModified\":\"2026-03-16T10:34:38+00:00\",\"breadcrumb\":{\"@id\":\"https:\\\/\\\/newmobility.news\\\/2026\\\/03\\\/13\\\/report-brussels-air-quality-stagnates-due-to-lez-postponement\\\/#breadcrumb\"},\"inLanguage\":\"fr-BE\",\"potentialAction\":[{\"@type\":\"ReadAction\",\"target\":[\"https:\\\/\\\/newmobility.news\\\/2026\\\/03\\\/13\\\/report-brussels-air-quality-stagnates-due-to-lez-postponement\\\/\"]}]},{\"@type\":\"ImageObject\",\"inLanguage\":\"fr-BE\",\"@id\":\"https:\\\/\\\/newmobility.news\\\/2026\\\/03\\\/13\\\/report-brussels-air-quality-stagnates-due-to-lez-postponement\\\/#primaryimage\",\"url\":\"https:\\\/\\\/i0.wp.com\\\/newmobility.news\\\/wp-content\\\/uploads\\\/2026\\\/03\\\/Screenshot-2026-03-13-at-10.40.34.png?fit=1610%2C1210&ssl=1\",\"contentUrl\":\"https:\\\/\\\/i0.wp.com\\\/newmobility.news\\\/wp-content\\\/uploads\\\/2026\\\/03\\\/Screenshot-2026-03-13-at-10.40.34.png?fit=1610%2C1210&ssl=1\",\"width\":1610,\"height\":1210,\"caption\":\"Since the announcement of the postponement of the LEZ phase, which was supposed to start on January 1, 2025, the number of polluting Euro 5 diesel cars in Brussels has not decreased further. As a result, air quality in Brussels has not improved at almost any measuring point in the last two years \\\/BRAL\"},{\"@type\":\"BreadcrumbList\",\"@id\":\"https:\\\/\\\/newmobility.news\\\/2026\\\/03\\\/13\\\/report-brussels-air-quality-stagnates-due-to-lez-postponement\\\/#breadcrumb\",\"itemListElement\":[{\"@type\":\"ListItem\",\"position\":1,\"name\":\"Home\",\"item\":\"https:\\\/\\\/newmobility.news\\\/\"},{\"@type\":\"ListItem\",\"position\":2,\"name\":\"Report: &#8216;Brussels air quality stagnates due to LEZ postponement&#8217;\"}]},{\"@type\":\"WebSite\",\"@id\":\"https:\\\/\\\/newmobility.news\\\/#website\",\"url\":\"https:\\\/\\\/newmobility.news\\\/\",\"name\":\"newmobility.news\",\"description\":\"A B2BNews Agency\u00ae news service for mobility business proessional\",\"publisher\":{\"@id\":\"https:\\\/\\\/newmobility.news\\\/#organization\"},\"potentialAction\":[{\"@type\":\"SearchAction\",\"target\":{\"@type\":\"EntryPoint\",\"urlTemplate\":\"https:\\\/\\\/newmobility.news\\\/?s={search_term_string}\"},\"query-input\":{\"@type\":\"PropertyValueSpecification\",\"valueRequired\":true,\"valueName\":\"search_term_string\"}}],\"inLanguage\":\"fr-BE\"},{\"@type\":\"Organization\",\"@id\":\"https:\\\/\\\/newmobility.news\\\/#organization\",\"name\":\"B2BNews Agency\",\"url\":\"https:\\\/\\\/newmobility.news\\\/\",\"logo\":{\"@type\":\"ImageObject\",\"inLanguage\":\"fr-BE\",\"@id\":\"https:\\\/\\\/newmobility.news\\\/#\\\/schema\\\/logo\\\/image\\\/\",\"url\":\"https:\\\/\\\/newmobility.news\\\/wp-content\\\/uploads\\\/2018\\\/01\\\/b2bnews-agency-logo.png\",\"contentUrl\":\"https:\\\/\\\/newmobility.news\\\/wp-content\\\/uploads\\\/2018\\\/01\\\/b2bnews-agency-logo.png\",\"width\":\"581\",\"height\":\"117\",\"caption\":\"B2BNews Agency\"},\"image\":{\"@id\":\"https:\\\/\\\/newmobility.news\\\/#\\\/schema\\\/logo\\\/image\\\/\"},\"sameAs\":[\"https:\\\/\\\/www.facebook.com\\\/search\\\/top\\\/?q=newmobility.news\",\"https:\\\/\\\/x.com\\\/jorisvry\",\"https:\\\/\\\/www.linkedin.com\\\/in\\\/jorisvanroy\\\/\",\"https:\\\/\\\/nl.pinterest.com\\\/jorisvanroy\\\/\"]},{\"@type\":\"Person\",\"@id\":\"https:\\\/\\\/newmobility.news\\\/#\\\/schema\\\/person\\\/a31e684b1039b4a94985a9aae156f28b\",\"name\":\"Luc Joris\",\"image\":{\"@type\":\"ImageObject\",\"inLanguage\":\"fr-BE\",\"@id\":\"https:\\\/\\\/secure.gravatar.com\\\/avatar\\\/9e27cf9984ae903174b14c7dd33d523290f03fd71803b04bc6e486c7259b2920?s=96&d=mm&r=g\",\"url\":\"https:\\\/\\\/secure.gravatar.com\\\/avatar\\\/9e27cf9984ae903174b14c7dd33d523290f03fd71803b04bc6e486c7259b2920?s=96&d=mm&r=g\",\"contentUrl\":\"https:\\\/\\\/secure.gravatar.com\\\/avatar\\\/9e27cf9984ae903174b14c7dd33d523290f03fd71803b04bc6e486c7259b2920?s=96&d=mm&r=g\",\"caption\":\"Luc Joris\"},\"url\":\"https:\\\/\\\/newmobility.news\\\/fr\\\/author\\\/belga-5\\\/\"}]}<\/script>\n<!-- \/ Yoast SEO plugin. -->","yoast_head_json":{"title":"Rapport : La qualit\u00e9 de l'air \u00e0 Bruxelles stagne en raison du report de la LEZ - newmobility.news","robots":{"index":"index","follow":"follow","max-snippet":"max-snippet:-1","max-image-preview":"max-image-preview:large","max-video-preview":"max-video-preview:-1"},"canonical":"https:\/\/newmobility.news\/fr\/2026\/03\/13\/report-brussels-air-quality-stagnates-due-to-lez-postponement\/","og_locale":"fr_FR","og_type":"article","og_title":"Report: 'Brussels air quality stagnates due to LEZ postponement' - newmobility.news","og_description":"Air quality in Brussels has not improved between 2023 and 2025. This is evident from measurements taken by the BRAL urban movement, with support from Brussels Environment, as part of the ExpAIR campaign. What&#8217;s more, annual nitrogen dioxide concentrations even rose slightly at the 24 measuring stations.\u00a0According to BRAL&#8217;s ExpAIR report, this result is partly [&hellip;]","og_url":"https:\/\/newmobility.news\/fr\/2026\/03\/13\/report-brussels-air-quality-stagnates-due-to-lez-postponement\/","og_site_name":"newmobility.news","article_publisher":"https:\/\/www.facebook.com\/search\/top\/?q=newmobility.news","article_published_time":"2026-03-13T11:20:18+00:00","article_modified_time":"2026-03-16T10:34:38+00:00","og_image":[{"width":1610,"height":1210,"url":"https:\/\/newmobility.news\/wp-content\/uploads\/2026\/03\/Screenshot-2026-03-13-at-10.40.34.png","type":"image\/png"}],"author":"Luc Joris","twitter_card":"summary_large_image","twitter_creator":"@jorisvry","twitter_site":"@jorisvry","twitter_misc":{"\u00c9crit par":"Luc Joris","Dur\u00e9e de lecture est.":"4 minutes"},"schema":{"@context":"https:\/\/schema.org","@graph":[{"@type":"Article","@id":"https:\/\/newmobility.news\/2026\/03\/13\/report-brussels-air-quality-stagnates-due-to-lez-postponement\/#article","isPartOf":{"@id":"https:\/\/newmobility.news\/2026\/03\/13\/report-brussels-air-quality-stagnates-due-to-lez-postponement\/"},"author":{"name":"Luc Joris","@id":"https:\/\/newmobility.news\/#\/schema\/person\/a31e684b1039b4a94985a9aae156f28b"},"headline":"Report: &#8216;Brussels air quality stagnates due to LEZ postponement&#8217;","datePublished":"2026-03-13T11:20:18+00:00","dateModified":"2026-03-16T10:34:38+00:00","mainEntityOfPage":{"@id":"https:\/\/newmobility.news\/2026\/03\/13\/report-brussels-air-quality-stagnates-due-to-lez-postponement\/"},"wordCount":634,"publisher":{"@id":"https:\/\/newmobility.news\/#organization"},"image":{"@id":"https:\/\/newmobility.news\/2026\/03\/13\/report-brussels-air-quality-stagnates-due-to-lez-postponement\/#primaryimage"},"thumbnailUrl":"https:\/\/i0.wp.com\/newmobility.news\/wp-content\/uploads\/2026\/03\/Screenshot-2026-03-13-at-10.40.34.png?fit=1610%2C1210&ssl=1","articleSection":["Belgium","Environment","Health","Mobility","Study","Top Stories Today","Weekly Newsletter"],"inLanguage":"fr-BE"},{"@type":"WebPage","@id":"https:\/\/newmobility.news\/2026\/03\/13\/report-brussels-air-quality-stagnates-due-to-lez-postponement\/","url":"https:\/\/newmobility.news\/2026\/03\/13\/report-brussels-air-quality-stagnates-due-to-lez-postponement\/","name":"Rapport : La qualit\u00e9 de l'air \u00e0 Bruxelles stagne en raison du report de la LEZ - newmobility.news","isPartOf":{"@id":"https:\/\/newmobility.news\/#website"},"primaryImageOfPage":{"@id":"https:\/\/newmobility.news\/2026\/03\/13\/report-brussels-air-quality-stagnates-due-to-lez-postponement\/#primaryimage"},"image":{"@id":"https:\/\/newmobility.news\/2026\/03\/13\/report-brussels-air-quality-stagnates-due-to-lez-postponement\/#primaryimage"},"thumbnailUrl":"https:\/\/i0.wp.com\/newmobility.news\/wp-content\/uploads\/2026\/03\/Screenshot-2026-03-13-at-10.40.34.png?fit=1610%2C1210&ssl=1","datePublished":"2026-03-13T11:20:18+00:00","dateModified":"2026-03-16T10:34:38+00:00","breadcrumb":{"@id":"https:\/\/newmobility.news\/2026\/03\/13\/report-brussels-air-quality-stagnates-due-to-lez-postponement\/#breadcrumb"},"inLanguage":"fr-BE","potentialAction":[{"@type":"ReadAction","target":["https:\/\/newmobility.news\/2026\/03\/13\/report-brussels-air-quality-stagnates-due-to-lez-postponement\/"]}]},{"@type":"ImageObject","inLanguage":"fr-BE","@id":"https:\/\/newmobility.news\/2026\/03\/13\/report-brussels-air-quality-stagnates-due-to-lez-postponement\/#primaryimage","url":"https:\/\/i0.wp.com\/newmobility.news\/wp-content\/uploads\/2026\/03\/Screenshot-2026-03-13-at-10.40.34.png?fit=1610%2C1210&ssl=1","contentUrl":"https:\/\/i0.wp.com\/newmobility.news\/wp-content\/uploads\/2026\/03\/Screenshot-2026-03-13-at-10.40.34.png?fit=1610%2C1210&ssl=1","width":1610,"height":1210,"caption":"Since the announcement of the postponement of the LEZ phase, which was supposed to start on January 1, 2025, the number of polluting Euro 5 diesel cars in Brussels has not decreased further. As a result, air quality in Brussels has not improved at almost any measuring point in the last two years \/BRAL"},{"@type":"BreadcrumbList","@id":"https:\/\/newmobility.news\/2026\/03\/13\/report-brussels-air-quality-stagnates-due-to-lez-postponement\/#breadcrumb","itemListElement":[{"@type":"ListItem","position":1,"name":"Home","item":"https:\/\/newmobility.news\/"},{"@type":"ListItem","position":2,"name":"Report: &#8216;Brussels air quality stagnates due to LEZ postponement&#8217;"}]},{"@type":"WebSite","@id":"https:\/\/newmobility.news\/#website","url":"https:\/\/newmobility.news\/","name":"nouveaumobilit\u00e9.actualit\u00e9s","description":"Un service d'information B2BNews Agency\u00ae destin\u00e9 aux professionnels de la mobilit\u00e9","publisher":{"@id":"https:\/\/newmobility.news\/#organization"},"potentialAction":[{"@type":"SearchAction","target":{"@type":"EntryPoint","urlTemplate":"https:\/\/newmobility.news\/?s={search_term_string}"},"query-input":{"@type":"PropertyValueSpecification","valueRequired":true,"valueName":"search_term_string"}}],"inLanguage":"fr-BE"},{"@type":"Organization","@id":"https:\/\/newmobility.news\/#organization","name":"Agence de presse B2BNews","url":"https:\/\/newmobility.news\/","logo":{"@type":"ImageObject","inLanguage":"fr-BE","@id":"https:\/\/newmobility.news\/#\/schema\/logo\/image\/","url":"https:\/\/newmobility.news\/wp-content\/uploads\/2018\/01\/b2bnews-agency-logo.png","contentUrl":"https:\/\/newmobility.news\/wp-content\/uploads\/2018\/01\/b2bnews-agency-logo.png","width":"581","height":"117","caption":"B2BNews Agency"},"image":{"@id":"https:\/\/newmobility.news\/#\/schema\/logo\/image\/"},"sameAs":["https:\/\/www.facebook.com\/search\/top\/?q=newmobility.news","https:\/\/x.com\/jorisvry","https:\/\/www.linkedin.com\/in\/jorisvanroy\/","https:\/\/nl.pinterest.com\/jorisvanroy\/"]},{"@type":"Person","@id":"https:\/\/newmobility.news\/#\/schema\/person\/a31e684b1039b4a94985a9aae156f28b","name":"Luc Joris","image":{"@type":"ImageObject","inLanguage":"fr-BE","@id":"https:\/\/secure.gravatar.com\/avatar\/9e27cf9984ae903174b14c7dd33d523290f03fd71803b04bc6e486c7259b2920?s=96&d=mm&r=g","url":"https:\/\/secure.gravatar.com\/avatar\/9e27cf9984ae903174b14c7dd33d523290f03fd71803b04bc6e486c7259b2920?s=96&d=mm&r=g","contentUrl":"https:\/\/secure.gravatar.com\/avatar\/9e27cf9984ae903174b14c7dd33d523290f03fd71803b04bc6e486c7259b2920?s=96&d=mm&r=g","caption":"Luc Joris"},"url":"https:\/\/newmobility.news\/fr\/author\/belga-5\/"}]}},"jetpack_publicize_connections":[],"jetpack_featured_media_url":"https:\/\/i0.wp.com\/newmobility.news\/wp-content\/uploads\/2026\/03\/Screenshot-2026-03-13-at-10.40.34.png?fit=1610%2C1210&ssl=1","jetpack_shortlink":"https:\/\/wp.me\/p9wJdU-LyT","jetpack_sharing_enabled":true,"jetpack_likes_enabled":true,"jetpack-related-posts":[],"_links":{"self":[{"href":"https:\/\/newmobility.news\/fr\/wp-json\/wp\/v2\/posts\/182831","targetHints":{"allow":["GET"]}}],"collection":[{"href":"https:\/\/newmobility.news\/fr\/wp-json\/wp\/v2\/posts"}],"about":[{"href":"https:\/\/newmobility.news\/fr\/wp-json\/wp\/v2\/types\/post"}],"author":[{"embeddable":true,"href":"https:\/\/newmobility.news\/fr\/wp-json\/wp\/v2\/users\/164"}],"replies":[{"embeddable":true,"href":"https:\/\/newmobility.news\/fr\/wp-json\/wp\/v2\/comments?post=182831"}],"version-history":[{"count":10,"href":"https:\/\/newmobility.news\/fr\/wp-json\/wp\/v2\/posts\/182831\/revisions"}],"predecessor-version":[{"id":182918,"href":"https:\/\/newmobility.news\/fr\/wp-json\/wp\/v2\/posts\/182831\/revisions\/182918"}],"wp:featuredmedia":[{"embeddable":true,"href":"https:\/\/newmobility.news\/fr\/wp-json\/wp\/v2\/media\/182859"}],"wp:attachment":[{"href":"https:\/\/newmobility.news\/fr\/wp-json\/wp\/v2\/media?parent=182831"}],"wp:term":[{"taxonomy":"category","embeddable":true,"href":"https:\/\/newmobility.news\/fr\/wp-json\/wp\/v2\/categories?post=182831"},{"taxonomy":"post_tag","embeddable":true,"href":"https:\/\/newmobility.news\/fr\/wp-json\/wp\/v2\/tags?post=182831"}],"curies":[{"name":"wp","href":"https:\/\/api.w.org\/{rel}","templated":true}]}}