{"id":184142,"date":"2026-04-08T10:37:01","date_gmt":"2026-04-08T08:37:01","guid":{"rendered":"https:\/\/newmobility.news\/?p=184142"},"modified":"2026-04-10T11:27:36","modified_gmt":"2026-04-10T09:27:36","slug":"toyotas-new-rav4-reinforces-cautious-path-toward-full-electrification","status":"publish","type":"post","link":"https:\/\/newmobility.news\/fr\/2026\/04\/08\/toyotas-new-rav4-reinforces-cautious-path-toward-full-electrification\/","title":{"rendered":"Le nouveau RAV4 de Toyota renforce la prudence sur la voie de l'\u00e9lectrification compl\u00e8te"},"content":{"rendered":"Toyota has unveiled the sixth-generation RAV4. Toyota Motor Corporation is not just renewing one of its best-selling models; it is reaffirming a BEV-cautious strategy that continues to set it apart from much of the industry.\r\n\r\nSince its launch in 1994, the RAV4 has grown into one of the world\u2019s m<div class=\"leaky_paywall_message_wrap\"><div id=\"leaky_paywall_message\"><img data-recalc-dims=\"1\" decoding=\"async\" class=\"nag_logo\" src=\"https:\/\/i0.wp.com\/newmobility.news\/wp-content\/uploads\/2022\/02\/nmn-logo-long-transparent-small-4.png?w=300&#038;ssl=1\"  alt=\"Actualit\u00e9s sur les nouvelles mobilit\u00e9s\" \/>\r\n\r\n<h2 class=\"text-center\">\r\n\tLisez cet article gratuitement d\u00e8s maintenant !\r\n<\/h2>\r\nCr\u00e9ez un compte gratuit pour acc\u00e9der \u00e0 cet article et profiter pleinement de New Mobility.\r\n\n\t\t<div id=\"leaky-paywall-quick-register\" class=\"inline\">\n\t\t\t<form id=\"leaky-paywall-quick-register-form\" method=\"POST\" action=\"\" data-trp-original-action=\"\">\n\n\t\t\t\t\n\t\t\t\t\n\t\t\t\t\n\t\t\t\t<p class=\"form-field email-field\">\n\t\t\t\t\t<label for=\"email\">Courriel<\/label>\n\t\t\t\t\t<input class=\"email\" type=\"email\" name=\"email\" placeholder=\"Entrez votre adresse e-mail\" value=\"\" required>\n\t\t\t\t<\/p>\n\n\t\t\t\t\t\t\t\t\t<p class=\"form-field password-field\">\n\t\t\t\t\t\t<label for=\"password\">Mot de passe<\/label>\n\t\t\t\t\t\t<input class=\"password\" type=\"password\" name=\"password\" placeholder=\"Cr\u00e9er un mot de passe\" value=\"\" required>\n\t\t\t\t\t<\/p>\n\t\t\t\t\n\t\t\t\t\n\t\t\t\t<input name=\"company_url\" type=\"text\" value=\"\" autocomplete=\"off\" tabindex=\"-1\" style=\"display:none !important; position:absolute; left:-9999px;\" \/>\n\n\t\t\t\t<input type=\"hidden\" name=\"level_id\" value=\"20\">\n\n\t\t\t\t<input type=\"submit\" value=\"Inscrivez-vous gratuitement\">\n\n\t\t\t\t\n\t\t\t<input type=\"hidden\" name=\"trp-form-language\" value=\"fr\"\/><\/form>\n\n\t\t\t<div id=\"leaky-paywall-quick-register-errors\"><\/div>\n\t\t<\/div>\n\n\r\n\r\n<p class=\"text-center\"><strong>\u2014 OU \u2014<\/strong>\r\n\r\n<p class=\"text-center\"><strong>Abonnez-vous d\u00e8s maintenant<\/strong> B\u00e9n\u00e9ficiez d'un acc\u00e8s illimit\u00e9 au contenu original de nos partenaires \u00e9ditoriaux, recevez des alertes sur les derni\u00e8res actualit\u00e9s et obtenez chaque jour un r\u00e9sum\u00e9 r\u00e9dig\u00e9 par nos journalistes sp\u00e9cialis\u00e9s des articles incontournables sur votre secteur.<\/p>\r\n\r\n<div class=\"nag_buttons\">\r\n\t<a class=\"button\" href=\"https:\/\/newmobility.news\/fr\/abonnement\/\">Abonnez-vous d\u00e8s maintenant<\/a> \r\n\t<span class=\"nag_button_divider\"> ou <\/span> \r\n\t<a href=\"https:\/\/newmobility.news\/fr\/log-in\/\">CONNEXION<\/a>\r\n<\/div><\/div><\/div>","protected":false},"excerpt":{"rendered":"<p>Toyota has unveiled the sixth-generation RAV4. Toyota Motor Corporation is not just renewing one of its best-selling models; it is reaffirming a BEV-cautious strategy that continues to set it apart from much of the industry. Since its launch in 1994, the RAV4 has grown into one of the world\u2019s m Read this article now for [&hellip;]<\/p>\n","protected":false},"author":21,"featured_media":184152,"comment_status":"closed","ping_status":"closed","sticky":false,"template":"","format":"standard","meta":{"_acf_changed":false,"jetpack_post_was_ever_published":false,"_jetpack_newsletter_access":"","_jetpack_dont_email_post_to_subs":false,"_jetpack_newsletter_tier_id":0,"_jetpack_memberships_contains_paywalled_content":false,"_jetpack_memberships_contains_paid_content":false,"footnotes":"","jetpack_publicize_message":"","jetpack_publicize_feature_enabled":true,"jetpack_social_post_already_shared":true,"jetpack_social_options":{"image_generator_settings":{"template":"highway","default_image_id":0,"font":"","enabled":false},"version":2},"_wpas_customize_per_network":false},"categories":[28,77197,77169,8,6,4,17],"tags":[],"class_list":["post-184142","post","type-post","status-publish","format-standard","has-post-thumbnail","hentry","category-europe","category-japan","category-market","category-product","category-technology","category-top-stories-today","category-weekly-newsletter"],"acf":[],"featured_image_urls_v2":{"full":["https:\/\/i0.wp.com\/newmobility.news\/wp-content\/uploads\/2026\/04\/1920_2026_rav4phev_avantgardebronze_dynamic_001.jpg?fit=1800%2C1200&ssl=1",1800,1200,false],"thumbnail":["https:\/\/i0.wp.com\/newmobility.news\/wp-content\/uploads\/2026\/04\/1920_2026_rav4phev_avantgardebronze_dynamic_001.jpg?resize=150%2C150&ssl=1",150,150,true],"medium":["https:\/\/i0.wp.com\/newmobility.news\/wp-content\/uploads\/2026\/04\/1920_2026_rav4phev_avantgardebronze_dynamic_001.jpg?fit=300%2C200&ssl=1",300,200,true],"medium_large":["https:\/\/i0.wp.com\/newmobility.news\/wp-content\/uploads\/2026\/04\/1920_2026_rav4phev_avantgardebronze_dynamic_001.jpg?fit=640%2C427&ssl=1",640,427,true],"large":["https:\/\/i0.wp.com\/newmobility.news\/wp-content\/uploads\/2026\/04\/1920_2026_rav4phev_avantgardebronze_dynamic_001.jpg?fit=640%2C427&ssl=1",640,427,true],"1536x1536":["https:\/\/i0.wp.com\/newmobility.news\/wp-content\/uploads\/2026\/04\/1920_2026_rav4phev_avantgardebronze_dynamic_001.jpg?fit=1536%2C1024&ssl=1",1536,1024,true],"2048x2048":["https:\/\/i0.wp.com\/newmobility.news\/wp-content\/uploads\/2026\/04\/1920_2026_rav4phev_avantgardebronze_dynamic_001.jpg?fit=1800%2C1200&ssl=1",1800,1200,true],"trp-custom-language-flag":["https:\/\/i0.wp.com\/newmobility.news\/wp-content\/uploads\/2026\/04\/1920_2026_rav4phev_avantgardebronze_dynamic_001.jpg?fit=18%2C12&ssl=1",18,12,true],"related-thumb":["https:\/\/i0.wp.com\/newmobility.news\/wp-content\/uploads\/2026\/04\/1920_2026_rav4phev_avantgardebronze_dynamic_001.jpg?resize=640%2C480&ssl=1",640,480,true],"gform-image-choice-sm":["https:\/\/i0.wp.com\/newmobility.news\/wp-content\/uploads\/2026\/04\/1920_2026_rav4phev_avantgardebronze_dynamic_001.jpg?resize=300%2C300&ssl=1",300,300,true],"gform-image-choice-md":["https:\/\/i0.wp.com\/newmobility.news\/wp-content\/uploads\/2026\/04\/1920_2026_rav4phev_avantgardebronze_dynamic_001.jpg?resize=400%2C400&ssl=1",400,400,true],"gform-image-choice-lg":["https:\/\/i0.wp.com\/newmobility.news\/wp-content\/uploads\/2026\/04\/1920_2026_rav4phev_avantgardebronze_dynamic_001.jpg?resize=600%2C600&ssl=1",600,600,true],"mailchimp":["https:\/\/i0.wp.com\/newmobility.news\/wp-content\/uploads\/2026\/04\/1920_2026_rav4phev_avantgardebronze_dynamic_001.jpg?fit=560%2C373&ssl=1",560,373,true],"unipress-phone":["https:\/\/i0.wp.com\/newmobility.news\/wp-content\/uploads\/2026\/04\/1920_2026_rav4phev_avantgardebronze_dynamic_001.jpg?resize=640%2C100&ssl=1",640,100,true],"unipress-tablet":["https:\/\/i0.wp.com\/newmobility.news\/wp-content\/uploads\/2026\/04\/1920_2026_rav4phev_avantgardebronze_dynamic_001.jpg?resize=1536%2C240&ssl=1",1536,240,true],"unipress-tablet-portrait":["https:\/\/i0.wp.com\/newmobility.news\/wp-content\/uploads\/2026\/04\/1920_2026_rav4phev_avantgardebronze_dynamic_001.jpg?resize=1536%2C180&ssl=1",1536,180,true],"unipress-tablet-landscape":["https:\/\/i0.wp.com\/newmobility.news\/wp-content\/uploads\/2026\/04\/1920_2026_rav4phev_avantgardebronze_dynamic_001.jpg?resize=1800%2C180&ssl=1",1800,180,true],"unipress-smartphone":["https:\/\/i0.wp.com\/newmobility.news\/wp-content\/uploads\/2026\/04\/1920_2026_rav4phev_avantgardebronze_dynamic_001.jpg?resize=1080%2C168&ssl=1",1080,168,true],"unipress-wide-screen":["https:\/\/i0.wp.com\/newmobility.news\/wp-content\/uploads\/2026\/04\/1920_2026_rav4phev_avantgardebronze_dynamic_001.jpg?resize=1800%2C180&ssl=1",1800,180,true]},"post_excerpt_stackable_v2":"<p>Toyota has unveiled the sixth-generation RAV4. Toyota Motor Corporation is not just renewing one of its best-selling models; it is reaffirming a BEV-cautious strategy that continues to set it apart from much of the industry. Since its launch in 1994, the RAV4 has grown into one of the world\u2019s m Read this article now for free! Register a free account and gain access to this article and get more from New Mobility Email Password \u2014 OR \u2014 Subscribe now Get unlimited access to the original content of our publishing partners, be alerted on breaking news and get a daily business&hellip;<\/p>\n","category_list_v2":"<a href=\"https:\/\/newmobility.news\/fr\/category\/europe\/\" rel=\"category tag\">Europe<\/a>, <a href=\"https:\/\/newmobility.news\/fr\/category\/japan\/\" rel=\"category tag\">Japan<\/a>, <a href=\"https:\/\/newmobility.news\/fr\/category\/market\/\" rel=\"category tag\">Market<\/a>, <a href=\"https:\/\/newmobility.news\/fr\/category\/product\/\" rel=\"category tag\">Product<\/a>, <a href=\"https:\/\/newmobility.news\/fr\/category\/technology\/\" rel=\"category tag\">Technology<\/a>, <a href=\"https:\/\/newmobility.news\/fr\/category\/top-stories-today\/\" rel=\"category tag\">Top Stories Today<\/a>, <a href=\"https:\/\/newmobility.news\/fr\/category\/weekly-newsletter\/\" rel=\"category tag\">Weekly Newsletter<\/a>","author_info_v2":{"name":"Joris Van Roy","url":"https:\/\/newmobility.news\/fr\/author\/jorisximcom-be\/"},"comments_num_v2":"0 comments","yoast_head":"<!-- This site is optimized with the Yoast SEO plugin v27.5 - https:\/\/yoast.com\/product\/yoast-seo-wordpress\/ -->\n<title>Toyota&#039;s new RAV4 reinforces cautious path toward full electrification - newmobility.news<\/title>\n<meta name=\"robots\" content=\"index, follow, max-snippet:-1, max-image-preview:large, max-video-preview:-1\" \/>\n<link rel=\"canonical\" href=\"https:\/\/newmobility.news\/fr\/2026\/04\/08\/toyotas-new-rav4-reinforces-cautious-path-toward-full-electrification\/\" \/>\n<meta property=\"og:locale\" content=\"fr_FR\" \/>\n<meta property=\"og:type\" content=\"article\" \/>\n<meta property=\"og:title\" content=\"Toyota&#039;s new RAV4 reinforces cautious path toward full electrification - newmobility.news\" \/>\n<meta property=\"og:description\" content=\"Toyota has unveiled the sixth-generation RAV4. Toyota Motor Corporation is not just renewing one of its best-selling models; it is reaffirming a BEV-cautious strategy that continues to set it apart from much of the industry. Since its launch in 1994, the RAV4 has grown into one of the world\u2019s m Read this article now for [&hellip;]\" \/>\n<meta property=\"og:url\" content=\"https:\/\/newmobility.news\/fr\/2026\/04\/08\/toyotas-new-rav4-reinforces-cautious-path-toward-full-electrification\/\" \/>\n<meta property=\"og:site_name\" content=\"newmobility.news\" \/>\n<meta property=\"article:publisher\" content=\"https:\/\/www.facebook.com\/search\/top\/?q=newmobility.news\" \/>\n<meta property=\"article:published_time\" content=\"2026-04-08T08:37:01+00:00\" \/>\n<meta property=\"article:modified_time\" content=\"2026-04-10T09:27:36+00:00\" \/>\n<meta property=\"og:image\" content=\"https:\/\/newmobility.news\/wp-content\/uploads\/2026\/04\/1920_2026_rav4phev_avantgardebronze_dynamic_001.jpg\" \/>\n\t<meta property=\"og:image:width\" content=\"1800\" \/>\n\t<meta property=\"og:image:height\" content=\"1200\" \/>\n\t<meta property=\"og:image:type\" content=\"image\/jpeg\" \/>\n<meta name=\"author\" content=\"Joris Van Roy\" \/>\n<meta name=\"twitter:card\" content=\"summary_large_image\" \/>\n<meta name=\"twitter:creator\" content=\"@jorisvry\" \/>\n<meta name=\"twitter:site\" content=\"@jorisvry\" \/>\n<meta name=\"twitter:label1\" content=\"\u00c9crit par\" \/>\n\t<meta name=\"twitter:data1\" content=\"Joris Van Roy\" \/>\n\t<meta name=\"twitter:label2\" content=\"Dur\u00e9e de lecture est.\" \/>\n\t<meta name=\"twitter:data2\" content=\"5 minutes\" \/>\n<script type=\"application\/ld+json\" class=\"yoast-schema-graph\">{\"@context\":\"https:\\\/\\\/schema.org\",\"@graph\":[{\"@type\":\"Article\",\"@id\":\"https:\\\/\\\/newmobility.news\\\/2026\\\/04\\\/08\\\/toyotas-new-rav4-reinforces-cautious-path-toward-full-electrification\\\/#article\",\"isPartOf\":{\"@id\":\"https:\\\/\\\/newmobility.news\\\/2026\\\/04\\\/08\\\/toyotas-new-rav4-reinforces-cautious-path-toward-full-electrification\\\/\"},\"author\":{\"name\":\"Joris Van Roy\",\"@id\":\"https:\\\/\\\/newmobility.news\\\/#\\\/schema\\\/person\\\/c1ae99aef99238aa6a3d2e4fae62ca0d\"},\"headline\":\"Toyota&#8217;s new RAV4 reinforces cautious path toward full electrification\",\"datePublished\":\"2026-04-08T08:37:01+00:00\",\"dateModified\":\"2026-04-10T09:27:36+00:00\",\"mainEntityOfPage\":{\"@id\":\"https:\\\/\\\/newmobility.news\\\/2026\\\/04\\\/08\\\/toyotas-new-rav4-reinforces-cautious-path-toward-full-electrification\\\/\"},\"wordCount\":928,\"publisher\":{\"@id\":\"https:\\\/\\\/newmobility.news\\\/#organization\"},\"image\":{\"@id\":\"https:\\\/\\\/newmobility.news\\\/2026\\\/04\\\/08\\\/toyotas-new-rav4-reinforces-cautious-path-toward-full-electrification\\\/#primaryimage\"},\"thumbnailUrl\":\"https:\\\/\\\/i0.wp.com\\\/newmobility.news\\\/wp-content\\\/uploads\\\/2026\\\/04\\\/1920_2026_rav4phev_avantgardebronze_dynamic_001.jpg?fit=1800%2C1200&ssl=1\",\"articleSection\":[\"Europe\",\"Japan\",\"Market\",\"Product\",\"Technology\",\"Top Stories Today\",\"Weekly Newsletter\"],\"inLanguage\":\"fr-BE\"},{\"@type\":\"WebPage\",\"@id\":\"https:\\\/\\\/newmobility.news\\\/2026\\\/04\\\/08\\\/toyotas-new-rav4-reinforces-cautious-path-toward-full-electrification\\\/\",\"url\":\"https:\\\/\\\/newmobility.news\\\/2026\\\/04\\\/08\\\/toyotas-new-rav4-reinforces-cautious-path-toward-full-electrification\\\/\",\"name\":\"Toyota's new RAV4 reinforces cautious path toward full electrification - newmobility.news\",\"isPartOf\":{\"@id\":\"https:\\\/\\\/newmobility.news\\\/#website\"},\"primaryImageOfPage\":{\"@id\":\"https:\\\/\\\/newmobility.news\\\/2026\\\/04\\\/08\\\/toyotas-new-rav4-reinforces-cautious-path-toward-full-electrification\\\/#primaryimage\"},\"image\":{\"@id\":\"https:\\\/\\\/newmobility.news\\\/2026\\\/04\\\/08\\\/toyotas-new-rav4-reinforces-cautious-path-toward-full-electrification\\\/#primaryimage\"},\"thumbnailUrl\":\"https:\\\/\\\/i0.wp.com\\\/newmobility.news\\\/wp-content\\\/uploads\\\/2026\\\/04\\\/1920_2026_rav4phev_avantgardebronze_dynamic_001.jpg?fit=1800%2C1200&ssl=1\",\"datePublished\":\"2026-04-08T08:37:01+00:00\",\"dateModified\":\"2026-04-10T09:27:36+00:00\",\"breadcrumb\":{\"@id\":\"https:\\\/\\\/newmobility.news\\\/2026\\\/04\\\/08\\\/toyotas-new-rav4-reinforces-cautious-path-toward-full-electrification\\\/#breadcrumb\"},\"inLanguage\":\"fr-BE\",\"potentialAction\":[{\"@type\":\"ReadAction\",\"target\":[\"https:\\\/\\\/newmobility.news\\\/2026\\\/04\\\/08\\\/toyotas-new-rav4-reinforces-cautious-path-toward-full-electrification\\\/\"]}]},{\"@type\":\"ImageObject\",\"inLanguage\":\"fr-BE\",\"@id\":\"https:\\\/\\\/newmobility.news\\\/2026\\\/04\\\/08\\\/toyotas-new-rav4-reinforces-cautious-path-toward-full-electrification\\\/#primaryimage\",\"url\":\"https:\\\/\\\/i0.wp.com\\\/newmobility.news\\\/wp-content\\\/uploads\\\/2026\\\/04\\\/1920_2026_rav4phev_avantgardebronze_dynamic_001.jpg?fit=1800%2C1200&ssl=1\",\"contentUrl\":\"https:\\\/\\\/i0.wp.com\\\/newmobility.news\\\/wp-content\\\/uploads\\\/2026\\\/04\\\/1920_2026_rav4phev_avantgardebronze_dynamic_001.jpg?fit=1800%2C1200&ssl=1\",\"width\":1800,\"height\":1200,\"caption\":\"The new Toyota RAV4 combines hybrid and plug-in hybrid powertrains with a more rugged design, reflecting the brand\u2019s cautious path toward full electrification \\\/Toyota\"},{\"@type\":\"BreadcrumbList\",\"@id\":\"https:\\\/\\\/newmobility.news\\\/2026\\\/04\\\/08\\\/toyotas-new-rav4-reinforces-cautious-path-toward-full-electrification\\\/#breadcrumb\",\"itemListElement\":[{\"@type\":\"ListItem\",\"position\":1,\"name\":\"Home\",\"item\":\"https:\\\/\\\/newmobility.news\\\/\"},{\"@type\":\"ListItem\",\"position\":2,\"name\":\"Toyota&#8217;s new RAV4 reinforces cautious path toward full electrification\"}]},{\"@type\":\"WebSite\",\"@id\":\"https:\\\/\\\/newmobility.news\\\/#website\",\"url\":\"https:\\\/\\\/newmobility.news\\\/\",\"name\":\"newmobility.news\",\"description\":\"A B2BNews Agency\u00ae news service for mobility business proessional\",\"publisher\":{\"@id\":\"https:\\\/\\\/newmobility.news\\\/#organization\"},\"potentialAction\":[{\"@type\":\"SearchAction\",\"target\":{\"@type\":\"EntryPoint\",\"urlTemplate\":\"https:\\\/\\\/newmobility.news\\\/?s={search_term_string}\"},\"query-input\":{\"@type\":\"PropertyValueSpecification\",\"valueRequired\":true,\"valueName\":\"search_term_string\"}}],\"inLanguage\":\"fr-BE\"},{\"@type\":\"Organization\",\"@id\":\"https:\\\/\\\/newmobility.news\\\/#organization\",\"name\":\"B2BNews Agency\",\"url\":\"https:\\\/\\\/newmobility.news\\\/\",\"logo\":{\"@type\":\"ImageObject\",\"inLanguage\":\"fr-BE\",\"@id\":\"https:\\\/\\\/newmobility.news\\\/#\\\/schema\\\/logo\\\/image\\\/\",\"url\":\"https:\\\/\\\/newmobility.news\\\/wp-content\\\/uploads\\\/2018\\\/01\\\/b2bnews-agency-logo.png\",\"contentUrl\":\"https:\\\/\\\/newmobility.news\\\/wp-content\\\/uploads\\\/2018\\\/01\\\/b2bnews-agency-logo.png\",\"width\":\"581\",\"height\":\"117\",\"caption\":\"B2BNews Agency\"},\"image\":{\"@id\":\"https:\\\/\\\/newmobility.news\\\/#\\\/schema\\\/logo\\\/image\\\/\"},\"sameAs\":[\"https:\\\/\\\/www.facebook.com\\\/search\\\/top\\\/?q=newmobility.news\",\"https:\\\/\\\/x.com\\\/jorisvry\",\"https:\\\/\\\/www.linkedin.com\\\/in\\\/jorisvanroy\\\/\",\"https:\\\/\\\/nl.pinterest.com\\\/jorisvanroy\\\/\"]},{\"@type\":\"Person\",\"@id\":\"https:\\\/\\\/newmobility.news\\\/#\\\/schema\\\/person\\\/c1ae99aef99238aa6a3d2e4fae62ca0d\",\"name\":\"Joris Van Roy\",\"image\":{\"@type\":\"ImageObject\",\"inLanguage\":\"fr-BE\",\"@id\":\"https:\\\/\\\/secure.gravatar.com\\\/avatar\\\/b82919546c1cd9980bd2bc08f09d294c7cb92b3addd23cb9a4377a7b88b4349b?s=96&d=mm&r=g\",\"url\":\"https:\\\/\\\/secure.gravatar.com\\\/avatar\\\/b82919546c1cd9980bd2bc08f09d294c7cb92b3addd23cb9a4377a7b88b4349b?s=96&d=mm&r=g\",\"contentUrl\":\"https:\\\/\\\/secure.gravatar.com\\\/avatar\\\/b82919546c1cd9980bd2bc08f09d294c7cb92b3addd23cb9a4377a7b88b4349b?s=96&d=mm&r=g\",\"caption\":\"Joris Van Roy\"},\"url\":\"https:\\\/\\\/newmobility.news\\\/fr\\\/author\\\/jorisximcom-be\\\/\"}]}<\/script>\n<!-- \/ Yoast SEO plugin. -->","yoast_head_json":{"title":"Le nouveau RAV4 de Toyota renforce le chemin prudent vers l'\u00e9lectrification compl\u00e8te - newmobility.news","robots":{"index":"index","follow":"follow","max-snippet":"max-snippet:-1","max-image-preview":"max-image-preview:large","max-video-preview":"max-video-preview:-1"},"canonical":"https:\/\/newmobility.news\/fr\/2026\/04\/08\/toyotas-new-rav4-reinforces-cautious-path-toward-full-electrification\/","og_locale":"fr_FR","og_type":"article","og_title":"Toyota's new RAV4 reinforces cautious path toward full electrification - newmobility.news","og_description":"Toyota has unveiled the sixth-generation RAV4. Toyota Motor Corporation is not just renewing one of its best-selling models; it is reaffirming a BEV-cautious strategy that continues to set it apart from much of the industry. Since its launch in 1994, the RAV4 has grown into one of the world\u2019s m Read this article now for [&hellip;]","og_url":"https:\/\/newmobility.news\/fr\/2026\/04\/08\/toyotas-new-rav4-reinforces-cautious-path-toward-full-electrification\/","og_site_name":"newmobility.news","article_publisher":"https:\/\/www.facebook.com\/search\/top\/?q=newmobility.news","article_published_time":"2026-04-08T08:37:01+00:00","article_modified_time":"2026-04-10T09:27:36+00:00","og_image":[{"width":1800,"height":1200,"url":"https:\/\/newmobility.news\/wp-content\/uploads\/2026\/04\/1920_2026_rav4phev_avantgardebronze_dynamic_001.jpg","type":"image\/jpeg"}],"author":"Joris Van Roy","twitter_card":"summary_large_image","twitter_creator":"@jorisvry","twitter_site":"@jorisvry","twitter_misc":{"\u00c9crit par":"Joris Van Roy","Dur\u00e9e de lecture est.":"5 minutes"},"schema":{"@context":"https:\/\/schema.org","@graph":[{"@type":"Article","@id":"https:\/\/newmobility.news\/2026\/04\/08\/toyotas-new-rav4-reinforces-cautious-path-toward-full-electrification\/#article","isPartOf":{"@id":"https:\/\/newmobility.news\/2026\/04\/08\/toyotas-new-rav4-reinforces-cautious-path-toward-full-electrification\/"},"author":{"name":"Joris Van Roy","@id":"https:\/\/newmobility.news\/#\/schema\/person\/c1ae99aef99238aa6a3d2e4fae62ca0d"},"headline":"Toyota&#8217;s new RAV4 reinforces cautious path toward full electrification","datePublished":"2026-04-08T08:37:01+00:00","dateModified":"2026-04-10T09:27:36+00:00","mainEntityOfPage":{"@id":"https:\/\/newmobility.news\/2026\/04\/08\/toyotas-new-rav4-reinforces-cautious-path-toward-full-electrification\/"},"wordCount":928,"publisher":{"@id":"https:\/\/newmobility.news\/#organization"},"image":{"@id":"https:\/\/newmobility.news\/2026\/04\/08\/toyotas-new-rav4-reinforces-cautious-path-toward-full-electrification\/#primaryimage"},"thumbnailUrl":"https:\/\/i0.wp.com\/newmobility.news\/wp-content\/uploads\/2026\/04\/1920_2026_rav4phev_avantgardebronze_dynamic_001.jpg?fit=1800%2C1200&ssl=1","articleSection":["Europe","Japan","Market","Product","Technology","Top Stories Today","Weekly Newsletter"],"inLanguage":"fr-BE"},{"@type":"WebPage","@id":"https:\/\/newmobility.news\/2026\/04\/08\/toyotas-new-rav4-reinforces-cautious-path-toward-full-electrification\/","url":"https:\/\/newmobility.news\/2026\/04\/08\/toyotas-new-rav4-reinforces-cautious-path-toward-full-electrification\/","name":"Le nouveau RAV4 de Toyota renforce le chemin prudent vers l'\u00e9lectrification compl\u00e8te - newmobility.news","isPartOf":{"@id":"https:\/\/newmobility.news\/#website"},"primaryImageOfPage":{"@id":"https:\/\/newmobility.news\/2026\/04\/08\/toyotas-new-rav4-reinforces-cautious-path-toward-full-electrification\/#primaryimage"},"image":{"@id":"https:\/\/newmobility.news\/2026\/04\/08\/toyotas-new-rav4-reinforces-cautious-path-toward-full-electrification\/#primaryimage"},"thumbnailUrl":"https:\/\/i0.wp.com\/newmobility.news\/wp-content\/uploads\/2026\/04\/1920_2026_rav4phev_avantgardebronze_dynamic_001.jpg?fit=1800%2C1200&ssl=1","datePublished":"2026-04-08T08:37:01+00:00","dateModified":"2026-04-10T09:27:36+00:00","breadcrumb":{"@id":"https:\/\/newmobility.news\/2026\/04\/08\/toyotas-new-rav4-reinforces-cautious-path-toward-full-electrification\/#breadcrumb"},"inLanguage":"fr-BE","potentialAction":[{"@type":"ReadAction","target":["https:\/\/newmobility.news\/2026\/04\/08\/toyotas-new-rav4-reinforces-cautious-path-toward-full-electrification\/"]}]},{"@type":"ImageObject","inLanguage":"fr-BE","@id":"https:\/\/newmobility.news\/2026\/04\/08\/toyotas-new-rav4-reinforces-cautious-path-toward-full-electrification\/#primaryimage","url":"https:\/\/i0.wp.com\/newmobility.news\/wp-content\/uploads\/2026\/04\/1920_2026_rav4phev_avantgardebronze_dynamic_001.jpg?fit=1800%2C1200&ssl=1","contentUrl":"https:\/\/i0.wp.com\/newmobility.news\/wp-content\/uploads\/2026\/04\/1920_2026_rav4phev_avantgardebronze_dynamic_001.jpg?fit=1800%2C1200&ssl=1","width":1800,"height":1200,"caption":"The new Toyota RAV4 combines hybrid and plug-in hybrid powertrains with a more rugged design, reflecting the brand\u2019s cautious path toward full electrification \/Toyota"},{"@type":"BreadcrumbList","@id":"https:\/\/newmobility.news\/2026\/04\/08\/toyotas-new-rav4-reinforces-cautious-path-toward-full-electrification\/#breadcrumb","itemListElement":[{"@type":"ListItem","position":1,"name":"Home","item":"https:\/\/newmobility.news\/"},{"@type":"ListItem","position":2,"name":"Toyota&#8217;s new RAV4 reinforces cautious path toward full electrification"}]},{"@type":"WebSite","@id":"https:\/\/newmobility.news\/#website","url":"https:\/\/newmobility.news\/","name":"nouveaumobilit\u00e9.actualit\u00e9s","description":"Un service d'information B2BNews Agency\u00ae destin\u00e9 aux professionnels de la mobilit\u00e9","publisher":{"@id":"https:\/\/newmobility.news\/#organization"},"potentialAction":[{"@type":"SearchAction","target":{"@type":"EntryPoint","urlTemplate":"https:\/\/newmobility.news\/?s={search_term_string}"},"query-input":{"@type":"PropertyValueSpecification","valueRequired":true,"valueName":"search_term_string"}}],"inLanguage":"fr-BE"},{"@type":"Organization","@id":"https:\/\/newmobility.news\/#organization","name":"Agence de presse B2BNews","url":"https:\/\/newmobility.news\/","logo":{"@type":"ImageObject","inLanguage":"fr-BE","@id":"https:\/\/newmobility.news\/#\/schema\/logo\/image\/","url":"https:\/\/newmobility.news\/wp-content\/uploads\/2018\/01\/b2bnews-agency-logo.png","contentUrl":"https:\/\/newmobility.news\/wp-content\/uploads\/2018\/01\/b2bnews-agency-logo.png","width":"581","height":"117","caption":"B2BNews Agency"},"image":{"@id":"https:\/\/newmobility.news\/#\/schema\/logo\/image\/"},"sameAs":["https:\/\/www.facebook.com\/search\/top\/?q=newmobility.news","https:\/\/x.com\/jorisvry","https:\/\/www.linkedin.com\/in\/jorisvanroy\/","https:\/\/nl.pinterest.com\/jorisvanroy\/"]},{"@type":"Person","@id":"https:\/\/newmobility.news\/#\/schema\/person\/c1ae99aef99238aa6a3d2e4fae62ca0d","name":"Joris Van Roy","image":{"@type":"ImageObject","inLanguage":"fr-BE","@id":"https:\/\/secure.gravatar.com\/avatar\/b82919546c1cd9980bd2bc08f09d294c7cb92b3addd23cb9a4377a7b88b4349b?s=96&d=mm&r=g","url":"https:\/\/secure.gravatar.com\/avatar\/b82919546c1cd9980bd2bc08f09d294c7cb92b3addd23cb9a4377a7b88b4349b?s=96&d=mm&r=g","contentUrl":"https:\/\/secure.gravatar.com\/avatar\/b82919546c1cd9980bd2bc08f09d294c7cb92b3addd23cb9a4377a7b88b4349b?s=96&d=mm&r=g","caption":"Joris Van Roy"},"url":"https:\/\/newmobility.news\/fr\/author\/jorisximcom-be\/"}]}},"jetpack_publicize_connections":[],"jetpack_featured_media_url":"https:\/\/i0.wp.com\/newmobility.news\/wp-content\/uploads\/2026\/04\/1920_2026_rav4phev_avantgardebronze_dynamic_001.jpg?fit=1800%2C1200&ssl=1","jetpack_shortlink":"https:\/\/wp.me\/p9wJdU-LU2","jetpack_sharing_enabled":true,"jetpack_likes_enabled":true,"jetpack-related-posts":[],"_links":{"self":[{"href":"https:\/\/newmobility.news\/fr\/wp-json\/wp\/v2\/posts\/184142","targetHints":{"allow":["GET"]}}],"collection":[{"href":"https:\/\/newmobility.news\/fr\/wp-json\/wp\/v2\/posts"}],"about":[{"href":"https:\/\/newmobility.news\/fr\/wp-json\/wp\/v2\/types\/post"}],"author":[{"embeddable":true,"href":"https:\/\/newmobility.news\/fr\/wp-json\/wp\/v2\/users\/21"}],"replies":[{"embeddable":true,"href":"https:\/\/newmobility.news\/fr\/wp-json\/wp\/v2\/comments?post=184142"}],"version-history":[{"count":7,"href":"https:\/\/newmobility.news\/fr\/wp-json\/wp\/v2\/posts\/184142\/revisions"}],"predecessor-version":[{"id":184185,"href":"https:\/\/newmobility.news\/fr\/wp-json\/wp\/v2\/posts\/184142\/revisions\/184185"}],"wp:featuredmedia":[{"embeddable":true,"href":"https:\/\/newmobility.news\/fr\/wp-json\/wp\/v2\/media\/184152"}],"wp:attachment":[{"href":"https:\/\/newmobility.news\/fr\/wp-json\/wp\/v2\/media?parent=184142"}],"wp:term":[{"taxonomy":"category","embeddable":true,"href":"https:\/\/newmobility.news\/fr\/wp-json\/wp\/v2\/categories?post=184142"},{"taxonomy":"post_tag","embeddable":true,"href":"https:\/\/newmobility.news\/fr\/wp-json\/wp\/v2\/tags?post=184142"}],"curies":[{"name":"wp","href":"https:\/\/api.w.org\/{rel}","templated":true}]}}