{"id":185043,"date":"2026-04-22T10:31:08","date_gmt":"2026-04-22T08:31:08","guid":{"rendered":"https:\/\/newmobility.news\/?p=185043"},"modified":"2026-04-24T10:26:37","modified_gmt":"2026-04-24T08:26:37","slug":"volkswagen-arrives-in-beijing-with-three-concepts-to-fence-off-chinese-dominance","status":"publish","type":"post","link":"https:\/\/newmobility.news\/fr\/2026\/04\/22\/volkswagen-arrives-in-beijing-with-three-concepts-to-fence-off-chinese-dominance\/","title":{"rendered":"Volkswagen arrive \u00e0 P\u00e9kin avec trois concepts pour contrer la domination chinoise"},"content":{"rendered":"\u00c0 la veille du plus grand salon automobile au monde, le premier constructeur europ\u00e9en a d\u00e9voil\u00e9 trois v\u00e9hicules \u00e9lectriques couvrant une gamme de prix aussi large que possible. Il s\u2019agit soit d\u2019un plan d\u2019ensemble, soit d\u2019un signe de d\u00e9sespoir\u2026 voire des deux.\n\nLors de la soir\u00e9e presse du groupe \u00e0 P\u00e9kin, Volkswagen<div class=\"leaky_paywall_message_wrap\"><div id=\"leaky_paywall_message\">Ce contenu a \u00e9t\u00e9 archiv\u00e9. <a href=\"https:\/\/newmobility.news\/fr\/subscription\/\">Connectez-vous ou inscrivez-vous<\/a> \u00e0 un niveau qui donne acc\u00e8s au contenu archiv\u00e9.<\/div><\/div>","protected":false},"excerpt":{"rendered":"<p>On the eve of the world&#8217;s largest motor show, Europe\u2019s biggest carmaker pulled the covers off three electric vehicles spread across the widest possible price spectrum. That is either a master plan or a sign of desperation,&#8230; possibly both. At the Group\u2019s Media Night in Beijing, the VolkswageThis content has been archived. Log in or [&hellip;]<\/p>\n","protected":false},"author":715,"featured_media":185047,"comment_status":"closed","ping_status":"closed","sticky":false,"template":"","format":"standard","meta":{"_acf_changed":false,"_jetpack_newsletter_access":"","_jetpack_dont_email_post_to_subs":false,"_jetpack_newsletter_tier_id":0,"_jetpack_memberships_contains_paywalled_content":false,"_jetpack_feature_clip_id":0,"_jetpack_memberships_contains_paid_content":false,"footnotes":"","jetpack_publicize_message":"{title}\n\n{excerpt}\n\n{url}","jetpack_publicize_feature_enabled":true,"jetpack_social_post_already_shared":true,"jetpack_social_options":{"image_generator_settings":{"template":"highway","default_image_id":0,"font":"","enabled":false},"version":2},"_wpas_customize_per_network":false,"jetpack_post_was_ever_published":false},"categories":[77160,16,77169,77167,8,6,4,17],"tags":[],"class_list":["post-185043","post","type-post","status-publish","format-standard","has-post-thumbnail","hentry","category-china","category-industry","category-market","category-motor-show","category-product","category-technology","category-top-stories-today","category-weekly-newsletter"],"acf":[],"featured_image_urls_v2":{"full":["https:\/\/i0.wp.com\/newmobility.news\/wp-content\/uploads\/2026\/04\/VW-ID-Unyx-09.webp?fit=1920%2C1080&ssl=1",1920,1080,false],"thumbnail":["https:\/\/i0.wp.com\/newmobility.news\/wp-content\/uploads\/2026\/04\/VW-ID-Unyx-09.webp?resize=150%2C150&ssl=1",150,150,true],"medium":["https:\/\/i0.wp.com\/newmobility.news\/wp-content\/uploads\/2026\/04\/VW-ID-Unyx-09.webp?fit=300%2C169&ssl=1",300,169,true],"medium_large":["https:\/\/i0.wp.com\/newmobility.news\/wp-content\/uploads\/2026\/04\/VW-ID-Unyx-09.webp?fit=640%2C360&ssl=1",640,360,true],"large":["https:\/\/i0.wp.com\/newmobility.news\/wp-content\/uploads\/2026\/04\/VW-ID-Unyx-09.webp?fit=640%2C360&ssl=1",640,360,true],"1536x1536":["https:\/\/i0.wp.com\/newmobility.news\/wp-content\/uploads\/2026\/04\/VW-ID-Unyx-09.webp?fit=1536%2C864&ssl=1",1536,864,true],"2048x2048":["https:\/\/i0.wp.com\/newmobility.news\/wp-content\/uploads\/2026\/04\/VW-ID-Unyx-09.webp?fit=1920%2C1080&ssl=1",1920,1080,true],"trp-custom-language-flag":["https:\/\/i0.wp.com\/newmobility.news\/wp-content\/uploads\/2026\/04\/VW-ID-Unyx-09.webp?fit=18%2C10&ssl=1",18,10,true],"related-thumb":["https:\/\/i0.wp.com\/newmobility.news\/wp-content\/uploads\/2026\/04\/VW-ID-Unyx-09.webp?resize=640%2C480&ssl=1",640,480,true],"gform-image-choice-sm":["https:\/\/i0.wp.com\/newmobility.news\/wp-content\/uploads\/2026\/04\/VW-ID-Unyx-09.webp?resize=300%2C300&ssl=1",300,300,true],"gform-image-choice-md":["https:\/\/i0.wp.com\/newmobility.news\/wp-content\/uploads\/2026\/04\/VW-ID-Unyx-09.webp?resize=400%2C400&ssl=1",400,400,true],"gform-image-choice-lg":["https:\/\/i0.wp.com\/newmobility.news\/wp-content\/uploads\/2026\/04\/VW-ID-Unyx-09.webp?resize=600%2C600&ssl=1",600,600,true],"mailchimp":["https:\/\/i0.wp.com\/newmobility.news\/wp-content\/uploads\/2026\/04\/VW-ID-Unyx-09.webp?fit=560%2C315&ssl=1",560,315,true],"unipress-phone":["https:\/\/i0.wp.com\/newmobility.news\/wp-content\/uploads\/2026\/04\/VW-ID-Unyx-09.webp?resize=640%2C100&ssl=1",640,100,true],"unipress-tablet":["https:\/\/i0.wp.com\/newmobility.news\/wp-content\/uploads\/2026\/04\/VW-ID-Unyx-09.webp?resize=1536%2C240&ssl=1",1536,240,true],"unipress-tablet-portrait":["https:\/\/i0.wp.com\/newmobility.news\/wp-content\/uploads\/2026\/04\/VW-ID-Unyx-09.webp?resize=1536%2C180&ssl=1",1536,180,true],"unipress-tablet-landscape":["https:\/\/i0.wp.com\/newmobility.news\/wp-content\/uploads\/2026\/04\/VW-ID-Unyx-09.webp?resize=1920%2C180&ssl=1",1920,180,true],"unipress-smartphone":["https:\/\/i0.wp.com\/newmobility.news\/wp-content\/uploads\/2026\/04\/VW-ID-Unyx-09.webp?resize=1080%2C168&ssl=1",1080,168,true],"unipress-wide-screen":["https:\/\/i0.wp.com\/newmobility.news\/wp-content\/uploads\/2026\/04\/VW-ID-Unyx-09.webp?resize=1920%2C180&ssl=1",1920,180,true]},"post_excerpt_stackable_v2":"<p>On the eve of the world&#8217;s largest motor show, Europe\u2019s biggest carmaker pulled the covers off three electric vehicles spread across the widest possible price spectrum. That is either a master plan or a sign of desperation,&#8230; possibly both. At the Group\u2019s Media Night in Beijing, the VolkswageThis content has been archived. Log in or Subscribe to a level that has access to archived content.<\/p>\n","category_list_v2":"<a href=\"https:\/\/newmobility.news\/fr\/category\/china\/\" rel=\"category tag\">China<\/a>, <a href=\"https:\/\/newmobility.news\/fr\/category\/industry\/\" rel=\"category tag\">Industry<\/a>, <a href=\"https:\/\/newmobility.news\/fr\/category\/market\/\" rel=\"category tag\">Market<\/a>, <a href=\"https:\/\/newmobility.news\/fr\/category\/motor-show\/\" rel=\"category tag\">Motor Show<\/a>, <a href=\"https:\/\/newmobility.news\/fr\/category\/product\/\" rel=\"category tag\">Product<\/a>, <a href=\"https:\/\/newmobility.news\/fr\/category\/technology\/\" rel=\"category tag\">Technology<\/a>, <a href=\"https:\/\/newmobility.news\/fr\/category\/top-stories-today\/\" rel=\"category tag\">Top Stories Today<\/a>, <a href=\"https:\/\/newmobility.news\/fr\/category\/weekly-newsletter\/\" rel=\"category tag\">Weekly Newsletter<\/a>","author_info_v2":{"name":"Piet Andries","url":"https:\/\/newmobility.news\/fr\/author\/piet-andriesgmail-com\/"},"comments_num_v2":"0 comments","yoast_head":"<!-- This site is optimized with the Yoast SEO plugin v28.4 - https:\/\/yoast.com\/product\/yoast-seo-wordpress\/ -->\n<title>Volkswagen arrives in Beijing with three concepts to fence off Chinese dominance - newmobility.news<\/title>\n<meta name=\"robots\" content=\"index, follow, max-snippet:-1, max-image-preview:large, max-video-preview:-1\" \/>\n<link rel=\"canonical\" href=\"https:\/\/newmobility.news\/fr\/2026\/04\/22\/volkswagen-arrives-in-beijing-with-three-concepts-to-fence-off-chinese-dominance\/\" \/>\n<meta property=\"og:locale\" content=\"fr_FR\" \/>\n<meta property=\"og:type\" content=\"article\" \/>\n<meta property=\"og:title\" content=\"Volkswagen arrives in Beijing with three concepts to fence off Chinese dominance - newmobility.news\" \/>\n<meta property=\"og:description\" content=\"On the eve of the world&#039;s largest motor show, Europe\u2019s biggest carmaker pulled the covers off three electric vehicles spread across the widest possible price spectrum. That is either a master plan or a sign of desperation,... possibly both. At the Group\u2019s Media Night in Beijing, the VolkswageThis content has been archived. Log in or [&hellip;]\" \/>\n<meta property=\"og:url\" content=\"https:\/\/newmobility.news\/fr\/2026\/04\/22\/volkswagen-arrives-in-beijing-with-three-concepts-to-fence-off-chinese-dominance\/\" \/>\n<meta property=\"og:site_name\" content=\"newmobility.news\" \/>\n<meta property=\"article:publisher\" content=\"https:\/\/www.facebook.com\/search\/top\/?q=newmobility.news\" \/>\n<meta property=\"article:published_time\" content=\"2026-04-22T08:31:08+00:00\" \/>\n<meta property=\"article:modified_time\" content=\"2026-04-24T08:26:37+00:00\" \/>\n<meta property=\"og:image\" content=\"https:\/\/newmobility.news\/wp-content\/uploads\/2026\/04\/VW-ID-Unyx-09.webp\" \/>\n\t<meta property=\"og:image:width\" content=\"1920\" \/>\n\t<meta property=\"og:image:height\" content=\"1080\" \/>\n\t<meta property=\"og:image:type\" content=\"image\/webp\" \/>\n<meta name=\"author\" content=\"Piet Andries\" \/>\n<meta name=\"twitter:card\" content=\"summary_large_image\" \/>\n<meta name=\"twitter:creator\" content=\"@jorisvry\" \/>\n<meta name=\"twitter:site\" content=\"@jorisvry\" \/>\n<meta name=\"twitter:label1\" content=\"\u00c9crit par\" \/>\n\t<meta name=\"twitter:data1\" content=\"Piet Andries\" \/>\n\t<meta name=\"twitter:label2\" content=\"Dur\u00e9e de lecture est.\" \/>\n\t<meta name=\"twitter:data2\" content=\"5 minutes\" \/>\n<script type=\"application\/ld+json\" class=\"yoast-schema-graph\">{\"@context\":\"https:\\\/\\\/schema.org\",\"@graph\":[{\"@type\":\"Article\",\"@id\":\"https:\\\/\\\/newmobility.news\\\/2026\\\/04\\\/22\\\/volkswagen-arrives-in-beijing-with-three-concepts-to-fence-off-chinese-dominance\\\/#article\",\"isPartOf\":{\"@id\":\"https:\\\/\\\/newmobility.news\\\/2026\\\/04\\\/22\\\/volkswagen-arrives-in-beijing-with-three-concepts-to-fence-off-chinese-dominance\\\/\"},\"author\":{\"name\":\"Piet Andries\",\"@id\":\"https:\\\/\\\/newmobility.news\\\/#\\\/schema\\\/person\\\/a5b306e499388c9ea0a3a4f6704d7081\"},\"headline\":\"Volkswagen arrives in Beijing with three concepts to fence off Chinese dominance\",\"datePublished\":\"2026-04-22T08:31:08+00:00\",\"dateModified\":\"2026-04-24T08:26:37+00:00\",\"mainEntityOfPage\":{\"@id\":\"https:\\\/\\\/newmobility.news\\\/2026\\\/04\\\/22\\\/volkswagen-arrives-in-beijing-with-three-concepts-to-fence-off-chinese-dominance\\\/\"},\"wordCount\":923,\"publisher\":{\"@id\":\"https:\\\/\\\/newmobility.news\\\/#organization\"},\"image\":{\"@id\":\"https:\\\/\\\/newmobility.news\\\/2026\\\/04\\\/22\\\/volkswagen-arrives-in-beijing-with-three-concepts-to-fence-off-chinese-dominance\\\/#primaryimage\"},\"thumbnailUrl\":\"https:\\\/\\\/i0.wp.com\\\/newmobility.news\\\/wp-content\\\/uploads\\\/2026\\\/04\\\/VW-ID-Unyx-09.webp?fit=1920%2C1080&ssl=1\",\"articleSection\":[\"China\",\"Industry\",\"Market\",\"Motor Show\",\"Product\",\"Technology\",\"Top Stories Today\",\"Weekly Newsletter\"],\"inLanguage\":\"fr-BE\"},{\"@type\":\"WebPage\",\"@id\":\"https:\\\/\\\/newmobility.news\\\/2026\\\/04\\\/22\\\/volkswagen-arrives-in-beijing-with-three-concepts-to-fence-off-chinese-dominance\\\/\",\"url\":\"https:\\\/\\\/newmobility.news\\\/2026\\\/04\\\/22\\\/volkswagen-arrives-in-beijing-with-three-concepts-to-fence-off-chinese-dominance\\\/\",\"name\":\"Volkswagen arrives in Beijing with three concepts to fence off Chinese dominance - newmobility.news\",\"isPartOf\":{\"@id\":\"https:\\\/\\\/newmobility.news\\\/#website\"},\"primaryImageOfPage\":{\"@id\":\"https:\\\/\\\/newmobility.news\\\/2026\\\/04\\\/22\\\/volkswagen-arrives-in-beijing-with-three-concepts-to-fence-off-chinese-dominance\\\/#primaryimage\"},\"image\":{\"@id\":\"https:\\\/\\\/newmobility.news\\\/2026\\\/04\\\/22\\\/volkswagen-arrives-in-beijing-with-three-concepts-to-fence-off-chinese-dominance\\\/#primaryimage\"},\"thumbnailUrl\":\"https:\\\/\\\/i0.wp.com\\\/newmobility.news\\\/wp-content\\\/uploads\\\/2026\\\/04\\\/VW-ID-Unyx-09.webp?fit=1920%2C1080&ssl=1\",\"datePublished\":\"2026-04-22T08:31:08+00:00\",\"dateModified\":\"2026-04-24T08:26:37+00:00\",\"breadcrumb\":{\"@id\":\"https:\\\/\\\/newmobility.news\\\/2026\\\/04\\\/22\\\/volkswagen-arrives-in-beijing-with-three-concepts-to-fence-off-chinese-dominance\\\/#breadcrumb\"},\"inLanguage\":\"fr-BE\",\"potentialAction\":[{\"@type\":\"ReadAction\",\"target\":[\"https:\\\/\\\/newmobility.news\\\/2026\\\/04\\\/22\\\/volkswagen-arrives-in-beijing-with-three-concepts-to-fence-off-chinese-dominance\\\/\"]}]},{\"@type\":\"ImageObject\",\"inLanguage\":\"fr-BE\",\"@id\":\"https:\\\/\\\/newmobility.news\\\/2026\\\/04\\\/22\\\/volkswagen-arrives-in-beijing-with-three-concepts-to-fence-off-chinese-dominance\\\/#primaryimage\",\"url\":\"https:\\\/\\\/i0.wp.com\\\/newmobility.news\\\/wp-content\\\/uploads\\\/2026\\\/04\\\/VW-ID-Unyx-09.webp?fit=1920%2C1080&ssl=1\",\"contentUrl\":\"https:\\\/\\\/i0.wp.com\\\/newmobility.news\\\/wp-content\\\/uploads\\\/2026\\\/04\\\/VW-ID-Unyx-09.webp?fit=1920%2C1080&ssl=1\",\"width\":1920,\"height\":1080,\"caption\":\"The three concepts presented under the VW umbrella, are all made in China for China. \\\/Volkswagen\"},{\"@type\":\"BreadcrumbList\",\"@id\":\"https:\\\/\\\/newmobility.news\\\/2026\\\/04\\\/22\\\/volkswagen-arrives-in-beijing-with-three-concepts-to-fence-off-chinese-dominance\\\/#breadcrumb\",\"itemListElement\":[{\"@type\":\"ListItem\",\"position\":1,\"name\":\"Home\",\"item\":\"https:\\\/\\\/newmobility.news\\\/\"},{\"@type\":\"ListItem\",\"position\":2,\"name\":\"Volkswagen arrives in Beijing with three concepts to fence off Chinese dominance\"}]},{\"@type\":\"WebSite\",\"@id\":\"https:\\\/\\\/newmobility.news\\\/#website\",\"url\":\"https:\\\/\\\/newmobility.news\\\/\",\"name\":\"newmobility.news\",\"description\":\"A B2BNews Agency\u00ae news service for mobility business proessional\",\"publisher\":{\"@id\":\"https:\\\/\\\/newmobility.news\\\/#organization\"},\"potentialAction\":[{\"@type\":\"SearchAction\",\"target\":{\"@type\":\"EntryPoint\",\"urlTemplate\":\"https:\\\/\\\/newmobility.news\\\/?s={search_term_string}\"},\"query-input\":{\"@type\":\"PropertyValueSpecification\",\"valueRequired\":true,\"valueName\":\"search_term_string\"}}],\"inLanguage\":\"fr-BE\"},{\"@type\":\"Organization\",\"@id\":\"https:\\\/\\\/newmobility.news\\\/#organization\",\"name\":\"B2BNews Agency\",\"url\":\"https:\\\/\\\/newmobility.news\\\/\",\"logo\":{\"@type\":\"ImageObject\",\"inLanguage\":\"fr-BE\",\"@id\":\"https:\\\/\\\/newmobility.news\\\/#\\\/schema\\\/logo\\\/image\\\/\",\"url\":\"https:\\\/\\\/newmobility.news\\\/wp-content\\\/uploads\\\/2018\\\/01\\\/b2bnews-agency-logo.png\",\"contentUrl\":\"https:\\\/\\\/newmobility.news\\\/wp-content\\\/uploads\\\/2018\\\/01\\\/b2bnews-agency-logo.png\",\"width\":\"581\",\"height\":\"117\",\"caption\":\"B2BNews Agency\"},\"image\":{\"@id\":\"https:\\\/\\\/newmobility.news\\\/#\\\/schema\\\/logo\\\/image\\\/\"},\"sameAs\":[\"https:\\\/\\\/www.facebook.com\\\/search\\\/top\\\/?q=newmobility.news\",\"https:\\\/\\\/x.com\\\/jorisvry\",\"https:\\\/\\\/www.linkedin.com\\\/in\\\/jorisvanroy\\\/\",\"https:\\\/\\\/nl.pinterest.com\\\/jorisvanroy\\\/\"]},{\"@type\":\"Person\",\"@id\":\"https:\\\/\\\/newmobility.news\\\/#\\\/schema\\\/person\\\/a5b306e499388c9ea0a3a4f6704d7081\",\"name\":\"Piet Andries\",\"image\":{\"@type\":\"ImageObject\",\"inLanguage\":\"fr-BE\",\"@id\":\"https:\\\/\\\/secure.gravatar.com\\\/avatar\\\/c7ec64b5aa2f5a96b3ea5ca5b828a30d1b3e6e74b21e2f3e71ba86eea80553d4?s=96&d=mm&r=g\",\"url\":\"https:\\\/\\\/secure.gravatar.com\\\/avatar\\\/c7ec64b5aa2f5a96b3ea5ca5b828a30d1b3e6e74b21e2f3e71ba86eea80553d4?s=96&d=mm&r=g\",\"contentUrl\":\"https:\\\/\\\/secure.gravatar.com\\\/avatar\\\/c7ec64b5aa2f5a96b3ea5ca5b828a30d1b3e6e74b21e2f3e71ba86eea80553d4?s=96&d=mm&r=g\",\"caption\":\"Piet Andries\"},\"url\":\"https:\\\/\\\/newmobility.news\\\/fr\\\/author\\\/piet-andriesgmail-com\\\/\"}]}<\/script>\n<!-- \/ Yoast SEO plugin. -->","yoast_head_json":{"title":"Volkswagen arrive \u00e0 P\u00e9kin avec trois concepts pour contrer la domination chinoise - newmobility.news","robots":{"index":"index","follow":"follow","max-snippet":"max-snippet:-1","max-image-preview":"max-image-preview:large","max-video-preview":"max-video-preview:-1"},"canonical":"https:\/\/newmobility.news\/fr\/2026\/04\/22\/volkswagen-arrives-in-beijing-with-three-concepts-to-fence-off-chinese-dominance\/","og_locale":"fr_FR","og_type":"article","og_title":"Volkswagen arrives in Beijing with three concepts to fence off Chinese dominance - newmobility.news","og_description":"On the eve of the world's largest motor show, Europe\u2019s biggest carmaker pulled the covers off three electric vehicles spread across the widest possible price spectrum. That is either a master plan or a sign of desperation,... possibly both. At the Group\u2019s Media Night in Beijing, the VolkswageThis content has been archived. Log in or [&hellip;]","og_url":"https:\/\/newmobility.news\/fr\/2026\/04\/22\/volkswagen-arrives-in-beijing-with-three-concepts-to-fence-off-chinese-dominance\/","og_site_name":"newmobility.news","article_publisher":"https:\/\/www.facebook.com\/search\/top\/?q=newmobility.news","article_published_time":"2026-04-22T08:31:08+00:00","article_modified_time":"2026-04-24T08:26:37+00:00","og_image":[{"width":1920,"height":1080,"url":"https:\/\/newmobility.news\/wp-content\/uploads\/2026\/04\/VW-ID-Unyx-09.webp","type":"image\/webp"}],"author":"Piet Andries","twitter_card":"summary_large_image","twitter_creator":"@jorisvry","twitter_site":"@jorisvry","twitter_misc":{"\u00c9crit par":"Piet Andries","Dur\u00e9e de lecture est.":"5 minutes"},"schema":{"@context":"https:\/\/schema.org","@graph":[{"@type":"Article","@id":"https:\/\/newmobility.news\/2026\/04\/22\/volkswagen-arrives-in-beijing-with-three-concepts-to-fence-off-chinese-dominance\/#article","isPartOf":{"@id":"https:\/\/newmobility.news\/2026\/04\/22\/volkswagen-arrives-in-beijing-with-three-concepts-to-fence-off-chinese-dominance\/"},"author":{"name":"Piet Andries","@id":"https:\/\/newmobility.news\/#\/schema\/person\/a5b306e499388c9ea0a3a4f6704d7081"},"headline":"Volkswagen arrives in Beijing with three concepts to fence off Chinese dominance","datePublished":"2026-04-22T08:31:08+00:00","dateModified":"2026-04-24T08:26:37+00:00","mainEntityOfPage":{"@id":"https:\/\/newmobility.news\/2026\/04\/22\/volkswagen-arrives-in-beijing-with-three-concepts-to-fence-off-chinese-dominance\/"},"wordCount":923,"publisher":{"@id":"https:\/\/newmobility.news\/#organization"},"image":{"@id":"https:\/\/newmobility.news\/2026\/04\/22\/volkswagen-arrives-in-beijing-with-three-concepts-to-fence-off-chinese-dominance\/#primaryimage"},"thumbnailUrl":"https:\/\/i0.wp.com\/newmobility.news\/wp-content\/uploads\/2026\/04\/VW-ID-Unyx-09.webp?fit=1920%2C1080&ssl=1","articleSection":["China","Industry","Market","Motor Show","Product","Technology","Top Stories Today","Weekly Newsletter"],"inLanguage":"fr-BE"},{"@type":"WebPage","@id":"https:\/\/newmobility.news\/2026\/04\/22\/volkswagen-arrives-in-beijing-with-three-concepts-to-fence-off-chinese-dominance\/","url":"https:\/\/newmobility.news\/2026\/04\/22\/volkswagen-arrives-in-beijing-with-three-concepts-to-fence-off-chinese-dominance\/","name":"Volkswagen arrive \u00e0 P\u00e9kin avec trois concepts pour contrer la domination chinoise - newmobility.news","isPartOf":{"@id":"https:\/\/newmobility.news\/#website"},"primaryImageOfPage":{"@id":"https:\/\/newmobility.news\/2026\/04\/22\/volkswagen-arrives-in-beijing-with-three-concepts-to-fence-off-chinese-dominance\/#primaryimage"},"image":{"@id":"https:\/\/newmobility.news\/2026\/04\/22\/volkswagen-arrives-in-beijing-with-three-concepts-to-fence-off-chinese-dominance\/#primaryimage"},"thumbnailUrl":"https:\/\/i0.wp.com\/newmobility.news\/wp-content\/uploads\/2026\/04\/VW-ID-Unyx-09.webp?fit=1920%2C1080&ssl=1","datePublished":"2026-04-22T08:31:08+00:00","dateModified":"2026-04-24T08:26:37+00:00","breadcrumb":{"@id":"https:\/\/newmobility.news\/2026\/04\/22\/volkswagen-arrives-in-beijing-with-three-concepts-to-fence-off-chinese-dominance\/#breadcrumb"},"inLanguage":"fr-BE","potentialAction":[{"@type":"ReadAction","target":["https:\/\/newmobility.news\/2026\/04\/22\/volkswagen-arrives-in-beijing-with-three-concepts-to-fence-off-chinese-dominance\/"]}]},{"@type":"ImageObject","inLanguage":"fr-BE","@id":"https:\/\/newmobility.news\/2026\/04\/22\/volkswagen-arrives-in-beijing-with-three-concepts-to-fence-off-chinese-dominance\/#primaryimage","url":"https:\/\/i0.wp.com\/newmobility.news\/wp-content\/uploads\/2026\/04\/VW-ID-Unyx-09.webp?fit=1920%2C1080&ssl=1","contentUrl":"https:\/\/i0.wp.com\/newmobility.news\/wp-content\/uploads\/2026\/04\/VW-ID-Unyx-09.webp?fit=1920%2C1080&ssl=1","width":1920,"height":1080,"caption":"The three concepts presented under the VW umbrella, are all made in China for China. \/Volkswagen"},{"@type":"BreadcrumbList","@id":"https:\/\/newmobility.news\/2026\/04\/22\/volkswagen-arrives-in-beijing-with-three-concepts-to-fence-off-chinese-dominance\/#breadcrumb","itemListElement":[{"@type":"ListItem","position":1,"name":"Home","item":"https:\/\/newmobility.news\/"},{"@type":"ListItem","position":2,"name":"Volkswagen arrives in Beijing with three concepts to fence off Chinese dominance"}]},{"@type":"WebSite","@id":"https:\/\/newmobility.news\/#website","url":"https:\/\/newmobility.news\/","name":"nouveaumobilit\u00e9.actualit\u00e9s","description":"Un service d'information B2BNews Agency\u00ae destin\u00e9 aux professionnels de la mobilit\u00e9","publisher":{"@id":"https:\/\/newmobility.news\/#organization"},"potentialAction":[{"@type":"SearchAction","target":{"@type":"EntryPoint","urlTemplate":"https:\/\/newmobility.news\/?s={search_term_string}"},"query-input":{"@type":"PropertyValueSpecification","valueRequired":true,"valueName":"search_term_string"}}],"inLanguage":"fr-BE"},{"@type":"Organization","@id":"https:\/\/newmobility.news\/#organization","name":"Agence de presse B2BNews","url":"https:\/\/newmobility.news\/","logo":{"@type":"ImageObject","inLanguage":"fr-BE","@id":"https:\/\/newmobility.news\/#\/schema\/logo\/image\/","url":"https:\/\/newmobility.news\/wp-content\/uploads\/2018\/01\/b2bnews-agency-logo.png","contentUrl":"https:\/\/newmobility.news\/wp-content\/uploads\/2018\/01\/b2bnews-agency-logo.png","width":"581","height":"117","caption":"B2BNews Agency"},"image":{"@id":"https:\/\/newmobility.news\/#\/schema\/logo\/image\/"},"sameAs":["https:\/\/www.facebook.com\/search\/top\/?q=newmobility.news","https:\/\/x.com\/jorisvry","https:\/\/www.linkedin.com\/in\/jorisvanroy\/","https:\/\/nl.pinterest.com\/jorisvanroy\/"]},{"@type":"Person","@id":"https:\/\/newmobility.news\/#\/schema\/person\/a5b306e499388c9ea0a3a4f6704d7081","name":"Piet Andries","image":{"@type":"ImageObject","inLanguage":"fr-BE","@id":"https:\/\/secure.gravatar.com\/avatar\/c7ec64b5aa2f5a96b3ea5ca5b828a30d1b3e6e74b21e2f3e71ba86eea80553d4?s=96&d=mm&r=g","url":"https:\/\/secure.gravatar.com\/avatar\/c7ec64b5aa2f5a96b3ea5ca5b828a30d1b3e6e74b21e2f3e71ba86eea80553d4?s=96&d=mm&r=g","contentUrl":"https:\/\/secure.gravatar.com\/avatar\/c7ec64b5aa2f5a96b3ea5ca5b828a30d1b3e6e74b21e2f3e71ba86eea80553d4?s=96&d=mm&r=g","caption":"Piet Andries"},"url":"https:\/\/newmobility.news\/fr\/author\/piet-andriesgmail-com\/"}]}},"jetpack_publicize_connections":[],"jetpack_shortlink":"https:\/\/wp.me\/p9wJdU-M8z","jetpack_sharing_enabled":true,"jetpack_likes_enabled":true,"jetpack-related-posts":[],"jetpack_featured_media_url":"https:\/\/i0.wp.com\/newmobility.news\/wp-content\/uploads\/2026\/04\/VW-ID-Unyx-09.webp?fit=1920%2C1080&ssl=1","_links":{"self":[{"href":"https:\/\/newmobility.news\/fr\/wp-json\/wp\/v2\/posts\/185043","targetHints":{"allow":["GET"]}}],"collection":[{"href":"https:\/\/newmobility.news\/fr\/wp-json\/wp\/v2\/posts"}],"about":[{"href":"https:\/\/newmobility.news\/fr\/wp-json\/wp\/v2\/types\/post"}],"author":[{"embeddable":true,"href":"https:\/\/newmobility.news\/fr\/wp-json\/wp\/v2\/users\/715"}],"replies":[{"embeddable":true,"href":"https:\/\/newmobility.news\/fr\/wp-json\/wp\/v2\/comments?post=185043"}],"version-history":[{"count":5,"href":"https:\/\/newmobility.news\/fr\/wp-json\/wp\/v2\/posts\/185043\/revisions"}],"predecessor-version":[{"id":185066,"href":"https:\/\/newmobility.news\/fr\/wp-json\/wp\/v2\/posts\/185043\/revisions\/185066"}],"wp:featuredmedia":[{"embeddable":true,"href":"https:\/\/newmobility.news\/fr\/wp-json\/wp\/v2\/media\/185047"}],"wp:attachment":[{"href":"https:\/\/newmobility.news\/fr\/wp-json\/wp\/v2\/media?parent=185043"}],"wp:term":[{"taxonomy":"category","embeddable":true,"href":"https:\/\/newmobility.news\/fr\/wp-json\/wp\/v2\/categories?post=185043"},{"taxonomy":"post_tag","embeddable":true,"href":"https:\/\/newmobility.news\/fr\/wp-json\/wp\/v2\/tags?post=185043"}],"curies":[{"name":"wp","href":"https:\/\/api.w.org\/{rel}","templated":true}]}}