{"id":185560,"date":"2026-05-01T12:15:01","date_gmt":"2026-05-01T10:15:01","guid":{"rendered":"https:\/\/newmobility.news\/?p=185560"},"modified":"2026-04-30T11:11:28","modified_gmt":"2026-04-30T09:11:28","slug":"cuts-to-de-lijns-school-transportation-service-on-the-horizon","status":"publish","type":"post","link":"https:\/\/newmobility.news\/fr\/2026\/05\/01\/cuts-to-de-lijns-school-transportation-service-on-the-horizon\/","title":{"rendered":"Des coupes dans les services de transport scolaire de De Lijn se profilent \u00e0 l'horizon"},"content":{"rendered":"<p>Alors que les co\u00fbts augmentent et que le budget reste inchang\u00e9, des ajustements potentiels se profilent \u00e0 l'horizon pour le service de transport scolaire de De Lijn pour l'\u00e9ducation sp\u00e9ciale - la plupart de ces trajets sont effectu\u00e9s par des sous-traitants.<\/p>\n<p>La soci\u00e9t\u00e9 flamande de transport public l'a annonc\u00e9 dans une lettre adress\u00e9e aux \u00e9coles. Dans cette lettre, De Lijn indique que le gouvernement flamand entend avant tout r\u00e9former le transport scolaire afin de r\u00e9duire la dur\u00e9e des trajets pour tous les enfants.<\/p>\n<p>Selon la ministre flamande de la Mobilit\u00e9, Annick De Ridder (N-VA), sans intervention, les d\u00e9penses de transport scolaire de cette ann\u00e9e d\u00e9passeraient le budget de 10 millions d'euros. Le budget actuel pour le transport scolaire s'\u00e9l\u00e8ve \u00e0 139 millions d'euros.<\/p>\n<p>\u201cLe gouvernement flamand montre une fois de plus son c\u00f4t\u00e9 le plus antisocial\u201d, r\u00e9agit le parti d'opposition Groen, qui craint que les mesures de r\u00e9duction des co\u00fbts n'entra\u00eenent un allongement des temps de trajet.<\/p>\n<h4>Un budget sous pression<\/h4>\n<p>La Flandre compte environ 55.000 \u00e9l\u00e8ves dans l'enseignement sp\u00e9cialis\u00e9, dont 45.000 utilisent le transport scolaire (chiffres de 2024). En 2019, ce nombre n'\u00e9tait que de 34 000, soit une augmentation de plus de 10 000 \u00e9l\u00e8ves en quelques ann\u00e9es.<\/p>\n<p>Cette croissance explique \u00e9galement pourquoi le budget a \u00e9t\u00e9 mis sous pression si rapidement, d'autant plus que le budget du gouvernement de 139 millions d'euros n'a pas augment\u00e9 en cons\u00e9quence - le gouvernement flamand a charg\u00e9 De Lijn de r\u00e9viser le programme de transport scolaire avec le \u201cbudget existant\u201d.<\/p>\n<p>En d'autres termes, la combinaison de l'augmentation des co\u00fbts, due \u00e0 la hausse des prix du carburant et \u00e0 l'augmentation des contrats avec les op\u00e9rateurs, et du nombre croissant de demandes exerce une pression sur le syst\u00e8me actuel et le budget depuis un certain temps.<\/p>\n<p>C'est pourquoi De Lijn proc\u00e8de actuellement \u00e0 un examen approfondi afin de mettre au point un nouveau calendrier qui s'inscrive dans le cadre du budget. Ce faisant, elle demande \u00e9galement la coop\u00e9ration de ses partenaires, y compris les op\u00e9rateurs scolaires et de transport, dont les contrats sont ren\u00e9goci\u00e9s tous les cinq \u00e0 huit ans.<\/p>\n<p>\u201cLe secteur de l'\u00e9ducation assure la supervision n\u00e9cessaire des bus, tandis que les op\u00e9rateurs de transport fournissent les v\u00e9hicules et les chauffeurs. Tous deux devront r\u00e9\u00e9valuer leurs services\u201d, indique la lettre.<\/p>\n<p>En pratique, De Lijn s'occupe principalement de la planification des itin\u00e9raires, du contr\u00f4le de la qualit\u00e9, de la gestion des contrats de sous-traitance et de la communication avec les \u00e9coles. Le transporteur (sous-traitant) envoie la facture aux bureaux provinciaux de De Lijn, plus pr\u00e9cis\u00e9ment au service de transport scolaire. Les \u00e9coles soumettent les carnets de route et les listes de pr\u00e9sence pour v\u00e9rification.<\/p>\n<h4>Critiques acerbes<\/h4>\n<p>\u201cLes enfants qui utilisent les transports scolaires sont des \u00e9l\u00e8ves qui ont des besoins particuliers et qui suivent un enseignement sp\u00e9cialis\u00e9\u201d, d\u00e9clare Kim Buyst, de Groen. \u201cLe fait que le gouvernement flamand n'ajuste pas le budget pour r\u00e9pondre aux besoins de ces enfants me touche profond\u00e9ment en tant que m\u00e8re et ancienne enseignante. Le ministre de l'\u00e9ducation Zuhal Demir et la ministre de la mobilit\u00e9 Annick De Ridder n'ont manifestement aucune id\u00e9e de ce qu'ils font subir \u00e0 ces enfants.\u201d<\/p>\n<p>Elle souligne \u00e9galement qu'il y a une p\u00e9nurie d'accueil avant et apr\u00e8s l'\u00e9cole dans l'enseignement sp\u00e9cialis\u00e9. Selon elle, l'accueil flexible permet aux parents d'aller chercher eux-m\u00eames leurs enfants, comme c'est le cas dans les autres \u00e9coles.<\/p>\n<p>Le parti majoritaire, Vooruit, se pr\u00e9occupe \u00e9galement de la question. La d\u00e9put\u00e9e Gianna Werbrouck a r\u00e9dig\u00e9 un document de politique g\u00e9n\u00e9rale. \u201cTout comme la Commission des droits de l'enfant, je souhaite \u00e9tendre le droit au transport en bus\u201d, d\u00e9clare-t-elle notamment dans ce document. \u201cNous devons \u00e9voluer vers un droit \u00e0 l'aide \u00e0 la mobilit\u00e9. De cette mani\u00e8re, les parents peuvent \u00e9galement explorer d'autres initiatives. Pensez aux accompagnateurs de mobilit\u00e9, par exemple. De cette mani\u00e8re, nous n'aidons pas seulement les \u00e9l\u00e8ves qui peuvent se d\u00e9placer de mani\u00e8re autonome \u00e0 se rendre \u00e0 l'\u00e9cole et \u00e0 en revenir, mais nous les rendons \u00e9galement plus autonomes dans la vie quotidienne.\u201d<\/p>\n<p>M. Werbrouck souhaite \u00e9galement tenir compte de la distance qui s\u00e9pare les \u00e9l\u00e8ves de leur \u00e9cole. \u201cPour les \u00e9l\u00e8ves qui habitent \u00e0 moins de 4 km de l'\u00e9cole, nous pourrions utiliser davantage de points de ramassage partag\u00e9s. La commodit\u00e9 d'\u00eatre pris en charge \u00e0 la porte de l'\u00e9cole n'a rien \u00e0 voir avec le long temps de trajet qui s'ensuit.\u201d<\/p>\n<p>FYi : Parmi les \u00e9l\u00e8ves qui utilisent le transport scolaire, 5% passent plus de 90 minutes dans le bus ; 70% ne passent pas plus de 60 minutes.<\/p>\n<h4>\u2018Trouver le bon \u00e9quilibre\u2019<\/h4>\n<p>Selon M. De Ridder, il est important de trouver un \u00e9quilibre entre le fait de servir un groupe vuln\u00e9rable et d'agir dans le cadre des ressources disponibles. \u201cNous devons oser examiner les conditions du transport scolaire. Aujourd'hui, les enfants vivent parfois \u00e0 deux adresses et doivent parfois aller chercher leurs grands-parents. La r\u00e9alit\u00e9 a compl\u00e8tement chang\u00e9. Mais ces r\u00e8gles sont d\u00e9termin\u00e9es par le minist\u00e8re de l'\u00e9ducation.\u201d<\/p>\n<p>\u201cNous n'\u00e9tions pas au courant de cette initiative de De Lijn\u201d, a d\u00e9clar\u00e9 la ministre de l'\u00e9ducation Zuhal Demir (N-VA). \u201cNous ne ferons pas d'autres commentaires \u00e0 ce sujet pour le moment. Au cours de cette l\u00e9gislature, le budget du transport des \u00e9tudiants est transf\u00e9r\u00e9 de la ministre de la Mobilit\u00e9, Annick De Ridder (N-VA), \u00e0 Zuhal Demir.<\/p>\n<p>D'ici la fin du mois de juin, De Lijn fournira aux \u00e9coles des pr\u00e9cisions sur le nouveau calendrier.<\/p>","protected":false},"excerpt":{"rendered":"<p>As costs rise and the budget remains unchanged, potential adjustments are on the horizon for De Lijn&#8217;s school transportation service for special education \u2013 most of these trips are operated by subcontractors. The Flemish public transportation company announced this in a letter to the schools. In the letter, De Lijn states that the Flemish government [&hellip;]<\/p>\n","protected":false},"author":164,"featured_media":185576,"comment_status":"closed","ping_status":"closed","sticky":false,"template":"","format":"standard","meta":{"_acf_changed":false,"jetpack_post_was_ever_published":false,"_jetpack_newsletter_access":"","_jetpack_dont_email_post_to_subs":false,"_jetpack_newsletter_tier_id":0,"_jetpack_memberships_contains_paywalled_content":false,"_jetpack_memberships_contains_paid_content":false,"footnotes":"","jetpack_publicize_message":"","jetpack_publicize_feature_enabled":true,"jetpack_social_post_already_shared":true,"jetpack_social_options":{"image_generator_settings":{"template":"highway","default_image_id":0,"font":"","enabled":false},"version":2},"_wpas_customize_per_network":false},"categories":[77170,7,26,4],"tags":[],"class_list":["post-185560","post","type-post","status-publish","format-standard","has-post-thumbnail","hentry","category-belgium","category-mobility","category-public-transport","category-top-stories-today"],"acf":[],"featured_image_urls_v2":{"full":["https:\/\/i0.wp.com\/newmobility.news\/wp-content\/uploads\/2026\/04\/Untitled77-4.png?fit=1722%2C1322&ssl=1",1722,1322,false],"thumbnail":["https:\/\/i0.wp.com\/newmobility.news\/wp-content\/uploads\/2026\/04\/Untitled77-4.png?resize=150%2C150&ssl=1",150,150,true],"medium":["https:\/\/i0.wp.com\/newmobility.news\/wp-content\/uploads\/2026\/04\/Untitled77-4.png?fit=300%2C230&ssl=1",300,230,true],"medium_large":["https:\/\/i0.wp.com\/newmobility.news\/wp-content\/uploads\/2026\/04\/Untitled77-4.png?fit=640%2C491&ssl=1",640,491,true],"large":["https:\/\/i0.wp.com\/newmobility.news\/wp-content\/uploads\/2026\/04\/Untitled77-4.png?fit=640%2C491&ssl=1",640,491,true],"1536x1536":["https:\/\/i0.wp.com\/newmobility.news\/wp-content\/uploads\/2026\/04\/Untitled77-4.png?fit=1536%2C1179&ssl=1",1536,1179,true],"2048x2048":["https:\/\/i0.wp.com\/newmobility.news\/wp-content\/uploads\/2026\/04\/Untitled77-4.png?fit=1722%2C1322&ssl=1",1722,1322,true],"trp-custom-language-flag":["https:\/\/i0.wp.com\/newmobility.news\/wp-content\/uploads\/2026\/04\/Untitled77-4.png?fit=16%2C12&ssl=1",16,12,true],"related-thumb":["https:\/\/i0.wp.com\/newmobility.news\/wp-content\/uploads\/2026\/04\/Untitled77-4.png?resize=640%2C480&ssl=1",640,480,true],"gform-image-choice-sm":["https:\/\/i0.wp.com\/newmobility.news\/wp-content\/uploads\/2026\/04\/Untitled77-4.png?resize=300%2C300&ssl=1",300,300,true],"gform-image-choice-md":["https:\/\/i0.wp.com\/newmobility.news\/wp-content\/uploads\/2026\/04\/Untitled77-4.png?resize=400%2C400&ssl=1",400,400,true],"gform-image-choice-lg":["https:\/\/i0.wp.com\/newmobility.news\/wp-content\/uploads\/2026\/04\/Untitled77-4.png?resize=600%2C600&ssl=1",600,600,true],"mailchimp":["https:\/\/i0.wp.com\/newmobility.news\/wp-content\/uploads\/2026\/04\/Untitled77-4.png?fit=560%2C430&ssl=1",560,430,true],"unipress-phone":["https:\/\/i0.wp.com\/newmobility.news\/wp-content\/uploads\/2026\/04\/Untitled77-4.png?resize=640%2C100&ssl=1",640,100,true],"unipress-tablet":["https:\/\/i0.wp.com\/newmobility.news\/wp-content\/uploads\/2026\/04\/Untitled77-4.png?resize=1536%2C240&ssl=1",1536,240,true],"unipress-tablet-portrait":["https:\/\/i0.wp.com\/newmobility.news\/wp-content\/uploads\/2026\/04\/Untitled77-4.png?resize=1536%2C180&ssl=1",1536,180,true],"unipress-tablet-landscape":["https:\/\/i0.wp.com\/newmobility.news\/wp-content\/uploads\/2026\/04\/Untitled77-4.png?resize=1722%2C180&ssl=1",1722,180,true],"unipress-smartphone":["https:\/\/i0.wp.com\/newmobility.news\/wp-content\/uploads\/2026\/04\/Untitled77-4.png?resize=1080%2C168&ssl=1",1080,168,true],"unipress-wide-screen":["https:\/\/i0.wp.com\/newmobility.news\/wp-content\/uploads\/2026\/04\/Untitled77-4.png?resize=1722%2C180&ssl=1",1722,180,true]},"post_excerpt_stackable_v2":"<p>As costs rise and the budget remains unchanged, potential adjustments are on the horizon for De Lijn&#8217;s school transportation service for special education \u2013 most of these trips are operated by subcontractors. The Flemish public transportation company announced this in a letter to the schools. In the letter, De Lijn states that the Flemish government primarily intends to reform school transportation to reduce travel time for all children. According to Flemish Minister of Mobility Annick De Ridder (N-VA), without intervention, this year&#8217;s school transportation spending would exceed the budget by 10 million euros. The current budget for school transportation amounts&hellip;<\/p>\n","category_list_v2":"<a href=\"https:\/\/newmobility.news\/fr\/category\/belgium\/\" rel=\"category tag\">Belgium<\/a>, <a href=\"https:\/\/newmobility.news\/fr\/category\/mobility\/\" rel=\"category tag\">Mobility<\/a>, <a href=\"https:\/\/newmobility.news\/fr\/category\/public-transport\/\" rel=\"category tag\">Public transport<\/a>, <a href=\"https:\/\/newmobility.news\/fr\/category\/top-stories-today\/\" rel=\"category tag\">Top Stories Today<\/a>","author_info_v2":{"name":"Luc Joris","url":"https:\/\/newmobility.news\/fr\/author\/belga-5\/"},"comments_num_v2":"0 comments","yoast_head":"<!-- This site is optimized with the Yoast SEO plugin v27.5 - https:\/\/yoast.com\/product\/yoast-seo-wordpress\/ -->\n<title>Cuts to De Lijn&#039;s school transportation service on the horizon - newmobility.news<\/title>\n<meta name=\"robots\" content=\"index, follow, max-snippet:-1, max-image-preview:large, max-video-preview:-1\" \/>\n<link rel=\"canonical\" href=\"https:\/\/newmobility.news\/fr\/2026\/05\/01\/cuts-to-de-lijns-school-transportation-service-on-the-horizon\/\" \/>\n<meta property=\"og:locale\" content=\"fr_FR\" \/>\n<meta property=\"og:type\" content=\"article\" \/>\n<meta property=\"og:title\" content=\"Cuts to De Lijn&#039;s school transportation service on the horizon - newmobility.news\" \/>\n<meta property=\"og:description\" content=\"As costs rise and the budget remains unchanged, potential adjustments are on the horizon for De Lijn&#8217;s school transportation service for special education \u2013 most of these trips are operated by subcontractors. The Flemish public transportation company announced this in a letter to the schools. In the letter, De Lijn states that the Flemish government [&hellip;]\" \/>\n<meta property=\"og:url\" content=\"https:\/\/newmobility.news\/fr\/2026\/05\/01\/cuts-to-de-lijns-school-transportation-service-on-the-horizon\/\" \/>\n<meta property=\"og:site_name\" content=\"newmobility.news\" \/>\n<meta property=\"article:publisher\" content=\"https:\/\/www.facebook.com\/search\/top\/?q=newmobility.news\" \/>\n<meta property=\"article:published_time\" content=\"2026-05-01T10:15:01+00:00\" \/>\n<meta property=\"og:image\" content=\"https:\/\/newmobility.news\/wp-content\/uploads\/2026\/04\/Untitled77-4-1024x786.png\" \/>\n\t<meta property=\"og:image:width\" content=\"1024\" \/>\n\t<meta property=\"og:image:height\" content=\"786\" \/>\n\t<meta property=\"og:image:type\" content=\"image\/png\" \/>\n<meta name=\"author\" content=\"Luc Joris\" \/>\n<meta name=\"twitter:card\" content=\"summary_large_image\" \/>\n<meta name=\"twitter:creator\" content=\"@jorisvry\" \/>\n<meta name=\"twitter:site\" content=\"@jorisvry\" \/>\n<meta name=\"twitter:label1\" content=\"\u00c9crit par\" \/>\n\t<meta name=\"twitter:data1\" content=\"Luc Joris\" \/>\n\t<meta name=\"twitter:label2\" content=\"Dur\u00e9e de lecture est.\" \/>\n\t<meta name=\"twitter:data2\" content=\"4 minutes\" \/>\n<script type=\"application\/ld+json\" class=\"yoast-schema-graph\">{\"@context\":\"https:\\\/\\\/schema.org\",\"@graph\":[{\"@type\":\"Article\",\"@id\":\"https:\\\/\\\/newmobility.news\\\/2026\\\/05\\\/01\\\/cuts-to-de-lijns-school-transportation-service-on-the-horizon\\\/#article\",\"isPartOf\":{\"@id\":\"https:\\\/\\\/newmobility.news\\\/2026\\\/05\\\/01\\\/cuts-to-de-lijns-school-transportation-service-on-the-horizon\\\/\"},\"author\":{\"name\":\"Luc Joris\",\"@id\":\"https:\\\/\\\/newmobility.news\\\/#\\\/schema\\\/person\\\/a31e684b1039b4a94985a9aae156f28b\"},\"headline\":\"Cuts to De Lijn&#8217;s school transportation service on the horizon\",\"datePublished\":\"2026-05-01T10:15:01+00:00\",\"mainEntityOfPage\":{\"@id\":\"https:\\\/\\\/newmobility.news\\\/2026\\\/05\\\/01\\\/cuts-to-de-lijns-school-transportation-service-on-the-horizon\\\/\"},\"wordCount\":785,\"publisher\":{\"@id\":\"https:\\\/\\\/newmobility.news\\\/#organization\"},\"image\":{\"@id\":\"https:\\\/\\\/newmobility.news\\\/2026\\\/05\\\/01\\\/cuts-to-de-lijns-school-transportation-service-on-the-horizon\\\/#primaryimage\"},\"thumbnailUrl\":\"https:\\\/\\\/i0.wp.com\\\/newmobility.news\\\/wp-content\\\/uploads\\\/2026\\\/04\\\/Untitled77-4.png?fit=1722%2C1322&ssl=1\",\"articleSection\":[\"Belgium\",\"Mobility\",\"Public transport\",\"Top Stories Today\"],\"inLanguage\":\"fr-BE\"},{\"@type\":\"WebPage\",\"@id\":\"https:\\\/\\\/newmobility.news\\\/2026\\\/05\\\/01\\\/cuts-to-de-lijns-school-transportation-service-on-the-horizon\\\/\",\"url\":\"https:\\\/\\\/newmobility.news\\\/2026\\\/05\\\/01\\\/cuts-to-de-lijns-school-transportation-service-on-the-horizon\\\/\",\"name\":\"Cuts to De Lijn's school transportation service on the horizon - newmobility.news\",\"isPartOf\":{\"@id\":\"https:\\\/\\\/newmobility.news\\\/#website\"},\"primaryImageOfPage\":{\"@id\":\"https:\\\/\\\/newmobility.news\\\/2026\\\/05\\\/01\\\/cuts-to-de-lijns-school-transportation-service-on-the-horizon\\\/#primaryimage\"},\"image\":{\"@id\":\"https:\\\/\\\/newmobility.news\\\/2026\\\/05\\\/01\\\/cuts-to-de-lijns-school-transportation-service-on-the-horizon\\\/#primaryimage\"},\"thumbnailUrl\":\"https:\\\/\\\/i0.wp.com\\\/newmobility.news\\\/wp-content\\\/uploads\\\/2026\\\/04\\\/Untitled77-4.png?fit=1722%2C1322&ssl=1\",\"datePublished\":\"2026-05-01T10:15:01+00:00\",\"breadcrumb\":{\"@id\":\"https:\\\/\\\/newmobility.news\\\/2026\\\/05\\\/01\\\/cuts-to-de-lijns-school-transportation-service-on-the-horizon\\\/#breadcrumb\"},\"inLanguage\":\"fr-BE\",\"potentialAction\":[{\"@type\":\"ReadAction\",\"target\":[\"https:\\\/\\\/newmobility.news\\\/2026\\\/05\\\/01\\\/cuts-to-de-lijns-school-transportation-service-on-the-horizon\\\/\"]}]},{\"@type\":\"ImageObject\",\"inLanguage\":\"fr-BE\",\"@id\":\"https:\\\/\\\/newmobility.news\\\/2026\\\/05\\\/01\\\/cuts-to-de-lijns-school-transportation-service-on-the-horizon\\\/#primaryimage\",\"url\":\"https:\\\/\\\/i0.wp.com\\\/newmobility.news\\\/wp-content\\\/uploads\\\/2026\\\/04\\\/Untitled77-4.png?fit=1722%2C1322&ssl=1\",\"contentUrl\":\"https:\\\/\\\/i0.wp.com\\\/newmobility.news\\\/wp-content\\\/uploads\\\/2026\\\/04\\\/Untitled77-4.png?fit=1722%2C1322&ssl=1\",\"width\":1722,\"height\":1322,\"caption\":\"De Lijn has warned schools of possible adjustments to student transportation services because costs are rising while the budget remains the same \\\/De Lijn\"},{\"@type\":\"BreadcrumbList\",\"@id\":\"https:\\\/\\\/newmobility.news\\\/2026\\\/05\\\/01\\\/cuts-to-de-lijns-school-transportation-service-on-the-horizon\\\/#breadcrumb\",\"itemListElement\":[{\"@type\":\"ListItem\",\"position\":1,\"name\":\"Home\",\"item\":\"https:\\\/\\\/newmobility.news\\\/\"},{\"@type\":\"ListItem\",\"position\":2,\"name\":\"Cuts to De Lijn&#8217;s school transportation service on the horizon\"}]},{\"@type\":\"WebSite\",\"@id\":\"https:\\\/\\\/newmobility.news\\\/#website\",\"url\":\"https:\\\/\\\/newmobility.news\\\/\",\"name\":\"newmobility.news\",\"description\":\"A B2BNews Agency\u00ae news service for mobility business proessional\",\"publisher\":{\"@id\":\"https:\\\/\\\/newmobility.news\\\/#organization\"},\"potentialAction\":[{\"@type\":\"SearchAction\",\"target\":{\"@type\":\"EntryPoint\",\"urlTemplate\":\"https:\\\/\\\/newmobility.news\\\/?s={search_term_string}\"},\"query-input\":{\"@type\":\"PropertyValueSpecification\",\"valueRequired\":true,\"valueName\":\"search_term_string\"}}],\"inLanguage\":\"fr-BE\"},{\"@type\":\"Organization\",\"@id\":\"https:\\\/\\\/newmobility.news\\\/#organization\",\"name\":\"B2BNews Agency\",\"url\":\"https:\\\/\\\/newmobility.news\\\/\",\"logo\":{\"@type\":\"ImageObject\",\"inLanguage\":\"fr-BE\",\"@id\":\"https:\\\/\\\/newmobility.news\\\/#\\\/schema\\\/logo\\\/image\\\/\",\"url\":\"https:\\\/\\\/newmobility.news\\\/wp-content\\\/uploads\\\/2018\\\/01\\\/b2bnews-agency-logo.png\",\"contentUrl\":\"https:\\\/\\\/newmobility.news\\\/wp-content\\\/uploads\\\/2018\\\/01\\\/b2bnews-agency-logo.png\",\"width\":\"581\",\"height\":\"117\",\"caption\":\"B2BNews Agency\"},\"image\":{\"@id\":\"https:\\\/\\\/newmobility.news\\\/#\\\/schema\\\/logo\\\/image\\\/\"},\"sameAs\":[\"https:\\\/\\\/www.facebook.com\\\/search\\\/top\\\/?q=newmobility.news\",\"https:\\\/\\\/x.com\\\/jorisvry\",\"https:\\\/\\\/www.linkedin.com\\\/in\\\/jorisvanroy\\\/\",\"https:\\\/\\\/nl.pinterest.com\\\/jorisvanroy\\\/\"]},{\"@type\":\"Person\",\"@id\":\"https:\\\/\\\/newmobility.news\\\/#\\\/schema\\\/person\\\/a31e684b1039b4a94985a9aae156f28b\",\"name\":\"Luc Joris\",\"image\":{\"@type\":\"ImageObject\",\"inLanguage\":\"fr-BE\",\"@id\":\"https:\\\/\\\/secure.gravatar.com\\\/avatar\\\/9e27cf9984ae903174b14c7dd33d523290f03fd71803b04bc6e486c7259b2920?s=96&d=mm&r=g\",\"url\":\"https:\\\/\\\/secure.gravatar.com\\\/avatar\\\/9e27cf9984ae903174b14c7dd33d523290f03fd71803b04bc6e486c7259b2920?s=96&d=mm&r=g\",\"contentUrl\":\"https:\\\/\\\/secure.gravatar.com\\\/avatar\\\/9e27cf9984ae903174b14c7dd33d523290f03fd71803b04bc6e486c7259b2920?s=96&d=mm&r=g\",\"caption\":\"Luc Joris\"},\"url\":\"https:\\\/\\\/newmobility.news\\\/fr\\\/author\\\/belga-5\\\/\"}]}<\/script>\n<!-- \/ Yoast SEO plugin. -->","yoast_head_json":{"title":"La r\u00e9duction du service de transport scolaire de De Lijn se profile \u00e0 l'horizon - newmobility.news","robots":{"index":"index","follow":"follow","max-snippet":"max-snippet:-1","max-image-preview":"max-image-preview:large","max-video-preview":"max-video-preview:-1"},"canonical":"https:\/\/newmobility.news\/fr\/2026\/05\/01\/cuts-to-de-lijns-school-transportation-service-on-the-horizon\/","og_locale":"fr_FR","og_type":"article","og_title":"Cuts to De Lijn's school transportation service on the horizon - newmobility.news","og_description":"As costs rise and the budget remains unchanged, potential adjustments are on the horizon for De Lijn&#8217;s school transportation service for special education \u2013 most of these trips are operated by subcontractors. The Flemish public transportation company announced this in a letter to the schools. In the letter, De Lijn states that the Flemish government [&hellip;]","og_url":"https:\/\/newmobility.news\/fr\/2026\/05\/01\/cuts-to-de-lijns-school-transportation-service-on-the-horizon\/","og_site_name":"newmobility.news","article_publisher":"https:\/\/www.facebook.com\/search\/top\/?q=newmobility.news","article_published_time":"2026-05-01T10:15:01+00:00","og_image":[{"width":1024,"height":786,"url":"https:\/\/newmobility.news\/wp-content\/uploads\/2026\/04\/Untitled77-4-1024x786.png","type":"image\/png"}],"author":"Luc Joris","twitter_card":"summary_large_image","twitter_creator":"@jorisvry","twitter_site":"@jorisvry","twitter_misc":{"\u00c9crit par":"Luc Joris","Dur\u00e9e de lecture est.":"4 minutes"},"schema":{"@context":"https:\/\/schema.org","@graph":[{"@type":"Article","@id":"https:\/\/newmobility.news\/2026\/05\/01\/cuts-to-de-lijns-school-transportation-service-on-the-horizon\/#article","isPartOf":{"@id":"https:\/\/newmobility.news\/2026\/05\/01\/cuts-to-de-lijns-school-transportation-service-on-the-horizon\/"},"author":{"name":"Luc Joris","@id":"https:\/\/newmobility.news\/#\/schema\/person\/a31e684b1039b4a94985a9aae156f28b"},"headline":"Cuts to De Lijn&#8217;s school transportation service on the horizon","datePublished":"2026-05-01T10:15:01+00:00","mainEntityOfPage":{"@id":"https:\/\/newmobility.news\/2026\/05\/01\/cuts-to-de-lijns-school-transportation-service-on-the-horizon\/"},"wordCount":785,"publisher":{"@id":"https:\/\/newmobility.news\/#organization"},"image":{"@id":"https:\/\/newmobility.news\/2026\/05\/01\/cuts-to-de-lijns-school-transportation-service-on-the-horizon\/#primaryimage"},"thumbnailUrl":"https:\/\/i0.wp.com\/newmobility.news\/wp-content\/uploads\/2026\/04\/Untitled77-4.png?fit=1722%2C1322&ssl=1","articleSection":["Belgium","Mobility","Public transport","Top Stories Today"],"inLanguage":"fr-BE"},{"@type":"WebPage","@id":"https:\/\/newmobility.news\/2026\/05\/01\/cuts-to-de-lijns-school-transportation-service-on-the-horizon\/","url":"https:\/\/newmobility.news\/2026\/05\/01\/cuts-to-de-lijns-school-transportation-service-on-the-horizon\/","name":"La r\u00e9duction du service de transport scolaire de De Lijn se profile \u00e0 l'horizon - newmobility.news","isPartOf":{"@id":"https:\/\/newmobility.news\/#website"},"primaryImageOfPage":{"@id":"https:\/\/newmobility.news\/2026\/05\/01\/cuts-to-de-lijns-school-transportation-service-on-the-horizon\/#primaryimage"},"image":{"@id":"https:\/\/newmobility.news\/2026\/05\/01\/cuts-to-de-lijns-school-transportation-service-on-the-horizon\/#primaryimage"},"thumbnailUrl":"https:\/\/i0.wp.com\/newmobility.news\/wp-content\/uploads\/2026\/04\/Untitled77-4.png?fit=1722%2C1322&ssl=1","datePublished":"2026-05-01T10:15:01+00:00","breadcrumb":{"@id":"https:\/\/newmobility.news\/2026\/05\/01\/cuts-to-de-lijns-school-transportation-service-on-the-horizon\/#breadcrumb"},"inLanguage":"fr-BE","potentialAction":[{"@type":"ReadAction","target":["https:\/\/newmobility.news\/2026\/05\/01\/cuts-to-de-lijns-school-transportation-service-on-the-horizon\/"]}]},{"@type":"ImageObject","inLanguage":"fr-BE","@id":"https:\/\/newmobility.news\/2026\/05\/01\/cuts-to-de-lijns-school-transportation-service-on-the-horizon\/#primaryimage","url":"https:\/\/i0.wp.com\/newmobility.news\/wp-content\/uploads\/2026\/04\/Untitled77-4.png?fit=1722%2C1322&ssl=1","contentUrl":"https:\/\/i0.wp.com\/newmobility.news\/wp-content\/uploads\/2026\/04\/Untitled77-4.png?fit=1722%2C1322&ssl=1","width":1722,"height":1322,"caption":"De Lijn has warned schools of possible adjustments to student transportation services because costs are rising while the budget remains the same \/De Lijn"},{"@type":"BreadcrumbList","@id":"https:\/\/newmobility.news\/2026\/05\/01\/cuts-to-de-lijns-school-transportation-service-on-the-horizon\/#breadcrumb","itemListElement":[{"@type":"ListItem","position":1,"name":"Home","item":"https:\/\/newmobility.news\/"},{"@type":"ListItem","position":2,"name":"Cuts to De Lijn&#8217;s school transportation service on the horizon"}]},{"@type":"WebSite","@id":"https:\/\/newmobility.news\/#website","url":"https:\/\/newmobility.news\/","name":"nouveaumobilit\u00e9.actualit\u00e9s","description":"Un service d'information B2BNews Agency\u00ae destin\u00e9 aux professionnels de la mobilit\u00e9","publisher":{"@id":"https:\/\/newmobility.news\/#organization"},"potentialAction":[{"@type":"SearchAction","target":{"@type":"EntryPoint","urlTemplate":"https:\/\/newmobility.news\/?s={search_term_string}"},"query-input":{"@type":"PropertyValueSpecification","valueRequired":true,"valueName":"search_term_string"}}],"inLanguage":"fr-BE"},{"@type":"Organization","@id":"https:\/\/newmobility.news\/#organization","name":"Agence de presse B2BNews","url":"https:\/\/newmobility.news\/","logo":{"@type":"ImageObject","inLanguage":"fr-BE","@id":"https:\/\/newmobility.news\/#\/schema\/logo\/image\/","url":"https:\/\/newmobility.news\/wp-content\/uploads\/2018\/01\/b2bnews-agency-logo.png","contentUrl":"https:\/\/newmobility.news\/wp-content\/uploads\/2018\/01\/b2bnews-agency-logo.png","width":"581","height":"117","caption":"B2BNews Agency"},"image":{"@id":"https:\/\/newmobility.news\/#\/schema\/logo\/image\/"},"sameAs":["https:\/\/www.facebook.com\/search\/top\/?q=newmobility.news","https:\/\/x.com\/jorisvry","https:\/\/www.linkedin.com\/in\/jorisvanroy\/","https:\/\/nl.pinterest.com\/jorisvanroy\/"]},{"@type":"Person","@id":"https:\/\/newmobility.news\/#\/schema\/person\/a31e684b1039b4a94985a9aae156f28b","name":"Luc Joris","image":{"@type":"ImageObject","inLanguage":"fr-BE","@id":"https:\/\/secure.gravatar.com\/avatar\/9e27cf9984ae903174b14c7dd33d523290f03fd71803b04bc6e486c7259b2920?s=96&d=mm&r=g","url":"https:\/\/secure.gravatar.com\/avatar\/9e27cf9984ae903174b14c7dd33d523290f03fd71803b04bc6e486c7259b2920?s=96&d=mm&r=g","contentUrl":"https:\/\/secure.gravatar.com\/avatar\/9e27cf9984ae903174b14c7dd33d523290f03fd71803b04bc6e486c7259b2920?s=96&d=mm&r=g","caption":"Luc Joris"},"url":"https:\/\/newmobility.news\/fr\/author\/belga-5\/"}]}},"jetpack_publicize_connections":[],"jetpack_featured_media_url":"https:\/\/i0.wp.com\/newmobility.news\/wp-content\/uploads\/2026\/04\/Untitled77-4.png?fit=1722%2C1322&ssl=1","jetpack_shortlink":"https:\/\/wp.me\/p9wJdU-MgU","jetpack_sharing_enabled":true,"jetpack_likes_enabled":true,"jetpack-related-posts":[],"_links":{"self":[{"href":"https:\/\/newmobility.news\/fr\/wp-json\/wp\/v2\/posts\/185560","targetHints":{"allow":["GET"]}}],"collection":[{"href":"https:\/\/newmobility.news\/fr\/wp-json\/wp\/v2\/posts"}],"about":[{"href":"https:\/\/newmobility.news\/fr\/wp-json\/wp\/v2\/types\/post"}],"author":[{"embeddable":true,"href":"https:\/\/newmobility.news\/fr\/wp-json\/wp\/v2\/users\/164"}],"replies":[{"embeddable":true,"href":"https:\/\/newmobility.news\/fr\/wp-json\/wp\/v2\/comments?post=185560"}],"version-history":[{"count":10,"href":"https:\/\/newmobility.news\/fr\/wp-json\/wp\/v2\/posts\/185560\/revisions"}],"predecessor-version":[{"id":185600,"href":"https:\/\/newmobility.news\/fr\/wp-json\/wp\/v2\/posts\/185560\/revisions\/185600"}],"wp:featuredmedia":[{"embeddable":true,"href":"https:\/\/newmobility.news\/fr\/wp-json\/wp\/v2\/media\/185576"}],"wp:attachment":[{"href":"https:\/\/newmobility.news\/fr\/wp-json\/wp\/v2\/media?parent=185560"}],"wp:term":[{"taxonomy":"category","embeddable":true,"href":"https:\/\/newmobility.news\/fr\/wp-json\/wp\/v2\/categories?post=185560"},{"taxonomy":"post_tag","embeddable":true,"href":"https:\/\/newmobility.news\/fr\/wp-json\/wp\/v2\/tags?post=185560"}],"curies":[{"name":"wp","href":"https:\/\/api.w.org\/{rel}","templated":true}]}}