{"id":185591,"date":"2026-05-01T12:20:37","date_gmt":"2026-05-01T10:20:37","guid":{"rendered":"https:\/\/newmobility.news\/?p=185591"},"modified":"2026-04-30T12:27:52","modified_gmt":"2026-04-30T10:27:52","slug":"tesla-semi-finally-starts-rolling-off-the-main-production-line","status":"publish","type":"post","link":"https:\/\/newmobility.news\/fr\/2026\/05\/01\/tesla-semi-finally-starts-rolling-off-the-main-production-line\/","title":{"rendered":"Le Tesla Semi sort enfin de la cha\u00eene de production principale"},"content":{"rendered":"<p>Tesla a construit son premier camion Semi sur la ligne de production principale dans le Nevada, donnant ainsi le coup d'envoi de la production en s\u00e9rie du poids lourd \u00e9lectrique tant attendu. La Gigafactory a une capacit\u00e9 de production annuelle de 50 000 camions Semi, mais il reste \u00e0 voir si Tesla est enfin pr\u00eat \u00e0 produire en volume son plus gros v\u00e9hicule.<\/p>\n<p>En f\u00e9vrier, <a href=\"https:\/\/newmobility.news\/fr\/2026\/02\/11\/tesla-semi-finally-ready-for-series-production\/\">Tesla a discr\u00e8tement mis \u00e0 jour le site web du Semi avec les sp\u00e9cifications d\u00e9finitives du camion \u00e9lectrique de classe 8.<\/a>, laissant entrevoir la possibilit\u00e9 d'un lancement de la production en s\u00e9rie. Aujourd'hui, la nouvelle est officielle : Le compte X (Twitter) de Tesla <a href=\"https:\/\/x.com\/tesla_semi\/status\/2049590842302857675\">a post\u00e9 une photo<\/a> de la premi\u00e8re Semi \u00e0 sortir de la cha\u00eene de production \u00e0 haut volume de la Gigafactory Nevada.<\/p>\n<h4>Le premier d'une longue s\u00e9rie ou juste le premier ?<\/h4>\n<p>Sans autre commentaire, il est difficile de dire si cela a d\u00e9finitivement donn\u00e9 le coup d'envoi de la production en s\u00e9rie ou s'il s'agissait d'un simple essai. Quoi qu'il en soit, cela fait longtemps que l'on attend la Tesla Semi, pr\u00e9sent\u00e9e en 2017 et dont le lancement initial est pr\u00e9vu pour 2019.<\/p>\n<figure id=\"attachment_181526\" aria-describedby=\"caption-attachment-181526\" style=\"width: 1536px\" class=\"wp-caption aligncenter\"><img data-recalc-dims=\"1\" loading=\"lazy\" decoding=\"async\" class=\"wp-image-181526 size-full\" src=\"https:\/\/i0.wp.com\/newmobility.news\/wp-content\/uploads\/2026\/02\/Tesla-Semi-update.webp?resize=640%2C360&#038;ssl=1\" alt=\"\" width=\"640\" height=\"360\" srcset=\"https:\/\/i0.wp.com\/newmobility.news\/wp-content\/uploads\/2026\/02\/Tesla-Semi-update.webp?w=1536&amp;ssl=1 1536w, https:\/\/i0.wp.com\/newmobility.news\/wp-content\/uploads\/2026\/02\/Tesla-Semi-update.webp?w=1280&amp;ssl=1 1280w\" sizes=\"auto, (max-width: 640px) 100vw, 640px\" \/><figcaption id=\"caption-attachment-181526\" class=\"wp-caption-text\">Le nouveau design du Tesla Semi le rapproche des mod\u00e8les 3 et Y r\u00e9cemment mis \u00e0 jour \/Tesla<\/figcaption><\/figure>\n<p>Comme on peut le constater, Tesla a manqu\u00e9 \u00e0 plusieurs reprises les d\u00e9lais qu'elle s'\u00e9tait impos\u00e9s. Fin 2022, le constructeur de v\u00e9hicules \u00e9lectriques a livr\u00e9 des<a href=\"https:\/\/newmobility.news\/fr\/2022\/11\/30\/tesla-semi-achieves-500-mile-test-drive-days-before-delivery\/\">\u00a0une s\u00e9rie pilote de camions Semi pour PepsiCo<\/a>, mais ceux-ci \u00e9taient fabriqu\u00e9s \u00e0 la main sur une ligne s\u00e9par\u00e9e. Depuis, c'est le silence radio, hormis le d\u00e9voilement d'un mod\u00e8le mis \u00e0 jour en 2025 avec un design plus proche des v\u00e9hicules de tourisme Model 3 et Model Y.<\/p>\n<h4>\u00c0 partir de $260 000 et jusqu'\u00e0 800 km d'autonomie<\/h4>\n<p>Mais la production est d\u00e9sormais en cours, <a href=\"https:\/\/newmobility.news\/fr\/2025\/04\/07\/tesla-semi-still-facing-delays-and-price-hikes-says-customer\/\">les clients peuvent enfin s'attendre \u00e0 recevoir leurs commandes<\/a> - et les subventions qui les accompagnent. Le Tesla Semi est le camion \u00e9lectrique \u00e0 batterie de classe 8 le moins cher en vente aux \u00c9tats-Unis, avec un prix de $260 000 (222 600 \u20ac) pour le mod\u00e8le Standard Range (325 miles\/523 km d'autonomie), ou d'environ $290 000 (248 300 \u20ac) pour la version Long Range (500 miles\/805 km d'autonomie). C'est presque le double du prix initialement annonc\u00e9 lors de la pr\u00e9sentation du Semi, mais c'\u00e9tait il y a pr\u00e8s de 10 ans.<\/p>\n<p>Les clients am\u00e9ricains seront probablement les premiers \u00e0 recevoir leurs v\u00e9hicules Semi avant que le camion n'arrive sur les march\u00e9s internationaux. En Europe, il devra rivaliser avec des mod\u00e8les bien \u00e9tablis comme le <a href=\"https:\/\/newmobility.news\/fr\/2024\/12\/10\/mercedes-benz-trucks-delivers-first-eactros-600-e-trucks-to-customers\/\">Mercedes eActros 600<\/a>, le <a href=\"https:\/\/newmobility.news\/fr\/2026\/04\/15\/volvo-fh-aero-electric-raises-the-bar-to-700-km-range\/\">Volvo FH Electric Aero,<\/a> et le <a href=\"https:\/\/newmobility.news\/fr\/2025\/11\/26\/renault-trucks-debuts-e-tech-long-hauler-with-a-600-km-range\/\">Renault Trucks T E-Tech<\/a>, qui revendiquent une autonomie allant jusqu'\u00e0 700 km et sont disponibles \u00e0 des prix \u00e0 peine plus \u00e9lev\u00e9s.<\/p>","protected":false},"excerpt":{"rendered":"<p>Tesla has built its first Semi truck at the main production line in Nevada, hopefully kicking off series production for the long-awaited heavy electric truck. The Gigafactory has an annual production capacity of 50,000 Semi trucks, but it remains to be seen if Tesla is finally ready to produce its biggest vehicle yet at volume. [&hellip;]<\/p>\n","protected":false},"author":876,"featured_media":185605,"comment_status":"closed","ping_status":"closed","sticky":false,"template":"","format":"standard","meta":{"_acf_changed":false,"jetpack_post_was_ever_published":false,"_jetpack_newsletter_access":"","_jetpack_dont_email_post_to_subs":false,"_jetpack_newsletter_tier_id":0,"_jetpack_memberships_contains_paywalled_content":false,"_jetpack_memberships_contains_paid_content":false,"footnotes":"","jetpack_publicize_message":"","jetpack_publicize_feature_enabled":true,"jetpack_social_post_already_shared":true,"jetpack_social_options":{"image_generator_settings":{"template":"highway","default_image_id":0,"font":"","enabled":false},"version":2},"_wpas_customize_per_network":false},"categories":[4,61,77165],"tags":[],"class_list":["post-185591","post","type-post","status-publish","format-standard","has-post-thumbnail","hentry","category-top-stories-today","category-transport","category-usa"],"acf":[],"featured_image_urls_v2":{"full":["https:\/\/i0.wp.com\/newmobility.news\/wp-content\/uploads\/2026\/04\/HHGcAYSaAAALllB.jpg?fit=2048%2C894&ssl=1",2048,894,false],"thumbnail":["https:\/\/i0.wp.com\/newmobility.news\/wp-content\/uploads\/2026\/04\/HHGcAYSaAAALllB.jpg?resize=150%2C150&ssl=1",150,150,true],"medium":["https:\/\/i0.wp.com\/newmobility.news\/wp-content\/uploads\/2026\/04\/HHGcAYSaAAALllB.jpg?fit=300%2C131&ssl=1",300,131,true],"medium_large":["https:\/\/i0.wp.com\/newmobility.news\/wp-content\/uploads\/2026\/04\/HHGcAYSaAAALllB.jpg?fit=640%2C279&ssl=1",640,279,true],"large":["https:\/\/i0.wp.com\/newmobility.news\/wp-content\/uploads\/2026\/04\/HHGcAYSaAAALllB.jpg?fit=640%2C279&ssl=1",640,279,true],"1536x1536":["https:\/\/i0.wp.com\/newmobility.news\/wp-content\/uploads\/2026\/04\/HHGcAYSaAAALllB.jpg?fit=1536%2C671&ssl=1",1536,671,true],"2048x2048":["https:\/\/i0.wp.com\/newmobility.news\/wp-content\/uploads\/2026\/04\/HHGcAYSaAAALllB.jpg?fit=2048%2C894&ssl=1",2048,894,true],"trp-custom-language-flag":["https:\/\/i0.wp.com\/newmobility.news\/wp-content\/uploads\/2026\/04\/HHGcAYSaAAALllB.jpg?fit=18%2C8&ssl=1",18,8,true],"related-thumb":["https:\/\/i0.wp.com\/newmobility.news\/wp-content\/uploads\/2026\/04\/HHGcAYSaAAALllB.jpg?resize=640%2C480&ssl=1",640,480,true],"gform-image-choice-sm":["https:\/\/i0.wp.com\/newmobility.news\/wp-content\/uploads\/2026\/04\/HHGcAYSaAAALllB.jpg?resize=300%2C300&ssl=1",300,300,true],"gform-image-choice-md":["https:\/\/i0.wp.com\/newmobility.news\/wp-content\/uploads\/2026\/04\/HHGcAYSaAAALllB.jpg?resize=400%2C400&ssl=1",400,400,true],"gform-image-choice-lg":["https:\/\/i0.wp.com\/newmobility.news\/wp-content\/uploads\/2026\/04\/HHGcAYSaAAALllB.jpg?resize=600%2C600&ssl=1",600,600,true],"mailchimp":["https:\/\/i0.wp.com\/newmobility.news\/wp-content\/uploads\/2026\/04\/HHGcAYSaAAALllB.jpg?fit=560%2C244&ssl=1",560,244,true],"unipress-phone":["https:\/\/i0.wp.com\/newmobility.news\/wp-content\/uploads\/2026\/04\/HHGcAYSaAAALllB.jpg?resize=640%2C100&ssl=1",640,100,true],"unipress-tablet":["https:\/\/i0.wp.com\/newmobility.news\/wp-content\/uploads\/2026\/04\/HHGcAYSaAAALllB.jpg?resize=1536%2C240&ssl=1",1536,240,true],"unipress-tablet-portrait":["https:\/\/i0.wp.com\/newmobility.news\/wp-content\/uploads\/2026\/04\/HHGcAYSaAAALllB.jpg?resize=1536%2C180&ssl=1",1536,180,true],"unipress-tablet-landscape":["https:\/\/i0.wp.com\/newmobility.news\/wp-content\/uploads\/2026\/04\/HHGcAYSaAAALllB.jpg?resize=2048%2C180&ssl=1",2048,180,true],"unipress-smartphone":["https:\/\/i0.wp.com\/newmobility.news\/wp-content\/uploads\/2026\/04\/HHGcAYSaAAALllB.jpg?resize=1080%2C168&ssl=1",1080,168,true],"unipress-wide-screen":["https:\/\/i0.wp.com\/newmobility.news\/wp-content\/uploads\/2026\/04\/HHGcAYSaAAALllB.jpg?resize=2048%2C180&ssl=1",2048,180,true]},"post_excerpt_stackable_v2":"<p>Tesla has built its first Semi truck at the main production line in Nevada, hopefully kicking off series production for the long-awaited heavy electric truck. The Gigafactory has an annual production capacity of 50,000 Semi trucks, but it remains to be seen if Tesla is finally ready to produce its biggest vehicle yet at volume. In February, Tesla quietly updated the Semi&#8217;s website with the Class 8 electric truck&#8217;s definitive specs, hinting at a possible launch into series production. Now, the news is official: Tesla&#8217;s X (Twitter) account posted a picture of the first Semi to roll off the high-volume&hellip;<\/p>\n","category_list_v2":"<a href=\"https:\/\/newmobility.news\/fr\/category\/top-stories-today\/\" rel=\"category tag\">Top Stories Today<\/a>, <a href=\"https:\/\/newmobility.news\/fr\/category\/transport\/\" rel=\"category tag\">Transport<\/a>, <a href=\"https:\/\/newmobility.news\/fr\/category\/usa\/\" rel=\"category tag\">USA<\/a>","author_info_v2":{"name":"Yeelen M\u00f6ller","url":"https:\/\/newmobility.news\/fr\/author\/yeelenmhotmail-com\/"},"comments_num_v2":"0 comments","yoast_head":"<!-- This site is optimized with the Yoast SEO plugin v27.5 - https:\/\/yoast.com\/product\/yoast-seo-wordpress\/ -->\n<title>Tesla Semi finally starts rolling off the main production line - newmobility.news<\/title>\n<meta name=\"robots\" content=\"index, follow, max-snippet:-1, max-image-preview:large, max-video-preview:-1\" \/>\n<link rel=\"canonical\" href=\"https:\/\/newmobility.news\/fr\/2026\/05\/01\/tesla-semi-finally-starts-rolling-off-the-main-production-line\/\" \/>\n<meta property=\"og:locale\" content=\"fr_FR\" \/>\n<meta property=\"og:type\" content=\"article\" \/>\n<meta property=\"og:title\" content=\"Tesla Semi finally starts rolling off the main production line - newmobility.news\" \/>\n<meta property=\"og:description\" content=\"Tesla has built its first Semi truck at the main production line in Nevada, hopefully kicking off series production for the long-awaited heavy electric truck. The Gigafactory has an annual production capacity of 50,000 Semi trucks, but it remains to be seen if Tesla is finally ready to produce its biggest vehicle yet at volume. [&hellip;]\" \/>\n<meta property=\"og:url\" content=\"https:\/\/newmobility.news\/fr\/2026\/05\/01\/tesla-semi-finally-starts-rolling-off-the-main-production-line\/\" \/>\n<meta property=\"og:site_name\" content=\"newmobility.news\" \/>\n<meta property=\"article:publisher\" content=\"https:\/\/www.facebook.com\/search\/top\/?q=newmobility.news\" \/>\n<meta property=\"article:published_time\" content=\"2026-05-01T10:20:37+00:00\" \/>\n<meta property=\"og:image\" content=\"https:\/\/i0.wp.com\/newmobility.news\/wp-content\/uploads\/2026\/04\/HHGcAYSaAAALllB.jpg?fit=2048%2C894&ssl=1\" \/>\n\t<meta property=\"og:image:width\" content=\"2048\" \/>\n\t<meta property=\"og:image:height\" content=\"894\" \/>\n\t<meta property=\"og:image:type\" content=\"image\/jpeg\" \/>\n<meta name=\"author\" content=\"Yeelen M\u00f6ller\" \/>\n<meta name=\"twitter:card\" content=\"summary_large_image\" \/>\n<meta name=\"twitter:creator\" content=\"@jorisvry\" \/>\n<meta name=\"twitter:site\" content=\"@jorisvry\" \/>\n<meta name=\"twitter:label1\" content=\"\u00c9crit par\" \/>\n\t<meta name=\"twitter:data1\" content=\"Yeelen M\u00f6ller\" \/>\n\t<meta name=\"twitter:label2\" content=\"Dur\u00e9e de lecture est.\" \/>\n\t<meta name=\"twitter:data2\" content=\"3 minutes\" \/>\n<script type=\"application\/ld+json\" class=\"yoast-schema-graph\">{\"@context\":\"https:\\\/\\\/schema.org\",\"@graph\":[{\"@type\":\"Article\",\"@id\":\"https:\\\/\\\/newmobility.news\\\/2026\\\/05\\\/01\\\/tesla-semi-finally-starts-rolling-off-the-main-production-line\\\/#article\",\"isPartOf\":{\"@id\":\"https:\\\/\\\/newmobility.news\\\/2026\\\/05\\\/01\\\/tesla-semi-finally-starts-rolling-off-the-main-production-line\\\/\"},\"author\":{\"name\":\"Yeelen M\u00f6ller\",\"@id\":\"https:\\\/\\\/newmobility.news\\\/#\\\/schema\\\/person\\\/3eeadfd7f121788397dc8c80516604ee\"},\"headline\":\"Tesla Semi finally starts rolling off the main production line\",\"datePublished\":\"2026-05-01T10:20:37+00:00\",\"mainEntityOfPage\":{\"@id\":\"https:\\\/\\\/newmobility.news\\\/2026\\\/05\\\/01\\\/tesla-semi-finally-starts-rolling-off-the-main-production-line\\\/\"},\"wordCount\":400,\"publisher\":{\"@id\":\"https:\\\/\\\/newmobility.news\\\/#organization\"},\"image\":{\"@id\":\"https:\\\/\\\/newmobility.news\\\/2026\\\/05\\\/01\\\/tesla-semi-finally-starts-rolling-off-the-main-production-line\\\/#primaryimage\"},\"thumbnailUrl\":\"https:\\\/\\\/i0.wp.com\\\/newmobility.news\\\/wp-content\\\/uploads\\\/2026\\\/04\\\/HHGcAYSaAAALllB.jpg?fit=2048%2C894&ssl=1\",\"articleSection\":[\"Top Stories Today\",\"Transport\",\"USA\"],\"inLanguage\":\"fr-BE\"},{\"@type\":\"WebPage\",\"@id\":\"https:\\\/\\\/newmobility.news\\\/2026\\\/05\\\/01\\\/tesla-semi-finally-starts-rolling-off-the-main-production-line\\\/\",\"url\":\"https:\\\/\\\/newmobility.news\\\/2026\\\/05\\\/01\\\/tesla-semi-finally-starts-rolling-off-the-main-production-line\\\/\",\"name\":\"Tesla Semi finally starts rolling off the main production line - newmobility.news\",\"isPartOf\":{\"@id\":\"https:\\\/\\\/newmobility.news\\\/#website\"},\"primaryImageOfPage\":{\"@id\":\"https:\\\/\\\/newmobility.news\\\/2026\\\/05\\\/01\\\/tesla-semi-finally-starts-rolling-off-the-main-production-line\\\/#primaryimage\"},\"image\":{\"@id\":\"https:\\\/\\\/newmobility.news\\\/2026\\\/05\\\/01\\\/tesla-semi-finally-starts-rolling-off-the-main-production-line\\\/#primaryimage\"},\"thumbnailUrl\":\"https:\\\/\\\/i0.wp.com\\\/newmobility.news\\\/wp-content\\\/uploads\\\/2026\\\/04\\\/HHGcAYSaAAALllB.jpg?fit=2048%2C894&ssl=1\",\"datePublished\":\"2026-05-01T10:20:37+00:00\",\"breadcrumb\":{\"@id\":\"https:\\\/\\\/newmobility.news\\\/2026\\\/05\\\/01\\\/tesla-semi-finally-starts-rolling-off-the-main-production-line\\\/#breadcrumb\"},\"inLanguage\":\"fr-BE\",\"potentialAction\":[{\"@type\":\"ReadAction\",\"target\":[\"https:\\\/\\\/newmobility.news\\\/2026\\\/05\\\/01\\\/tesla-semi-finally-starts-rolling-off-the-main-production-line\\\/\"]}]},{\"@type\":\"ImageObject\",\"inLanguage\":\"fr-BE\",\"@id\":\"https:\\\/\\\/newmobility.news\\\/2026\\\/05\\\/01\\\/tesla-semi-finally-starts-rolling-off-the-main-production-line\\\/#primaryimage\",\"url\":\"https:\\\/\\\/i0.wp.com\\\/newmobility.news\\\/wp-content\\\/uploads\\\/2026\\\/04\\\/HHGcAYSaAAALllB.jpg?fit=2048%2C894&ssl=1\",\"contentUrl\":\"https:\\\/\\\/i0.wp.com\\\/newmobility.news\\\/wp-content\\\/uploads\\\/2026\\\/04\\\/HHGcAYSaAAALllB.jpg?fit=2048%2C894&ssl=1\",\"width\":2048,\"height\":894,\"caption\":\"Tesla has produced the first Semi at its own high volume line in Gigafactory Nevada, hopefully kicking off series production of the electric heavy truck \\\/Tesla Semi on X\"},{\"@type\":\"BreadcrumbList\",\"@id\":\"https:\\\/\\\/newmobility.news\\\/2026\\\/05\\\/01\\\/tesla-semi-finally-starts-rolling-off-the-main-production-line\\\/#breadcrumb\",\"itemListElement\":[{\"@type\":\"ListItem\",\"position\":1,\"name\":\"Home\",\"item\":\"https:\\\/\\\/newmobility.news\\\/\"},{\"@type\":\"ListItem\",\"position\":2,\"name\":\"Tesla Semi finally starts rolling off the main production line\"}]},{\"@type\":\"WebSite\",\"@id\":\"https:\\\/\\\/newmobility.news\\\/#website\",\"url\":\"https:\\\/\\\/newmobility.news\\\/\",\"name\":\"newmobility.news\",\"description\":\"A B2BNews Agency\u00ae news service for mobility business proessional\",\"publisher\":{\"@id\":\"https:\\\/\\\/newmobility.news\\\/#organization\"},\"potentialAction\":[{\"@type\":\"SearchAction\",\"target\":{\"@type\":\"EntryPoint\",\"urlTemplate\":\"https:\\\/\\\/newmobility.news\\\/?s={search_term_string}\"},\"query-input\":{\"@type\":\"PropertyValueSpecification\",\"valueRequired\":true,\"valueName\":\"search_term_string\"}}],\"inLanguage\":\"fr-BE\"},{\"@type\":\"Organization\",\"@id\":\"https:\\\/\\\/newmobility.news\\\/#organization\",\"name\":\"B2BNews Agency\",\"url\":\"https:\\\/\\\/newmobility.news\\\/\",\"logo\":{\"@type\":\"ImageObject\",\"inLanguage\":\"fr-BE\",\"@id\":\"https:\\\/\\\/newmobility.news\\\/#\\\/schema\\\/logo\\\/image\\\/\",\"url\":\"https:\\\/\\\/newmobility.news\\\/wp-content\\\/uploads\\\/2018\\\/01\\\/b2bnews-agency-logo.png\",\"contentUrl\":\"https:\\\/\\\/newmobility.news\\\/wp-content\\\/uploads\\\/2018\\\/01\\\/b2bnews-agency-logo.png\",\"width\":\"581\",\"height\":\"117\",\"caption\":\"B2BNews Agency\"},\"image\":{\"@id\":\"https:\\\/\\\/newmobility.news\\\/#\\\/schema\\\/logo\\\/image\\\/\"},\"sameAs\":[\"https:\\\/\\\/www.facebook.com\\\/search\\\/top\\\/?q=newmobility.news\",\"https:\\\/\\\/x.com\\\/jorisvry\",\"https:\\\/\\\/www.linkedin.com\\\/in\\\/jorisvanroy\\\/\",\"https:\\\/\\\/nl.pinterest.com\\\/jorisvanroy\\\/\"]},{\"@type\":\"Person\",\"@id\":\"https:\\\/\\\/newmobility.news\\\/#\\\/schema\\\/person\\\/3eeadfd7f121788397dc8c80516604ee\",\"name\":\"Yeelen M\u00f6ller\",\"image\":{\"@type\":\"ImageObject\",\"inLanguage\":\"fr-BE\",\"@id\":\"https:\\\/\\\/secure.gravatar.com\\\/avatar\\\/dcc7b7a3333f503cecd070ec7fa547bc999b9caea01fdd878a8c137081466f4a?s=96&d=mm&r=g\",\"url\":\"https:\\\/\\\/secure.gravatar.com\\\/avatar\\\/dcc7b7a3333f503cecd070ec7fa547bc999b9caea01fdd878a8c137081466f4a?s=96&d=mm&r=g\",\"contentUrl\":\"https:\\\/\\\/secure.gravatar.com\\\/avatar\\\/dcc7b7a3333f503cecd070ec7fa547bc999b9caea01fdd878a8c137081466f4a?s=96&d=mm&r=g\",\"caption\":\"Yeelen M\u00f6ller\"},\"url\":\"https:\\\/\\\/newmobility.news\\\/fr\\\/author\\\/yeelenmhotmail-com\\\/\"}]}<\/script>\n<!-- \/ Yoast SEO plugin. -->","yoast_head_json":{"title":"Le Tesla Semi sort enfin de la cha\u00eene de production principale - newmobility.news","robots":{"index":"index","follow":"follow","max-snippet":"max-snippet:-1","max-image-preview":"max-image-preview:large","max-video-preview":"max-video-preview:-1"},"canonical":"https:\/\/newmobility.news\/fr\/2026\/05\/01\/tesla-semi-finally-starts-rolling-off-the-main-production-line\/","og_locale":"fr_FR","og_type":"article","og_title":"Tesla Semi finally starts rolling off the main production line - newmobility.news","og_description":"Tesla has built its first Semi truck at the main production line in Nevada, hopefully kicking off series production for the long-awaited heavy electric truck. The Gigafactory has an annual production capacity of 50,000 Semi trucks, but it remains to be seen if Tesla is finally ready to produce its biggest vehicle yet at volume. [&hellip;]","og_url":"https:\/\/newmobility.news\/fr\/2026\/05\/01\/tesla-semi-finally-starts-rolling-off-the-main-production-line\/","og_site_name":"newmobility.news","article_publisher":"https:\/\/www.facebook.com\/search\/top\/?q=newmobility.news","article_published_time":"2026-05-01T10:20:37+00:00","og_image":[{"width":2048,"height":894,"url":"https:\/\/i0.wp.com\/newmobility.news\/wp-content\/uploads\/2026\/04\/HHGcAYSaAAALllB.jpg?fit=2048%2C894&ssl=1","type":"image\/jpeg"}],"author":"Yeelen M\u00f6ller","twitter_card":"summary_large_image","twitter_creator":"@jorisvry","twitter_site":"@jorisvry","twitter_misc":{"\u00c9crit par":"Yeelen M\u00f6ller","Dur\u00e9e de lecture est.":"3 minutes"},"schema":{"@context":"https:\/\/schema.org","@graph":[{"@type":"Article","@id":"https:\/\/newmobility.news\/2026\/05\/01\/tesla-semi-finally-starts-rolling-off-the-main-production-line\/#article","isPartOf":{"@id":"https:\/\/newmobility.news\/2026\/05\/01\/tesla-semi-finally-starts-rolling-off-the-main-production-line\/"},"author":{"name":"Yeelen M\u00f6ller","@id":"https:\/\/newmobility.news\/#\/schema\/person\/3eeadfd7f121788397dc8c80516604ee"},"headline":"Tesla Semi finally starts rolling off the main production line","datePublished":"2026-05-01T10:20:37+00:00","mainEntityOfPage":{"@id":"https:\/\/newmobility.news\/2026\/05\/01\/tesla-semi-finally-starts-rolling-off-the-main-production-line\/"},"wordCount":400,"publisher":{"@id":"https:\/\/newmobility.news\/#organization"},"image":{"@id":"https:\/\/newmobility.news\/2026\/05\/01\/tesla-semi-finally-starts-rolling-off-the-main-production-line\/#primaryimage"},"thumbnailUrl":"https:\/\/i0.wp.com\/newmobility.news\/wp-content\/uploads\/2026\/04\/HHGcAYSaAAALllB.jpg?fit=2048%2C894&ssl=1","articleSection":["Top Stories Today","Transport","USA"],"inLanguage":"fr-BE"},{"@type":"WebPage","@id":"https:\/\/newmobility.news\/2026\/05\/01\/tesla-semi-finally-starts-rolling-off-the-main-production-line\/","url":"https:\/\/newmobility.news\/2026\/05\/01\/tesla-semi-finally-starts-rolling-off-the-main-production-line\/","name":"Le Tesla Semi sort enfin de la cha\u00eene de production principale - newmobility.news","isPartOf":{"@id":"https:\/\/newmobility.news\/#website"},"primaryImageOfPage":{"@id":"https:\/\/newmobility.news\/2026\/05\/01\/tesla-semi-finally-starts-rolling-off-the-main-production-line\/#primaryimage"},"image":{"@id":"https:\/\/newmobility.news\/2026\/05\/01\/tesla-semi-finally-starts-rolling-off-the-main-production-line\/#primaryimage"},"thumbnailUrl":"https:\/\/i0.wp.com\/newmobility.news\/wp-content\/uploads\/2026\/04\/HHGcAYSaAAALllB.jpg?fit=2048%2C894&ssl=1","datePublished":"2026-05-01T10:20:37+00:00","breadcrumb":{"@id":"https:\/\/newmobility.news\/2026\/05\/01\/tesla-semi-finally-starts-rolling-off-the-main-production-line\/#breadcrumb"},"inLanguage":"fr-BE","potentialAction":[{"@type":"ReadAction","target":["https:\/\/newmobility.news\/2026\/05\/01\/tesla-semi-finally-starts-rolling-off-the-main-production-line\/"]}]},{"@type":"ImageObject","inLanguage":"fr-BE","@id":"https:\/\/newmobility.news\/2026\/05\/01\/tesla-semi-finally-starts-rolling-off-the-main-production-line\/#primaryimage","url":"https:\/\/i0.wp.com\/newmobility.news\/wp-content\/uploads\/2026\/04\/HHGcAYSaAAALllB.jpg?fit=2048%2C894&ssl=1","contentUrl":"https:\/\/i0.wp.com\/newmobility.news\/wp-content\/uploads\/2026\/04\/HHGcAYSaAAALllB.jpg?fit=2048%2C894&ssl=1","width":2048,"height":894,"caption":"Tesla has produced the first Semi at its own high volume line in Gigafactory Nevada, hopefully kicking off series production of the electric heavy truck \/Tesla Semi on X"},{"@type":"BreadcrumbList","@id":"https:\/\/newmobility.news\/2026\/05\/01\/tesla-semi-finally-starts-rolling-off-the-main-production-line\/#breadcrumb","itemListElement":[{"@type":"ListItem","position":1,"name":"Home","item":"https:\/\/newmobility.news\/"},{"@type":"ListItem","position":2,"name":"Tesla Semi finally starts rolling off the main production line"}]},{"@type":"WebSite","@id":"https:\/\/newmobility.news\/#website","url":"https:\/\/newmobility.news\/","name":"nouveaumobilit\u00e9.actualit\u00e9s","description":"Un service d'information B2BNews Agency\u00ae destin\u00e9 aux professionnels de la mobilit\u00e9","publisher":{"@id":"https:\/\/newmobility.news\/#organization"},"potentialAction":[{"@type":"SearchAction","target":{"@type":"EntryPoint","urlTemplate":"https:\/\/newmobility.news\/?s={search_term_string}"},"query-input":{"@type":"PropertyValueSpecification","valueRequired":true,"valueName":"search_term_string"}}],"inLanguage":"fr-BE"},{"@type":"Organization","@id":"https:\/\/newmobility.news\/#organization","name":"Agence de presse B2BNews","url":"https:\/\/newmobility.news\/","logo":{"@type":"ImageObject","inLanguage":"fr-BE","@id":"https:\/\/newmobility.news\/#\/schema\/logo\/image\/","url":"https:\/\/newmobility.news\/wp-content\/uploads\/2018\/01\/b2bnews-agency-logo.png","contentUrl":"https:\/\/newmobility.news\/wp-content\/uploads\/2018\/01\/b2bnews-agency-logo.png","width":"581","height":"117","caption":"B2BNews Agency"},"image":{"@id":"https:\/\/newmobility.news\/#\/schema\/logo\/image\/"},"sameAs":["https:\/\/www.facebook.com\/search\/top\/?q=newmobility.news","https:\/\/x.com\/jorisvry","https:\/\/www.linkedin.com\/in\/jorisvanroy\/","https:\/\/nl.pinterest.com\/jorisvanroy\/"]},{"@type":"Person","@id":"https:\/\/newmobility.news\/#\/schema\/person\/3eeadfd7f121788397dc8c80516604ee","name":"Yeelen M\u00f6ller","image":{"@type":"ImageObject","inLanguage":"fr-BE","@id":"https:\/\/secure.gravatar.com\/avatar\/dcc7b7a3333f503cecd070ec7fa547bc999b9caea01fdd878a8c137081466f4a?s=96&d=mm&r=g","url":"https:\/\/secure.gravatar.com\/avatar\/dcc7b7a3333f503cecd070ec7fa547bc999b9caea01fdd878a8c137081466f4a?s=96&d=mm&r=g","contentUrl":"https:\/\/secure.gravatar.com\/avatar\/dcc7b7a3333f503cecd070ec7fa547bc999b9caea01fdd878a8c137081466f4a?s=96&d=mm&r=g","caption":"Yeelen M\u00f6ller"},"url":"https:\/\/newmobility.news\/fr\/author\/yeelenmhotmail-com\/"}]}},"jetpack_publicize_connections":[],"jetpack_featured_media_url":"https:\/\/i0.wp.com\/newmobility.news\/wp-content\/uploads\/2026\/04\/HHGcAYSaAAALllB.jpg?fit=2048%2C894&ssl=1","jetpack_shortlink":"https:\/\/wp.me\/p9wJdU-Mhp","jetpack_sharing_enabled":true,"jetpack_likes_enabled":true,"jetpack-related-posts":[],"_links":{"self":[{"href":"https:\/\/newmobility.news\/fr\/wp-json\/wp\/v2\/posts\/185591","targetHints":{"allow":["GET"]}}],"collection":[{"href":"https:\/\/newmobility.news\/fr\/wp-json\/wp\/v2\/posts"}],"about":[{"href":"https:\/\/newmobility.news\/fr\/wp-json\/wp\/v2\/types\/post"}],"author":[{"embeddable":true,"href":"https:\/\/newmobility.news\/fr\/wp-json\/wp\/v2\/users\/876"}],"replies":[{"embeddable":true,"href":"https:\/\/newmobility.news\/fr\/wp-json\/wp\/v2\/comments?post=185591"}],"version-history":[{"count":5,"href":"https:\/\/newmobility.news\/fr\/wp-json\/wp\/v2\/posts\/185591\/revisions"}],"predecessor-version":[{"id":185627,"href":"https:\/\/newmobility.news\/fr\/wp-json\/wp\/v2\/posts\/185591\/revisions\/185627"}],"wp:featuredmedia":[{"embeddable":true,"href":"https:\/\/newmobility.news\/fr\/wp-json\/wp\/v2\/media\/185605"}],"wp:attachment":[{"href":"https:\/\/newmobility.news\/fr\/wp-json\/wp\/v2\/media?parent=185591"}],"wp:term":[{"taxonomy":"category","embeddable":true,"href":"https:\/\/newmobility.news\/fr\/wp-json\/wp\/v2\/categories?post=185591"},{"taxonomy":"post_tag","embeddable":true,"href":"https:\/\/newmobility.news\/fr\/wp-json\/wp\/v2\/tags?post=185591"}],"curies":[{"name":"wp","href":"https:\/\/api.w.org\/{rel}","templated":true}]}}