{"id":185640,"date":"2026-04-30T17:58:41","date_gmt":"2026-04-30T15:58:41","guid":{"rendered":"https:\/\/newmobility.news\/?p=185640"},"modified":"2026-04-30T17:58:41","modified_gmt":"2026-04-30T15:58:41","slug":"vab-bike-of-the-year-2026-leasing-fuels-belgiums-e-bike-surge","status":"publish","type":"post","link":"https:\/\/newmobility.news\/fr\/2026\/04\/30\/vab-bike-of-the-year-2026-leasing-fuels-belgiums-e-bike-surge\/","title":{"rendered":"VAB Bike of the Year 2026 : le leasing alimente l'essor de l'e-bike en Belgique"},"content":{"rendered":"<p>L'annonce des laur\u00e9ats de la 12e \u00e9dition du VAB Bike of the Year (BOTY) met en lumi\u00e8re l'\u00e9volution du paysage de la mobilit\u00e9 en Belgique.<\/p>\n<p>Ce qui n'\u00e9tait au d\u00e9part qu'un test comparatif destin\u00e9 aux consommateurs est devenu le barom\u00e8tre d'un march\u00e9 en transition, o\u00f9 le v\u00e9lo, et en particulier le v\u00e9lo \u00e9lectrique, devient rapidement un compagnon \u00e0 part enti\u00e8re, voire une alternative, \u00e0 la voiture.<\/p>\n<p>Organis\u00e9e chaque ann\u00e9e par l'organisation de mobilit\u00e9 VAB, l'\u00e9lection du v\u00e9lo de l'ann\u00e9e combine l'analyse technique et les tests en conditions r\u00e9elles effectu\u00e9s par un jury professionnel et des utilisateurs quotidiens.<\/p>\n<h4>45 v\u00e9los dans quatre cat\u00e9gories<\/h4>\n<p>Cette ann\u00e9e, 45 v\u00e9los ont concouru dans quatre cat\u00e9gories : economy, premium, longtail et speed pedelec. En tant que membre du jury professionnel, newmobility.news s'est r\u00e9joui de l'occasion rare de tester une gamme aussi large de v\u00e9los \u00e9lectriques dans un cadre unique, ce qu'aucun fabricant ou revendeur individuel ne peut offrir de mani\u00e8re r\u00e9aliste.<\/p>\n<p><img data-recalc-dims=\"1\" loading=\"lazy\" decoding=\"async\" class=\"aligncenter size-large wp-image-185641\" src=\"https:\/\/i0.wp.com\/newmobility.news\/wp-content\/uploads\/2026\/04\/Scherm%C2%ADafbeelding-2026-04-30-om-15.49.42.png?resize=640%2C361&#038;ssl=1\" alt=\"\" width=\"640\" height=\"361\" srcset=\"https:\/\/i0.wp.com\/newmobility.news\/wp-content\/uploads\/2026\/04\/Scherm%C2%ADafbeelding-2026-04-30-om-15.49.42.png?resize=1024%2C577&amp;ssl=1 1024w, https:\/\/i0.wp.com\/newmobility.news\/wp-content\/uploads\/2026\/04\/Scherm%C2%ADafbeelding-2026-04-30-om-15.49.42.png?w=1280&amp;ssl=1 1280w, https:\/\/i0.wp.com\/newmobility.news\/wp-content\/uploads\/2026\/04\/Scherm%C2%ADafbeelding-2026-04-30-om-15.49.42.png?w=1920&amp;ssl=1 1920w\" sizes=\"auto, (max-width: 640px) 100vw, 640px\" \/><\/p>\n<p>Les laur\u00e9ats de 2026 refl\u00e8tent \u00e0 la fois la maturit\u00e9 et la diversification. Dans le segment d'entr\u00e9e de gamme, le Giant Newtour E+2 (2 799 \u20ac) s'est distingu\u00e9 par son confort et sa facilit\u00e9 d'utilisation \u00e0 un prix comp\u00e9titif.<\/p>\n<p>Avec un moteur central d\u00e9livrant un couple d'environ 50 Nm, une batterie de 500 Wh et un moyeu \u00e0 engrenage interne, il offre un ensemble bien \u00e9quilibr\u00e9 et n\u00e9cessitant peu d'entretien pour les trajets quotidiens.<\/p>\n<p>Le Solid Plus de Veloci (2 499 \u20ac) et le Beaufort Bandit (1 999 \u20ac) suivent de pr\u00e8s, montrant \u00e0 quel point le segment des v\u00e9hicules abordables a progress\u00e9, combinant des performances moteur solides et une autonomie utilisable \u00e0 des prix de plus en plus accessibles.<\/p>\n<p><img data-recalc-dims=\"1\" loading=\"lazy\" decoding=\"async\" class=\"aligncenter size-large wp-image-185650\" src=\"https:\/\/i0.wp.com\/newmobility.news\/wp-content\/uploads\/2026\/04\/Scherm%C2%ADafbeelding-2026-04-30-om-15.51.19.png?resize=640%2C403&#038;ssl=1\" alt=\"\" width=\"640\" height=\"403\" srcset=\"https:\/\/i0.wp.com\/newmobility.news\/wp-content\/uploads\/2026\/04\/Scherm%C2%ADafbeelding-2026-04-30-om-15.51.19.png?resize=1024%2C645&amp;ssl=1 1024w, https:\/\/i0.wp.com\/newmobility.news\/wp-content\/uploads\/2026\/04\/Scherm%C2%ADafbeelding-2026-04-30-om-15.51.19.png?w=1280&amp;ssl=1 1280w\" sizes=\"auto, (max-width: 640px) 100vw, 640px\" \/><\/p>\n<p>Dans la cat\u00e9gorie haut de gamme, le Nevo 5 silent CORE de Riese &amp; M\u00fcller (3 999 euros) illustre la mani\u00e8re dont les performances haut de gamme deviennent plus accessibles.<\/p>\n<p>Positionn\u00e9 juste en dessous de 4 000 euros, il allie confort, qualit\u00e9 de construction et s\u00e9curit\u00e9 sans compromis. La cat\u00e9gorie \u00e9largie confirme une norme technique claire : des moteurs puissants \u00e0 entra\u00eenement interm\u00e9diaire d\u00e9livrant environ 85 Nm, des batteries pouvant atteindre 800 Wh et, de plus en plus, l'utilisation de transmissions par courroie et de syst\u00e8mes d'engrenage int\u00e9gr\u00e9s.<\/p>\n<p>Les seconds, tels que le Moustache Mardi 27 FS 4 (4 799 euros) et le Kalkhoff Image 3 Excite (3 899 euros), s'inscrivent parfaitement dans ce sch\u00e9ma, soulignant \u00e0 quel point ce segment est devenu mature et comp\u00e9titif.<\/p>\n<p><img data-recalc-dims=\"1\" loading=\"lazy\" decoding=\"async\" class=\"aligncenter size-large wp-image-185651\" src=\"https:\/\/i0.wp.com\/newmobility.news\/wp-content\/uploads\/2026\/04\/Scherm%C2%ADafbeelding-2026-04-30-om-17.35.37.png?resize=640%2C407&#038;ssl=1\" alt=\"\" width=\"640\" height=\"407\" srcset=\"https:\/\/i0.wp.com\/newmobility.news\/wp-content\/uploads\/2026\/04\/Scherm%C2%ADafbeelding-2026-04-30-om-17.35.37.png?resize=1024%2C651&amp;ssl=1 1024w, https:\/\/i0.wp.com\/newmobility.news\/wp-content\/uploads\/2026\/04\/Scherm%C2%ADafbeelding-2026-04-30-om-17.35.37.png?w=1280&amp;ssl=1 1280w\" sizes=\"auto, (max-width: 640px) 100vw, 640px\" \/><\/p>\n<p>Le Cabby C380 de Gazelle (5 699 euros), vainqueur dans la cat\u00e9gorie en plein essor du longtail, illustre la fa\u00e7on dont les v\u00e9los prennent en charge des t\u00e2ches traditionnellement r\u00e9serv\u00e9es aux voitures.<\/p>\n<p>\u00c9quip\u00e9 d'un moteur Bosch Performance CX d\u00e9livrant 85 Nm, d'une batterie de taille moyenne et d'une transmission \u00e0 variation continue, il est con\u00e7u pour une utilisation urbaine intensive avec des charges utiles allant jusqu'\u00e0 200 kg.<\/p>\n<p>Des concurrents comme le Bike 43 MID (6 470 euros) et le Veloci Longtail (4 449 euros) renforcent cette tendance, avec des moteurs \u00e0 couple \u00e9lev\u00e9, des batteries de grande taille et des conceptions ax\u00e9es sur la polyvalence et le transport familial.<\/p>\n<p><img data-recalc-dims=\"1\" loading=\"lazy\" decoding=\"async\" class=\"aligncenter size-large wp-image-185656\" src=\"https:\/\/i0.wp.com\/newmobility.news\/wp-content\/uploads\/2026\/04\/Scherm%C2%ADafbeelding-2026-04-30-om-17.51.32.png?resize=640%2C419&#038;ssl=1\" alt=\"\" width=\"640\" height=\"419\" srcset=\"https:\/\/i0.wp.com\/newmobility.news\/wp-content\/uploads\/2026\/04\/Scherm%C2%ADafbeelding-2026-04-30-om-17.51.32-scaled.png?resize=1024%2C670&amp;ssl=1 1024w, https:\/\/i0.wp.com\/newmobility.news\/wp-content\/uploads\/2026\/04\/Scherm%C2%ADafbeelding-2026-04-30-om-17.51.32-scaled.png?w=1280&amp;ssl=1 1280w, https:\/\/i0.wp.com\/newmobility.news\/wp-content\/uploads\/2026\/04\/Scherm%C2%ADafbeelding-2026-04-30-om-17.51.32-scaled.png?w=1920&amp;ssl=1 1920w\" sizes=\"auto, (max-width: 640px) 100vw, 640px\" \/><\/p>\n<p>En haut de gamme, le Stromer ST7 (11 735 euros) confirme le saut technologique dans le domaine des p\u00e9daliers de vitesse. Avec son groupe motopropulseur haut de gamme, sa batterie de grande capacit\u00e9 et ses fonctions de connectivit\u00e9 avanc\u00e9es, il s'adresse aux navetteurs qui parcourent des distances plus longues \u00e0 des vitesses plus \u00e9lev\u00e9es.<\/p>\n<p>Les seconds, dont le Riese &amp; M\u00fcller Charger 5 Pinion HS (8 139 \u20ac) et le Pinniato FS Speed de Kettler (8 599 \u20ac), soulignent l'orientation de ce segment : des syst\u00e8mes de plus en plus sophistiqu\u00e9s avec des moteurs puissants, des bo\u00eetes de vitesses int\u00e9gr\u00e9es et une ing\u00e9nierie inspir\u00e9e de l'automobile, y compris l'ABS.<\/p>\n<h4>R\u00f4le du cr\u00e9dit-bail<\/h4>\n<p>Au-del\u00e0 des laur\u00e9ats, le contexte plus large discut\u00e9 lors de la table ronde de VAB avec des experts du secteur r\u00e9v\u00e8le des changements structurels plus profonds.<\/p>\n<p>Le march\u00e9 belge de la bicyclette n'est pas seulement en train de renouer avec la croissance apr\u00e8s un creux post-pand\u00e9mique - atteignant environ 579 000 unit\u00e9s vendues en 2025 - mais il est aussi en train de changer radicalement. Les v\u00e9los \u00e9lectriques repr\u00e9sentent aujourd'hui plus de la moiti\u00e9 des ventes et leur part dans le parc total continue d'augmenter r\u00e9guli\u00e8rement.<\/p>\n<p>Le r\u00f4le du leasing est encore plus frappant. Aujourd'hui, plus d'un v\u00e9lo neuf sur trois en Belgique est acquis par le biais du leasing, g\u00e9n\u00e9ralement dans le cadre de programmes soutenus par l'employeur.<\/p>\n<p>Alors que le prix moyen des v\u00e9los a pratiquement doubl\u00e9 au cours de la derni\u00e8re d\u00e9cennie, sous l'effet de l'\u00e9lectrification et d'une sophistication technologique croissante, le leasing est devenu le principal outil permettant de rendre les v\u00e9los de meilleure qualit\u00e9 accessibles \u00e0 un public plus large. \u00c0 bien des \u00e9gards, ce syst\u00e8me refl\u00e8te la logique des programmes de voitures de soci\u00e9t\u00e9, mais de plus en plus dans le cadre d'une strat\u00e9gie de mobilit\u00e9 multimodale plus large.<\/p>\n<p>Cette strat\u00e9gie est fortement soutenue par le cadre budg\u00e9taire belge en mati\u00e8re de mobilit\u00e9, qui permet aux employ\u00e9s d'allouer une partie de leur r\u00e9mun\u00e9ration \u00e0 diff\u00e9rents modes de transport.<\/p>\n<p>Il en r\u00e9sulte un abandon progressif du mod\u00e8le \u00e0 taille unique. De plus en plus, les utilisateurs combinent une petite voiture avec un v\u00e9lo lou\u00e9, ou remplacent compl\u00e8tement certains trajets en voiture. Le v\u00e9lo n'est plus en concurrence avec la voiture en termes absolus, mais il la compl\u00e8te dans le cadre d'une mobilit\u00e9 plus souple.<\/p>\n<p>Cette \u00e9volution des prix soul\u00e8ve une question \u00e9vidente : les v\u00e9los \u00e9lectriques sont-ils tout simplement devenus trop chers ? Une partie de la r\u00e9ponse se trouve dans le produit lui-m\u00eame.<\/p>\n<h4>Plus de simples bicyclettes<\/h4>\n<p>Les v\u00e9los \u00e9lectriques d'aujourd'hui ne sont plus de simples bicyclettes, mais des v\u00e9hicules \u00e9lectriques compacts, combinant des moteurs, des batteries de grande capacit\u00e9, de l'\u00e9lectronique et des cha\u00eenes cin\u00e9matiques de plus en plus sophistiqu\u00e9es.<\/p>\n<p>Le cr\u00e9dit-bail joue \u00e9galement un r\u00f4le, non pas en gonflant les prix, mais en abaissant la barri\u00e8re psychologique, ce qui permet aux utilisateurs d'opter pour des mod\u00e8les plus sophistiqu\u00e9s que ceux qu'ils ach\u00e8teraient normalement.<\/p>\n<p>En m\u00eame temps, la forte pr\u00e9sence de v\u00e9los tels que le Giant Newtour E+2 et d'autres mod\u00e8les \u00e0 moins de 2 500 euros prouve que les v\u00e9los \u00e9lectriques \u00e0 petit prix ne sont pas \u00e0 n\u00e9gliger.<\/p>\n<p>M\u00eame s'ils offrent moins d'autonomie ou des composants plus simples, ils peuvent toujours offrir une mobilit\u00e9 quotidienne fiable lorsqu'ils sont utilis\u00e9s dans leurs limites. La v\u00e9ritable distinction n'est plus entre les \u201cbons\u201d et les \u201cmauvais\u201d v\u00e9los, mais entre les cas d'utilisation : trajets urbains occasionnels ou d\u00e9placements intensifs sur de longues distances.<\/p>\n<p>De nouveaux cas d'utilisation apparaissent \u00e9galement. L'essor des v\u00e9los \u00e0 queue longue, qui d\u00e9passent d\u00e9sormais les v\u00e9los-cargos traditionnels en Belgique, illustre la mani\u00e8re dont les familles repensent le transport quotidien.<\/p>\n<p>Plus compacts, plus abordables et plus maniables, ces v\u00e9los sont de plus en plus utilis\u00e9s pour les trajets scolaires et les courses qui \u00e9taient traditionnellement r\u00e9serv\u00e9s \u00e0 une deuxi\u00e8me voiture.<\/p>\n<h4>Davantage d'accidents et de probl\u00e8mes de s\u00e9curit\u00e9<\/h4>\n<p>Dans le m\u00eame temps, l'importance croissante du cyclisme entra\u00eene de nouveaux d\u00e9fis. L'augmentation de l'utilisation entra\u00eene in\u00e9vitablement une augmentation du nombre d'accidents, et les pr\u00e9occupations en mati\u00e8re de s\u00e9curit\u00e9 - notamment en ce qui concerne les traumatismes cr\u00e2niens - sont de plus en plus importantes.<\/p>\n<p>En Belgique, les l\u00e9sions c\u00e9r\u00e9brales acquises touchent environ 431 000 personnes, les traumatismes dus aux accidents en \u00e9tant la cause principale. Pourtant, le port du casque reste relativement faible : environ 65% chez les enfants de 7 \u00e0 12 ans, et seulement 31% chez les adultes.<\/p>\n<p><img data-recalc-dims=\"1\" loading=\"lazy\" decoding=\"async\" class=\"aligncenter size-large wp-image-185653\" src=\"https:\/\/i0.wp.com\/newmobility.news\/wp-content\/uploads\/2026\/04\/Scherm%C2%ADafbeelding-2026-04-30-om-17.40.49.png?resize=640%2C595&#038;ssl=1\" alt=\"\" width=\"640\" height=\"595\" srcset=\"https:\/\/i0.wp.com\/newmobility.news\/wp-content\/uploads\/2026\/04\/Scherm%C2%ADafbeelding-2026-04-30-om-17.40.49.png?resize=1024%2C952&amp;ssl=1 1024w, https:\/\/i0.wp.com\/newmobility.news\/wp-content\/uploads\/2026\/04\/Scherm%C2%ADafbeelding-2026-04-30-om-17.40.49.png?w=1280&amp;ssl=1 1280w\" sizes=\"auto, (max-width: 640px) 100vw, 640px\" \/><\/p>\n<p>Les campagnes de sensibilisation gagnent donc en importance et visent \u00e0 normaliser le port du casque, \u00e0 l'instar de la ceinture de s\u00e9curit\u00e9 dans les voitures, alors m\u00eame que le d\u00e9bat sur l'obligation de porter le casque se poursuit.<\/p>\n<p>L'\u00e9dition 2026 du V\u00e9lo de l'ann\u00e9e montre en fin de compte que le march\u00e9 arrive \u00e0 maturit\u00e9. La diversit\u00e9 des participants, la comp\u00e9titivit\u00e9 des segments et la maturit\u00e9 technique des v\u00e9los sont autant d'indices d'un secteur qui a d\u00e9pass\u00e9 le stade de l'adoption pr\u00e9coce.<\/p>\n<p>La Belgique n'a peut-\u00eatre pas encore atteint le niveau des Pays-Bas en mati\u00e8re de culture cycliste, mais elle est en train de se forger son propre mod\u00e8le, gr\u00e2ce \u00e0 la politique, \u00e0 la location et \u00e0 des machines de plus en plus performantes.<\/p>","protected":false},"excerpt":{"rendered":"<p>With the announcement of the winners of the 12th edition of the VAB Bike of the Year (BOTY), Belgium\u2019s evolving mobility landscape comes sharply into focus. What began as a consumer-oriented comparison test has grown into a barometer of a market in transition\u2014one where the bicycle, and especially the e-bike, is rapidly becoming a fully-fledged [&hellip;]<\/p>\n","protected":false},"author":21,"featured_media":185655,"comment_status":"closed","ping_status":"closed","sticky":false,"template":"","format":"standard","meta":{"_acf_changed":false,"jetpack_post_was_ever_published":false,"_jetpack_newsletter_access":"","_jetpack_dont_email_post_to_subs":false,"_jetpack_newsletter_tier_id":0,"_jetpack_memberships_contains_paywalled_content":false,"_jetpack_memberships_contains_paid_content":false,"footnotes":"","jetpack_publicize_message":"","jetpack_publicize_feature_enabled":true,"jetpack_social_post_already_shared":true,"jetpack_social_options":{"image_generator_settings":{"template":"highway","default_image_id":0,"font":"","enabled":false},"version":2},"_wpas_customize_per_network":false},"categories":[77170,52082,7,6,4],"tags":[],"class_list":["post-185640","post","type-post","status-publish","format-standard","has-post-thumbnail","hentry","category-belgium","category-ebikes","category-mobility","category-technology","category-top-stories-today"],"acf":[],"featured_image_urls_v2":{"full":["https:\/\/i0.wp.com\/newmobility.news\/wp-content\/uploads\/2026\/04\/Bike-of-the-year.png?fit=1600%2C983&ssl=1",1600,983,false],"thumbnail":["https:\/\/i0.wp.com\/newmobility.news\/wp-content\/uploads\/2026\/04\/Bike-of-the-year.png?resize=150%2C150&ssl=1",150,150,true],"medium":["https:\/\/i0.wp.com\/newmobility.news\/wp-content\/uploads\/2026\/04\/Bike-of-the-year.png?fit=300%2C184&ssl=1",300,184,true],"medium_large":["https:\/\/i0.wp.com\/newmobility.news\/wp-content\/uploads\/2026\/04\/Bike-of-the-year.png?fit=640%2C393&ssl=1",640,393,true],"large":["https:\/\/i0.wp.com\/newmobility.news\/wp-content\/uploads\/2026\/04\/Bike-of-the-year.png?fit=640%2C393&ssl=1",640,393,true],"1536x1536":["https:\/\/i0.wp.com\/newmobility.news\/wp-content\/uploads\/2026\/04\/Bike-of-the-year.png?fit=1536%2C944&ssl=1",1536,944,true],"2048x2048":["https:\/\/i0.wp.com\/newmobility.news\/wp-content\/uploads\/2026\/04\/Bike-of-the-year.png?fit=1600%2C983&ssl=1",1600,983,true],"trp-custom-language-flag":["https:\/\/i0.wp.com\/newmobility.news\/wp-content\/uploads\/2026\/04\/Bike-of-the-year.png?fit=18%2C12&ssl=1",18,12,true],"related-thumb":["https:\/\/i0.wp.com\/newmobility.news\/wp-content\/uploads\/2026\/04\/Bike-of-the-year.png?resize=640%2C480&ssl=1",640,480,true],"gform-image-choice-sm":["https:\/\/i0.wp.com\/newmobility.news\/wp-content\/uploads\/2026\/04\/Bike-of-the-year.png?resize=300%2C300&ssl=1",300,300,true],"gform-image-choice-md":["https:\/\/i0.wp.com\/newmobility.news\/wp-content\/uploads\/2026\/04\/Bike-of-the-year.png?resize=400%2C400&ssl=1",400,400,true],"gform-image-choice-lg":["https:\/\/i0.wp.com\/newmobility.news\/wp-content\/uploads\/2026\/04\/Bike-of-the-year.png?resize=600%2C600&ssl=1",600,600,true],"mailchimp":["https:\/\/i0.wp.com\/newmobility.news\/wp-content\/uploads\/2026\/04\/Bike-of-the-year.png?fit=560%2C344&ssl=1",560,344,true],"unipress-phone":["https:\/\/i0.wp.com\/newmobility.news\/wp-content\/uploads\/2026\/04\/Bike-of-the-year.png?resize=640%2C100&ssl=1",640,100,true],"unipress-tablet":["https:\/\/i0.wp.com\/newmobility.news\/wp-content\/uploads\/2026\/04\/Bike-of-the-year.png?resize=1536%2C240&ssl=1",1536,240,true],"unipress-tablet-portrait":["https:\/\/i0.wp.com\/newmobility.news\/wp-content\/uploads\/2026\/04\/Bike-of-the-year.png?resize=1536%2C180&ssl=1",1536,180,true],"unipress-tablet-landscape":["https:\/\/i0.wp.com\/newmobility.news\/wp-content\/uploads\/2026\/04\/Bike-of-the-year.png?resize=1600%2C180&ssl=1",1600,180,true],"unipress-smartphone":["https:\/\/i0.wp.com\/newmobility.news\/wp-content\/uploads\/2026\/04\/Bike-of-the-year.png?resize=1080%2C168&ssl=1",1080,168,true],"unipress-wide-screen":["https:\/\/i0.wp.com\/newmobility.news\/wp-content\/uploads\/2026\/04\/Bike-of-the-year.png?resize=1600%2C180&ssl=1",1600,180,true]},"post_excerpt_stackable_v2":"<p>With the announcement of the winners of the 12th edition of the VAB Bike of the Year (BOTY), Belgium\u2019s evolving mobility landscape comes sharply into focus. What began as a consumer-oriented comparison test has grown into a barometer of a market in transition\u2014one where the bicycle, and especially the e-bike, is rapidly becoming a fully-fledged compagnon, or even an alternative, to the car. Organized annually by mobility organization VAB, the Bike of the Year election combines technical analysis with real-world testing by both a professional jury and everyday users. 45 bikes across four categories This year, 45 bikes competed across&hellip;<\/p>\n","category_list_v2":"<a href=\"https:\/\/newmobility.news\/fr\/category\/belgium\/\" rel=\"category tag\">Belgium<\/a>, <a href=\"https:\/\/newmobility.news\/fr\/category\/ebikes\/\" rel=\"category tag\">eBikes<\/a>, <a href=\"https:\/\/newmobility.news\/fr\/category\/mobility\/\" rel=\"category tag\">Mobility<\/a>, <a href=\"https:\/\/newmobility.news\/fr\/category\/technology\/\" rel=\"category tag\">Technology<\/a>, <a href=\"https:\/\/newmobility.news\/fr\/category\/top-stories-today\/\" rel=\"category tag\">Top Stories Today<\/a>","author_info_v2":{"name":"Joris Van Roy","url":"https:\/\/newmobility.news\/fr\/author\/jorisximcom-be\/"},"comments_num_v2":"0 comments","yoast_head":"<!-- This site is optimized with the Yoast SEO plugin v27.5 - https:\/\/yoast.com\/product\/yoast-seo-wordpress\/ -->\n<title>VAB Bike of the Year 2026: leasing fuels Belgium\u2019s e-bike surge - newmobility.news<\/title>\n<meta name=\"robots\" content=\"index, follow, max-snippet:-1, max-image-preview:large, max-video-preview:-1\" \/>\n<link rel=\"canonical\" href=\"https:\/\/newmobility.news\/fr\/2026\/04\/30\/vab-bike-of-the-year-2026-leasing-fuels-belgiums-e-bike-surge\/\" \/>\n<meta property=\"og:locale\" content=\"fr_FR\" \/>\n<meta property=\"og:type\" content=\"article\" \/>\n<meta property=\"og:title\" content=\"VAB Bike of the Year 2026: leasing fuels Belgium\u2019s e-bike surge - newmobility.news\" \/>\n<meta property=\"og:description\" content=\"With the announcement of the winners of the 12th edition of the VAB Bike of the Year (BOTY), Belgium\u2019s evolving mobility landscape comes sharply into focus. What began as a consumer-oriented comparison test has grown into a barometer of a market in transition\u2014one where the bicycle, and especially the e-bike, is rapidly becoming a fully-fledged [&hellip;]\" \/>\n<meta property=\"og:url\" content=\"https:\/\/newmobility.news\/fr\/2026\/04\/30\/vab-bike-of-the-year-2026-leasing-fuels-belgiums-e-bike-surge\/\" \/>\n<meta property=\"og:site_name\" content=\"newmobility.news\" \/>\n<meta property=\"article:publisher\" content=\"https:\/\/www.facebook.com\/search\/top\/?q=newmobility.news\" \/>\n<meta property=\"article:published_time\" content=\"2026-04-30T15:58:41+00:00\" \/>\n<meta property=\"og:image\" content=\"https:\/\/newmobility.news\/wp-content\/uploads\/2026\/04\/Bike-of-the-year-1024x629.png\" \/>\n\t<meta property=\"og:image:width\" content=\"1024\" \/>\n\t<meta property=\"og:image:height\" content=\"629\" \/>\n\t<meta property=\"og:image:type\" content=\"image\/png\" \/>\n<meta name=\"author\" content=\"Joris Van Roy\" \/>\n<meta name=\"twitter:card\" content=\"summary_large_image\" \/>\n<meta name=\"twitter:creator\" content=\"@jorisvry\" \/>\n<meta name=\"twitter:site\" content=\"@jorisvry\" \/>\n<meta name=\"twitter:label1\" content=\"\u00c9crit par\" \/>\n\t<meta name=\"twitter:data1\" content=\"Joris Van Roy\" \/>\n\t<meta name=\"twitter:label2\" content=\"Dur\u00e9e de lecture est.\" \/>\n\t<meta name=\"twitter:data2\" content=\"6 minutes\" \/>\n<script type=\"application\/ld+json\" class=\"yoast-schema-graph\">{\"@context\":\"https:\\\/\\\/schema.org\",\"@graph\":[{\"@type\":\"Article\",\"@id\":\"https:\\\/\\\/newmobility.news\\\/2026\\\/04\\\/30\\\/vab-bike-of-the-year-2026-leasing-fuels-belgiums-e-bike-surge\\\/#article\",\"isPartOf\":{\"@id\":\"https:\\\/\\\/newmobility.news\\\/2026\\\/04\\\/30\\\/vab-bike-of-the-year-2026-leasing-fuels-belgiums-e-bike-surge\\\/\"},\"author\":{\"name\":\"Joris Van Roy\",\"@id\":\"https:\\\/\\\/newmobility.news\\\/#\\\/schema\\\/person\\\/c1ae99aef99238aa6a3d2e4fae62ca0d\"},\"headline\":\"VAB Bike of the Year 2026: leasing fuels Belgium\u2019s e-bike surge\",\"datePublished\":\"2026-04-30T15:58:41+00:00\",\"mainEntityOfPage\":{\"@id\":\"https:\\\/\\\/newmobility.news\\\/2026\\\/04\\\/30\\\/vab-bike-of-the-year-2026-leasing-fuels-belgiums-e-bike-surge\\\/\"},\"wordCount\":1038,\"publisher\":{\"@id\":\"https:\\\/\\\/newmobility.news\\\/#organization\"},\"image\":{\"@id\":\"https:\\\/\\\/newmobility.news\\\/2026\\\/04\\\/30\\\/vab-bike-of-the-year-2026-leasing-fuels-belgiums-e-bike-surge\\\/#primaryimage\"},\"thumbnailUrl\":\"https:\\\/\\\/i0.wp.com\\\/newmobility.news\\\/wp-content\\\/uploads\\\/2026\\\/04\\\/Bike-of-the-year.png?fit=1600%2C983&ssl=1\",\"articleSection\":[\"Belgium\",\"eBikes\",\"Mobility\",\"Technology\",\"Top Stories Today\"],\"inLanguage\":\"fr-BE\"},{\"@type\":\"WebPage\",\"@id\":\"https:\\\/\\\/newmobility.news\\\/2026\\\/04\\\/30\\\/vab-bike-of-the-year-2026-leasing-fuels-belgiums-e-bike-surge\\\/\",\"url\":\"https:\\\/\\\/newmobility.news\\\/2026\\\/04\\\/30\\\/vab-bike-of-the-year-2026-leasing-fuels-belgiums-e-bike-surge\\\/\",\"name\":\"VAB Bike of the Year 2026: leasing fuels Belgium\u2019s e-bike surge - newmobility.news\",\"isPartOf\":{\"@id\":\"https:\\\/\\\/newmobility.news\\\/#website\"},\"primaryImageOfPage\":{\"@id\":\"https:\\\/\\\/newmobility.news\\\/2026\\\/04\\\/30\\\/vab-bike-of-the-year-2026-leasing-fuels-belgiums-e-bike-surge\\\/#primaryimage\"},\"image\":{\"@id\":\"https:\\\/\\\/newmobility.news\\\/2026\\\/04\\\/30\\\/vab-bike-of-the-year-2026-leasing-fuels-belgiums-e-bike-surge\\\/#primaryimage\"},\"thumbnailUrl\":\"https:\\\/\\\/i0.wp.com\\\/newmobility.news\\\/wp-content\\\/uploads\\\/2026\\\/04\\\/Bike-of-the-year.png?fit=1600%2C983&ssl=1\",\"datePublished\":\"2026-04-30T15:58:41+00:00\",\"breadcrumb\":{\"@id\":\"https:\\\/\\\/newmobility.news\\\/2026\\\/04\\\/30\\\/vab-bike-of-the-year-2026-leasing-fuels-belgiums-e-bike-surge\\\/#breadcrumb\"},\"inLanguage\":\"fr-BE\",\"potentialAction\":[{\"@type\":\"ReadAction\",\"target\":[\"https:\\\/\\\/newmobility.news\\\/2026\\\/04\\\/30\\\/vab-bike-of-the-year-2026-leasing-fuels-belgiums-e-bike-surge\\\/\"]}]},{\"@type\":\"ImageObject\",\"inLanguage\":\"fr-BE\",\"@id\":\"https:\\\/\\\/newmobility.news\\\/2026\\\/04\\\/30\\\/vab-bike-of-the-year-2026-leasing-fuels-belgiums-e-bike-surge\\\/#primaryimage\",\"url\":\"https:\\\/\\\/i0.wp.com\\\/newmobility.news\\\/wp-content\\\/uploads\\\/2026\\\/04\\\/Bike-of-the-year.png?fit=1600%2C983&ssl=1\",\"contentUrl\":\"https:\\\/\\\/i0.wp.com\\\/newmobility.news\\\/wp-content\\\/uploads\\\/2026\\\/04\\\/Bike-of-the-year.png?fit=1600%2C983&ssl=1\",\"width\":1600,\"height\":983,\"caption\":\"Bike of the Year 2026: From test track to commute: Belgium\u2019s top e-bikes under scrutiny \\\/VAB\"},{\"@type\":\"BreadcrumbList\",\"@id\":\"https:\\\/\\\/newmobility.news\\\/2026\\\/04\\\/30\\\/vab-bike-of-the-year-2026-leasing-fuels-belgiums-e-bike-surge\\\/#breadcrumb\",\"itemListElement\":[{\"@type\":\"ListItem\",\"position\":1,\"name\":\"Home\",\"item\":\"https:\\\/\\\/newmobility.news\\\/\"},{\"@type\":\"ListItem\",\"position\":2,\"name\":\"VAB Bike of the Year 2026: leasing fuels Belgium\u2019s e-bike surge\"}]},{\"@type\":\"WebSite\",\"@id\":\"https:\\\/\\\/newmobility.news\\\/#website\",\"url\":\"https:\\\/\\\/newmobility.news\\\/\",\"name\":\"newmobility.news\",\"description\":\"A B2BNews Agency\u00ae news service for mobility business proessional\",\"publisher\":{\"@id\":\"https:\\\/\\\/newmobility.news\\\/#organization\"},\"potentialAction\":[{\"@type\":\"SearchAction\",\"target\":{\"@type\":\"EntryPoint\",\"urlTemplate\":\"https:\\\/\\\/newmobility.news\\\/?s={search_term_string}\"},\"query-input\":{\"@type\":\"PropertyValueSpecification\",\"valueRequired\":true,\"valueName\":\"search_term_string\"}}],\"inLanguage\":\"fr-BE\"},{\"@type\":\"Organization\",\"@id\":\"https:\\\/\\\/newmobility.news\\\/#organization\",\"name\":\"B2BNews Agency\",\"url\":\"https:\\\/\\\/newmobility.news\\\/\",\"logo\":{\"@type\":\"ImageObject\",\"inLanguage\":\"fr-BE\",\"@id\":\"https:\\\/\\\/newmobility.news\\\/#\\\/schema\\\/logo\\\/image\\\/\",\"url\":\"https:\\\/\\\/newmobility.news\\\/wp-content\\\/uploads\\\/2018\\\/01\\\/b2bnews-agency-logo.png\",\"contentUrl\":\"https:\\\/\\\/newmobility.news\\\/wp-content\\\/uploads\\\/2018\\\/01\\\/b2bnews-agency-logo.png\",\"width\":\"581\",\"height\":\"117\",\"caption\":\"B2BNews Agency\"},\"image\":{\"@id\":\"https:\\\/\\\/newmobility.news\\\/#\\\/schema\\\/logo\\\/image\\\/\"},\"sameAs\":[\"https:\\\/\\\/www.facebook.com\\\/search\\\/top\\\/?q=newmobility.news\",\"https:\\\/\\\/x.com\\\/jorisvry\",\"https:\\\/\\\/www.linkedin.com\\\/in\\\/jorisvanroy\\\/\",\"https:\\\/\\\/nl.pinterest.com\\\/jorisvanroy\\\/\"]},{\"@type\":\"Person\",\"@id\":\"https:\\\/\\\/newmobility.news\\\/#\\\/schema\\\/person\\\/c1ae99aef99238aa6a3d2e4fae62ca0d\",\"name\":\"Joris Van Roy\",\"image\":{\"@type\":\"ImageObject\",\"inLanguage\":\"fr-BE\",\"@id\":\"https:\\\/\\\/secure.gravatar.com\\\/avatar\\\/b82919546c1cd9980bd2bc08f09d294c7cb92b3addd23cb9a4377a7b88b4349b?s=96&d=mm&r=g\",\"url\":\"https:\\\/\\\/secure.gravatar.com\\\/avatar\\\/b82919546c1cd9980bd2bc08f09d294c7cb92b3addd23cb9a4377a7b88b4349b?s=96&d=mm&r=g\",\"contentUrl\":\"https:\\\/\\\/secure.gravatar.com\\\/avatar\\\/b82919546c1cd9980bd2bc08f09d294c7cb92b3addd23cb9a4377a7b88b4349b?s=96&d=mm&r=g\",\"caption\":\"Joris Van Roy\"},\"url\":\"https:\\\/\\\/newmobility.news\\\/fr\\\/author\\\/jorisximcom-be\\\/\"}]}<\/script>\n<!-- \/ Yoast SEO plugin. -->","yoast_head_json":{"title":"VAB Bike of the Year 2026 : le leasing alimente l'essor de l'e-bike en Belgique - newmobility.news","robots":{"index":"index","follow":"follow","max-snippet":"max-snippet:-1","max-image-preview":"max-image-preview:large","max-video-preview":"max-video-preview:-1"},"canonical":"https:\/\/newmobility.news\/fr\/2026\/04\/30\/vab-bike-of-the-year-2026-leasing-fuels-belgiums-e-bike-surge\/","og_locale":"fr_FR","og_type":"article","og_title":"VAB Bike of the Year 2026: leasing fuels Belgium\u2019s e-bike surge - newmobility.news","og_description":"With the announcement of the winners of the 12th edition of the VAB Bike of the Year (BOTY), Belgium\u2019s evolving mobility landscape comes sharply into focus. What began as a consumer-oriented comparison test has grown into a barometer of a market in transition\u2014one where the bicycle, and especially the e-bike, is rapidly becoming a fully-fledged [&hellip;]","og_url":"https:\/\/newmobility.news\/fr\/2026\/04\/30\/vab-bike-of-the-year-2026-leasing-fuels-belgiums-e-bike-surge\/","og_site_name":"newmobility.news","article_publisher":"https:\/\/www.facebook.com\/search\/top\/?q=newmobility.news","article_published_time":"2026-04-30T15:58:41+00:00","og_image":[{"width":1024,"height":629,"url":"https:\/\/newmobility.news\/wp-content\/uploads\/2026\/04\/Bike-of-the-year-1024x629.png","type":"image\/png"}],"author":"Joris Van Roy","twitter_card":"summary_large_image","twitter_creator":"@jorisvry","twitter_site":"@jorisvry","twitter_misc":{"\u00c9crit par":"Joris Van Roy","Dur\u00e9e de lecture est.":"6 minutes"},"schema":{"@context":"https:\/\/schema.org","@graph":[{"@type":"Article","@id":"https:\/\/newmobility.news\/2026\/04\/30\/vab-bike-of-the-year-2026-leasing-fuels-belgiums-e-bike-surge\/#article","isPartOf":{"@id":"https:\/\/newmobility.news\/2026\/04\/30\/vab-bike-of-the-year-2026-leasing-fuels-belgiums-e-bike-surge\/"},"author":{"name":"Joris Van Roy","@id":"https:\/\/newmobility.news\/#\/schema\/person\/c1ae99aef99238aa6a3d2e4fae62ca0d"},"headline":"VAB Bike of the Year 2026: leasing fuels Belgium\u2019s e-bike surge","datePublished":"2026-04-30T15:58:41+00:00","mainEntityOfPage":{"@id":"https:\/\/newmobility.news\/2026\/04\/30\/vab-bike-of-the-year-2026-leasing-fuels-belgiums-e-bike-surge\/"},"wordCount":1038,"publisher":{"@id":"https:\/\/newmobility.news\/#organization"},"image":{"@id":"https:\/\/newmobility.news\/2026\/04\/30\/vab-bike-of-the-year-2026-leasing-fuels-belgiums-e-bike-surge\/#primaryimage"},"thumbnailUrl":"https:\/\/i0.wp.com\/newmobility.news\/wp-content\/uploads\/2026\/04\/Bike-of-the-year.png?fit=1600%2C983&ssl=1","articleSection":["Belgium","eBikes","Mobility","Technology","Top Stories Today"],"inLanguage":"fr-BE"},{"@type":"WebPage","@id":"https:\/\/newmobility.news\/2026\/04\/30\/vab-bike-of-the-year-2026-leasing-fuels-belgiums-e-bike-surge\/","url":"https:\/\/newmobility.news\/2026\/04\/30\/vab-bike-of-the-year-2026-leasing-fuels-belgiums-e-bike-surge\/","name":"VAB Bike of the Year 2026 : le leasing alimente l'essor de l'e-bike en Belgique - newmobility.news","isPartOf":{"@id":"https:\/\/newmobility.news\/#website"},"primaryImageOfPage":{"@id":"https:\/\/newmobility.news\/2026\/04\/30\/vab-bike-of-the-year-2026-leasing-fuels-belgiums-e-bike-surge\/#primaryimage"},"image":{"@id":"https:\/\/newmobility.news\/2026\/04\/30\/vab-bike-of-the-year-2026-leasing-fuels-belgiums-e-bike-surge\/#primaryimage"},"thumbnailUrl":"https:\/\/i0.wp.com\/newmobility.news\/wp-content\/uploads\/2026\/04\/Bike-of-the-year.png?fit=1600%2C983&ssl=1","datePublished":"2026-04-30T15:58:41+00:00","breadcrumb":{"@id":"https:\/\/newmobility.news\/2026\/04\/30\/vab-bike-of-the-year-2026-leasing-fuels-belgiums-e-bike-surge\/#breadcrumb"},"inLanguage":"fr-BE","potentialAction":[{"@type":"ReadAction","target":["https:\/\/newmobility.news\/2026\/04\/30\/vab-bike-of-the-year-2026-leasing-fuels-belgiums-e-bike-surge\/"]}]},{"@type":"ImageObject","inLanguage":"fr-BE","@id":"https:\/\/newmobility.news\/2026\/04\/30\/vab-bike-of-the-year-2026-leasing-fuels-belgiums-e-bike-surge\/#primaryimage","url":"https:\/\/i0.wp.com\/newmobility.news\/wp-content\/uploads\/2026\/04\/Bike-of-the-year.png?fit=1600%2C983&ssl=1","contentUrl":"https:\/\/i0.wp.com\/newmobility.news\/wp-content\/uploads\/2026\/04\/Bike-of-the-year.png?fit=1600%2C983&ssl=1","width":1600,"height":983,"caption":"Bike of the Year 2026: From test track to commute: Belgium\u2019s top e-bikes under scrutiny \/VAB"},{"@type":"BreadcrumbList","@id":"https:\/\/newmobility.news\/2026\/04\/30\/vab-bike-of-the-year-2026-leasing-fuels-belgiums-e-bike-surge\/#breadcrumb","itemListElement":[{"@type":"ListItem","position":1,"name":"Home","item":"https:\/\/newmobility.news\/"},{"@type":"ListItem","position":2,"name":"VAB Bike of the Year 2026: leasing fuels Belgium\u2019s e-bike surge"}]},{"@type":"WebSite","@id":"https:\/\/newmobility.news\/#website","url":"https:\/\/newmobility.news\/","name":"nouveaumobilit\u00e9.actualit\u00e9s","description":"Un service d'information B2BNews Agency\u00ae destin\u00e9 aux professionnels de la mobilit\u00e9","publisher":{"@id":"https:\/\/newmobility.news\/#organization"},"potentialAction":[{"@type":"SearchAction","target":{"@type":"EntryPoint","urlTemplate":"https:\/\/newmobility.news\/?s={search_term_string}"},"query-input":{"@type":"PropertyValueSpecification","valueRequired":true,"valueName":"search_term_string"}}],"inLanguage":"fr-BE"},{"@type":"Organization","@id":"https:\/\/newmobility.news\/#organization","name":"Agence de presse B2BNews","url":"https:\/\/newmobility.news\/","logo":{"@type":"ImageObject","inLanguage":"fr-BE","@id":"https:\/\/newmobility.news\/#\/schema\/logo\/image\/","url":"https:\/\/newmobility.news\/wp-content\/uploads\/2018\/01\/b2bnews-agency-logo.png","contentUrl":"https:\/\/newmobility.news\/wp-content\/uploads\/2018\/01\/b2bnews-agency-logo.png","width":"581","height":"117","caption":"B2BNews Agency"},"image":{"@id":"https:\/\/newmobility.news\/#\/schema\/logo\/image\/"},"sameAs":["https:\/\/www.facebook.com\/search\/top\/?q=newmobility.news","https:\/\/x.com\/jorisvry","https:\/\/www.linkedin.com\/in\/jorisvanroy\/","https:\/\/nl.pinterest.com\/jorisvanroy\/"]},{"@type":"Person","@id":"https:\/\/newmobility.news\/#\/schema\/person\/c1ae99aef99238aa6a3d2e4fae62ca0d","name":"Joris Van Roy","image":{"@type":"ImageObject","inLanguage":"fr-BE","@id":"https:\/\/secure.gravatar.com\/avatar\/b82919546c1cd9980bd2bc08f09d294c7cb92b3addd23cb9a4377a7b88b4349b?s=96&d=mm&r=g","url":"https:\/\/secure.gravatar.com\/avatar\/b82919546c1cd9980bd2bc08f09d294c7cb92b3addd23cb9a4377a7b88b4349b?s=96&d=mm&r=g","contentUrl":"https:\/\/secure.gravatar.com\/avatar\/b82919546c1cd9980bd2bc08f09d294c7cb92b3addd23cb9a4377a7b88b4349b?s=96&d=mm&r=g","caption":"Joris Van Roy"},"url":"https:\/\/newmobility.news\/fr\/author\/jorisximcom-be\/"}]}},"jetpack_publicize_connections":[],"jetpack_featured_media_url":"https:\/\/i0.wp.com\/newmobility.news\/wp-content\/uploads\/2026\/04\/Bike-of-the-year.png?fit=1600%2C983&ssl=1","jetpack_shortlink":"https:\/\/wp.me\/p9wJdU-Mic","jetpack_sharing_enabled":true,"jetpack_likes_enabled":true,"jetpack-related-posts":[],"_links":{"self":[{"href":"https:\/\/newmobility.news\/fr\/wp-json\/wp\/v2\/posts\/185640","targetHints":{"allow":["GET"]}}],"collection":[{"href":"https:\/\/newmobility.news\/fr\/wp-json\/wp\/v2\/posts"}],"about":[{"href":"https:\/\/newmobility.news\/fr\/wp-json\/wp\/v2\/types\/post"}],"author":[{"embeddable":true,"href":"https:\/\/newmobility.news\/fr\/wp-json\/wp\/v2\/users\/21"}],"replies":[{"embeddable":true,"href":"https:\/\/newmobility.news\/fr\/wp-json\/wp\/v2\/comments?post=185640"}],"version-history":[{"count":2,"href":"https:\/\/newmobility.news\/fr\/wp-json\/wp\/v2\/posts\/185640\/revisions"}],"predecessor-version":[{"id":185658,"href":"https:\/\/newmobility.news\/fr\/wp-json\/wp\/v2\/posts\/185640\/revisions\/185658"}],"wp:featuredmedia":[{"embeddable":true,"href":"https:\/\/newmobility.news\/fr\/wp-json\/wp\/v2\/media\/185655"}],"wp:attachment":[{"href":"https:\/\/newmobility.news\/fr\/wp-json\/wp\/v2\/media?parent=185640"}],"wp:term":[{"taxonomy":"category","embeddable":true,"href":"https:\/\/newmobility.news\/fr\/wp-json\/wp\/v2\/categories?post=185640"},{"taxonomy":"post_tag","embeddable":true,"href":"https:\/\/newmobility.news\/fr\/wp-json\/wp\/v2\/tags?post=185640"}],"curies":[{"name":"wp","href":"https:\/\/api.w.org\/{rel}","templated":true}]}}