{"id":187277,"date":"2026-06-05T10:54:33","date_gmt":"2026-06-05T08:54:33","guid":{"rendered":"https:\/\/newmobility.news\/?p=187277"},"modified":"2026-06-05T10:54:33","modified_gmt":"2026-06-05T08:54:33","slug":"rob-smeets-appointed-new-ceo-of-port-of-antwerp-bruges","status":"publish","type":"post","link":"https:\/\/newmobility.news\/fr\/2026\/06\/05\/rob-smeets-appointed-new-ceo-of-port-of-antwerp-bruges\/","title":{"rendered":"Rob Smeets est nomm\u00e9 directeur g\u00e9n\u00e9ral du port d'Anvers-Bruges"},"content":{"rendered":"Le port d'Anvers-Bruges a nomm\u00e9 Rob Smeets au poste de directeur g\u00e9n\u00e9ral. M. Smeets, qui occupait jusqu'\u00e0 pr\u00e9sent le poste de directeur g\u00e9n\u00e9ral par int\u00e9rim, a \u00e9t\u00e9 nomm\u00e9 pour un mandat de six ans et succ\u00e8de \u00e0 Jacques Vandermeiren, qui avait annonc\u00e9 son d\u00e9part en avril.\r\n\r\nM. Smeets se trouve confront\u00e9 \u00e0 une t\u00e2che de taille. Au cours des dix prochaines ann\u00e9es, le port d\u2019Anvers-Bruges doit s\u2019assurer<div class=\"leaky_paywall_message_wrap\"><div id=\"leaky_paywall_message\">Ce contenu a \u00e9t\u00e9 archiv\u00e9. <a href=\"https:\/\/newmobility.news\/fr\/subscription\/\">Connectez-vous ou inscrivez-vous<\/a> \u00e0 un niveau qui donne acc\u00e8s au contenu archiv\u00e9.<\/div><\/div>","protected":false},"excerpt":{"rendered":"<p>Port of Antwerp-Bruges has appointed Rob Smeets as its new CEO. Smeets, the current interim CEO, has been given a six-year term and succeeds Jacques Vandermeiren, who announced his departure in April. Smeets faces a daunting task. Over the next 10 years, the Port of Antwerp-Bruges must secure appThis content has been archived. Log in [&hellip;]<\/p>\n","protected":false},"author":164,"featured_media":187298,"comment_status":"closed","ping_status":"closed","sticky":false,"template":"","format":"standard","meta":{"_acf_changed":false,"_jetpack_newsletter_access":"","_jetpack_dont_email_post_to_subs":false,"_jetpack_newsletter_tier_id":0,"_jetpack_memberships_contains_paywalled_content":false,"_jetpack_feature_clip_id":0,"_jetpack_memberships_contains_paid_content":false,"footnotes":"","jetpack_publicize_message":"{title}\n\n{excerpt}\n\n{url}","jetpack_publicize_feature_enabled":true,"jetpack_social_post_already_shared":true,"jetpack_social_options":{"image_generator_settings":{"template":"highway","default_image_id":0,"font":"","enabled":false},"version":2},"_wpas_customize_per_network":false,"jetpack_post_was_ever_published":false},"categories":[77170,16,77153,4],"tags":[],"class_list":["post-187277","post","type-post","status-publish","format-standard","has-post-thumbnail","hentry","category-belgium","category-industry","category-maritime","category-top-stories-today"],"acf":[],"featured_image_urls_v2":{"full":["https:\/\/i0.wp.com\/newmobility.news\/wp-content\/uploads\/2026\/06\/0406POAB_DRIESLUYTEN-18.jpg-scaled.png?fit=2560%2C1707&ssl=1",2560,1707,false],"thumbnail":["https:\/\/i0.wp.com\/newmobility.news\/wp-content\/uploads\/2026\/06\/0406POAB_DRIESLUYTEN-18.jpg-scaled.png?resize=150%2C150&ssl=1",150,150,true],"medium":["https:\/\/i0.wp.com\/newmobility.news\/wp-content\/uploads\/2026\/06\/0406POAB_DRIESLUYTEN-18.jpg-scaled.png?fit=300%2C200&ssl=1",300,200,true],"medium_large":["https:\/\/i0.wp.com\/newmobility.news\/wp-content\/uploads\/2026\/06\/0406POAB_DRIESLUYTEN-18.jpg-scaled.png?fit=640%2C427&ssl=1",640,427,true],"large":["https:\/\/i0.wp.com\/newmobility.news\/wp-content\/uploads\/2026\/06\/0406POAB_DRIESLUYTEN-18.jpg-scaled.png?fit=640%2C427&ssl=1",640,427,true],"1536x1536":["https:\/\/i0.wp.com\/newmobility.news\/wp-content\/uploads\/2026\/06\/0406POAB_DRIESLUYTEN-18.jpg-scaled.png?fit=1536%2C1024&ssl=1",1536,1024,true],"2048x2048":["https:\/\/i0.wp.com\/newmobility.news\/wp-content\/uploads\/2026\/06\/0406POAB_DRIESLUYTEN-18.jpg-scaled.png?fit=2048%2C1365&ssl=1",2048,1365,true],"trp-custom-language-flag":["https:\/\/i0.wp.com\/newmobility.news\/wp-content\/uploads\/2026\/06\/0406POAB_DRIESLUYTEN-18.jpg-scaled.png?fit=18%2C12&ssl=1",18,12,true],"related-thumb":["https:\/\/i0.wp.com\/newmobility.news\/wp-content\/uploads\/2026\/06\/0406POAB_DRIESLUYTEN-18.jpg-scaled.png?resize=640%2C480&ssl=1",640,480,true],"gform-image-choice-sm":["https:\/\/i0.wp.com\/newmobility.news\/wp-content\/uploads\/2026\/06\/0406POAB_DRIESLUYTEN-18.jpg-scaled.png?resize=300%2C300&ssl=1",300,300,true],"gform-image-choice-md":["https:\/\/i0.wp.com\/newmobility.news\/wp-content\/uploads\/2026\/06\/0406POAB_DRIESLUYTEN-18.jpg-scaled.png?resize=400%2C400&ssl=1",400,400,true],"gform-image-choice-lg":["https:\/\/i0.wp.com\/newmobility.news\/wp-content\/uploads\/2026\/06\/0406POAB_DRIESLUYTEN-18.jpg-scaled.png?resize=600%2C600&ssl=1",600,600,true],"mailchimp":["https:\/\/i0.wp.com\/newmobility.news\/wp-content\/uploads\/2026\/06\/0406POAB_DRIESLUYTEN-18.jpg-scaled.png?fit=560%2C373&ssl=1",560,373,true],"unipress-phone":["https:\/\/i0.wp.com\/newmobility.news\/wp-content\/uploads\/2026\/06\/0406POAB_DRIESLUYTEN-18.jpg-scaled.png?resize=640%2C100&ssl=1",640,100,true],"unipress-tablet":["https:\/\/i0.wp.com\/newmobility.news\/wp-content\/uploads\/2026\/06\/0406POAB_DRIESLUYTEN-18.jpg-scaled.png?resize=1536%2C240&ssl=1",1536,240,true],"unipress-tablet-portrait":["https:\/\/i0.wp.com\/newmobility.news\/wp-content\/uploads\/2026\/06\/0406POAB_DRIESLUYTEN-18.jpg-scaled.png?resize=1536%2C180&ssl=1",1536,180,true],"unipress-tablet-landscape":["https:\/\/i0.wp.com\/newmobility.news\/wp-content\/uploads\/2026\/06\/0406POAB_DRIESLUYTEN-18.jpg-scaled.png?resize=2048%2C180&ssl=1",2048,180,true],"unipress-smartphone":["https:\/\/i0.wp.com\/newmobility.news\/wp-content\/uploads\/2026\/06\/0406POAB_DRIESLUYTEN-18.jpg-scaled.png?resize=1080%2C168&ssl=1",1080,168,true],"unipress-wide-screen":["https:\/\/i0.wp.com\/newmobility.news\/wp-content\/uploads\/2026\/06\/0406POAB_DRIESLUYTEN-18.jpg-scaled.png?resize=2560%2C180&ssl=1",2560,180,true]},"post_excerpt_stackable_v2":"<p>Port of Antwerp-Bruges has appointed Rob Smeets as its new CEO. Smeets, the current interim CEO, has been given a six-year term and succeeds Jacques Vandermeiren, who announced his departure in April. Smeets faces a daunting task. Over the next 10 years, the Port of Antwerp-Bruges must secure appThis content has been archived. Log in or Subscribe to a level that has access to archived content.<\/p>\n","category_list_v2":"<a href=\"https:\/\/newmobility.news\/fr\/category\/belgium\/\" rel=\"category tag\">Belgium<\/a>, <a href=\"https:\/\/newmobility.news\/fr\/category\/industry\/\" rel=\"category tag\">Industry<\/a>, <a href=\"https:\/\/newmobility.news\/fr\/category\/maritime\/\" rel=\"category tag\">Maritime<\/a>, <a href=\"https:\/\/newmobility.news\/fr\/category\/top-stories-today\/\" rel=\"category tag\">Top Stories Today<\/a>","author_info_v2":{"name":"Luc Joris","url":"https:\/\/newmobility.news\/fr\/author\/belga-5\/"},"comments_num_v2":"0 comments","yoast_head":"<!-- This site is optimized with the Yoast SEO plugin v28.4 - https:\/\/yoast.com\/product\/yoast-seo-wordpress\/ -->\n<title>Rob Smeets appointed new CEO of Port of Antwerp-Bruges - newmobility.news<\/title>\n<meta name=\"robots\" content=\"index, follow, max-snippet:-1, max-image-preview:large, max-video-preview:-1\" \/>\n<link rel=\"canonical\" href=\"https:\/\/newmobility.news\/fr\/2026\/06\/05\/rob-smeets-appointed-new-ceo-of-port-of-antwerp-bruges\/\" \/>\n<meta property=\"og:locale\" content=\"fr_FR\" \/>\n<meta property=\"og:type\" content=\"article\" \/>\n<meta property=\"og:title\" content=\"Rob Smeets appointed new CEO of Port of Antwerp-Bruges - newmobility.news\" \/>\n<meta property=\"og:description\" content=\"Port of Antwerp-Bruges has appointed Rob Smeets as its new CEO. Smeets, the current interim CEO, has been given a six-year term and succeeds Jacques Vandermeiren, who announced his departure in April. Smeets faces a daunting task. Over the next 10 years, the Port of Antwerp-Bruges must secure appThis content has been archived. Log in [&hellip;]\" \/>\n<meta property=\"og:url\" content=\"https:\/\/newmobility.news\/fr\/2026\/06\/05\/rob-smeets-appointed-new-ceo-of-port-of-antwerp-bruges\/\" \/>\n<meta property=\"og:site_name\" content=\"newmobility.news\" \/>\n<meta property=\"article:publisher\" content=\"https:\/\/www.facebook.com\/search\/top\/?q=newmobility.news\" \/>\n<meta property=\"article:published_time\" content=\"2026-06-05T08:54:33+00:00\" \/>\n<meta property=\"og:image\" content=\"https:\/\/newmobility.news\/wp-content\/uploads\/2026\/06\/0406POAB_DRIESLUYTEN-18.jpg-1024x683.png\" \/>\n\t<meta property=\"og:image:width\" content=\"1024\" \/>\n\t<meta property=\"og:image:height\" content=\"683\" \/>\n\t<meta property=\"og:image:type\" content=\"image\/png\" \/>\n<meta name=\"author\" content=\"Luc Joris\" \/>\n<meta name=\"twitter:card\" content=\"summary_large_image\" \/>\n<meta name=\"twitter:creator\" content=\"@jorisvry\" \/>\n<meta name=\"twitter:site\" content=\"@jorisvry\" \/>\n<meta name=\"twitter:label1\" content=\"\u00c9crit par\" \/>\n\t<meta name=\"twitter:data1\" content=\"Luc Joris\" \/>\n\t<meta name=\"twitter:label2\" content=\"Dur\u00e9e de lecture est.\" \/>\n\t<meta name=\"twitter:data2\" content=\"3 minutes\" \/>\n<script type=\"application\/ld+json\" class=\"yoast-schema-graph\">{\"@context\":\"https:\\\/\\\/schema.org\",\"@graph\":[{\"@type\":\"Article\",\"@id\":\"https:\\\/\\\/newmobility.news\\\/2026\\\/06\\\/05\\\/rob-smeets-appointed-new-ceo-of-port-of-antwerp-bruges\\\/#article\",\"isPartOf\":{\"@id\":\"https:\\\/\\\/newmobility.news\\\/2026\\\/06\\\/05\\\/rob-smeets-appointed-new-ceo-of-port-of-antwerp-bruges\\\/\"},\"author\":{\"name\":\"Luc Joris\",\"@id\":\"https:\\\/\\\/newmobility.news\\\/#\\\/schema\\\/person\\\/9b4a04002179d83e5be74f13c664b722\"},\"headline\":\"Rob Smeets appointed new CEO of Port of Antwerp-Bruges\",\"datePublished\":\"2026-06-05T08:54:33+00:00\",\"mainEntityOfPage\":{\"@id\":\"https:\\\/\\\/newmobility.news\\\/2026\\\/06\\\/05\\\/rob-smeets-appointed-new-ceo-of-port-of-antwerp-bruges\\\/\"},\"wordCount\":481,\"publisher\":{\"@id\":\"https:\\\/\\\/newmobility.news\\\/#organization\"},\"image\":{\"@id\":\"https:\\\/\\\/newmobility.news\\\/2026\\\/06\\\/05\\\/rob-smeets-appointed-new-ceo-of-port-of-antwerp-bruges\\\/#primaryimage\"},\"thumbnailUrl\":\"https:\\\/\\\/i0.wp.com\\\/newmobility.news\\\/wp-content\\\/uploads\\\/2026\\\/06\\\/0406POAB_DRIESLUYTEN-18.jpg-scaled.png?fit=2560%2C1707&ssl=1\",\"articleSection\":[\"Belgium\",\"Industry\",\"Maritime\",\"Top Stories Today\"],\"inLanguage\":\"fr-BE\"},{\"@type\":\"WebPage\",\"@id\":\"https:\\\/\\\/newmobility.news\\\/2026\\\/06\\\/05\\\/rob-smeets-appointed-new-ceo-of-port-of-antwerp-bruges\\\/\",\"url\":\"https:\\\/\\\/newmobility.news\\\/2026\\\/06\\\/05\\\/rob-smeets-appointed-new-ceo-of-port-of-antwerp-bruges\\\/\",\"name\":\"Rob Smeets appointed new CEO of Port of Antwerp-Bruges - newmobility.news\",\"isPartOf\":{\"@id\":\"https:\\\/\\\/newmobility.news\\\/#website\"},\"primaryImageOfPage\":{\"@id\":\"https:\\\/\\\/newmobility.news\\\/2026\\\/06\\\/05\\\/rob-smeets-appointed-new-ceo-of-port-of-antwerp-bruges\\\/#primaryimage\"},\"image\":{\"@id\":\"https:\\\/\\\/newmobility.news\\\/2026\\\/06\\\/05\\\/rob-smeets-appointed-new-ceo-of-port-of-antwerp-bruges\\\/#primaryimage\"},\"thumbnailUrl\":\"https:\\\/\\\/i0.wp.com\\\/newmobility.news\\\/wp-content\\\/uploads\\\/2026\\\/06\\\/0406POAB_DRIESLUYTEN-18.jpg-scaled.png?fit=2560%2C1707&ssl=1\",\"datePublished\":\"2026-06-05T08:54:33+00:00\",\"breadcrumb\":{\"@id\":\"https:\\\/\\\/newmobility.news\\\/2026\\\/06\\\/05\\\/rob-smeets-appointed-new-ceo-of-port-of-antwerp-bruges\\\/#breadcrumb\"},\"inLanguage\":\"fr-BE\",\"potentialAction\":[{\"@type\":\"ReadAction\",\"target\":[\"https:\\\/\\\/newmobility.news\\\/2026\\\/06\\\/05\\\/rob-smeets-appointed-new-ceo-of-port-of-antwerp-bruges\\\/\"]}]},{\"@type\":\"ImageObject\",\"inLanguage\":\"fr-BE\",\"@id\":\"https:\\\/\\\/newmobility.news\\\/2026\\\/06\\\/05\\\/rob-smeets-appointed-new-ceo-of-port-of-antwerp-bruges\\\/#primaryimage\",\"url\":\"https:\\\/\\\/i0.wp.com\\\/newmobility.news\\\/wp-content\\\/uploads\\\/2026\\\/06\\\/0406POAB_DRIESLUYTEN-18.jpg-scaled.png?fit=2560%2C1707&ssl=1\",\"contentUrl\":\"https:\\\/\\\/i0.wp.com\\\/newmobility.news\\\/wp-content\\\/uploads\\\/2026\\\/06\\\/0406POAB_DRIESLUYTEN-18.jpg-scaled.png?fit=2560%2C1707&ssl=1\",\"width\":2560,\"height\":1707,\"caption\":\"The Board of Directors of Port of Antwerp-Bruges has appointed Rob Smeets, pictured in the center, as CEO of the Port of Antwerp-Bruges for a six-year term \\\/Port of Antwerp-Bruges\"},{\"@type\":\"BreadcrumbList\",\"@id\":\"https:\\\/\\\/newmobility.news\\\/2026\\\/06\\\/05\\\/rob-smeets-appointed-new-ceo-of-port-of-antwerp-bruges\\\/#breadcrumb\",\"itemListElement\":[{\"@type\":\"ListItem\",\"position\":1,\"name\":\"Home\",\"item\":\"https:\\\/\\\/newmobility.news\\\/\"},{\"@type\":\"ListItem\",\"position\":2,\"name\":\"Rob Smeets appointed new CEO of Port of Antwerp-Bruges\"}]},{\"@type\":\"WebSite\",\"@id\":\"https:\\\/\\\/newmobility.news\\\/#website\",\"url\":\"https:\\\/\\\/newmobility.news\\\/\",\"name\":\"newmobility.news\",\"description\":\"A B2BNews Agency\u00ae news service for mobility business proessional\",\"publisher\":{\"@id\":\"https:\\\/\\\/newmobility.news\\\/#organization\"},\"potentialAction\":[{\"@type\":\"SearchAction\",\"target\":{\"@type\":\"EntryPoint\",\"urlTemplate\":\"https:\\\/\\\/newmobility.news\\\/?s={search_term_string}\"},\"query-input\":{\"@type\":\"PropertyValueSpecification\",\"valueRequired\":true,\"valueName\":\"search_term_string\"}}],\"inLanguage\":\"fr-BE\"},{\"@type\":\"Organization\",\"@id\":\"https:\\\/\\\/newmobility.news\\\/#organization\",\"name\":\"B2BNews Agency\",\"url\":\"https:\\\/\\\/newmobility.news\\\/\",\"logo\":{\"@type\":\"ImageObject\",\"inLanguage\":\"fr-BE\",\"@id\":\"https:\\\/\\\/newmobility.news\\\/#\\\/schema\\\/logo\\\/image\\\/\",\"url\":\"https:\\\/\\\/newmobility.news\\\/wp-content\\\/uploads\\\/2018\\\/01\\\/b2bnews-agency-logo.png\",\"contentUrl\":\"https:\\\/\\\/newmobility.news\\\/wp-content\\\/uploads\\\/2018\\\/01\\\/b2bnews-agency-logo.png\",\"width\":\"581\",\"height\":\"117\",\"caption\":\"B2BNews Agency\"},\"image\":{\"@id\":\"https:\\\/\\\/newmobility.news\\\/#\\\/schema\\\/logo\\\/image\\\/\"},\"sameAs\":[\"https:\\\/\\\/www.facebook.com\\\/search\\\/top\\\/?q=newmobility.news\",\"https:\\\/\\\/x.com\\\/jorisvry\",\"https:\\\/\\\/www.linkedin.com\\\/in\\\/jorisvanroy\\\/\",\"https:\\\/\\\/nl.pinterest.com\\\/jorisvanroy\\\/\"]},{\"@type\":\"Person\",\"@id\":\"https:\\\/\\\/newmobility.news\\\/#\\\/schema\\\/person\\\/9b4a04002179d83e5be74f13c664b722\",\"name\":\"Luc Joris\",\"image\":{\"@type\":\"ImageObject\",\"inLanguage\":\"fr-BE\",\"@id\":\"https:\\\/\\\/secure.gravatar.com\\\/avatar\\\/9e27cf9984ae903174b14c7dd33d523290f03fd71803b04bc6e486c7259b2920?s=96&d=mm&r=g\",\"url\":\"https:\\\/\\\/secure.gravatar.com\\\/avatar\\\/9e27cf9984ae903174b14c7dd33d523290f03fd71803b04bc6e486c7259b2920?s=96&d=mm&r=g\",\"contentUrl\":\"https:\\\/\\\/secure.gravatar.com\\\/avatar\\\/9e27cf9984ae903174b14c7dd33d523290f03fd71803b04bc6e486c7259b2920?s=96&d=mm&r=g\",\"caption\":\"Luc Joris\"},\"url\":\"https:\\\/\\\/newmobility.news\\\/fr\\\/author\\\/belga-5\\\/\"}]}<\/script>\n<!-- \/ Yoast SEO plugin. -->","yoast_head_json":{"title":"Rob Smeets nomm\u00e9 nouveau CEO du Port d'Anvers-Bruges - newmobility.news","robots":{"index":"index","follow":"follow","max-snippet":"max-snippet:-1","max-image-preview":"max-image-preview:large","max-video-preview":"max-video-preview:-1"},"canonical":"https:\/\/newmobility.news\/fr\/2026\/06\/05\/rob-smeets-appointed-new-ceo-of-port-of-antwerp-bruges\/","og_locale":"fr_FR","og_type":"article","og_title":"Rob Smeets appointed new CEO of Port of Antwerp-Bruges - newmobility.news","og_description":"Port of Antwerp-Bruges has appointed Rob Smeets as its new CEO. Smeets, the current interim CEO, has been given a six-year term and succeeds Jacques Vandermeiren, who announced his departure in April. Smeets faces a daunting task. Over the next 10 years, the Port of Antwerp-Bruges must secure appThis content has been archived. Log in [&hellip;]","og_url":"https:\/\/newmobility.news\/fr\/2026\/06\/05\/rob-smeets-appointed-new-ceo-of-port-of-antwerp-bruges\/","og_site_name":"newmobility.news","article_publisher":"https:\/\/www.facebook.com\/search\/top\/?q=newmobility.news","article_published_time":"2026-06-05T08:54:33+00:00","og_image":[{"width":1024,"height":683,"url":"https:\/\/newmobility.news\/wp-content\/uploads\/2026\/06\/0406POAB_DRIESLUYTEN-18.jpg-1024x683.png","type":"image\/png"}],"author":"Luc Joris","twitter_card":"summary_large_image","twitter_creator":"@jorisvry","twitter_site":"@jorisvry","twitter_misc":{"\u00c9crit par":"Luc Joris","Dur\u00e9e de lecture est.":"3 minutes"},"schema":{"@context":"https:\/\/schema.org","@graph":[{"@type":"Article","@id":"https:\/\/newmobility.news\/2026\/06\/05\/rob-smeets-appointed-new-ceo-of-port-of-antwerp-bruges\/#article","isPartOf":{"@id":"https:\/\/newmobility.news\/2026\/06\/05\/rob-smeets-appointed-new-ceo-of-port-of-antwerp-bruges\/"},"author":{"name":"Luc Joris","@id":"https:\/\/newmobility.news\/#\/schema\/person\/9b4a04002179d83e5be74f13c664b722"},"headline":"Rob Smeets appointed new CEO of Port of Antwerp-Bruges","datePublished":"2026-06-05T08:54:33+00:00","mainEntityOfPage":{"@id":"https:\/\/newmobility.news\/2026\/06\/05\/rob-smeets-appointed-new-ceo-of-port-of-antwerp-bruges\/"},"wordCount":481,"publisher":{"@id":"https:\/\/newmobility.news\/#organization"},"image":{"@id":"https:\/\/newmobility.news\/2026\/06\/05\/rob-smeets-appointed-new-ceo-of-port-of-antwerp-bruges\/#primaryimage"},"thumbnailUrl":"https:\/\/i0.wp.com\/newmobility.news\/wp-content\/uploads\/2026\/06\/0406POAB_DRIESLUYTEN-18.jpg-scaled.png?fit=2560%2C1707&ssl=1","articleSection":["Belgium","Industry","Maritime","Top Stories Today"],"inLanguage":"fr-BE"},{"@type":"WebPage","@id":"https:\/\/newmobility.news\/2026\/06\/05\/rob-smeets-appointed-new-ceo-of-port-of-antwerp-bruges\/","url":"https:\/\/newmobility.news\/2026\/06\/05\/rob-smeets-appointed-new-ceo-of-port-of-antwerp-bruges\/","name":"Rob Smeets nomm\u00e9 nouveau CEO du Port d'Anvers-Bruges - newmobility.news","isPartOf":{"@id":"https:\/\/newmobility.news\/#website"},"primaryImageOfPage":{"@id":"https:\/\/newmobility.news\/2026\/06\/05\/rob-smeets-appointed-new-ceo-of-port-of-antwerp-bruges\/#primaryimage"},"image":{"@id":"https:\/\/newmobility.news\/2026\/06\/05\/rob-smeets-appointed-new-ceo-of-port-of-antwerp-bruges\/#primaryimage"},"thumbnailUrl":"https:\/\/i0.wp.com\/newmobility.news\/wp-content\/uploads\/2026\/06\/0406POAB_DRIESLUYTEN-18.jpg-scaled.png?fit=2560%2C1707&ssl=1","datePublished":"2026-06-05T08:54:33+00:00","breadcrumb":{"@id":"https:\/\/newmobility.news\/2026\/06\/05\/rob-smeets-appointed-new-ceo-of-port-of-antwerp-bruges\/#breadcrumb"},"inLanguage":"fr-BE","potentialAction":[{"@type":"ReadAction","target":["https:\/\/newmobility.news\/2026\/06\/05\/rob-smeets-appointed-new-ceo-of-port-of-antwerp-bruges\/"]}]},{"@type":"ImageObject","inLanguage":"fr-BE","@id":"https:\/\/newmobility.news\/2026\/06\/05\/rob-smeets-appointed-new-ceo-of-port-of-antwerp-bruges\/#primaryimage","url":"https:\/\/i0.wp.com\/newmobility.news\/wp-content\/uploads\/2026\/06\/0406POAB_DRIESLUYTEN-18.jpg-scaled.png?fit=2560%2C1707&ssl=1","contentUrl":"https:\/\/i0.wp.com\/newmobility.news\/wp-content\/uploads\/2026\/06\/0406POAB_DRIESLUYTEN-18.jpg-scaled.png?fit=2560%2C1707&ssl=1","width":2560,"height":1707,"caption":"The Board of Directors of Port of Antwerp-Bruges has appointed Rob Smeets, pictured in the center, as CEO of the Port of Antwerp-Bruges for a six-year term \/Port of Antwerp-Bruges"},{"@type":"BreadcrumbList","@id":"https:\/\/newmobility.news\/2026\/06\/05\/rob-smeets-appointed-new-ceo-of-port-of-antwerp-bruges\/#breadcrumb","itemListElement":[{"@type":"ListItem","position":1,"name":"Home","item":"https:\/\/newmobility.news\/"},{"@type":"ListItem","position":2,"name":"Rob Smeets appointed new CEO of Port of Antwerp-Bruges"}]},{"@type":"WebSite","@id":"https:\/\/newmobility.news\/#website","url":"https:\/\/newmobility.news\/","name":"nouveaumobilit\u00e9.actualit\u00e9s","description":"Un service d'information B2BNews Agency\u00ae destin\u00e9 aux professionnels de la mobilit\u00e9","publisher":{"@id":"https:\/\/newmobility.news\/#organization"},"potentialAction":[{"@type":"SearchAction","target":{"@type":"EntryPoint","urlTemplate":"https:\/\/newmobility.news\/?s={search_term_string}"},"query-input":{"@type":"PropertyValueSpecification","valueRequired":true,"valueName":"search_term_string"}}],"inLanguage":"fr-BE"},{"@type":"Organization","@id":"https:\/\/newmobility.news\/#organization","name":"Agence de presse B2BNews","url":"https:\/\/newmobility.news\/","logo":{"@type":"ImageObject","inLanguage":"fr-BE","@id":"https:\/\/newmobility.news\/#\/schema\/logo\/image\/","url":"https:\/\/newmobility.news\/wp-content\/uploads\/2018\/01\/b2bnews-agency-logo.png","contentUrl":"https:\/\/newmobility.news\/wp-content\/uploads\/2018\/01\/b2bnews-agency-logo.png","width":"581","height":"117","caption":"B2BNews Agency"},"image":{"@id":"https:\/\/newmobility.news\/#\/schema\/logo\/image\/"},"sameAs":["https:\/\/www.facebook.com\/search\/top\/?q=newmobility.news","https:\/\/x.com\/jorisvry","https:\/\/www.linkedin.com\/in\/jorisvanroy\/","https:\/\/nl.pinterest.com\/jorisvanroy\/"]},{"@type":"Person","@id":"https:\/\/newmobility.news\/#\/schema\/person\/9b4a04002179d83e5be74f13c664b722","name":"Luc Joris","image":{"@type":"ImageObject","inLanguage":"fr-BE","@id":"https:\/\/secure.gravatar.com\/avatar\/9e27cf9984ae903174b14c7dd33d523290f03fd71803b04bc6e486c7259b2920?s=96&d=mm&r=g","url":"https:\/\/secure.gravatar.com\/avatar\/9e27cf9984ae903174b14c7dd33d523290f03fd71803b04bc6e486c7259b2920?s=96&d=mm&r=g","contentUrl":"https:\/\/secure.gravatar.com\/avatar\/9e27cf9984ae903174b14c7dd33d523290f03fd71803b04bc6e486c7259b2920?s=96&d=mm&r=g","caption":"Luc Joris"},"url":"https:\/\/newmobility.news\/fr\/author\/belga-5\/"}]}},"jetpack_publicize_connections":[],"jetpack_shortlink":"https:\/\/wp.me\/p9wJdU-MIB","jetpack_sharing_enabled":true,"jetpack_likes_enabled":true,"jetpack-related-posts":[],"jetpack_featured_media_url":"https:\/\/i0.wp.com\/newmobility.news\/wp-content\/uploads\/2026\/06\/0406POAB_DRIESLUYTEN-18.jpg-scaled.png?fit=2560%2C1707&ssl=1","_links":{"self":[{"href":"https:\/\/newmobility.news\/fr\/wp-json\/wp\/v2\/posts\/187277","targetHints":{"allow":["GET"]}}],"collection":[{"href":"https:\/\/newmobility.news\/fr\/wp-json\/wp\/v2\/posts"}],"about":[{"href":"https:\/\/newmobility.news\/fr\/wp-json\/wp\/v2\/types\/post"}],"author":[{"embeddable":true,"href":"https:\/\/newmobility.news\/fr\/wp-json\/wp\/v2\/users\/164"}],"replies":[{"embeddable":true,"href":"https:\/\/newmobility.news\/fr\/wp-json\/wp\/v2\/comments?post=187277"}],"version-history":[{"count":10,"href":"https:\/\/newmobility.news\/fr\/wp-json\/wp\/v2\/posts\/187277\/revisions"}],"predecessor-version":[{"id":187312,"href":"https:\/\/newmobility.news\/fr\/wp-json\/wp\/v2\/posts\/187277\/revisions\/187312"}],"wp:featuredmedia":[{"embeddable":true,"href":"https:\/\/newmobility.news\/fr\/wp-json\/wp\/v2\/media\/187298"}],"wp:attachment":[{"href":"https:\/\/newmobility.news\/fr\/wp-json\/wp\/v2\/media?parent=187277"}],"wp:term":[{"taxonomy":"category","embeddable":true,"href":"https:\/\/newmobility.news\/fr\/wp-json\/wp\/v2\/categories?post=187277"},{"taxonomy":"post_tag","embeddable":true,"href":"https:\/\/newmobility.news\/fr\/wp-json\/wp\/v2\/tags?post=187277"}],"curies":[{"name":"wp","href":"https:\/\/api.w.org\/{rel}","templated":true}]}}