{"id":188027,"date":"2026-06-18T08:30:37","date_gmt":"2026-06-18T06:30:37","guid":{"rendered":"https:\/\/newmobility.news\/?p=188027"},"modified":"2026-06-18T11:18:46","modified_gmt":"2026-06-18T09:18:46","slug":"powerdot-enters-flanders-with-carrefour-charging-site-in-zulte","status":"publish","type":"post","link":"https:\/\/newmobility.news\/fr\/2026\/06\/18\/powerdot-enters-flanders-with-carrefour-charging-site-in-zulte\/","title":{"rendered":"Powerdot s'implante en Flandre avec une borne de recharge Carrefour \u00e0 Zulte"},"content":{"rendered":"L'op\u00e9rateur europ\u00e9en de bornes de recharge Powerdot fait ses premiers pas concrets en Flandre avec l'ouverture d'une nouvelle station de recharge rapide au supermarch\u00e9 Carrefour de Zulte, en Flandre orientale.\n\nLe site dispose de deux bornes de recharge d'une puissance totale de 140 kW, permettant aux clients de recharger leur v\u00e9<div class=\"leaky_paywall_message_wrap\"><div id=\"leaky_paywall_message\">Ce contenu a \u00e9t\u00e9 archiv\u00e9. <a href=\"https:\/\/newmobility.news\/fr\/subscription\/\">Connectez-vous ou inscrivez-vous<\/a> \u00e0 un niveau qui donne acc\u00e8s au contenu archiv\u00e9.<\/div><\/div>","protected":false},"excerpt":{"rendered":"<p>European charge point operator Powerdot is taking its first visible steps into Flanders with the opening of a new fast-charging station at the Carrefour supermarket in Zulte, East Flanders. The site has two charging points with a combined capacity of 140 kW, allowing customers to charge their eleThis content has been archived. Log in or [&hellip;]<\/p>\n","protected":false},"author":21,"featured_media":188030,"comment_status":"closed","ping_status":"closed","sticky":false,"template":"","format":"standard","meta":{"_acf_changed":false,"_jetpack_newsletter_access":"","_jetpack_dont_email_post_to_subs":false,"_jetpack_newsletter_tier_id":0,"_jetpack_memberships_contains_paywalled_content":false,"_jetpack_feature_clip_id":0,"_jetpack_memberships_contains_paid_content":false,"footnotes":"","jetpack_publicize_message":"{title}\r\n\r\n{excerpt}\r\n\r\n{url}","jetpack_publicize_feature_enabled":true,"jetpack_social_post_already_shared":true,"jetpack_social_options":{"image_generator_settings":{"template":"highway","default_image_id":0,"font":"","enabled":false},"version":2},"_wpas_customize_per_network":false,"jetpack_post_was_ever_published":false},"categories":[77170,2043,4],"tags":[],"class_list":["post-188027","post","type-post","status-publish","format-standard","has-post-thumbnail","hentry","category-belgium","category-energy","category-top-stories-today"],"acf":[],"featured_image_urls_v2":{"full":["https:\/\/i0.wp.com\/newmobility.news\/wp-content\/uploads\/2026\/06\/powerdot-zulte.png?fit=1920%2C1111&ssl=1",1920,1111,false],"thumbnail":["https:\/\/i0.wp.com\/newmobility.news\/wp-content\/uploads\/2026\/06\/powerdot-zulte.png?resize=150%2C150&ssl=1",150,150,true],"medium":["https:\/\/i0.wp.com\/newmobility.news\/wp-content\/uploads\/2026\/06\/powerdot-zulte.png?fit=300%2C174&ssl=1",300,174,true],"medium_large":["https:\/\/i0.wp.com\/newmobility.news\/wp-content\/uploads\/2026\/06\/powerdot-zulte.png?fit=640%2C370&ssl=1",640,370,true],"large":["https:\/\/i0.wp.com\/newmobility.news\/wp-content\/uploads\/2026\/06\/powerdot-zulte.png?fit=640%2C371&ssl=1",640,371,true],"1536x1536":["https:\/\/i0.wp.com\/newmobility.news\/wp-content\/uploads\/2026\/06\/powerdot-zulte.png?fit=1536%2C889&ssl=1",1536,889,true],"2048x2048":["https:\/\/i0.wp.com\/newmobility.news\/wp-content\/uploads\/2026\/06\/powerdot-zulte.png?fit=1920%2C1111&ssl=1",1920,1111,true],"trp-custom-language-flag":["https:\/\/i0.wp.com\/newmobility.news\/wp-content\/uploads\/2026\/06\/powerdot-zulte.png?fit=18%2C10&ssl=1",18,10,true],"related-thumb":["https:\/\/i0.wp.com\/newmobility.news\/wp-content\/uploads\/2026\/06\/powerdot-zulte.png?resize=640%2C480&ssl=1",640,480,true],"gform-image-choice-sm":["https:\/\/i0.wp.com\/newmobility.news\/wp-content\/uploads\/2026\/06\/powerdot-zulte.png?resize=300%2C300&ssl=1",300,300,true],"gform-image-choice-md":["https:\/\/i0.wp.com\/newmobility.news\/wp-content\/uploads\/2026\/06\/powerdot-zulte.png?resize=400%2C400&ssl=1",400,400,true],"gform-image-choice-lg":["https:\/\/i0.wp.com\/newmobility.news\/wp-content\/uploads\/2026\/06\/powerdot-zulte.png?resize=600%2C600&ssl=1",600,600,true],"mailchimp":["https:\/\/i0.wp.com\/newmobility.news\/wp-content\/uploads\/2026\/06\/powerdot-zulte.png?fit=560%2C324&ssl=1",560,324,true],"unipress-phone":["https:\/\/i0.wp.com\/newmobility.news\/wp-content\/uploads\/2026\/06\/powerdot-zulte.png?resize=640%2C100&ssl=1",640,100,true],"unipress-tablet":["https:\/\/i0.wp.com\/newmobility.news\/wp-content\/uploads\/2026\/06\/powerdot-zulte.png?resize=1536%2C240&ssl=1",1536,240,true],"unipress-tablet-portrait":["https:\/\/i0.wp.com\/newmobility.news\/wp-content\/uploads\/2026\/06\/powerdot-zulte.png?resize=1536%2C180&ssl=1",1536,180,true],"unipress-tablet-landscape":["https:\/\/i0.wp.com\/newmobility.news\/wp-content\/uploads\/2026\/06\/powerdot-zulte.png?resize=1920%2C180&ssl=1",1920,180,true],"unipress-smartphone":["https:\/\/i0.wp.com\/newmobility.news\/wp-content\/uploads\/2026\/06\/powerdot-zulte.png?resize=1080%2C168&ssl=1",1080,168,true],"unipress-wide-screen":["https:\/\/i0.wp.com\/newmobility.news\/wp-content\/uploads\/2026\/06\/powerdot-zulte.png?resize=1920%2C180&ssl=1",1920,180,true]},"post_excerpt_stackable_v2":"<p>European charge point operator Powerdot is taking its first visible steps into Flanders with the opening of a new fast-charging station at the Carrefour supermarket in Zulte, East Flanders. The site has two charging points with a combined capacity of 140 kW, allowing customers to charge their eleThis content has been archived. Log in or Subscribe to a level that has access to archived content.<\/p>\n","category_list_v2":"<a href=\"https:\/\/newmobility.news\/fr\/category\/belgium\/\" rel=\"category tag\">Belgium<\/a>, <a href=\"https:\/\/newmobility.news\/fr\/category\/energy\/\" rel=\"category tag\">Energy<\/a>, <a href=\"https:\/\/newmobility.news\/fr\/category\/top-stories-today\/\" rel=\"category tag\">Top Stories Today<\/a>","author_info_v2":{"name":"Joris Van Roy","url":"https:\/\/newmobility.news\/fr\/author\/jorisximcom-be\/"},"comments_num_v2":"0 comments","yoast_head":"<!-- This site is optimized with the Yoast SEO plugin v28.4 - https:\/\/yoast.com\/product\/yoast-seo-wordpress\/ -->\n<title>Powerdot enters Flanders with Carrefour charging site in Zulte - newmobility.news<\/title>\n<meta name=\"robots\" content=\"index, follow, max-snippet:-1, max-image-preview:large, max-video-preview:-1\" \/>\n<link rel=\"canonical\" href=\"https:\/\/newmobility.news\/fr\/2026\/06\/18\/powerdot-enters-flanders-with-carrefour-charging-site-in-zulte\/\" \/>\n<meta property=\"og:locale\" content=\"fr_FR\" \/>\n<meta property=\"og:type\" content=\"article\" \/>\n<meta property=\"og:title\" content=\"Powerdot enters Flanders with Carrefour charging site in Zulte - newmobility.news\" \/>\n<meta property=\"og:description\" content=\"European charge point operator Powerdot is taking its first visible steps into Flanders with the opening of a new fast-charging station at the Carrefour supermarket in Zulte, East Flanders. The site has two charging points with a combined capacity of 140 kW, allowing customers to charge their eleThis content has been archived. Log in or [&hellip;]\" \/>\n<meta property=\"og:url\" content=\"https:\/\/newmobility.news\/fr\/2026\/06\/18\/powerdot-enters-flanders-with-carrefour-charging-site-in-zulte\/\" \/>\n<meta property=\"og:site_name\" content=\"newmobility.news\" \/>\n<meta property=\"article:publisher\" content=\"https:\/\/www.facebook.com\/search\/top\/?q=newmobility.news\" \/>\n<meta property=\"article:published_time\" content=\"2026-06-18T06:30:37+00:00\" \/>\n<meta property=\"article:modified_time\" content=\"2026-06-18T09:18:46+00:00\" \/>\n<meta property=\"og:image\" content=\"https:\/\/newmobility.news\/wp-content\/uploads\/2026\/06\/powerdot-zulte-1024x593.png\" \/>\n\t<meta property=\"og:image:width\" content=\"1024\" \/>\n\t<meta property=\"og:image:height\" content=\"593\" \/>\n\t<meta property=\"og:image:type\" content=\"image\/png\" \/>\n<meta name=\"author\" content=\"Joris Van Roy\" \/>\n<meta name=\"twitter:card\" content=\"summary_large_image\" \/>\n<meta name=\"twitter:creator\" content=\"@jorisvry\" \/>\n<meta name=\"twitter:site\" content=\"@jorisvry\" \/>\n<meta name=\"twitter:label1\" content=\"\u00c9crit par\" \/>\n\t<meta name=\"twitter:data1\" content=\"Joris Van Roy\" \/>\n\t<meta name=\"twitter:label2\" content=\"Dur\u00e9e de lecture est.\" \/>\n\t<meta name=\"twitter:data2\" content=\"4 minutes\" \/>\n<script type=\"application\/ld+json\" class=\"yoast-schema-graph\">{\"@context\":\"https:\\\/\\\/schema.org\",\"@graph\":[{\"@type\":\"Article\",\"@id\":\"https:\\\/\\\/newmobility.news\\\/2026\\\/06\\\/18\\\/powerdot-enters-flanders-with-carrefour-charging-site-in-zulte\\\/#article\",\"isPartOf\":{\"@id\":\"https:\\\/\\\/newmobility.news\\\/2026\\\/06\\\/18\\\/powerdot-enters-flanders-with-carrefour-charging-site-in-zulte\\\/\"},\"author\":{\"name\":\"Joris Van Roy\",\"@id\":\"https:\\\/\\\/newmobility.news\\\/#\\\/schema\\\/person\\\/993f2da7cd774079044984132dee0ef0\"},\"headline\":\"Powerdot enters Flanders with Carrefour charging site in Zulte\",\"datePublished\":\"2026-06-18T06:30:37+00:00\",\"dateModified\":\"2026-06-18T09:18:46+00:00\",\"mainEntityOfPage\":{\"@id\":\"https:\\\/\\\/newmobility.news\\\/2026\\\/06\\\/18\\\/powerdot-enters-flanders-with-carrefour-charging-site-in-zulte\\\/\"},\"wordCount\":741,\"publisher\":{\"@id\":\"https:\\\/\\\/newmobility.news\\\/#organization\"},\"image\":{\"@id\":\"https:\\\/\\\/newmobility.news\\\/2026\\\/06\\\/18\\\/powerdot-enters-flanders-with-carrefour-charging-site-in-zulte\\\/#primaryimage\"},\"thumbnailUrl\":\"https:\\\/\\\/i0.wp.com\\\/newmobility.news\\\/wp-content\\\/uploads\\\/2026\\\/06\\\/powerdot-zulte.png?fit=1920%2C1111&ssl=1\",\"articleSection\":[\"Belgium\",\"Energy\",\"Top Stories Today\"],\"inLanguage\":\"fr-BE\"},{\"@type\":\"WebPage\",\"@id\":\"https:\\\/\\\/newmobility.news\\\/2026\\\/06\\\/18\\\/powerdot-enters-flanders-with-carrefour-charging-site-in-zulte\\\/\",\"url\":\"https:\\\/\\\/newmobility.news\\\/2026\\\/06\\\/18\\\/powerdot-enters-flanders-with-carrefour-charging-site-in-zulte\\\/\",\"name\":\"Powerdot enters Flanders with Carrefour charging site in Zulte - newmobility.news\",\"isPartOf\":{\"@id\":\"https:\\\/\\\/newmobility.news\\\/#website\"},\"primaryImageOfPage\":{\"@id\":\"https:\\\/\\\/newmobility.news\\\/2026\\\/06\\\/18\\\/powerdot-enters-flanders-with-carrefour-charging-site-in-zulte\\\/#primaryimage\"},\"image\":{\"@id\":\"https:\\\/\\\/newmobility.news\\\/2026\\\/06\\\/18\\\/powerdot-enters-flanders-with-carrefour-charging-site-in-zulte\\\/#primaryimage\"},\"thumbnailUrl\":\"https:\\\/\\\/i0.wp.com\\\/newmobility.news\\\/wp-content\\\/uploads\\\/2026\\\/06\\\/powerdot-zulte.png?fit=1920%2C1111&ssl=1\",\"datePublished\":\"2026-06-18T06:30:37+00:00\",\"dateModified\":\"2026-06-18T09:18:46+00:00\",\"breadcrumb\":{\"@id\":\"https:\\\/\\\/newmobility.news\\\/2026\\\/06\\\/18\\\/powerdot-enters-flanders-with-carrefour-charging-site-in-zulte\\\/#breadcrumb\"},\"inLanguage\":\"fr-BE\",\"potentialAction\":[{\"@type\":\"ReadAction\",\"target\":[\"https:\\\/\\\/newmobility.news\\\/2026\\\/06\\\/18\\\/powerdot-enters-flanders-with-carrefour-charging-site-in-zulte\\\/\"]}]},{\"@type\":\"ImageObject\",\"inLanguage\":\"fr-BE\",\"@id\":\"https:\\\/\\\/newmobility.news\\\/2026\\\/06\\\/18\\\/powerdot-enters-flanders-with-carrefour-charging-site-in-zulte\\\/#primaryimage\",\"url\":\"https:\\\/\\\/i0.wp.com\\\/newmobility.news\\\/wp-content\\\/uploads\\\/2026\\\/06\\\/powerdot-zulte.png?fit=1920%2C1111&ssl=1\",\"contentUrl\":\"https:\\\/\\\/i0.wp.com\\\/newmobility.news\\\/wp-content\\\/uploads\\\/2026\\\/06\\\/powerdot-zulte.png?fit=1920%2C1111&ssl=1\",\"width\":1920,\"height\":1111,\"caption\":\"Powerdot has opened one of its first Flemish fast-charging stations at Carrefour Zulte in East Flanders \\\/Powerdot\"},{\"@type\":\"BreadcrumbList\",\"@id\":\"https:\\\/\\\/newmobility.news\\\/2026\\\/06\\\/18\\\/powerdot-enters-flanders-with-carrefour-charging-site-in-zulte\\\/#breadcrumb\",\"itemListElement\":[{\"@type\":\"ListItem\",\"position\":1,\"name\":\"Home\",\"item\":\"https:\\\/\\\/newmobility.news\\\/\"},{\"@type\":\"ListItem\",\"position\":2,\"name\":\"Powerdot enters Flanders with Carrefour charging site in Zulte\"}]},{\"@type\":\"WebSite\",\"@id\":\"https:\\\/\\\/newmobility.news\\\/#website\",\"url\":\"https:\\\/\\\/newmobility.news\\\/\",\"name\":\"newmobility.news\",\"description\":\"A B2BNews Agency\u00ae news service for mobility business proessional\",\"publisher\":{\"@id\":\"https:\\\/\\\/newmobility.news\\\/#organization\"},\"potentialAction\":[{\"@type\":\"SearchAction\",\"target\":{\"@type\":\"EntryPoint\",\"urlTemplate\":\"https:\\\/\\\/newmobility.news\\\/?s={search_term_string}\"},\"query-input\":{\"@type\":\"PropertyValueSpecification\",\"valueRequired\":true,\"valueName\":\"search_term_string\"}}],\"inLanguage\":\"fr-BE\"},{\"@type\":\"Organization\",\"@id\":\"https:\\\/\\\/newmobility.news\\\/#organization\",\"name\":\"B2BNews Agency\",\"url\":\"https:\\\/\\\/newmobility.news\\\/\",\"logo\":{\"@type\":\"ImageObject\",\"inLanguage\":\"fr-BE\",\"@id\":\"https:\\\/\\\/newmobility.news\\\/#\\\/schema\\\/logo\\\/image\\\/\",\"url\":\"https:\\\/\\\/newmobility.news\\\/wp-content\\\/uploads\\\/2018\\\/01\\\/b2bnews-agency-logo.png\",\"contentUrl\":\"https:\\\/\\\/newmobility.news\\\/wp-content\\\/uploads\\\/2018\\\/01\\\/b2bnews-agency-logo.png\",\"width\":\"581\",\"height\":\"117\",\"caption\":\"B2BNews Agency\"},\"image\":{\"@id\":\"https:\\\/\\\/newmobility.news\\\/#\\\/schema\\\/logo\\\/image\\\/\"},\"sameAs\":[\"https:\\\/\\\/www.facebook.com\\\/search\\\/top\\\/?q=newmobility.news\",\"https:\\\/\\\/x.com\\\/jorisvry\",\"https:\\\/\\\/www.linkedin.com\\\/in\\\/jorisvanroy\\\/\",\"https:\\\/\\\/nl.pinterest.com\\\/jorisvanroy\\\/\"]},{\"@type\":\"Person\",\"@id\":\"https:\\\/\\\/newmobility.news\\\/#\\\/schema\\\/person\\\/993f2da7cd774079044984132dee0ef0\",\"name\":\"Joris Van Roy\",\"image\":{\"@type\":\"ImageObject\",\"inLanguage\":\"fr-BE\",\"@id\":\"https:\\\/\\\/secure.gravatar.com\\\/avatar\\\/b82919546c1cd9980bd2bc08f09d294c7cb92b3addd23cb9a4377a7b88b4349b?s=96&d=mm&r=g\",\"url\":\"https:\\\/\\\/secure.gravatar.com\\\/avatar\\\/b82919546c1cd9980bd2bc08f09d294c7cb92b3addd23cb9a4377a7b88b4349b?s=96&d=mm&r=g\",\"contentUrl\":\"https:\\\/\\\/secure.gravatar.com\\\/avatar\\\/b82919546c1cd9980bd2bc08f09d294c7cb92b3addd23cb9a4377a7b88b4349b?s=96&d=mm&r=g\",\"caption\":\"Joris Van Roy\"},\"url\":\"https:\\\/\\\/newmobility.news\\\/fr\\\/author\\\/jorisximcom-be\\\/\"}]}<\/script>\n<!-- \/ Yoast SEO plugin. -->","yoast_head_json":{"title":"Powerdot s'implante en Flandre avec une borne de recharge Carrefour \u00e0 Zulte - newmobility.news","robots":{"index":"index","follow":"follow","max-snippet":"max-snippet:-1","max-image-preview":"max-image-preview:large","max-video-preview":"max-video-preview:-1"},"canonical":"https:\/\/newmobility.news\/fr\/2026\/06\/18\/powerdot-enters-flanders-with-carrefour-charging-site-in-zulte\/","og_locale":"fr_FR","og_type":"article","og_title":"Powerdot enters Flanders with Carrefour charging site in Zulte - newmobility.news","og_description":"European charge point operator Powerdot is taking its first visible steps into Flanders with the opening of a new fast-charging station at the Carrefour supermarket in Zulte, East Flanders. The site has two charging points with a combined capacity of 140 kW, allowing customers to charge their eleThis content has been archived. Log in or [&hellip;]","og_url":"https:\/\/newmobility.news\/fr\/2026\/06\/18\/powerdot-enters-flanders-with-carrefour-charging-site-in-zulte\/","og_site_name":"newmobility.news","article_publisher":"https:\/\/www.facebook.com\/search\/top\/?q=newmobility.news","article_published_time":"2026-06-18T06:30:37+00:00","article_modified_time":"2026-06-18T09:18:46+00:00","og_image":[{"width":1024,"height":593,"url":"https:\/\/newmobility.news\/wp-content\/uploads\/2026\/06\/powerdot-zulte-1024x593.png","type":"image\/png"}],"author":"Joris Van Roy","twitter_card":"summary_large_image","twitter_creator":"@jorisvry","twitter_site":"@jorisvry","twitter_misc":{"\u00c9crit par":"Joris Van Roy","Dur\u00e9e de lecture est.":"4 minutes"},"schema":{"@context":"https:\/\/schema.org","@graph":[{"@type":"Article","@id":"https:\/\/newmobility.news\/2026\/06\/18\/powerdot-enters-flanders-with-carrefour-charging-site-in-zulte\/#article","isPartOf":{"@id":"https:\/\/newmobility.news\/2026\/06\/18\/powerdot-enters-flanders-with-carrefour-charging-site-in-zulte\/"},"author":{"name":"Joris Van Roy","@id":"https:\/\/newmobility.news\/#\/schema\/person\/993f2da7cd774079044984132dee0ef0"},"headline":"Powerdot enters Flanders with Carrefour charging site in Zulte","datePublished":"2026-06-18T06:30:37+00:00","dateModified":"2026-06-18T09:18:46+00:00","mainEntityOfPage":{"@id":"https:\/\/newmobility.news\/2026\/06\/18\/powerdot-enters-flanders-with-carrefour-charging-site-in-zulte\/"},"wordCount":741,"publisher":{"@id":"https:\/\/newmobility.news\/#organization"},"image":{"@id":"https:\/\/newmobility.news\/2026\/06\/18\/powerdot-enters-flanders-with-carrefour-charging-site-in-zulte\/#primaryimage"},"thumbnailUrl":"https:\/\/i0.wp.com\/newmobility.news\/wp-content\/uploads\/2026\/06\/powerdot-zulte.png?fit=1920%2C1111&ssl=1","articleSection":["Belgium","Energy","Top Stories Today"],"inLanguage":"fr-BE"},{"@type":"WebPage","@id":"https:\/\/newmobility.news\/2026\/06\/18\/powerdot-enters-flanders-with-carrefour-charging-site-in-zulte\/","url":"https:\/\/newmobility.news\/2026\/06\/18\/powerdot-enters-flanders-with-carrefour-charging-site-in-zulte\/","name":"Powerdot s'implante en Flandre avec une borne de recharge Carrefour \u00e0 Zulte - newmobility.news","isPartOf":{"@id":"https:\/\/newmobility.news\/#website"},"primaryImageOfPage":{"@id":"https:\/\/newmobility.news\/2026\/06\/18\/powerdot-enters-flanders-with-carrefour-charging-site-in-zulte\/#primaryimage"},"image":{"@id":"https:\/\/newmobility.news\/2026\/06\/18\/powerdot-enters-flanders-with-carrefour-charging-site-in-zulte\/#primaryimage"},"thumbnailUrl":"https:\/\/i0.wp.com\/newmobility.news\/wp-content\/uploads\/2026\/06\/powerdot-zulte.png?fit=1920%2C1111&ssl=1","datePublished":"2026-06-18T06:30:37+00:00","dateModified":"2026-06-18T09:18:46+00:00","breadcrumb":{"@id":"https:\/\/newmobility.news\/2026\/06\/18\/powerdot-enters-flanders-with-carrefour-charging-site-in-zulte\/#breadcrumb"},"inLanguage":"fr-BE","potentialAction":[{"@type":"ReadAction","target":["https:\/\/newmobility.news\/2026\/06\/18\/powerdot-enters-flanders-with-carrefour-charging-site-in-zulte\/"]}]},{"@type":"ImageObject","inLanguage":"fr-BE","@id":"https:\/\/newmobility.news\/2026\/06\/18\/powerdot-enters-flanders-with-carrefour-charging-site-in-zulte\/#primaryimage","url":"https:\/\/i0.wp.com\/newmobility.news\/wp-content\/uploads\/2026\/06\/powerdot-zulte.png?fit=1920%2C1111&ssl=1","contentUrl":"https:\/\/i0.wp.com\/newmobility.news\/wp-content\/uploads\/2026\/06\/powerdot-zulte.png?fit=1920%2C1111&ssl=1","width":1920,"height":1111,"caption":"Powerdot has opened one of its first Flemish fast-charging stations at Carrefour Zulte in East Flanders \/Powerdot"},{"@type":"BreadcrumbList","@id":"https:\/\/newmobility.news\/2026\/06\/18\/powerdot-enters-flanders-with-carrefour-charging-site-in-zulte\/#breadcrumb","itemListElement":[{"@type":"ListItem","position":1,"name":"Home","item":"https:\/\/newmobility.news\/"},{"@type":"ListItem","position":2,"name":"Powerdot enters Flanders with Carrefour charging site in Zulte"}]},{"@type":"WebSite","@id":"https:\/\/newmobility.news\/#website","url":"https:\/\/newmobility.news\/","name":"nouveaumobilit\u00e9.actualit\u00e9s","description":"Un service d'information B2BNews Agency\u00ae destin\u00e9 aux professionnels de la mobilit\u00e9","publisher":{"@id":"https:\/\/newmobility.news\/#organization"},"potentialAction":[{"@type":"SearchAction","target":{"@type":"EntryPoint","urlTemplate":"https:\/\/newmobility.news\/?s={search_term_string}"},"query-input":{"@type":"PropertyValueSpecification","valueRequired":true,"valueName":"search_term_string"}}],"inLanguage":"fr-BE"},{"@type":"Organization","@id":"https:\/\/newmobility.news\/#organization","name":"Agence de presse B2BNews","url":"https:\/\/newmobility.news\/","logo":{"@type":"ImageObject","inLanguage":"fr-BE","@id":"https:\/\/newmobility.news\/#\/schema\/logo\/image\/","url":"https:\/\/newmobility.news\/wp-content\/uploads\/2018\/01\/b2bnews-agency-logo.png","contentUrl":"https:\/\/newmobility.news\/wp-content\/uploads\/2018\/01\/b2bnews-agency-logo.png","width":"581","height":"117","caption":"B2BNews Agency"},"image":{"@id":"https:\/\/newmobility.news\/#\/schema\/logo\/image\/"},"sameAs":["https:\/\/www.facebook.com\/search\/top\/?q=newmobility.news","https:\/\/x.com\/jorisvry","https:\/\/www.linkedin.com\/in\/jorisvanroy\/","https:\/\/nl.pinterest.com\/jorisvanroy\/"]},{"@type":"Person","@id":"https:\/\/newmobility.news\/#\/schema\/person\/993f2da7cd774079044984132dee0ef0","name":"Joris Van Roy","image":{"@type":"ImageObject","inLanguage":"fr-BE","@id":"https:\/\/secure.gravatar.com\/avatar\/b82919546c1cd9980bd2bc08f09d294c7cb92b3addd23cb9a4377a7b88b4349b?s=96&d=mm&r=g","url":"https:\/\/secure.gravatar.com\/avatar\/b82919546c1cd9980bd2bc08f09d294c7cb92b3addd23cb9a4377a7b88b4349b?s=96&d=mm&r=g","contentUrl":"https:\/\/secure.gravatar.com\/avatar\/b82919546c1cd9980bd2bc08f09d294c7cb92b3addd23cb9a4377a7b88b4349b?s=96&d=mm&r=g","caption":"Joris Van Roy"},"url":"https:\/\/newmobility.news\/fr\/author\/jorisximcom-be\/"}]}},"jetpack_publicize_connections":[],"jetpack_shortlink":"https:\/\/wp.me\/p9wJdU-MUH","jetpack_sharing_enabled":true,"jetpack_likes_enabled":true,"jetpack-related-posts":[],"jetpack_featured_media_url":"https:\/\/i0.wp.com\/newmobility.news\/wp-content\/uploads\/2026\/06\/powerdot-zulte.png?fit=1920%2C1111&ssl=1","_links":{"self":[{"href":"https:\/\/newmobility.news\/fr\/wp-json\/wp\/v2\/posts\/188027","targetHints":{"allow":["GET"]}}],"collection":[{"href":"https:\/\/newmobility.news\/fr\/wp-json\/wp\/v2\/posts"}],"about":[{"href":"https:\/\/newmobility.news\/fr\/wp-json\/wp\/v2\/types\/post"}],"author":[{"embeddable":true,"href":"https:\/\/newmobility.news\/fr\/wp-json\/wp\/v2\/users\/21"}],"replies":[{"embeddable":true,"href":"https:\/\/newmobility.news\/fr\/wp-json\/wp\/v2\/comments?post=188027"}],"version-history":[{"count":3,"href":"https:\/\/newmobility.news\/fr\/wp-json\/wp\/v2\/posts\/188027\/revisions"}],"predecessor-version":[{"id":188086,"href":"https:\/\/newmobility.news\/fr\/wp-json\/wp\/v2\/posts\/188027\/revisions\/188086"}],"wp:featuredmedia":[{"embeddable":true,"href":"https:\/\/newmobility.news\/fr\/wp-json\/wp\/v2\/media\/188030"}],"wp:attachment":[{"href":"https:\/\/newmobility.news\/fr\/wp-json\/wp\/v2\/media?parent=188027"}],"wp:term":[{"taxonomy":"category","embeddable":true,"href":"https:\/\/newmobility.news\/fr\/wp-json\/wp\/v2\/categories?post=188027"},{"taxonomy":"post_tag","embeddable":true,"href":"https:\/\/newmobility.news\/fr\/wp-json\/wp\/v2\/tags?post=188027"}],"curies":[{"name":"wp","href":"https:\/\/api.w.org\/{rel}","templated":true}]}}